{"id":917,"date":"2019-02-01T15:16:22","date_gmt":"2019-02-01T15:16:22","guid":{"rendered":"http:\/\/paju.org\/?p=917"},"modified":"2022-03-02T15:59:03","modified_gmt":"2022-03-02T15:59:03","slug":"les-amis-de-freeland-ne-sont-guere-les-amis-des-juifs-canadiens","status":"publish","type":"post","link":"https:\/\/paju.org\/fr\/les-amis-de-freeland-ne-sont-guere-les-amis-des-juifs-canadiens\/","title":{"rendered":"\u00ab QUE CESSE L\u2019OCCUPATION ! \u00bb No. 938"},"content":{"rendered":"<h3>Les \u00ab amis \u00bb de Freeland ne sont gu\u00e8re les amis des juifs canadiens<\/h3>\n<p><em>De 1917 \u00e0 1921, suite de la d\u00e9claration d\u2019ind\u00e9pendance de l\u2019Ukraine qui survient peu apr\u00e8s la r\u00e9volution russe, des pogroms contre les juifs ont continu\u00e9 \u00e0 avoir lieu en Ukraine. On estime que de 35 000 \u00e0 50 000 juifs ont \u00e9t\u00e9 tu\u00e9s au cours de cette p\u00e9riode.<img loading=\"lazy\" decoding=\"async\" class=\"size-medium wp-image-916 alignright\" src=\"http:\/\/paju.org\/wp-content\/uploads\/2019\/02\/938-300x153.jpg\" alt=\"\" width=\"300\" height=\"153\" srcset=\"https:\/\/paju.org\/wp-content\/uploads\/2019\/02\/938-300x153.jpg 300w, https:\/\/paju.org\/wp-content\/uploads\/2019\/02\/938-768x391.jpg 768w, https:\/\/paju.org\/wp-content\/uploads\/2019\/02\/938-1024x521.jpg 1024w, https:\/\/paju.org\/wp-content\/uploads\/2019\/02\/938.jpg 1180w\" sizes=\"(max-width: 300px) 100vw, 300px\" \/><\/em><\/p>\n<p><em>\u00ab Le total des pertes civiles au cours de la Seconde Guerre mondiale et de l&#8217;occupation allemande en Ukraine est estim\u00e9 \u00e0 sept millions, dont plus d&#8217;un million de juifs abattus par les Einsatzgruppen (SS) et leurs nombreux sympathisants ukrainiens locaux dans l&#8217;ouest de l&#8217;Ukraine. L\u2019Ukraine comptait 840 000 juifs en 1959, soit une diminution d\u2019environ 70% par rapport \u00e0 1941\u2026 La majorit\u00e9 des juifs rest\u00e9s en Ukraine l\u2019ont quitt\u00e9 en 1989 et se sont install\u00e9s dans d\u2019autres pays (principalement en Isra\u00ebl) dans les ann\u00e9es 1990\u2026\u00bb (<a href=\"https:\/\/en.wikipedia.org\/wiki\/History_of_the_Jews_in_Ukraine\">https:\/\/en.wikipedia.org\/wiki\/History_of_the_Jews_in_Ukraine<\/a>).<\/em><!--more--><\/p>\n<p><em>Du c\u00f4t\u00e9 de ma famille, mes grands-parents paternels \u00e9taient des juifs ukrainiens. Mon grand-p\u00e8re paternel \u00e9tait originaire d&#8217;Odessa et ma grand-m\u00e8re paternelle \u00e9tait originaire de Kiev. Je suis bien inform\u00e9 sur le nationalisme ukrainien de droite; mes grands-parents s&#8217;en sont \u00e9chapp\u00e9s en \u00e9migrant au Canada au d\u00e9but du 20e si\u00e8cle. Le soutien inconditionnel et aveugle au nationalisme ukrainien tel que le pr\u00e9conise le ministre des Affaires \u00e9trang\u00e8res du Canada est donc un sujet de discorde. <u>Il \u00e9met beaucoup de critiques \u00e0 l\u2019\u00e9gard de la Russie de Poutine mais pas un seul mot par rapport \u00e0 ces \u00e9l\u00e9ments n\u00e9o-nazis au sein de l\u2019\u00e9lite politique ukrainienne et leurs forces militaires de la part de la ministre Freeland.<\/u><\/em><\/p>\n<p><em>Bruce Katz<\/em><\/p>\n<p><em>PAJU<\/em><\/p>\n<p>Le 17 d\u00e9cembre, la synagogue Beth Tzedec de Toronto, ainsi que le temple Holy Blossom (o\u00f9 j&#8217;ai assist\u00e9 \u00e0 une \u00e9cole religieuse) ont anim\u00e9 une conf\u00e9rence de la ministre des Affaires \u00e9trang\u00e8res du Canada, Chrystia Freeland.<\/p>\n<p>Elle \u00e9tait f\u00eat\u00e9e \u00e0 titre d\u2019amie d&#8217;Isra\u00ebl et de la communaut\u00e9 juive. Mais nous devons nous pr\u00e9occuper de ses autres amis. Freeland soutient sans r\u00e9serve l\u2019Ukraine et son gouvernement. Cependant, il y a moins de neuf mois, 40 militants isra\u00e9liens des droits de la personne \u00a0ont adress\u00e9 une p\u00e9tition \u00e0 la Haute Cour de justice isra\u00e9lienne pour demander que l\u2019on mette fin aux ventes d&#8217;armes isra\u00e9liennes \u00e0 l&#8217;Ukraine, comme le rapporte le quotidien isra\u00e9lien <em>Haaretz <\/em>en juillet (<a href=\"https:\/\/www.haaretz.com\/israel-news\/rights-groups-demand-israel-stop-arming-neo-nazis-in-the-ukraine-1.6248727\">https:\/\/www.haaretz.com\/israel-news\/rights-groups-demand-israel-stop-arming-neo-nazis-in-the-ukraine-1.6248727<\/a>).<\/p>\n<p>La communaut\u00e9 isra\u00e9lienne des droits de la personne a affirm\u00e9 que ces armes \u00e9taient destin\u00e9es \u00e0 des forces qui adh\u00e8rent ouvertement \u00e0 une id\u00e9ologie n\u00e9onazie. Une partie des forces arm\u00e9es ukrainiennes, la milice de droite Azov, form\u00e9e en 2014, utilise ces armes. Les groupes de d\u00e9fense des droits de l&#8217;homme soutiennent que les membres de ces milices sont soup\u00e7onn\u00e9s de crimes de guerre, de torture et de violences sexuelles.<\/p>\n<p>La milice Azov compte plus de 3000 membres qui utilisent le salut nazi et portent des croix gamm\u00e9es et des insignes SS, selon <em>Haaretz<\/em>. Certains admettent ouvertement qu&#8217;ils ont des sympathies n\u00e9onazies et nient l&#8217;Holocauste. Cette milice est issue du groupe patriote ukrainien ouvertement n\u00e9o-nazi, aujourd&#8217;hui disparu. Son fondateur, Andriy Biletsky, ancien dirigeant de ce groupe est depuis membre du parlement ukrainien.<\/p>\n<p>Comme le rapporte <em>Haaretz<\/em>, Biletsky a d\u00e9clar\u00e9: \u00ab La mission historique de notre pays en ce moment critique est de diriger la derni\u00e8re marche de la race blanche vers sa survie. Il s&#8217;agit d&#8217;une marche contre les sous-humains dirig\u00e9s par la race s\u00e9mite \u00bb.<\/p>\n<p>Un autre membre du parlement ukrainien a r\u00e9pondu au \u00ab probl\u00e8me juif\u00bb de l&#8217;Ukraine en d\u00e9clarant publiquement que\u00a0 \u00ab dans le gouvernement, il y a du sang non ukrainien, il faut en tenir compte \u00bb.<\/p>\n<p>Le 2 mai 2018, des groupes de droite, dont Azov, ont d\u00e9fil\u00e9 \u00e0 travers Odessa. Leurs dirigeants ont d\u00e9clar\u00e9 qu&#8217;Odessa appartenait aux Ukrainiens, non \u00e0 des juifs, et ont promis de d\u00e9barrasser la ville de juifs. Cela s&#8217;est produit alors que l&#8217;administration ukrainienne tentait de nier le r\u00f4le de l&#8217;Ukraine dans l&#8217;Holocauste.<strong> Le r\u00f4le de la Pologne dans l&#8217;Holocauste a \u00e9t\u00e9 minimis\u00e9 ou ni\u00e9 avec le soutien du gouvernement isra\u00e9lien<\/strong>. En Ukraine, la multiplication d&#8217;incidents antis\u00e9mites tels que des attaques contre des juifs et des sites comm\u00e9moratifs juifs, ainsi que des attaques contre des journalistes, des Roms et des membres de la communaut\u00e9 LGBTQ, peuvent \u00eatre attribu\u00e9es \u00e0 la mont\u00e9e d&#8217;Azov.<\/p>\n<p>En tant que juive, ma question est la suivante: La ministre Freeland va-t-elle r\u00e9primander s\u00e9v\u00e8rement l&#8217;Ukraine ou la Pologne, tel qu\u2019elle l\u2019a fait pour le pr\u00e9sident russe Vladimir Poutine (<a href=\"https:\/\/www.theglobeandmail.com\/news\/politics\/freeland-condemns-russian-aggression-in-crimea-prompting-moscow-backlash\/article34322114\/\">https:\/\/www.theglobeandmail.com\/news\/politics\/freeland-condemns-russian-aggression-in-crimea-prompting-moscow-backlash\/article34322114\/<\/a>)\u00a0 apr\u00e8s la\u00a0 \u00ab grave \u00a0r\u00e9pression des droits de la personne \u00bb \u00a0par les forces russes qui ont occup\u00e9 et annex\u00e9 la Crim\u00e9e?<\/p>\n<p>Certains experts politiques canadiens appellent Chrystia Freeland l\u2019\u00ab honorable ministre de l&#8217;Ukraine\u00bb, ce qui convient parfaitement.<\/p>\n<p><strong><em>Judy Haiven est membre fondateur de Voix juives ind\u00e9pendantes Canada. Elle est professeure de gestion \u00e0 la retraite \u00e0 l&#8217;Universit\u00e9 Saint Mary&#8217;s, \u00e0 Halifax, Nouvelle \u00c9cosse.<\/em><\/strong><\/p>\n<p><strong>Adapt\u00e9 de\u00a0:<\/strong> <a href=\"http:\/\/rabble.ca\/blogs\/bloggers\/independent-jewish-voices-canada\/2018\/12\/friends-freelands-hardly-friends-canadian\">http:\/\/rabble.ca\/blogs\/bloggers\/independent-jewish-voices-canada\/2018\/12\/friends-freelands-hardly-friends-canadian<\/a><\/p>\n<p><strong>Voir aussi\u00a0: \u00ab<\/strong><em>Chrystia Freeland\u2019s granddad was indeed a Nazi collaborator\u2013 so much for Russian disinformation<\/em>\u00bb <a href=\"https:\/\/ottawacitizen.com\/news\/national\/defence-watch\/chrystia-freelands-granddad-was-indeed-a-nazi-collaborator-so-much-for-russian-disinformation\">https:\/\/ottawacitizen.com\/news\/national\/defence-watch\/chrystia-freelands-granddad-was-indeed-a-nazi-collaborator-so-much-for-russian-disinformation<\/a><\/p>\n<p><strong>Et:<\/strong> \u00ab<em>Chrystia Freeland and the Russian disinformation bogeyman<\/em>\u00bb <a href=\"https:\/\/www.thestar.com\/opinion\/commentary\/2017\/03\/15\/chrystia-freeland-and-the-russian-disinformation-bogeyman-walkom.html\">https:\/\/www.thestar.com\/opinion\/commentary\/2017\/03\/15\/chrystia-freeland-and-the-russian-disinformation-bogeyman-walkom.html<\/a><\/p>\n<p><strong>DISTRIBU\u00c9 PAR PAJU (PALESTINIENS ET JUIFS UNIS)<\/strong><\/p>\n<p><strong>WWW.PAJUMONTREAL.ORG<\/strong><\/p>\n","protected":false},"excerpt":{"rendered":"<p>Les \u00ab amis \u00bb de Freeland ne sont gu\u00e8re les amis des juifs canadiens De 1917 \u00e0 1921, suite de la d\u00e9claration d\u2019ind\u00e9pendance de l\u2019Ukraine qui survient peu apr\u00e8s la [&hellip;]<\/p>\n","protected":false},"author":1,"featured_media":0,"comment_status":"closed","ping_status":"closed","sticky":false,"template":"","format":"standard","meta":{"_acf_changed":false,"_et_pb_use_builder":"","_et_pb_old_content":"","_et_gb_content_width":"","footnotes":""},"categories":[94],"tags":[],"class_list":["post-917","post","type-post","status-publish","format-standard","hentry","category-bulletin-fr"],"acf":[],"yoast_head":"<!-- This site is optimized with the Yoast SEO plugin v25.8 - https:\/\/yoast.com\/wordpress\/plugins\/seo\/ -->\n<title>\u00ab QUE CESSE L\u2019OCCUPATION ! \u00bb No. 938 - PAJU<\/title>\n<meta name=\"robots\" content=\"index, follow, max-snippet:-1, max-image-preview:large, max-video-preview:-1\" \/>\n<link rel=\"canonical\" href=\"https:\/\/paju.org\/fr\/les-amis-de-freeland-ne-sont-guere-les-amis-des-juifs-canadiens\/\" \/>\n<meta property=\"og:locale\" content=\"fr_FR\" \/>\n<meta property=\"og:type\" content=\"article\" \/>\n<meta property=\"og:title\" content=\"\u00ab QUE CESSE L\u2019OCCUPATION ! \u00bb No. 938 - PAJU\" \/>\n<meta property=\"og:description\" content=\"Les \u00ab amis \u00bb de Freeland ne sont gu\u00e8re les amis des juifs canadiens De 1917 \u00e0 1921, suite de la d\u00e9claration d\u2019ind\u00e9pendance de l\u2019Ukraine qui survient peu apr\u00e8s la [&hellip;]\" \/>\n<meta property=\"og:site_name\" content=\"PAJU\" \/>\n<meta property=\"article:publisher\" content=\"https:\/\/www.facebook.com\/pajumontreal\" \/>\n<meta property=\"article:published_time\" content=\"2019-02-01T15:16:22+00:00\" \/>\n<meta property=\"article:modified_time\" content=\"2022-03-02T15:59:03+00:00\" \/>\n<meta property=\"og:image\" content=\"https:\/\/paju.org\/wp-content\/uploads\/2022\/02\/tract-picket.jpg\" \/>\n\t<meta property=\"og:image:width\" content=\"960\" \/>\n\t<meta property=\"og:image:height\" content=\"720\" \/>\n\t<meta property=\"og:image:type\" content=\"image\/jpeg\" \/>\n<meta name=\"author\" content=\"PAJU\" \/>\n<meta name=\"twitter:card\" content=\"summary_large_image\" \/>\n<meta name=\"twitter:label1\" content=\"\u00c9crit par\" \/>\n\t<meta name=\"twitter:data1\" content=\"PAJU\" \/>\n\t<meta name=\"twitter:label2\" content=\"Dur\u00e9e de lecture estim\u00e9e\" \/>\n\t<meta name=\"twitter:data2\" content=\"5 minutes\" \/>\n<script type=\"application\/ld+json\" class=\"yoast-schema-graph\">{\"@context\":\"https:\/\/schema.org\",\"@graph\":[{\"@type\":\"Article\",\"@id\":\"https:\/\/paju.org\/fr\/les-amis-de-freeland-ne-sont-guere-les-amis-des-juifs-canadiens\/#article\",\"isPartOf\":{\"@id\":\"https:\/\/paju.org\/fr\/les-amis-de-freeland-ne-sont-guere-les-amis-des-juifs-canadiens\/\"},\"author\":{\"name\":\"PAJU\",\"@id\":\"https:\/\/paju.org\/fr\/#\/schema\/person\/329c80ae8a3b11562a4f709eaa6ebfc6\"},\"headline\":\"\u00ab QUE CESSE L\u2019OCCUPATION ! \u00bb No. 938\",\"datePublished\":\"2019-02-01T15:16:22+00:00\",\"dateModified\":\"2022-03-02T15:59:03+00:00\",\"mainEntityOfPage\":{\"@id\":\"https:\/\/paju.org\/fr\/les-amis-de-freeland-ne-sont-guere-les-amis-des-juifs-canadiens\/\"},\"wordCount\":947,\"publisher\":{\"@id\":\"https:\/\/paju.org\/fr\/#organization\"},\"image\":{\"@id\":\"https:\/\/paju.org\/fr\/les-amis-de-freeland-ne-sont-guere-les-amis-des-juifs-canadiens\/#primaryimage\"},\"thumbnailUrl\":\"http:\/\/paju.org\/wp-content\/uploads\/2019\/02\/938-300x153.jpg\",\"articleSection\":[\"Notre bulletin\"],\"inLanguage\":\"fr-FR\"},{\"@type\":\"WebPage\",\"@id\":\"https:\/\/paju.org\/fr\/les-amis-de-freeland-ne-sont-guere-les-amis-des-juifs-canadiens\/\",\"url\":\"https:\/\/paju.org\/fr\/les-amis-de-freeland-ne-sont-guere-les-amis-des-juifs-canadiens\/\",\"name\":\"\u00ab QUE CESSE L\u2019OCCUPATION ! \u00bb No. 938 - PAJU\",\"isPartOf\":{\"@id\":\"https:\/\/paju.org\/fr\/#website\"},\"primaryImageOfPage\":{\"@id\":\"https:\/\/paju.org\/fr\/les-amis-de-freeland-ne-sont-guere-les-amis-des-juifs-canadiens\/#primaryimage\"},\"image\":{\"@id\":\"https:\/\/paju.org\/fr\/les-amis-de-freeland-ne-sont-guere-les-amis-des-juifs-canadiens\/#primaryimage\"},\"thumbnailUrl\":\"http:\/\/paju.org\/wp-content\/uploads\/2019\/02\/938-300x153.jpg\",\"datePublished\":\"2019-02-01T15:16:22+00:00\",\"dateModified\":\"2022-03-02T15:59:03+00:00\",\"breadcrumb\":{\"@id\":\"https:\/\/paju.org\/fr\/les-amis-de-freeland-ne-sont-guere-les-amis-des-juifs-canadiens\/#breadcrumb\"},\"inLanguage\":\"fr-FR\",\"potentialAction\":[{\"@type\":\"ReadAction\",\"target\":[\"https:\/\/paju.org\/fr\/les-amis-de-freeland-ne-sont-guere-les-amis-des-juifs-canadiens\/\"]}]},{\"@type\":\"ImageObject\",\"inLanguage\":\"fr-FR\",\"@id\":\"https:\/\/paju.org\/fr\/les-amis-de-freeland-ne-sont-guere-les-amis-des-juifs-canadiens\/#primaryimage\",\"url\":\"http:\/\/paju.org\/wp-content\/uploads\/2019\/02\/938-300x153.jpg\",\"contentUrl\":\"http:\/\/paju.org\/wp-content\/uploads\/2019\/02\/938-300x153.jpg\"},{\"@type\":\"BreadcrumbList\",\"@id\":\"https:\/\/paju.org\/fr\/les-amis-de-freeland-ne-sont-guere-les-amis-des-juifs-canadiens\/#breadcrumb\",\"itemListElement\":[{\"@type\":\"ListItem\",\"position\":1,\"name\":\"Home\",\"item\":\"https:\/\/paju.org\/fr\/\"},{\"@type\":\"ListItem\",\"position\":2,\"name\":\"\u00ab QUE CESSE L\u2019OCCUPATION ! \u00bb No. 938\"}]},{\"@type\":\"WebSite\",\"@id\":\"https:\/\/paju.org\/fr\/#website\",\"url\":\"https:\/\/paju.org\/fr\/\",\"name\":\"PAJU\",\"description\":\"\",\"publisher\":{\"@id\":\"https:\/\/paju.org\/fr\/#organization\"},\"potentialAction\":[{\"@type\":\"SearchAction\",\"target\":{\"@type\":\"EntryPoint\",\"urlTemplate\":\"https:\/\/paju.org\/fr\/?s={search_term_string}\"},\"query-input\":{\"@type\":\"PropertyValueSpecification\",\"valueRequired\":true,\"valueName\":\"search_term_string\"}}],\"inLanguage\":\"fr-FR\"},{\"@type\":\"Organization\",\"@id\":\"https:\/\/paju.org\/fr\/#organization\",\"name\":\"Palestinian and Jewish Unity\",\"url\":\"https:\/\/paju.org\/fr\/\",\"logo\":{\"@type\":\"ImageObject\",\"inLanguage\":\"fr-FR\",\"@id\":\"https:\/\/paju.org\/fr\/#\/schema\/logo\/image\/\",\"url\":\"https:\/\/paju.org\/wp-content\/uploads\/PAJU-Logo.png\",\"contentUrl\":\"https:\/\/paju.org\/wp-content\/uploads\/PAJU-Logo.png\",\"width\":696,\"height\":293,\"caption\":\"Palestinian and Jewish Unity\"},\"image\":{\"@id\":\"https:\/\/paju.org\/fr\/#\/schema\/logo\/image\/\"},\"sameAs\":[\"https:\/\/www.facebook.com\/pajumontreal\",\"https:\/\/www.instagram.com\/pajumontreal\/\"]},{\"@type\":\"Person\",\"@id\":\"https:\/\/paju.org\/fr\/#\/schema\/person\/329c80ae8a3b11562a4f709eaa6ebfc6\",\"name\":\"PAJU\",\"image\":{\"@type\":\"ImageObject\",\"inLanguage\":\"fr-FR\",\"@id\":\"https:\/\/paju.org\/fr\/#\/schema\/person\/image\/\",\"url\":\"https:\/\/secure.gravatar.com\/avatar\/add00ab44460a1b9b8dcff1854bb07dba0ac5e3135473daf39201d280ad20f18?s=96&d=mm&r=g\",\"contentUrl\":\"https:\/\/secure.gravatar.com\/avatar\/add00ab44460a1b9b8dcff1854bb07dba0ac5e3135473daf39201d280ad20f18?s=96&d=mm&r=g\",\"caption\":\"PAJU\"},\"url\":\"https:\/\/paju.org\/fr\/author\/chadi\/\"}]}<\/script>\n<!-- \/ Yoast SEO plugin. -->","yoast_head_json":{"title":"\u00ab QUE CESSE L\u2019OCCUPATION ! \u00bb No. 938 - PAJU","robots":{"index":"index","follow":"follow","max-snippet":"max-snippet:-1","max-image-preview":"max-image-preview:large","max-video-preview":"max-video-preview:-1"},"canonical":"https:\/\/paju.org\/fr\/les-amis-de-freeland-ne-sont-guere-les-amis-des-juifs-canadiens\/","og_locale":"fr_FR","og_type":"article","og_title":"\u00ab QUE CESSE L\u2019OCCUPATION ! \u00bb No. 938 - PAJU","og_description":"Les \u00ab amis \u00bb de Freeland ne sont gu\u00e8re les amis des juifs canadiens De 1917 \u00e0 1921, suite de la d\u00e9claration d\u2019ind\u00e9pendance de l\u2019Ukraine qui survient peu apr\u00e8s la [&hellip;]","og_site_name":"PAJU","article_publisher":"https:\/\/www.facebook.com\/pajumontreal","article_published_time":"2019-02-01T15:16:22+00:00","article_modified_time":"2022-03-02T15:59:03+00:00","og_image":[{"width":960,"height":720,"url":"https:\/\/paju.org\/wp-content\/uploads\/2022\/02\/tract-picket.jpg","type":"image\/jpeg"}],"author":"PAJU","twitter_card":"summary_large_image","twitter_misc":{"\u00c9crit par":"PAJU","Dur\u00e9e de lecture estim\u00e9e":"5 minutes"},"schema":{"@context":"https:\/\/schema.org","@graph":[{"@type":"Article","@id":"https:\/\/paju.org\/fr\/les-amis-de-freeland-ne-sont-guere-les-amis-des-juifs-canadiens\/#article","isPartOf":{"@id":"https:\/\/paju.org\/fr\/les-amis-de-freeland-ne-sont-guere-les-amis-des-juifs-canadiens\/"},"author":{"name":"PAJU","@id":"https:\/\/paju.org\/fr\/#\/schema\/person\/329c80ae8a3b11562a4f709eaa6ebfc6"},"headline":"\u00ab QUE CESSE L\u2019OCCUPATION ! \u00bb No. 938","datePublished":"2019-02-01T15:16:22+00:00","dateModified":"2022-03-02T15:59:03+00:00","mainEntityOfPage":{"@id":"https:\/\/paju.org\/fr\/les-amis-de-freeland-ne-sont-guere-les-amis-des-juifs-canadiens\/"},"wordCount":947,"publisher":{"@id":"https:\/\/paju.org\/fr\/#organization"},"image":{"@id":"https:\/\/paju.org\/fr\/les-amis-de-freeland-ne-sont-guere-les-amis-des-juifs-canadiens\/#primaryimage"},"thumbnailUrl":"http:\/\/paju.org\/wp-content\/uploads\/2019\/02\/938-300x153.jpg","articleSection":["Notre bulletin"],"inLanguage":"fr-FR"},{"@type":"WebPage","@id":"https:\/\/paju.org\/fr\/les-amis-de-freeland-ne-sont-guere-les-amis-des-juifs-canadiens\/","url":"https:\/\/paju.org\/fr\/les-amis-de-freeland-ne-sont-guere-les-amis-des-juifs-canadiens\/","name":"\u00ab QUE CESSE L\u2019OCCUPATION ! \u00bb No. 938 - PAJU","isPartOf":{"@id":"https:\/\/paju.org\/fr\/#website"},"primaryImageOfPage":{"@id":"https:\/\/paju.org\/fr\/les-amis-de-freeland-ne-sont-guere-les-amis-des-juifs-canadiens\/#primaryimage"},"image":{"@id":"https:\/\/paju.org\/fr\/les-amis-de-freeland-ne-sont-guere-les-amis-des-juifs-canadiens\/#primaryimage"},"thumbnailUrl":"http:\/\/paju.org\/wp-content\/uploads\/2019\/02\/938-300x153.jpg","datePublished":"2019-02-01T15:16:22+00:00","dateModified":"2022-03-02T15:59:03+00:00","breadcrumb":{"@id":"https:\/\/paju.org\/fr\/les-amis-de-freeland-ne-sont-guere-les-amis-des-juifs-canadiens\/#breadcrumb"},"inLanguage":"fr-FR","potentialAction":[{"@type":"ReadAction","target":["https:\/\/paju.org\/fr\/les-amis-de-freeland-ne-sont-guere-les-amis-des-juifs-canadiens\/"]}]},{"@type":"ImageObject","inLanguage":"fr-FR","@id":"https:\/\/paju.org\/fr\/les-amis-de-freeland-ne-sont-guere-les-amis-des-juifs-canadiens\/#primaryimage","url":"http:\/\/paju.org\/wp-content\/uploads\/2019\/02\/938-300x153.jpg","contentUrl":"http:\/\/paju.org\/wp-content\/uploads\/2019\/02\/938-300x153.jpg"},{"@type":"BreadcrumbList","@id":"https:\/\/paju.org\/fr\/les-amis-de-freeland-ne-sont-guere-les-amis-des-juifs-canadiens\/#breadcrumb","itemListElement":[{"@type":"ListItem","position":1,"name":"Home","item":"https:\/\/paju.org\/fr\/"},{"@type":"ListItem","position":2,"name":"\u00ab QUE CESSE L\u2019OCCUPATION ! \u00bb No. 938"}]},{"@type":"WebSite","@id":"https:\/\/paju.org\/fr\/#website","url":"https:\/\/paju.org\/fr\/","name":"PAJU","description":"","publisher":{"@id":"https:\/\/paju.org\/fr\/#organization"},"potentialAction":[{"@type":"SearchAction","target":{"@type":"EntryPoint","urlTemplate":"https:\/\/paju.org\/fr\/?s={search_term_string}"},"query-input":{"@type":"PropertyValueSpecification","valueRequired":true,"valueName":"search_term_string"}}],"inLanguage":"fr-FR"},{"@type":"Organization","@id":"https:\/\/paju.org\/fr\/#organization","name":"Palestinian and Jewish Unity","url":"https:\/\/paju.org\/fr\/","logo":{"@type":"ImageObject","inLanguage":"fr-FR","@id":"https:\/\/paju.org\/fr\/#\/schema\/logo\/image\/","url":"https:\/\/paju.org\/wp-content\/uploads\/PAJU-Logo.png","contentUrl":"https:\/\/paju.org\/wp-content\/uploads\/PAJU-Logo.png","width":696,"height":293,"caption":"Palestinian and Jewish Unity"},"image":{"@id":"https:\/\/paju.org\/fr\/#\/schema\/logo\/image\/"},"sameAs":["https:\/\/www.facebook.com\/pajumontreal","https:\/\/www.instagram.com\/pajumontreal\/"]},{"@type":"Person","@id":"https:\/\/paju.org\/fr\/#\/schema\/person\/329c80ae8a3b11562a4f709eaa6ebfc6","name":"PAJU","image":{"@type":"ImageObject","inLanguage":"fr-FR","@id":"https:\/\/paju.org\/fr\/#\/schema\/person\/image\/","url":"https:\/\/secure.gravatar.com\/avatar\/add00ab44460a1b9b8dcff1854bb07dba0ac5e3135473daf39201d280ad20f18?s=96&d=mm&r=g","contentUrl":"https:\/\/secure.gravatar.com\/avatar\/add00ab44460a1b9b8dcff1854bb07dba0ac5e3135473daf39201d280ad20f18?s=96&d=mm&r=g","caption":"PAJU"},"url":"https:\/\/paju.org\/fr\/author\/chadi\/"}]}},"_links":{"self":[{"href":"https:\/\/paju.org\/fr\/wp-json\/wp\/v2\/posts\/917","targetHints":{"allow":["GET"]}}],"collection":[{"href":"https:\/\/paju.org\/fr\/wp-json\/wp\/v2\/posts"}],"about":[{"href":"https:\/\/paju.org\/fr\/wp-json\/wp\/v2\/types\/post"}],"author":[{"embeddable":true,"href":"https:\/\/paju.org\/fr\/wp-json\/wp\/v2\/users\/1"}],"replies":[{"embeddable":true,"href":"https:\/\/paju.org\/fr\/wp-json\/wp\/v2\/comments?post=917"}],"version-history":[{"count":4,"href":"https:\/\/paju.org\/fr\/wp-json\/wp\/v2\/posts\/917\/revisions"}],"predecessor-version":[{"id":1800,"href":"https:\/\/paju.org\/fr\/wp-json\/wp\/v2\/posts\/917\/revisions\/1800"}],"wp:attachment":[{"href":"https:\/\/paju.org\/fr\/wp-json\/wp\/v2\/media?parent=917"}],"wp:term":[{"taxonomy":"category","embeddable":true,"href":"https:\/\/paju.org\/fr\/wp-json\/wp\/v2\/categories?post=917"},{"taxonomy":"post_tag","embeddable":true,"href":"https:\/\/paju.org\/fr\/wp-json\/wp\/v2\/tags?post=917"}],"curies":[{"name":"wp","href":"https:\/\/api.w.org\/{rel}","templated":true}]}}