{"id":6596,"date":"2022-09-05T16:13:13","date_gmt":"2022-09-05T20:13:13","guid":{"rendered":"https:\/\/paju.org\/israeli-apartheid-present-at-concordia-university\/"},"modified":"2022-09-05T16:19:31","modified_gmt":"2022-09-05T20:19:31","slug":"israeli-apartheid-present-at-concordia-university","status":"publish","type":"post","link":"https:\/\/paju.org\/fr\/israeli-apartheid-present-at-concordia-university\/","title":{"rendered":"L&rsquo;apartheid isra\u00e9lien pr\u00e9sent \u00e0 l&rsquo;Universit\u00e9 Concordia"},"content":{"rendered":"\n<p>Le mois dernier a \u00e9t\u00e9 difficile pour les personnes organisant une conf\u00e9rence du directeur de <em>The Electronic Intifada<\/em> et auteur de <strong>\u00ab<\/strong>One Country<strong>\u00bb<\/strong> et <strong>\u00ab<\/strong>The Battle for Justice in Palestine<strong>\u00bb<\/strong>, Ali Abunimah, le 15 septembre 2022 \u00e0 l&rsquo;Universit\u00e9 Concordia.<\/p>\n\n\n\n<p>Plus t\u00f4t cet \u00e9t\u00e9, les organisateurs de l&rsquo;\u00e9v\u00e9nement ont r\u00e9serv\u00e9 la salle de conf\u00e9rence (th\u00e9\u00e2tre DB Clarke) o\u00f9 Ali devait prendre la parole. Les organisateurs ont commenc\u00e9 \u00e0 faire de la publicit\u00e9 et \u00e0 se mobiliser pour l&rsquo;\u00e9v\u00e9nement.<\/p>\n\n\n\n<p>Quelques semaines plus tard, ils ont \u00e9t\u00e9 inform\u00e9s que la r\u00e9servation avait \u00e9t\u00e9 annul\u00e9e sans autre explication. Cela a d\u00e9clench\u00e9 une recherche effr\u00e9n\u00e9e de lieux alternatifs \u00e0 l&rsquo;Universit\u00e9 Concordia. En fin de compte, les organisateurs ont pu obtenir un espace \u00e9tudiant au 7e \u00e9tage de l&rsquo;Universit\u00e9 Concordia. Cependant, l&rsquo;Universit\u00e9 a ajout\u00e9 des conditions extr\u00eames pour que cet \u00e9v\u00e9nement aille de l&rsquo;avant, notamment en facturant les organisateurs pour des gardes de s\u00e9curit\u00e9 suppl\u00e9mentaires et en \u00e9rigeant un param\u00e8tre autour de l&rsquo;espace, en ajoutant des points de contr\u00f4le \u00e0 l&rsquo;entr\u00e9e, et en s\u00e9parant l&rsquo;espace avec un mur nouvellement \u00e9rig\u00e9 pour s\u00e9parer les participants du reste de l\u2019espace. La <strong>\u00ab<\/strong>s\u00e9curit\u00e9<strong>\u00bb<\/strong> mise en place est tr\u00e8s famili\u00e8re pour ceux et celles &nbsp;d&rsquo;entre nous qui militent contre l&rsquo;apartheid isra\u00e9lien.<\/p>\n\n\n\n<h4 class=\"wp-block-heading\"><strong><strong>Une longue histoire de soutien \u00e0 l&rsquo;apartheid \u00e0 Concordia<\/strong><\/strong><\/h4>\n\n\n\n<p>Les restrictions et le harc\u00e8lement contre les militants palestiniens des droits de la personne n&rsquo;ont rien de nouveau sur la plupart des campus \u00e0 travers le Canada. Le groupe Solidarit\u00e9 pour les droits humains palestiniens (SDHP) a \u00e9t\u00e9 banni de l&rsquo;Universit\u00e9 McGill, et il est bien connu que l&rsquo;Universit\u00e9 Concordia a \u00e9t\u00e9, et continue d&rsquo;\u00eatre \u00e0 l&rsquo;avant-garde de la r\u00e9pression des organisations palestiniennes de d\u00e9fense des droits humains depuis plus de 20 ans. En effet, faut-il rappeler qu&rsquo;en 2002, l&rsquo;Universit\u00e9 a d\u00e9roul\u00e9 le tapis rouge pour saluer l&rsquo;ancien Premier ministre isra\u00e9lien Benjamin Netanyahou, malgr\u00e9 les appels des groupes universitaires et des citoyens \u00e0 l&rsquo;arr\u00eater et \u00e0 le traduire en justice pour crimes de guerre commis contre les Palestiniens ?<\/p>\n\n\n\n<p>M\u00eame 20 ans apr\u00e8s, et \u00e0 la lumi\u00e8re des r\u00e9centes restrictions impos\u00e9es aux organisations qui d\u00e9fendent les droits humains du peuple palestinien, la question que nous nous posons est la suivante&nbsp;: qu&rsquo;arrive-t-il \u00e0 notre universit\u00e9, une institution d&rsquo;enseignement sup\u00e9rieur, lorsque les voix des militants des droits de l&rsquo;homme sont r\u00e9prim\u00e9es et les crit\u00e8res de relations publiques deviennent plus importants que la cr\u00e9ation d&rsquo;un environnement accueillant pour tous les membres de la communaut\u00e9, quelle que soit leur origine ? Nous posons cette question parce que nous croyons fondamentalement que les universit\u00e9s, les \u00e9tablissements d&rsquo;enseignement sup\u00e9rieur, qui cherchent \u00e0 refl\u00e9ter v\u00e9ritablement leur mission publique, devraient \u00eatre \u00e0 l&rsquo;avant-garde des exp\u00e9riences visant \u00e0 briser les constructions sociales du racisme et de toute autre forme de discrimination. Tout comme ces doctrines ont \u00e9t\u00e9 entrelac\u00e9es avec nos habitudes, coutumes et institutions \u00e0 travers l&rsquo;histoire par des personnes en leur sein&nbsp;; nous pensons que les personnes au sein de ces institutions ont \u00e9galement le pouvoir de rejeter les doctrines racistes et de construire de nouvelles institutions plus libres et plus justes.<\/p>\n\n\n\n<p>Comme indiqu\u00e9, la discrimination raciale sur le campus n&rsquo;est pas un \u00e9v\u00e9nement nouveau : c&rsquo;est le reflet des hypoth\u00e8ses et des normes profond\u00e9ment ancr\u00e9es dans la soci\u00e9t\u00e9 au sein de laquelle elle op\u00e8re. Nous, \u00e0 Palestiniens et juifs unis (PAJU), pensons qu&rsquo;il est important de continuer \u00e0 lutter pour le droit des d\u00e9fenseurs des droits de l&rsquo;homme, y compris les d\u00e9fenseurs des droits de l&rsquo;homme palestiniens, d&rsquo;\u00eatre autoris\u00e9s \u00e0 s&rsquo;organiser sur les campus universitaires \u00e0 travers le pays. Nous tiendrons l&rsquo;\u00e9v\u00e9nement malgr\u00e9 les mesures r\u00e9pressives de l&rsquo;administration universitaire et nous souhaitons profiter de ce moment pour remercier nos partenaires et nos partisanes et partisans &nbsp;d&rsquo;avoir tenu bon, et d&rsquo;avoir fait en sorte que les universit\u00e9s restent des espaces publics accessibles \u00e0 la communaut\u00e9 dans laquelle elles existent. Nous avons h\u00e2te de discuter de la bataille pour la justice en Palestine avec Ali Abunimah et ceux et celles qui assistent \u00e0 la conf\u00e9rence.<\/p>\n\n\n\n<p><strong>Lib\u00e9rez nos campus de l&rsquo;apartheid isra\u00e9lien ! Lib\u00e9rez la Palestine!<\/strong><\/p>\n\n\n\n<p><\/p>\n\n\n\n<p><strong>Pour vous inscrire <\/strong>:<\/p>\n\n\n\n<p class=\"has-background\" style=\"background-color:#eeeeee\"><a href=\"https:\/\/www.eventbrite.ca\/e\/the-battle-for-justice-in-palestine-the-case-for-a-single-democratic-state-tickets-399596743617\" target=\"_blank\" rel=\"noreferrer noopener\">https:\/\/www.eventbrite.ca\/e\/the-battle-for-justice-in-palestine-the-case-for-a-single-democratic-state-tickets-399596743617<\/a><\/p>\n\n\n\n<p><strong>For more info:<\/strong><\/p>\n\n\n\n<p><strong>B\u2019Tselem \u2013 The Israeli Information Center for Human Rights in the Occupied Territories<\/strong><\/p>\n\n\n\n<p><a href=\"https:\/\/www.btselem.org\/topic\/apartheid\">https:\/\/www.btselem.org\/topic\/apartheid<\/a><\/p>\n\n\n\n<p><strong>Amnesty International:<\/strong><\/p>\n\n\n\n<p>Israel\u2019s apartheid against Palestinians: a cruel system of domination and a crime against humanity<\/p>\n\n\n\n<figure class=\"wp-block-embed is-type-wp-embed is-provider-amnesty-international wp-block-embed-amnesty-international\"><div class=\"wp-block-embed__wrapper\">\n<blockquote class=\"wp-embedded-content\" data-secret=\"a07v9abp5B\"><a href=\"https:\/\/www.amnesty.org\/en\/latest\/news\/2022\/02\/israels-apartheid-against-palestinians-a-cruel-system-of-domination-and-a-crime-against-humanity\/\">Israel\u2019s apartheid against Palestinians: a cruel system of domination and a crime against humanity<\/a><\/blockquote><iframe loading=\"lazy\" class=\"wp-embedded-content\" sandbox=\"allow-scripts\" security=\"restricted\" style=\"position: absolute; clip: rect(1px, 1px, 1px, 1px);\" title=\"&#8220;Israel\u2019s apartheid against Palestinians: a cruel system of domination and a crime against humanity&#8221; &#8212; Amnesty International\" src=\"https:\/\/www.amnesty.org\/en\/latest\/news\/2022\/02\/israels-apartheid-against-palestinians-a-cruel-system-of-domination-and-a-crime-against-humanity\/embed\/#?secret=694Ld30wBA#?secret=a07v9abp5B\" data-secret=\"a07v9abp5B\" width=\"600\" height=\"338\" frameborder=\"0\" marginwidth=\"0\" marginheight=\"0\" scrolling=\"no\"><\/iframe>\n<\/div><\/figure>\n\n\n\n<p><strong>Pro-Palestinian voices complain of censorship on US campuses:<\/strong><\/p>\n\n\n\n<p><a href=\"https:\/\/www.thearabweekly.com\/pro-palestinian-voices-complain-censorship-us-campuses\">https:\/\/www.thearabweekly.com\/pro-palestinian-voices-complain-censorship-us-campuses<\/a><\/p>\n\n\n\n<p><strong>Exposed: University of Toronto suppresses pro-Palestinian activism<\/strong><\/p>\n\n\n\n<figure class=\"wp-block-embed is-type-wp-embed is-provider-rabble-ca wp-block-embed-rabble-ca\"><div class=\"wp-block-embed__wrapper\">\n<blockquote class=\"wp-embedded-content\" data-secret=\"k4Hcscu4EE\"><a href=\"https:\/\/rabble.ca\/general\/exposed-university-toronto-suppressed-pro-palestinian-activism\/\">Exposed: University of Toronto suppresses pro-Palestinian activism<\/a><\/blockquote><iframe loading=\"lazy\" class=\"wp-embedded-content\" sandbox=\"allow-scripts\" security=\"restricted\" style=\"position: absolute; clip: rect(1px, 1px, 1px, 1px);\" title=\"&#8220;Exposed: University of Toronto suppresses pro-Palestinian activism&#8221; &#8212; rabble.ca\" src=\"https:\/\/rabble.ca\/general\/exposed-university-toronto-suppressed-pro-palestinian-activism\/embed\/#?secret=uU4m9acoPv#?secret=k4Hcscu4EE\" data-secret=\"k4Hcscu4EE\" width=\"600\" height=\"338\" frameborder=\"0\" marginwidth=\"0\" marginheight=\"0\" scrolling=\"no\"><\/iframe>\n<\/div><\/figure>\n","protected":false},"excerpt":{"rendered":"<p>Le mois dernier a \u00e9t\u00e9 difficile pour les personnes organisant une conf\u00e9rence du directeur de The Electronic Intifada et auteur de \u00abOne Country\u00bb et \u00abThe Battle for Justice in Palestine\u00bb, [&hellip;]<\/p>\n","protected":false},"author":3,"featured_media":6593,"comment_status":"closed","ping_status":"closed","sticky":false,"template":"","format":"standard","meta":{"_acf_changed":false,"_et_pb_use_builder":"","_et_pb_old_content":"","_et_gb_content_width":"","footnotes":""},"categories":[88],"tags":[189,111,112,190,191,116],"class_list":["post-6596","post","type-post","status-publish","format-standard","has-post-thumbnail","hentry","category-communique-de-presse","tag-ali-abunimah-fr","tag-bds-fr","tag-bds-canada-fr","tag-concordia-university-fr","tag-electronic-intifada-fr","tag-israel-fr"],"acf":[],"yoast_head":"<!-- This site is optimized with the Yoast SEO plugin v27.5 - https:\/\/yoast.com\/product\/yoast-seo-wordpress\/ -->\n<title>L&#039;apartheid isra\u00e9lien pr\u00e9sent \u00e0 l&#039;Universit\u00e9 Concordia - PAJU<\/title>\n<meta name=\"description\" content=\"Comme indiqu\u00e9, la discrimination raciale sur le campus n&#039;est pas un \u00e9v\u00e9nement nouveau : c&#039;est le reflet des hypoth\u00e8ses et des normes profond\u00e9ment ancr\u00e9es dans la soci\u00e9t\u00e9 au sein de laquelle elle op\u00e8re. Nous, \u00e0 Palestiniens et juifs unis (PAJU), pensons qu&#039;il est important de continuer \u00e0 lutter pour le droit des d\u00e9fenseurs des droits de l&#039;homme, y compris les d\u00e9fenseurs des droits de l&#039;homme palestiniens, d&#039;\u00eatre autoris\u00e9s \u00e0 s&#039;organiser sur les campus universitaires \u00e0 travers le pays. Nous tiendrons l&#039;\u00e9v\u00e9nement malgr\u00e9 les mesures r\u00e9pressives de l&#039;administration universitaire et nous souhaitons profiter de ce moment pour remercier nos partenaires et nos partisanes et partisans \u00a0d&#039;avoir tenu bon, et d&#039;avoir fait en sorte que les universit\u00e9s restent des espaces publics accessibles \u00e0 la communaut\u00e9 dans laquelle elles existent. Nous avons h\u00e2te de discuter de la bataille pour la justice en Palestine avec Ali Abunimah et ceux et celles qui assistent \u00e0 la conf\u00e9rence.\" \/>\n<meta name=\"robots\" content=\"index, follow, max-snippet:-1, max-image-preview:large, max-video-preview:-1\" \/>\n<link rel=\"canonical\" href=\"https:\/\/paju.org\/fr\/israeli-apartheid-present-at-concordia-university\/\" \/>\n<meta property=\"og:locale\" content=\"fr_FR\" \/>\n<meta property=\"og:type\" content=\"article\" \/>\n<meta property=\"og:title\" content=\"L&#039;apartheid isra\u00e9lien pr\u00e9sent \u00e0 l&#039;Universit\u00e9 Concordia - PAJU\" \/>\n<meta property=\"og:description\" content=\"Comme indiqu\u00e9, la discrimination raciale sur le campus n&#039;est pas un \u00e9v\u00e9nement nouveau : c&#039;est le reflet des hypoth\u00e8ses et des normes profond\u00e9ment ancr\u00e9es dans la soci\u00e9t\u00e9 au sein de laquelle elle op\u00e8re. Nous, \u00e0 Palestiniens et juifs unis (PAJU), pensons qu&#039;il est important de continuer \u00e0 lutter pour le droit des d\u00e9fenseurs des droits de l&#039;homme, y compris les d\u00e9fenseurs des droits de l&#039;homme palestiniens, d&#039;\u00eatre autoris\u00e9s \u00e0 s&#039;organiser sur les campus universitaires \u00e0 travers le pays. Nous tiendrons l&#039;\u00e9v\u00e9nement malgr\u00e9 les mesures r\u00e9pressives de l&#039;administration universitaire et nous souhaitons profiter de ce moment pour remercier nos partenaires et nos partisanes et partisans \u00a0d&#039;avoir tenu bon, et d&#039;avoir fait en sorte que les universit\u00e9s restent des espaces publics accessibles \u00e0 la communaut\u00e9 dans laquelle elles existent. Nous avons h\u00e2te de discuter de la bataille pour la justice en Palestine avec Ali Abunimah et ceux et celles qui assistent \u00e0 la conf\u00e9rence.\" \/>\n<meta property=\"og:site_name\" content=\"PAJU\" \/>\n<meta property=\"article:publisher\" content=\"https:\/\/www.facebook.com\/pajumontreal\" \/>\n<meta property=\"article:published_time\" content=\"2022-09-05T20:13:13+00:00\" \/>\n<meta property=\"article:modified_time\" content=\"2022-09-05T20:19:31+00:00\" \/>\n<meta property=\"og:image\" content=\"https:\/\/paju.org\/wp-content\/uploads\/2022\/09\/Website-art-Ali.png\" \/>\n\t<meta property=\"og:image:width\" content=\"1800\" \/>\n\t<meta property=\"og:image:height\" content=\"1080\" \/>\n\t<meta property=\"og:image:type\" content=\"image\/png\" \/>\n<meta name=\"author\" content=\"Chadi Marouf\" \/>\n<meta name=\"twitter:card\" content=\"summary_large_image\" \/>\n<meta name=\"twitter:label1\" content=\"\u00c9crit par\" \/>\n\t<meta name=\"twitter:data1\" content=\"Chadi Marouf\" \/>\n\t<meta name=\"twitter:label2\" content=\"Dur\u00e9e de lecture estim\u00e9e\" \/>\n\t<meta name=\"twitter:data2\" content=\"4 minutes\" \/>\n<script type=\"application\/ld+json\" class=\"yoast-schema-graph\">{\"@context\":\"https:\\\/\\\/schema.org\",\"@graph\":[{\"@type\":\"Article\",\"@id\":\"https:\\\/\\\/paju.org\\\/fr\\\/israeli-apartheid-present-at-concordia-university\\\/#article\",\"isPartOf\":{\"@id\":\"https:\\\/\\\/paju.org\\\/fr\\\/israeli-apartheid-present-at-concordia-university\\\/\"},\"author\":{\"name\":\"Chadi Marouf\",\"@id\":\"https:\\\/\\\/paju.org\\\/fr\\\/#\\\/schema\\\/person\\\/c3b9a387aae74679e0bd24ceaa44f9eb\"},\"headline\":\"L&rsquo;apartheid isra\u00e9lien pr\u00e9sent \u00e0 l&rsquo;Universit\u00e9 Concordia\",\"datePublished\":\"2022-09-05T20:13:13+00:00\",\"dateModified\":\"2022-09-05T20:19:31+00:00\",\"mainEntityOfPage\":{\"@id\":\"https:\\\/\\\/paju.org\\\/fr\\\/israeli-apartheid-present-at-concordia-university\\\/\"},\"wordCount\":836,\"publisher\":{\"@id\":\"https:\\\/\\\/paju.org\\\/fr\\\/#organization\"},\"image\":{\"@id\":\"https:\\\/\\\/paju.org\\\/fr\\\/israeli-apartheid-present-at-concordia-university\\\/#primaryimage\"},\"thumbnailUrl\":\"https:\\\/\\\/paju.org\\\/wp-content\\\/uploads\\\/2022\\\/09\\\/Website-art-Ali.png\",\"keywords\":[\"Ali Abunimah\",\"BDS\",\"BDS Canada\",\"Concordia University\",\"Electronic Intifada\",\"Israel\"],\"articleSection\":[\"Communiqu\u00e9 de presse\"],\"inLanguage\":\"fr-FR\"},{\"@type\":\"WebPage\",\"@id\":\"https:\\\/\\\/paju.org\\\/fr\\\/israeli-apartheid-present-at-concordia-university\\\/\",\"url\":\"https:\\\/\\\/paju.org\\\/fr\\\/israeli-apartheid-present-at-concordia-university\\\/\",\"name\":\"L'apartheid isra\u00e9lien pr\u00e9sent \u00e0 l'Universit\u00e9 Concordia - PAJU\",\"isPartOf\":{\"@id\":\"https:\\\/\\\/paju.org\\\/fr\\\/#website\"},\"primaryImageOfPage\":{\"@id\":\"https:\\\/\\\/paju.org\\\/fr\\\/israeli-apartheid-present-at-concordia-university\\\/#primaryimage\"},\"image\":{\"@id\":\"https:\\\/\\\/paju.org\\\/fr\\\/israeli-apartheid-present-at-concordia-university\\\/#primaryimage\"},\"thumbnailUrl\":\"https:\\\/\\\/paju.org\\\/wp-content\\\/uploads\\\/2022\\\/09\\\/Website-art-Ali.png\",\"datePublished\":\"2022-09-05T20:13:13+00:00\",\"dateModified\":\"2022-09-05T20:19:31+00:00\",\"description\":\"Comme indiqu\u00e9, la discrimination raciale sur le campus n'est pas un \u00e9v\u00e9nement nouveau : c'est le reflet des hypoth\u00e8ses et des normes profond\u00e9ment ancr\u00e9es dans la soci\u00e9t\u00e9 au sein de laquelle elle op\u00e8re. Nous, \u00e0 Palestiniens et juifs unis (PAJU), pensons qu'il est important de continuer \u00e0 lutter pour le droit des d\u00e9fenseurs des droits de l'homme, y compris les d\u00e9fenseurs des droits de l'homme palestiniens, d'\u00eatre autoris\u00e9s \u00e0 s'organiser sur les campus universitaires \u00e0 travers le pays. Nous tiendrons l'\u00e9v\u00e9nement malgr\u00e9 les mesures r\u00e9pressives de l'administration universitaire et nous souhaitons profiter de ce moment pour remercier nos partenaires et nos partisanes et partisans \u00a0d'avoir tenu bon, et d'avoir fait en sorte que les universit\u00e9s restent des espaces publics accessibles \u00e0 la communaut\u00e9 dans laquelle elles existent. Nous avons h\u00e2te de discuter de la bataille pour la justice en Palestine avec Ali Abunimah et ceux et celles qui assistent \u00e0 la conf\u00e9rence.\",\"breadcrumb\":{\"@id\":\"https:\\\/\\\/paju.org\\\/fr\\\/israeli-apartheid-present-at-concordia-university\\\/#breadcrumb\"},\"inLanguage\":\"fr-FR\",\"potentialAction\":[{\"@type\":\"ReadAction\",\"target\":[\"https:\\\/\\\/paju.org\\\/fr\\\/israeli-apartheid-present-at-concordia-university\\\/\"]}]},{\"@type\":\"ImageObject\",\"inLanguage\":\"fr-FR\",\"@id\":\"https:\\\/\\\/paju.org\\\/fr\\\/israeli-apartheid-present-at-concordia-university\\\/#primaryimage\",\"url\":\"https:\\\/\\\/paju.org\\\/wp-content\\\/uploads\\\/2022\\\/09\\\/Website-art-Ali.png\",\"contentUrl\":\"https:\\\/\\\/paju.org\\\/wp-content\\\/uploads\\\/2022\\\/09\\\/Website-art-Ali.png\",\"width\":1800,\"height\":1080},{\"@type\":\"BreadcrumbList\",\"@id\":\"https:\\\/\\\/paju.org\\\/fr\\\/israeli-apartheid-present-at-concordia-university\\\/#breadcrumb\",\"itemListElement\":[{\"@type\":\"ListItem\",\"position\":1,\"name\":\"Home\",\"item\":\"https:\\\/\\\/paju.org\\\/fr\\\/\"},{\"@type\":\"ListItem\",\"position\":2,\"name\":\"L&#8217;apartheid isra\u00e9lien pr\u00e9sent \u00e0 l&#8217;Universit\u00e9 Concordia\"}]},{\"@type\":\"WebSite\",\"@id\":\"https:\\\/\\\/paju.org\\\/fr\\\/#website\",\"url\":\"https:\\\/\\\/paju.org\\\/fr\\\/\",\"name\":\"PAJU\",\"description\":\"\",\"publisher\":{\"@id\":\"https:\\\/\\\/paju.org\\\/fr\\\/#organization\"},\"potentialAction\":[{\"@type\":\"SearchAction\",\"target\":{\"@type\":\"EntryPoint\",\"urlTemplate\":\"https:\\\/\\\/paju.org\\\/fr\\\/?s={search_term_string}\"},\"query-input\":{\"@type\":\"PropertyValueSpecification\",\"valueRequired\":true,\"valueName\":\"search_term_string\"}}],\"inLanguage\":\"fr-FR\"},{\"@type\":\"Organization\",\"@id\":\"https:\\\/\\\/paju.org\\\/fr\\\/#organization\",\"name\":\"Palestinian and Jewish Unity\",\"url\":\"https:\\\/\\\/paju.org\\\/fr\\\/\",\"logo\":{\"@type\":\"ImageObject\",\"inLanguage\":\"fr-FR\",\"@id\":\"https:\\\/\\\/paju.org\\\/fr\\\/#\\\/schema\\\/logo\\\/image\\\/\",\"url\":\"https:\\\/\\\/paju.org\\\/wp-content\\\/uploads\\\/PAJU-Logo.png\",\"contentUrl\":\"https:\\\/\\\/paju.org\\\/wp-content\\\/uploads\\\/PAJU-Logo.png\",\"width\":696,\"height\":293,\"caption\":\"Palestinian and Jewish Unity\"},\"image\":{\"@id\":\"https:\\\/\\\/paju.org\\\/fr\\\/#\\\/schema\\\/logo\\\/image\\\/\"},\"sameAs\":[\"https:\\\/\\\/www.facebook.com\\\/pajumontreal\",\"https:\\\/\\\/www.instagram.com\\\/pajumontreal\\\/\"]},{\"@type\":\"Person\",\"@id\":\"https:\\\/\\\/paju.org\\\/fr\\\/#\\\/schema\\\/person\\\/c3b9a387aae74679e0bd24ceaa44f9eb\",\"name\":\"Chadi Marouf\",\"image\":{\"@type\":\"ImageObject\",\"inLanguage\":\"fr-FR\",\"@id\":\"https:\\\/\\\/secure.gravatar.com\\\/avatar\\\/f97536f56b9ec342061e5e82639054d3b25286ffe113fdf3485b08f4b9fa43d0?s=96&d=mm&r=g\",\"url\":\"https:\\\/\\\/secure.gravatar.com\\\/avatar\\\/f97536f56b9ec342061e5e82639054d3b25286ffe113fdf3485b08f4b9fa43d0?s=96&d=mm&r=g\",\"contentUrl\":\"https:\\\/\\\/secure.gravatar.com\\\/avatar\\\/f97536f56b9ec342061e5e82639054d3b25286ffe113fdf3485b08f4b9fa43d0?s=96&d=mm&r=g\",\"caption\":\"Chadi Marouf\"},\"url\":\"https:\\\/\\\/paju.org\\\/fr\\\/author\\\/chadi\\\/\"}]}<\/script>\n<!-- \/ Yoast SEO plugin. -->","yoast_head_json":{"title":"L'apartheid isra\u00e9lien pr\u00e9sent \u00e0 l'Universit\u00e9 Concordia - PAJU","description":"Comme indiqu\u00e9, la discrimination raciale sur le campus n'est pas un \u00e9v\u00e9nement nouveau : c'est le reflet des hypoth\u00e8ses et des normes profond\u00e9ment ancr\u00e9es dans la soci\u00e9t\u00e9 au sein de laquelle elle op\u00e8re. Nous, \u00e0 Palestiniens et juifs unis (PAJU), pensons qu'il est important de continuer \u00e0 lutter pour le droit des d\u00e9fenseurs des droits de l'homme, y compris les d\u00e9fenseurs des droits de l'homme palestiniens, d'\u00eatre autoris\u00e9s \u00e0 s'organiser sur les campus universitaires \u00e0 travers le pays. Nous tiendrons l'\u00e9v\u00e9nement malgr\u00e9 les mesures r\u00e9pressives de l'administration universitaire et nous souhaitons profiter de ce moment pour remercier nos partenaires et nos partisanes et partisans \u00a0d'avoir tenu bon, et d'avoir fait en sorte que les universit\u00e9s restent des espaces publics accessibles \u00e0 la communaut\u00e9 dans laquelle elles existent. Nous avons h\u00e2te de discuter de la bataille pour la justice en Palestine avec Ali Abunimah et ceux et celles qui assistent \u00e0 la conf\u00e9rence.","robots":{"index":"index","follow":"follow","max-snippet":"max-snippet:-1","max-image-preview":"max-image-preview:large","max-video-preview":"max-video-preview:-1"},"canonical":"https:\/\/paju.org\/fr\/israeli-apartheid-present-at-concordia-university\/","og_locale":"fr_FR","og_type":"article","og_title":"L'apartheid isra\u00e9lien pr\u00e9sent \u00e0 l'Universit\u00e9 Concordia - PAJU","og_description":"Comme indiqu\u00e9, la discrimination raciale sur le campus n'est pas un \u00e9v\u00e9nement nouveau : c'est le reflet des hypoth\u00e8ses et des normes profond\u00e9ment ancr\u00e9es dans la soci\u00e9t\u00e9 au sein de laquelle elle op\u00e8re. Nous, \u00e0 Palestiniens et juifs unis (PAJU), pensons qu'il est important de continuer \u00e0 lutter pour le droit des d\u00e9fenseurs des droits de l'homme, y compris les d\u00e9fenseurs des droits de l'homme palestiniens, d'\u00eatre autoris\u00e9s \u00e0 s'organiser sur les campus universitaires \u00e0 travers le pays. Nous tiendrons l'\u00e9v\u00e9nement malgr\u00e9 les mesures r\u00e9pressives de l'administration universitaire et nous souhaitons profiter de ce moment pour remercier nos partenaires et nos partisanes et partisans \u00a0d'avoir tenu bon, et d'avoir fait en sorte que les universit\u00e9s restent des espaces publics accessibles \u00e0 la communaut\u00e9 dans laquelle elles existent. Nous avons h\u00e2te de discuter de la bataille pour la justice en Palestine avec Ali Abunimah et ceux et celles qui assistent \u00e0 la conf\u00e9rence.","og_site_name":"PAJU","article_publisher":"https:\/\/www.facebook.com\/pajumontreal","article_published_time":"2022-09-05T20:13:13+00:00","article_modified_time":"2022-09-05T20:19:31+00:00","og_image":[{"width":1800,"height":1080,"url":"https:\/\/paju.org\/wp-content\/uploads\/2022\/09\/Website-art-Ali.png","type":"image\/png"}],"author":"Chadi Marouf","twitter_card":"summary_large_image","twitter_misc":{"\u00c9crit par":"Chadi Marouf","Dur\u00e9e de lecture estim\u00e9e":"4 minutes"},"schema":{"@context":"https:\/\/schema.org","@graph":[{"@type":"Article","@id":"https:\/\/paju.org\/fr\/israeli-apartheid-present-at-concordia-university\/#article","isPartOf":{"@id":"https:\/\/paju.org\/fr\/israeli-apartheid-present-at-concordia-university\/"},"author":{"name":"Chadi Marouf","@id":"https:\/\/paju.org\/fr\/#\/schema\/person\/c3b9a387aae74679e0bd24ceaa44f9eb"},"headline":"L&rsquo;apartheid isra\u00e9lien pr\u00e9sent \u00e0 l&rsquo;Universit\u00e9 Concordia","datePublished":"2022-09-05T20:13:13+00:00","dateModified":"2022-09-05T20:19:31+00:00","mainEntityOfPage":{"@id":"https:\/\/paju.org\/fr\/israeli-apartheid-present-at-concordia-university\/"},"wordCount":836,"publisher":{"@id":"https:\/\/paju.org\/fr\/#organization"},"image":{"@id":"https:\/\/paju.org\/fr\/israeli-apartheid-present-at-concordia-university\/#primaryimage"},"thumbnailUrl":"https:\/\/paju.org\/wp-content\/uploads\/2022\/09\/Website-art-Ali.png","keywords":["Ali Abunimah","BDS","BDS Canada","Concordia University","Electronic Intifada","Israel"],"articleSection":["Communiqu\u00e9 de presse"],"inLanguage":"fr-FR"},{"@type":"WebPage","@id":"https:\/\/paju.org\/fr\/israeli-apartheid-present-at-concordia-university\/","url":"https:\/\/paju.org\/fr\/israeli-apartheid-present-at-concordia-university\/","name":"L'apartheid isra\u00e9lien pr\u00e9sent \u00e0 l'Universit\u00e9 Concordia - PAJU","isPartOf":{"@id":"https:\/\/paju.org\/fr\/#website"},"primaryImageOfPage":{"@id":"https:\/\/paju.org\/fr\/israeli-apartheid-present-at-concordia-university\/#primaryimage"},"image":{"@id":"https:\/\/paju.org\/fr\/israeli-apartheid-present-at-concordia-university\/#primaryimage"},"thumbnailUrl":"https:\/\/paju.org\/wp-content\/uploads\/2022\/09\/Website-art-Ali.png","datePublished":"2022-09-05T20:13:13+00:00","dateModified":"2022-09-05T20:19:31+00:00","description":"Comme indiqu\u00e9, la discrimination raciale sur le campus n'est pas un \u00e9v\u00e9nement nouveau : c'est le reflet des hypoth\u00e8ses et des normes profond\u00e9ment ancr\u00e9es dans la soci\u00e9t\u00e9 au sein de laquelle elle op\u00e8re. Nous, \u00e0 Palestiniens et juifs unis (PAJU), pensons qu'il est important de continuer \u00e0 lutter pour le droit des d\u00e9fenseurs des droits de l'homme, y compris les d\u00e9fenseurs des droits de l'homme palestiniens, d'\u00eatre autoris\u00e9s \u00e0 s'organiser sur les campus universitaires \u00e0 travers le pays. Nous tiendrons l'\u00e9v\u00e9nement malgr\u00e9 les mesures r\u00e9pressives de l'administration universitaire et nous souhaitons profiter de ce moment pour remercier nos partenaires et nos partisanes et partisans \u00a0d'avoir tenu bon, et d'avoir fait en sorte que les universit\u00e9s restent des espaces publics accessibles \u00e0 la communaut\u00e9 dans laquelle elles existent. Nous avons h\u00e2te de discuter de la bataille pour la justice en Palestine avec Ali Abunimah et ceux et celles qui assistent \u00e0 la conf\u00e9rence.","breadcrumb":{"@id":"https:\/\/paju.org\/fr\/israeli-apartheid-present-at-concordia-university\/#breadcrumb"},"inLanguage":"fr-FR","potentialAction":[{"@type":"ReadAction","target":["https:\/\/paju.org\/fr\/israeli-apartheid-present-at-concordia-university\/"]}]},{"@type":"ImageObject","inLanguage":"fr-FR","@id":"https:\/\/paju.org\/fr\/israeli-apartheid-present-at-concordia-university\/#primaryimage","url":"https:\/\/paju.org\/wp-content\/uploads\/2022\/09\/Website-art-Ali.png","contentUrl":"https:\/\/paju.org\/wp-content\/uploads\/2022\/09\/Website-art-Ali.png","width":1800,"height":1080},{"@type":"BreadcrumbList","@id":"https:\/\/paju.org\/fr\/israeli-apartheid-present-at-concordia-university\/#breadcrumb","itemListElement":[{"@type":"ListItem","position":1,"name":"Home","item":"https:\/\/paju.org\/fr\/"},{"@type":"ListItem","position":2,"name":"L&#8217;apartheid isra\u00e9lien pr\u00e9sent \u00e0 l&#8217;Universit\u00e9 Concordia"}]},{"@type":"WebSite","@id":"https:\/\/paju.org\/fr\/#website","url":"https:\/\/paju.org\/fr\/","name":"PAJU","description":"","publisher":{"@id":"https:\/\/paju.org\/fr\/#organization"},"potentialAction":[{"@type":"SearchAction","target":{"@type":"EntryPoint","urlTemplate":"https:\/\/paju.org\/fr\/?s={search_term_string}"},"query-input":{"@type":"PropertyValueSpecification","valueRequired":true,"valueName":"search_term_string"}}],"inLanguage":"fr-FR"},{"@type":"Organization","@id":"https:\/\/paju.org\/fr\/#organization","name":"Palestinian and Jewish Unity","url":"https:\/\/paju.org\/fr\/","logo":{"@type":"ImageObject","inLanguage":"fr-FR","@id":"https:\/\/paju.org\/fr\/#\/schema\/logo\/image\/","url":"https:\/\/paju.org\/wp-content\/uploads\/PAJU-Logo.png","contentUrl":"https:\/\/paju.org\/wp-content\/uploads\/PAJU-Logo.png","width":696,"height":293,"caption":"Palestinian and Jewish Unity"},"image":{"@id":"https:\/\/paju.org\/fr\/#\/schema\/logo\/image\/"},"sameAs":["https:\/\/www.facebook.com\/pajumontreal","https:\/\/www.instagram.com\/pajumontreal\/"]},{"@type":"Person","@id":"https:\/\/paju.org\/fr\/#\/schema\/person\/c3b9a387aae74679e0bd24ceaa44f9eb","name":"Chadi Marouf","image":{"@type":"ImageObject","inLanguage":"fr-FR","@id":"https:\/\/secure.gravatar.com\/avatar\/f97536f56b9ec342061e5e82639054d3b25286ffe113fdf3485b08f4b9fa43d0?s=96&d=mm&r=g","url":"https:\/\/secure.gravatar.com\/avatar\/f97536f56b9ec342061e5e82639054d3b25286ffe113fdf3485b08f4b9fa43d0?s=96&d=mm&r=g","contentUrl":"https:\/\/secure.gravatar.com\/avatar\/f97536f56b9ec342061e5e82639054d3b25286ffe113fdf3485b08f4b9fa43d0?s=96&d=mm&r=g","caption":"Chadi Marouf"},"url":"https:\/\/paju.org\/fr\/author\/chadi\/"}]}},"_links":{"self":[{"href":"https:\/\/paju.org\/fr\/wp-json\/wp\/v2\/posts\/6596","targetHints":{"allow":["GET"]}}],"collection":[{"href":"https:\/\/paju.org\/fr\/wp-json\/wp\/v2\/posts"}],"about":[{"href":"https:\/\/paju.org\/fr\/wp-json\/wp\/v2\/types\/post"}],"author":[{"embeddable":true,"href":"https:\/\/paju.org\/fr\/wp-json\/wp\/v2\/users\/3"}],"replies":[{"embeddable":true,"href":"https:\/\/paju.org\/fr\/wp-json\/wp\/v2\/comments?post=6596"}],"version-history":[{"count":1,"href":"https:\/\/paju.org\/fr\/wp-json\/wp\/v2\/posts\/6596\/revisions"}],"predecessor-version":[{"id":6597,"href":"https:\/\/paju.org\/fr\/wp-json\/wp\/v2\/posts\/6596\/revisions\/6597"}],"wp:featuredmedia":[{"embeddable":true,"href":"https:\/\/paju.org\/fr\/wp-json\/wp\/v2\/media\/6593"}],"wp:attachment":[{"href":"https:\/\/paju.org\/fr\/wp-json\/wp\/v2\/media?parent=6596"}],"wp:term":[{"taxonomy":"category","embeddable":true,"href":"https:\/\/paju.org\/fr\/wp-json\/wp\/v2\/categories?post=6596"},{"taxonomy":"post_tag","embeddable":true,"href":"https:\/\/paju.org\/fr\/wp-json\/wp\/v2\/tags?post=6596"}],"curies":[{"name":"wp","href":"https:\/\/api.w.org\/{rel}","templated":true}]}}