{"id":3267,"date":"2021-10-08T07:47:00","date_gmt":"2021-10-08T07:47:00","guid":{"rendered":"http:\/\/paju.org\/?p=3267"},"modified":"2022-03-02T15:56:58","modified_gmt":"2022-03-02T15:56:58","slug":"que-cesse-loccupation-no-1078","status":"publish","type":"post","link":"https:\/\/paju.org\/fr\/que-cesse-loccupation-no-1078\/","title":{"rendered":"\u00ab Que cesse l\u2019occupation \u00bb no. 1078"},"content":{"rendered":"<h3>Nike met fin \u00e0 ses ventes dans les magasins isra\u00e9liens<\/h3>\n<p>Isra\u00ebl a re\u00e7u un coup de marteau du fabricant de v\u00eatements de sport Nike. La m\u00e9ga-marque a annonc\u00e9 qu&#8217;elle mettait fin \u00e0 la vente <img loading=\"lazy\" decoding=\"async\" class=\" wp-image-3266 alignright\" src=\"http:\/\/paju.org\/wp-content\/uploads\/2021\/10\/1078.jpg\" alt=\"\" width=\"199\" height=\"109\" \/>de ses produits dans les magasins de l&#8217;\u00c9tat d&#8217;occupation, une d\u00e9cision salu\u00e9e par les utilisateurs des m\u00e9dias sociaux comme une nouvelle victoire pour la campagne internationale de Boycott, D\u00e9sinvestissement et Sanctions (<a href=\"https:\/\/www.middleeastmonitor.com\/20170316-timeline-international-attempts-to-boycott-bds\/\">BDS<\/a>).<\/p>\n<p>\u00ab Suite \u00e0 un examen complet effectu\u00e9 par l&#8217;entreprise et compte tenu de l&#8217;\u00e9volution du march\u00e9, il a \u00e9t\u00e9 d\u00e9cid\u00e9 que la poursuite de notre relation commerciale entre vous et l&#8217;entreprise ne correspond plus \u00e0 la politique et aux objectifs de l&#8217;entreprise \u00bb, aurait d\u00e9clar\u00e9 Nike dans une lettre envoy\u00e9e aux magasins en Isra\u00ebl.<!--more--><\/p>\n<p>La d\u00e9cision de Nike devrait frapper durement les d\u00e9taillants. \u00c9tant l&#8217;une des marques de sport les plus populaires au monde, ses produits repr\u00e9sentent une part importante des ventes.<\/p>\n<p>Bien que la soci\u00e9t\u00e9 ait apparemment pris la d\u00e9cision conform\u00e9ment \u00e0 son plan mondial de r\u00e9duire le nombre de magasins avec lesquels elle travaille et de canaliser les affaires via son site Web, cette d\u00e9cision a d\u00e9clench\u00e9 un d\u00e9bat en ligne sur ses motivations.<\/p>\n<p>Cette d\u00e9cision fait suite \u00e0 la d\u00e9cision du g\u00e9ant de la cr\u00e8me glac\u00e9e Ben &amp; Jerry&#8217;s de mettre fin \u00e0 ses ventes dans les territoires palestiniens occup\u00e9s. Les fondateurs Bennett Cohen et Jerry Greenfield ont expliqu\u00e9 plus t\u00f4t cette ann\u00e9e pourquoi ils pensaient que la soci\u00e9t\u00e9 \u00ab est du bon c\u00f4t\u00e9 de l&#8217;histoire \u00bb en prenant la d\u00e9cision de boycotter leurs affaires en Cisjordanie occup\u00e9e. Amnesty International a salu\u00e9 la d\u00e9cision, la qualifiant de \u00ab r\u00e9ponse l\u00e9gitime et n\u00e9cessaire, conforme \u00e0 sa responsabilit\u00e9 de respecter le droit international et les droits humains \u00bb.<\/p>\n<p>Avant l&#8217;annonce de Ben &amp; Jerry&#8217;s, plusieurs reportages tr\u00e8s m\u00e9diatis\u00e9s ont conclu qu&#8217;Isra\u00ebl pratiquait l&#8217;apartheid. <a href=\"https:\/\/www.middleeastmonitor.com\/20210426-israel-is-an-apartheid-state-another-report-is-expected-to-conclude\/\">En avril<\/a>, l&#8217;\u00e9minente organisation de d\u00e9fense des droits humains <em>Human Rights Watch<\/em> (HRW) s&#8217;est jointe \u00e0 une foule d&#8217;autres groupes \u00e9minents pour d\u00e9clarer qu&#8217;Isra\u00ebl commettait des crimes d&#8217;apartheid et de pers\u00e9cution.<\/p>\n<p>Avant le rapport de HRW, le groupe isra\u00e9lien de d\u00e9fense des droits humains <a href=\"https:\/\/www.middleeastmonitor.com\/20210112-israel-is-apartheid-state-concludes-major-human-rights-group\/\">B&#8217;Tselem<\/a> a qualifi\u00e9 Isra\u00ebl d&#8217;\u00c9tat \u00ab d&#8217;apartheid \u00bb qui \u00ab encourage et perp\u00e9tue la supr\u00e9matie juive entre la mer M\u00e9diterran\u00e9e et le Jourdain \u00bb. Faisant \u00e9cho au rapport de l&#8217;ONU de 2017 qui concluait qu&#8217;Isra\u00ebl pratiquait l&#8217;apartheid, B&#8217;Tselem a rejet\u00e9 l&#8217;id\u00e9e fausse populaire selon laquelle il s&#8217;agit d&#8217;une d\u00e9mocratie au sein de la ligne verte (armistice de 1949).<\/p>\n<p><a href=\"https:\/\/www.middleeastmonitor.com\/20210610-israel-is-an-apartheid-state-say-ex-israel-envoys-to-south-africa\/\">Dans un article<\/a> de juin, deux anciens ambassadeurs isra\u00e9liens en Afrique du Sud ont \u00e9galement d\u00e9nonc\u00e9 Isra\u00ebl comme un \u00c9tat d&#8217;apartheid en \u00e9tablissant des parall\u00e8les avec le syst\u00e8me de s\u00e9gr\u00e9gation raciale formelle en Afrique du Sud qui a pris fin en 1994. Le message a \u00e9galement \u00e9t\u00e9 adopt\u00e9 par les juifs am\u00e9ricains, un quart d&#8217;entre eux pensent qu&#8217;Isra\u00ebl est un \u00c9tat d&#8217;apartheid, <a href=\"https:\/\/www.middleeastmonitor.com\/20210714-israel-is-an-apartheid-state-say-a-quarter-of-us-jews\/\">selon un rapport r\u00e9cent<\/a>, tout comme pr\u00e8s de <a href=\"https:\/\/www.middleeastmonitor.com\/20210923-israel-practices-apartheid-say-us-academics\/\">deux tiers<\/a> des savants et universitaires am\u00e9ricains.<\/p>\n<p><strong>Adapt\u00e9 de\u00a0:<\/strong> <a href=\"https:\/\/www.middleeastmonitor.com\/20211006-nike-to-end-sales-in-israeli-shops\/\">https:\/\/www.middleeastmonitor.com\/20211006-nike-to-end-sales-in-israeli-shops\/<\/a><\/p>\n<p><strong>Compl\u00e9ment d&#8217;information:<\/strong>\u00a0 <a href=\"https:\/\/forward.com\/news\/476428\/nike-isnt-boycotting-israel-despite-reports-to-the-contrary\/\">https:\/\/forward.com\/news\/476428\/nike-isnt-boycotting-israel-despite-reports-to-the-contrary\/<\/a><\/p>\n<p><strong>DISTRIBU\u00c9 PAR PAJU (PALESTINIENS ET JUIFS UNIS)<\/strong><\/p>\n<p><strong>PAJUMONTREAL.ORG\/FR<\/strong><\/p>\n\n\n<p><\/p>\n","protected":false},"excerpt":{"rendered":"<p>Nike met fin \u00e0 ses ventes dans les magasins isra\u00e9liens Isra\u00ebl a re\u00e7u un coup de marteau du fabricant de v\u00eatements de sport Nike. La m\u00e9ga-marque a annonc\u00e9 qu&#8217;elle mettait [&hellip;]<\/p>\n","protected":false},"author":1,"featured_media":0,"comment_status":"closed","ping_status":"closed","sticky":false,"template":"","format":"standard","meta":{"_acf_changed":false,"_et_pb_use_builder":"","_et_pb_old_content":"","_et_gb_content_width":"","footnotes":""},"categories":[94],"tags":[],"class_list":["post-3267","post","type-post","status-publish","format-standard","hentry","category-bulletin-fr"],"acf":[],"yoast_head":"<!-- This site is optimized with the Yoast SEO plugin v25.8 - https:\/\/yoast.com\/wordpress\/plugins\/seo\/ -->\n<title>\u00ab Que cesse l\u2019occupation \u00bb no. 1078 - PAJU<\/title>\n<meta name=\"robots\" content=\"index, follow, max-snippet:-1, max-image-preview:large, max-video-preview:-1\" \/>\n<link rel=\"canonical\" href=\"https:\/\/paju.org\/fr\/que-cesse-loccupation-no-1078\/\" \/>\n<meta property=\"og:locale\" content=\"fr_FR\" \/>\n<meta property=\"og:type\" content=\"article\" \/>\n<meta property=\"og:title\" content=\"\u00ab Que cesse l\u2019occupation \u00bb no. 1078 - PAJU\" \/>\n<meta property=\"og:description\" content=\"Nike met fin \u00e0 ses ventes dans les magasins isra\u00e9liens Isra\u00ebl a re\u00e7u un coup de marteau du fabricant de v\u00eatements de sport Nike. La m\u00e9ga-marque a annonc\u00e9 qu&#8217;elle mettait [&hellip;]\" \/>\n<meta property=\"og:site_name\" content=\"PAJU\" \/>\n<meta property=\"article:publisher\" content=\"https:\/\/www.facebook.com\/pajumontreal\" \/>\n<meta property=\"article:published_time\" content=\"2021-10-08T07:47:00+00:00\" \/>\n<meta property=\"article:modified_time\" content=\"2022-03-02T15:56:58+00:00\" \/>\n<meta property=\"og:image\" content=\"https:\/\/paju.org\/wp-content\/uploads\/2022\/02\/tract-picket.jpg\" \/>\n\t<meta property=\"og:image:width\" content=\"960\" \/>\n\t<meta property=\"og:image:height\" content=\"720\" \/>\n\t<meta property=\"og:image:type\" content=\"image\/jpeg\" \/>\n<meta name=\"author\" content=\"PAJU\" \/>\n<meta name=\"twitter:card\" content=\"summary_large_image\" \/>\n<meta name=\"twitter:label1\" content=\"\u00c9crit par\" \/>\n\t<meta name=\"twitter:data1\" content=\"PAJU\" \/>\n\t<meta name=\"twitter:label2\" content=\"Dur\u00e9e de lecture estim\u00e9e\" \/>\n\t<meta name=\"twitter:data2\" content=\"3 minutes\" \/>\n<script type=\"application\/ld+json\" class=\"yoast-schema-graph\">{\"@context\":\"https:\/\/schema.org\",\"@graph\":[{\"@type\":\"Article\",\"@id\":\"https:\/\/paju.org\/fr\/que-cesse-loccupation-no-1078\/#article\",\"isPartOf\":{\"@id\":\"https:\/\/paju.org\/fr\/que-cesse-loccupation-no-1078\/\"},\"author\":{\"name\":\"PAJU\",\"@id\":\"https:\/\/paju.org\/fr\/#\/schema\/person\/329c80ae8a3b11562a4f709eaa6ebfc6\"},\"headline\":\"\u00ab Que cesse l\u2019occupation \u00bb no. 1078\",\"datePublished\":\"2021-10-08T07:47:00+00:00\",\"dateModified\":\"2022-03-02T15:56:58+00:00\",\"mainEntityOfPage\":{\"@id\":\"https:\/\/paju.org\/fr\/que-cesse-loccupation-no-1078\/\"},\"wordCount\":590,\"publisher\":{\"@id\":\"https:\/\/paju.org\/fr\/#organization\"},\"image\":{\"@id\":\"https:\/\/paju.org\/fr\/que-cesse-loccupation-no-1078\/#primaryimage\"},\"thumbnailUrl\":\"http:\/\/paju.org\/wp-content\/uploads\/2021\/10\/1078.jpg\",\"articleSection\":[\"Notre bulletin\"],\"inLanguage\":\"fr-FR\"},{\"@type\":\"WebPage\",\"@id\":\"https:\/\/paju.org\/fr\/que-cesse-loccupation-no-1078\/\",\"url\":\"https:\/\/paju.org\/fr\/que-cesse-loccupation-no-1078\/\",\"name\":\"\u00ab Que cesse l\u2019occupation \u00bb no. 1078 - PAJU\",\"isPartOf\":{\"@id\":\"https:\/\/paju.org\/fr\/#website\"},\"primaryImageOfPage\":{\"@id\":\"https:\/\/paju.org\/fr\/que-cesse-loccupation-no-1078\/#primaryimage\"},\"image\":{\"@id\":\"https:\/\/paju.org\/fr\/que-cesse-loccupation-no-1078\/#primaryimage\"},\"thumbnailUrl\":\"http:\/\/paju.org\/wp-content\/uploads\/2021\/10\/1078.jpg\",\"datePublished\":\"2021-10-08T07:47:00+00:00\",\"dateModified\":\"2022-03-02T15:56:58+00:00\",\"breadcrumb\":{\"@id\":\"https:\/\/paju.org\/fr\/que-cesse-loccupation-no-1078\/#breadcrumb\"},\"inLanguage\":\"fr-FR\",\"potentialAction\":[{\"@type\":\"ReadAction\",\"target\":[\"https:\/\/paju.org\/fr\/que-cesse-loccupation-no-1078\/\"]}]},{\"@type\":\"ImageObject\",\"inLanguage\":\"fr-FR\",\"@id\":\"https:\/\/paju.org\/fr\/que-cesse-loccupation-no-1078\/#primaryimage\",\"url\":\"http:\/\/paju.org\/wp-content\/uploads\/2021\/10\/1078.jpg\",\"contentUrl\":\"http:\/\/paju.org\/wp-content\/uploads\/2021\/10\/1078.jpg\"},{\"@type\":\"BreadcrumbList\",\"@id\":\"https:\/\/paju.org\/fr\/que-cesse-loccupation-no-1078\/#breadcrumb\",\"itemListElement\":[{\"@type\":\"ListItem\",\"position\":1,\"name\":\"Home\",\"item\":\"https:\/\/paju.org\/fr\/\"},{\"@type\":\"ListItem\",\"position\":2,\"name\":\"\u00ab Que cesse l\u2019occupation \u00bb no. 1078\"}]},{\"@type\":\"WebSite\",\"@id\":\"https:\/\/paju.org\/fr\/#website\",\"url\":\"https:\/\/paju.org\/fr\/\",\"name\":\"PAJU\",\"description\":\"\",\"publisher\":{\"@id\":\"https:\/\/paju.org\/fr\/#organization\"},\"potentialAction\":[{\"@type\":\"SearchAction\",\"target\":{\"@type\":\"EntryPoint\",\"urlTemplate\":\"https:\/\/paju.org\/fr\/?s={search_term_string}\"},\"query-input\":{\"@type\":\"PropertyValueSpecification\",\"valueRequired\":true,\"valueName\":\"search_term_string\"}}],\"inLanguage\":\"fr-FR\"},{\"@type\":\"Organization\",\"@id\":\"https:\/\/paju.org\/fr\/#organization\",\"name\":\"Palestinian and Jewish Unity\",\"url\":\"https:\/\/paju.org\/fr\/\",\"logo\":{\"@type\":\"ImageObject\",\"inLanguage\":\"fr-FR\",\"@id\":\"https:\/\/paju.org\/fr\/#\/schema\/logo\/image\/\",\"url\":\"https:\/\/paju.org\/wp-content\/uploads\/PAJU-Logo.png\",\"contentUrl\":\"https:\/\/paju.org\/wp-content\/uploads\/PAJU-Logo.png\",\"width\":696,\"height\":293,\"caption\":\"Palestinian and Jewish Unity\"},\"image\":{\"@id\":\"https:\/\/paju.org\/fr\/#\/schema\/logo\/image\/\"},\"sameAs\":[\"https:\/\/www.facebook.com\/pajumontreal\",\"https:\/\/www.instagram.com\/pajumontreal\/\"]},{\"@type\":\"Person\",\"@id\":\"https:\/\/paju.org\/fr\/#\/schema\/person\/329c80ae8a3b11562a4f709eaa6ebfc6\",\"name\":\"PAJU\",\"image\":{\"@type\":\"ImageObject\",\"inLanguage\":\"fr-FR\",\"@id\":\"https:\/\/paju.org\/fr\/#\/schema\/person\/image\/\",\"url\":\"https:\/\/secure.gravatar.com\/avatar\/add00ab44460a1b9b8dcff1854bb07dba0ac5e3135473daf39201d280ad20f18?s=96&d=mm&r=g\",\"contentUrl\":\"https:\/\/secure.gravatar.com\/avatar\/add00ab44460a1b9b8dcff1854bb07dba0ac5e3135473daf39201d280ad20f18?s=96&d=mm&r=g\",\"caption\":\"PAJU\"},\"url\":\"https:\/\/paju.org\/fr\/author\/chadi\/\"}]}<\/script>\n<!-- \/ Yoast SEO plugin. -->","yoast_head_json":{"title":"\u00ab Que cesse l\u2019occupation \u00bb no. 1078 - PAJU","robots":{"index":"index","follow":"follow","max-snippet":"max-snippet:-1","max-image-preview":"max-image-preview:large","max-video-preview":"max-video-preview:-1"},"canonical":"https:\/\/paju.org\/fr\/que-cesse-loccupation-no-1078\/","og_locale":"fr_FR","og_type":"article","og_title":"\u00ab Que cesse l\u2019occupation \u00bb no. 1078 - PAJU","og_description":"Nike met fin \u00e0 ses ventes dans les magasins isra\u00e9liens Isra\u00ebl a re\u00e7u un coup de marteau du fabricant de v\u00eatements de sport Nike. La m\u00e9ga-marque a annonc\u00e9 qu&#8217;elle mettait [&hellip;]","og_site_name":"PAJU","article_publisher":"https:\/\/www.facebook.com\/pajumontreal","article_published_time":"2021-10-08T07:47:00+00:00","article_modified_time":"2022-03-02T15:56:58+00:00","og_image":[{"width":960,"height":720,"url":"https:\/\/paju.org\/wp-content\/uploads\/2022\/02\/tract-picket.jpg","type":"image\/jpeg"}],"author":"PAJU","twitter_card":"summary_large_image","twitter_misc":{"\u00c9crit par":"PAJU","Dur\u00e9e de lecture estim\u00e9e":"3 minutes"},"schema":{"@context":"https:\/\/schema.org","@graph":[{"@type":"Article","@id":"https:\/\/paju.org\/fr\/que-cesse-loccupation-no-1078\/#article","isPartOf":{"@id":"https:\/\/paju.org\/fr\/que-cesse-loccupation-no-1078\/"},"author":{"name":"PAJU","@id":"https:\/\/paju.org\/fr\/#\/schema\/person\/329c80ae8a3b11562a4f709eaa6ebfc6"},"headline":"\u00ab Que cesse l\u2019occupation \u00bb no. 1078","datePublished":"2021-10-08T07:47:00+00:00","dateModified":"2022-03-02T15:56:58+00:00","mainEntityOfPage":{"@id":"https:\/\/paju.org\/fr\/que-cesse-loccupation-no-1078\/"},"wordCount":590,"publisher":{"@id":"https:\/\/paju.org\/fr\/#organization"},"image":{"@id":"https:\/\/paju.org\/fr\/que-cesse-loccupation-no-1078\/#primaryimage"},"thumbnailUrl":"http:\/\/paju.org\/wp-content\/uploads\/2021\/10\/1078.jpg","articleSection":["Notre bulletin"],"inLanguage":"fr-FR"},{"@type":"WebPage","@id":"https:\/\/paju.org\/fr\/que-cesse-loccupation-no-1078\/","url":"https:\/\/paju.org\/fr\/que-cesse-loccupation-no-1078\/","name":"\u00ab Que cesse l\u2019occupation \u00bb no. 1078 - PAJU","isPartOf":{"@id":"https:\/\/paju.org\/fr\/#website"},"primaryImageOfPage":{"@id":"https:\/\/paju.org\/fr\/que-cesse-loccupation-no-1078\/#primaryimage"},"image":{"@id":"https:\/\/paju.org\/fr\/que-cesse-loccupation-no-1078\/#primaryimage"},"thumbnailUrl":"http:\/\/paju.org\/wp-content\/uploads\/2021\/10\/1078.jpg","datePublished":"2021-10-08T07:47:00+00:00","dateModified":"2022-03-02T15:56:58+00:00","breadcrumb":{"@id":"https:\/\/paju.org\/fr\/que-cesse-loccupation-no-1078\/#breadcrumb"},"inLanguage":"fr-FR","potentialAction":[{"@type":"ReadAction","target":["https:\/\/paju.org\/fr\/que-cesse-loccupation-no-1078\/"]}]},{"@type":"ImageObject","inLanguage":"fr-FR","@id":"https:\/\/paju.org\/fr\/que-cesse-loccupation-no-1078\/#primaryimage","url":"http:\/\/paju.org\/wp-content\/uploads\/2021\/10\/1078.jpg","contentUrl":"http:\/\/paju.org\/wp-content\/uploads\/2021\/10\/1078.jpg"},{"@type":"BreadcrumbList","@id":"https:\/\/paju.org\/fr\/que-cesse-loccupation-no-1078\/#breadcrumb","itemListElement":[{"@type":"ListItem","position":1,"name":"Home","item":"https:\/\/paju.org\/fr\/"},{"@type":"ListItem","position":2,"name":"\u00ab Que cesse l\u2019occupation \u00bb no. 1078"}]},{"@type":"WebSite","@id":"https:\/\/paju.org\/fr\/#website","url":"https:\/\/paju.org\/fr\/","name":"PAJU","description":"","publisher":{"@id":"https:\/\/paju.org\/fr\/#organization"},"potentialAction":[{"@type":"SearchAction","target":{"@type":"EntryPoint","urlTemplate":"https:\/\/paju.org\/fr\/?s={search_term_string}"},"query-input":{"@type":"PropertyValueSpecification","valueRequired":true,"valueName":"search_term_string"}}],"inLanguage":"fr-FR"},{"@type":"Organization","@id":"https:\/\/paju.org\/fr\/#organization","name":"Palestinian and Jewish Unity","url":"https:\/\/paju.org\/fr\/","logo":{"@type":"ImageObject","inLanguage":"fr-FR","@id":"https:\/\/paju.org\/fr\/#\/schema\/logo\/image\/","url":"https:\/\/paju.org\/wp-content\/uploads\/PAJU-Logo.png","contentUrl":"https:\/\/paju.org\/wp-content\/uploads\/PAJU-Logo.png","width":696,"height":293,"caption":"Palestinian and Jewish Unity"},"image":{"@id":"https:\/\/paju.org\/fr\/#\/schema\/logo\/image\/"},"sameAs":["https:\/\/www.facebook.com\/pajumontreal","https:\/\/www.instagram.com\/pajumontreal\/"]},{"@type":"Person","@id":"https:\/\/paju.org\/fr\/#\/schema\/person\/329c80ae8a3b11562a4f709eaa6ebfc6","name":"PAJU","image":{"@type":"ImageObject","inLanguage":"fr-FR","@id":"https:\/\/paju.org\/fr\/#\/schema\/person\/image\/","url":"https:\/\/secure.gravatar.com\/avatar\/add00ab44460a1b9b8dcff1854bb07dba0ac5e3135473daf39201d280ad20f18?s=96&d=mm&r=g","contentUrl":"https:\/\/secure.gravatar.com\/avatar\/add00ab44460a1b9b8dcff1854bb07dba0ac5e3135473daf39201d280ad20f18?s=96&d=mm&r=g","caption":"PAJU"},"url":"https:\/\/paju.org\/fr\/author\/chadi\/"}]}},"_links":{"self":[{"href":"https:\/\/paju.org\/fr\/wp-json\/wp\/v2\/posts\/3267","targetHints":{"allow":["GET"]}}],"collection":[{"href":"https:\/\/paju.org\/fr\/wp-json\/wp\/v2\/posts"}],"about":[{"href":"https:\/\/paju.org\/fr\/wp-json\/wp\/v2\/types\/post"}],"author":[{"embeddable":true,"href":"https:\/\/paju.org\/fr\/wp-json\/wp\/v2\/users\/1"}],"replies":[{"embeddable":true,"href":"https:\/\/paju.org\/fr\/wp-json\/wp\/v2\/comments?post=3267"}],"version-history":[{"count":4,"href":"https:\/\/paju.org\/fr\/wp-json\/wp\/v2\/posts\/3267\/revisions"}],"predecessor-version":[{"id":3278,"href":"https:\/\/paju.org\/fr\/wp-json\/wp\/v2\/posts\/3267\/revisions\/3278"}],"wp:attachment":[{"href":"https:\/\/paju.org\/fr\/wp-json\/wp\/v2\/media?parent=3267"}],"wp:term":[{"taxonomy":"category","embeddable":true,"href":"https:\/\/paju.org\/fr\/wp-json\/wp\/v2\/categories?post=3267"},{"taxonomy":"post_tag","embeddable":true,"href":"https:\/\/paju.org\/fr\/wp-json\/wp\/v2\/tags?post=3267"}],"curies":[{"name":"wp","href":"https:\/\/api.w.org\/{rel}","templated":true}]}}