{"id":3239,"date":"2021-09-24T07:39:00","date_gmt":"2021-09-24T07:39:00","guid":{"rendered":"http:\/\/paju.org\/?p=3239"},"modified":"2022-03-02T15:56:58","modified_gmt":"2022-03-02T15:56:58","slug":"que-cesse-loccupation-no-1076","status":"publish","type":"post","link":"https:\/\/paju.org\/fr\/que-cesse-loccupation-no-1076\/","title":{"rendered":"Que cesse l\u2019occupation\u00bb no. 1076"},"content":{"rendered":"<h3>Qui a int\u00e9r\u00eat \u00e0 laisser croire que les antiracistes sont antis\u00e9mites ?<\/h3>\n<p>Dimanche 19 septembre 2021<\/p>\n<p>La persistance de l\u2019antis\u00e9mitisme en France, renforc\u00e9e ces derni\u00e8res ann\u00e9es par un climat social et politique d\u00e9l\u00e9t\u00e8re o\u00f9 le racisme est employ\u00e9 par l&#8217;\u00e9tat comme un outil de division, se traduit par la banalisation des discours racistes islamophobes d\u2019abord, mais <img loading=\"lazy\" decoding=\"async\" class=\" wp-image-3241 alignright\" src=\"http:\/\/paju.org\/wp-content\/uploads\/2021\/09\/1076-1.jpg\" alt=\"\" width=\"200\" height=\"125\" \/>aussi antis\u00e9mites tenus notamment par des membres du gouvernement, r\u00e9habilitation de Charles Maurras, voire de Philippe P\u00e9tain, affirmation que les rayons hallal et cacher des supermarch\u00e9s sont contraire \u00e0 l\u2019esprit r\u00e9publicain par un ministre ancien membre de l&#8217;Action Fran\u00e7aise qui, dans un livre dont le titre est \u00ab\u00a0le s\u00e9paratisme islamiste\u00a0\u00bb, d\u00e9crit les juifs de la mani\u00e8re suivante et sans aucune r\u00e9serve, \u00ab\u00a0Napol\u00e9on Bonaparte s\u2019int\u00e9ressa \u00e0 r\u00e9gler les difficult\u00e9s touchant \u00e0 la pr\u00e9sence de dizaine de milliers de juifs en France. Certains d\u2019entre eux pratiquaient l\u2019usure et faisaient na\u00eetre troubles et r\u00e9clamations \u00bb.<!--more--><\/p>\n<p>Des ann\u00e9es de discours islamophobes ont fini par lib\u00e9rer la parole raciste, dans toutes ses dimensions, et logiquement permettent de retourner la parole c\u00e9l\u00e8bre de Frantz Fanon, \u00ab\u00a0quand vous entendez dire du mal des juifs, dressez l\u2019oreille, on parle de vous \u00bb.<\/p>\n<p>Ces paroles antis\u00e9mites ont \u00e9t\u00e9 abondamment entendues et lues sur les pancartes lors des manifestations contre le passeport sanitaire tr\u00e8s largement infiltr\u00e9es par l\u2019extr\u00eame droite. Dans la p\u00e9riode troubl\u00e9e et dangereuse que nous vivons, complotisme et donc antis\u00e9mitisme se d\u00e9ploient librement. C\u2019est une des raisons pour laquelle de nombreuses associations, syndicats et partis politiques, et la v\u00e9ritable gauche ont appel\u00e9 le 12 juin 2021 \u00e0 Paris \u00e0 la \u00ab marche des libert\u00e9s pour combattre les id\u00e9es d\u2019extr\u00eame droite \u00bb.<\/p>\n<p>R\u00e9cemment, un discours s\u2019est fait jour de personnes ou de groupes se r\u00e9clamant de l\u2019extr\u00eame gauche, qui ne dit pas clairement les choses, mais qui laisse planer une suspicion, la gauche, le syndicalisme, le mouvement social et l\u2019extr\u00eame gauche seraient incons\u00e9quents et ne lutteraient pas r\u00e9ellement contre l\u2019antis\u00e9mitisme. On ne dit pas que les organisations du mouvement social sont antis\u00e9mites, ou rarement en face, mais qu\u2019elles ne luttent pas s\u00e9rieusement contre l\u2019antis\u00e9mitisme. Cette accusation ne porte jamais sur la mani\u00e8re dont la gauche lutterait de fa\u00e7on cons\u00e9quente ou non contre le racisme sous toutes ses formes, n\u00e9grophobie, islamophobie, racisme contre les tziganes ou bien contre les asiatiques. Cette accusation ne visant que l\u2019antis\u00e9mitisme veut r\u00e9introduire au sein de la gauche cette vieille hi\u00e9rarchisation des formes que prend le racisme.<\/p>\n<p>Cette hi\u00e9rarchisation s\u2019est d\u2019abord faite sous l\u2019influence de ceux qui instrumentalisent l\u2019antis\u00e9mitisme comme arme massive de d\u00e9fense de l\u2019apartheid isra\u00e9lien. La volontaire confusion entre la solidarit\u00e9 avec la Palestine et l\u2019antis\u00e9mitisme introduite par les organisations fran\u00e7aises pro isra\u00e9liennes, est port\u00e9e au plus haut niveau de l\u2019\u00c9tat par les d\u00e9clarations du pr\u00e9sident de la r\u00e9publique, lors de la c\u00e9r\u00e9monie de comm\u00e9moration de la rafle du V\u00e9lodrome d\u2019Hiver au mois de juillet 2017, \u00ab nous ne c\u00e9derons rien \u00e0 l\u2019antisionisme car il est la forme r\u00e9invent\u00e9e de l\u2019antis\u00e9mitisme \u00bb.<\/p>\n<p>Mais cet agenda, repris au sein m\u00eame de la gauche, a d\u00e9j\u00e0 fait des ravages au sein du parti travailliste britannique, avec les accusations d\u2019antis\u00e9mitisme lanc\u00e9es contre Jeremy Corbyn et le courant juif antisioniste du parti et pour finir par l\u2019exclusion de Ken Loach. Il a vis\u00e9 Bernie Sanders aux \u00c9tats-Unis et il attaque Jean-Luc M\u00e9lenchon en France, sur la base d\u2019interpr\u00e9tations malveillantes de ses propos. Tous ayant le tort de soutenir la Palestine.<\/p>\n<p>Cela m\u00e9rite quelques mises au point. Les implicites de ces accusations, pour sournois qu\u2019ils soient, sont cependant transparents. Ces m\u00eames groupes qui ont revendiqu\u00e9 discr\u00e8tement la d\u00e9finition de l\u2019antis\u00e9mitisme de l\u2019International Holocaust Remembrance Alliance (IHRA), proches de la gauche sioniste et d\u2019organisations juives communautaires, cherchent \u00e0 diviser la question du racisme au sein m\u00eame de la gauche, \u00e0 r\u00e9instaurer une hi\u00e9rarchie entre les diff\u00e9rentes formes de racisme et leurs victimes et \u00e0 bloquer l\u2019expression politique anticolonialiste de nos organisations sur la situation tragique que subit la Palestine.<\/p>\n<p>Nous tenons \u00e0 r\u00e9affirmer ici \u00e0 la fois notre engagement contre le racisme sous toutes ses formes, dont bien entendu contre l\u2019antis\u00e9mitisme, et notre solidarit\u00e9 avec la Palestine. Ce sont l\u00e0 deux piliers indissociables des luttes antiracistes et anticolonialistes qui animent nos organisations.<\/p>\n<p><strong>Premiers signataires:<\/strong> Voir s signatoires en ligne en cliquant sur le lien ci-dessous<\/p>\n<p><a href=\"https:\/\/palestinevaincra.com\/2021\/09\/tribune-qui-a-interet-a-laisser-croire-que-les-antiracistes-sont-antisemites\/\">https:\/\/palestinevaincra.com\/2021\/09\/tribune-qui-a-interet-a-laisser-croire-que-les-antiracistes-sont-antisemites\/<\/a><\/p>\n<p><strong>DISTRIBUTED BY PAJU (PALESTINIAN AND JEWISH UNITY)<\/strong><\/p>\n<p><strong>PAJUMONTREAL.ORG\/EN<\/strong><\/p>\n","protected":false},"excerpt":{"rendered":"<p>Qui a int\u00e9r\u00eat \u00e0 laisser croire que les antiracistes sont antis\u00e9mites ? Dimanche 19 septembre 2021 La persistance de l\u2019antis\u00e9mitisme en France, renforc\u00e9e ces derni\u00e8res ann\u00e9es par un climat social [&hellip;]<\/p>\n","protected":false},"author":1,"featured_media":0,"comment_status":"closed","ping_status":"closed","sticky":false,"template":"","format":"standard","meta":{"_acf_changed":false,"_et_pb_use_builder":"","_et_pb_old_content":"","_et_gb_content_width":"","footnotes":""},"categories":[94],"tags":[],"class_list":["post-3239","post","type-post","status-publish","format-standard","hentry","category-bulletin-fr"],"acf":[],"yoast_head":"<!-- This site is optimized with the Yoast SEO plugin v25.8 - https:\/\/yoast.com\/wordpress\/plugins\/seo\/ -->\n<title>Que cesse l\u2019occupation\u00bb no. 1076 - PAJU<\/title>\n<meta name=\"robots\" content=\"index, follow, max-snippet:-1, max-image-preview:large, max-video-preview:-1\" \/>\n<link rel=\"canonical\" href=\"https:\/\/paju.org\/fr\/que-cesse-loccupation-no-1076\/\" \/>\n<meta property=\"og:locale\" content=\"fr_FR\" \/>\n<meta property=\"og:type\" content=\"article\" \/>\n<meta property=\"og:title\" content=\"Que cesse l\u2019occupation\u00bb no. 1076 - PAJU\" \/>\n<meta property=\"og:description\" content=\"Qui a int\u00e9r\u00eat \u00e0 laisser croire que les antiracistes sont antis\u00e9mites ? Dimanche 19 septembre 2021 La persistance de l\u2019antis\u00e9mitisme en France, renforc\u00e9e ces derni\u00e8res ann\u00e9es par un climat social [&hellip;]\" \/>\n<meta property=\"og:site_name\" content=\"PAJU\" \/>\n<meta property=\"article:publisher\" content=\"https:\/\/www.facebook.com\/pajumontreal\" \/>\n<meta property=\"article:published_time\" content=\"2021-09-24T07:39:00+00:00\" \/>\n<meta property=\"article:modified_time\" content=\"2022-03-02T15:56:58+00:00\" \/>\n<meta property=\"og:image\" content=\"https:\/\/paju.org\/wp-content\/uploads\/2022\/02\/tract-picket.jpg\" \/>\n\t<meta property=\"og:image:width\" content=\"960\" \/>\n\t<meta property=\"og:image:height\" content=\"720\" \/>\n\t<meta property=\"og:image:type\" content=\"image\/jpeg\" \/>\n<meta name=\"author\" content=\"PAJU\" \/>\n<meta name=\"twitter:card\" content=\"summary_large_image\" \/>\n<meta name=\"twitter:label1\" content=\"\u00c9crit par\" \/>\n\t<meta name=\"twitter:data1\" content=\"PAJU\" \/>\n\t<meta name=\"twitter:label2\" content=\"Dur\u00e9e de lecture estim\u00e9e\" \/>\n\t<meta name=\"twitter:data2\" content=\"4 minutes\" \/>\n<script type=\"application\/ld+json\" class=\"yoast-schema-graph\">{\"@context\":\"https:\/\/schema.org\",\"@graph\":[{\"@type\":\"Article\",\"@id\":\"https:\/\/paju.org\/fr\/que-cesse-loccupation-no-1076\/#article\",\"isPartOf\":{\"@id\":\"https:\/\/paju.org\/fr\/que-cesse-loccupation-no-1076\/\"},\"author\":{\"name\":\"PAJU\",\"@id\":\"https:\/\/paju.org\/fr\/#\/schema\/person\/329c80ae8a3b11562a4f709eaa6ebfc6\"},\"headline\":\"Que cesse l\u2019occupation\u00bb no. 1076\",\"datePublished\":\"2021-09-24T07:39:00+00:00\",\"dateModified\":\"2022-03-02T15:56:58+00:00\",\"mainEntityOfPage\":{\"@id\":\"https:\/\/paju.org\/fr\/que-cesse-loccupation-no-1076\/\"},\"wordCount\":831,\"publisher\":{\"@id\":\"https:\/\/paju.org\/fr\/#organization\"},\"image\":{\"@id\":\"https:\/\/paju.org\/fr\/que-cesse-loccupation-no-1076\/#primaryimage\"},\"thumbnailUrl\":\"http:\/\/paju.org\/wp-content\/uploads\/2021\/09\/1076-1.jpg\",\"articleSection\":[\"Notre bulletin\"],\"inLanguage\":\"fr-FR\"},{\"@type\":\"WebPage\",\"@id\":\"https:\/\/paju.org\/fr\/que-cesse-loccupation-no-1076\/\",\"url\":\"https:\/\/paju.org\/fr\/que-cesse-loccupation-no-1076\/\",\"name\":\"Que cesse l\u2019occupation\u00bb no. 1076 - PAJU\",\"isPartOf\":{\"@id\":\"https:\/\/paju.org\/fr\/#website\"},\"primaryImageOfPage\":{\"@id\":\"https:\/\/paju.org\/fr\/que-cesse-loccupation-no-1076\/#primaryimage\"},\"image\":{\"@id\":\"https:\/\/paju.org\/fr\/que-cesse-loccupation-no-1076\/#primaryimage\"},\"thumbnailUrl\":\"http:\/\/paju.org\/wp-content\/uploads\/2021\/09\/1076-1.jpg\",\"datePublished\":\"2021-09-24T07:39:00+00:00\",\"dateModified\":\"2022-03-02T15:56:58+00:00\",\"breadcrumb\":{\"@id\":\"https:\/\/paju.org\/fr\/que-cesse-loccupation-no-1076\/#breadcrumb\"},\"inLanguage\":\"fr-FR\",\"potentialAction\":[{\"@type\":\"ReadAction\",\"target\":[\"https:\/\/paju.org\/fr\/que-cesse-loccupation-no-1076\/\"]}]},{\"@type\":\"ImageObject\",\"inLanguage\":\"fr-FR\",\"@id\":\"https:\/\/paju.org\/fr\/que-cesse-loccupation-no-1076\/#primaryimage\",\"url\":\"http:\/\/paju.org\/wp-content\/uploads\/2021\/09\/1076-1.jpg\",\"contentUrl\":\"http:\/\/paju.org\/wp-content\/uploads\/2021\/09\/1076-1.jpg\"},{\"@type\":\"BreadcrumbList\",\"@id\":\"https:\/\/paju.org\/fr\/que-cesse-loccupation-no-1076\/#breadcrumb\",\"itemListElement\":[{\"@type\":\"ListItem\",\"position\":1,\"name\":\"Home\",\"item\":\"https:\/\/paju.org\/fr\/\"},{\"@type\":\"ListItem\",\"position\":2,\"name\":\"Que cesse l\u2019occupation\u00bb no. 1076\"}]},{\"@type\":\"WebSite\",\"@id\":\"https:\/\/paju.org\/fr\/#website\",\"url\":\"https:\/\/paju.org\/fr\/\",\"name\":\"PAJU\",\"description\":\"\",\"publisher\":{\"@id\":\"https:\/\/paju.org\/fr\/#organization\"},\"potentialAction\":[{\"@type\":\"SearchAction\",\"target\":{\"@type\":\"EntryPoint\",\"urlTemplate\":\"https:\/\/paju.org\/fr\/?s={search_term_string}\"},\"query-input\":{\"@type\":\"PropertyValueSpecification\",\"valueRequired\":true,\"valueName\":\"search_term_string\"}}],\"inLanguage\":\"fr-FR\"},{\"@type\":\"Organization\",\"@id\":\"https:\/\/paju.org\/fr\/#organization\",\"name\":\"Palestinian and Jewish Unity\",\"url\":\"https:\/\/paju.org\/fr\/\",\"logo\":{\"@type\":\"ImageObject\",\"inLanguage\":\"fr-FR\",\"@id\":\"https:\/\/paju.org\/fr\/#\/schema\/logo\/image\/\",\"url\":\"https:\/\/paju.org\/wp-content\/uploads\/PAJU-Logo.png\",\"contentUrl\":\"https:\/\/paju.org\/wp-content\/uploads\/PAJU-Logo.png\",\"width\":696,\"height\":293,\"caption\":\"Palestinian and Jewish Unity\"},\"image\":{\"@id\":\"https:\/\/paju.org\/fr\/#\/schema\/logo\/image\/\"},\"sameAs\":[\"https:\/\/www.facebook.com\/pajumontreal\",\"https:\/\/www.instagram.com\/pajumontreal\/\"]},{\"@type\":\"Person\",\"@id\":\"https:\/\/paju.org\/fr\/#\/schema\/person\/329c80ae8a3b11562a4f709eaa6ebfc6\",\"name\":\"PAJU\",\"image\":{\"@type\":\"ImageObject\",\"inLanguage\":\"fr-FR\",\"@id\":\"https:\/\/paju.org\/fr\/#\/schema\/person\/image\/\",\"url\":\"https:\/\/secure.gravatar.com\/avatar\/add00ab44460a1b9b8dcff1854bb07dba0ac5e3135473daf39201d280ad20f18?s=96&d=mm&r=g\",\"contentUrl\":\"https:\/\/secure.gravatar.com\/avatar\/add00ab44460a1b9b8dcff1854bb07dba0ac5e3135473daf39201d280ad20f18?s=96&d=mm&r=g\",\"caption\":\"PAJU\"},\"url\":\"https:\/\/paju.org\/fr\/author\/chadi\/\"}]}<\/script>\n<!-- \/ Yoast SEO plugin. -->","yoast_head_json":{"title":"Que cesse l\u2019occupation\u00bb no. 1076 - PAJU","robots":{"index":"index","follow":"follow","max-snippet":"max-snippet:-1","max-image-preview":"max-image-preview:large","max-video-preview":"max-video-preview:-1"},"canonical":"https:\/\/paju.org\/fr\/que-cesse-loccupation-no-1076\/","og_locale":"fr_FR","og_type":"article","og_title":"Que cesse l\u2019occupation\u00bb no. 1076 - PAJU","og_description":"Qui a int\u00e9r\u00eat \u00e0 laisser croire que les antiracistes sont antis\u00e9mites ? Dimanche 19 septembre 2021 La persistance de l\u2019antis\u00e9mitisme en France, renforc\u00e9e ces derni\u00e8res ann\u00e9es par un climat social [&hellip;]","og_site_name":"PAJU","article_publisher":"https:\/\/www.facebook.com\/pajumontreal","article_published_time":"2021-09-24T07:39:00+00:00","article_modified_time":"2022-03-02T15:56:58+00:00","og_image":[{"width":960,"height":720,"url":"https:\/\/paju.org\/wp-content\/uploads\/2022\/02\/tract-picket.jpg","type":"image\/jpeg"}],"author":"PAJU","twitter_card":"summary_large_image","twitter_misc":{"\u00c9crit par":"PAJU","Dur\u00e9e de lecture estim\u00e9e":"4 minutes"},"schema":{"@context":"https:\/\/schema.org","@graph":[{"@type":"Article","@id":"https:\/\/paju.org\/fr\/que-cesse-loccupation-no-1076\/#article","isPartOf":{"@id":"https:\/\/paju.org\/fr\/que-cesse-loccupation-no-1076\/"},"author":{"name":"PAJU","@id":"https:\/\/paju.org\/fr\/#\/schema\/person\/329c80ae8a3b11562a4f709eaa6ebfc6"},"headline":"Que cesse l\u2019occupation\u00bb no. 1076","datePublished":"2021-09-24T07:39:00+00:00","dateModified":"2022-03-02T15:56:58+00:00","mainEntityOfPage":{"@id":"https:\/\/paju.org\/fr\/que-cesse-loccupation-no-1076\/"},"wordCount":831,"publisher":{"@id":"https:\/\/paju.org\/fr\/#organization"},"image":{"@id":"https:\/\/paju.org\/fr\/que-cesse-loccupation-no-1076\/#primaryimage"},"thumbnailUrl":"http:\/\/paju.org\/wp-content\/uploads\/2021\/09\/1076-1.jpg","articleSection":["Notre bulletin"],"inLanguage":"fr-FR"},{"@type":"WebPage","@id":"https:\/\/paju.org\/fr\/que-cesse-loccupation-no-1076\/","url":"https:\/\/paju.org\/fr\/que-cesse-loccupation-no-1076\/","name":"Que cesse l\u2019occupation\u00bb no. 1076 - PAJU","isPartOf":{"@id":"https:\/\/paju.org\/fr\/#website"},"primaryImageOfPage":{"@id":"https:\/\/paju.org\/fr\/que-cesse-loccupation-no-1076\/#primaryimage"},"image":{"@id":"https:\/\/paju.org\/fr\/que-cesse-loccupation-no-1076\/#primaryimage"},"thumbnailUrl":"http:\/\/paju.org\/wp-content\/uploads\/2021\/09\/1076-1.jpg","datePublished":"2021-09-24T07:39:00+00:00","dateModified":"2022-03-02T15:56:58+00:00","breadcrumb":{"@id":"https:\/\/paju.org\/fr\/que-cesse-loccupation-no-1076\/#breadcrumb"},"inLanguage":"fr-FR","potentialAction":[{"@type":"ReadAction","target":["https:\/\/paju.org\/fr\/que-cesse-loccupation-no-1076\/"]}]},{"@type":"ImageObject","inLanguage":"fr-FR","@id":"https:\/\/paju.org\/fr\/que-cesse-loccupation-no-1076\/#primaryimage","url":"http:\/\/paju.org\/wp-content\/uploads\/2021\/09\/1076-1.jpg","contentUrl":"http:\/\/paju.org\/wp-content\/uploads\/2021\/09\/1076-1.jpg"},{"@type":"BreadcrumbList","@id":"https:\/\/paju.org\/fr\/que-cesse-loccupation-no-1076\/#breadcrumb","itemListElement":[{"@type":"ListItem","position":1,"name":"Home","item":"https:\/\/paju.org\/fr\/"},{"@type":"ListItem","position":2,"name":"Que cesse l\u2019occupation\u00bb no. 1076"}]},{"@type":"WebSite","@id":"https:\/\/paju.org\/fr\/#website","url":"https:\/\/paju.org\/fr\/","name":"PAJU","description":"","publisher":{"@id":"https:\/\/paju.org\/fr\/#organization"},"potentialAction":[{"@type":"SearchAction","target":{"@type":"EntryPoint","urlTemplate":"https:\/\/paju.org\/fr\/?s={search_term_string}"},"query-input":{"@type":"PropertyValueSpecification","valueRequired":true,"valueName":"search_term_string"}}],"inLanguage":"fr-FR"},{"@type":"Organization","@id":"https:\/\/paju.org\/fr\/#organization","name":"Palestinian and Jewish Unity","url":"https:\/\/paju.org\/fr\/","logo":{"@type":"ImageObject","inLanguage":"fr-FR","@id":"https:\/\/paju.org\/fr\/#\/schema\/logo\/image\/","url":"https:\/\/paju.org\/wp-content\/uploads\/PAJU-Logo.png","contentUrl":"https:\/\/paju.org\/wp-content\/uploads\/PAJU-Logo.png","width":696,"height":293,"caption":"Palestinian and Jewish Unity"},"image":{"@id":"https:\/\/paju.org\/fr\/#\/schema\/logo\/image\/"},"sameAs":["https:\/\/www.facebook.com\/pajumontreal","https:\/\/www.instagram.com\/pajumontreal\/"]},{"@type":"Person","@id":"https:\/\/paju.org\/fr\/#\/schema\/person\/329c80ae8a3b11562a4f709eaa6ebfc6","name":"PAJU","image":{"@type":"ImageObject","inLanguage":"fr-FR","@id":"https:\/\/paju.org\/fr\/#\/schema\/person\/image\/","url":"https:\/\/secure.gravatar.com\/avatar\/add00ab44460a1b9b8dcff1854bb07dba0ac5e3135473daf39201d280ad20f18?s=96&d=mm&r=g","contentUrl":"https:\/\/secure.gravatar.com\/avatar\/add00ab44460a1b9b8dcff1854bb07dba0ac5e3135473daf39201d280ad20f18?s=96&d=mm&r=g","caption":"PAJU"},"url":"https:\/\/paju.org\/fr\/author\/chadi\/"}]}},"_links":{"self":[{"href":"https:\/\/paju.org\/fr\/wp-json\/wp\/v2\/posts\/3239","targetHints":{"allow":["GET"]}}],"collection":[{"href":"https:\/\/paju.org\/fr\/wp-json\/wp\/v2\/posts"}],"about":[{"href":"https:\/\/paju.org\/fr\/wp-json\/wp\/v2\/types\/post"}],"author":[{"embeddable":true,"href":"https:\/\/paju.org\/fr\/wp-json\/wp\/v2\/users\/1"}],"replies":[{"embeddable":true,"href":"https:\/\/paju.org\/fr\/wp-json\/wp\/v2\/comments?post=3239"}],"version-history":[{"count":2,"href":"https:\/\/paju.org\/fr\/wp-json\/wp\/v2\/posts\/3239\/revisions"}],"predecessor-version":[{"id":3242,"href":"https:\/\/paju.org\/fr\/wp-json\/wp\/v2\/posts\/3239\/revisions\/3242"}],"wp:attachment":[{"href":"https:\/\/paju.org\/fr\/wp-json\/wp\/v2\/media?parent=3239"}],"wp:term":[{"taxonomy":"category","embeddable":true,"href":"https:\/\/paju.org\/fr\/wp-json\/wp\/v2\/categories?post=3239"},{"taxonomy":"post_tag","embeddable":true,"href":"https:\/\/paju.org\/fr\/wp-json\/wp\/v2\/tags?post=3239"}],"curies":[{"name":"wp","href":"https:\/\/api.w.org\/{rel}","templated":true}]}}