{"id":3221,"date":"2021-09-10T13:56:00","date_gmt":"2021-09-10T13:56:00","guid":{"rendered":"http:\/\/paju.org\/?p=3221"},"modified":"2022-03-02T15:56:58","modified_gmt":"2022-03-02T15:56:58","slug":"que-cesse-loccupation-no-1074","status":"publish","type":"post","link":"https:\/\/paju.org\/fr\/que-cesse-loccupation-no-1074\/","title":{"rendered":"Que cesse l\u2019occupation\u00bb no. 1074"},"content":{"rendered":"<p><strong>Note de PAJU:<\/strong><\/p>\n<p><em>Voici la version juive du Klu Klux Klan, bien implant\u00e9e en Cisjordanie palestinienne ill\u00e9galement occup\u00e9e. En rappelant les coups sauvages et les lynchages du KKK contre les Noirs am\u00e9ricains dans le sud des \u00c9tats-Unis, tout cela fait partie de l&#8217;histoire contemporaine.<\/em><\/p>\n<ul>\n<li>Bruce Katz<\/li>\n<\/ul>\n<h3>Des colons isra\u00e9liens enl\u00e8vent et attaquent brutalement un adolescent palestinien en Cisjordanie<\/h3>\n<p><em>Tareq Zbeideh, 15 ans, d\u00e9crit comment il a \u00e9t\u00e9 kidnapp\u00e9, attach\u00e9 et battu par des colons alors qu&#8217;il pique-niquait avec ses amis pr\u00e8s d&#8217;un avant-poste de la colonie.<\/em><\/p>\n<p>Selon Zbeideh, 15 ans, il profitait d&#8217;un pique-nique avec des amis pr\u00e8s de l&#8217;ancienne colonie de Homesh, l&#8217;une des quatre colonies isra\u00e9liennes <strong>r<\/strong>endues \u00e0 leurs propri\u00e9taires palestiniens de Cisjordanie occup\u00e9e lors du d\u00e9sengagement de Gaza en 2006, lorsque <img loading=\"lazy\" decoding=\"async\" class=\" wp-image-3222 alignright\" src=\"http:\/\/paju.org\/wp-content\/uploads\/2021\/09\/1074-1.jpg\" alt=\"\" width=\"173\" height=\"139\" \/>des colons l&#8217;ont frapp\u00e9 avec leur voiture et l&#8217;ont attach\u00e9 \u00e0 ce v\u00e9hicule, avant de le tra\u00eener dans une zone isol\u00e9e et de le frapper. L&#8217;attaque a dur\u00e9 une demi-heure, au cours de laquelle Zbeideh indique que les colons l&#8217;ont attach\u00e9 \u00e0 un arbre, l&#8217;ont battu avec une ceinture, l&#8217;ont asperg\u00e9 de gaz poivr\u00e9, l&#8217;ont \u00e9lectrocut\u00e9, puis l&#8217;ont br\u00fbl\u00e9 avec l&#8217;allume-cigarette de la voiture. Il a \u00e9t\u00e9 retrouv\u00e9 par l&#8217;arm\u00e9e isra\u00e9lienne, qui l&#8217;a rendu \u00e0 sa famille. \u00ab\u00a0Je pensais que je ne m&#8217;en sortirais pas vivant\u00a0\u00bb, a d\u00e9clar\u00e9 Zbeideh cette semaine.<!--more--><\/p>\n<p>Allong\u00e9 sur le canap\u00e9 de sa maison, situ\u00e9e juste au sud-ouest de la ville de J\u00e9nine, Zbeideh a racont\u00e9 les \u00e9v\u00e9nements v\u00e9cus lorsqu&#8217;il s&#8217;est rendu avec un groupe d&#8217;amis dans un quartier \u00e0 la p\u00e9riph\u00e9rie de Silat a-Dahr surplombant ce qui reste de Homesh. Apr\u00e8s le d\u00e9sengagement, Homesh \u00e9tait cens\u00e9 revenir aux mains des Palestiniens, mais ces derni\u00e8res ann\u00e9es, les colons y ont install\u00e9 un nouvel avant-poste.<\/p>\n<p>\u00ab Mardi, vers 9h30 du matin, nous avons achet\u00e9 des choses \u00e0 l&#8217;\u00e9picerie et sommes mont\u00e9s [dans le quartier] \u00bb, a d\u00e9clar\u00e9 Zbeideh, qui a quitt\u00e9 l&#8217;\u00e9cole alors que COVID-19 commen\u00e7ait \u00e0 se propager \u00e0 travers les territoires occup\u00e9s, et travaille maintenant occasionnellement. \u00ab Nous \u00e9tions six. On va parfois s&#8217;y asseoir. Nous nous y sommes assis pendant 20 minutes, puis nous avons vu deux personnes arriver \u00e0 pied ainsi qu\u2019une voiture grise. Ils nous ont parl\u00e9 en h\u00e9breu. Ils portaient une <em>kippa<\/em> [calotte juive] et des boucles de cheveux lat\u00e9rales, alors nous avons r\u00e9alis\u00e9 qu&#8217;il s&#8217;agissait de colons. Mes amis ont fui. J&#8217;ai une blessure \u00e0 la jambe, il m&#8217;a donc fallu plus de temps pour marcher sur un chemin de terre au lieu de traverser les collines. Puis leur voiture m&#8217;a heurt\u00e9 et je suis tomb\u00e9 par terre. \u00bb<\/p>\n<p>\u00ab Quatre d&#8217;entre eux sont sortis de la voiture \u00bb, a-t-il poursuivi. \u00ab\u00a0Trois d\u2019entre eux ont commenc\u00e9 \u00e0 me frapper, le quatri\u00e8me a apport\u00e9 un c\u00e2ble. Ils m&#8217;ont mis sur le capot, m&#8217;ont attach\u00e9 et ont commenc\u00e9 \u00e0 rouler vers la colonie. Ils ont appuy\u00e9 sur les freins et j&#8217;ai \u00e9t\u00e9 projet\u00e9 en avant parce qu&#8217;ils avaient desserr\u00e9 le c\u00e2ble [pendant le trajet]. \u00bb<\/p>\n<p>Les amis de Zbeideh ont \u00e9t\u00e9 t\u00e9moins du d\u00e9but de l&#8217;incident \u00e0 distance, apr\u00e8s quoi ils ont couru pour appeler \u00e0 l&#8217;aide. \u00ab Nous sommes all\u00e9s pique-niquer, raconte H., l&#8217;un des amis de Zbeideh qui \u00e9tait avec lui ce jour-l\u00e0. \u00ab [Les assaillants] nous ont jet\u00e9 des bouteilles et des pierres. Nous avons vu qu&#8217;ils avaient des armes, alors nous nous sommes enfuis. Ils nous ont dit de nous arr\u00eater en arabe, puis la voiture grise a percut\u00e9 Tareq. Apr\u00e8s qu&#8217;ils l&#8217;aient frapp\u00e9, nous avons vu qu&#8217;ils l&#8217;attaquaient et nous nous sommes enfuis. Nous avons eu tr\u00e8s peur. Nous ne l&#8217;avons pas vu quand ils l&#8217;ont emmen\u00e9, seulement quand il a \u00e9t\u00e9 battu avec un b\u00e2ton. \u00bb<\/p>\n<p>Les amis de Zbeideh n\u2019ont pas vu la suite, mais pour lui, ce n&#8217;\u00e9tait que le d\u00e9but. \u00ab Ils m&#8217;ont attach\u00e9 avec des [menottes] en plastique comme celles que l&#8217;arm\u00e9e utilise et m&#8217;ont frapp\u00e9 les jambes avec des b\u00e2tons \u00bb, a-t-il d\u00e9clar\u00e9. \u00ab Apr\u00e8s cela, ils ont rel\u00e2ch\u00e9 les menottes et m&#8217;ont suspendu \u00e0 un arbre, les mains crois\u00e9es au-dessus de ma t\u00eate. Mes pieds ne touchaient pas le sol. \u00bb\u00a0 Zbeideh a ajout\u00e9 que les colons l&#8217;avaient \u00e9galement attaqu\u00e9 avec du gaz poivr\u00e9 et un \u00e9lectrochoc.<\/p>\n<p>Zbeidi a d\u00e9clar\u00e9 qu&#8217;il avait essay\u00e9 de crier, mais ses ravisseurs lui ont parl\u00e9 en h\u00e9breu, ce qu&#8217;il ne comprend pas. \u00ab Ils ont utilis\u00e9 une ceinture en caoutchouc et m&#8217;ont battu. Apr\u00e8s cela, ils ont coup\u00e9 la corde et je suis tomb\u00e9 par terre. Puis ils m&#8217;ont coup\u00e9 une jambe avec un couteau. Sur mon autre jambe, ils ont utilis\u00e9 l&#8217;allume-cigare de la voiture pour me br\u00fbler deux fois. \u00bb<\/p>\n<p>Zbeideh nous a montr\u00e9 les blessures \u00e0 son pied et \u00e0 son \u00e9paule droite, qui, selon lui, ont \u00e9t\u00e9 caus\u00e9es par un choc \u00e9lectrique. \u00ab J&#8217;ai cri\u00e9 de douleur. J&#8217;\u00e9tais conscient. Je pensais qu&#8217;ils voulaient me tuer. Je ne pensais pas que je rentrerais chez moi vivant dans ma famille.<\/p>\n<p>Zbeideh estime que l&#8217;attaque a dur\u00e9 entre une 30 et 40 minutes, au cours desquelles les assaillants l&#8217;ont injuri\u00e9 \u00e0 plusieurs reprises. \u00ab Ils n\u2019arr\u00eataient pas de m\u2019humilier verbalement, de parler de ma m\u00e8re et de ma s\u0153ur, de me traiter de \u00ab fils de pute \u00bb tout en crachant sur moi. \u00bb Il a d\u00e9clar\u00e9 que les assaillants l&#8217;avaient finalement frapp\u00e9 \u00e0 la t\u00eate avec un morceau de bois et qu&#8217;il avait perdu connaissance. Quand il s&#8217;est r\u00e9veill\u00e9, il \u00e9tait \u00e0 l&#8217;arri\u00e8re d&#8217;une jeep militaire, menott\u00e9 et ensanglant\u00e9.<\/p>\n<p>Pendant ce temps, les amis de Zbeideh ont inform\u00e9 sa famille de l&#8217;enl\u00e8vement et on a alors appel\u00e9 l&#8217;Autorit\u00e9 palestinienne. Cette derni\u00e8re a contact\u00e9 les autorit\u00e9s isra\u00e9liennes et une jeep militaire est arriv\u00e9e dans la zone et a trouv\u00e9 le gar\u00e7on. La famille a ensuite re\u00e7u l&#8217;ordre d&#8217;arriver \u00e0 l&#8217;entr\u00e9e de Homesh pour r\u00e9cup\u00e9rer leur fils.<\/p>\n<p>\u00ab <strong>Il faisait des cauchemars pensant qu&#8217;ils allaient venir l&#8217;arr\u00eater <\/strong>\u00bb<\/p>\n<p>Le nouvel avant-poste de Homesh est visit\u00e9 quotidiennement par des dizaines de jeunes juifs. Selon les habitants palestiniens, ils arrivent dans plusieurs voitures, parcourant environ 12 kilom\u00e8tres en territoire palestinien pour atteindre le site. Il n&#8217;y a pas d&#8217;autres colonies dans la r\u00e9gion.<\/p>\n<p>Au cours des derni\u00e8res ann\u00e9es, les colons ont tent\u00e9 de construire une yeshiva [\u00e9tablissement d&#8217;enseignement juif] sur le site, qui a \u00e9t\u00e9 d\u00e9molie \u00e0 plusieurs reprises par les autorit\u00e9s isra\u00e9liennes. Depuis le d\u00e9sengagement, l&#8217;arm\u00e9e a utilis\u00e9 une vari\u00e9t\u00e9 d&#8217;ordres pour emp\u00eacher les Palestiniens d&#8217;entrer dans la zone, malgr\u00e9 les d\u00e9cisions de la Haute Cour leur permettant de le faire. Les r\u00e9sidents locaux ont \u00e9galement signal\u00e9 de nombreux cas de violence des colons <a href=\"https:\/\/www.haaretz.co.il\/news\/politics\/.premium-MAGAZINE-1.9029141\">sur une base quasi hebdomadaire<\/a>.<\/p>\n<p>Entre 2020 et 2017, l&#8217;organisation isra\u00e9lienne de d\u00e9fense des droits humains Yesh Din a <a href=\"https:\/\/www.yesh-din.org\/en\/position-paper-settler-crime-and-violence-inside-palestinian-communities-2017-2020\/\">document\u00e9 25 incidents<\/a> de violence des colons ou de dommages \u00e0 des biens palestiniens dans la r\u00e9gion de Homesh. La plupart des victimes, selon l&#8217;organisation, s&#8217;abstiennent de porter plainte aupr\u00e8s de la police, souvent par <a href=\"https:\/\/www.972mag.com\/settler-violence-police-investigation\/\">crainte de repr\u00e9sailles<\/a> ou par manque de confiance dans les forces de l&#8217;ordre isra\u00e9liennes.<\/p>\n<p>Les membres de sa famille ne savaient pas que Zbeideh se trouvait en fait \u00e0 l&#8217;int\u00e9rieur de la jeep militaire. \u00ab Il y a eu une dispute avec les soldats. Je leur ai racont\u00e9 ce qui s&#8217;\u00e9tait pass\u00e9, nous n&#8217;avons pas du tout compris qu&#8217;il \u00e9tait avec eux dans la voiture. Ils ont dit qu&#8217;ils voulaient l&#8217;arr\u00eater parce qu&#8217;il \u00e9tait \u00e0 l&#8217;int\u00e9rieur de la colonie. Quand nous avons commenc\u00e9 \u00e0 crier, ils nous ont laiss\u00e9 parler \u00e0 un officier au t\u00e9l\u00e9phone. Abu Qais dit qu&#8217;avant que Zbeidi ne soit lib\u00e9r\u00e9 de la jeep, on lui a dit que si \u00ab quelque chose [de violent] se produit dans la r\u00e9gion, ils viendront directement chez lui et l&#8217;arr\u00eateront \u00bb. L&#8217;oncle a ajout\u00e9 que lorsqu&#8217;il a \u00e9t\u00e9 sorti de la jeep, Zbeideh \u00ab \u00e9tait presque mort. Nous avons vu des marques de chaussures sur son cou, sur sa poitrine, ses jambes \u00e9taient ensanglant\u00e9es et pleines de griffures. \u00bb<\/p>\n<p>Zbeideh dit que lorsqu&#8217;il s&#8217;est r\u00e9veill\u00e9 attach\u00e9 au sol de la jeep, il \u00e9tait plein d&#8217;\u00e9pines, de sable et de sang. \u00ab Ils m&#8217;ont donn\u00e9 le t\u00e9l\u00e9phone [pour parler \u00e0 un soldat arabophone], ils m&#8217;ont menac\u00e9 que peu importe ce qui s\u2019\u00e9tait pass\u00e9 dans la colonie, ils m&#8217;arr\u00eateraient.<\/p>\n<p>Une source de haut rang a confirm\u00e9 que Zbeideh avait parl\u00e9 au t\u00e9l\u00e9phone avec un officier arabophone et que le gar\u00e7on lui avait avou\u00e9 qu&#8217;il \u00e9tait venu sur les lieux avec ses amis pour lancer des pierres. Cette affirmation, cependant, est \u00e0 la fois sans fondement et n&#8217;a pas \u00e9t\u00e9 obtenue par le biais d&#8217;une enqu\u00eate formelle. De plus, le fait que les soldats n&#8217;aient pas arr\u00eat\u00e9 le gar\u00e7on malgr\u00e9 ces all\u00e9gations peut indiquer qu&#8217;eux aussi ont compris le cours des \u00e9v\u00e9nements.<\/p>\n<p>La famille est choqu\u00e9e mais pas surprise par l&#8217;attaque. \u00ab Il y a trois mois, ils ont fait \u00e7a \u00e0 un gars du village de Beit Marin \u00bb, a d\u00e9clar\u00e9 a-Razeq. \u00ab Ils l&#8217;ont tellement battu qu&#8217;il ne pouvait plus marcher. \u00bb \u00a0Apr\u00e8s avoir \u00e9t\u00e9 lib\u00e9r\u00e9 par l&#8217;arm\u00e9e, Zbeideh a \u00e9t\u00e9 emmen\u00e9 dans un h\u00f4pital de J\u00e9nine o\u00f9 il est rest\u00e9 24 heures. Mercredi, il a pu marcher sur la pointe des pieds.<\/p>\n<p>Le porte-parole de Tsahal n&#8217;a pas ni\u00e9 l&#8217;incident et a confirm\u00e9 qu&#8217;il avait rendu Zbeideh \u00e0 sa famille. Pourtant, il pr\u00e9sentait une version diff\u00e9rente de l&#8217;incident, selon laquelle les gar\u00e7ons palestiniens avaient jet\u00e9 des pierres aux colons. Une source de haut rang dans l&#8217;arm\u00e9e affirme que les soldats n&#8217;ont pas \u00e9t\u00e9 t\u00e9moins des violences eux-m\u00eames et n&#8217;ont donc appel\u00e9 la police ni arr\u00eat\u00e9 aucun suspect.<\/p>\n<p>La famille n&#8217;a pas encore d\u00e9pos\u00e9 de plainte aupr\u00e8s de la police, mais si une enqu\u00eate est ouverte, il ne sera pas difficile de localiser les suspects qui ont battu Zbeideh, car les routes menant \u00e0 la zone sont \u00e9quip\u00e9es de plusieurs cam\u00e9ras militaires. Mais a-Razeq sait que les Palestiniens et les colons vivent sous des r\u00e8gles compl\u00e8tement diff\u00e9rentes en Cisjordanie, et que la r\u00e9ponse des autorit\u00e9s refl\u00e8te cette disparit\u00e9. \u00ab Si un Palestinien avait commis une telle chose contre un Juif, 500 personnes auraient \u00e9t\u00e9 arr\u00eat\u00e9es au cours d&#8217;une enqu\u00eate. \u00bb<\/p>\n<p><strong><em>Oren Ziv<\/em><\/strong><em> est photojournaliste, membre fondateur du collectif de photographie Activestills et r\u00e9dacteur pour Local Call. Depuis 2003, il documente une s\u00e9rie de probl\u00e8mes sociaux et politiques en Isra\u00ebl et dans les territoires palestiniens occup\u00e9s en mettant l&#8217;accent sur les communaut\u00e9s militantes et leurs luttes. Son reportage s&#8217;est concentr\u00e9 sur les manifestations populaires contre le mur et les colonies, le logement abordable et d&#8217;autres probl\u00e8mes socio-\u00e9conomiques, les luttes contre le racisme et la discrimination, et la lutte pour lib\u00e9rer les animaux.<\/em><\/p>\n<p><strong><em>Ahmad Al-Bazz<\/em><\/strong><em> est un journaliste et r\u00e9alisateur de documentaires bas\u00e9 \u00e0 Naplouse, en Cisjordanie. Il est membre du collectif de photographie Activestills depuis 2012.<\/em><\/p>\n<p><strong>Adapt\u00e9 de\u00a0:<\/strong> <a href=\"https:\/\/www.972mag.com\/settler-attack-teen-palestinian\/\">https:\/\/www.972mag.com\/settler-attack-teen-palestinian\/<\/a><\/p>\n<p><strong>DISTRIBU\u00c9 PAR PAJU (PALESTINIENS ET JUIFS UNIS)<\/strong><\/p>\n<p><strong><u>PAJUMONTREAL.ORG\/FR<\/u><\/strong><\/p>\n<p><strong>\u00a0<\/strong><\/p>\n","protected":false},"excerpt":{"rendered":"<p>Note de PAJU: Voici la version juive du Klu Klux Klan, bien implant\u00e9e en Cisjordanie palestinienne ill\u00e9galement occup\u00e9e. En rappelant les coups sauvages et les lynchages du KKK contre les [&hellip;]<\/p>\n","protected":false},"author":1,"featured_media":0,"comment_status":"closed","ping_status":"closed","sticky":false,"template":"","format":"standard","meta":{"_acf_changed":false,"_et_pb_use_builder":"","_et_pb_old_content":"","_et_gb_content_width":"","footnotes":""},"categories":[94],"tags":[],"class_list":["post-3221","post","type-post","status-publish","format-standard","hentry","category-bulletin-fr"],"acf":[],"yoast_head":"<!-- This site is optimized with the Yoast SEO plugin v25.8 - https:\/\/yoast.com\/wordpress\/plugins\/seo\/ -->\n<title>Que cesse l\u2019occupation\u00bb no. 1074 - PAJU<\/title>\n<meta name=\"robots\" content=\"index, follow, max-snippet:-1, max-image-preview:large, max-video-preview:-1\" \/>\n<link rel=\"canonical\" href=\"https:\/\/paju.org\/fr\/que-cesse-loccupation-no-1074\/\" \/>\n<meta property=\"og:locale\" content=\"fr_FR\" \/>\n<meta property=\"og:type\" content=\"article\" \/>\n<meta property=\"og:title\" content=\"Que cesse l\u2019occupation\u00bb no. 1074 - PAJU\" \/>\n<meta property=\"og:description\" content=\"Note de PAJU: Voici la version juive du Klu Klux Klan, bien implant\u00e9e en Cisjordanie palestinienne ill\u00e9galement occup\u00e9e. En rappelant les coups sauvages et les lynchages du KKK contre les [&hellip;]\" \/>\n<meta property=\"og:site_name\" content=\"PAJU\" \/>\n<meta property=\"article:publisher\" content=\"https:\/\/www.facebook.com\/pajumontreal\" \/>\n<meta property=\"article:published_time\" content=\"2021-09-10T13:56:00+00:00\" \/>\n<meta property=\"article:modified_time\" content=\"2022-03-02T15:56:58+00:00\" \/>\n<meta property=\"og:image\" content=\"https:\/\/paju.org\/wp-content\/uploads\/2022\/02\/tract-picket.jpg\" \/>\n\t<meta property=\"og:image:width\" content=\"960\" \/>\n\t<meta property=\"og:image:height\" content=\"720\" \/>\n\t<meta property=\"og:image:type\" content=\"image\/jpeg\" \/>\n<meta name=\"author\" content=\"PAJU\" \/>\n<meta name=\"twitter:card\" content=\"summary_large_image\" \/>\n<meta name=\"twitter:label1\" content=\"\u00c9crit par\" \/>\n\t<meta name=\"twitter:data1\" content=\"PAJU\" \/>\n\t<meta name=\"twitter:label2\" content=\"Dur\u00e9e de lecture estim\u00e9e\" \/>\n\t<meta name=\"twitter:data2\" content=\"9 minutes\" \/>\n<script type=\"application\/ld+json\" class=\"yoast-schema-graph\">{\"@context\":\"https:\/\/schema.org\",\"@graph\":[{\"@type\":\"Article\",\"@id\":\"https:\/\/paju.org\/fr\/que-cesse-loccupation-no-1074\/#article\",\"isPartOf\":{\"@id\":\"https:\/\/paju.org\/fr\/que-cesse-loccupation-no-1074\/\"},\"author\":{\"name\":\"PAJU\",\"@id\":\"https:\/\/paju.org\/fr\/#\/schema\/person\/329c80ae8a3b11562a4f709eaa6ebfc6\"},\"headline\":\"Que cesse l\u2019occupation\u00bb no. 1074\",\"datePublished\":\"2021-09-10T13:56:00+00:00\",\"dateModified\":\"2022-03-02T15:56:58+00:00\",\"mainEntityOfPage\":{\"@id\":\"https:\/\/paju.org\/fr\/que-cesse-loccupation-no-1074\/\"},\"wordCount\":1995,\"publisher\":{\"@id\":\"https:\/\/paju.org\/fr\/#organization\"},\"image\":{\"@id\":\"https:\/\/paju.org\/fr\/que-cesse-loccupation-no-1074\/#primaryimage\"},\"thumbnailUrl\":\"http:\/\/paju.org\/wp-content\/uploads\/2021\/09\/1074-1.jpg\",\"articleSection\":[\"Notre bulletin\"],\"inLanguage\":\"fr-FR\"},{\"@type\":\"WebPage\",\"@id\":\"https:\/\/paju.org\/fr\/que-cesse-loccupation-no-1074\/\",\"url\":\"https:\/\/paju.org\/fr\/que-cesse-loccupation-no-1074\/\",\"name\":\"Que cesse l\u2019occupation\u00bb no. 1074 - PAJU\",\"isPartOf\":{\"@id\":\"https:\/\/paju.org\/fr\/#website\"},\"primaryImageOfPage\":{\"@id\":\"https:\/\/paju.org\/fr\/que-cesse-loccupation-no-1074\/#primaryimage\"},\"image\":{\"@id\":\"https:\/\/paju.org\/fr\/que-cesse-loccupation-no-1074\/#primaryimage\"},\"thumbnailUrl\":\"http:\/\/paju.org\/wp-content\/uploads\/2021\/09\/1074-1.jpg\",\"datePublished\":\"2021-09-10T13:56:00+00:00\",\"dateModified\":\"2022-03-02T15:56:58+00:00\",\"breadcrumb\":{\"@id\":\"https:\/\/paju.org\/fr\/que-cesse-loccupation-no-1074\/#breadcrumb\"},\"inLanguage\":\"fr-FR\",\"potentialAction\":[{\"@type\":\"ReadAction\",\"target\":[\"https:\/\/paju.org\/fr\/que-cesse-loccupation-no-1074\/\"]}]},{\"@type\":\"ImageObject\",\"inLanguage\":\"fr-FR\",\"@id\":\"https:\/\/paju.org\/fr\/que-cesse-loccupation-no-1074\/#primaryimage\",\"url\":\"http:\/\/paju.org\/wp-content\/uploads\/2021\/09\/1074-1.jpg\",\"contentUrl\":\"http:\/\/paju.org\/wp-content\/uploads\/2021\/09\/1074-1.jpg\"},{\"@type\":\"BreadcrumbList\",\"@id\":\"https:\/\/paju.org\/fr\/que-cesse-loccupation-no-1074\/#breadcrumb\",\"itemListElement\":[{\"@type\":\"ListItem\",\"position\":1,\"name\":\"Home\",\"item\":\"https:\/\/paju.org\/fr\/\"},{\"@type\":\"ListItem\",\"position\":2,\"name\":\"Que cesse l\u2019occupation\u00bb no. 1074\"}]},{\"@type\":\"WebSite\",\"@id\":\"https:\/\/paju.org\/fr\/#website\",\"url\":\"https:\/\/paju.org\/fr\/\",\"name\":\"PAJU\",\"description\":\"\",\"publisher\":{\"@id\":\"https:\/\/paju.org\/fr\/#organization\"},\"potentialAction\":[{\"@type\":\"SearchAction\",\"target\":{\"@type\":\"EntryPoint\",\"urlTemplate\":\"https:\/\/paju.org\/fr\/?s={search_term_string}\"},\"query-input\":{\"@type\":\"PropertyValueSpecification\",\"valueRequired\":true,\"valueName\":\"search_term_string\"}}],\"inLanguage\":\"fr-FR\"},{\"@type\":\"Organization\",\"@id\":\"https:\/\/paju.org\/fr\/#organization\",\"name\":\"Palestinian and Jewish Unity\",\"url\":\"https:\/\/paju.org\/fr\/\",\"logo\":{\"@type\":\"ImageObject\",\"inLanguage\":\"fr-FR\",\"@id\":\"https:\/\/paju.org\/fr\/#\/schema\/logo\/image\/\",\"url\":\"https:\/\/paju.org\/wp-content\/uploads\/PAJU-Logo.png\",\"contentUrl\":\"https:\/\/paju.org\/wp-content\/uploads\/PAJU-Logo.png\",\"width\":696,\"height\":293,\"caption\":\"Palestinian and Jewish Unity\"},\"image\":{\"@id\":\"https:\/\/paju.org\/fr\/#\/schema\/logo\/image\/\"},\"sameAs\":[\"https:\/\/www.facebook.com\/pajumontreal\",\"https:\/\/www.instagram.com\/pajumontreal\/\"]},{\"@type\":\"Person\",\"@id\":\"https:\/\/paju.org\/fr\/#\/schema\/person\/329c80ae8a3b11562a4f709eaa6ebfc6\",\"name\":\"PAJU\",\"image\":{\"@type\":\"ImageObject\",\"inLanguage\":\"fr-FR\",\"@id\":\"https:\/\/paju.org\/fr\/#\/schema\/person\/image\/\",\"url\":\"https:\/\/secure.gravatar.com\/avatar\/add00ab44460a1b9b8dcff1854bb07dba0ac5e3135473daf39201d280ad20f18?s=96&d=mm&r=g\",\"contentUrl\":\"https:\/\/secure.gravatar.com\/avatar\/add00ab44460a1b9b8dcff1854bb07dba0ac5e3135473daf39201d280ad20f18?s=96&d=mm&r=g\",\"caption\":\"PAJU\"},\"url\":\"https:\/\/paju.org\/fr\/author\/chadi\/\"}]}<\/script>\n<!-- \/ Yoast SEO plugin. -->","yoast_head_json":{"title":"Que cesse l\u2019occupation\u00bb no. 1074 - PAJU","robots":{"index":"index","follow":"follow","max-snippet":"max-snippet:-1","max-image-preview":"max-image-preview:large","max-video-preview":"max-video-preview:-1"},"canonical":"https:\/\/paju.org\/fr\/que-cesse-loccupation-no-1074\/","og_locale":"fr_FR","og_type":"article","og_title":"Que cesse l\u2019occupation\u00bb no. 1074 - PAJU","og_description":"Note de PAJU: Voici la version juive du Klu Klux Klan, bien implant\u00e9e en Cisjordanie palestinienne ill\u00e9galement occup\u00e9e. En rappelant les coups sauvages et les lynchages du KKK contre les [&hellip;]","og_site_name":"PAJU","article_publisher":"https:\/\/www.facebook.com\/pajumontreal","article_published_time":"2021-09-10T13:56:00+00:00","article_modified_time":"2022-03-02T15:56:58+00:00","og_image":[{"width":960,"height":720,"url":"https:\/\/paju.org\/wp-content\/uploads\/2022\/02\/tract-picket.jpg","type":"image\/jpeg"}],"author":"PAJU","twitter_card":"summary_large_image","twitter_misc":{"\u00c9crit par":"PAJU","Dur\u00e9e de lecture estim\u00e9e":"9 minutes"},"schema":{"@context":"https:\/\/schema.org","@graph":[{"@type":"Article","@id":"https:\/\/paju.org\/fr\/que-cesse-loccupation-no-1074\/#article","isPartOf":{"@id":"https:\/\/paju.org\/fr\/que-cesse-loccupation-no-1074\/"},"author":{"name":"PAJU","@id":"https:\/\/paju.org\/fr\/#\/schema\/person\/329c80ae8a3b11562a4f709eaa6ebfc6"},"headline":"Que cesse l\u2019occupation\u00bb no. 1074","datePublished":"2021-09-10T13:56:00+00:00","dateModified":"2022-03-02T15:56:58+00:00","mainEntityOfPage":{"@id":"https:\/\/paju.org\/fr\/que-cesse-loccupation-no-1074\/"},"wordCount":1995,"publisher":{"@id":"https:\/\/paju.org\/fr\/#organization"},"image":{"@id":"https:\/\/paju.org\/fr\/que-cesse-loccupation-no-1074\/#primaryimage"},"thumbnailUrl":"http:\/\/paju.org\/wp-content\/uploads\/2021\/09\/1074-1.jpg","articleSection":["Notre bulletin"],"inLanguage":"fr-FR"},{"@type":"WebPage","@id":"https:\/\/paju.org\/fr\/que-cesse-loccupation-no-1074\/","url":"https:\/\/paju.org\/fr\/que-cesse-loccupation-no-1074\/","name":"Que cesse l\u2019occupation\u00bb no. 1074 - PAJU","isPartOf":{"@id":"https:\/\/paju.org\/fr\/#website"},"primaryImageOfPage":{"@id":"https:\/\/paju.org\/fr\/que-cesse-loccupation-no-1074\/#primaryimage"},"image":{"@id":"https:\/\/paju.org\/fr\/que-cesse-loccupation-no-1074\/#primaryimage"},"thumbnailUrl":"http:\/\/paju.org\/wp-content\/uploads\/2021\/09\/1074-1.jpg","datePublished":"2021-09-10T13:56:00+00:00","dateModified":"2022-03-02T15:56:58+00:00","breadcrumb":{"@id":"https:\/\/paju.org\/fr\/que-cesse-loccupation-no-1074\/#breadcrumb"},"inLanguage":"fr-FR","potentialAction":[{"@type":"ReadAction","target":["https:\/\/paju.org\/fr\/que-cesse-loccupation-no-1074\/"]}]},{"@type":"ImageObject","inLanguage":"fr-FR","@id":"https:\/\/paju.org\/fr\/que-cesse-loccupation-no-1074\/#primaryimage","url":"http:\/\/paju.org\/wp-content\/uploads\/2021\/09\/1074-1.jpg","contentUrl":"http:\/\/paju.org\/wp-content\/uploads\/2021\/09\/1074-1.jpg"},{"@type":"BreadcrumbList","@id":"https:\/\/paju.org\/fr\/que-cesse-loccupation-no-1074\/#breadcrumb","itemListElement":[{"@type":"ListItem","position":1,"name":"Home","item":"https:\/\/paju.org\/fr\/"},{"@type":"ListItem","position":2,"name":"Que cesse l\u2019occupation\u00bb no. 1074"}]},{"@type":"WebSite","@id":"https:\/\/paju.org\/fr\/#website","url":"https:\/\/paju.org\/fr\/","name":"PAJU","description":"","publisher":{"@id":"https:\/\/paju.org\/fr\/#organization"},"potentialAction":[{"@type":"SearchAction","target":{"@type":"EntryPoint","urlTemplate":"https:\/\/paju.org\/fr\/?s={search_term_string}"},"query-input":{"@type":"PropertyValueSpecification","valueRequired":true,"valueName":"search_term_string"}}],"inLanguage":"fr-FR"},{"@type":"Organization","@id":"https:\/\/paju.org\/fr\/#organization","name":"Palestinian and Jewish Unity","url":"https:\/\/paju.org\/fr\/","logo":{"@type":"ImageObject","inLanguage":"fr-FR","@id":"https:\/\/paju.org\/fr\/#\/schema\/logo\/image\/","url":"https:\/\/paju.org\/wp-content\/uploads\/PAJU-Logo.png","contentUrl":"https:\/\/paju.org\/wp-content\/uploads\/PAJU-Logo.png","width":696,"height":293,"caption":"Palestinian and Jewish Unity"},"image":{"@id":"https:\/\/paju.org\/fr\/#\/schema\/logo\/image\/"},"sameAs":["https:\/\/www.facebook.com\/pajumontreal","https:\/\/www.instagram.com\/pajumontreal\/"]},{"@type":"Person","@id":"https:\/\/paju.org\/fr\/#\/schema\/person\/329c80ae8a3b11562a4f709eaa6ebfc6","name":"PAJU","image":{"@type":"ImageObject","inLanguage":"fr-FR","@id":"https:\/\/paju.org\/fr\/#\/schema\/person\/image\/","url":"https:\/\/secure.gravatar.com\/avatar\/add00ab44460a1b9b8dcff1854bb07dba0ac5e3135473daf39201d280ad20f18?s=96&d=mm&r=g","contentUrl":"https:\/\/secure.gravatar.com\/avatar\/add00ab44460a1b9b8dcff1854bb07dba0ac5e3135473daf39201d280ad20f18?s=96&d=mm&r=g","caption":"PAJU"},"url":"https:\/\/paju.org\/fr\/author\/chadi\/"}]}},"_links":{"self":[{"href":"https:\/\/paju.org\/fr\/wp-json\/wp\/v2\/posts\/3221","targetHints":{"allow":["GET"]}}],"collection":[{"href":"https:\/\/paju.org\/fr\/wp-json\/wp\/v2\/posts"}],"about":[{"href":"https:\/\/paju.org\/fr\/wp-json\/wp\/v2\/types\/post"}],"author":[{"embeddable":true,"href":"https:\/\/paju.org\/fr\/wp-json\/wp\/v2\/users\/1"}],"replies":[{"embeddable":true,"href":"https:\/\/paju.org\/fr\/wp-json\/wp\/v2\/comments?post=3221"}],"version-history":[{"count":2,"href":"https:\/\/paju.org\/fr\/wp-json\/wp\/v2\/posts\/3221\/revisions"}],"predecessor-version":[{"id":3225,"href":"https:\/\/paju.org\/fr\/wp-json\/wp\/v2\/posts\/3221\/revisions\/3225"}],"wp:attachment":[{"href":"https:\/\/paju.org\/fr\/wp-json\/wp\/v2\/media?parent=3221"}],"wp:term":[{"taxonomy":"category","embeddable":true,"href":"https:\/\/paju.org\/fr\/wp-json\/wp\/v2\/categories?post=3221"},{"taxonomy":"post_tag","embeddable":true,"href":"https:\/\/paju.org\/fr\/wp-json\/wp\/v2\/tags?post=3221"}],"curies":[{"name":"wp","href":"https:\/\/api.w.org\/{rel}","templated":true}]}}