{"id":3213,"date":"2021-09-03T23:20:00","date_gmt":"2021-09-03T23:20:00","guid":{"rendered":"http:\/\/paju.org\/?p=3213"},"modified":"2022-03-02T15:56:58","modified_gmt":"2022-03-02T15:56:58","slug":"que-cesse-loccupation-no-1073","status":"publish","type":"post","link":"https:\/\/paju.org\/fr\/que-cesse-loccupation-no-1073\/","title":{"rendered":"Que cesse l\u2019occupation\u00bb no. 1073"},"content":{"rendered":"<h3>Une Palestinienne \u00e9pargn\u00e9e de l&#8217;horreur d&#8217;une naissance dans une prison isra\u00e9lienne<\/h3>\n<p>Anhar al-Deek, la Palestinienne <a href=\"https:\/\/electronicintifada.net\/blogs\/tamara-nassar\/palestinian-baby-about-be-born-israeli-prison\">qui devait accoucher dans une prison isra\u00e9lienne<\/a>, a \u00e9t\u00e9 plac\u00e9e en r\u00e9sidence surveill\u00e9e.<\/p>\n<p><img loading=\"lazy\" decoding=\"async\" class=\"wp-image-3212 alignright\" src=\"http:\/\/paju.org\/wp-content\/uploads\/2021\/09\/1073-300x184.jpg\" alt=\"\" width=\"201\" height=\"123\" srcset=\"https:\/\/paju.org\/wp-content\/uploads\/2021\/09\/1073-300x184.jpg 300w, https:\/\/paju.org\/wp-content\/uploads\/2021\/09\/1073-768x471.jpg 768w, https:\/\/paju.org\/wp-content\/uploads\/2021\/09\/1073.jpg 800w\" sizes=\"(max-width: 201px) 100vw, 201px\" \/><\/p>\n<p>Le tribunal militaire isra\u00e9lien d&#8217;Ofer en Cisjordanie occup\u00e9e a accept\u00e9 de la lib\u00e9rer sous condition jeudi et a impos\u00e9 une caution de 12 500 $.<\/p>\n<p>Elle devra rester dans sa maison familiale dans le village de Kafr Nima, au nord-ouest de Ramallah dans le centre de la Cisjordanie occup\u00e9e.<\/p>\n<p>Al-Deek a remerci\u00e9 ses partisans apr\u00e8s sa lib\u00e9ration.<!--more--><\/p>\n<p>\u00ab Seul un d\u00e9tenu qui a \u00e9t\u00e9 lib\u00e9r\u00e9, avec l&#8217;aide de Dieu, apr\u00e8s avoir v\u00e9cu l&#8217;incarc\u00e9ration, peut comprendre ce que je ressens en ce moment \u00bb, a-t-elle d\u00e9clar\u00e9.<\/p>\n<p><strong><em>Conditions inhumaines et n\u00e9gligence m\u00e9dicale<\/em><\/strong><\/p>\n<p>Cela fait suite aux appels des d\u00e9fenseurs des droits humains et de <a href=\"https:\/\/www.facebook.com\/freedom2pal\/posts\/4503482269717317\">la commission de l&#8217;Autorit\u00e9 palestinienne pour les prisonniers<\/a>, ainsi qu&#8217;\u00e0 l&#8217;indignation croissante des Palestiniens.<\/p>\n<p>Jeudi, un groupe d&#8217;organisations palestiniennes de d\u00e9fense des droits humains a <a href=\"http:\/\/addameer.org\/news\/4484\">envoy\u00e9 un appel<\/a> par l&#8217;interm\u00e9diaire des Nations Unies appelant \u00e0 la lib\u00e9ration imm\u00e9diate d&#8217;al-Deek.<\/p>\n<p>Al-Deek \u00e9tait \u00ab incarc\u00e9r\u00e9e \u00e0 la prison de Damon alors qu&#8217;elle entre dans un \u00e9tat critique de son neuvi\u00e8me mois de grossesse \u00bb, ont d\u00e9clar\u00e9 les groupes.<\/p>\n<p>&#8220;Elle continue de souffrir de conditions de vie inhumaines, d&#8217;une n\u00e9gligence m\u00e9dicale d\u00e9lib\u00e9r\u00e9e, notamment le manque de soins pr\u00e9nataux, d&#8217;une d\u00e9t\u00e9rioration de son \u00e9tat de sant\u00e9 et d&#8217;une grossesse \u00e0 haut risque.&#8221;<\/p>\n<p>Si elle n&#8217;avait pas \u00e9t\u00e9 lib\u00e9r\u00e9e, al-Deek risquait d&#8217;accoucher par c\u00e9sarienne dans les prochains jours alors qu&#8217;elle \u00e9tait encha\u00een\u00e9e \u00e0 un lit, comme d&#8217;autres Palestiniennes d\u00e9tenues par Isra\u00ebl l&#8217;ont fait avant elle.<\/p>\n<p>Elle aurait \u00e9galement \u00e9t\u00e9 confront\u00e9e \u00e0 la perspective d\u2019\u00ab \u00e9lever son nouveau-n\u00e9 dans une prison isra\u00e9lienne dans des conditions \u00e9quivalant \u00e0 la torture et \u00e0 des peines ou \u00e0 des traitements cruels, inhumains ou d\u00e9gradants \u00bb, ont d\u00e9clar\u00e9 les groupes de d\u00e9fense des droits humains.<\/p>\n<p>Avant la d\u00e9cision de lib\u00e9rer al-Deek, les autorit\u00e9s p\u00e9nitentiaires isra\u00e9liennes avaient d\u00e9j\u00e0 refus\u00e9 les demandes de sa m\u00e8re ou de son mari d&#8217;assister \u00e0 son accouchement et avaient d\u00e9cid\u00e9 qu&#8217;elle serait plac\u00e9e en isolement avant son accouchement, soi-disant en raison des restrictions li\u00e9es au COVID-19.<\/p>\n<p>De telles conditions \u00ab exacerberaient le traumatisme post-partum et la mauvaise sant\u00e9 de la m\u00e8re \u00bb, ont d\u00e9clar\u00e9 les groupes.<\/p>\n<p>Dans ces circonstances d\u00e9sastreuses, la lib\u00e9ration d&#8217;al-Deek est consid\u00e9r\u00e9e comme une victoire, les Palestiniens partageant des photos et des vid\u00e9os d&#8217;elle rentrant chez elle avec un accueil chaleureux.<\/p>\n<p><strong><em>Crise de la sant\u00e9 mentale<\/em><\/strong><\/p>\n<p>M\u00eame si al-Deek sera \u00e9pargn\u00e9e de l&#8217;horreur d&#8217;accoucher seule en prison, on ne sait pas ce que son avenir lui r\u00e9serve.<\/p>\n<p>Malgr\u00e9 sa lib\u00e9ration conditionnelle, al-Deek fait toujours face au poids du syst\u00e8me judiciaire militaire isra\u00e9lien, o\u00f9 elle fait face \u00e0 des accusations d&#8217;agression et de possession d&#8217;une arme.<\/p>\n<p>Al-Deek a \u00e9t\u00e9 arr\u00eat\u00e9e en mars alors qu&#8217;elle serait entr\u00e9e \u00e0 Sde Efraim et aurait tent\u00e9 de poignarder un habitant de l&#8217;avant-poste colonial isra\u00e9lien construit sur des terres palestiniennes non loin de son village. Al-Deek n&#8217;a bless\u00e9 personne dans l&#8217;incident.<\/p>\n<p>Son avocat a d\u00e9clar\u00e9 qu&#8217;au moment de l&#8217;incident, la jeune femme souffrait d&#8217;une grave d\u00e9pression post-partum pour laquelle elle \u00e9tait trait\u00e9e par un psychiatre.<\/p>\n<p>Elle avait d\u00e9j\u00e0 une petite fille et \u00e9tait de nouveau enceinte au moment de son arrestation.<\/p>\n<p>L&#8217;avocate a d\u00e9clar\u00e9 au journal al-Quds al-Arabi qu&#8217;al-Deek avait eu des \u00ab pens\u00e9es sombres \u00bb et avait agi \u00ab sans \u00eatre pleinement consciente \u00bb de ce qu&#8217;elle faisait.<\/p>\n<p>La famille d&#8217;Al-Deek a <a href=\"https:\/\/www.haaretz.com\/israel-news\/twilight-zone\/.premium.MAGAZINE-nine-months-pregnant-bipolar-palestinian-jailed-in-israel-is-given-a-small-reprieve-1.10177934\">d\u00e9clar\u00e9 au journal isra\u00e9lien Haaretz<\/a> qu&#8217;elle souffrait de trouble bipolaire et de d\u00e9pression.<\/p>\n<p>Sa famille a d\u00e9crit un comportement perturbateur et violent, des acc\u00e8s de d\u00e9pression s\u00e9v\u00e8re et des menaces d&#8217;automutilation. Elle n&#8217;aurait souvent aucun souvenir de tels \u00e9pisodes, selon sa famille.<\/p>\n<p>Cela a conduit sa famille \u00e0 se faire soigner par deux psychiatres. Malgr\u00e9 cette histoire, un m\u00e9decin nomm\u00e9 par le tribunal militaire isra\u00e9lien a d\u00e9clar\u00e9 al-Deek apte \u00e0 subir son proc\u00e8s.<\/p>\n<p>Le syst\u00e8me judiciaire militaire isra\u00e9lien qui d\u00e9cidera finalement du sort d&#8217;al-Deek <a href=\"https:\/\/www.haaretz.com\/opinion\/.premium-separate-and-unequal-a-look-inside-israel-s-military-courts-1.5453846\">n&#8217;est utilis\u00e9 que contre les Palestiniens<\/a> en Cisjordanie occup\u00e9e.<\/p>\n<p>Les colons isra\u00e9liens vivant sur le m\u00eame territoire b\u00e9n\u00e9ficient des protections relatives du syst\u00e8me judiciaire civil isra\u00e9lien &#8211; <a href=\"https:\/\/electronicintifada.net\/tags\/apartheid\">un exemple flagrant du fonctionnement de l&#8217;apartheid isra\u00e9lien<\/a>.<\/p>\n<p>Avec leur absence de proc\u00e9dure r\u00e9guli\u00e8re et d&#8217;\u00e9quit\u00e9 de base, les tribunaux militaires ont <a href=\"https:\/\/www.haaretz.com\/1.5214377\">un taux de condamnation de pr\u00e8s de 100 pour cent contre les Palestiniens<\/a>.<\/p>\n<p><strong>Adapt\u00e9 de\u00a0:<\/strong> <a href=\"https:\/\/electronicintifada.net\/blogs\/ali-abunimah\/palestinian-woman-spared-horror-israeli-prison-birth\">https:\/\/electronicintifada.net\/blogs\/ali-abunimah\/palestinian-woman-spared-horror-israeli-prison-birth<\/a><\/p>\n<p><strong>DISTRIBU\u00c9 PAR PAJU (PALESTINIENS ET JUIFS UNIS)<\/strong><\/p>\n<p><strong><u>PAJUMONTREAL.ORG\/FR<\/u><\/strong><\/p>\n<p><strong>\u00a0<\/strong><\/p>\n","protected":false},"excerpt":{"rendered":"<p>Une Palestinienne \u00e9pargn\u00e9e de l&#8217;horreur d&#8217;une naissance dans une prison isra\u00e9lienne Anhar al-Deek, la Palestinienne qui devait accoucher dans une prison isra\u00e9lienne, a \u00e9t\u00e9 plac\u00e9e en r\u00e9sidence surveill\u00e9e. Le tribunal [&hellip;]<\/p>\n","protected":false},"author":1,"featured_media":0,"comment_status":"closed","ping_status":"closed","sticky":false,"template":"","format":"standard","meta":{"_acf_changed":false,"_et_pb_use_builder":"","_et_pb_old_content":"","_et_gb_content_width":"","footnotes":""},"categories":[94],"tags":[],"class_list":["post-3213","post","type-post","status-publish","format-standard","hentry","category-bulletin-fr"],"acf":[],"yoast_head":"<!-- This site is optimized with the Yoast SEO plugin v25.8 - https:\/\/yoast.com\/wordpress\/plugins\/seo\/ -->\n<title>Que cesse l\u2019occupation\u00bb no. 1073 - PAJU<\/title>\n<meta name=\"robots\" content=\"index, follow, max-snippet:-1, max-image-preview:large, max-video-preview:-1\" \/>\n<link rel=\"canonical\" href=\"https:\/\/paju.org\/fr\/que-cesse-loccupation-no-1073\/\" \/>\n<meta property=\"og:locale\" content=\"fr_FR\" \/>\n<meta property=\"og:type\" content=\"article\" \/>\n<meta property=\"og:title\" content=\"Que cesse l\u2019occupation\u00bb no. 1073 - PAJU\" \/>\n<meta property=\"og:description\" content=\"Une Palestinienne \u00e9pargn\u00e9e de l&#8217;horreur d&#8217;une naissance dans une prison isra\u00e9lienne Anhar al-Deek, la Palestinienne qui devait accoucher dans une prison isra\u00e9lienne, a \u00e9t\u00e9 plac\u00e9e en r\u00e9sidence surveill\u00e9e. Le tribunal [&hellip;]\" \/>\n<meta property=\"og:site_name\" content=\"PAJU\" \/>\n<meta property=\"article:publisher\" content=\"https:\/\/www.facebook.com\/pajumontreal\" \/>\n<meta property=\"article:published_time\" content=\"2021-09-03T23:20:00+00:00\" \/>\n<meta property=\"article:modified_time\" content=\"2022-03-02T15:56:58+00:00\" \/>\n<meta property=\"og:image\" content=\"https:\/\/paju.org\/wp-content\/uploads\/2022\/02\/tract-picket.jpg\" \/>\n\t<meta property=\"og:image:width\" content=\"960\" \/>\n\t<meta property=\"og:image:height\" content=\"720\" \/>\n\t<meta property=\"og:image:type\" content=\"image\/jpeg\" \/>\n<meta name=\"author\" content=\"PAJU\" \/>\n<meta name=\"twitter:card\" content=\"summary_large_image\" \/>\n<meta name=\"twitter:label1\" content=\"\u00c9crit par\" \/>\n\t<meta name=\"twitter:data1\" content=\"PAJU\" \/>\n\t<meta name=\"twitter:label2\" content=\"Dur\u00e9e de lecture estim\u00e9e\" \/>\n\t<meta name=\"twitter:data2\" content=\"4 minutes\" \/>\n<script type=\"application\/ld+json\" class=\"yoast-schema-graph\">{\"@context\":\"https:\/\/schema.org\",\"@graph\":[{\"@type\":\"Article\",\"@id\":\"https:\/\/paju.org\/fr\/que-cesse-loccupation-no-1073\/#article\",\"isPartOf\":{\"@id\":\"https:\/\/paju.org\/fr\/que-cesse-loccupation-no-1073\/\"},\"author\":{\"name\":\"PAJU\",\"@id\":\"https:\/\/paju.org\/fr\/#\/schema\/person\/329c80ae8a3b11562a4f709eaa6ebfc6\"},\"headline\":\"Que cesse l\u2019occupation\u00bb no. 1073\",\"datePublished\":\"2021-09-03T23:20:00+00:00\",\"dateModified\":\"2022-03-02T15:56:58+00:00\",\"mainEntityOfPage\":{\"@id\":\"https:\/\/paju.org\/fr\/que-cesse-loccupation-no-1073\/\"},\"wordCount\":859,\"publisher\":{\"@id\":\"https:\/\/paju.org\/fr\/#organization\"},\"image\":{\"@id\":\"https:\/\/paju.org\/fr\/que-cesse-loccupation-no-1073\/#primaryimage\"},\"thumbnailUrl\":\"http:\/\/paju.org\/wp-content\/uploads\/2021\/09\/1073-300x184.jpg\",\"articleSection\":[\"Notre bulletin\"],\"inLanguage\":\"fr-FR\"},{\"@type\":\"WebPage\",\"@id\":\"https:\/\/paju.org\/fr\/que-cesse-loccupation-no-1073\/\",\"url\":\"https:\/\/paju.org\/fr\/que-cesse-loccupation-no-1073\/\",\"name\":\"Que cesse l\u2019occupation\u00bb no. 1073 - PAJU\",\"isPartOf\":{\"@id\":\"https:\/\/paju.org\/fr\/#website\"},\"primaryImageOfPage\":{\"@id\":\"https:\/\/paju.org\/fr\/que-cesse-loccupation-no-1073\/#primaryimage\"},\"image\":{\"@id\":\"https:\/\/paju.org\/fr\/que-cesse-loccupation-no-1073\/#primaryimage\"},\"thumbnailUrl\":\"http:\/\/paju.org\/wp-content\/uploads\/2021\/09\/1073-300x184.jpg\",\"datePublished\":\"2021-09-03T23:20:00+00:00\",\"dateModified\":\"2022-03-02T15:56:58+00:00\",\"breadcrumb\":{\"@id\":\"https:\/\/paju.org\/fr\/que-cesse-loccupation-no-1073\/#breadcrumb\"},\"inLanguage\":\"fr-FR\",\"potentialAction\":[{\"@type\":\"ReadAction\",\"target\":[\"https:\/\/paju.org\/fr\/que-cesse-loccupation-no-1073\/\"]}]},{\"@type\":\"ImageObject\",\"inLanguage\":\"fr-FR\",\"@id\":\"https:\/\/paju.org\/fr\/que-cesse-loccupation-no-1073\/#primaryimage\",\"url\":\"http:\/\/paju.org\/wp-content\/uploads\/2021\/09\/1073-300x184.jpg\",\"contentUrl\":\"http:\/\/paju.org\/wp-content\/uploads\/2021\/09\/1073-300x184.jpg\"},{\"@type\":\"BreadcrumbList\",\"@id\":\"https:\/\/paju.org\/fr\/que-cesse-loccupation-no-1073\/#breadcrumb\",\"itemListElement\":[{\"@type\":\"ListItem\",\"position\":1,\"name\":\"Home\",\"item\":\"https:\/\/paju.org\/fr\/\"},{\"@type\":\"ListItem\",\"position\":2,\"name\":\"Que cesse l\u2019occupation\u00bb no. 1073\"}]},{\"@type\":\"WebSite\",\"@id\":\"https:\/\/paju.org\/fr\/#website\",\"url\":\"https:\/\/paju.org\/fr\/\",\"name\":\"PAJU\",\"description\":\"\",\"publisher\":{\"@id\":\"https:\/\/paju.org\/fr\/#organization\"},\"potentialAction\":[{\"@type\":\"SearchAction\",\"target\":{\"@type\":\"EntryPoint\",\"urlTemplate\":\"https:\/\/paju.org\/fr\/?s={search_term_string}\"},\"query-input\":{\"@type\":\"PropertyValueSpecification\",\"valueRequired\":true,\"valueName\":\"search_term_string\"}}],\"inLanguage\":\"fr-FR\"},{\"@type\":\"Organization\",\"@id\":\"https:\/\/paju.org\/fr\/#organization\",\"name\":\"Palestinian and Jewish Unity\",\"url\":\"https:\/\/paju.org\/fr\/\",\"logo\":{\"@type\":\"ImageObject\",\"inLanguage\":\"fr-FR\",\"@id\":\"https:\/\/paju.org\/fr\/#\/schema\/logo\/image\/\",\"url\":\"https:\/\/paju.org\/wp-content\/uploads\/PAJU-Logo.png\",\"contentUrl\":\"https:\/\/paju.org\/wp-content\/uploads\/PAJU-Logo.png\",\"width\":696,\"height\":293,\"caption\":\"Palestinian and Jewish Unity\"},\"image\":{\"@id\":\"https:\/\/paju.org\/fr\/#\/schema\/logo\/image\/\"},\"sameAs\":[\"https:\/\/www.facebook.com\/pajumontreal\",\"https:\/\/www.instagram.com\/pajumontreal\/\"]},{\"@type\":\"Person\",\"@id\":\"https:\/\/paju.org\/fr\/#\/schema\/person\/329c80ae8a3b11562a4f709eaa6ebfc6\",\"name\":\"PAJU\",\"image\":{\"@type\":\"ImageObject\",\"inLanguage\":\"fr-FR\",\"@id\":\"https:\/\/paju.org\/fr\/#\/schema\/person\/image\/\",\"url\":\"https:\/\/secure.gravatar.com\/avatar\/add00ab44460a1b9b8dcff1854bb07dba0ac5e3135473daf39201d280ad20f18?s=96&d=mm&r=g\",\"contentUrl\":\"https:\/\/secure.gravatar.com\/avatar\/add00ab44460a1b9b8dcff1854bb07dba0ac5e3135473daf39201d280ad20f18?s=96&d=mm&r=g\",\"caption\":\"PAJU\"},\"url\":\"https:\/\/paju.org\/fr\/author\/chadi\/\"}]}<\/script>\n<!-- \/ Yoast SEO plugin. -->","yoast_head_json":{"title":"Que cesse l\u2019occupation\u00bb no. 1073 - PAJU","robots":{"index":"index","follow":"follow","max-snippet":"max-snippet:-1","max-image-preview":"max-image-preview:large","max-video-preview":"max-video-preview:-1"},"canonical":"https:\/\/paju.org\/fr\/que-cesse-loccupation-no-1073\/","og_locale":"fr_FR","og_type":"article","og_title":"Que cesse l\u2019occupation\u00bb no. 1073 - PAJU","og_description":"Une Palestinienne \u00e9pargn\u00e9e de l&#8217;horreur d&#8217;une naissance dans une prison isra\u00e9lienne Anhar al-Deek, la Palestinienne qui devait accoucher dans une prison isra\u00e9lienne, a \u00e9t\u00e9 plac\u00e9e en r\u00e9sidence surveill\u00e9e. Le tribunal [&hellip;]","og_site_name":"PAJU","article_publisher":"https:\/\/www.facebook.com\/pajumontreal","article_published_time":"2021-09-03T23:20:00+00:00","article_modified_time":"2022-03-02T15:56:58+00:00","og_image":[{"width":960,"height":720,"url":"https:\/\/paju.org\/wp-content\/uploads\/2022\/02\/tract-picket.jpg","type":"image\/jpeg"}],"author":"PAJU","twitter_card":"summary_large_image","twitter_misc":{"\u00c9crit par":"PAJU","Dur\u00e9e de lecture estim\u00e9e":"4 minutes"},"schema":{"@context":"https:\/\/schema.org","@graph":[{"@type":"Article","@id":"https:\/\/paju.org\/fr\/que-cesse-loccupation-no-1073\/#article","isPartOf":{"@id":"https:\/\/paju.org\/fr\/que-cesse-loccupation-no-1073\/"},"author":{"name":"PAJU","@id":"https:\/\/paju.org\/fr\/#\/schema\/person\/329c80ae8a3b11562a4f709eaa6ebfc6"},"headline":"Que cesse l\u2019occupation\u00bb no. 1073","datePublished":"2021-09-03T23:20:00+00:00","dateModified":"2022-03-02T15:56:58+00:00","mainEntityOfPage":{"@id":"https:\/\/paju.org\/fr\/que-cesse-loccupation-no-1073\/"},"wordCount":859,"publisher":{"@id":"https:\/\/paju.org\/fr\/#organization"},"image":{"@id":"https:\/\/paju.org\/fr\/que-cesse-loccupation-no-1073\/#primaryimage"},"thumbnailUrl":"http:\/\/paju.org\/wp-content\/uploads\/2021\/09\/1073-300x184.jpg","articleSection":["Notre bulletin"],"inLanguage":"fr-FR"},{"@type":"WebPage","@id":"https:\/\/paju.org\/fr\/que-cesse-loccupation-no-1073\/","url":"https:\/\/paju.org\/fr\/que-cesse-loccupation-no-1073\/","name":"Que cesse l\u2019occupation\u00bb no. 1073 - PAJU","isPartOf":{"@id":"https:\/\/paju.org\/fr\/#website"},"primaryImageOfPage":{"@id":"https:\/\/paju.org\/fr\/que-cesse-loccupation-no-1073\/#primaryimage"},"image":{"@id":"https:\/\/paju.org\/fr\/que-cesse-loccupation-no-1073\/#primaryimage"},"thumbnailUrl":"http:\/\/paju.org\/wp-content\/uploads\/2021\/09\/1073-300x184.jpg","datePublished":"2021-09-03T23:20:00+00:00","dateModified":"2022-03-02T15:56:58+00:00","breadcrumb":{"@id":"https:\/\/paju.org\/fr\/que-cesse-loccupation-no-1073\/#breadcrumb"},"inLanguage":"fr-FR","potentialAction":[{"@type":"ReadAction","target":["https:\/\/paju.org\/fr\/que-cesse-loccupation-no-1073\/"]}]},{"@type":"ImageObject","inLanguage":"fr-FR","@id":"https:\/\/paju.org\/fr\/que-cesse-loccupation-no-1073\/#primaryimage","url":"http:\/\/paju.org\/wp-content\/uploads\/2021\/09\/1073-300x184.jpg","contentUrl":"http:\/\/paju.org\/wp-content\/uploads\/2021\/09\/1073-300x184.jpg"},{"@type":"BreadcrumbList","@id":"https:\/\/paju.org\/fr\/que-cesse-loccupation-no-1073\/#breadcrumb","itemListElement":[{"@type":"ListItem","position":1,"name":"Home","item":"https:\/\/paju.org\/fr\/"},{"@type":"ListItem","position":2,"name":"Que cesse l\u2019occupation\u00bb no. 1073"}]},{"@type":"WebSite","@id":"https:\/\/paju.org\/fr\/#website","url":"https:\/\/paju.org\/fr\/","name":"PAJU","description":"","publisher":{"@id":"https:\/\/paju.org\/fr\/#organization"},"potentialAction":[{"@type":"SearchAction","target":{"@type":"EntryPoint","urlTemplate":"https:\/\/paju.org\/fr\/?s={search_term_string}"},"query-input":{"@type":"PropertyValueSpecification","valueRequired":true,"valueName":"search_term_string"}}],"inLanguage":"fr-FR"},{"@type":"Organization","@id":"https:\/\/paju.org\/fr\/#organization","name":"Palestinian and Jewish Unity","url":"https:\/\/paju.org\/fr\/","logo":{"@type":"ImageObject","inLanguage":"fr-FR","@id":"https:\/\/paju.org\/fr\/#\/schema\/logo\/image\/","url":"https:\/\/paju.org\/wp-content\/uploads\/PAJU-Logo.png","contentUrl":"https:\/\/paju.org\/wp-content\/uploads\/PAJU-Logo.png","width":696,"height":293,"caption":"Palestinian and Jewish Unity"},"image":{"@id":"https:\/\/paju.org\/fr\/#\/schema\/logo\/image\/"},"sameAs":["https:\/\/www.facebook.com\/pajumontreal","https:\/\/www.instagram.com\/pajumontreal\/"]},{"@type":"Person","@id":"https:\/\/paju.org\/fr\/#\/schema\/person\/329c80ae8a3b11562a4f709eaa6ebfc6","name":"PAJU","image":{"@type":"ImageObject","inLanguage":"fr-FR","@id":"https:\/\/paju.org\/fr\/#\/schema\/person\/image\/","url":"https:\/\/secure.gravatar.com\/avatar\/add00ab44460a1b9b8dcff1854bb07dba0ac5e3135473daf39201d280ad20f18?s=96&d=mm&r=g","contentUrl":"https:\/\/secure.gravatar.com\/avatar\/add00ab44460a1b9b8dcff1854bb07dba0ac5e3135473daf39201d280ad20f18?s=96&d=mm&r=g","caption":"PAJU"},"url":"https:\/\/paju.org\/fr\/author\/chadi\/"}]}},"_links":{"self":[{"href":"https:\/\/paju.org\/fr\/wp-json\/wp\/v2\/posts\/3213","targetHints":{"allow":["GET"]}}],"collection":[{"href":"https:\/\/paju.org\/fr\/wp-json\/wp\/v2\/posts"}],"about":[{"href":"https:\/\/paju.org\/fr\/wp-json\/wp\/v2\/types\/post"}],"author":[{"embeddable":true,"href":"https:\/\/paju.org\/fr\/wp-json\/wp\/v2\/users\/1"}],"replies":[{"embeddable":true,"href":"https:\/\/paju.org\/fr\/wp-json\/wp\/v2\/comments?post=3213"}],"version-history":[{"count":2,"href":"https:\/\/paju.org\/fr\/wp-json\/wp\/v2\/posts\/3213\/revisions"}],"predecessor-version":[{"id":3215,"href":"https:\/\/paju.org\/fr\/wp-json\/wp\/v2\/posts\/3213\/revisions\/3215"}],"wp:attachment":[{"href":"https:\/\/paju.org\/fr\/wp-json\/wp\/v2\/media?parent=3213"}],"wp:term":[{"taxonomy":"category","embeddable":true,"href":"https:\/\/paju.org\/fr\/wp-json\/wp\/v2\/categories?post=3213"},{"taxonomy":"post_tag","embeddable":true,"href":"https:\/\/paju.org\/fr\/wp-json\/wp\/v2\/tags?post=3213"}],"curies":[{"name":"wp","href":"https:\/\/api.w.org\/{rel}","templated":true}]}}