{"id":3200,"date":"2021-08-27T00:09:00","date_gmt":"2021-08-27T00:09:00","guid":{"rendered":"http:\/\/paju.org\/?p=3200"},"modified":"2022-03-02T15:56:58","modified_gmt":"2022-03-02T15:56:58","slug":"que-cesse-loccupation-no-1072","status":"publish","type":"post","link":"https:\/\/paju.org\/fr\/que-cesse-loccupation-no-1072\/","title":{"rendered":"Que cesse l\u2019occupation\u00bb no. 1072"},"content":{"rendered":"<h3>L&#8217;Alg\u00e9rie bl\u00e2me en partie Isra\u00ebl dans sa d\u00e9cision de rompre ses relations avec le Maroc<\/h3>\n<p><em>En expliquant la d\u00e9cision de son pays de rompre les relations diplomatiques avec le Maroc, le ministre alg\u00e9rien des Affaires \u00e9trang\u00e8res Ramtane Lamamra a \u00e9galement point\u00e9 du doigt Isra\u00ebl.<\/em><\/p>\n<p>25 ao\u00fbt 2021<\/p>\n<p>L&#8217;annonce par l&#8217;Alg\u00e9rie cette semaine de la rupture de ses relations diplomatiques avec le Maroc n&#8217;a pas \u00e9t\u00e9 une surprise \u2013 le <img loading=\"lazy\" decoding=\"async\" class=\" wp-image-3201 alignright\" src=\"http:\/\/paju.org\/wp-content\/uploads\/2021\/08\/1072-1.jpg\" alt=\"\" width=\"197\" height=\"110\" srcset=\"https:\/\/paju.org\/wp-content\/uploads\/2021\/08\/1072-1.jpg 152w, https:\/\/paju.org\/wp-content\/uploads\/2021\/08\/1072-1-150x85.jpg 150w\" sizes=\"(max-width: 197px) 100vw, 197px\" \/>pr\u00e9sident alg\u00e9rien Abdelmadjid Tebboune avait publi\u00e9 une d\u00e9claration le 18 ao\u00fbt disant que les relations avec le Maroc \u00e9taient en cours de r\u00e9vision. Pourtant, la profondeur des accusations port\u00e9es par l&#8217;Alg\u00e9rie contre Isra\u00ebl le 24 ao\u00fbt a surpris J\u00e9rusalem. Pour le moment, le gouvernement isra\u00e9lien n&#8217;a \u00e9mis aucun commentaire, pr\u00e9f\u00e9rant garder un profil bas.<!--more--><\/p>\n<p>La col\u00e8re alg\u00e9rienne contre Isra\u00ebl n&#8217;est pas nouvelle et est principalement li\u00e9e au conflit isra\u00e9lo-palestinien. En tant que tel, il s&#8217;est intensifi\u00e9 depuis qu&#8217;Isra\u00ebl a sign\u00e9 les accords d&#8217;Abraham avec le Maroc, Bahre\u00efn et les \u00c9mirats arabes unis. Peu de temps apr\u00e8s l&#8217;annonce des accords, <a href=\"https:\/\/english.alaraby.co.uk\/analysis\/how-morocco-israel-normalisation-could-push-algeria-closer-russia\">Tebboune a d\u00e9clar\u00e9<\/a> : \u00ab Il y a une course folle parmi les Arabes pour normaliser leurs relations. Nous n&#8217;y participerons pas. Nous ne l&#8217;accepterons pas. Nous ne les b\u00e9nirons pas. La cause palestinienne est sacr\u00e9e et nous n&#8217;y renoncerons pas.<\/p>\n<p>Mais plus que la question palestinienne, la col\u00e8re alg\u00e9rienne contre le rapprochement isra\u00e9lo-marocain a \u00e9t\u00e9 aliment\u00e9e par la reconnaissance am\u00e9ricaine de la souverainet\u00e9 marocaine sur le Sahara occidental. En fait, c&#8217;est l&#8217;accord de l&#8217;administration Trump selon lequel les \u00c9tats-Unis reconna\u00eetraient la souverainet\u00e9 marocaine qui a ouvert la voie \u00e0 Rabat pour rejoindre les accords d&#8217;Abraham. L&#8217;Alg\u00e9rie soutient le mouvement ind\u00e9pendantiste du Sahara occidental Polisario depuis des d\u00e9cennies, et le nouveau triple consensus isra\u00e9lo-am\u00e9ricain-marocain sur le Sahara occidental a \u00e9t\u00e9 per\u00e7u par l&#8217;Alg\u00e9rie comme particuli\u00e8rement hostile.<\/p>\n<p>R\u00e9cemment, l&#8217;Alg\u00e9rie a accus\u00e9 le Maroc de complicit\u00e9 dans des incendies de for\u00eat meurtriers o\u00f9 90 personnes ont \u00e9t\u00e9 tu\u00e9es. Selon les autorit\u00e9s alg\u00e9riennes, les incendies \u00e9taient d&#8217;origine criminelle. L&#8217;Alg\u00e9rie a imput\u00e9 les incendies d&#8217;ao\u00fbt et un incident de lynchage connexe aux mouvements ind\u00e9pendantistes kabyles MAK et Rachad, pr\u00e9tendument soutenus par les Marocains. \u00ab&nbsp;Le haut conseil de s\u00e9curit\u00e9 a d\u00e9cid\u00e9 (&#8230;) d<a href=\"https:\/\/www.france24.com\/en\/live-news\/20210818-algeria-to-review-morocco-relations-after-hostile-acts\">&#8216;intensifier les efforts<\/a> des services de s\u00e9curit\u00e9 pour arr\u00eater le reste des individus impliqu\u00e9s dans les deux crimes, ainsi que tous les membres des deux mouvements terroristes qui menacent la s\u00e9curit\u00e9 publique et l&#8217;unit\u00e9 nationale&#8221;, lire la d\u00e9claration du 18 ao\u00fbt. Il a en outre not\u00e9 que les autorit\u00e9s alg\u00e9riennes visent &#8220;l&#8217;\u00e9radication totale&#8221; des mouvements, en particulier le MAK, qui re\u00e7oit le soutien et l&#8217;aide de partis \u00e9trangers&#8230; du Maroc et de <a href=\"https:\/\/www.reuters.com\/world\/africa\/algeria-accuses-groups-it-links-morocco-israel-setting-wildfires-2021-08-18\/\">l&#8217;entit\u00e9 sioniste<\/a>&nbsp;\u00bb.<\/p>\n<p>La col\u00e8re alg\u00e9rienne a \u00e9t\u00e9 encore aliment\u00e9e par la <a href=\"https:\/\/www.al-monitor.com\/originals\/2021\/08\/israels-lapid-reopens-liaison-office-morocco-moved-synagogue-visit\">visite le 12 ao\u00fbt<\/a> du ministre isra\u00e9lien des Affaires \u00e9trang\u00e8res Yair Lapid au Maroc. Au cours de cette visite, Lapid a exprim\u00e9 ses <a href=\"https:\/\/moroccolatestnews.com\/lapid-reveals-the-existence-of-a-rapprochement-between-algeria-and-iran\/\">inqui\u00e9tudes<\/a> quant aux signes de rapprochement entre l&#8217;Alg\u00e9rie et l&#8217;Iran. S&#8217;exprimant lors d&#8217;une conf\u00e9rence de presse \u00e0 Casablanca, Lapid a d\u00e9clar\u00e9 qu&#8217;il partageait avec son homologue marocain Nasser Bourita \u00ab une certaine inqui\u00e9tude concernant le r\u00f4le de l&#8217;\u00c9tat alg\u00e9rien dans la r\u00e9gion, qui s&#8217;est rapproch\u00e9 de l&#8217;Iran et fait actuellement campagne contre l&#8217;admission d&#8217;Isra\u00ebl \u00e0 l&#8217;Union africaine en tant qu\u2019observateur.&nbsp;\u00bb<\/p>\n<p>L&#8217;Alg\u00e9rie \u00e9tait furieuse de cette d\u00e9claration, comme l&#8217;a clairement exprim\u00e9 la d\u00e9claration du 24 ao\u00fbt du ministre des Affaires \u00e9trang\u00e8res Ramtane Lamamra. \u00ab <a href=\"https:\/\/www.timesofisrael.com\/algeria-cuts-ties-with-hostile-morocco-partly-blaming-israel-rapprochement\/\">Le Maroc a fait de son territoire une plateforme<\/a> permettant aux puissances \u00e9trang\u00e8res de parler avec hostilit\u00e9 de l&#8217;Alg\u00e9rie. \u2026 Depuis 1948, aucun responsable isra\u00e9lien n&#8217;a fait de d\u00e9claration hostile \u00e0 un pays arabe d&#8217;un autre pays arabe \u00bb, a d\u00e9clar\u00e9 Lamamra.<\/p>\n<p>La question de la d\u00e9claration de Lapid, le conflit isra\u00e9lo-palestinien et le d\u00e9saccord sur le Sahara occidental ne sont pas les seuls griefs que l&#8217;Alg\u00e9rie a contre Isra\u00ebl. Lamamra a \u00e9galement d\u00e9nonc\u00e9 des \u00ab <a href=\"https:\/\/apnews.com\/article\/africa-business-algeria-morocco-0ae243127776fe3754d72de5c7dd6f1d\">actes d&#8217;espionnage<\/a> massifs et syst\u00e9matiques \u00bb de la part du Maroc.<\/p>\n<p>Il faisait r\u00e9f\u00e9rence \u00e0 l&#8217;affaire Pegasus, o\u00f9 le Maroc aurait utilis\u00e9 le logiciel de fabrication isra\u00e9lienne pour espionner les responsables alg\u00e9riens. Alors que Rabat a cat\u00e9goriquement d\u00e9menti ces all\u00e9gations imm\u00e9diatement apr\u00e8s leur publication, l&#8217;Alg\u00e9rie n&#8217;a visiblement pas \u00e9t\u00e9 convaincue par ce d\u00e9menti.<\/p>\n<p><strong>Adapt\u00e9 de&nbsp;:<\/strong> <a href=\"https:\/\/www.al-monitor.com\/originals\/2021\/08\/algeria-partly-blames-israel-decision-cut-ties-morocco\">https:\/\/www.al-monitor.com\/originals\/2021\/08\/algeria-partly-blames-israel-decision-cut-ties-morocco<\/a><\/p>\n<p><strong>DISTRIBU\u00c9 PAR PAJU (PALESTINIENS ET JUIFS UNIS)<\/strong><\/p>\n<p><strong><u>PAJUMONTREAL.ORG\/FR<\/u><\/strong><\/p>\n<p><strong>&nbsp;<\/strong><\/p>\n","protected":false},"excerpt":{"rendered":"<p>L&#8217;Alg\u00e9rie bl\u00e2me en partie Isra\u00ebl dans sa d\u00e9cision de rompre ses relations avec le Maroc En expliquant la d\u00e9cision de son pays de rompre les relations diplomatiques avec le Maroc, [&hellip;]<\/p>\n","protected":false},"author":1,"featured_media":0,"comment_status":"closed","ping_status":"closed","sticky":false,"template":"","format":"standard","meta":{"_acf_changed":false,"_et_pb_use_builder":"","_et_pb_old_content":"","_et_gb_content_width":"","footnotes":""},"categories":[94],"tags":[],"class_list":["post-3200","post","type-post","status-publish","format-standard","hentry","category-bulletin-fr"],"acf":[],"yoast_head":"<!-- This site is optimized with the Yoast SEO plugin v25.8 - https:\/\/yoast.com\/wordpress\/plugins\/seo\/ -->\n<title>Que cesse l\u2019occupation\u00bb no. 1072 - PAJU<\/title>\n<meta name=\"robots\" content=\"index, follow, max-snippet:-1, max-image-preview:large, max-video-preview:-1\" \/>\n<link rel=\"canonical\" href=\"https:\/\/paju.org\/fr\/que-cesse-loccupation-no-1072\/\" \/>\n<meta property=\"og:locale\" content=\"fr_FR\" \/>\n<meta property=\"og:type\" content=\"article\" \/>\n<meta property=\"og:title\" content=\"Que cesse l\u2019occupation\u00bb no. 1072 - PAJU\" \/>\n<meta property=\"og:description\" content=\"L&#8217;Alg\u00e9rie bl\u00e2me en partie Isra\u00ebl dans sa d\u00e9cision de rompre ses relations avec le Maroc En expliquant la d\u00e9cision de son pays de rompre les relations diplomatiques avec le Maroc, [&hellip;]\" \/>\n<meta property=\"og:site_name\" content=\"PAJU\" \/>\n<meta property=\"article:publisher\" content=\"https:\/\/www.facebook.com\/pajumontreal\" \/>\n<meta property=\"article:published_time\" content=\"2021-08-27T00:09:00+00:00\" \/>\n<meta property=\"article:modified_time\" content=\"2022-03-02T15:56:58+00:00\" \/>\n<meta property=\"og:image\" content=\"https:\/\/paju.org\/wp-content\/uploads\/2022\/02\/tract-picket.jpg\" \/>\n\t<meta property=\"og:image:width\" content=\"960\" \/>\n\t<meta property=\"og:image:height\" content=\"720\" \/>\n\t<meta property=\"og:image:type\" content=\"image\/jpeg\" \/>\n<meta name=\"author\" content=\"PAJU\" \/>\n<meta name=\"twitter:card\" content=\"summary_large_image\" \/>\n<meta name=\"twitter:label1\" content=\"\u00c9crit par\" \/>\n\t<meta name=\"twitter:data1\" content=\"PAJU\" \/>\n\t<meta name=\"twitter:label2\" content=\"Dur\u00e9e de lecture estim\u00e9e\" \/>\n\t<meta name=\"twitter:data2\" content=\"4 minutes\" \/>\n<script type=\"application\/ld+json\" class=\"yoast-schema-graph\">{\"@context\":\"https:\/\/schema.org\",\"@graph\":[{\"@type\":\"Article\",\"@id\":\"https:\/\/paju.org\/fr\/que-cesse-loccupation-no-1072\/#article\",\"isPartOf\":{\"@id\":\"https:\/\/paju.org\/fr\/que-cesse-loccupation-no-1072\/\"},\"author\":{\"name\":\"PAJU\",\"@id\":\"https:\/\/paju.org\/fr\/#\/schema\/person\/329c80ae8a3b11562a4f709eaa6ebfc6\"},\"headline\":\"Que cesse l\u2019occupation\u00bb no. 1072\",\"datePublished\":\"2021-08-27T00:09:00+00:00\",\"dateModified\":\"2022-03-02T15:56:58+00:00\",\"mainEntityOfPage\":{\"@id\":\"https:\/\/paju.org\/fr\/que-cesse-loccupation-no-1072\/\"},\"wordCount\":840,\"publisher\":{\"@id\":\"https:\/\/paju.org\/fr\/#organization\"},\"image\":{\"@id\":\"https:\/\/paju.org\/fr\/que-cesse-loccupation-no-1072\/#primaryimage\"},\"thumbnailUrl\":\"http:\/\/paju.org\/wp-content\/uploads\/2021\/08\/1072-1.jpg\",\"articleSection\":[\"Notre bulletin\"],\"inLanguage\":\"fr-FR\"},{\"@type\":\"WebPage\",\"@id\":\"https:\/\/paju.org\/fr\/que-cesse-loccupation-no-1072\/\",\"url\":\"https:\/\/paju.org\/fr\/que-cesse-loccupation-no-1072\/\",\"name\":\"Que cesse l\u2019occupation\u00bb no. 1072 - PAJU\",\"isPartOf\":{\"@id\":\"https:\/\/paju.org\/fr\/#website\"},\"primaryImageOfPage\":{\"@id\":\"https:\/\/paju.org\/fr\/que-cesse-loccupation-no-1072\/#primaryimage\"},\"image\":{\"@id\":\"https:\/\/paju.org\/fr\/que-cesse-loccupation-no-1072\/#primaryimage\"},\"thumbnailUrl\":\"http:\/\/paju.org\/wp-content\/uploads\/2021\/08\/1072-1.jpg\",\"datePublished\":\"2021-08-27T00:09:00+00:00\",\"dateModified\":\"2022-03-02T15:56:58+00:00\",\"breadcrumb\":{\"@id\":\"https:\/\/paju.org\/fr\/que-cesse-loccupation-no-1072\/#breadcrumb\"},\"inLanguage\":\"fr-FR\",\"potentialAction\":[{\"@type\":\"ReadAction\",\"target\":[\"https:\/\/paju.org\/fr\/que-cesse-loccupation-no-1072\/\"]}]},{\"@type\":\"ImageObject\",\"inLanguage\":\"fr-FR\",\"@id\":\"https:\/\/paju.org\/fr\/que-cesse-loccupation-no-1072\/#primaryimage\",\"url\":\"http:\/\/paju.org\/wp-content\/uploads\/2021\/08\/1072-1.jpg\",\"contentUrl\":\"http:\/\/paju.org\/wp-content\/uploads\/2021\/08\/1072-1.jpg\"},{\"@type\":\"BreadcrumbList\",\"@id\":\"https:\/\/paju.org\/fr\/que-cesse-loccupation-no-1072\/#breadcrumb\",\"itemListElement\":[{\"@type\":\"ListItem\",\"position\":1,\"name\":\"Home\",\"item\":\"https:\/\/paju.org\/fr\/\"},{\"@type\":\"ListItem\",\"position\":2,\"name\":\"Que cesse l\u2019occupation\u00bb no. 1072\"}]},{\"@type\":\"WebSite\",\"@id\":\"https:\/\/paju.org\/fr\/#website\",\"url\":\"https:\/\/paju.org\/fr\/\",\"name\":\"PAJU\",\"description\":\"\",\"publisher\":{\"@id\":\"https:\/\/paju.org\/fr\/#organization\"},\"potentialAction\":[{\"@type\":\"SearchAction\",\"target\":{\"@type\":\"EntryPoint\",\"urlTemplate\":\"https:\/\/paju.org\/fr\/?s={search_term_string}\"},\"query-input\":{\"@type\":\"PropertyValueSpecification\",\"valueRequired\":true,\"valueName\":\"search_term_string\"}}],\"inLanguage\":\"fr-FR\"},{\"@type\":\"Organization\",\"@id\":\"https:\/\/paju.org\/fr\/#organization\",\"name\":\"Palestinian and Jewish Unity\",\"url\":\"https:\/\/paju.org\/fr\/\",\"logo\":{\"@type\":\"ImageObject\",\"inLanguage\":\"fr-FR\",\"@id\":\"https:\/\/paju.org\/fr\/#\/schema\/logo\/image\/\",\"url\":\"https:\/\/paju.org\/wp-content\/uploads\/PAJU-Logo.png\",\"contentUrl\":\"https:\/\/paju.org\/wp-content\/uploads\/PAJU-Logo.png\",\"width\":696,\"height\":293,\"caption\":\"Palestinian and Jewish Unity\"},\"image\":{\"@id\":\"https:\/\/paju.org\/fr\/#\/schema\/logo\/image\/\"},\"sameAs\":[\"https:\/\/www.facebook.com\/pajumontreal\",\"https:\/\/www.instagram.com\/pajumontreal\/\"]},{\"@type\":\"Person\",\"@id\":\"https:\/\/paju.org\/fr\/#\/schema\/person\/329c80ae8a3b11562a4f709eaa6ebfc6\",\"name\":\"PAJU\",\"image\":{\"@type\":\"ImageObject\",\"inLanguage\":\"fr-FR\",\"@id\":\"https:\/\/paju.org\/fr\/#\/schema\/person\/image\/\",\"url\":\"https:\/\/secure.gravatar.com\/avatar\/add00ab44460a1b9b8dcff1854bb07dba0ac5e3135473daf39201d280ad20f18?s=96&d=mm&r=g\",\"contentUrl\":\"https:\/\/secure.gravatar.com\/avatar\/add00ab44460a1b9b8dcff1854bb07dba0ac5e3135473daf39201d280ad20f18?s=96&d=mm&r=g\",\"caption\":\"PAJU\"},\"url\":\"https:\/\/paju.org\/fr\/author\/chadi\/\"}]}<\/script>\n<!-- \/ Yoast SEO plugin. -->","yoast_head_json":{"title":"Que cesse l\u2019occupation\u00bb no. 1072 - PAJU","robots":{"index":"index","follow":"follow","max-snippet":"max-snippet:-1","max-image-preview":"max-image-preview:large","max-video-preview":"max-video-preview:-1"},"canonical":"https:\/\/paju.org\/fr\/que-cesse-loccupation-no-1072\/","og_locale":"fr_FR","og_type":"article","og_title":"Que cesse l\u2019occupation\u00bb no. 1072 - PAJU","og_description":"L&#8217;Alg\u00e9rie bl\u00e2me en partie Isra\u00ebl dans sa d\u00e9cision de rompre ses relations avec le Maroc En expliquant la d\u00e9cision de son pays de rompre les relations diplomatiques avec le Maroc, [&hellip;]","og_site_name":"PAJU","article_publisher":"https:\/\/www.facebook.com\/pajumontreal","article_published_time":"2021-08-27T00:09:00+00:00","article_modified_time":"2022-03-02T15:56:58+00:00","og_image":[{"width":960,"height":720,"url":"https:\/\/paju.org\/wp-content\/uploads\/2022\/02\/tract-picket.jpg","type":"image\/jpeg"}],"author":"PAJU","twitter_card":"summary_large_image","twitter_misc":{"\u00c9crit par":"PAJU","Dur\u00e9e de lecture estim\u00e9e":"4 minutes"},"schema":{"@context":"https:\/\/schema.org","@graph":[{"@type":"Article","@id":"https:\/\/paju.org\/fr\/que-cesse-loccupation-no-1072\/#article","isPartOf":{"@id":"https:\/\/paju.org\/fr\/que-cesse-loccupation-no-1072\/"},"author":{"name":"PAJU","@id":"https:\/\/paju.org\/fr\/#\/schema\/person\/329c80ae8a3b11562a4f709eaa6ebfc6"},"headline":"Que cesse l\u2019occupation\u00bb no. 1072","datePublished":"2021-08-27T00:09:00+00:00","dateModified":"2022-03-02T15:56:58+00:00","mainEntityOfPage":{"@id":"https:\/\/paju.org\/fr\/que-cesse-loccupation-no-1072\/"},"wordCount":840,"publisher":{"@id":"https:\/\/paju.org\/fr\/#organization"},"image":{"@id":"https:\/\/paju.org\/fr\/que-cesse-loccupation-no-1072\/#primaryimage"},"thumbnailUrl":"http:\/\/paju.org\/wp-content\/uploads\/2021\/08\/1072-1.jpg","articleSection":["Notre bulletin"],"inLanguage":"fr-FR"},{"@type":"WebPage","@id":"https:\/\/paju.org\/fr\/que-cesse-loccupation-no-1072\/","url":"https:\/\/paju.org\/fr\/que-cesse-loccupation-no-1072\/","name":"Que cesse l\u2019occupation\u00bb no. 1072 - PAJU","isPartOf":{"@id":"https:\/\/paju.org\/fr\/#website"},"primaryImageOfPage":{"@id":"https:\/\/paju.org\/fr\/que-cesse-loccupation-no-1072\/#primaryimage"},"image":{"@id":"https:\/\/paju.org\/fr\/que-cesse-loccupation-no-1072\/#primaryimage"},"thumbnailUrl":"http:\/\/paju.org\/wp-content\/uploads\/2021\/08\/1072-1.jpg","datePublished":"2021-08-27T00:09:00+00:00","dateModified":"2022-03-02T15:56:58+00:00","breadcrumb":{"@id":"https:\/\/paju.org\/fr\/que-cesse-loccupation-no-1072\/#breadcrumb"},"inLanguage":"fr-FR","potentialAction":[{"@type":"ReadAction","target":["https:\/\/paju.org\/fr\/que-cesse-loccupation-no-1072\/"]}]},{"@type":"ImageObject","inLanguage":"fr-FR","@id":"https:\/\/paju.org\/fr\/que-cesse-loccupation-no-1072\/#primaryimage","url":"http:\/\/paju.org\/wp-content\/uploads\/2021\/08\/1072-1.jpg","contentUrl":"http:\/\/paju.org\/wp-content\/uploads\/2021\/08\/1072-1.jpg"},{"@type":"BreadcrumbList","@id":"https:\/\/paju.org\/fr\/que-cesse-loccupation-no-1072\/#breadcrumb","itemListElement":[{"@type":"ListItem","position":1,"name":"Home","item":"https:\/\/paju.org\/fr\/"},{"@type":"ListItem","position":2,"name":"Que cesse l\u2019occupation\u00bb no. 1072"}]},{"@type":"WebSite","@id":"https:\/\/paju.org\/fr\/#website","url":"https:\/\/paju.org\/fr\/","name":"PAJU","description":"","publisher":{"@id":"https:\/\/paju.org\/fr\/#organization"},"potentialAction":[{"@type":"SearchAction","target":{"@type":"EntryPoint","urlTemplate":"https:\/\/paju.org\/fr\/?s={search_term_string}"},"query-input":{"@type":"PropertyValueSpecification","valueRequired":true,"valueName":"search_term_string"}}],"inLanguage":"fr-FR"},{"@type":"Organization","@id":"https:\/\/paju.org\/fr\/#organization","name":"Palestinian and Jewish Unity","url":"https:\/\/paju.org\/fr\/","logo":{"@type":"ImageObject","inLanguage":"fr-FR","@id":"https:\/\/paju.org\/fr\/#\/schema\/logo\/image\/","url":"https:\/\/paju.org\/wp-content\/uploads\/PAJU-Logo.png","contentUrl":"https:\/\/paju.org\/wp-content\/uploads\/PAJU-Logo.png","width":696,"height":293,"caption":"Palestinian and Jewish Unity"},"image":{"@id":"https:\/\/paju.org\/fr\/#\/schema\/logo\/image\/"},"sameAs":["https:\/\/www.facebook.com\/pajumontreal","https:\/\/www.instagram.com\/pajumontreal\/"]},{"@type":"Person","@id":"https:\/\/paju.org\/fr\/#\/schema\/person\/329c80ae8a3b11562a4f709eaa6ebfc6","name":"PAJU","image":{"@type":"ImageObject","inLanguage":"fr-FR","@id":"https:\/\/paju.org\/fr\/#\/schema\/person\/image\/","url":"https:\/\/secure.gravatar.com\/avatar\/add00ab44460a1b9b8dcff1854bb07dba0ac5e3135473daf39201d280ad20f18?s=96&d=mm&r=g","contentUrl":"https:\/\/secure.gravatar.com\/avatar\/add00ab44460a1b9b8dcff1854bb07dba0ac5e3135473daf39201d280ad20f18?s=96&d=mm&r=g","caption":"PAJU"},"url":"https:\/\/paju.org\/fr\/author\/chadi\/"}]}},"_links":{"self":[{"href":"https:\/\/paju.org\/fr\/wp-json\/wp\/v2\/posts\/3200","targetHints":{"allow":["GET"]}}],"collection":[{"href":"https:\/\/paju.org\/fr\/wp-json\/wp\/v2\/posts"}],"about":[{"href":"https:\/\/paju.org\/fr\/wp-json\/wp\/v2\/types\/post"}],"author":[{"embeddable":true,"href":"https:\/\/paju.org\/fr\/wp-json\/wp\/v2\/users\/1"}],"replies":[{"embeddable":true,"href":"https:\/\/paju.org\/fr\/wp-json\/wp\/v2\/comments?post=3200"}],"version-history":[{"count":2,"href":"https:\/\/paju.org\/fr\/wp-json\/wp\/v2\/posts\/3200\/revisions"}],"predecessor-version":[{"id":3210,"href":"https:\/\/paju.org\/fr\/wp-json\/wp\/v2\/posts\/3200\/revisions\/3210"}],"wp:attachment":[{"href":"https:\/\/paju.org\/fr\/wp-json\/wp\/v2\/media?parent=3200"}],"wp:term":[{"taxonomy":"category","embeddable":true,"href":"https:\/\/paju.org\/fr\/wp-json\/wp\/v2\/categories?post=3200"},{"taxonomy":"post_tag","embeddable":true,"href":"https:\/\/paju.org\/fr\/wp-json\/wp\/v2\/tags?post=3200"}],"curies":[{"name":"wp","href":"https:\/\/api.w.org\/{rel}","templated":true}]}}