{"id":3171,"date":"2021-08-06T14:40:00","date_gmt":"2021-08-06T14:40:00","guid":{"rendered":"http:\/\/paju.org\/?p=3171"},"modified":"2022-03-02T15:56:58","modified_gmt":"2022-03-02T15:56:58","slug":"que-cesse-loccupation-no-1069","status":"publish","type":"post","link":"https:\/\/paju.org\/fr\/que-cesse-loccupation-no-1069\/","title":{"rendered":"Que cesse l\u2019occupation \u00bb no. 1069"},"content":{"rendered":"<h3>Les m\u00e9dias sont b\u00e9ants contre les escadrons de la mort de l&#8217;arm\u00e9e isra\u00e9lienne<\/h3>\n<p><strong>Gideon Levy<\/strong><\/p>\n<p>La terreur isra\u00e9lienne est de retour. Les escadrons de la mort des Forces de d\u00e9fense isra\u00e9liennes ont enregistr\u00e9 une autre semaine <img loading=\"lazy\" decoding=\"async\" class=\" wp-image-3172 alignright\" src=\"http:\/\/paju.org\/wp-content\/uploads\/2021\/08\/1069-1-300x200.jpg\" alt=\"\" width=\"200\" height=\"133\" srcset=\"https:\/\/paju.org\/wp-content\/uploads\/2021\/08\/1069-1-300x200.jpg 300w, https:\/\/paju.org\/wp-content\/uploads\/2021\/08\/1069-1.jpg 661w\" sizes=\"(max-width: 200px) 100vw, 200px\" \/>r\u00e9ussie : quatre corps de Palestiniens innocents se sont entass\u00e9s entre les deux vendredis. Il ne semble pas y avoir de lien entre les quatre incidents au cours desquels quatre fils ont \u00e9t\u00e9 tu\u00e9s, mais le lien ne peut pas \u00eatre rompu.<\/p>\n<p>Dans tous ces cas, les soldats ont choisi de tirer pour tuer leur option pr\u00e9f\u00e9r\u00e9e. Dans les quatre cas, une autre voie aurait pu \u00eatre choisie : les arr\u00eater, viser les jambes, ne rien faire ou simplement ne pas \u00eatre l\u00e0 du tout. Mais les soldats ont choisi de tuer. C&#8217;est probablement plus facile pour eux de cette fa\u00e7on.<!--more--><\/p>\n<p>Ils viennent de diff\u00e9rentes branches de l&#8217;arm\u00e9e avec des ant\u00e9c\u00e9dents diff\u00e9rents, mais ils partagent l&#8217;incroyable facilit\u00e9 avec laquelle ils tuent, qu&#8217;ils le doivent ou non.<\/p>\n<p>Ils tuent parce qu&#8217;ils le peuvent. Ils tuent parce qu&#8217;ils sont convaincus que c&#8217;est ainsi qu&#8217;ils doivent agir. Ils tuent parce qu&#8217;ils savent que rien n&#8217;est moins cher que la vie d&#8217;un Palestinien. Ils tuent parce qu&#8217;ils savent que les m\u00e9dias isra\u00e9liens sront b\u00e9ants et ne rapporteront rien. Ils tuent parce qu&#8217;ils savent qu&#8217;aucun mal ne leur arrivera, alors pourquoi pas ? Pourquoi ne pas tuer un Palestinien quand c&#8217;est possible ?<\/p>\n<p>Ils ont tu\u00e9 un gar\u00e7on de 12 ans et un plombier de 41 ans. Ils ont tu\u00e9 un jeune de 17 ans et <a href=\"https:\/\/www.haaretz.com\/israel-news\/.premium-teen-seriously-wounded-by-israeli-army-fire-at-12-year-old-palestinian-s-funeral-1.10052553\">un jeune homme de 20 ans assistant \u00e0 des fun\u00e9railles<\/a>, le tout en une semaine. Un slogan isra\u00e9lien pendant la guerre de 1948 \u00e9tait \u00ab Aux armes, tout homme bon \u00bb, menant plus tard au concept de la \u00ab puret\u00e9 des armes \u00bb de Tsahal. Quatre en une semaine, sans raison, sans h\u00e9sitation, sans aucun terroriste face \u00e0 eux. Quatre ex\u00e9cutions de jeunes hommes avec des r\u00eaves, des familles, des projets et des amours.<\/p>\n<p>Aucun des quatre n&#8217;a mis les soldats en danger, certainement pas d&#8217;une mani\u00e8re qui justifiait des tirs mortels. Treize balles dans une voiture passant innocemment, transportant un p\u00e8re et ses trois jeunes enfants. Tirer sur un plombier tenant une cl\u00e9 et affirmant qu&#8217;il &#8220;se dirigeait rapidement vers les soldats&#8221;. Trois balles dans le ventre d&#8217;un jeune de 17 ans qui s&#8217;appr\u00eatait \u00e0 ramener son fr\u00e8re chez lui.<\/p>\n<p>Tout cela peut \u00eatre appel\u00e9 terreur ; il n&#8217;y a pas d&#8217;autre d\u00e9finition. Tout cela peut \u00eatre appel\u00e9 les actions des escadrons de la mort ; il n&#8217;y a pas d&#8217;autre description. Cela semble horrible, mais c&#8217;est vraiment horrible.<\/p>\n<p>Cela pourrait \u00eatre moins horrible si les m\u00e9dias isra\u00e9liens prenaient la peine d&#8217;en parler, choquant peut-\u00eatre les Isra\u00e9liens. Cela pourrait \u00eatre beaucoup moins horrible si les commandants de Tsahal prenaient les mesures n\u00e9cessaires compte tenu de l&#8217;imprudence meurtri\u00e8re de leur arm\u00e9e. Mais la plupart des m\u00e9dias pensaient que le meurtre d&#8217;un enfant n&#8217;int\u00e9resserait personne ou n&#8217;\u00e9tait pas important, ou les deux, donc cet incident choquant n&#8217;a pas \u00e9t\u00e9 rapport\u00e9.<\/p>\n<p>Si les soldats avaient tir\u00e9 sur un chien \u2013 \u00e9galement un acte choquant, bien s\u00fbr \u2013 cela aurait attir\u00e9 plus d&#8217;attention. Mais un enfant palestinien mort ? Que s&#8217;est-il pass\u00e9? Pourquoi devrait-il int\u00e9resser quelqu&#8217;un, pourquoi est-ce important ?<\/p>\n<p>\u00ab\u00a0Vous travaillez pour les Arabes\u00a0?\u00a0\u00bb le journaliste Yinon Magal a tweet\u00e9 avec malveillance, s&#8217;adressant \u00e0 <a href=\"https:\/\/www.haaretz.com\/misc\/writers\/WRITER-1.5603043\">\u00a0Hagar Shezaf<\/a> de Haaretz, pratiquement la seule journaliste \u00e0 avoir couvert les fun\u00e9railles du gar\u00e7on. C&#8217;est la nouvelle philosophie journalistique : rapporter la v\u00e9rit\u00e9 revient \u00e0 travailler pour les Arabes.<\/p>\n<p>Laissons de c\u00f4t\u00e9 les m\u00e9dias de futilit\u00e9s et d&#8217;absurdit\u00e9s qui s&#8217;affairaient \u00e0 plein avec l&#8217;agent de mannequins soup\u00e7onn\u00e9 d&#8217;inconduite sexuelle et avec des listes de p\u00e9dophiles \u2013 qu&#8217;est-ce que les m\u00e9dias ont \u00e0 voir avec le meurtre d&#8217;enfants ? La question est : o\u00f9 sont les commandants militaires et les dirigeants politiques ?<\/p>\n<p>Leur silence honteux ne conduit qu&#8217;\u00e0 une seule conclusion : ils croient que ce meurtre est acceptable. C&#8217;est exactement ce qu&#8217;ils attendent des soldats : le meurtre d&#8217;innocents. Il n&#8217;y a pas d&#8217;autre moyen d&#8217;expliquer le silence de tout le monde sans m\u00eame un semblant de condamnation.<\/p>\n<p>Si les assassins du gar\u00e7on <a href=\"https:\/\/www.haaretz.com\/middle-east-news\/.premium-israeli-troops-kill-palestinian-in-west-bank-health-ministry-says-1.10043148\">Mohammed al-Alami<\/a> ne sont toujours pas en d\u00e9tention, alors l&#8217;arm\u00e9e isra\u00e9lienne dirig\u00e9e par le chef d&#8217;\u00e9tat-major Aviv Kochavi \u2013 une personne connue pour parler en termes nobles des valeurs \u2013 affirme que les soldats ont agi correctement. Si les parachutistes qui ont tu\u00e9 Mohammed Tamimi en lui tirant trois balles dans le corps depuis leur jeep blind\u00e9e se prom\u00e8nent toujours librement en Cisjordanie, cela signifie que l&#8217;arm\u00e9e les salue.<\/p>\n<p>Et si Tsahal les salue, on parle bien d&#8217;escadrons de la mort, comme dans les r\u00e9gimes les plus affreux.<\/p>\n<p><strong>Adapt\u00e9 de\u00a0:<\/strong> <a href=\"https:\/\/www.haaretz.com\/opinion\/.premium-the-media-yawns-at-the-israeli-army-s-death-squads-1.10063843\">https:\/\/www.haaretz.com\/opinion\/.premium-the-media-yawns-at-the-israeli-army-s-death-squads-1.10063843<\/a><\/p>\n<p><strong>DISTRIBU\u00c9 PAR PAJU (PALESTINIENS ET JUIFS UNIS)<\/strong><\/p>\n<p><strong><u>PAJUMONTREAL.ORG\/FR<\/u><\/strong><\/p>\n","protected":false},"excerpt":{"rendered":"<p>Les m\u00e9dias sont b\u00e9ants contre les escadrons de la mort de l&#8217;arm\u00e9e isra\u00e9lienne Gideon Levy La terreur isra\u00e9lienne est de retour. Les escadrons de la mort des Forces de d\u00e9fense [&hellip;]<\/p>\n","protected":false},"author":1,"featured_media":0,"comment_status":"closed","ping_status":"closed","sticky":false,"template":"","format":"standard","meta":{"_acf_changed":false,"_et_pb_use_builder":"","_et_pb_old_content":"","_et_gb_content_width":"","footnotes":""},"categories":[94],"tags":[],"class_list":["post-3171","post","type-post","status-publish","format-standard","hentry","category-bulletin-fr"],"acf":[],"yoast_head":"<!-- This site is optimized with the Yoast SEO plugin v25.8 - https:\/\/yoast.com\/wordpress\/plugins\/seo\/ -->\n<title>Que cesse l\u2019occupation \u00bb no. 1069 - PAJU<\/title>\n<meta name=\"robots\" content=\"index, follow, max-snippet:-1, max-image-preview:large, max-video-preview:-1\" \/>\n<link rel=\"canonical\" href=\"https:\/\/paju.org\/fr\/que-cesse-loccupation-no-1069\/\" \/>\n<meta property=\"og:locale\" content=\"fr_FR\" \/>\n<meta property=\"og:type\" content=\"article\" \/>\n<meta property=\"og:title\" content=\"Que cesse l\u2019occupation \u00bb no. 1069 - PAJU\" \/>\n<meta property=\"og:description\" content=\"Les m\u00e9dias sont b\u00e9ants contre les escadrons de la mort de l&#8217;arm\u00e9e isra\u00e9lienne Gideon Levy La terreur isra\u00e9lienne est de retour. Les escadrons de la mort des Forces de d\u00e9fense [&hellip;]\" \/>\n<meta property=\"og:site_name\" content=\"PAJU\" \/>\n<meta property=\"article:publisher\" content=\"https:\/\/www.facebook.com\/pajumontreal\" \/>\n<meta property=\"article:published_time\" content=\"2021-08-06T14:40:00+00:00\" \/>\n<meta property=\"article:modified_time\" content=\"2022-03-02T15:56:58+00:00\" \/>\n<meta property=\"og:image\" content=\"https:\/\/paju.org\/wp-content\/uploads\/2022\/02\/tract-picket.jpg\" \/>\n\t<meta property=\"og:image:width\" content=\"960\" \/>\n\t<meta property=\"og:image:height\" content=\"720\" \/>\n\t<meta property=\"og:image:type\" content=\"image\/jpeg\" \/>\n<meta name=\"author\" content=\"PAJU\" \/>\n<meta name=\"twitter:card\" content=\"summary_large_image\" \/>\n<meta name=\"twitter:label1\" content=\"\u00c9crit par\" \/>\n\t<meta name=\"twitter:data1\" content=\"PAJU\" \/>\n\t<meta name=\"twitter:label2\" content=\"Dur\u00e9e de lecture estim\u00e9e\" \/>\n\t<meta name=\"twitter:data2\" content=\"4 minutes\" \/>\n<script type=\"application\/ld+json\" class=\"yoast-schema-graph\">{\"@context\":\"https:\/\/schema.org\",\"@graph\":[{\"@type\":\"Article\",\"@id\":\"https:\/\/paju.org\/fr\/que-cesse-loccupation-no-1069\/#article\",\"isPartOf\":{\"@id\":\"https:\/\/paju.org\/fr\/que-cesse-loccupation-no-1069\/\"},\"author\":{\"name\":\"PAJU\",\"@id\":\"https:\/\/paju.org\/fr\/#\/schema\/person\/329c80ae8a3b11562a4f709eaa6ebfc6\"},\"headline\":\"Que cesse l\u2019occupation \u00bb no. 1069\",\"datePublished\":\"2021-08-06T14:40:00+00:00\",\"dateModified\":\"2022-03-02T15:56:58+00:00\",\"mainEntityOfPage\":{\"@id\":\"https:\/\/paju.org\/fr\/que-cesse-loccupation-no-1069\/\"},\"wordCount\":886,\"publisher\":{\"@id\":\"https:\/\/paju.org\/fr\/#organization\"},\"image\":{\"@id\":\"https:\/\/paju.org\/fr\/que-cesse-loccupation-no-1069\/#primaryimage\"},\"thumbnailUrl\":\"http:\/\/paju.org\/wp-content\/uploads\/2021\/08\/1069-1-300x200.jpg\",\"articleSection\":[\"Notre bulletin\"],\"inLanguage\":\"fr-FR\"},{\"@type\":\"WebPage\",\"@id\":\"https:\/\/paju.org\/fr\/que-cesse-loccupation-no-1069\/\",\"url\":\"https:\/\/paju.org\/fr\/que-cesse-loccupation-no-1069\/\",\"name\":\"Que cesse l\u2019occupation \u00bb no. 1069 - PAJU\",\"isPartOf\":{\"@id\":\"https:\/\/paju.org\/fr\/#website\"},\"primaryImageOfPage\":{\"@id\":\"https:\/\/paju.org\/fr\/que-cesse-loccupation-no-1069\/#primaryimage\"},\"image\":{\"@id\":\"https:\/\/paju.org\/fr\/que-cesse-loccupation-no-1069\/#primaryimage\"},\"thumbnailUrl\":\"http:\/\/paju.org\/wp-content\/uploads\/2021\/08\/1069-1-300x200.jpg\",\"datePublished\":\"2021-08-06T14:40:00+00:00\",\"dateModified\":\"2022-03-02T15:56:58+00:00\",\"breadcrumb\":{\"@id\":\"https:\/\/paju.org\/fr\/que-cesse-loccupation-no-1069\/#breadcrumb\"},\"inLanguage\":\"fr-FR\",\"potentialAction\":[{\"@type\":\"ReadAction\",\"target\":[\"https:\/\/paju.org\/fr\/que-cesse-loccupation-no-1069\/\"]}]},{\"@type\":\"ImageObject\",\"inLanguage\":\"fr-FR\",\"@id\":\"https:\/\/paju.org\/fr\/que-cesse-loccupation-no-1069\/#primaryimage\",\"url\":\"http:\/\/paju.org\/wp-content\/uploads\/2021\/08\/1069-1-300x200.jpg\",\"contentUrl\":\"http:\/\/paju.org\/wp-content\/uploads\/2021\/08\/1069-1-300x200.jpg\"},{\"@type\":\"BreadcrumbList\",\"@id\":\"https:\/\/paju.org\/fr\/que-cesse-loccupation-no-1069\/#breadcrumb\",\"itemListElement\":[{\"@type\":\"ListItem\",\"position\":1,\"name\":\"Home\",\"item\":\"https:\/\/paju.org\/fr\/\"},{\"@type\":\"ListItem\",\"position\":2,\"name\":\"Que cesse l\u2019occupation \u00bb no. 1069\"}]},{\"@type\":\"WebSite\",\"@id\":\"https:\/\/paju.org\/fr\/#website\",\"url\":\"https:\/\/paju.org\/fr\/\",\"name\":\"PAJU\",\"description\":\"\",\"publisher\":{\"@id\":\"https:\/\/paju.org\/fr\/#organization\"},\"potentialAction\":[{\"@type\":\"SearchAction\",\"target\":{\"@type\":\"EntryPoint\",\"urlTemplate\":\"https:\/\/paju.org\/fr\/?s={search_term_string}\"},\"query-input\":{\"@type\":\"PropertyValueSpecification\",\"valueRequired\":true,\"valueName\":\"search_term_string\"}}],\"inLanguage\":\"fr-FR\"},{\"@type\":\"Organization\",\"@id\":\"https:\/\/paju.org\/fr\/#organization\",\"name\":\"Palestinian and Jewish Unity\",\"url\":\"https:\/\/paju.org\/fr\/\",\"logo\":{\"@type\":\"ImageObject\",\"inLanguage\":\"fr-FR\",\"@id\":\"https:\/\/paju.org\/fr\/#\/schema\/logo\/image\/\",\"url\":\"https:\/\/paju.org\/wp-content\/uploads\/PAJU-Logo.png\",\"contentUrl\":\"https:\/\/paju.org\/wp-content\/uploads\/PAJU-Logo.png\",\"width\":696,\"height\":293,\"caption\":\"Palestinian and Jewish Unity\"},\"image\":{\"@id\":\"https:\/\/paju.org\/fr\/#\/schema\/logo\/image\/\"},\"sameAs\":[\"https:\/\/www.facebook.com\/pajumontreal\",\"https:\/\/www.instagram.com\/pajumontreal\/\"]},{\"@type\":\"Person\",\"@id\":\"https:\/\/paju.org\/fr\/#\/schema\/person\/329c80ae8a3b11562a4f709eaa6ebfc6\",\"name\":\"PAJU\",\"image\":{\"@type\":\"ImageObject\",\"inLanguage\":\"fr-FR\",\"@id\":\"https:\/\/paju.org\/fr\/#\/schema\/person\/image\/\",\"url\":\"https:\/\/secure.gravatar.com\/avatar\/add00ab44460a1b9b8dcff1854bb07dba0ac5e3135473daf39201d280ad20f18?s=96&d=mm&r=g\",\"contentUrl\":\"https:\/\/secure.gravatar.com\/avatar\/add00ab44460a1b9b8dcff1854bb07dba0ac5e3135473daf39201d280ad20f18?s=96&d=mm&r=g\",\"caption\":\"PAJU\"},\"url\":\"https:\/\/paju.org\/fr\/author\/chadi\/\"}]}<\/script>\n<!-- \/ Yoast SEO plugin. -->","yoast_head_json":{"title":"Que cesse l\u2019occupation \u00bb no. 1069 - PAJU","robots":{"index":"index","follow":"follow","max-snippet":"max-snippet:-1","max-image-preview":"max-image-preview:large","max-video-preview":"max-video-preview:-1"},"canonical":"https:\/\/paju.org\/fr\/que-cesse-loccupation-no-1069\/","og_locale":"fr_FR","og_type":"article","og_title":"Que cesse l\u2019occupation \u00bb no. 1069 - PAJU","og_description":"Les m\u00e9dias sont b\u00e9ants contre les escadrons de la mort de l&#8217;arm\u00e9e isra\u00e9lienne Gideon Levy La terreur isra\u00e9lienne est de retour. Les escadrons de la mort des Forces de d\u00e9fense [&hellip;]","og_site_name":"PAJU","article_publisher":"https:\/\/www.facebook.com\/pajumontreal","article_published_time":"2021-08-06T14:40:00+00:00","article_modified_time":"2022-03-02T15:56:58+00:00","og_image":[{"width":960,"height":720,"url":"https:\/\/paju.org\/wp-content\/uploads\/2022\/02\/tract-picket.jpg","type":"image\/jpeg"}],"author":"PAJU","twitter_card":"summary_large_image","twitter_misc":{"\u00c9crit par":"PAJU","Dur\u00e9e de lecture estim\u00e9e":"4 minutes"},"schema":{"@context":"https:\/\/schema.org","@graph":[{"@type":"Article","@id":"https:\/\/paju.org\/fr\/que-cesse-loccupation-no-1069\/#article","isPartOf":{"@id":"https:\/\/paju.org\/fr\/que-cesse-loccupation-no-1069\/"},"author":{"name":"PAJU","@id":"https:\/\/paju.org\/fr\/#\/schema\/person\/329c80ae8a3b11562a4f709eaa6ebfc6"},"headline":"Que cesse l\u2019occupation \u00bb no. 1069","datePublished":"2021-08-06T14:40:00+00:00","dateModified":"2022-03-02T15:56:58+00:00","mainEntityOfPage":{"@id":"https:\/\/paju.org\/fr\/que-cesse-loccupation-no-1069\/"},"wordCount":886,"publisher":{"@id":"https:\/\/paju.org\/fr\/#organization"},"image":{"@id":"https:\/\/paju.org\/fr\/que-cesse-loccupation-no-1069\/#primaryimage"},"thumbnailUrl":"http:\/\/paju.org\/wp-content\/uploads\/2021\/08\/1069-1-300x200.jpg","articleSection":["Notre bulletin"],"inLanguage":"fr-FR"},{"@type":"WebPage","@id":"https:\/\/paju.org\/fr\/que-cesse-loccupation-no-1069\/","url":"https:\/\/paju.org\/fr\/que-cesse-loccupation-no-1069\/","name":"Que cesse l\u2019occupation \u00bb no. 1069 - PAJU","isPartOf":{"@id":"https:\/\/paju.org\/fr\/#website"},"primaryImageOfPage":{"@id":"https:\/\/paju.org\/fr\/que-cesse-loccupation-no-1069\/#primaryimage"},"image":{"@id":"https:\/\/paju.org\/fr\/que-cesse-loccupation-no-1069\/#primaryimage"},"thumbnailUrl":"http:\/\/paju.org\/wp-content\/uploads\/2021\/08\/1069-1-300x200.jpg","datePublished":"2021-08-06T14:40:00+00:00","dateModified":"2022-03-02T15:56:58+00:00","breadcrumb":{"@id":"https:\/\/paju.org\/fr\/que-cesse-loccupation-no-1069\/#breadcrumb"},"inLanguage":"fr-FR","potentialAction":[{"@type":"ReadAction","target":["https:\/\/paju.org\/fr\/que-cesse-loccupation-no-1069\/"]}]},{"@type":"ImageObject","inLanguage":"fr-FR","@id":"https:\/\/paju.org\/fr\/que-cesse-loccupation-no-1069\/#primaryimage","url":"http:\/\/paju.org\/wp-content\/uploads\/2021\/08\/1069-1-300x200.jpg","contentUrl":"http:\/\/paju.org\/wp-content\/uploads\/2021\/08\/1069-1-300x200.jpg"},{"@type":"BreadcrumbList","@id":"https:\/\/paju.org\/fr\/que-cesse-loccupation-no-1069\/#breadcrumb","itemListElement":[{"@type":"ListItem","position":1,"name":"Home","item":"https:\/\/paju.org\/fr\/"},{"@type":"ListItem","position":2,"name":"Que cesse l\u2019occupation \u00bb no. 1069"}]},{"@type":"WebSite","@id":"https:\/\/paju.org\/fr\/#website","url":"https:\/\/paju.org\/fr\/","name":"PAJU","description":"","publisher":{"@id":"https:\/\/paju.org\/fr\/#organization"},"potentialAction":[{"@type":"SearchAction","target":{"@type":"EntryPoint","urlTemplate":"https:\/\/paju.org\/fr\/?s={search_term_string}"},"query-input":{"@type":"PropertyValueSpecification","valueRequired":true,"valueName":"search_term_string"}}],"inLanguage":"fr-FR"},{"@type":"Organization","@id":"https:\/\/paju.org\/fr\/#organization","name":"Palestinian and Jewish Unity","url":"https:\/\/paju.org\/fr\/","logo":{"@type":"ImageObject","inLanguage":"fr-FR","@id":"https:\/\/paju.org\/fr\/#\/schema\/logo\/image\/","url":"https:\/\/paju.org\/wp-content\/uploads\/PAJU-Logo.png","contentUrl":"https:\/\/paju.org\/wp-content\/uploads\/PAJU-Logo.png","width":696,"height":293,"caption":"Palestinian and Jewish Unity"},"image":{"@id":"https:\/\/paju.org\/fr\/#\/schema\/logo\/image\/"},"sameAs":["https:\/\/www.facebook.com\/pajumontreal","https:\/\/www.instagram.com\/pajumontreal\/"]},{"@type":"Person","@id":"https:\/\/paju.org\/fr\/#\/schema\/person\/329c80ae8a3b11562a4f709eaa6ebfc6","name":"PAJU","image":{"@type":"ImageObject","inLanguage":"fr-FR","@id":"https:\/\/paju.org\/fr\/#\/schema\/person\/image\/","url":"https:\/\/secure.gravatar.com\/avatar\/add00ab44460a1b9b8dcff1854bb07dba0ac5e3135473daf39201d280ad20f18?s=96&d=mm&r=g","contentUrl":"https:\/\/secure.gravatar.com\/avatar\/add00ab44460a1b9b8dcff1854bb07dba0ac5e3135473daf39201d280ad20f18?s=96&d=mm&r=g","caption":"PAJU"},"url":"https:\/\/paju.org\/fr\/author\/chadi\/"}]}},"_links":{"self":[{"href":"https:\/\/paju.org\/fr\/wp-json\/wp\/v2\/posts\/3171","targetHints":{"allow":["GET"]}}],"collection":[{"href":"https:\/\/paju.org\/fr\/wp-json\/wp\/v2\/posts"}],"about":[{"href":"https:\/\/paju.org\/fr\/wp-json\/wp\/v2\/types\/post"}],"author":[{"embeddable":true,"href":"https:\/\/paju.org\/fr\/wp-json\/wp\/v2\/users\/1"}],"replies":[{"embeddable":true,"href":"https:\/\/paju.org\/fr\/wp-json\/wp\/v2\/comments?post=3171"}],"version-history":[{"count":1,"href":"https:\/\/paju.org\/fr\/wp-json\/wp\/v2\/posts\/3171\/revisions"}],"predecessor-version":[{"id":3173,"href":"https:\/\/paju.org\/fr\/wp-json\/wp\/v2\/posts\/3171\/revisions\/3173"}],"wp:attachment":[{"href":"https:\/\/paju.org\/fr\/wp-json\/wp\/v2\/media?parent=3171"}],"wp:term":[{"taxonomy":"category","embeddable":true,"href":"https:\/\/paju.org\/fr\/wp-json\/wp\/v2\/categories?post=3171"},{"taxonomy":"post_tag","embeddable":true,"href":"https:\/\/paju.org\/fr\/wp-json\/wp\/v2\/tags?post=3171"}],"curies":[{"name":"wp","href":"https:\/\/api.w.org\/{rel}","templated":true}]}}