{"id":268178,"date":"2026-09-01T16:51:02","date_gmt":"2026-09-01T20:51:02","guid":{"rendered":"https:\/\/paju.org\/?p=268178"},"modified":"2026-09-04T17:46:39","modified_gmt":"2026-09-04T21:46:39","slug":"le-silence-des-sionistes-face-a-lincendie-criminel-dun-depute-musulman-en-dit-long","status":"publish","type":"post","link":"https:\/\/paju.org\/fr\/le-silence-des-sionistes-face-a-lincendie-criminel-dun-depute-musulman-en-dit-long\/","title":{"rendered":"Le silence des sionistes face \u00e0 l&rsquo;incendie criminel d&rsquo;un d\u00e9put\u00e9 musulman en dit long"},"content":{"rendered":"\n<p class=\"wp-block-paragraph\">Si la voiture d&rsquo;Anthony Housefather avait \u00e9t\u00e9 incendi\u00e9e, cela aurait-il \u00e9t\u00e9 li\u00e9 \u00e0 la Palestine et \u00e0 l&rsquo;antis\u00e9mitisme&nbsp;? Pourquoi les actes de violence sionistes av\u00e9r\u00e9s et probables sont-ils trait\u00e9s diff\u00e9remment&nbsp;? Devrions-nous \u00e9galement d\u00e9signer un coupable parmi ceux qui les incitent&nbsp;?<\/p>\n\n\n\n<p class=\"wp-block-paragraph\">Dans la nuit de mercredi \u00e0 jeudi, la voiture de la d\u00e9put\u00e9e lib\u00e9rale Salma Zaid a \u00e9t\u00e9 incendi\u00e9e. <a href=\"https:\/\/x.com\/SMohyeddin\/status\/2093421113648853471?s=20\">Une vid\u00e9o<\/a> montre un homme versant de l&rsquo;essence sur cinq voitures gar\u00e9es dans son all\u00e9e \u00e0 Scarborough. Il parvient \u00e0 en incendier deux et prend la fuite lorsque le bidon d&rsquo;essence prend feu. Des voitures auraient \u00e9galement \u00e9t\u00e9 incendi\u00e9es pr\u00e8s du domicile de la d\u00e9put\u00e9e en 2024.<\/p>\n\n\n\n<p class=\"wp-block-paragraph\">Le Premier ministre et les chefs des principaux partis d&rsquo;opposition, ainsi que plusieurs organisations musulmanes, ont exprim\u00e9 leur solidarit\u00e9 avec Mme&nbsp;Zaid. Curieusement, le Centre consultatif des relations juives et isra\u00e9liennes (CIJA), B&rsquo;nai Brith et les Amis du Centre Simon Wiesenthal sont rest\u00e9s muets sur cet incendie criminel (probablement) motiv\u00e9 par la haine. M\u00eame silence pour Anthony Housefather, coll\u00e8gue lib\u00e9ral ultra-juif supr\u00e9maciste, \u00e9galement silencieux. En fait, je n&rsquo;ai trouv\u00e9 aucun commentaire \u00e0 ce sujet de la part d&rsquo;une organisation sioniste juive reconnue.<\/p>\n\n\n\n<p class=\"wp-block-paragraph\">L&rsquo;incendie criminel du domicile du premier d\u00e9put\u00e9 canadien \u00e0 porter le voile, figure de proue du Parti communiste isra\u00e9lien et critique virulent du g\u00e9nocide et de l&rsquo;apartheid isra\u00e9liens, survient peu apr\u00e8s l&rsquo;agression d&rsquo;un militant sioniste juif lors d&rsquo;un rassemblement pro-palestinien \u00e0 Montr\u00e9al. Comme je l&rsquo;ai rapport\u00e9, Robert Moisecu a braqu\u00e9 un photographe au visage avec un appareil photo, prof\u00e9r\u00e9 des insultes et des menaces de mort \u00e0 l&rsquo;encontre d&rsquo;un Arabe lors d&rsquo;un rassemblement pro-palestinien lundi. De nouvelles informations ont \u00e9merg\u00e9 concernant l&rsquo;\u00e9tendue du pass\u00e9 criminel de cet ancien soldat isra\u00e9lien.<\/p>\n\n\n\n<p class=\"wp-block-paragraph\">Pas plus tard que l&rsquo;an dernier, Moisecu a \u00e9t\u00e9 arr\u00eat\u00e9 pour le vol d&rsquo;un restaurant et, en 2015, il a tu\u00e9 un touriste britannique \u00e0 Tel Aviv en lui administrant une dose mortelle de fentanyl. Dans un message violent et raciste publi\u00e9 lundi sur Substack, Moisecu se vante de ses actes et admet : \u00ab Oui\u2026 j\u2019\u00e9tais un \u00eatre humain horrible. J\u2019ai tu\u00e9\u2026 vol\u00e9\u2026 agress\u00e9\u2026 consomm\u00e9 des stup\u00e9fiants\u2026 fum\u00e9\u2026 bais\u00e9 et bu pour survivre\u2026 chacun a ses bizarreries. Croyez-le ou non\u2026 j\u2019ai chang\u00e9. \u00bb<\/p>\n\n\n\n<p class=\"wp-block-paragraph\">(<strong><em>Voir la vid\u00e9o YouTube (en anglais)concernant Robert Moisecu, qui a harcel\u00e9 et menac\u00e9 des personnes rassembl\u00e9es devant l\u2019h\u00f4tel de ville de Montr\u00e9al lors d\u2019une motion visant \u00e0 rompre les relations diplomatiques entre Montr\u00e9al et Isra\u00ebl. \u00c0 noter que la police de Montr\u00e9al n\u2019a ouvert une enqu\u00eate sur Moisecu qu\u2019apr\u00e8s la diffusion virale de cette vid\u00e9o. Lien vers la vid\u00e9o et description ci-dessous<\/em><\/strong>.)<\/p>\n\n\n\n<p class=\"wp-block-paragraph\"><strong><a href=\"https:\/\/www.youtube.com\/watch?v=H3Y6KIkN2NY\">ISRAELI SOLDIER THREATENS CANADIANS<\/a> (ON THE LINE MEDIA)<\/strong><\/p>\n\n\n\n<p class=\"wp-block-paragraph\">138,571 views Aug 27, 2026<\/p>\n\n\n\n<p class=\"wp-block-paragraph\"><em>*Un criminel r\u00e9cidiviste, un soldat isra\u00e9lien et un braqueur de banque, le tout en une seule personne. Le 26 ao\u00fbt, une vid\u00e9o a fait surface montrant un homme se d\u00e9clarant sioniste, mena\u00e7ant la vie de personnes \u00e0 Montr\u00e9al. La police de Montr\u00e9al a annonc\u00e9 enqu\u00eater sur Robert Moisescu, 58 ans, suite \u00e0 la diffusion virale de la vid\u00e9o. Or, nous avons enqu\u00eat\u00e9 sur son pass\u00e9 et son pr\u00e9sent, et il s&rsquo;av\u00e8re qu&rsquo;il est fich\u00e9 par le syst\u00e8me judiciaire qu\u00e9b\u00e9cois depuis tr\u00e8s longtemps. Son casier judiciaire remonte \u00e0 1988 et comprend six cambriolages \u00e0 main arm\u00e9e, dont le braquage d&rsquo;une banque dans le nord de l&rsquo;\u00c9tat de New York. Son dernier braquage remonte \u00e0 2025, dans un restaurant. Et ce n&rsquo;est pas tout&nbsp;: il a notamment \u00e9t\u00e9 condamn\u00e9 en 2015 pour \u00ab&nbsp;homicide involontaire&nbsp;\u00bb en Isra\u00ebl. Cette affaire est en cours. Nous vous tiendrons inform\u00e9s. Restez connect\u00e9s&nbsp;! Pour rappel, selon les archives de Tsahal, pr\u00e8s de 1&nbsp;500 Canadiens se sont rendus en Isra\u00ebl pour participer aux crimes contre l\u2019humanit\u00e9 \u00e0 Gaza.<\/em> <em>La GRC doit enqu\u00eater sur ces personnes.<\/em><\/p>\n\n\n\n<p class=\"wp-block-paragraph\"><strong>Continuit\u00e9 de l\u2019article<\/strong><\/p>\n\n\n\n<p class=\"wp-block-paragraph\">Dans son article intitul\u00e9 \u00ab Les <a href=\"https:\/\/na01.safelinks.protection.outlook.com\/?url=https%3A%2F%2Frobertmoisescu.substack.com%2Fp%2Fbad-jews-like-me-wont-stay-silent&amp;data=05%7C02%7C%7C75274ae1e48a41d8eec208df05368f83%7C84df9e7fe9f640afb435aaaaaaaaaaaa%7C1%7C0%7C639235404024790933%7CUnknow\">\u201cmauvais\u201d Juifs comme moi<\/a>\u2026 ne resteront pas silencieux \u00bb, Moisecu prof\u00e8re de multiples menaces et conclut : \u00ab Nous sommes en guerre. Nous sommes des combattants actifs, que vous le sachiez ou non. Trotsky a dit un jour : \u201cVous ne vous int\u00e9ressez peut-\u00eatre pas \u00e0 la guerre, mais la guerre pourrait s\u2019int\u00e9resser \u00e0 vous.\u201d Armez-vous, bordel ! \u00bb<\/p>\n\n\n\n<p class=\"wp-block-paragraph\">Au bas d\u2019un commentaire o\u00f9 il note : \u00ab Autant utiliser ma pr\u00e9disposition inn\u00e9e \u00e0 la r\u00e9solution des conflits par la force pour d\u00e9fendre la civilisation occidentale \u00bb, Moisecu inclut deux publications o\u00f9 mon nom est clairement indiqu\u00e9 et une autre avec une photo de la journaliste torontoise Samira Mohyeddin.<\/p>\n\n\n\n<p class=\"wp-block-paragraph\">Moisecu a ensuite publi\u00e9 un autre message sur Substack o\u00f9 il mena\u00e7ait explicitement d\u2019attaquer la prochaine manifestation pro-palestinienne \u00e0 Montr\u00e9al.<\/p>\n\n\n\n<p class=\"wp-block-paragraph\">(Suite \u00e0 l\u2019indignation g\u00e9n\u00e9rale en ligne, la police de Montr\u00e9al a annonc\u00e9 que son unit\u00e9 des crimes haineux enqu\u00eatait sur ses agissements lors du rassemblement de lundi. Cependant, malgr\u00e9 ses menaces, Moisecu n\u2019a pas \u00e9t\u00e9 arr\u00eat\u00e9. En revanche, la police de Montr\u00e9al m\u2019a emprisonn\u00e9 pendant cinq jours dans une tentative infructueuse de m\u2019imposer des conditions draconiennes concernant une accusation qu\u2019elle a finalement abandonn\u00e9e.)<\/p>\n\n\n\n<p class=\"wp-block-paragraph\">Les organisations juives locales, les combats au sein des Forces d\u2019occupation isra\u00e9liennes (FOI), la famille vivant dans une colonie isra\u00e9lienne ill\u00e9gale, etc., ont probablement contribu\u00e9 \u00e0 la radicalisation de Moisecu. Plus pr\u00e9cis\u00e9ment, trois jours avant le vote du conseil municipal de Montr\u00e9al, l&rsquo;ancien candidat du Parti conservateur, Neil Oberman, a <a href=\"https:\/\/www.facebook.com\/share\/v\/19Qb6E4heP\/\">post\u00e9 une vid\u00e9o<\/a> appelant les sionistes \u00e0 \u00ab descendre sur place\u2026 [pour montrer] que nous rejetons votre incapacit\u00e9, nous rejetons votre maladie \u00bb. Le principal militant sioniste montr\u00e9alais, adepte des man\u0153uvres juridiques abusives, a ajout\u00e9 avec col\u00e8re : \u00ab Reprenez notre ville, reprenez notre province, reprenez notre pays, reprenez votre dignit\u00e9. \u00bb<\/p>\n\n\n\n<p class=\"wp-block-paragraph\">Les paroles d&rsquo;Oberman ont-elles influenc\u00e9 Moisecu ?<\/p>\n\n\n\n<p class=\"wp-block-paragraph\">De m\u00eame, l&rsquo;auteur de l&rsquo;incendie criminel au domicile de Zaid a-t-il \u00e9t\u00e9 influenc\u00e9 par la rh\u00e9torique violente des <em>Forces de d\u00e9fense juives<\/em> nouvellement cr\u00e9\u00e9es ? L\u2019ancien chef de la <em>Ligue de d\u00e9fense juive,<\/em> Meir Weinstein, organisation d\u2019extr\u00eame droite, a r\u00e9cemment fond\u00e9 \u00e0 Toronto une association portant le nom similaire \u00e0 celui de l\u2019arm\u00e9e isra\u00e9lienne, responsable de g\u00e9nocide.<\/p>\n\n\n\n<p class=\"wp-block-paragraph\">Le silence des partisans d\u2019Isra\u00ebl face \u00e0 l\u2019incendie criminel du domicile d\u2019un d\u00e9put\u00e9 lib\u00e9ral et \u00e0 l\u2019agression de Robert Moisecu est assourdissant.<\/p>\n\n\n\n<p class=\"wp-block-paragraph\"><strong><a href=\"https:\/\/yvesengler.com\/2026\/08\/28\/zionist-silence-about-muslim-mp-arson-speaks-loudly\/\">Zionist silence about Muslim MP arson speaks loudly &#8211; Yves Engler<\/a><\/strong><\/p>\n\n\n\n<p class=\"wp-block-paragraph\"><strong><a href=\"https:\/\/yvesengler.com\/donate\/\">Soutenez le travail d\u2019Yves. Faites un don d\u00e8s maintenant..<\/a><\/strong><\/p>\n\n\n\n<p class=\"wp-block-paragraph\"><strong><u>Lire aussi:<\/u><\/strong> <strong>(anglais)<\/strong><\/p>\n\n\n\n<ul class=\"wp-block-list\">\n<li><strong><a href=\"https:\/\/yvesengler.com\/2026\/08\/26\/no-charges-for-assault-threats-by-israel-supporter\/\">No charges for assault, threats by Israel supporter &#8211; Yves Engler<\/a><\/strong><\/li>\n\n\n\n<li><strong><a href=\"https:\/\/www.thenorthstar.com\/p\/jewish-supremacists-beat-an-nbc-film?utm_source=post-email-title&amp;publication_id=277657&amp;post_id=213462024&amp;utm_campaign=email-post-title&amp;isFreemail=true&amp;r=24togb&amp;triedRedirect=true&amp;utm_medium=email\">\ud83c\udfa5 :: Jewish Supremacists Beat an NBC Film Crew &#8211; Including Beating Their Guide, a Palestinian Woman, Unconscious :: Video of the Day :: Sunday, August 30th, 2026 :: Edition 007<\/a><\/strong><\/li>\n\n\n\n<li><strong><a href=\"https:\/\/www.jewishfaculty.ca\/cija-report\">https:\/\/www.jewishfaculty.ca\/cija-report<\/a>:<\/strong>The CIJA Report, <em>A Pattern of Anti-Palestinian Racism and Genocide Denial at the Centre for Israel and Jewish Affairs<\/em><\/li>\n\n\n\n<li><strong><a href=\"https:\/\/paju.org\/fr\/la-collaboration-sioniste-avec-le-troisieme-reich-laccord-haavara\/\">https:\/\/paju.org\/fr\/la-collaboration-sioniste-avec-le-troisieme-reich-laccord-haavara\/<\/a><\/strong><\/li>\n<\/ul>\n\n\n\n<p class=\"wp-block-paragraph\"><strong>NOTE DE PAJU:<\/strong><\/p>\n\n\n\n<p class=\"wp-block-paragraph\">Robert Moisecu, sioniste convaincu et revendiqu\u00e9, qui a harcel\u00e9 et menac\u00e9 des personnes venues voter une motion \u00e0 l&rsquo;h\u00f4tel de ville de Montr\u00e9al demandant \u00e0 la Ville de Montr\u00e9al de rompre ses liens avec le r\u00e9gime d&rsquo;apartheid isra\u00e9lien, responsable de g\u00e9nocide, aurait tout aussi bien pu se trouver aux c\u00f4t\u00e9s des terroristes sionistes juifs en Cisjordanie occup\u00e9e, tuant des villageois palestiniens sans d\u00e9fense, incendiant des maisons et assi\u00e9geant des villages en toute impunit\u00e9.<\/p>\n\n\n\n<p class=\"wp-block-paragraph\">Ce qui est frappant, c&rsquo;est l&rsquo;impunit\u00e9 totale avec laquelle Moisecu a pu insulter, intimider et menacer plusieurs des personnes susmentionn\u00e9es, allant jusqu&rsquo;\u00e0 brandir l&rsquo;appareil photo d&rsquo;un photographe au visage de ce dernier, et ce, sans que la police n&rsquo;intervienne. Un policier montr\u00e9alais s&rsquo;est approch\u00e9, mais n&rsquo;a rien fait d&rsquo;autre que de discuter avec Moisecu. Aucune arrestation.<\/p>\n\n\n\n<p class=\"wp-block-paragraph\">Cela peut sembler paradoxal, mais c&rsquo;est tout le contraire \u00e0 Montr\u00e9al, comme \u00e0 Toronto. \u00c0 Montr\u00e9al, la politique actuelle consiste \u00e0 intervenir contre les militants pro-palestiniens qui protestent contre les brutalit\u00e9s isra\u00e9liennes et les crimes commis contre les Palestiniens \u00e0 Gaza, en Cisjordanie occup\u00e9e et \u00e0 J\u00e9rusalem-Est. En revanche, les organisations sionistes, s&rsquo;appuyant sur <strong><a href=\"https:\/\/paju.org\/fr\/lantisemitisme-sur-les-campus-canadiens-demystification-dun-nouveau-rapport-du-gouvernement-du-canada\/\">une notion fallacieuse d&rsquo;antis\u00e9mitisme<\/a>,<\/strong> n&rsquo;ont qu&rsquo;\u00e0 qualifier d&rsquo;\u00ab antis\u00e9mite \u00bb la critique des atrocit\u00e9s isra\u00e9liennes par les militants pro-palestiniens, et l&rsquo;on peut \u00eatre certain que le SPVM (Service de police de la Ville de Montr\u00e9al), \u00e0 la demande des autorit\u00e9s locales, interviendra imm\u00e9diatement contre les manifestants pro-palestiniens.<\/p>\n\n\n\n<p class=\"wp-block-paragraph\">Consid\u00e9rons la <a href=\"https:\/\/yvesengler.com\/2026\/08\/26\/no-charges-for-assault-threats-by-israel-supporter\/\"><strong>r\u00e9f\u00e9rence d\u2019Yves Engle<\/strong>r<\/a> \u00e0 ce fait (\u00ab fait \u00bb, et non \u00ab fiction \u00bb) dans le passage suivant&nbsp;:<\/p>\n\n\n\n<p class=\"wp-block-paragraph\"><em>Il est r\u00e9v\u00e9lateur de comparer le traitement r\u00e9serv\u00e9 \u00e0 Moisescu avec celui subi par les opposants au g\u00e9nocide. Dans mon cas, l&rsquo;unit\u00e9 des crimes haineux de la police de Montr\u00e9al m&rsquo;a inculp\u00e9 pour avoir r\u00e9agi aux propos racistes et pro-g\u00e9nocide d&rsquo;un influenceur sioniste sur X (je n&rsquo;ai prof\u00e9r\u00e9 aucune menace). Plus pertinent encore, la police de Toronto a r\u00e9cemment inculp\u00e9 le Canadien d&rsquo;origine palestinienne Ahmad Hajahmad de \u00ab&nbsp;participation ou contribution aux activit\u00e9s d&rsquo;un groupe terroriste&nbsp;\u00bb pour avoir (pr\u00e9tendument) apport\u00e9 un soutien rh\u00e9torique \u00e0 la r\u00e9sistance arm\u00e9e du Hamas contre la domination coloniale isra\u00e9lienne lors de deux rassemblements en 2024.<\/em><\/p>\n\n\n\n<p class=\"wp-block-paragraph\">Ce n&rsquo;est pas un hasard ; c&rsquo;est <strong><em>structurel.<\/em><\/strong> Cela fait partie int\u00e9grante de la r\u00e9pression, soutenue par les sionistes, du mouvement pro-palestinien qui s\u00e9vit dans toute la soci\u00e9t\u00e9 occidentale. Il s&rsquo;agit, en r\u00e9alit\u00e9, d&rsquo;un racisme anti-palestinien cautionn\u00e9 par les politiciens \u2013 avec tr\u00e8s peu d&rsquo;oppositions \u2013 \u00e0 tous les paliers de gouvernement au Canada : municipal, provincial et f\u00e9d\u00e9ral. Montr\u00e9al est victime de cette discrimination structurelle.<\/p>\n\n\n\n<p class=\"wp-block-paragraph\">Il est frappant de constater que la section des crimes haineux de la police de Montr\u00e9al n&rsquo;a d\u00e9cid\u00e9 d&rsquo;ouvrir une enqu\u00eate contre Robert Moisecu <strong>qu&rsquo;apr\u00e8s la diffusion virale d&rsquo;une vid\u00e9o sur YouTube par la journaliste Samira Mohyeddin<\/strong>. Sans cela, on peut supposer que la police de Montr\u00e9al n&rsquo;aurait jamais agi. Cela illustre la politique discriminatoire de la municipalit\u00e9 de Montr\u00e9al et du SPVM \u00e0 l&rsquo;\u00e9gard du mouvement pro-palestinien dans la ville.<\/p>\n\n\n\n<p class=\"wp-block-paragraph\">Les points suivants sont \u00e0 prendre en compte :<\/p>\n\n\n\n<p class=\"wp-block-paragraph\">1. \u00c0 notre connaissance, aucune organisation sioniste au Canada, ni aucun politicien sioniste de premier plan comme <strong><a href=\"https:\/\/paju.org\/fr\/la-nomination-danthony-housefather-par-justin-trudeau-a-titre-de-conseiller-special\/\">Anthony Housefather<\/a>,<\/strong> <strong><a href=\"https:\/\/paju.org\/fr\/irwin-cotler-partisan-indefectible-du-genocide-disrael\/\">Irwin Cotler<\/a><\/strong> ou <strong><a href=\"https:\/\/ici.radio-canada.ca\/rci\/fr\/nouvelle\/2069722\/grabuge-propalestiniens-montreal-housefather-lantman\">Melissa Lantsman<\/a><\/strong>, n&rsquo;a condamn\u00e9 l&rsquo;\u00e9v\u00e9nement Moisecu. Ils s&#8217;empressent pourtant de qualifier d&rsquo;\u00ab antis\u00e9mite \u00bb toute critique s\u00e9v\u00e8re de la politique brutale et criminelle d&rsquo;Isra\u00ebl envers les Palestiniens.<\/p>\n\n\n\n<p class=\"wp-block-paragraph\">2. La mairesse de Montr\u00e9al, Soraya Martinez Ferrada, et son parti au pouvoir, Ensemble Montr\u00e9al, ont <a href=\"https:\/\/paju.org\/fr\/lart-de-passer-a-cote-de-lhistoire-madame-la-mairesse-ferrada\/\"><strong>tellement modifi\u00e9 la motion pr\u00e9sent\u00e9<\/strong>e<\/a> par les membres de l&rsquo;opposition de Projet Montr\u00e9al qu&rsquo;elle n&rsquo;est plus qu&rsquo;un geste symbolique de solidarit\u00e9, aussi insignifiant que la propension de certains politiciens, tout aussi insignifiants, \u00e0 \u00e9voquer la \u00ab solution \u00e0 deux \u00c9tats \u00bb, o\u00f9 la cr\u00e9ation d&rsquo;un \u00c9tat palestinien est absolument impossible. C&rsquo;est ce que nous appelons \u00ab discrimination structurelle anti-palestinienne \u00bb.<\/p>\n\n\n\n<p class=\"wp-block-paragraph\">3. La police de Montr\u00e9al applique une politique de ciblage des militants pro-palestiniens \u00e0 Montr\u00e9al. Alors que PAJU demande une enqu\u00eate approfondie du SPVM sur Robert Moisecu, <strong>nous demandons \u00e9galement une enqu\u00eate sur les pratiques de la police de Montr\u00e9al<\/strong> \u00e0 l\u2019\u00e9gard du mouvement pro-palestinien \u00e0 Montr\u00e9al et un examen plus approfondi de la fa\u00e7on dont des groupes sionistes tels que le Centre consultatif des relations juives et isra\u00e9liennes (CIJA) et le B\u2019nai Brith <strong>peuvent exercer des pressions<\/strong> sur le gouvernement municipal de Montr\u00e9al et la police de Montr\u00e9al en ce qui concerne les militants pro-palestiniens.<\/p>\n","protected":false},"excerpt":{"rendered":"<p>Dans la nuit de mercredi \u00e0 jeudi, la voiture de la d\u00e9put\u00e9e lib\u00e9rale Salma Zaid a \u00e9t\u00e9 incendi\u00e9e. Une vid\u00e9o montre un homme versant de l&rsquo;essence sur cinq voitures gar\u00e9es dans son all\u00e9e \u00e0 Scarborough. Il parvient \u00e0 en incendier deux et prend la fuite lorsque le bidon d&rsquo;essence prend feu. Des voitures auraient \u00e9galement \u00e9t\u00e9 incendi\u00e9es pr\u00e8s du domicile de la d\u00e9put\u00e9e en 2024.<\/p>\n<p>Le Premier ministre et les chefs des principaux partis d&rsquo;opposition, ainsi que plusieurs organisations musulmanes, ont exprim\u00e9 leur solidarit\u00e9 avec Mme\u00a0Zaid. Curieusement, le Centre consultatif des relations juives et isra\u00e9liennes (CIJA), B&rsquo;nai Brith et les Amis du Centre Simon Wiesenthal sont rest\u00e9s muets sur cet incendie criminel (probablement) motiv\u00e9 par la haine<\/p>\n","protected":false},"author":4,"featured_media":268076,"comment_status":"closed","ping_status":"closed","sticky":false,"template":"","format":"standard","meta":{"_acf_changed":false,"_et_pb_use_builder":"","_et_pb_old_content":"","_et_gb_content_width":"","footnotes":""},"categories":[94],"tags":[],"class_list":["post-268178","post","type-post","status-publish","format-standard","has-post-thumbnail","hentry","category-bulletin-fr"],"acf":[],"yoast_head":"<!-- This site is optimized with the Yoast SEO plugin v28.4 - https:\/\/yoast.com\/product\/yoast-seo-wordpress\/ -->\n<title>Le silence des sionistes face \u00e0 l&#039;incendie criminel d&#039;un d\u00e9put\u00e9 musulman en dit long - PAJU<\/title>\n<meta name=\"robots\" content=\"index, follow, max-snippet:-1, max-image-preview:large, max-video-preview:-1\" \/>\n<link rel=\"canonical\" href=\"https:\/\/paju.org\/fr\/le-silence-des-sionistes-face-a-lincendie-criminel-dun-depute-musulman-en-dit-long\/\" \/>\n<meta property=\"og:locale\" content=\"fr_FR\" \/>\n<meta property=\"og:type\" content=\"article\" \/>\n<meta property=\"og:title\" content=\"Le silence des sionistes face \u00e0 l&#039;incendie criminel d&#039;un d\u00e9put\u00e9 musulman en dit long - PAJU\" \/>\n<meta property=\"og:description\" content=\"Dans la nuit de mercredi \u00e0 jeudi, la voiture de la d\u00e9put\u00e9e lib\u00e9rale Salma Zaid a \u00e9t\u00e9 incendi\u00e9e. Une vid\u00e9o montre un homme versant de l&#039;essence sur cinq voitures gar\u00e9es dans son all\u00e9e \u00e0 Scarborough. Il parvient \u00e0 en incendier deux et prend la fuite lorsque le bidon d&#039;essence prend feu. Des voitures auraient \u00e9galement \u00e9t\u00e9 incendi\u00e9es pr\u00e8s du domicile de la d\u00e9put\u00e9e en 2024. Le Premier ministre et les chefs des principaux partis d&#039;opposition, ainsi que plusieurs organisations musulmanes, ont exprim\u00e9 leur solidarit\u00e9 avec Mme\u00a0Zaid. Curieusement, le Centre consultatif des relations juives et isra\u00e9liennes (CIJA), B&#039;nai Brith et les Amis du Centre Simon Wiesenthal sont rest\u00e9s muets sur cet incendie criminel (probablement) motiv\u00e9 par la haine\" \/>\n<meta property=\"og:site_name\" content=\"PAJU\" \/>\n<meta property=\"article:publisher\" content=\"https:\/\/www.facebook.com\/pajumontreal\" \/>\n<meta property=\"article:published_time\" content=\"2026-09-01T20:51:02+00:00\" \/>\n<meta property=\"article:modified_time\" content=\"2026-09-04T21:46:39+00:00\" \/>\n<meta property=\"og:image\" content=\"https:\/\/paju.org\/wp-content\/uploads\/BenGvir_Netanyahu_PC.png-Palestine-Chronicle.png\" \/>\n\t<meta property=\"og:image:width\" content=\"678\" \/>\n\t<meta property=\"og:image:height\" content=\"455\" \/>\n\t<meta property=\"og:image:type\" content=\"image\/png\" \/>\n<meta name=\"author\" content=\"Bruce Katz\" \/>\n<meta name=\"twitter:card\" content=\"summary_large_image\" \/>\n<meta name=\"twitter:label1\" content=\"\u00c9crit par\" \/>\n\t<meta name=\"twitter:data1\" content=\"Bruce Katz\" \/>\n\t<meta name=\"twitter:label2\" content=\"Dur\u00e9e de lecture estim\u00e9e\" \/>\n\t<meta name=\"twitter:data2\" content=\"8 minutes\" \/>\n<script type=\"application\/ld+json\" class=\"yoast-schema-graph\">{\"@context\":\"https:\\\/\\\/schema.org\",\"@graph\":[{\"@type\":\"Article\",\"@id\":\"https:\\\/\\\/paju.org\\\/fr\\\/le-silence-des-sionistes-face-a-lincendie-criminel-dun-depute-musulman-en-dit-long\\\/#article\",\"isPartOf\":{\"@id\":\"https:\\\/\\\/paju.org\\\/fr\\\/le-silence-des-sionistes-face-a-lincendie-criminel-dun-depute-musulman-en-dit-long\\\/\"},\"author\":{\"name\":\"Bruce Katz\",\"@id\":\"https:\\\/\\\/paju.org\\\/fr\\\/#\\\/schema\\\/person\\\/6d8aed1579a1f4a97e1c552a5f2a891d\"},\"headline\":\"Le silence des sionistes face \u00e0 l&rsquo;incendie criminel d&rsquo;un d\u00e9put\u00e9 musulman en dit long\",\"datePublished\":\"2026-09-01T20:51:02+00:00\",\"dateModified\":\"2026-09-04T21:46:39+00:00\",\"mainEntityOfPage\":{\"@id\":\"https:\\\/\\\/paju.org\\\/fr\\\/le-silence-des-sionistes-face-a-lincendie-criminel-dun-depute-musulman-en-dit-long\\\/\"},\"wordCount\":2027,\"publisher\":{\"@id\":\"https:\\\/\\\/paju.org\\\/fr\\\/#organization\"},\"image\":{\"@id\":\"https:\\\/\\\/paju.org\\\/fr\\\/le-silence-des-sionistes-face-a-lincendie-criminel-dun-depute-musulman-en-dit-long\\\/#primaryimage\"},\"thumbnailUrl\":\"https:\\\/\\\/paju.org\\\/wp-content\\\/uploads\\\/BenGvir_Netanyahu_PC.png-Palestine-Chronicle.png\",\"articleSection\":[\"Notre bulletin\"],\"inLanguage\":\"fr-FR\"},{\"@type\":\"WebPage\",\"@id\":\"https:\\\/\\\/paju.org\\\/fr\\\/le-silence-des-sionistes-face-a-lincendie-criminel-dun-depute-musulman-en-dit-long\\\/\",\"url\":\"https:\\\/\\\/paju.org\\\/fr\\\/le-silence-des-sionistes-face-a-lincendie-criminel-dun-depute-musulman-en-dit-long\\\/\",\"name\":\"Le silence des sionistes face \u00e0 l'incendie criminel d'un d\u00e9put\u00e9 musulman en dit long - PAJU\",\"isPartOf\":{\"@id\":\"https:\\\/\\\/paju.org\\\/fr\\\/#website\"},\"primaryImageOfPage\":{\"@id\":\"https:\\\/\\\/paju.org\\\/fr\\\/le-silence-des-sionistes-face-a-lincendie-criminel-dun-depute-musulman-en-dit-long\\\/#primaryimage\"},\"image\":{\"@id\":\"https:\\\/\\\/paju.org\\\/fr\\\/le-silence-des-sionistes-face-a-lincendie-criminel-dun-depute-musulman-en-dit-long\\\/#primaryimage\"},\"thumbnailUrl\":\"https:\\\/\\\/paju.org\\\/wp-content\\\/uploads\\\/BenGvir_Netanyahu_PC.png-Palestine-Chronicle.png\",\"datePublished\":\"2026-09-01T20:51:02+00:00\",\"dateModified\":\"2026-09-04T21:46:39+00:00\",\"breadcrumb\":{\"@id\":\"https:\\\/\\\/paju.org\\\/fr\\\/le-silence-des-sionistes-face-a-lincendie-criminel-dun-depute-musulman-en-dit-long\\\/#breadcrumb\"},\"inLanguage\":\"fr-FR\",\"potentialAction\":[{\"@type\":\"ReadAction\",\"target\":[\"https:\\\/\\\/paju.org\\\/fr\\\/le-silence-des-sionistes-face-a-lincendie-criminel-dun-depute-musulman-en-dit-long\\\/\"]}]},{\"@type\":\"ImageObject\",\"inLanguage\":\"fr-FR\",\"@id\":\"https:\\\/\\\/paju.org\\\/fr\\\/le-silence-des-sionistes-face-a-lincendie-criminel-dun-depute-musulman-en-dit-long\\\/#primaryimage\",\"url\":\"https:\\\/\\\/paju.org\\\/wp-content\\\/uploads\\\/BenGvir_Netanyahu_PC.png-Palestine-Chronicle.png\",\"contentUrl\":\"https:\\\/\\\/paju.org\\\/wp-content\\\/uploads\\\/BenGvir_Netanyahu_PC.png-Palestine-Chronicle.png\",\"width\":678,\"height\":455},{\"@type\":\"BreadcrumbList\",\"@id\":\"https:\\\/\\\/paju.org\\\/fr\\\/le-silence-des-sionistes-face-a-lincendie-criminel-dun-depute-musulman-en-dit-long\\\/#breadcrumb\",\"itemListElement\":[{\"@type\":\"ListItem\",\"position\":1,\"name\":\"Home\",\"item\":\"https:\\\/\\\/paju.org\\\/fr\\\/\"},{\"@type\":\"ListItem\",\"position\":2,\"name\":\"Le silence des sionistes face \u00e0 l&#8217;incendie criminel d&#8217;un d\u00e9put\u00e9 musulman en dit long\"}]},{\"@type\":\"WebSite\",\"@id\":\"https:\\\/\\\/paju.org\\\/fr\\\/#website\",\"url\":\"https:\\\/\\\/paju.org\\\/fr\\\/\",\"name\":\"PAJU\",\"description\":\"\",\"publisher\":{\"@id\":\"https:\\\/\\\/paju.org\\\/fr\\\/#organization\"},\"potentialAction\":[{\"@type\":\"SearchAction\",\"target\":{\"@type\":\"EntryPoint\",\"urlTemplate\":\"https:\\\/\\\/paju.org\\\/fr\\\/?s={search_term_string}\"},\"query-input\":{\"@type\":\"PropertyValueSpecification\",\"valueRequired\":true,\"valueName\":\"search_term_string\"}}],\"inLanguage\":\"fr-FR\"},{\"@type\":\"Organization\",\"@id\":\"https:\\\/\\\/paju.org\\\/fr\\\/#organization\",\"name\":\"Palestinian and Jewish Unity\",\"url\":\"https:\\\/\\\/paju.org\\\/fr\\\/\",\"logo\":{\"@type\":\"ImageObject\",\"inLanguage\":\"fr-FR\",\"@id\":\"https:\\\/\\\/paju.org\\\/fr\\\/#\\\/schema\\\/logo\\\/image\\\/\",\"url\":\"https:\\\/\\\/paju.org\\\/wp-content\\\/uploads\\\/PAJU-Logo.png\",\"contentUrl\":\"https:\\\/\\\/paju.org\\\/wp-content\\\/uploads\\\/PAJU-Logo.png\",\"width\":696,\"height\":293,\"caption\":\"Palestinian and Jewish Unity\"},\"image\":{\"@id\":\"https:\\\/\\\/paju.org\\\/fr\\\/#\\\/schema\\\/logo\\\/image\\\/\"},\"sameAs\":[\"https:\\\/\\\/www.facebook.com\\\/pajumontreal\",\"https:\\\/\\\/www.instagram.com\\\/pajumontreal\\\/\"]},{\"@type\":\"Person\",\"@id\":\"https:\\\/\\\/paju.org\\\/fr\\\/#\\\/schema\\\/person\\\/6d8aed1579a1f4a97e1c552a5f2a891d\",\"name\":\"Bruce Katz\",\"image\":{\"@type\":\"ImageObject\",\"inLanguage\":\"fr-FR\",\"@id\":\"https:\\\/\\\/secure.gravatar.com\\\/avatar\\\/4c65b2117dbb672d0bda009f0367a4721c9271f1f68b1747fb53d7333079d0f1?s=96&d=mm&r=g\",\"url\":\"https:\\\/\\\/secure.gravatar.com\\\/avatar\\\/4c65b2117dbb672d0bda009f0367a4721c9271f1f68b1747fb53d7333079d0f1?s=96&d=mm&r=g\",\"contentUrl\":\"https:\\\/\\\/secure.gravatar.com\\\/avatar\\\/4c65b2117dbb672d0bda009f0367a4721c9271f1f68b1747fb53d7333079d0f1?s=96&d=mm&r=g\",\"caption\":\"Bruce Katz\"},\"url\":\"https:\\\/\\\/paju.org\\\/fr\\\/author\\\/chadi\\\/\"}]}<\/script>\n<!-- \/ Yoast SEO plugin. -->","yoast_head_json":{"title":"Le silence des sionistes face \u00e0 l'incendie criminel d'un d\u00e9put\u00e9 musulman en dit long - PAJU","robots":{"index":"index","follow":"follow","max-snippet":"max-snippet:-1","max-image-preview":"max-image-preview:large","max-video-preview":"max-video-preview:-1"},"canonical":"https:\/\/paju.org\/fr\/le-silence-des-sionistes-face-a-lincendie-criminel-dun-depute-musulman-en-dit-long\/","og_locale":"fr_FR","og_type":"article","og_title":"Le silence des sionistes face \u00e0 l'incendie criminel d'un d\u00e9put\u00e9 musulman en dit long - PAJU","og_description":"Dans la nuit de mercredi \u00e0 jeudi, la voiture de la d\u00e9put\u00e9e lib\u00e9rale Salma Zaid a \u00e9t\u00e9 incendi\u00e9e. Une vid\u00e9o montre un homme versant de l'essence sur cinq voitures gar\u00e9es dans son all\u00e9e \u00e0 Scarborough. Il parvient \u00e0 en incendier deux et prend la fuite lorsque le bidon d'essence prend feu. Des voitures auraient \u00e9galement \u00e9t\u00e9 incendi\u00e9es pr\u00e8s du domicile de la d\u00e9put\u00e9e en 2024. Le Premier ministre et les chefs des principaux partis d'opposition, ainsi que plusieurs organisations musulmanes, ont exprim\u00e9 leur solidarit\u00e9 avec Mme\u00a0Zaid. Curieusement, le Centre consultatif des relations juives et isra\u00e9liennes (CIJA), B'nai Brith et les Amis du Centre Simon Wiesenthal sont rest\u00e9s muets sur cet incendie criminel (probablement) motiv\u00e9 par la haine","og_site_name":"PAJU","article_publisher":"https:\/\/www.facebook.com\/pajumontreal","article_published_time":"2026-09-01T20:51:02+00:00","article_modified_time":"2026-09-04T21:46:39+00:00","og_image":[{"width":678,"height":455,"url":"https:\/\/paju.org\/wp-content\/uploads\/BenGvir_Netanyahu_PC.png-Palestine-Chronicle.png","type":"image\/png"}],"author":"Bruce Katz","twitter_card":"summary_large_image","twitter_misc":{"\u00c9crit par":"Bruce Katz","Dur\u00e9e de lecture estim\u00e9e":"8 minutes"},"schema":{"@context":"https:\/\/schema.org","@graph":[{"@type":"Article","@id":"https:\/\/paju.org\/fr\/le-silence-des-sionistes-face-a-lincendie-criminel-dun-depute-musulman-en-dit-long\/#article","isPartOf":{"@id":"https:\/\/paju.org\/fr\/le-silence-des-sionistes-face-a-lincendie-criminel-dun-depute-musulman-en-dit-long\/"},"author":{"name":"Bruce Katz","@id":"https:\/\/paju.org\/fr\/#\/schema\/person\/6d8aed1579a1f4a97e1c552a5f2a891d"},"headline":"Le silence des sionistes face \u00e0 l&rsquo;incendie criminel d&rsquo;un d\u00e9put\u00e9 musulman en dit long","datePublished":"2026-09-01T20:51:02+00:00","dateModified":"2026-09-04T21:46:39+00:00","mainEntityOfPage":{"@id":"https:\/\/paju.org\/fr\/le-silence-des-sionistes-face-a-lincendie-criminel-dun-depute-musulman-en-dit-long\/"},"wordCount":2027,"publisher":{"@id":"https:\/\/paju.org\/fr\/#organization"},"image":{"@id":"https:\/\/paju.org\/fr\/le-silence-des-sionistes-face-a-lincendie-criminel-dun-depute-musulman-en-dit-long\/#primaryimage"},"thumbnailUrl":"https:\/\/paju.org\/wp-content\/uploads\/BenGvir_Netanyahu_PC.png-Palestine-Chronicle.png","articleSection":["Notre bulletin"],"inLanguage":"fr-FR"},{"@type":"WebPage","@id":"https:\/\/paju.org\/fr\/le-silence-des-sionistes-face-a-lincendie-criminel-dun-depute-musulman-en-dit-long\/","url":"https:\/\/paju.org\/fr\/le-silence-des-sionistes-face-a-lincendie-criminel-dun-depute-musulman-en-dit-long\/","name":"Le silence des sionistes face \u00e0 l'incendie criminel d'un d\u00e9put\u00e9 musulman en dit long - PAJU","isPartOf":{"@id":"https:\/\/paju.org\/fr\/#website"},"primaryImageOfPage":{"@id":"https:\/\/paju.org\/fr\/le-silence-des-sionistes-face-a-lincendie-criminel-dun-depute-musulman-en-dit-long\/#primaryimage"},"image":{"@id":"https:\/\/paju.org\/fr\/le-silence-des-sionistes-face-a-lincendie-criminel-dun-depute-musulman-en-dit-long\/#primaryimage"},"thumbnailUrl":"https:\/\/paju.org\/wp-content\/uploads\/BenGvir_Netanyahu_PC.png-Palestine-Chronicle.png","datePublished":"2026-09-01T20:51:02+00:00","dateModified":"2026-09-04T21:46:39+00:00","breadcrumb":{"@id":"https:\/\/paju.org\/fr\/le-silence-des-sionistes-face-a-lincendie-criminel-dun-depute-musulman-en-dit-long\/#breadcrumb"},"inLanguage":"fr-FR","potentialAction":[{"@type":"ReadAction","target":["https:\/\/paju.org\/fr\/le-silence-des-sionistes-face-a-lincendie-criminel-dun-depute-musulman-en-dit-long\/"]}]},{"@type":"ImageObject","inLanguage":"fr-FR","@id":"https:\/\/paju.org\/fr\/le-silence-des-sionistes-face-a-lincendie-criminel-dun-depute-musulman-en-dit-long\/#primaryimage","url":"https:\/\/paju.org\/wp-content\/uploads\/BenGvir_Netanyahu_PC.png-Palestine-Chronicle.png","contentUrl":"https:\/\/paju.org\/wp-content\/uploads\/BenGvir_Netanyahu_PC.png-Palestine-Chronicle.png","width":678,"height":455},{"@type":"BreadcrumbList","@id":"https:\/\/paju.org\/fr\/le-silence-des-sionistes-face-a-lincendie-criminel-dun-depute-musulman-en-dit-long\/#breadcrumb","itemListElement":[{"@type":"ListItem","position":1,"name":"Home","item":"https:\/\/paju.org\/fr\/"},{"@type":"ListItem","position":2,"name":"Le silence des sionistes face \u00e0 l&#8217;incendie criminel d&#8217;un d\u00e9put\u00e9 musulman en dit long"}]},{"@type":"WebSite","@id":"https:\/\/paju.org\/fr\/#website","url":"https:\/\/paju.org\/fr\/","name":"PAJU","description":"","publisher":{"@id":"https:\/\/paju.org\/fr\/#organization"},"potentialAction":[{"@type":"SearchAction","target":{"@type":"EntryPoint","urlTemplate":"https:\/\/paju.org\/fr\/?s={search_term_string}"},"query-input":{"@type":"PropertyValueSpecification","valueRequired":true,"valueName":"search_term_string"}}],"inLanguage":"fr-FR"},{"@type":"Organization","@id":"https:\/\/paju.org\/fr\/#organization","name":"Palestinian and Jewish Unity","url":"https:\/\/paju.org\/fr\/","logo":{"@type":"ImageObject","inLanguage":"fr-FR","@id":"https:\/\/paju.org\/fr\/#\/schema\/logo\/image\/","url":"https:\/\/paju.org\/wp-content\/uploads\/PAJU-Logo.png","contentUrl":"https:\/\/paju.org\/wp-content\/uploads\/PAJU-Logo.png","width":696,"height":293,"caption":"Palestinian and Jewish Unity"},"image":{"@id":"https:\/\/paju.org\/fr\/#\/schema\/logo\/image\/"},"sameAs":["https:\/\/www.facebook.com\/pajumontreal","https:\/\/www.instagram.com\/pajumontreal\/"]},{"@type":"Person","@id":"https:\/\/paju.org\/fr\/#\/schema\/person\/6d8aed1579a1f4a97e1c552a5f2a891d","name":"Bruce Katz","image":{"@type":"ImageObject","inLanguage":"fr-FR","@id":"https:\/\/secure.gravatar.com\/avatar\/4c65b2117dbb672d0bda009f0367a4721c9271f1f68b1747fb53d7333079d0f1?s=96&d=mm&r=g","url":"https:\/\/secure.gravatar.com\/avatar\/4c65b2117dbb672d0bda009f0367a4721c9271f1f68b1747fb53d7333079d0f1?s=96&d=mm&r=g","contentUrl":"https:\/\/secure.gravatar.com\/avatar\/4c65b2117dbb672d0bda009f0367a4721c9271f1f68b1747fb53d7333079d0f1?s=96&d=mm&r=g","caption":"Bruce Katz"},"url":"https:\/\/paju.org\/fr\/author\/chadi\/"}]}},"_links":{"self":[{"href":"https:\/\/paju.org\/fr\/wp-json\/wp\/v2\/posts\/268178","targetHints":{"allow":["GET"]}}],"collection":[{"href":"https:\/\/paju.org\/fr\/wp-json\/wp\/v2\/posts"}],"about":[{"href":"https:\/\/paju.org\/fr\/wp-json\/wp\/v2\/types\/post"}],"author":[{"embeddable":true,"href":"https:\/\/paju.org\/fr\/wp-json\/wp\/v2\/users\/4"}],"replies":[{"embeddable":true,"href":"https:\/\/paju.org\/fr\/wp-json\/wp\/v2\/comments?post=268178"}],"version-history":[{"count":1,"href":"https:\/\/paju.org\/fr\/wp-json\/wp\/v2\/posts\/268178\/revisions"}],"predecessor-version":[{"id":268180,"href":"https:\/\/paju.org\/fr\/wp-json\/wp\/v2\/posts\/268178\/revisions\/268180"}],"wp:featuredmedia":[{"embeddable":true,"href":"https:\/\/paju.org\/fr\/wp-json\/wp\/v2\/media\/268076"}],"wp:attachment":[{"href":"https:\/\/paju.org\/fr\/wp-json\/wp\/v2\/media?parent=268178"}],"wp:term":[{"taxonomy":"category","embeddable":true,"href":"https:\/\/paju.org\/fr\/wp-json\/wp\/v2\/categories?post=268178"},{"taxonomy":"post_tag","embeddable":true,"href":"https:\/\/paju.org\/fr\/wp-json\/wp\/v2\/tags?post=268178"}],"curies":[{"name":"wp","href":"https:\/\/api.w.org\/{rel}","templated":true}]}}