{"id":268072,"date":"2026-09-01T16:51:02","date_gmt":"2026-09-01T20:51:02","guid":{"rendered":"https:\/\/paju.org\/?p=268072"},"modified":"2026-09-01T16:51:27","modified_gmt":"2026-09-01T20:51:27","slug":"zionist-silence-about-muslim-mp-arson-speaks-loudly","status":"publish","type":"post","link":"https:\/\/paju.org\/fr\/zionist-silence-about-muslim-mp-arson-speaks-loudly\/","title":{"rendered":"Zionist Silence About Muslim MP Arson Speaks Loudly"},"content":{"rendered":"\n<p class=\"wp-block-paragraph\">If Anthony Housefather\u2019s car was set ablaze, would it be linked to Palestine and antisemitism? Why is confirmed and probable Zionist violence treated differently? Should we also be pointing a figure at those inciting it?<\/p>\n\n\n\n<p class=\"wp-block-paragraph\">In the middle of the night Wednesday Liberal MP Salma Zaid had her car set ablaze.&nbsp;<a href=\"https:\/\/x.com\/SMohyeddin\/status\/2093421113648853471?s=20\">Video shows<\/a>&nbsp;a man pouring gasoline on five cars in her Scarborough driveway. He succeeds in burning two of them and runs off when the gas container catches fire. Reportedly, cars were also set ablaze near the MP\u2019s house in 2024.<\/p>\n\n\n\n<p class=\"wp-block-paragraph\">The prime minister and leader of the main opposition parties, as well as multiple Muslim organizations, expressed their solidarity with Zaid. Conspicuously, the Centre for Israel and Jewish Affairs, B\u2019nai Brith and Friends of Simon Wiesenthal Center have stayed mum on the (probably) hate motivated arson. Ditto for Zaid\u2019s ultra\u2013Jewish supremacist Liberal colleague Anthony Housefather. In fact, I couldn\u2019t find any comment on the matter from a mainstream Jewish Zionist organization.<\/p>\n\n\n\n<p class=\"wp-block-paragraph\">An arson at the home of Canada\u2019s first veiled MP, who has been the party\u2019s most vocal critic of Israel\u2019s genocide and apartheid, follows on the heels of an assault by a Jewish Zionist at a Palestine rally in Montreal. As I reported, Robert Moisecu shoved a camera into a photographer\u2019s face, screamed slurs and uttered death threats against an Arab during a pro-Palestinian rally on Monday. More information has emerged about the scope of the former Israeli soldier\u2019s criminal background. As late as last year Moisecu was caught robbing a restaurant and in 2015 he killed a British tourist in Tel Aviv with a fatal dose of fentanyl.<\/p>\n\n\n\n<p class=\"wp-block-paragraph\">In a violent, racist, Substack post boasting about his actions Monday Moisecu admits, \u201cYes.. I was a terrible human being. I killed.. robbed.. assaulted.. used narcotics.. smoked.. fucked and drank my way through life.. everyone has their idiosyncrasies. Believe it or not\u2026 I have changed.\u201d<\/p>\n\n\n\n<p class=\"wp-block-paragraph\"><strong><em>(See the You Tube video regarding Robert Moisecu who harassed and threatened individuals assembled in front of Montreal\u2019s City Hall where a motion on Montreal ending relations with Israel took place. Note that the Montreal police only just undertook to investigate Moisecu after this video went viral. Link to the video and description directly below)<\/em><\/strong><\/p>\n\n\n\n<p class=\"wp-block-paragraph\"><strong><a href=\"https:\/\/www.youtube.com\/watch?v=H3Y6KIkN2NY\">ISRAELI SOLDIER THREATENS CANADIANS<\/a> (ON THE LINE MEDIA)<\/strong><\/p>\n\n\n\n<p class=\"wp-block-paragraph\">138,571 views Aug 27, 2026<\/p>\n\n\n\n<p class=\"wp-block-paragraph\"><em>*A convicted felon, an Israeli soldier, and a bank robber, all rolled into one. On August 26, video surfaced of a self proclaimed Zionist, threatening the lives of people in Montreal. The Montreal Police now say they are investigating 58 year old Robert Moisescu after the video went viral. But we dug up Robert&rsquo;s past and present and he has been on the radar of the Quebec magistrate and carceral system for a very very long time. He has a criminal record dating back to 1988, including six armed burglaries and the robbing of a bank in upstate New York! His last robbery was of a restaurant at gun point in 2025. That and so so much more,including a conviction in 2015 of &lsquo;death by negligence&rsquo; in Israel in 2015. This story continues to develop. We will update you as it does. Stay tuned! *Reminder according to the IDF&rsquo;s own records, nearly 1500 Canadians went to Israel to participate in the crimes against humanity in Gaza. The RCMP needs to investigate these people. <\/em><em><\/em><\/p>\n\n\n\n<p class=\"wp-block-paragraph\"><em>DONATE NOW TO SUPPORT SAMIRA&rsquo;S WORK: <\/em><em><a href=\"https:\/\/www.youtube.com\/redirect?event=video_description&amp;redir_token=QUM4Zm9rUzhhLWNYN1RTNVptTk9KdnhXd2RKanxBTl9pYzRjckVIMG0xLWc5VndUazVONDhVZGFPcUY1R3dETGJmZ3VSc2RFamVoWGx3MFVvLVJILXFIcTItZHc4ckJtb2ltaVZIWnpEQTBsb3lWcktYSTd1V000V3hucnJINDlm&amp;q=https%3A%2F%2Fdonateopen.com%2F%40samira_mohyeddin&amp;v=H3Y6KIkN2NY\" target=\"_blank\" rel=\"noreferrer noopener\">https:\/\/donateopen.com\/@samira_mohyeddin<\/a><\/em><\/p>\n\n\n\n<p class=\"wp-block-paragraph\"><strong>Article cont\u2019d<\/strong><\/p>\n\n\n\n<p class=\"wp-block-paragraph\">In \u201c\u2018<a href=\"https:\/\/na01.safelinks.protection.outlook.com\/?url=https%3A%2F%2Frobertmoisescu.substack.com%2Fp%2Fbad-jews-like-me-wont-stay-silent&amp;data=05%7C02%7C%7C75274ae1e48a41d8eec208df05368f83%7C84df9e7fe9f640afb435aaaaaaaaaaaa%7C1%7C0%7C639235404024790933%7CUnknown%7CTWFpbGZsb3d8eyJFbXB0eU1hcGkiOnRydWUsIlYiOiIwLjAuMDAwMCIsIlAiOiJXaW4zMiIsIkFOIjoiTWFpbCIsIldUIjoyfQ%3D%3D%7C0%7C%7C%7C&amp;sdata=qeVfxyAd9i%2FFLeBhFCBH6gJk34l4%2B9c4%2F97J7wMfkpI%3D&amp;reserved=0\">Bad\u2019 Jews like me<\/a>\u2026 won\u2019t stay silent\u201d Moisecu utters multiple threats and concludes, \u201cWe are at war. we are active combatants whether you know it or not. Trotsky once said, \u2018You may not be interested in war, but war may be interested in you.\u2019 Arm the fuck up.\u201d<\/p>\n\n\n\n<p class=\"wp-block-paragraph\">At the bottom of a commentary noting \u201cI may as well use my innate predisposition to kinetic conflict resolution in the defense of western civilization\u201d, Moisecu includes two posts with my name marked prominently and another with a photo of Toronto journalist Samira Mohyeddin.<\/p>\n\n\n\n<p class=\"wp-block-paragraph\">Moisecu followed up his Substack rant with another post explicitly threatening to attack the next pro-Palestinian demonstration in Montreal.<\/p>\n\n\n\n<p class=\"wp-block-paragraph\">(After popular outrage online, the Montreal police announced that their hate crimes unit was investigating his actions at the Monday rally. They haven\u2019t, however, arrested Moisecu despite his threats. In contrast, the Montreal police jailed me for five days in a failed bid to impose onerous conditions regarding a charge they ultimately dropped.)<\/p>\n\n\n\n<p class=\"wp-block-paragraph\">Local Jewish organizations, fighting in IOF, family living in illegal Israeli settlement, etc. likely radicalized Moisecu. More specifically, three days before the Montreal city council vote, former Conservative party candidate Neil Oberman released a&nbsp;<a href=\"https:\/\/www.facebook.com\/share\/v\/19Qb6E4heP\/\">video<\/a>&nbsp;calling on Zionists to \u201cgo down there \u2026 [to show] we reject your impairment, we reject your sickness.\u201d Montreal\u2019s leading Zionist lawfare activist angrily added \u201ctake back our city, take back our province, take back our country, take back your dignity.\u201d<\/p>\n\n\n\n<p class=\"wp-block-paragraph\">Did Oberman\u2019s word influence Moisecu?<\/p>\n\n\n\n<p class=\"wp-block-paragraph\">Similarly, was the person responsible for the arson at Zaid\u2019s home influenced by the violent rhetoric coming from the newly created Jewish Defence Force? The former head of the fascistic Jewish Defence League, Meir Weinstein, recently set up a Toronto organization named after the genocidal Israeli Defence Force.<\/p>\n\n\n\n<p class=\"wp-block-paragraph\">Israel supporters\u2019 response about the arson at a Liberal MP\u2019s house and Robert Moisecu\u2019s attack is deafening in its silence.<\/p>\n\n\n\n<p class=\"wp-block-paragraph\"><strong><a href=\"https:\/\/yvesengler.com\/2026\/08\/28\/zionist-silence-about-muslim-mp-arson-speaks-loudly\/\">Zionist silence about Muslim MP arson speaks loudly &#8211; Yves Engler<\/a><\/strong><\/p>\n\n\n\n<p class=\"wp-block-paragraph\"><strong><a href=\"https:\/\/yvesengler.com\/donate\/\">Support Yves\u2019 work. Donate Now.<\/a><\/strong><\/p>\n\n\n\n<p class=\"wp-block-paragraph\"><strong><u>Read also:<\/u><\/strong><\/p>\n\n\n\n<ul class=\"wp-block-list\">\n<li><strong><a href=\"https:\/\/yvesengler.com\/2026\/08\/26\/no-charges-for-assault-threats-by-israel-supporter\/\">No charges for assault, threats by Israel supporter &#8211; Yves Engler<\/a><\/strong><\/li>\n\n\n\n<li><strong><a href=\"https:\/\/www.thenorthstar.com\/p\/jewish-supremacists-beat-an-nbc-film?utm_source=post-email-title&amp;publication_id=277657&amp;post_id=213462024&amp;utm_campaign=email-post-title&amp;isFreemail=true&amp;r=24togb&amp;triedRedirect=true&amp;utm_medium=email\">\ud83c\udfa5 :: Jewish Supremacists Beat an NBC Film Crew &#8211; Including Beating Their Guide, a Palestinian Woman, Unconscious :: Video of the Day :: Sunday, August 30th, 2026 :: Edition 007<\/a><\/strong><\/li>\n\n\n\n<li><strong><a href=\"https:\/\/www.jewishfaculty.ca\/cija-report\">https:\/\/www.jewishfaculty.ca\/cija-report<\/a>:<\/strong>The CIJA Report, <em>A Pattern of Anti-Palestinian Racism and Genocide Denial at the Centre for Israel and Jewish Affairs<\/em><\/li>\n\n\n\n<li><strong><a href=\"https:\/\/paju.org\/zionist-collaboration-with-the-third-reich-the-haavara-agreement\/\">https:\/\/paju.org\/zionist-collaboration-with-the-third-reich-the-haavara-agreement\/<\/a><\/strong><\/li>\n<\/ul>\n\n\n\n<p class=\"wp-block-paragraph\"><strong>PAJU NOTE:<\/strong><\/p>\n\n\n\n<p class=\"wp-block-paragraph\">Robert Moisecu, a self-professed proud Zionist, who harassed and threatened individuals who had shown up for the motion at Montreal City Hall on asking the City of Montreal to cut ties with Israel\u2019s genocidal apartheid regime, could just as well have been with the Jewish Zionist terrorists in the occupied Palestinian West Bank, killing defenseless Palestinian villagers, burning Palestinian homes and laying siege to Palestinian villages with absolute impunity.<\/p>\n\n\n\n<p class=\"wp-block-paragraph\">But what is to be noted is the absolute impunity with which Moisecu was able to insult, intimidate and threaten several of the above-mentioned individuals while also shoving the camera of a photographer into the photographer\u2019s face, all this without any attempt at police intervention. A Montreal policeman approached but did nothing other than talk to Moisecu. No arrest.<\/p>\n\n\n\n<p class=\"wp-block-paragraph\">That may seem to be an anomaly, but the opposite is true in Montreal as it is in Toronto. In Montreal, it is current policy to intervene against pro-Palestinian activists protesting Israeli brutality and crimes committed against Palestinians in Gaza, in the occupied West Bank and East Jerusalem. In comparison, Zionist organizations, using <a href=\"https:\/\/paju.org\/antisemitism-on-canadian-campuses-debunking-a-new-report-by-the-government-of-canada\/\">a false notion of antisemitism<\/a>, need only point to pro-Palestinian activists\u2019 critique of Israeli atrocities as \u2018antisemitic,\u2019 and we can rest assured that the Montreal SPVM (<em>Service de police de la Ville de Montr\u00e9al<\/em>), at the behest of local authorities, will be \u2018Johnny-on-the-spot\u2019 to intervene against the pro-Palestinian demonstrators.<\/p>\n\n\n\n<p class=\"wp-block-paragraph\">Consider <strong><a href=\"https:\/\/yvesengler.com\/2026\/08\/26\/no-charges-for-assault-threats-by-israel-supporter\/\">Yves Engler\u2019s reference<\/a><\/strong> to this fact (\u2018fact\u2019 not \u2018fiction\u2019) in the following passage:<\/p>\n\n\n\n<p class=\"wp-block-paragraph\"><em>It is revealing to contrast Moisescu\u2019s treatment with what opponents of genocide have faced. In my case, the Montreal police hate crimes unit charged me for responding to a Zionist influencer\u2019s racist, pro-genocide, statements on X (I didn\u2019t make any threats). More pertinent, the Toronto police recently charged Palestinian Canadian Ahmad Hajahmad with \u201cParticipating in or Contributing to Activities of a Terrorist Group\u201d for (purportedly) offering rhetorical support for Hamas\u2019 armed resistance to Israeli colonial rule at two rallies in 2024.<\/em><\/p>\n\n\n\n<p class=\"wp-block-paragraph\">This is not accidental; it is <strong><em>structural<\/em><\/strong>. It is part and parcel of the Zionist-supported crackdown on the pro-Palestinian movement happening throughout Western society. It is, in effect, an anti-Palestinian racism supported by politicians \u2013 with few dissenting politicians &#8211; at every level of government in Canada: municipal, provincial and federal. Montreal falls within that structural discrimination.<\/p>\n\n\n\n<p class=\"wp-block-paragraph\">What is noteworthy here is the fact that the Montreal police hate-crimes section decided to launch an investigation into Robert Moisecu <strong>only after a video put on YouTube by journalist Samira Mohyeddin went viral.<\/strong> Had that not been the case, we can take for granted that no such action would have been undertaken by the Montreal police. That reflects the discriminatory policy of both the municipal government of Montreal and the SPVM as regards the pro-Palestinian movement in Montreal.<\/p>\n\n\n\n<p class=\"wp-block-paragraph\">The following points are to be duly noted:<\/p>\n\n\n\n<ol start=\"1\" class=\"wp-block-list\">\n<li>To our knowledge, there have been no denunciations of the Moisecu event from any Zionist organization anywhere in Canada nor from any stalwart Zionist politicians such as <a href=\"https:\/\/paju.org\/justin-trudeaus-appointment-of-anthony-housefather-as-special-advisor\/\">Anthony Housefather<\/a>, <a href=\"https:\/\/paju.org\/irwin-cotler-unmitigated-supporter-of-israels-genocide\/\">Irwin Cotler<\/a> or <a href=\"https:\/\/springmag.ca\/hamilton-communities-confront-mp-lantsmans-anti-palestinian-hate\">Melissa Lantsman<\/a>. They are quick, however, to label as \u2018antisemitic\u2019 any severe critique of Israel\u2019s brutal and criminal policy toward the Palestinians.<\/li>\n\n\n\n<li>The Mayor of Montreal, Soraya Martinez Ferrada and her governing Ensemble Montr\u00e9al party, <a href=\"https:\/\/paju.org\/the-art-of-side-stepping-history-montreal-mayor-ferrada\/\">amended the motion<\/a> presented by the opposition members of Projet Montr\u00e9al to such an extent that it is little more than a symbolic gesture of solidarity, as insignificant in meaning as the penchant to refer to the \u2018Two-State Solution,\u2019( on the part of equally insignificant politicians), where a Palestinian state in an absolute impossibility. That is what we refer to as \u2018structural anti-Palestinian discrimination.\u2019<\/li>\n\n\n\n<li>The Montreal police follow a policy of targeting pro-Palestinian activists in Montreal. While PAJU calls for a thorough investigation of Robert Moisecu by the SPVM, <strong>we also call for an investigation into Montreal police practices<\/strong> vis-\u00e0-vis the pro-Palestinian movement in Montreal and a closer look at the way in which Zionist groups such as the Centre for Israel and Jewish Affairs (CIJA) and the B\u2019nai Brith <strong>may exert pressure<\/strong> on both the Montreal municipal government and the Montreal police as regards pro-Palestinian activists.<\/li>\n<\/ol>\n\n\n\n<p class=\"wp-block-paragraph\"><\/p>\n","protected":false},"excerpt":{"rendered":"<p>An arson at the home of Canada\u2019s first veiled MP, who has been the party\u2019s most vocal critic of Israel\u2019s genocide and apartheid, follows on the heels of an assault by a Jewish Zionist at a Palestine rally in Montreal. Robert Moisecu shoved a camera into a photographer\u2019s face, screamed slurs and uttered death threats against an Arab during a pro-Palestinian rally.<\/p>\n","protected":false},"author":4,"featured_media":268074,"comment_status":"closed","ping_status":"closed","sticky":false,"template":"","format":"standard","meta":{"_acf_changed":false,"_et_pb_use_builder":"","_et_pb_old_content":"","_et_gb_content_width":"","footnotes":""},"categories":[1],"tags":[],"class_list":["post-268072","post","type-post","status-publish","format-standard","has-post-thumbnail","hentry","category-bulletin"],"acf":[],"yoast_head":"<!-- This site is optimized with the Yoast SEO plugin v28.1 - https:\/\/yoast.com\/product\/yoast-seo-wordpress\/ -->\n<title>Zionist Silence About Muslim MP Arson Speaks Loudly - PAJU<\/title>\n<meta name=\"description\" content=\"An arson at the home of Canada\u2019s first veiled MP, who has been the party\u2019s most vocal critic of Israel\u2019s genocide and apartheid, follows on the heels of an assault by a Jewish Zionist at a Palestine rally in Montreal. Robert Moisecu shoved a camera into a photographer\u2019s face, screamed slurs and uttered death threats against an Arab during a pro-Palestinian rally.\" \/>\n<meta name=\"robots\" content=\"index, follow, max-snippet:-1, max-image-preview:large, max-video-preview:-1\" \/>\n<link rel=\"canonical\" href=\"https:\/\/paju.org\/fr\/zionist-silence-about-muslim-mp-arson-speaks-loudly\/\" \/>\n<meta property=\"og:locale\" content=\"fr_FR\" \/>\n<meta property=\"og:type\" content=\"article\" \/>\n<meta property=\"og:title\" content=\"Zionist Silence About Muslim MP Arson Speaks Loudly - PAJU\" \/>\n<meta property=\"og:description\" content=\"An arson at the home of Canada\u2019s first veiled MP, who has been the party\u2019s most vocal critic of Israel\u2019s genocide and apartheid, follows on the heels of an assault by a Jewish Zionist at a Palestine rally in Montreal. Robert Moisecu shoved a camera into a photographer\u2019s face, screamed slurs and uttered death threats against an Arab during a pro-Palestinian rally.\" \/>\n<meta property=\"og:site_name\" content=\"PAJU\" \/>\n<meta property=\"article:publisher\" content=\"https:\/\/www.facebook.com\/pajumontreal\" \/>\n<meta property=\"article:published_time\" content=\"2026-09-01T20:51:02+00:00\" \/>\n<meta property=\"article:modified_time\" content=\"2026-09-01T20:51:27+00:00\" \/>\n<meta property=\"og:image\" content=\"https:\/\/paju.org\/wp-content\/uploads\/BenGvir_Netanyahu_PC.png-Palestine-Chronicle.png\" \/>\n\t<meta property=\"og:image:width\" content=\"678\" \/>\n\t<meta property=\"og:image:height\" content=\"455\" \/>\n\t<meta property=\"og:image:type\" content=\"image\/png\" \/>\n<meta name=\"author\" content=\"Bruce Katz\" \/>\n<meta name=\"twitter:card\" content=\"summary_large_image\" \/>\n<meta name=\"twitter:label1\" content=\"\u00c9crit par\" \/>\n\t<meta name=\"twitter:data1\" content=\"Bruce Katz\" \/>\n\t<meta name=\"twitter:label2\" content=\"Dur\u00e9e de lecture estim\u00e9e\" \/>\n\t<meta name=\"twitter:data2\" content=\"8 minutes\" \/>\n<script type=\"application\/ld+json\" class=\"yoast-schema-graph\">{\"@context\":\"https:\\\/\\\/schema.org\",\"@graph\":[{\"@type\":\"Article\",\"@id\":\"https:\\\/\\\/paju.org\\\/fr\\\/zionist-silence-about-muslim-mp-arson-speaks-loudly\\\/#article\",\"isPartOf\":{\"@id\":\"https:\\\/\\\/paju.org\\\/fr\\\/zionist-silence-about-muslim-mp-arson-speaks-loudly\\\/\"},\"author\":{\"name\":\"Bruce Katz\",\"@id\":\"https:\\\/\\\/paju.org\\\/fr\\\/#\\\/schema\\\/person\\\/6d8aed1579a1f4a97e1c552a5f2a891d\"},\"headline\":\"Zionist Silence About Muslim MP Arson Speaks Loudly\",\"datePublished\":\"2026-09-01T20:51:02+00:00\",\"dateModified\":\"2026-09-01T20:51:27+00:00\",\"mainEntityOfPage\":{\"@id\":\"https:\\\/\\\/paju.org\\\/fr\\\/zionist-silence-about-muslim-mp-arson-speaks-loudly\\\/\"},\"wordCount\":1684,\"publisher\":{\"@id\":\"https:\\\/\\\/paju.org\\\/fr\\\/#organization\"},\"image\":{\"@id\":\"https:\\\/\\\/paju.org\\\/fr\\\/zionist-silence-about-muslim-mp-arson-speaks-loudly\\\/#primaryimage\"},\"thumbnailUrl\":\"https:\\\/\\\/paju.org\\\/wp-content\\\/uploads\\\/BenGvir_Netanyahu_PC.png-Palestine-Chronicle.png\",\"articleSection\":[\"Bulletin\"],\"inLanguage\":\"fr-FR\"},{\"@type\":\"WebPage\",\"@id\":\"https:\\\/\\\/paju.org\\\/fr\\\/zionist-silence-about-muslim-mp-arson-speaks-loudly\\\/\",\"url\":\"https:\\\/\\\/paju.org\\\/fr\\\/zionist-silence-about-muslim-mp-arson-speaks-loudly\\\/\",\"name\":\"Zionist Silence About Muslim MP Arson Speaks Loudly - PAJU\",\"isPartOf\":{\"@id\":\"https:\\\/\\\/paju.org\\\/fr\\\/#website\"},\"primaryImageOfPage\":{\"@id\":\"https:\\\/\\\/paju.org\\\/fr\\\/zionist-silence-about-muslim-mp-arson-speaks-loudly\\\/#primaryimage\"},\"image\":{\"@id\":\"https:\\\/\\\/paju.org\\\/fr\\\/zionist-silence-about-muslim-mp-arson-speaks-loudly\\\/#primaryimage\"},\"thumbnailUrl\":\"https:\\\/\\\/paju.org\\\/wp-content\\\/uploads\\\/BenGvir_Netanyahu_PC.png-Palestine-Chronicle.png\",\"datePublished\":\"2026-09-01T20:51:02+00:00\",\"dateModified\":\"2026-09-01T20:51:27+00:00\",\"description\":\"An arson at the home of Canada\u2019s first veiled MP, who has been the party\u2019s most vocal critic of Israel\u2019s genocide and apartheid, follows on the heels of an assault by a Jewish Zionist at a Palestine rally in Montreal. Robert Moisecu shoved a camera into a photographer\u2019s face, screamed slurs and uttered death threats against an Arab during a pro-Palestinian rally.\",\"breadcrumb\":{\"@id\":\"https:\\\/\\\/paju.org\\\/fr\\\/zionist-silence-about-muslim-mp-arson-speaks-loudly\\\/#breadcrumb\"},\"inLanguage\":\"fr-FR\",\"potentialAction\":[{\"@type\":\"ReadAction\",\"target\":[\"https:\\\/\\\/paju.org\\\/fr\\\/zionist-silence-about-muslim-mp-arson-speaks-loudly\\\/\"]}]},{\"@type\":\"ImageObject\",\"inLanguage\":\"fr-FR\",\"@id\":\"https:\\\/\\\/paju.org\\\/fr\\\/zionist-silence-about-muslim-mp-arson-speaks-loudly\\\/#primaryimage\",\"url\":\"https:\\\/\\\/paju.org\\\/wp-content\\\/uploads\\\/BenGvir_Netanyahu_PC.png-Palestine-Chronicle.png\",\"contentUrl\":\"https:\\\/\\\/paju.org\\\/wp-content\\\/uploads\\\/BenGvir_Netanyahu_PC.png-Palestine-Chronicle.png\",\"width\":678,\"height\":455},{\"@type\":\"BreadcrumbList\",\"@id\":\"https:\\\/\\\/paju.org\\\/fr\\\/zionist-silence-about-muslim-mp-arson-speaks-loudly\\\/#breadcrumb\",\"itemListElement\":[{\"@type\":\"ListItem\",\"position\":1,\"name\":\"Home\",\"item\":\"https:\\\/\\\/paju.org\\\/fr\\\/\"},{\"@type\":\"ListItem\",\"position\":2,\"name\":\"Zionist Silence About Muslim MP Arson Speaks Loudly\"}]},{\"@type\":\"WebSite\",\"@id\":\"https:\\\/\\\/paju.org\\\/fr\\\/#website\",\"url\":\"https:\\\/\\\/paju.org\\\/fr\\\/\",\"name\":\"PAJU\",\"description\":\"\",\"publisher\":{\"@id\":\"https:\\\/\\\/paju.org\\\/fr\\\/#organization\"},\"potentialAction\":[{\"@type\":\"SearchAction\",\"target\":{\"@type\":\"EntryPoint\",\"urlTemplate\":\"https:\\\/\\\/paju.org\\\/fr\\\/?s={search_term_string}\"},\"query-input\":{\"@type\":\"PropertyValueSpecification\",\"valueRequired\":true,\"valueName\":\"search_term_string\"}}],\"inLanguage\":\"fr-FR\"},{\"@type\":\"Organization\",\"@id\":\"https:\\\/\\\/paju.org\\\/fr\\\/#organization\",\"name\":\"Palestinian and Jewish Unity\",\"url\":\"https:\\\/\\\/paju.org\\\/fr\\\/\",\"logo\":{\"@type\":\"ImageObject\",\"inLanguage\":\"fr-FR\",\"@id\":\"https:\\\/\\\/paju.org\\\/fr\\\/#\\\/schema\\\/logo\\\/image\\\/\",\"url\":\"https:\\\/\\\/paju.org\\\/wp-content\\\/uploads\\\/PAJU-Logo.png\",\"contentUrl\":\"https:\\\/\\\/paju.org\\\/wp-content\\\/uploads\\\/PAJU-Logo.png\",\"width\":696,\"height\":293,\"caption\":\"Palestinian and Jewish Unity\"},\"image\":{\"@id\":\"https:\\\/\\\/paju.org\\\/fr\\\/#\\\/schema\\\/logo\\\/image\\\/\"},\"sameAs\":[\"https:\\\/\\\/www.facebook.com\\\/pajumontreal\",\"https:\\\/\\\/www.instagram.com\\\/pajumontreal\\\/\"]},{\"@type\":\"Person\",\"@id\":\"https:\\\/\\\/paju.org\\\/fr\\\/#\\\/schema\\\/person\\\/6d8aed1579a1f4a97e1c552a5f2a891d\",\"name\":\"Bruce Katz\",\"image\":{\"@type\":\"ImageObject\",\"inLanguage\":\"fr-FR\",\"@id\":\"https:\\\/\\\/secure.gravatar.com\\\/avatar\\\/4c65b2117dbb672d0bda009f0367a4721c9271f1f68b1747fb53d7333079d0f1?s=96&d=mm&r=g\",\"url\":\"https:\\\/\\\/secure.gravatar.com\\\/avatar\\\/4c65b2117dbb672d0bda009f0367a4721c9271f1f68b1747fb53d7333079d0f1?s=96&d=mm&r=g\",\"contentUrl\":\"https:\\\/\\\/secure.gravatar.com\\\/avatar\\\/4c65b2117dbb672d0bda009f0367a4721c9271f1f68b1747fb53d7333079d0f1?s=96&d=mm&r=g\",\"caption\":\"Bruce Katz\"},\"url\":\"https:\\\/\\\/paju.org\\\/fr\\\/author\\\/chadi\\\/\"}]}<\/script>\n<!-- \/ Yoast SEO plugin. -->","yoast_head_json":{"title":"Zionist Silence About Muslim MP Arson Speaks Loudly - PAJU","description":"An arson at the home of Canada\u2019s first veiled MP, who has been the party\u2019s most vocal critic of Israel\u2019s genocide and apartheid, follows on the heels of an assault by a Jewish Zionist at a Palestine rally in Montreal. Robert Moisecu shoved a camera into a photographer\u2019s face, screamed slurs and uttered death threats against an Arab during a pro-Palestinian rally.","robots":{"index":"index","follow":"follow","max-snippet":"max-snippet:-1","max-image-preview":"max-image-preview:large","max-video-preview":"max-video-preview:-1"},"canonical":"https:\/\/paju.org\/fr\/zionist-silence-about-muslim-mp-arson-speaks-loudly\/","og_locale":"fr_FR","og_type":"article","og_title":"Zionist Silence About Muslim MP Arson Speaks Loudly - PAJU","og_description":"An arson at the home of Canada\u2019s first veiled MP, who has been the party\u2019s most vocal critic of Israel\u2019s genocide and apartheid, follows on the heels of an assault by a Jewish Zionist at a Palestine rally in Montreal. Robert Moisecu shoved a camera into a photographer\u2019s face, screamed slurs and uttered death threats against an Arab during a pro-Palestinian rally.","og_site_name":"PAJU","article_publisher":"https:\/\/www.facebook.com\/pajumontreal","article_published_time":"2026-09-01T20:51:02+00:00","article_modified_time":"2026-09-01T20:51:27+00:00","og_image":[{"width":678,"height":455,"url":"https:\/\/paju.org\/wp-content\/uploads\/BenGvir_Netanyahu_PC.png-Palestine-Chronicle.png","type":"image\/png"}],"author":"Bruce Katz","twitter_card":"summary_large_image","twitter_misc":{"\u00c9crit par":"Bruce Katz","Dur\u00e9e de lecture estim\u00e9e":"8 minutes"},"schema":{"@context":"https:\/\/schema.org","@graph":[{"@type":"Article","@id":"https:\/\/paju.org\/fr\/zionist-silence-about-muslim-mp-arson-speaks-loudly\/#article","isPartOf":{"@id":"https:\/\/paju.org\/fr\/zionist-silence-about-muslim-mp-arson-speaks-loudly\/"},"author":{"name":"Bruce Katz","@id":"https:\/\/paju.org\/fr\/#\/schema\/person\/6d8aed1579a1f4a97e1c552a5f2a891d"},"headline":"Zionist Silence About Muslim MP Arson Speaks Loudly","datePublished":"2026-09-01T20:51:02+00:00","dateModified":"2026-09-01T20:51:27+00:00","mainEntityOfPage":{"@id":"https:\/\/paju.org\/fr\/zionist-silence-about-muslim-mp-arson-speaks-loudly\/"},"wordCount":1684,"publisher":{"@id":"https:\/\/paju.org\/fr\/#organization"},"image":{"@id":"https:\/\/paju.org\/fr\/zionist-silence-about-muslim-mp-arson-speaks-loudly\/#primaryimage"},"thumbnailUrl":"https:\/\/paju.org\/wp-content\/uploads\/BenGvir_Netanyahu_PC.png-Palestine-Chronicle.png","articleSection":["Bulletin"],"inLanguage":"fr-FR"},{"@type":"WebPage","@id":"https:\/\/paju.org\/fr\/zionist-silence-about-muslim-mp-arson-speaks-loudly\/","url":"https:\/\/paju.org\/fr\/zionist-silence-about-muslim-mp-arson-speaks-loudly\/","name":"Zionist Silence About Muslim MP Arson Speaks Loudly - PAJU","isPartOf":{"@id":"https:\/\/paju.org\/fr\/#website"},"primaryImageOfPage":{"@id":"https:\/\/paju.org\/fr\/zionist-silence-about-muslim-mp-arson-speaks-loudly\/#primaryimage"},"image":{"@id":"https:\/\/paju.org\/fr\/zionist-silence-about-muslim-mp-arson-speaks-loudly\/#primaryimage"},"thumbnailUrl":"https:\/\/paju.org\/wp-content\/uploads\/BenGvir_Netanyahu_PC.png-Palestine-Chronicle.png","datePublished":"2026-09-01T20:51:02+00:00","dateModified":"2026-09-01T20:51:27+00:00","description":"An arson at the home of Canada\u2019s first veiled MP, who has been the party\u2019s most vocal critic of Israel\u2019s genocide and apartheid, follows on the heels of an assault by a Jewish Zionist at a Palestine rally in Montreal. Robert Moisecu shoved a camera into a photographer\u2019s face, screamed slurs and uttered death threats against an Arab during a pro-Palestinian rally.","breadcrumb":{"@id":"https:\/\/paju.org\/fr\/zionist-silence-about-muslim-mp-arson-speaks-loudly\/#breadcrumb"},"inLanguage":"fr-FR","potentialAction":[{"@type":"ReadAction","target":["https:\/\/paju.org\/fr\/zionist-silence-about-muslim-mp-arson-speaks-loudly\/"]}]},{"@type":"ImageObject","inLanguage":"fr-FR","@id":"https:\/\/paju.org\/fr\/zionist-silence-about-muslim-mp-arson-speaks-loudly\/#primaryimage","url":"https:\/\/paju.org\/wp-content\/uploads\/BenGvir_Netanyahu_PC.png-Palestine-Chronicle.png","contentUrl":"https:\/\/paju.org\/wp-content\/uploads\/BenGvir_Netanyahu_PC.png-Palestine-Chronicle.png","width":678,"height":455},{"@type":"BreadcrumbList","@id":"https:\/\/paju.org\/fr\/zionist-silence-about-muslim-mp-arson-speaks-loudly\/#breadcrumb","itemListElement":[{"@type":"ListItem","position":1,"name":"Home","item":"https:\/\/paju.org\/fr\/"},{"@type":"ListItem","position":2,"name":"Zionist Silence About Muslim MP Arson Speaks Loudly"}]},{"@type":"WebSite","@id":"https:\/\/paju.org\/fr\/#website","url":"https:\/\/paju.org\/fr\/","name":"PAJU","description":"","publisher":{"@id":"https:\/\/paju.org\/fr\/#organization"},"potentialAction":[{"@type":"SearchAction","target":{"@type":"EntryPoint","urlTemplate":"https:\/\/paju.org\/fr\/?s={search_term_string}"},"query-input":{"@type":"PropertyValueSpecification","valueRequired":true,"valueName":"search_term_string"}}],"inLanguage":"fr-FR"},{"@type":"Organization","@id":"https:\/\/paju.org\/fr\/#organization","name":"Palestinian and Jewish Unity","url":"https:\/\/paju.org\/fr\/","logo":{"@type":"ImageObject","inLanguage":"fr-FR","@id":"https:\/\/paju.org\/fr\/#\/schema\/logo\/image\/","url":"https:\/\/paju.org\/wp-content\/uploads\/PAJU-Logo.png","contentUrl":"https:\/\/paju.org\/wp-content\/uploads\/PAJU-Logo.png","width":696,"height":293,"caption":"Palestinian and Jewish Unity"},"image":{"@id":"https:\/\/paju.org\/fr\/#\/schema\/logo\/image\/"},"sameAs":["https:\/\/www.facebook.com\/pajumontreal","https:\/\/www.instagram.com\/pajumontreal\/"]},{"@type":"Person","@id":"https:\/\/paju.org\/fr\/#\/schema\/person\/6d8aed1579a1f4a97e1c552a5f2a891d","name":"Bruce Katz","image":{"@type":"ImageObject","inLanguage":"fr-FR","@id":"https:\/\/secure.gravatar.com\/avatar\/4c65b2117dbb672d0bda009f0367a4721c9271f1f68b1747fb53d7333079d0f1?s=96&d=mm&r=g","url":"https:\/\/secure.gravatar.com\/avatar\/4c65b2117dbb672d0bda009f0367a4721c9271f1f68b1747fb53d7333079d0f1?s=96&d=mm&r=g","contentUrl":"https:\/\/secure.gravatar.com\/avatar\/4c65b2117dbb672d0bda009f0367a4721c9271f1f68b1747fb53d7333079d0f1?s=96&d=mm&r=g","caption":"Bruce Katz"},"url":"https:\/\/paju.org\/fr\/author\/chadi\/"}]}},"_links":{"self":[{"href":"https:\/\/paju.org\/fr\/wp-json\/wp\/v2\/posts\/268072","targetHints":{"allow":["GET"]}}],"collection":[{"href":"https:\/\/paju.org\/fr\/wp-json\/wp\/v2\/posts"}],"about":[{"href":"https:\/\/paju.org\/fr\/wp-json\/wp\/v2\/types\/post"}],"author":[{"embeddable":true,"href":"https:\/\/paju.org\/fr\/wp-json\/wp\/v2\/users\/4"}],"replies":[{"embeddable":true,"href":"https:\/\/paju.org\/fr\/wp-json\/wp\/v2\/comments?post=268072"}],"version-history":[{"count":1,"href":"https:\/\/paju.org\/fr\/wp-json\/wp\/v2\/posts\/268072\/revisions"}],"predecessor-version":[{"id":268075,"href":"https:\/\/paju.org\/fr\/wp-json\/wp\/v2\/posts\/268072\/revisions\/268075"}],"wp:featuredmedia":[{"embeddable":true,"href":"https:\/\/paju.org\/fr\/wp-json\/wp\/v2\/media\/268074"}],"wp:attachment":[{"href":"https:\/\/paju.org\/fr\/wp-json\/wp\/v2\/media?parent=268072"}],"wp:term":[{"taxonomy":"category","embeddable":true,"href":"https:\/\/paju.org\/fr\/wp-json\/wp\/v2\/categories?post=268072"},{"taxonomy":"post_tag","embeddable":true,"href":"https:\/\/paju.org\/fr\/wp-json\/wp\/v2\/tags?post=268072"}],"curies":[{"name":"wp","href":"https:\/\/api.w.org\/{rel}","templated":true}]}}