{"id":265482,"date":"2026-05-01T09:41:45","date_gmt":"2026-05-01T13:41:45","guid":{"rendered":"https:\/\/paju.org\/?p=265482"},"modified":"2026-05-01T09:51:19","modified_gmt":"2026-05-01T13:51:19","slug":"la-flottille-mondiale-sumud-2026-navigue-vers-gaza","status":"publish","type":"post","link":"https:\/\/paju.org\/fr\/la-flottille-mondiale-sumud-2026-navigue-vers-gaza\/","title":{"rendered":"LA FLOTTILLE MONDIALE SUMUD 2026 NAVIGUE VERS GAZA"},"content":{"rendered":"\n<p><strong>Suite \u00e0 <a href=\"https:\/\/en.pngoportal.org\/post\/4046\/PNGO-Commends-Efforts-of-Solidarity-Activists-Participating-in-the-new-Global-Sumud-Flotilla-to-Break-the-Siege-on-Gaza\">un appel direct des Palestiniens de Gaza<\/a>, la Flottille Mondiale Sumud s&rsquo;est de nouveau mobilis\u00e9e, sur terre et en mer, avec des milliers de participants, plus d&rsquo;une centaine de bateaux, des centaines de camions et des objectifs \u00e9largis.<\/strong><\/p>\n\n\n\n<p>Cette mission ne vise pas seulement \u00e0 briser le si\u00e8ge ill\u00e9gal impos\u00e9 par Isra\u00ebl et \u00e0 acheminer une aide humanitaire vitale, mais aussi \u00e0 \u00e9tablir une pr\u00e9sence civile durable. Des \u00e9quipes de m\u00e9decins, d&rsquo;infirmiers, d&rsquo;\u00e9co-constructeurs, d&rsquo;enqu\u00eateurs sur les crimes de guerre, de protecteurs civils non arm\u00e9s et d&rsquo;autres d\u00e9barqueront pour travailler aux c\u00f4t\u00e9s du peuple palestinien. Alors qu&rsquo;ils continuent de subir les attaques incessantes du r\u00e9gime isra\u00e9lien, nous commencerons \u00e0 reconstruire les syst\u00e8mes de sant\u00e9 et les infrastructures de base d\u00e9truits au cours des deux derni\u00e8res ann\u00e9es.<\/p>\n\n\n\n<h2 class=\"wp-block-heading has-large-font-size\"><strong>Levez-vous pour notre avenir collectif<\/strong><\/h2>\n\n\n\n<p>Cette mission concerne en partie ceux qui participent en mer ou au convoi terrestre. Mais elle concerne aussi les millions de personnes dans le monde qui sont pr\u00eates \u00e0 dire \u00ab \u00e7a suffit \u00bb. Des personnes pr\u00eates \u00e0 h\u00e9riter de la responsabilit\u00e9 abandonn\u00e9e par les gouvernements et les institutions, \u00e0 descendre dans la rue et \u00e0 exiger le changement.<\/p>\n\n\n\n<p>Ce mouvement exige l&rsquo;action de chacun, partout dans le monde. Ne soyez pas spectateur.<\/p>\n\n\n\n<p>Guid\u00e9 par la lutte acharn\u00e9e des Palestiniens pour la lib\u00e9ration, notre mouvement compos\u00e9 de citoyens ordinaires et de collectifs mobilise les communaut\u00e9s du monde entier pour agir. Ensemble, nous nous dressons contre l&rsquo;apartheid, le racisme, l&rsquo;imp\u00e9rialisme, le colonialisme, l&rsquo;\u00e9cocide et tous les syst\u00e8mes d&rsquo;oppression.<\/p>\n\n\n\n<p class=\"has-medium-font-size\"><strong>21 bateaux sur 63 ont \u00e9t\u00e9 ill\u00e9galement retenus en eaux internationales par Isra\u00ebl.<\/strong><\/p>\n\n\n\n<p class=\"has-medium-font-size\"><strong>179 participants ont \u00e9t\u00e9 kidnapp\u00e9s.<\/strong><\/p>\n\n\n\n<p><strong>LE LIEN VERS LA FLOTTILLE MONDIALE SUMUD EST :<\/strong>&nbsp;<a href=\"https:\/\/globalsumudflotilla.org\/\" target=\"_blank\" rel=\"noreferrer noopener\">https:\/\/globalsumudflotilla.org\/<\/a><\/p>\n\n\n\n<p><strong>LE LIEN VERS LE TRACEUR EST :<\/strong>&nbsp;<a href=\"https:\/\/globalsumudflotilla.org\/tracker\/\" target=\"_blank\" rel=\"noreferrer noopener\">https:\/\/globalsumudflotilla.org\/tracker\/<\/a><\/p>\n","protected":false},"excerpt":{"rendered":"<p>Suite \u00e0 un appel direct des Palestiniens de Gaza, la Flottille Mondiale Sumud s&rsquo;est de nouveau mobilis\u00e9e, sur terre et en mer, avec des milliers de participants, plus d&rsquo;une centaine [&hellip;]<\/p>\n","protected":false},"author":1,"featured_media":265480,"comment_status":"closed","ping_status":"closed","sticky":false,"template":"","format":"standard","meta":{"_acf_changed":false,"_et_pb_use_builder":"","_et_pb_old_content":"","_et_gb_content_width":"","footnotes":""},"categories":[215,33],"tags":[],"class_list":["post-265482","post","type-post","status-publish","format-standard","has-post-thumbnail","hentry","category-action-fr","category-boycott"],"acf":[],"yoast_head":"<!-- This site is optimized with the Yoast SEO plugin v27.5 - https:\/\/yoast.com\/product\/yoast-seo-wordpress\/ -->\n<title>LA FLOTTILLE MONDIALE SUMUD 2026 NAVIGUE VERS GAZA - PAJU<\/title>\n<meta name=\"robots\" content=\"index, follow, max-snippet:-1, max-image-preview:large, max-video-preview:-1\" \/>\n<link rel=\"canonical\" href=\"https:\/\/paju.org\/fr\/la-flottille-mondiale-sumud-2026-navigue-vers-gaza\/\" \/>\n<meta property=\"og:locale\" content=\"fr_FR\" \/>\n<meta property=\"og:type\" content=\"article\" \/>\n<meta property=\"og:title\" content=\"LA FLOTTILLE MONDIALE SUMUD 2026 NAVIGUE VERS GAZA - PAJU\" \/>\n<meta property=\"og:description\" content=\"Suite \u00e0 un appel direct des Palestiniens de Gaza, la Flottille Mondiale Sumud s&rsquo;est de nouveau mobilis\u00e9e, sur terre et en mer, avec des milliers de participants, plus d&rsquo;une centaine [&hellip;]\" \/>\n<meta property=\"og:site_name\" content=\"PAJU\" \/>\n<meta property=\"article:publisher\" content=\"https:\/\/www.facebook.com\/pajumontreal\" \/>\n<meta property=\"article:published_time\" content=\"2026-05-01T13:41:45+00:00\" \/>\n<meta property=\"article:modified_time\" content=\"2026-05-01T13:51:19+00:00\" \/>\n<meta property=\"og:image\" content=\"https:\/\/paju.org\/wp-content\/uploads\/global-sumud-3.jpg\" \/>\n\t<meta property=\"og:image:width\" content=\"800\" \/>\n\t<meta property=\"og:image:height\" content=\"450\" \/>\n\t<meta property=\"og:image:type\" content=\"image\/jpeg\" \/>\n<meta name=\"author\" content=\"PAJU\" \/>\n<meta name=\"twitter:card\" content=\"summary_large_image\" \/>\n<meta name=\"twitter:label1\" content=\"\u00c9crit par\" \/>\n\t<meta name=\"twitter:data1\" content=\"PAJU\" \/>\n\t<meta name=\"twitter:label2\" content=\"Dur\u00e9e de lecture estim\u00e9e\" \/>\n\t<meta name=\"twitter:data2\" content=\"2 minutes\" \/>\n<script type=\"application\/ld+json\" class=\"yoast-schema-graph\">{\"@context\":\"https:\\\/\\\/schema.org\",\"@graph\":[{\"@type\":\"Article\",\"@id\":\"https:\\\/\\\/paju.org\\\/fr\\\/la-flottille-mondiale-sumud-2026-navigue-vers-gaza\\\/#article\",\"isPartOf\":{\"@id\":\"https:\\\/\\\/paju.org\\\/fr\\\/la-flottille-mondiale-sumud-2026-navigue-vers-gaza\\\/\"},\"author\":{\"name\":\"PAJU\",\"@id\":\"https:\\\/\\\/paju.org\\\/fr\\\/#\\\/schema\\\/person\\\/329c80ae8a3b11562a4f709eaa6ebfc6\"},\"headline\":\"LA FLOTTILLE MONDIALE SUMUD 2026 NAVIGUE VERS GAZA\",\"datePublished\":\"2026-05-01T13:41:45+00:00\",\"dateModified\":\"2026-05-01T13:51:19+00:00\",\"mainEntityOfPage\":{\"@id\":\"https:\\\/\\\/paju.org\\\/fr\\\/la-flottille-mondiale-sumud-2026-navigue-vers-gaza\\\/\"},\"wordCount\":324,\"publisher\":{\"@id\":\"https:\\\/\\\/paju.org\\\/fr\\\/#organization\"},\"image\":{\"@id\":\"https:\\\/\\\/paju.org\\\/fr\\\/la-flottille-mondiale-sumud-2026-navigue-vers-gaza\\\/#primaryimage\"},\"thumbnailUrl\":\"https:\\\/\\\/paju.org\\\/wp-content\\\/uploads\\\/global-sumud-3.jpg\",\"articleSection\":[\"Action\",\"Boycott\"],\"inLanguage\":\"fr-FR\"},{\"@type\":\"WebPage\",\"@id\":\"https:\\\/\\\/paju.org\\\/fr\\\/la-flottille-mondiale-sumud-2026-navigue-vers-gaza\\\/\",\"url\":\"https:\\\/\\\/paju.org\\\/fr\\\/la-flottille-mondiale-sumud-2026-navigue-vers-gaza\\\/\",\"name\":\"LA FLOTTILLE MONDIALE SUMUD 2026 NAVIGUE VERS GAZA - PAJU\",\"isPartOf\":{\"@id\":\"https:\\\/\\\/paju.org\\\/fr\\\/#website\"},\"primaryImageOfPage\":{\"@id\":\"https:\\\/\\\/paju.org\\\/fr\\\/la-flottille-mondiale-sumud-2026-navigue-vers-gaza\\\/#primaryimage\"},\"image\":{\"@id\":\"https:\\\/\\\/paju.org\\\/fr\\\/la-flottille-mondiale-sumud-2026-navigue-vers-gaza\\\/#primaryimage\"},\"thumbnailUrl\":\"https:\\\/\\\/paju.org\\\/wp-content\\\/uploads\\\/global-sumud-3.jpg\",\"datePublished\":\"2026-05-01T13:41:45+00:00\",\"dateModified\":\"2026-05-01T13:51:19+00:00\",\"breadcrumb\":{\"@id\":\"https:\\\/\\\/paju.org\\\/fr\\\/la-flottille-mondiale-sumud-2026-navigue-vers-gaza\\\/#breadcrumb\"},\"inLanguage\":\"fr-FR\",\"potentialAction\":[{\"@type\":\"ReadAction\",\"target\":[\"https:\\\/\\\/paju.org\\\/fr\\\/la-flottille-mondiale-sumud-2026-navigue-vers-gaza\\\/\"]}]},{\"@type\":\"ImageObject\",\"inLanguage\":\"fr-FR\",\"@id\":\"https:\\\/\\\/paju.org\\\/fr\\\/la-flottille-mondiale-sumud-2026-navigue-vers-gaza\\\/#primaryimage\",\"url\":\"https:\\\/\\\/paju.org\\\/wp-content\\\/uploads\\\/global-sumud-3.jpg\",\"contentUrl\":\"https:\\\/\\\/paju.org\\\/wp-content\\\/uploads\\\/global-sumud-3.jpg\",\"width\":800,\"height\":450},{\"@type\":\"BreadcrumbList\",\"@id\":\"https:\\\/\\\/paju.org\\\/fr\\\/la-flottille-mondiale-sumud-2026-navigue-vers-gaza\\\/#breadcrumb\",\"itemListElement\":[{\"@type\":\"ListItem\",\"position\":1,\"name\":\"Home\",\"item\":\"https:\\\/\\\/paju.org\\\/fr\\\/\"},{\"@type\":\"ListItem\",\"position\":2,\"name\":\"LA FLOTTILLE MONDIALE SUMUD 2026 NAVIGUE VERS GAZA\"}]},{\"@type\":\"WebSite\",\"@id\":\"https:\\\/\\\/paju.org\\\/fr\\\/#website\",\"url\":\"https:\\\/\\\/paju.org\\\/fr\\\/\",\"name\":\"PAJU\",\"description\":\"\",\"publisher\":{\"@id\":\"https:\\\/\\\/paju.org\\\/fr\\\/#organization\"},\"potentialAction\":[{\"@type\":\"SearchAction\",\"target\":{\"@type\":\"EntryPoint\",\"urlTemplate\":\"https:\\\/\\\/paju.org\\\/fr\\\/?s={search_term_string}\"},\"query-input\":{\"@type\":\"PropertyValueSpecification\",\"valueRequired\":true,\"valueName\":\"search_term_string\"}}],\"inLanguage\":\"fr-FR\"},{\"@type\":\"Organization\",\"@id\":\"https:\\\/\\\/paju.org\\\/fr\\\/#organization\",\"name\":\"Palestinian and Jewish Unity\",\"url\":\"https:\\\/\\\/paju.org\\\/fr\\\/\",\"logo\":{\"@type\":\"ImageObject\",\"inLanguage\":\"fr-FR\",\"@id\":\"https:\\\/\\\/paju.org\\\/fr\\\/#\\\/schema\\\/logo\\\/image\\\/\",\"url\":\"https:\\\/\\\/paju.org\\\/wp-content\\\/uploads\\\/PAJU-Logo.png\",\"contentUrl\":\"https:\\\/\\\/paju.org\\\/wp-content\\\/uploads\\\/PAJU-Logo.png\",\"width\":696,\"height\":293,\"caption\":\"Palestinian and Jewish Unity\"},\"image\":{\"@id\":\"https:\\\/\\\/paju.org\\\/fr\\\/#\\\/schema\\\/logo\\\/image\\\/\"},\"sameAs\":[\"https:\\\/\\\/www.facebook.com\\\/pajumontreal\",\"https:\\\/\\\/www.instagram.com\\\/pajumontreal\\\/\"]},{\"@type\":\"Person\",\"@id\":\"https:\\\/\\\/paju.org\\\/fr\\\/#\\\/schema\\\/person\\\/329c80ae8a3b11562a4f709eaa6ebfc6\",\"name\":\"PAJU\",\"image\":{\"@type\":\"ImageObject\",\"inLanguage\":\"fr-FR\",\"@id\":\"https:\\\/\\\/secure.gravatar.com\\\/avatar\\\/add00ab44460a1b9b8dcff1854bb07dba0ac5e3135473daf39201d280ad20f18?s=96&d=mm&r=g\",\"url\":\"https:\\\/\\\/secure.gravatar.com\\\/avatar\\\/add00ab44460a1b9b8dcff1854bb07dba0ac5e3135473daf39201d280ad20f18?s=96&d=mm&r=g\",\"contentUrl\":\"https:\\\/\\\/secure.gravatar.com\\\/avatar\\\/add00ab44460a1b9b8dcff1854bb07dba0ac5e3135473daf39201d280ad20f18?s=96&d=mm&r=g\",\"caption\":\"PAJU\"},\"url\":\"https:\\\/\\\/paju.org\\\/fr\\\/author\\\/chadi\\\/\"}]}<\/script>\n<!-- \/ Yoast SEO plugin. -->","yoast_head_json":{"title":"LA FLOTTILLE MONDIALE SUMUD 2026 NAVIGUE VERS GAZA - PAJU","robots":{"index":"index","follow":"follow","max-snippet":"max-snippet:-1","max-image-preview":"max-image-preview:large","max-video-preview":"max-video-preview:-1"},"canonical":"https:\/\/paju.org\/fr\/la-flottille-mondiale-sumud-2026-navigue-vers-gaza\/","og_locale":"fr_FR","og_type":"article","og_title":"LA FLOTTILLE MONDIALE SUMUD 2026 NAVIGUE VERS GAZA - PAJU","og_description":"Suite \u00e0 un appel direct des Palestiniens de Gaza, la Flottille Mondiale Sumud s&rsquo;est de nouveau mobilis\u00e9e, sur terre et en mer, avec des milliers de participants, plus d&rsquo;une centaine [&hellip;]","og_site_name":"PAJU","article_publisher":"https:\/\/www.facebook.com\/pajumontreal","article_published_time":"2026-05-01T13:41:45+00:00","article_modified_time":"2026-05-01T13:51:19+00:00","og_image":[{"width":800,"height":450,"url":"https:\/\/paju.org\/wp-content\/uploads\/global-sumud-3.jpg","type":"image\/jpeg"}],"author":"PAJU","twitter_card":"summary_large_image","twitter_misc":{"\u00c9crit par":"PAJU","Dur\u00e9e de lecture estim\u00e9e":"2 minutes"},"schema":{"@context":"https:\/\/schema.org","@graph":[{"@type":"Article","@id":"https:\/\/paju.org\/fr\/la-flottille-mondiale-sumud-2026-navigue-vers-gaza\/#article","isPartOf":{"@id":"https:\/\/paju.org\/fr\/la-flottille-mondiale-sumud-2026-navigue-vers-gaza\/"},"author":{"name":"PAJU","@id":"https:\/\/paju.org\/fr\/#\/schema\/person\/329c80ae8a3b11562a4f709eaa6ebfc6"},"headline":"LA FLOTTILLE MONDIALE SUMUD 2026 NAVIGUE VERS GAZA","datePublished":"2026-05-01T13:41:45+00:00","dateModified":"2026-05-01T13:51:19+00:00","mainEntityOfPage":{"@id":"https:\/\/paju.org\/fr\/la-flottille-mondiale-sumud-2026-navigue-vers-gaza\/"},"wordCount":324,"publisher":{"@id":"https:\/\/paju.org\/fr\/#organization"},"image":{"@id":"https:\/\/paju.org\/fr\/la-flottille-mondiale-sumud-2026-navigue-vers-gaza\/#primaryimage"},"thumbnailUrl":"https:\/\/paju.org\/wp-content\/uploads\/global-sumud-3.jpg","articleSection":["Action","Boycott"],"inLanguage":"fr-FR"},{"@type":"WebPage","@id":"https:\/\/paju.org\/fr\/la-flottille-mondiale-sumud-2026-navigue-vers-gaza\/","url":"https:\/\/paju.org\/fr\/la-flottille-mondiale-sumud-2026-navigue-vers-gaza\/","name":"LA FLOTTILLE MONDIALE SUMUD 2026 NAVIGUE VERS GAZA - PAJU","isPartOf":{"@id":"https:\/\/paju.org\/fr\/#website"},"primaryImageOfPage":{"@id":"https:\/\/paju.org\/fr\/la-flottille-mondiale-sumud-2026-navigue-vers-gaza\/#primaryimage"},"image":{"@id":"https:\/\/paju.org\/fr\/la-flottille-mondiale-sumud-2026-navigue-vers-gaza\/#primaryimage"},"thumbnailUrl":"https:\/\/paju.org\/wp-content\/uploads\/global-sumud-3.jpg","datePublished":"2026-05-01T13:41:45+00:00","dateModified":"2026-05-01T13:51:19+00:00","breadcrumb":{"@id":"https:\/\/paju.org\/fr\/la-flottille-mondiale-sumud-2026-navigue-vers-gaza\/#breadcrumb"},"inLanguage":"fr-FR","potentialAction":[{"@type":"ReadAction","target":["https:\/\/paju.org\/fr\/la-flottille-mondiale-sumud-2026-navigue-vers-gaza\/"]}]},{"@type":"ImageObject","inLanguage":"fr-FR","@id":"https:\/\/paju.org\/fr\/la-flottille-mondiale-sumud-2026-navigue-vers-gaza\/#primaryimage","url":"https:\/\/paju.org\/wp-content\/uploads\/global-sumud-3.jpg","contentUrl":"https:\/\/paju.org\/wp-content\/uploads\/global-sumud-3.jpg","width":800,"height":450},{"@type":"BreadcrumbList","@id":"https:\/\/paju.org\/fr\/la-flottille-mondiale-sumud-2026-navigue-vers-gaza\/#breadcrumb","itemListElement":[{"@type":"ListItem","position":1,"name":"Home","item":"https:\/\/paju.org\/fr\/"},{"@type":"ListItem","position":2,"name":"LA FLOTTILLE MONDIALE SUMUD 2026 NAVIGUE VERS GAZA"}]},{"@type":"WebSite","@id":"https:\/\/paju.org\/fr\/#website","url":"https:\/\/paju.org\/fr\/","name":"PAJU","description":"","publisher":{"@id":"https:\/\/paju.org\/fr\/#organization"},"potentialAction":[{"@type":"SearchAction","target":{"@type":"EntryPoint","urlTemplate":"https:\/\/paju.org\/fr\/?s={search_term_string}"},"query-input":{"@type":"PropertyValueSpecification","valueRequired":true,"valueName":"search_term_string"}}],"inLanguage":"fr-FR"},{"@type":"Organization","@id":"https:\/\/paju.org\/fr\/#organization","name":"Palestinian and Jewish Unity","url":"https:\/\/paju.org\/fr\/","logo":{"@type":"ImageObject","inLanguage":"fr-FR","@id":"https:\/\/paju.org\/fr\/#\/schema\/logo\/image\/","url":"https:\/\/paju.org\/wp-content\/uploads\/PAJU-Logo.png","contentUrl":"https:\/\/paju.org\/wp-content\/uploads\/PAJU-Logo.png","width":696,"height":293,"caption":"Palestinian and Jewish Unity"},"image":{"@id":"https:\/\/paju.org\/fr\/#\/schema\/logo\/image\/"},"sameAs":["https:\/\/www.facebook.com\/pajumontreal","https:\/\/www.instagram.com\/pajumontreal\/"]},{"@type":"Person","@id":"https:\/\/paju.org\/fr\/#\/schema\/person\/329c80ae8a3b11562a4f709eaa6ebfc6","name":"PAJU","image":{"@type":"ImageObject","inLanguage":"fr-FR","@id":"https:\/\/secure.gravatar.com\/avatar\/add00ab44460a1b9b8dcff1854bb07dba0ac5e3135473daf39201d280ad20f18?s=96&d=mm&r=g","url":"https:\/\/secure.gravatar.com\/avatar\/add00ab44460a1b9b8dcff1854bb07dba0ac5e3135473daf39201d280ad20f18?s=96&d=mm&r=g","contentUrl":"https:\/\/secure.gravatar.com\/avatar\/add00ab44460a1b9b8dcff1854bb07dba0ac5e3135473daf39201d280ad20f18?s=96&d=mm&r=g","caption":"PAJU"},"url":"https:\/\/paju.org\/fr\/author\/chadi\/"}]}},"_links":{"self":[{"href":"https:\/\/paju.org\/fr\/wp-json\/wp\/v2\/posts\/265482","targetHints":{"allow":["GET"]}}],"collection":[{"href":"https:\/\/paju.org\/fr\/wp-json\/wp\/v2\/posts"}],"about":[{"href":"https:\/\/paju.org\/fr\/wp-json\/wp\/v2\/types\/post"}],"author":[{"embeddable":true,"href":"https:\/\/paju.org\/fr\/wp-json\/wp\/v2\/users\/1"}],"replies":[{"embeddable":true,"href":"https:\/\/paju.org\/fr\/wp-json\/wp\/v2\/comments?post=265482"}],"version-history":[{"count":2,"href":"https:\/\/paju.org\/fr\/wp-json\/wp\/v2\/posts\/265482\/revisions"}],"predecessor-version":[{"id":265484,"href":"https:\/\/paju.org\/fr\/wp-json\/wp\/v2\/posts\/265482\/revisions\/265484"}],"wp:featuredmedia":[{"embeddable":true,"href":"https:\/\/paju.org\/fr\/wp-json\/wp\/v2\/media\/265480"}],"wp:attachment":[{"href":"https:\/\/paju.org\/fr\/wp-json\/wp\/v2\/media?parent=265482"}],"wp:term":[{"taxonomy":"category","embeddable":true,"href":"https:\/\/paju.org\/fr\/wp-json\/wp\/v2\/categories?post=265482"},{"taxonomy":"post_tag","embeddable":true,"href":"https:\/\/paju.org\/fr\/wp-json\/wp\/v2\/tags?post=265482"}],"curies":[{"name":"wp","href":"https:\/\/api.w.org\/{rel}","templated":true}]}}