{"id":265419,"date":"2026-04-29T16:06:16","date_gmt":"2026-04-29T20:06:16","guid":{"rendered":"https:\/\/paju.org\/?p=265419"},"modified":"2026-04-29T16:13:43","modified_gmt":"2026-04-29T20:13:43","slug":"nes-pendant-le-genocide-israelien-les-enfants-survivants-de-gaza-portent-les-stigmates-de-la-guerre","status":"publish","type":"post","link":"https:\/\/paju.org\/fr\/nes-pendant-le-genocide-israelien-les-enfants-survivants-de-gaza-portent-les-stigmates-de-la-guerre\/","title":{"rendered":"N\u00e9s pendant le g\u00e9nocide isra\u00e9lien\u00a0: les enfants survivants de Gaza portent les stigmates de la guerre"},"content":{"rendered":"\n<p><strong><em>Les nourrissons n\u00e9s au d\u00e9but du conflit sont confront\u00e9s \u00e0 des handicaps \u00e0 vie dus aux gaz toxiques, aux graves br\u00fblures et \u00e0 un syst\u00e8me de sant\u00e9 effondr\u00e9.<\/em><\/strong><\/p>\n\n\n\n<p>Nour Abu Samaan est n\u00e9e le 7 octobre 2023, trois heures seulement avant le d\u00e9but de ce qui allait devenir une guerre g\u00e9nocidaire dans la bande de Gaza. Sa m\u00e8re, Samar Hammad, a accueilli sa naissance avec une immense joie, mais ce bonheur n&#8217;a dur\u00e9 qu&#8217;une journ\u00e9e.<\/p>\n\n\n\n<p>Le 8 octobre, alors que Nour reposait dans les bras de sa m\u00e8re, des missiles isra\u00e9liens ont frapp\u00e9 \u00e0 proximit\u00e9. L&#8217;air \u00e9tait satur\u00e9 de fum\u00e9e et de gaz toxiques, et le nouveau-n\u00e9 a commenc\u00e9 \u00e0 avoir du mal \u00e0 respirer.<\/p>\n\n\n\n<p>\u00ab Ma fille s&#8217;est soudainement \u00e9touff\u00e9e dans mes mains \u00bb, a racont\u00e9 Samar \u00e0 <em>Al Jazeera Arabic<\/em>. \u00ab Elle est devenue bleue, ses yeux se sont r\u00e9vuls\u00e9s et elle a perdu tout mouvement. \u00bb<\/p>\n\n\n\n<p>Les m\u00e9decins ont diagnostiqu\u00e9 plus tard une paralysie motrice chez Nour, caus\u00e9e par l&#8217;inhalation de gaz toxiques. \u00c0 seulement deux jours, la vie de Nour a bascul\u00e9 de la pouponni\u00e8re \u00e0 un lit d&#8217;h\u00f4pital, marquant le d\u00e9but d&#8217;un long et douloureux parcours.<\/p>\n\n\n\n<p><strong>Une \u00e9vasion miraculeuse<\/strong><\/p>\n\n\n\n<p>Samar a pass\u00e9 un mois \u00e0 l&#8217;h\u00f4pital pour enfants <em>al-Nasr<\/em>, dans le nord de Gaza, veillant sur sa fille en soins intensifs alors que la guerre se rapprochait. Le nord de Gaza a subi de plein fouet les bombardements isra\u00e9liens durant les premiers jours du conflit. Rapidement, la r\u00e9gion a \u00e9t\u00e9 assi\u00e9g\u00e9e par l&#8217;arm\u00e9e isra\u00e9lienne et la population a \u00e9t\u00e9 contrainte de fuir.<\/p>\n\n\n\n<p>Alors que le si\u00e8ge s&#8217;intensifiait, Samar a r\u00e9ussi \u00e0 \u00e9vacuer Nour juste avant le bombardement de l&#8217;h\u00f4pital. Elle ignorait alors que sa fille serait la seule survivante de <a href=\"https:\/\/www.aljazeera.com\/news\/2023\/11\/13\/patients-are-dying-what-we-know-about-gaza-hospitals-under-israeli-siege\">l&#8217;attaque meurtri\u00e8re contre l&#8217;h\u00f4pital <em>al-Nasr<\/em><\/a>, y compris les unit\u00e9s de soins intensifs. Apr\u00e8s l&#8217;assaut des forces isra\u00e9liennes contre l&#8217;\u00e9tablissement m\u00e9dical, les appareils de maintien en vie des b\u00e9b\u00e9s pr\u00e9matur\u00e9s rest\u00e9s sur place ont \u00e9t\u00e9 d\u00e9branch\u00e9s&nbsp;; leurs corps en d\u00e9composition ont \u00e9t\u00e9 d\u00e9couverts sur leurs lits quelques jours plus tard.<\/p>\n\n\n\n<p>Le p\u00e8re de Nour, Othman Abu Samaan, 42 ans, regarde sa fille avec le c\u0153ur bris\u00e9, car le temps n&#8217;a pas apais\u00e9 ses souffrances. La blessure a laiss\u00e9 Nour avec une raideur intense des membres, une affection que les m\u00e9decins qualifient de plus invalidante qu&#8217;une paralysie partielle.<\/p>\n\n\n\n<p>\u00ab Nous avons essay\u00e9 \u00e0 maintes reprises de la faire asseoir, mais elle n&#8217;y arrive pas \u00bb, confie Othman.<\/p>\n\n\n\n<p>Tandis que la famille lutte contre cette \u00e9preuve, les donn\u00e9es officielles du minist\u00e8re de la Sant\u00e9 de Gaza confirment une forte augmentation de ces cas. Zaher al-Waheidi, responsable de l&#8217;unit\u00e9 d&#8217;information du minist\u00e8re, a indiqu\u00e9 que 1&nbsp;200 enfants \u00e0 Gaza souffrent d\u00e9sormais de l\u00e9sions de la moelle \u00e9pini\u00e8re et de paralysie, cons\u00e9quences directes des attaques isra\u00e9liennes.<\/p>\n\n\n\n<p><strong>Une douleur qui d\u00e9passe son \u00e2ge<\/strong><\/p>\n\n\n\n<p>Misk al-Jarou, \u00e2g\u00e9e de six mois, souffre de graves probl\u00e8mes de sant\u00e9 depuis sa naissance. Elle est n\u00e9e avec de graves malformations, notamment une absence d&#8217;articulations distinctes aux mains et aux pieds, tandis que son fr\u00e8re ou sa s\u0153ur jumelle est d\u00e9c\u00e9d\u00e9(e) in utero.<\/p>\n\n\n\n<p>Bien que Misk ait surv\u00e9cu, elle est confront\u00e9e \u00e0 des probl\u00e8mes de sant\u00e9 que sa m\u00e8re, Warda al-Jarou, attribue \u00e0 l&#8217;inhalation constante de gaz toxiques pendant sa grossesse.<\/p>\n\n\n\n<p>Pour les familles comme celle de Misk, le quotidien est un v\u00e9ritable calvaire, entre les h\u00f4pitaux satur\u00e9s et la course effr\u00e9n\u00e9e aux rendez-vous m\u00e9dicaux.<\/p>\n\n\n\n<p>\u00ab Misk souffre \u00e9norm\u00e9ment, et chaque jour, je sens son \u00e9tat s&#8217;aggraver \u00bb, a confi\u00e9 Warda \u00e0 Al Jazeera.<\/p>\n\n\n\n<p>Sa lutte refl\u00e8te une \u00ab \u00e9pid\u00e9mie \u00bb plus vaste de malformations. Le minist\u00e8re de la Sant\u00e9 a recens\u00e9 322 cas de malformations cong\u00e9nitales pour la seule ann\u00e9e 2025, soit le double du taux d&#8217;avant-guerre. Al-Waheidi, responsable de l&#8217;unit\u00e9 d&#8217;information du minist\u00e8re, attribue cette forte augmentation \u00e0 la famine, \u00e0 l&#8217;exposition aux substances toxiques provenant de millions de tonnes de projectiles et \u00e0 l&#8217;effondrement des services de soins pr\u00e9natals.<\/p>\n\n\n\n<p>Deux ann\u00e9es de bombardements incessants ont engendr\u00e9 des bouleversements d\u00e9mographiques sans pr\u00e9c\u00e9dent dans l&#8217;histoire de Gaza. Pour la premi\u00e8re fois, la croissance d\u00e9mographique dans la bande de Gaza est devenue n\u00e9gative, atteignant -1,3 %. Le taux de natalit\u00e9 a chut\u00e9 de 38 % en 2024 et de 13 % suppl\u00e9mentaires en 2025.<\/p>\n\n\n\n<p>Selon al-Waheidi, les nourrissons qui naissent sont confront\u00e9s \u00e0 des chances de survie extr\u00eamement faibles. En 2025, plus de 4&nbsp;000 femmes ont accouch\u00e9 pr\u00e9matur\u00e9ment et au moins 4&nbsp;800 b\u00e9b\u00e9s sont n\u00e9s avec une insuffisance pond\u00e9rale \u00e0 la naissance \u2013 soit le double du chiffre d&#8217;avant-guerre. Tragiquement, 457 nourrissons sont d\u00e9c\u00e9d\u00e9s au cours de leur premi\u00e8re semaine de vie rien que l&#8217;ann\u00e9e derni\u00e8re.<\/p>\n\n\n\n<p><strong>Des heures de tourment<\/strong><\/p>\n\n\n\n<p>Dans les couloirs de l&#8217;\u00e9cole Mustafa Hafez, \u00e0 l&#8217;ouest de la ville de Gaza, Ramez Abu Hajeela peine \u00e0 maintenir un masque de compression sur le visage de son fils de deux ans, Mohammed Abu Hajeela. Avant l&#8217;aube du 3 juillet 2025, une frappe isra\u00e9lienne a touch\u00e9 l&#8217;abri de l&#8217;\u00e9cole, tuant 14 membres de la famille de Ramez. Mohammed a surv\u00e9cu avec des br\u00fblures au troisi\u00e8me degr\u00e9 sur 18 % de son corps.<\/p>\n\n\n\n<p>D\u00e9sormais, il doit porter un masque de compression 20 heures par jour. \u00ab \u00c0 son r\u00e9veil, nous le nourrissons et le pr\u00e9parons pour les longues heures de souffrance qui l&#8217;attendent \u00bb, explique Ramez. Mohammed fait partie des quelque 1&nbsp;000 enfants de Gaza qui ont subi des amputations ou qui gardent de graves cicatrices permanentes.<\/p>\n\n\n\n<p>Al-Waheidi pr\u00e9vient que pour des enfants comme Nour, Misk et Mohammed, le seul espoir r\u00e9side dans une \u00e9vacuation m\u00e9dicale imm\u00e9diate. Actuellement, quelque 4&nbsp;000 enfants \u00e0 Gaza n\u00e9cessitent des soins urgents \u00e0 l\u2019\u00e9tranger. Ils devaient pouvoir voyager via le point de passage de Rafah, unique porte d\u2019entr\u00e9e de Gaza vers le monde. Mais Isra\u00ebl a impos\u00e9 de fortes restrictions de circulation.<\/p>\n\n\n\n<p>Selon le minist\u00e8re de la Sant\u00e9, plus de 20&nbsp;000 patients et bless\u00e9s attendent actuellement de pouvoir se rendre \u00e0 l\u2019\u00e9tranger pour recevoir des soins m\u00e9dicaux. Malgr\u00e9 l\u2019ampleur des besoins, les donn\u00e9es officielles fournies par al-Waheidi montrent que seulement 154 enfants ont \u00e9t\u00e9 autoris\u00e9s \u00e0 quitter Gaza depuis la <a href=\"https:\/\/www.aljazeera.com\/news\/2026\/3\/16\/rafah-crossing-closure-leaves-gaza-patients-trapped-without-treatment\">r\u00e9ouverture partielle du point de passage en f\u00e9vrier<\/a>.<\/p>\n\n\n\n<p>\u00ab&nbsp;Chaque jour o\u00f9 le point de passage de Rafah reste ferm\u00e9, nous perdons des vies&nbsp;\u00bb, a d\u00e9clar\u00e9 al-Waheidi. \u00ab&nbsp;Plus de 470 enfants sont d\u00e9j\u00e0 morts en attendant d\u2019\u00eatre sauv\u00e9s.&nbsp;\u00bb<\/p>\n\n\n\n<p><strong><a href=\"https:\/\/www.aljazeera.com\/features\/2026\/4\/28\/born-during-israels-genocide-gazas-child-survivors-bear-the-scars-of-war\">Born during Israel\u2019s genocide: Gaza\u2019s child survivors bear the scars of war | Israel-Palestine conflict | Al Jazeera<\/a><\/strong><\/p>\n","protected":false},"excerpt":{"rendered":"<p>Selon le minist\u00e8re de la Sant\u00e9 \u00e0 Gaza, plus de 20\u00a0000 patients et bless\u00e9s attendent actuellement de pouvoir se rendre \u00e0 l\u2019\u00e9tranger pour recevoir des soins m\u00e9dicaux. Malgr\u00e9 l\u2019ampleur des besoins, les donn\u00e9es officielles fournies par al-Waheidi montrent que seulement 154 enfants ont \u00e9t\u00e9 autoris\u00e9s \u00e0 quitter Gaza depuis la r\u00e9ouverture partielle du point de passage en f\u00e9vrier.<\/p>\n","protected":false},"author":4,"featured_media":265417,"comment_status":"closed","ping_status":"closed","sticky":false,"template":"","format":"standard","meta":{"_acf_changed":false,"_et_pb_use_builder":"","_et_pb_old_content":"","_et_gb_content_width":"","footnotes":""},"categories":[94],"tags":[],"class_list":["post-265419","post","type-post","status-publish","format-standard","has-post-thumbnail","hentry","category-bulletin-fr"],"acf":[],"yoast_head":"<!-- This site is optimized with the Yoast SEO plugin v25.8 - https:\/\/yoast.com\/wordpress\/plugins\/seo\/ -->\n<title>N\u00e9s pendant le g\u00e9nocide isra\u00e9lien\u00a0: les enfants survivants de Gaza portent les stigmates de la guerre - PAJU<\/title>\n<meta name=\"description\" content=\"Selon le minist\u00e8re de la Sant\u00e9 \u00e0 Gaza, plus de 20\u00a0000 patients et bless\u00e9s attendent actuellement de pouvoir se rendre \u00e0 l\u2019\u00e9tranger pour recevoir des soins m\u00e9dicaux. Malgr\u00e9 l\u2019ampleur des besoins, les donn\u00e9es officielles fournies par al-Waheidi montrent que seulement 154 enfants ont \u00e9t\u00e9 autoris\u00e9s \u00e0 quitter Gaza depuis la r\u00e9ouverture partielle du point de passage en f\u00e9vrier.\" \/>\n<meta name=\"robots\" content=\"index, follow, max-snippet:-1, max-image-preview:large, max-video-preview:-1\" \/>\n<link rel=\"canonical\" href=\"https:\/\/paju.org\/fr\/nes-pendant-le-genocide-israelien-les-enfants-survivants-de-gaza-portent-les-stigmates-de-la-guerre\/\" \/>\n<meta property=\"og:locale\" content=\"fr_FR\" \/>\n<meta property=\"og:type\" content=\"article\" \/>\n<meta property=\"og:title\" content=\"N\u00e9s pendant le g\u00e9nocide isra\u00e9lien\u00a0: les enfants survivants de Gaza portent les stigmates de la guerre - PAJU\" \/>\n<meta property=\"og:description\" content=\"Selon le minist\u00e8re de la Sant\u00e9 \u00e0 Gaza, plus de 20\u00a0000 patients et bless\u00e9s attendent actuellement de pouvoir se rendre \u00e0 l\u2019\u00e9tranger pour recevoir des soins m\u00e9dicaux. Malgr\u00e9 l\u2019ampleur des besoins, les donn\u00e9es officielles fournies par al-Waheidi montrent que seulement 154 enfants ont \u00e9t\u00e9 autoris\u00e9s \u00e0 quitter Gaza depuis la r\u00e9ouverture partielle du point de passage en f\u00e9vrier.\" \/>\n<meta property=\"og:site_name\" content=\"PAJU\" \/>\n<meta property=\"article:publisher\" content=\"https:\/\/www.facebook.com\/pajumontreal\" \/>\n<meta property=\"article:published_time\" content=\"2026-04-29T20:06:16+00:00\" \/>\n<meta property=\"article:modified_time\" content=\"2026-04-29T20:13:43+00:00\" \/>\n<meta property=\"og:image\" content=\"https:\/\/paju.org\/wp-content\/uploads\/Warda-al-Jarou-holds-her-six-month-old-daughter-Misk.-The-infant-was-born-with-severe-deformities-after-her-mother-was-repeatedly-exposed-to-toxic-gas-and-bombardment-during-pregnancy-Al-Jazeera.webp\" \/>\n\t<meta property=\"og:image:width\" content=\"770\" \/>\n\t<meta property=\"og:image:height\" content=\"513\" \/>\n\t<meta property=\"og:image:type\" content=\"image\/webp\" \/>\n<meta name=\"author\" content=\"Bruce Katz\" \/>\n<meta name=\"twitter:card\" content=\"summary_large_image\" \/>\n<meta name=\"twitter:label1\" content=\"\u00c9crit par\" \/>\n\t<meta name=\"twitter:data1\" content=\"Bruce Katz\" \/>\n\t<meta name=\"twitter:label2\" content=\"Dur\u00e9e de lecture estim\u00e9e\" \/>\n\t<meta name=\"twitter:data2\" content=\"5 minutes\" \/>\n<script type=\"application\/ld+json\" class=\"yoast-schema-graph\">{\"@context\":\"https:\/\/schema.org\",\"@graph\":[{\"@type\":\"Article\",\"@id\":\"https:\/\/paju.org\/fr\/nes-pendant-le-genocide-israelien-les-enfants-survivants-de-gaza-portent-les-stigmates-de-la-guerre\/#article\",\"isPartOf\":{\"@id\":\"https:\/\/paju.org\/fr\/nes-pendant-le-genocide-israelien-les-enfants-survivants-de-gaza-portent-les-stigmates-de-la-guerre\/\"},\"author\":{\"name\":\"Bruce Katz\",\"@id\":\"https:\/\/paju.org\/fr\/#\/schema\/person\/6d8aed1579a1f4a97e1c552a5f2a891d\"},\"headline\":\"N\u00e9s pendant le g\u00e9nocide isra\u00e9lien\u00a0: les enfants survivants de Gaza portent les stigmates de la guerre\",\"datePublished\":\"2026-04-29T20:06:16+00:00\",\"dateModified\":\"2026-04-29T20:13:43+00:00\",\"mainEntityOfPage\":{\"@id\":\"https:\/\/paju.org\/fr\/nes-pendant-le-genocide-israelien-les-enfants-survivants-de-gaza-portent-les-stigmates-de-la-guerre\/\"},\"wordCount\":1185,\"publisher\":{\"@id\":\"https:\/\/paju.org\/fr\/#organization\"},\"image\":{\"@id\":\"https:\/\/paju.org\/fr\/nes-pendant-le-genocide-israelien-les-enfants-survivants-de-gaza-portent-les-stigmates-de-la-guerre\/#primaryimage\"},\"thumbnailUrl\":\"https:\/\/paju.org\/wp-content\/uploads\/Warda-al-Jarou-holds-her-six-month-old-daughter-Misk.-The-infant-was-born-with-severe-deformities-after-her-mother-was-repeatedly-exposed-to-toxic-gas-and-bombardment-during-pregnancy-Al-Jazeera.webp\",\"articleSection\":[\"Notre bulletin\"],\"inLanguage\":\"fr-FR\"},{\"@type\":\"WebPage\",\"@id\":\"https:\/\/paju.org\/fr\/nes-pendant-le-genocide-israelien-les-enfants-survivants-de-gaza-portent-les-stigmates-de-la-guerre\/\",\"url\":\"https:\/\/paju.org\/fr\/nes-pendant-le-genocide-israelien-les-enfants-survivants-de-gaza-portent-les-stigmates-de-la-guerre\/\",\"name\":\"N\u00e9s pendant le g\u00e9nocide isra\u00e9lien\u00a0: les enfants survivants de Gaza portent les stigmates de la guerre - PAJU\",\"isPartOf\":{\"@id\":\"https:\/\/paju.org\/fr\/#website\"},\"primaryImageOfPage\":{\"@id\":\"https:\/\/paju.org\/fr\/nes-pendant-le-genocide-israelien-les-enfants-survivants-de-gaza-portent-les-stigmates-de-la-guerre\/#primaryimage\"},\"image\":{\"@id\":\"https:\/\/paju.org\/fr\/nes-pendant-le-genocide-israelien-les-enfants-survivants-de-gaza-portent-les-stigmates-de-la-guerre\/#primaryimage\"},\"thumbnailUrl\":\"https:\/\/paju.org\/wp-content\/uploads\/Warda-al-Jarou-holds-her-six-month-old-daughter-Misk.-The-infant-was-born-with-severe-deformities-after-her-mother-was-repeatedly-exposed-to-toxic-gas-and-bombardment-during-pregnancy-Al-Jazeera.webp\",\"datePublished\":\"2026-04-29T20:06:16+00:00\",\"dateModified\":\"2026-04-29T20:13:43+00:00\",\"description\":\"Selon le minist\u00e8re de la Sant\u00e9 \u00e0 Gaza, plus de 20\u00a0000 patients et bless\u00e9s attendent actuellement de pouvoir se rendre \u00e0 l\u2019\u00e9tranger pour recevoir des soins m\u00e9dicaux. Malgr\u00e9 l\u2019ampleur des besoins, les donn\u00e9es officielles fournies par al-Waheidi montrent que seulement 154 enfants ont \u00e9t\u00e9 autoris\u00e9s \u00e0 quitter Gaza depuis la r\u00e9ouverture partielle du point de passage en f\u00e9vrier.\",\"breadcrumb\":{\"@id\":\"https:\/\/paju.org\/fr\/nes-pendant-le-genocide-israelien-les-enfants-survivants-de-gaza-portent-les-stigmates-de-la-guerre\/#breadcrumb\"},\"inLanguage\":\"fr-FR\",\"potentialAction\":[{\"@type\":\"ReadAction\",\"target\":[\"https:\/\/paju.org\/fr\/nes-pendant-le-genocide-israelien-les-enfants-survivants-de-gaza-portent-les-stigmates-de-la-guerre\/\"]}]},{\"@type\":\"ImageObject\",\"inLanguage\":\"fr-FR\",\"@id\":\"https:\/\/paju.org\/fr\/nes-pendant-le-genocide-israelien-les-enfants-survivants-de-gaza-portent-les-stigmates-de-la-guerre\/#primaryimage\",\"url\":\"https:\/\/paju.org\/wp-content\/uploads\/Warda-al-Jarou-holds-her-six-month-old-daughter-Misk.-The-infant-was-born-with-severe-deformities-after-her-mother-was-repeatedly-exposed-to-toxic-gas-and-bombardment-during-pregnancy-Al-Jazeera.webp\",\"contentUrl\":\"https:\/\/paju.org\/wp-content\/uploads\/Warda-al-Jarou-holds-her-six-month-old-daughter-Misk.-The-infant-was-born-with-severe-deformities-after-her-mother-was-repeatedly-exposed-to-toxic-gas-and-bombardment-during-pregnancy-Al-Jazeera.webp\",\"width\":770,\"height\":513},{\"@type\":\"BreadcrumbList\",\"@id\":\"https:\/\/paju.org\/fr\/nes-pendant-le-genocide-israelien-les-enfants-survivants-de-gaza-portent-les-stigmates-de-la-guerre\/#breadcrumb\",\"itemListElement\":[{\"@type\":\"ListItem\",\"position\":1,\"name\":\"Home\",\"item\":\"https:\/\/paju.org\/fr\/\"},{\"@type\":\"ListItem\",\"position\":2,\"name\":\"N\u00e9s pendant le g\u00e9nocide isra\u00e9lien\u00a0: les enfants survivants de Gaza portent les stigmates de la guerre\"}]},{\"@type\":\"WebSite\",\"@id\":\"https:\/\/paju.org\/fr\/#website\",\"url\":\"https:\/\/paju.org\/fr\/\",\"name\":\"PAJU\",\"description\":\"\",\"publisher\":{\"@id\":\"https:\/\/paju.org\/fr\/#organization\"},\"potentialAction\":[{\"@type\":\"SearchAction\",\"target\":{\"@type\":\"EntryPoint\",\"urlTemplate\":\"https:\/\/paju.org\/fr\/?s={search_term_string}\"},\"query-input\":{\"@type\":\"PropertyValueSpecification\",\"valueRequired\":true,\"valueName\":\"search_term_string\"}}],\"inLanguage\":\"fr-FR\"},{\"@type\":\"Organization\",\"@id\":\"https:\/\/paju.org\/fr\/#organization\",\"name\":\"Palestinian and Jewish Unity\",\"url\":\"https:\/\/paju.org\/fr\/\",\"logo\":{\"@type\":\"ImageObject\",\"inLanguage\":\"fr-FR\",\"@id\":\"https:\/\/paju.org\/fr\/#\/schema\/logo\/image\/\",\"url\":\"https:\/\/paju.org\/wp-content\/uploads\/PAJU-Logo.png\",\"contentUrl\":\"https:\/\/paju.org\/wp-content\/uploads\/PAJU-Logo.png\",\"width\":696,\"height\":293,\"caption\":\"Palestinian and Jewish Unity\"},\"image\":{\"@id\":\"https:\/\/paju.org\/fr\/#\/schema\/logo\/image\/\"},\"sameAs\":[\"https:\/\/www.facebook.com\/pajumontreal\",\"https:\/\/www.instagram.com\/pajumontreal\/\"]},{\"@type\":\"Person\",\"@id\":\"https:\/\/paju.org\/fr\/#\/schema\/person\/6d8aed1579a1f4a97e1c552a5f2a891d\",\"name\":\"Bruce Katz\",\"image\":{\"@type\":\"ImageObject\",\"inLanguage\":\"fr-FR\",\"@id\":\"https:\/\/paju.org\/fr\/#\/schema\/person\/image\/\",\"url\":\"https:\/\/secure.gravatar.com\/avatar\/4c65b2117dbb672d0bda009f0367a4721c9271f1f68b1747fb53d7333079d0f1?s=96&d=mm&r=g\",\"contentUrl\":\"https:\/\/secure.gravatar.com\/avatar\/4c65b2117dbb672d0bda009f0367a4721c9271f1f68b1747fb53d7333079d0f1?s=96&d=mm&r=g\",\"caption\":\"Bruce Katz\"},\"url\":\"https:\/\/paju.org\/fr\/author\/chadi\/\"}]}<\/script>\n<!-- \/ Yoast SEO plugin. -->","yoast_head_json":{"title":"N\u00e9s pendant le g\u00e9nocide isra\u00e9lien\u00a0: les enfants survivants de Gaza portent les stigmates de la guerre - PAJU","description":"Selon le minist\u00e8re de la Sant\u00e9 \u00e0 Gaza, plus de 20\u00a0000 patients et bless\u00e9s attendent actuellement de pouvoir se rendre \u00e0 l\u2019\u00e9tranger pour recevoir des soins m\u00e9dicaux. Malgr\u00e9 l\u2019ampleur des besoins, les donn\u00e9es officielles fournies par al-Waheidi montrent que seulement 154 enfants ont \u00e9t\u00e9 autoris\u00e9s \u00e0 quitter Gaza depuis la r\u00e9ouverture partielle du point de passage en f\u00e9vrier.","robots":{"index":"index","follow":"follow","max-snippet":"max-snippet:-1","max-image-preview":"max-image-preview:large","max-video-preview":"max-video-preview:-1"},"canonical":"https:\/\/paju.org\/fr\/nes-pendant-le-genocide-israelien-les-enfants-survivants-de-gaza-portent-les-stigmates-de-la-guerre\/","og_locale":"fr_FR","og_type":"article","og_title":"N\u00e9s pendant le g\u00e9nocide isra\u00e9lien\u00a0: les enfants survivants de Gaza portent les stigmates de la guerre - PAJU","og_description":"Selon le minist\u00e8re de la Sant\u00e9 \u00e0 Gaza, plus de 20\u00a0000 patients et bless\u00e9s attendent actuellement de pouvoir se rendre \u00e0 l\u2019\u00e9tranger pour recevoir des soins m\u00e9dicaux. Malgr\u00e9 l\u2019ampleur des besoins, les donn\u00e9es officielles fournies par al-Waheidi montrent que seulement 154 enfants ont \u00e9t\u00e9 autoris\u00e9s \u00e0 quitter Gaza depuis la r\u00e9ouverture partielle du point de passage en f\u00e9vrier.","og_site_name":"PAJU","article_publisher":"https:\/\/www.facebook.com\/pajumontreal","article_published_time":"2026-04-29T20:06:16+00:00","article_modified_time":"2026-04-29T20:13:43+00:00","og_image":[{"width":770,"height":513,"url":"https:\/\/paju.org\/wp-content\/uploads\/Warda-al-Jarou-holds-her-six-month-old-daughter-Misk.-The-infant-was-born-with-severe-deformities-after-her-mother-was-repeatedly-exposed-to-toxic-gas-and-bombardment-during-pregnancy-Al-Jazeera.webp","type":"image\/webp"}],"author":"Bruce Katz","twitter_card":"summary_large_image","twitter_misc":{"\u00c9crit par":"Bruce Katz","Dur\u00e9e de lecture estim\u00e9e":"5 minutes"},"schema":{"@context":"https:\/\/schema.org","@graph":[{"@type":"Article","@id":"https:\/\/paju.org\/fr\/nes-pendant-le-genocide-israelien-les-enfants-survivants-de-gaza-portent-les-stigmates-de-la-guerre\/#article","isPartOf":{"@id":"https:\/\/paju.org\/fr\/nes-pendant-le-genocide-israelien-les-enfants-survivants-de-gaza-portent-les-stigmates-de-la-guerre\/"},"author":{"name":"Bruce Katz","@id":"https:\/\/paju.org\/fr\/#\/schema\/person\/6d8aed1579a1f4a97e1c552a5f2a891d"},"headline":"N\u00e9s pendant le g\u00e9nocide isra\u00e9lien\u00a0: les enfants survivants de Gaza portent les stigmates de la guerre","datePublished":"2026-04-29T20:06:16+00:00","dateModified":"2026-04-29T20:13:43+00:00","mainEntityOfPage":{"@id":"https:\/\/paju.org\/fr\/nes-pendant-le-genocide-israelien-les-enfants-survivants-de-gaza-portent-les-stigmates-de-la-guerre\/"},"wordCount":1185,"publisher":{"@id":"https:\/\/paju.org\/fr\/#organization"},"image":{"@id":"https:\/\/paju.org\/fr\/nes-pendant-le-genocide-israelien-les-enfants-survivants-de-gaza-portent-les-stigmates-de-la-guerre\/#primaryimage"},"thumbnailUrl":"https:\/\/paju.org\/wp-content\/uploads\/Warda-al-Jarou-holds-her-six-month-old-daughter-Misk.-The-infant-was-born-with-severe-deformities-after-her-mother-was-repeatedly-exposed-to-toxic-gas-and-bombardment-during-pregnancy-Al-Jazeera.webp","articleSection":["Notre bulletin"],"inLanguage":"fr-FR"},{"@type":"WebPage","@id":"https:\/\/paju.org\/fr\/nes-pendant-le-genocide-israelien-les-enfants-survivants-de-gaza-portent-les-stigmates-de-la-guerre\/","url":"https:\/\/paju.org\/fr\/nes-pendant-le-genocide-israelien-les-enfants-survivants-de-gaza-portent-les-stigmates-de-la-guerre\/","name":"N\u00e9s pendant le g\u00e9nocide isra\u00e9lien\u00a0: les enfants survivants de Gaza portent les stigmates de la guerre - PAJU","isPartOf":{"@id":"https:\/\/paju.org\/fr\/#website"},"primaryImageOfPage":{"@id":"https:\/\/paju.org\/fr\/nes-pendant-le-genocide-israelien-les-enfants-survivants-de-gaza-portent-les-stigmates-de-la-guerre\/#primaryimage"},"image":{"@id":"https:\/\/paju.org\/fr\/nes-pendant-le-genocide-israelien-les-enfants-survivants-de-gaza-portent-les-stigmates-de-la-guerre\/#primaryimage"},"thumbnailUrl":"https:\/\/paju.org\/wp-content\/uploads\/Warda-al-Jarou-holds-her-six-month-old-daughter-Misk.-The-infant-was-born-with-severe-deformities-after-her-mother-was-repeatedly-exposed-to-toxic-gas-and-bombardment-during-pregnancy-Al-Jazeera.webp","datePublished":"2026-04-29T20:06:16+00:00","dateModified":"2026-04-29T20:13:43+00:00","description":"Selon le minist\u00e8re de la Sant\u00e9 \u00e0 Gaza, plus de 20\u00a0000 patients et bless\u00e9s attendent actuellement de pouvoir se rendre \u00e0 l\u2019\u00e9tranger pour recevoir des soins m\u00e9dicaux. Malgr\u00e9 l\u2019ampleur des besoins, les donn\u00e9es officielles fournies par al-Waheidi montrent que seulement 154 enfants ont \u00e9t\u00e9 autoris\u00e9s \u00e0 quitter Gaza depuis la r\u00e9ouverture partielle du point de passage en f\u00e9vrier.","breadcrumb":{"@id":"https:\/\/paju.org\/fr\/nes-pendant-le-genocide-israelien-les-enfants-survivants-de-gaza-portent-les-stigmates-de-la-guerre\/#breadcrumb"},"inLanguage":"fr-FR","potentialAction":[{"@type":"ReadAction","target":["https:\/\/paju.org\/fr\/nes-pendant-le-genocide-israelien-les-enfants-survivants-de-gaza-portent-les-stigmates-de-la-guerre\/"]}]},{"@type":"ImageObject","inLanguage":"fr-FR","@id":"https:\/\/paju.org\/fr\/nes-pendant-le-genocide-israelien-les-enfants-survivants-de-gaza-portent-les-stigmates-de-la-guerre\/#primaryimage","url":"https:\/\/paju.org\/wp-content\/uploads\/Warda-al-Jarou-holds-her-six-month-old-daughter-Misk.-The-infant-was-born-with-severe-deformities-after-her-mother-was-repeatedly-exposed-to-toxic-gas-and-bombardment-during-pregnancy-Al-Jazeera.webp","contentUrl":"https:\/\/paju.org\/wp-content\/uploads\/Warda-al-Jarou-holds-her-six-month-old-daughter-Misk.-The-infant-was-born-with-severe-deformities-after-her-mother-was-repeatedly-exposed-to-toxic-gas-and-bombardment-during-pregnancy-Al-Jazeera.webp","width":770,"height":513},{"@type":"BreadcrumbList","@id":"https:\/\/paju.org\/fr\/nes-pendant-le-genocide-israelien-les-enfants-survivants-de-gaza-portent-les-stigmates-de-la-guerre\/#breadcrumb","itemListElement":[{"@type":"ListItem","position":1,"name":"Home","item":"https:\/\/paju.org\/fr\/"},{"@type":"ListItem","position":2,"name":"N\u00e9s pendant le g\u00e9nocide isra\u00e9lien\u00a0: les enfants survivants de Gaza portent les stigmates de la guerre"}]},{"@type":"WebSite","@id":"https:\/\/paju.org\/fr\/#website","url":"https:\/\/paju.org\/fr\/","name":"PAJU","description":"","publisher":{"@id":"https:\/\/paju.org\/fr\/#organization"},"potentialAction":[{"@type":"SearchAction","target":{"@type":"EntryPoint","urlTemplate":"https:\/\/paju.org\/fr\/?s={search_term_string}"},"query-input":{"@type":"PropertyValueSpecification","valueRequired":true,"valueName":"search_term_string"}}],"inLanguage":"fr-FR"},{"@type":"Organization","@id":"https:\/\/paju.org\/fr\/#organization","name":"Palestinian and Jewish Unity","url":"https:\/\/paju.org\/fr\/","logo":{"@type":"ImageObject","inLanguage":"fr-FR","@id":"https:\/\/paju.org\/fr\/#\/schema\/logo\/image\/","url":"https:\/\/paju.org\/wp-content\/uploads\/PAJU-Logo.png","contentUrl":"https:\/\/paju.org\/wp-content\/uploads\/PAJU-Logo.png","width":696,"height":293,"caption":"Palestinian and Jewish Unity"},"image":{"@id":"https:\/\/paju.org\/fr\/#\/schema\/logo\/image\/"},"sameAs":["https:\/\/www.facebook.com\/pajumontreal","https:\/\/www.instagram.com\/pajumontreal\/"]},{"@type":"Person","@id":"https:\/\/paju.org\/fr\/#\/schema\/person\/6d8aed1579a1f4a97e1c552a5f2a891d","name":"Bruce Katz","image":{"@type":"ImageObject","inLanguage":"fr-FR","@id":"https:\/\/paju.org\/fr\/#\/schema\/person\/image\/","url":"https:\/\/secure.gravatar.com\/avatar\/4c65b2117dbb672d0bda009f0367a4721c9271f1f68b1747fb53d7333079d0f1?s=96&d=mm&r=g","contentUrl":"https:\/\/secure.gravatar.com\/avatar\/4c65b2117dbb672d0bda009f0367a4721c9271f1f68b1747fb53d7333079d0f1?s=96&d=mm&r=g","caption":"Bruce Katz"},"url":"https:\/\/paju.org\/fr\/author\/chadi\/"}]}},"_links":{"self":[{"href":"https:\/\/paju.org\/fr\/wp-json\/wp\/v2\/posts\/265419","targetHints":{"allow":["GET"]}}],"collection":[{"href":"https:\/\/paju.org\/fr\/wp-json\/wp\/v2\/posts"}],"about":[{"href":"https:\/\/paju.org\/fr\/wp-json\/wp\/v2\/types\/post"}],"author":[{"embeddable":true,"href":"https:\/\/paju.org\/fr\/wp-json\/wp\/v2\/users\/4"}],"replies":[{"embeddable":true,"href":"https:\/\/paju.org\/fr\/wp-json\/wp\/v2\/comments?post=265419"}],"version-history":[{"count":1,"href":"https:\/\/paju.org\/fr\/wp-json\/wp\/v2\/posts\/265419\/revisions"}],"predecessor-version":[{"id":265421,"href":"https:\/\/paju.org\/fr\/wp-json\/wp\/v2\/posts\/265419\/revisions\/265421"}],"wp:featuredmedia":[{"embeddable":true,"href":"https:\/\/paju.org\/fr\/wp-json\/wp\/v2\/media\/265417"}],"wp:attachment":[{"href":"https:\/\/paju.org\/fr\/wp-json\/wp\/v2\/media?parent=265419"}],"wp:term":[{"taxonomy":"category","embeddable":true,"href":"https:\/\/paju.org\/fr\/wp-json\/wp\/v2\/categories?post=265419"},{"taxonomy":"post_tag","embeddable":true,"href":"https:\/\/paju.org\/fr\/wp-json\/wp\/v2\/tags?post=265419"}],"curies":[{"name":"wp","href":"https:\/\/api.w.org\/{rel}","templated":true}]}}