{"id":264024,"date":"2026-02-17T13:27:11","date_gmt":"2026-02-17T18:27:11","guid":{"rendered":"https:\/\/paju.org\/?p=264024"},"modified":"2026-02-17T13:47:16","modified_gmt":"2026-02-17T18:47:16","slug":"paix-compromise-les-accords-doslo-seraient-etroitement-lies-au-reseau-epstein","status":"publish","type":"post","link":"https:\/\/paju.org\/fr\/paix-compromise-les-accords-doslo-seraient-etroitement-lies-au-reseau-epstein\/","title":{"rendered":"Paix compromise ? Les accords d&#8217;Oslo seraient \u00e9troitement li\u00e9s au r\u00e9seau Epstein."},"content":{"rendered":"\n<p><strong><em>De nouveaux documents r\u00e9v\u00e8lent que Terje Rod-Larsen a facilit\u00e9 l&#8217;obtention de visas pour les victimes de Jeffrey Epstein et qu&#8217;il figurait sur la liste des b\u00e9n\u00e9ficiaires d&#8217;un versement de 10 millions de dollars, ce qui a incit\u00e9 les Palestiniens \u00e0 se demander si le processus de paix n&#8217;avait pas \u00e9t\u00e9 orchestr\u00e9 par des diplomates victimes de chantage.<\/em><\/strong><\/p>\n\n\n\n<p><em>Traduit de l&#8217;anglais par PAJU. (Certaines phrases ont \u00e9t\u00e9 mises en <strong>gras<\/strong> par PAJU et n&#8217;apparaissent pas comme telles dans l&#8217;article original d&#8217;Al Jazeera.)<\/em><\/p>\n\n\n\n<p>Le diplomate norv\u00e9gien Terje Rod-Larsen, figure cl\u00e9 des <a href=\"https:\/\/www.aljazeera.com\/news\/2023\/9\/13\/what-were-oslo-accords-israel-palestinians\">accords d&#8217;Oslo<\/a> de 1993, est au c\u0153ur d&#8217;un scandale de corruption et de chantage. De nouveaux documents r\u00e9v\u00e8lent en effet son implication \u00e9troite dans l&#8217;entourage du d\u00e9funt financier et d\u00e9linquant sexuel <a href=\"https:\/\/www.aljazeera.com\/news\/2026\/2\/10\/struggling-to-navigate-the-epstein-files-here-is-a-visual-guide\">Jeffrey Epstein<\/a>.<\/p>\n\n\n\n<p>Terje Rod-Larsen, acteur majeur du processus de paix au Moyen-Orient dans les ann\u00e9es 1990, est mis en cause dans des documents r\u00e9cemment d\u00e9classifi\u00e9s du d\u00e9partement de la Justice am\u00e9ricain et des enqu\u00eates men\u00e9es par les m\u00e9dias norv\u00e9giens. Ces r\u00e9v\u00e9lations mettent au jour une relation impliquant des pr\u00eats illicites, des fraudes aux visas pour des femmes victimes de trafic sexuel et une clause testamentaire dans le testament d&#8217;Epstein, portant sur des millions de dollars.<\/p>\n\n\n\n<p>Ces r\u00e9v\u00e9lations ont provoqu\u00e9 une onde de choc au sein de la communaut\u00e9 diplomatique et ont entra\u00een\u00e9 la d\u00e9mission, ce mois-ci, de l&#8217;\u00e9pouse de Rod-Larsen, Mona Juul, elle-m\u00eame figure centrale des n\u00e9gociations d&#8217;Oslo. Elle \u00e9tait alors ambassadrice de Norv\u00e8ge en Jordanie et en Irak et son habilitation de s\u00e9curit\u00e9 lui a \u00e9t\u00e9 retir\u00e9e.<\/p>\n\n\n\n<p>Les dirigeants palestiniens s&#8217;interrogent d\u00e9sormais sur la l\u00e9gitimit\u00e9 du m\u00e9diateur des accords d&#8217;Oslo, fondements de la solution \u00e0 deux \u00c9tats, face au chantage des \u00e9lites et aux pressions des services de renseignement \u00e9trangers.<\/p>\n\n\n\n<p>Ce plan, salu\u00e9 \u00e0 l&#8217;\u00e9poque en Occident, a \u00e9t\u00e9 bafou\u00e9 par les gouvernements isra\u00e9liens successifs au cours des trente ann\u00e9es suivantes, l&#8217;extr\u00eame droite isra\u00e9lienne militant d\u00e9sormais ouvertement pour <a href=\"https:\/\/www.aljazeera.com\/news\/2026\/2\/11\/palestinians-sense-west-bank-annexation-after-israel-approves-new-rules\">l&#8217;annexion de la Cisjordanie occup\u00e9e<\/a>.<\/p>\n\n\n\n<p><strong><em>\u00ab Des capacit\u00e9s extraordinaires \u00bb<\/em><\/strong><\/p>\n\n\n\n<p>Les enqu\u00eates de la cha\u00eene de t\u00e9l\u00e9vision norv\u00e9gienne <a href=\"https:\/\/www.nrk.no\/urix\/slik-hjalp-rod-larsen-og-epstein-hverandre-med-rekruttering-1.17754499\">NRK<\/a> et du quotidien <a href=\"https:\/\/www.dn.no\/jus\/utenriksdepartementet\/terje-rod-larsen\/jeffrey-epstein\/rod-larsen-hjalp-epstein-med-visum-til-russisk-eks-modell\/2-1-1937969\">Dagens N\u00e6ringsliv (DN)<\/a> r\u00e9v\u00e8lent comment Rod-Larsen a utilis\u00e9 sa position de pr\u00e9sident du <em>think tank<\/em> International Peace Institute (IPI) \u00e0 New York pour redorer l&#8217;image des proches d&#8217;Epstein.<\/p>\n\n\n\n<p>Selon les documents, Rod-Larsen a r\u00e9dig\u00e9 des lettres de recommandation officielles aux autorit\u00e9s am\u00e9ricaines afin d&#8217;obtenir des visas pour de jeunes femmes russes gravitant autour d&#8217;Epstein, affirmant qu&#8217;elles poss\u00e9daient des \u00ab&nbsp;capacit\u00e9s extraordinaires&nbsp;\u00bb les pr\u00e9parant \u00e0 des postes de recherche.<\/p>\n\n\n\n<p>En r\u00e9alit\u00e9, il s&#8217;agissait souvent de mannequins sans formation universitaire, qui auraient \u00e9t\u00e9 victimes de trafic et d&#8217;abus de la part du financier. Une victime a confi\u00e9 \u00e0 NRK qu&#8217;elle pensait qu&#8217;Epstein l&#8217;avait envoy\u00e9e \u00e0 l&#8217;institut de Rod-Larsen pour la \u00ab&nbsp;manipuler&nbsp;\u00bb, tandis qu&#8217;une autre a d\u00e9crit comment le diplomate avait facilit\u00e9 l&#8217;obtention de son visa suite \u00e0 une demande directe de l&#8217;assistant d&#8217;Epstein.<\/p>\n\n\n\n<p>La nature mercantile de cette relation \u00e9tait manifeste. Des documents montrent qu&#8217;Epstein a pr\u00eat\u00e9 130&nbsp;000&nbsp;$ \u00e0 Rod-Larsen en 2013. Plus accablant encore, des rapports indiquent que le testament d&#8217;Epstein comprenait une clause l\u00e9guant 5&nbsp;millions de dollars \u00e0 chacun des deux enfants de Rod-Larsen, soit un total de 10&nbsp;millions de dollars.<\/p>\n\n\n\n<p>Mustafa Barghouti, secr\u00e9taire g\u00e9n\u00e9ral du parti politique <em>Initiative nationale palestinienne<\/em>, a d\u00e9clar\u00e9 \u00e0 Al Jazeera qu&#8217;il n&#8217;\u00e9tait \u00ab absolument pas surpris \u00bb par les all\u00e9gations de corruption.<\/p>\n\n\n\n<p>\u00ab Nous ne nous sommes jamais sentis \u00e0 l&#8217;aise avec cette personne, d\u00e8s le premier instant \u00bb, a affirm\u00e9 Barghouti. \u00ab Oslo \u00e9tait un pi\u00e8ge\u2026 et je suis convaincu que Terje Rod-Larsen \u00e9tait sous l&#8217;influence d&#8217;Isra\u00ebl depuis le d\u00e9but. \u00bb<\/p>\n\n\n\n<p>Barghouti a soutenu que la r\u00e9v\u00e9lation de millions de dollars potentiellement vers\u00e9s par une figure li\u00e9e au Mossad comme Epstein \u00e0 la famille Rod-Larsen sugg\u00e8re que la corruption visait \u00e0 \u00ab servir les int\u00e9r\u00eats d&#8217;Isra\u00ebl au d\u00e9triment de ceux du peuple palestinien \u00bb.<\/p>\n\n\n\n<p>Les <a href=\"https:\/\/www.aljazeera.com\/news\/2026\/2\/9\/what-were-jeffrey-epsteins-links-to-israel\">liens entre Epstein, d\u00e9sormais d\u00e9chu, et Isra\u00ebl<\/a> sont apparus au grand jour suite \u00e0 la publication de millions de documents.<\/p>\n\n\n\n<p>Ces documents ont r\u00e9v\u00e9l\u00e9 de nouveaux d\u00e9tails sur les interactions d&#8217;Epstein avec des membres de l&#8217;\u00e9lite mondiale, notamment l&#8217;ancien Premier ministre isra\u00e9lien Ehud Barak. Mais ils documentent \u00e9galement son financement de groupes isra\u00e9liens, notamment les <em>Amis de l&#8217;arm\u00e9e isra\u00e9lienne<\/em> (IDF) et l&#8217;organisation de colons le <em>Fonds national juif<\/em>, ainsi que ses liens avec des membres des services de renseignement isra\u00e9liens \u00e0 l&#8217;\u00e9tranger, le Mossad.<\/p>\n\n\n\n<p><strong><em>Les archives manquantes<\/em><\/strong><\/p>\n\n\n\n<p>Le scandale a relanc\u00e9 en Norv\u00e8ge les appels \u00e0 la lev\u00e9e du voile sur les \u00ab archives priv\u00e9es \u00bb de Rod-Larsen concernant les n\u00e9gociations secr\u00e8tes de 1993.<\/p>\n\n\n\n<p>Des enqu\u00eates journalistiques ont r\u00e9v\u00e9l\u00e9 que des <a href=\"https:\/\/www.dagogtid.no\/samfunn\/ud-dokument-finst-i-israelske-arkiv\/614217\">documents<\/a> relatifs \u00e0 la p\u00e9riode cruciale entre janvier et septembre 1993 sont <a href=\"https:\/\/www.prio.org\/publications\/4097\">absents<\/a> des archives officielles du minist\u00e8re des Affaires \u00e9trang\u00e8res. Les critiques estiment que ces documents manquants pourraient masquer le r\u00f4le jou\u00e9 par les pressions personnelles ou le chantage dans les concessions obtenues aupr\u00e8s des dirigeants palestiniens lors de ces pourparlers secrets.<\/p>\n\n\n\n<p><strong><em>Gouverner par le chantage<\/em><\/strong><\/p>\n\n\n\n<p>Les analystes affirment que l&#8217;affaire Rod-Larsen est symptomatique d&#8217;un syst\u00e8me de gouvernance mondiale plus vaste, aliment\u00e9 par un chantage syst\u00e9matique et des op\u00e9rations de renseignement.<\/p>\n\n\n\n<p><strong>Wissam Afifa, analyste politique bas\u00e9 \u00e0 Gaza, a \u00e9tabli un parall\u00e8le entre l&#8217;exploitation des mineurs sur l&#8217;\u00eele d&#8217;Epstein et le traitement g\u00e9opolitique des Palestiniens.<\/strong><\/p>\n\n\n\n<p>\u00ab Nous, Palestiniens, avons \u00e9t\u00e9 trait\u00e9s comme des mineurs\u2026 consid\u00e9r\u00e9s comme n&#8217;ayant aucun droit de revendiquer nos droits \u00bb, a d\u00e9clar\u00e9 Afifa. \u00ab Aujourd&#8217;hui, nous constatons <strong>qu&#8217;une grande partie du syst\u00e8me international est en r\u00e9alit\u00e9 une sorte d&#8217;\u00ab \u00eele d&#8217;Epstein \u00bb.<\/strong> \u00bb<\/p>\n\n\n\n<p>Afifa a sugg\u00e9r\u00e9 que le \u00ab silence \u00bb de la communaut\u00e9 internationale face \u00e0 la guerre g\u00e9nocidaire actuelle \u00e0 Gaza pourrait \u00eatre li\u00e9 \u00e0 des r\u00e9seaux d&#8217;influence et d&#8217;extorsion similaires.<\/p>\n\n\n\n<p><strong>\u00ab Le monde \u00e9tait g\u00e9r\u00e9 depuis l&#8217;\u00eele d&#8217;Epstein\u2026 dans l&#8217;ombre \u00bb,<\/strong> a ajout\u00e9 Afifa. \u00ab Nous sommes victimes du r\u00e9seau d&#8217;influence qu&#8217;Epstein a mis en place aupr\u00e8s des politiciens, des dirigeants et des \u00c9tats. \u00bb Alors que les <a href=\"https:\/\/www.dn.no\/politikk\/jeffrey-epstein\/terje-rod-larsen\/international-peace-institute\/ud-gjennomgar-forholdet-til-rod-larsens-tankesmie\/2-1-1938768?abtest=a\">autorit\u00e9s norv\u00e9giennes<\/a>, notamment l&#8217;unit\u00e9 de lutte contre la criminalit\u00e9 \u00e9conomique <em>Okokrim<\/em>, ouvrent des enqu\u00eates sur le scandale, l&#8217;h\u00e9ritage du diplomate qui serrait autrefois des mains sur la pelouse de la Maison Blanche est r\u00e9duit \u00e0 n\u00e9ant, jetant une longue ombre sur l&#8217;histoire d&#8217;un processus de paix au Moyen-Orient profond\u00e9ment imparfait.<\/p>\n\n\n\n<p><strong><a href=\"https:\/\/www.aljazeera.com\/features\/2026\/2\/12\/compromised-peace-oslo-accords-figure-deeply-linked-to-epstein-network\">Compromised peace? Oslo Accords figure deeply linked to Epstein network | Israel-Palestine conflict | Al Jazeera<\/a><\/strong><\/p>\n\n\n\n<p><strong>Pour visionner les vid\u00e9os d&#8217;accompagnement, cliquez sur le lien de l&#8217;article d&#8217;Al Jazeera ci-dessus.<\/strong><\/p>\n\n\n\n<p><strong>Voir Aussi&nbsp;:<\/strong><\/p>\n\n\n\n<ul class=\"wp-block-list\">\n<li><strong><u><a href=\"https:\/\/paju.org\/fr\/jeffrey-epstein-faisait-chanter-des-politiciens-pour-le-compte-du-mossad-israelien-selon-un-nouveau-livre\/\">https:\/\/paju.org\/fr\/jeffrey-epstein-faisait-chanter-des-politiciens-pour-le-compte-du-mossad-israelien-selon-un-nouveau-livre<\/a><\/u><\/strong><\/li>\n\n\n\n<li><strong><u><a href=\"https:\/\/www.lefigaro.fr\/international\/beaucoup-de-jeunes-filles-viendraient-grandes-minces-quand-un-ancien-premier-ministre-israelien-discutait-de-la-qualite-de-l-immigration-avec-epstein-20260206\">https:\/\/www.lefigaro.fr\/international\/beaucoup-de-jeunes-filles-viendraient-grandes-minces-quand-un-ancien-premier-ministre-israelien-discutait-de-la-qualite-de-l-immigration-avec-epstein-20260206<\/a><\/u><\/strong><\/li>\n\n\n\n<li><strong><u><a href=\"https:\/\/www.lefigaro.fr\/international\/un-ancien-ambassadeur-britannique-un-ex-ministre-slovaque-ces-personnalites-europeennes-emportees-par-l-affaire-epstein-20260203\">https:\/\/www.lefigaro.fr\/international\/un-ancien-ambassadeur-britannique-un-ex-ministre-slovaque-ces-personnalites-europeennes-emportees-par-l-affaire-epstein-20260203<\/a><\/u><\/strong><\/li>\n\n\n\n<li><strong><a href=\"https:\/\/projectnemesis.net\/robert-maxwell\/\">Robert Maxwell &#8211; Project Nemesis<\/a> (en anglais)<\/strong><\/li>\n\n\n\n<li><strong><a href=\"https:\/\/paju.org\/fr\/jeffrey-epstein-a-aide-alan-dershowitz-a-attaquer-le-israel-lobby-de-mearsheimer-et-walt\/\">Jeffrey Epstein a aid\u00e9 Alan Dershowitz \u00e0 attaquer le \u00ab Israel Lobby \u00bb de Mearsheimer&nbsp; et Walt &#8211; PAJU<\/a><\/strong><\/li>\n\n\n\n<li><strong><a href=\"https:\/\/telegrafi.com\/fr\/amp\/ish-keshilltari-i-trumpit-dhe-epstein-planifikuan-ta-rrezonin-papen-franceskun-2675269119\">https:\/\/telegrafi.com\/fr\/amp\/ish-keshilltari-i-trumpit-dhe-epstein-planifikuan-ta-rrezonin-papen-franceskun-2675269119<\/a><\/strong><\/li>\n<\/ul>\n\n\n\n<p><strong>NOTE DE PAJU:<\/strong><\/p>\n\n\n\n<p>La r\u00e9v\u00e9lation qu&#8217;un diplomate norv\u00e9gien, acteur cl\u00e9 du processus de paix d&#8217;Oslo, \u00e9tait au service de Jeffrey Epstein (et donc du Mossad et d&#8217;Isra\u00ebl) met en lumi\u00e8re le mode op\u00e9ratoire d&#8217;Isra\u00ebl et de ses complices dans tous les pays occidentaux et \u00e0 tous les niveaux de gouvernement&nbsp;: <strong>une gouvernance par le chantage<\/strong>. Tel qu&#8217;\u2019\u00e9crit dans l\u2019 article d&#8217;Al Jazeera, \u00ab&nbsp;<em>l&#8217;affaire Rod-Larsen est symptomatique d&#8217;un syst\u00e8me de gouvernance mondiale plus vaste, fond\u00e9 sur le chantage syst\u00e9matique et les op\u00e9rations de renseignement<\/em>&nbsp;\u00bb.<\/p>\n\n\n\n<p>La publication de millions de documents d\u00e9taillant les relations d&#8217;Epstein avec des personnalit\u00e9s influentes, notamment des membres de familles royales, des figures politiques et des financiers, r\u00e9v\u00e8le la corruption et l&#8217;immoralit\u00e9 de ceux qui d\u00e9tiennent le pouvoir en Occident et dont la loyaut\u00e9 ultime est li\u00e9e aux man\u0153uvres de chantage de l&#8217;entit\u00e9 isra\u00e9lo-Mossad, avec l&#8217;aide de divers lobbies pro-isra\u00e9liens, tous veillant \u00e0 ce que la ligne pro-isra\u00e9lienne ne soit pas transgress\u00e9e.<\/p>\n\n\n\n<p>Qui plus est, le mensonge qu&#8217;\u00e9tait Oslo et qui demeure son h\u00e9ritage, le fait qu&#8217;\u2019 il n&#8217;y a jamais eu de v\u00e9ritable processus de paix, que les Palestiniens n&#8217;ont jamais eu de \u00ab partenaire pour la paix \u00bb, qu&#8217;Oslo, n\u00e9goci\u00e9 par des diplomates norv\u00e9giens lubriques et immoraux, et avec autres acolytes, aurait toujours \u00e9t\u00e9 destin\u00e9 \u00e0 mener \u00e0 la fin du mouvement de lib\u00e9ration palestinien, comme l&#8217;appelait le regrett\u00e9 intellectuel palestinien Edward Said : le \u00ab <a href=\"https:\/\/www.lrb.co.uk\/the-paper\/v15\/n20\/edward-said\/the-morning-after\">Versailles palestinien<\/a> \u00bb, avec l&#8217;empereur romain du XXe si\u00e8cle Bill Clinton (compagnon de Jeffrey Epstein) embrassant les deux dignitaires vassaux, Rabin et Arafat, lors de la c\u00e9r\u00e9monie tenue sur la pelouse de la Maison Blanche.<\/p>\n\n\n\n<p>C\u2019est aussi le reflet de l\u2019hypocrisie et de la turpitude morale des Starmer, des Macron, des Carney, des \u00ab capitaines d\u2019industrie \u00bb, et autres, qui, prostern\u00e9s devant le r\u00e9gime d\u2019apartheid et de g\u00e9nocide isra\u00e9lien, se rendent complices de l\u2019apartheid isra\u00e9lien, du g\u00e9nocide \u00e0 Gaza et des pogroms perp\u00e9tr\u00e9s par des fanatiques juifs en Cisjordanie occup\u00e9e contre des villageois palestiniens sans d\u00e9fense. Ils mentent effront\u00e9ment lorsqu\u2019ils proclament leur soutien \u00e0 la \u00ab solution \u00e0 deux \u00c9tats \u00bb qui n\u2019aura jamais lieu. Qui plus est, ils savent pertinemment qu\u2019ils mentent.<\/p>\n\n\n\n<p>Le Premier ministre canadien, Mark Carney, a \u00e9t\u00e9 encens\u00e9 lors de son discours \u00e0 Gen\u00e8ve, o\u00f9 il a d\u00e9clar\u00e9 qu&#8217;une \u00ab rupture \u00bb permanente s&#8217;\u00e9tait produite dans l&#8217;ordre mondial et que le droit international n&#8217;existait plus. Le chancelier allemand, Friedrich Merz, a ensuite pris la parole et a repris ce m\u00eame message. Or, la r\u00e9alit\u00e9 est que le pr\u00e9tendu \u00ab ordre international \u00bb, le droit international et l&#8217;\u00e9tat de droit <strong>sont morts \u00e0 Gaza<\/strong>, d\u00e9truits par Isra\u00ebl et les \u00c9tats-Unis. Et Trudeau, Carney, Merz, Macron, Starmer et les autres marionnettes indignes d&#8217;Isra\u00ebl, du Mossad et d&#8217;Epstein \u00e9taient, et restent, complices.<\/p>\n","protected":false},"excerpt":{"rendered":"<p>Le diplomate norv\u00e9gien Terje Rod-Larsen, figure cl\u00e9 des accords d&#8217;Oslo de 1993, est au c\u0153ur d&#8217;un scandale de corruption et de chantage. De nouveaux documents r\u00e9v\u00e8lent en effet son implication \u00e9troite dans l&#8217;entourage du d\u00e9funt financier et d\u00e9linquant sexuel Jeffrey Epstein.Terje Rod-Larsen, acteur majeur du processus de paix au Moyen-Orient dans les ann\u00e9es 1990, est mis en cause dans des documents r\u00e9cemment d\u00e9classifi\u00e9s du d\u00e9partement de la Justice am\u00e9ricain et des enqu\u00eates men\u00e9es par les m\u00e9dias norv\u00e9giens. Ces r\u00e9v\u00e9lations mettent au jour une relation impliquant des pr\u00eats illicites, des fraudes aux visas pour des femmes victimes de trafic sexuel et une clause testamentaire dans le testament d&#8217;Epstein, portant sur des millions de dollars.<\/p>\n","protected":false},"author":4,"featured_media":264021,"comment_status":"closed","ping_status":"closed","sticky":false,"template":"","format":"standard","meta":{"_acf_changed":false,"_et_pb_use_builder":"","_et_pb_old_content":"","_et_gb_content_width":"","footnotes":""},"categories":[94],"tags":[],"class_list":["post-264024","post","type-post","status-publish","format-standard","has-post-thumbnail","hentry","category-bulletin-fr"],"acf":[],"yoast_head":"<!-- This site is optimized with the Yoast SEO plugin v25.8 - https:\/\/yoast.com\/wordpress\/plugins\/seo\/ -->\n<title>Paix compromise ? Les accords d&#039;Oslo seraient \u00e9troitement li\u00e9s au r\u00e9seau Epstein. - PAJU<\/title>\n<meta name=\"description\" content=\"Le diplomate norv\u00e9gien Terje Rod-Larsen, figure cl\u00e9 des accords d&#039;Oslo de 1993, est au c\u0153ur d&#039;un scandale de corruption et de chantage. De nouveaux documents r\u00e9v\u00e8lent en effet son implication \u00e9troite dans l&#039;entourage du d\u00e9funt financier et d\u00e9linquant sexuel Jeffrey Epstein.Terje Rod-Larsen, acteur majeur du processus de paix au Moyen-Orient dans les ann\u00e9es 1990, est mis en cause dans des documents r\u00e9cemment d\u00e9classifi\u00e9s du d\u00e9partement de la Justice am\u00e9ricain et des enqu\u00eates men\u00e9es par les m\u00e9dias norv\u00e9giens. Ces r\u00e9v\u00e9lations mettent au jour une relation impliquant des pr\u00eats illicites, des fraudes aux visas pour des femmes victimes de trafic sexuel et une clause testamentaire dans le testament d&#039;Epstein, portant sur des millions de dollars.\" \/>\n<meta name=\"robots\" content=\"index, follow, max-snippet:-1, max-image-preview:large, max-video-preview:-1\" \/>\n<link rel=\"canonical\" href=\"https:\/\/paju.org\/fr\/paix-compromise-les-accords-doslo-seraient-etroitement-lies-au-reseau-epstein\/\" \/>\n<meta property=\"og:locale\" content=\"fr_FR\" \/>\n<meta property=\"og:type\" content=\"article\" \/>\n<meta property=\"og:title\" content=\"Paix compromise ? Les accords d&#039;Oslo seraient \u00e9troitement li\u00e9s au r\u00e9seau Epstein. - PAJU\" \/>\n<meta property=\"og:description\" content=\"Le diplomate norv\u00e9gien Terje Rod-Larsen, figure cl\u00e9 des accords d&#039;Oslo de 1993, est au c\u0153ur d&#039;un scandale de corruption et de chantage. De nouveaux documents r\u00e9v\u00e8lent en effet son implication \u00e9troite dans l&#039;entourage du d\u00e9funt financier et d\u00e9linquant sexuel Jeffrey Epstein.Terje Rod-Larsen, acteur majeur du processus de paix au Moyen-Orient dans les ann\u00e9es 1990, est mis en cause dans des documents r\u00e9cemment d\u00e9classifi\u00e9s du d\u00e9partement de la Justice am\u00e9ricain et des enqu\u00eates men\u00e9es par les m\u00e9dias norv\u00e9giens. Ces r\u00e9v\u00e9lations mettent au jour une relation impliquant des pr\u00eats illicites, des fraudes aux visas pour des femmes victimes de trafic sexuel et une clause testamentaire dans le testament d&#039;Epstein, portant sur des millions de dollars.\" \/>\n<meta property=\"og:site_name\" content=\"PAJU\" \/>\n<meta property=\"article:publisher\" content=\"https:\/\/www.facebook.com\/pajumontreal\" \/>\n<meta property=\"article:published_time\" content=\"2026-02-17T18:27:11+00:00\" \/>\n<meta property=\"article:modified_time\" content=\"2026-02-17T18:47:16+00:00\" \/>\n<meta property=\"og:image\" content=\"https:\/\/paju.org\/wp-content\/uploads\/201083116543758734_20.webp\" \/>\n\t<meta property=\"og:image:width\" content=\"570\" \/>\n\t<meta property=\"og:image:height\" content=\"380\" \/>\n\t<meta property=\"og:image:type\" content=\"image\/webp\" \/>\n<meta name=\"author\" content=\"Bruce Katz\" \/>\n<meta name=\"twitter:card\" content=\"summary_large_image\" \/>\n<meta name=\"twitter:label1\" content=\"\u00c9crit par\" \/>\n\t<meta name=\"twitter:data1\" content=\"Bruce Katz\" \/>\n\t<meta name=\"twitter:label2\" content=\"Dur\u00e9e de lecture estim\u00e9e\" \/>\n\t<meta name=\"twitter:data2\" content=\"7 minutes\" \/>\n<script type=\"application\/ld+json\" class=\"yoast-schema-graph\">{\"@context\":\"https:\/\/schema.org\",\"@graph\":[{\"@type\":\"Article\",\"@id\":\"https:\/\/paju.org\/fr\/paix-compromise-les-accords-doslo-seraient-etroitement-lies-au-reseau-epstein\/#article\",\"isPartOf\":{\"@id\":\"https:\/\/paju.org\/fr\/paix-compromise-les-accords-doslo-seraient-etroitement-lies-au-reseau-epstein\/\"},\"author\":{\"name\":\"Bruce Katz\",\"@id\":\"https:\/\/paju.org\/fr\/#\/schema\/person\/6d8aed1579a1f4a97e1c552a5f2a891d\"},\"headline\":\"Paix compromise ? Les accords d&#8217;Oslo seraient \u00e9troitement li\u00e9s au r\u00e9seau Epstein.\",\"datePublished\":\"2026-02-17T18:27:11+00:00\",\"dateModified\":\"2026-02-17T18:47:16+00:00\",\"mainEntityOfPage\":{\"@id\":\"https:\/\/paju.org\/fr\/paix-compromise-les-accords-doslo-seraient-etroitement-lies-au-reseau-epstein\/\"},\"wordCount\":1771,\"publisher\":{\"@id\":\"https:\/\/paju.org\/fr\/#organization\"},\"image\":{\"@id\":\"https:\/\/paju.org\/fr\/paix-compromise-les-accords-doslo-seraient-etroitement-lies-au-reseau-epstein\/#primaryimage\"},\"thumbnailUrl\":\"https:\/\/paju.org\/wp-content\/uploads\/201083116543758734_20.webp\",\"articleSection\":[\"Notre bulletin\"],\"inLanguage\":\"fr-FR\"},{\"@type\":\"WebPage\",\"@id\":\"https:\/\/paju.org\/fr\/paix-compromise-les-accords-doslo-seraient-etroitement-lies-au-reseau-epstein\/\",\"url\":\"https:\/\/paju.org\/fr\/paix-compromise-les-accords-doslo-seraient-etroitement-lies-au-reseau-epstein\/\",\"name\":\"Paix compromise ? Les accords d'Oslo seraient \u00e9troitement li\u00e9s au r\u00e9seau Epstein. - PAJU\",\"isPartOf\":{\"@id\":\"https:\/\/paju.org\/fr\/#website\"},\"primaryImageOfPage\":{\"@id\":\"https:\/\/paju.org\/fr\/paix-compromise-les-accords-doslo-seraient-etroitement-lies-au-reseau-epstein\/#primaryimage\"},\"image\":{\"@id\":\"https:\/\/paju.org\/fr\/paix-compromise-les-accords-doslo-seraient-etroitement-lies-au-reseau-epstein\/#primaryimage\"},\"thumbnailUrl\":\"https:\/\/paju.org\/wp-content\/uploads\/201083116543758734_20.webp\",\"datePublished\":\"2026-02-17T18:27:11+00:00\",\"dateModified\":\"2026-02-17T18:47:16+00:00\",\"description\":\"Le diplomate norv\u00e9gien Terje Rod-Larsen, figure cl\u00e9 des accords d'Oslo de 1993, est au c\u0153ur d'un scandale de corruption et de chantage. De nouveaux documents r\u00e9v\u00e8lent en effet son implication \u00e9troite dans l'entourage du d\u00e9funt financier et d\u00e9linquant sexuel Jeffrey Epstein.Terje Rod-Larsen, acteur majeur du processus de paix au Moyen-Orient dans les ann\u00e9es 1990, est mis en cause dans des documents r\u00e9cemment d\u00e9classifi\u00e9s du d\u00e9partement de la Justice am\u00e9ricain et des enqu\u00eates men\u00e9es par les m\u00e9dias norv\u00e9giens. Ces r\u00e9v\u00e9lations mettent au jour une relation impliquant des pr\u00eats illicites, des fraudes aux visas pour des femmes victimes de trafic sexuel et une clause testamentaire dans le testament d'Epstein, portant sur des millions de dollars.\",\"breadcrumb\":{\"@id\":\"https:\/\/paju.org\/fr\/paix-compromise-les-accords-doslo-seraient-etroitement-lies-au-reseau-epstein\/#breadcrumb\"},\"inLanguage\":\"fr-FR\",\"potentialAction\":[{\"@type\":\"ReadAction\",\"target\":[\"https:\/\/paju.org\/fr\/paix-compromise-les-accords-doslo-seraient-etroitement-lies-au-reseau-epstein\/\"]}]},{\"@type\":\"ImageObject\",\"inLanguage\":\"fr-FR\",\"@id\":\"https:\/\/paju.org\/fr\/paix-compromise-les-accords-doslo-seraient-etroitement-lies-au-reseau-epstein\/#primaryimage\",\"url\":\"https:\/\/paju.org\/wp-content\/uploads\/201083116543758734_20.webp\",\"contentUrl\":\"https:\/\/paju.org\/wp-content\/uploads\/201083116543758734_20.webp\",\"width\":570,\"height\":380},{\"@type\":\"BreadcrumbList\",\"@id\":\"https:\/\/paju.org\/fr\/paix-compromise-les-accords-doslo-seraient-etroitement-lies-au-reseau-epstein\/#breadcrumb\",\"itemListElement\":[{\"@type\":\"ListItem\",\"position\":1,\"name\":\"Home\",\"item\":\"https:\/\/paju.org\/fr\/\"},{\"@type\":\"ListItem\",\"position\":2,\"name\":\"Paix compromise ? Les accords d&#8217;Oslo seraient \u00e9troitement li\u00e9s au r\u00e9seau Epstein.\"}]},{\"@type\":\"WebSite\",\"@id\":\"https:\/\/paju.org\/fr\/#website\",\"url\":\"https:\/\/paju.org\/fr\/\",\"name\":\"PAJU\",\"description\":\"\",\"publisher\":{\"@id\":\"https:\/\/paju.org\/fr\/#organization\"},\"potentialAction\":[{\"@type\":\"SearchAction\",\"target\":{\"@type\":\"EntryPoint\",\"urlTemplate\":\"https:\/\/paju.org\/fr\/?s={search_term_string}\"},\"query-input\":{\"@type\":\"PropertyValueSpecification\",\"valueRequired\":true,\"valueName\":\"search_term_string\"}}],\"inLanguage\":\"fr-FR\"},{\"@type\":\"Organization\",\"@id\":\"https:\/\/paju.org\/fr\/#organization\",\"name\":\"Palestinian and Jewish Unity\",\"url\":\"https:\/\/paju.org\/fr\/\",\"logo\":{\"@type\":\"ImageObject\",\"inLanguage\":\"fr-FR\",\"@id\":\"https:\/\/paju.org\/fr\/#\/schema\/logo\/image\/\",\"url\":\"https:\/\/paju.org\/wp-content\/uploads\/PAJU-Logo.png\",\"contentUrl\":\"https:\/\/paju.org\/wp-content\/uploads\/PAJU-Logo.png\",\"width\":696,\"height\":293,\"caption\":\"Palestinian and Jewish Unity\"},\"image\":{\"@id\":\"https:\/\/paju.org\/fr\/#\/schema\/logo\/image\/\"},\"sameAs\":[\"https:\/\/www.facebook.com\/pajumontreal\",\"https:\/\/www.instagram.com\/pajumontreal\/\"]},{\"@type\":\"Person\",\"@id\":\"https:\/\/paju.org\/fr\/#\/schema\/person\/6d8aed1579a1f4a97e1c552a5f2a891d\",\"name\":\"Bruce Katz\",\"image\":{\"@type\":\"ImageObject\",\"inLanguage\":\"fr-FR\",\"@id\":\"https:\/\/paju.org\/fr\/#\/schema\/person\/image\/\",\"url\":\"https:\/\/secure.gravatar.com\/avatar\/4c65b2117dbb672d0bda009f0367a4721c9271f1f68b1747fb53d7333079d0f1?s=96&d=mm&r=g\",\"contentUrl\":\"https:\/\/secure.gravatar.com\/avatar\/4c65b2117dbb672d0bda009f0367a4721c9271f1f68b1747fb53d7333079d0f1?s=96&d=mm&r=g\",\"caption\":\"Bruce Katz\"},\"url\":\"https:\/\/paju.org\/fr\/author\/chadi\/\"}]}<\/script>\n<!-- \/ Yoast SEO plugin. -->","yoast_head_json":{"title":"Paix compromise ? Les accords d'Oslo seraient \u00e9troitement li\u00e9s au r\u00e9seau Epstein. - PAJU","description":"Le diplomate norv\u00e9gien Terje Rod-Larsen, figure cl\u00e9 des accords d'Oslo de 1993, est au c\u0153ur d'un scandale de corruption et de chantage. De nouveaux documents r\u00e9v\u00e8lent en effet son implication \u00e9troite dans l'entourage du d\u00e9funt financier et d\u00e9linquant sexuel Jeffrey Epstein.Terje Rod-Larsen, acteur majeur du processus de paix au Moyen-Orient dans les ann\u00e9es 1990, est mis en cause dans des documents r\u00e9cemment d\u00e9classifi\u00e9s du d\u00e9partement de la Justice am\u00e9ricain et des enqu\u00eates men\u00e9es par les m\u00e9dias norv\u00e9giens. Ces r\u00e9v\u00e9lations mettent au jour une relation impliquant des pr\u00eats illicites, des fraudes aux visas pour des femmes victimes de trafic sexuel et une clause testamentaire dans le testament d'Epstein, portant sur des millions de dollars.","robots":{"index":"index","follow":"follow","max-snippet":"max-snippet:-1","max-image-preview":"max-image-preview:large","max-video-preview":"max-video-preview:-1"},"canonical":"https:\/\/paju.org\/fr\/paix-compromise-les-accords-doslo-seraient-etroitement-lies-au-reseau-epstein\/","og_locale":"fr_FR","og_type":"article","og_title":"Paix compromise ? Les accords d'Oslo seraient \u00e9troitement li\u00e9s au r\u00e9seau Epstein. - PAJU","og_description":"Le diplomate norv\u00e9gien Terje Rod-Larsen, figure cl\u00e9 des accords d'Oslo de 1993, est au c\u0153ur d'un scandale de corruption et de chantage. De nouveaux documents r\u00e9v\u00e8lent en effet son implication \u00e9troite dans l'entourage du d\u00e9funt financier et d\u00e9linquant sexuel Jeffrey Epstein.Terje Rod-Larsen, acteur majeur du processus de paix au Moyen-Orient dans les ann\u00e9es 1990, est mis en cause dans des documents r\u00e9cemment d\u00e9classifi\u00e9s du d\u00e9partement de la Justice am\u00e9ricain et des enqu\u00eates men\u00e9es par les m\u00e9dias norv\u00e9giens. Ces r\u00e9v\u00e9lations mettent au jour une relation impliquant des pr\u00eats illicites, des fraudes aux visas pour des femmes victimes de trafic sexuel et une clause testamentaire dans le testament d'Epstein, portant sur des millions de dollars.","og_site_name":"PAJU","article_publisher":"https:\/\/www.facebook.com\/pajumontreal","article_published_time":"2026-02-17T18:27:11+00:00","article_modified_time":"2026-02-17T18:47:16+00:00","og_image":[{"width":570,"height":380,"url":"https:\/\/paju.org\/wp-content\/uploads\/201083116543758734_20.webp","type":"image\/webp"}],"author":"Bruce Katz","twitter_card":"summary_large_image","twitter_misc":{"\u00c9crit par":"Bruce Katz","Dur\u00e9e de lecture estim\u00e9e":"7 minutes"},"schema":{"@context":"https:\/\/schema.org","@graph":[{"@type":"Article","@id":"https:\/\/paju.org\/fr\/paix-compromise-les-accords-doslo-seraient-etroitement-lies-au-reseau-epstein\/#article","isPartOf":{"@id":"https:\/\/paju.org\/fr\/paix-compromise-les-accords-doslo-seraient-etroitement-lies-au-reseau-epstein\/"},"author":{"name":"Bruce Katz","@id":"https:\/\/paju.org\/fr\/#\/schema\/person\/6d8aed1579a1f4a97e1c552a5f2a891d"},"headline":"Paix compromise ? Les accords d&#8217;Oslo seraient \u00e9troitement li\u00e9s au r\u00e9seau Epstein.","datePublished":"2026-02-17T18:27:11+00:00","dateModified":"2026-02-17T18:47:16+00:00","mainEntityOfPage":{"@id":"https:\/\/paju.org\/fr\/paix-compromise-les-accords-doslo-seraient-etroitement-lies-au-reseau-epstein\/"},"wordCount":1771,"publisher":{"@id":"https:\/\/paju.org\/fr\/#organization"},"image":{"@id":"https:\/\/paju.org\/fr\/paix-compromise-les-accords-doslo-seraient-etroitement-lies-au-reseau-epstein\/#primaryimage"},"thumbnailUrl":"https:\/\/paju.org\/wp-content\/uploads\/201083116543758734_20.webp","articleSection":["Notre bulletin"],"inLanguage":"fr-FR"},{"@type":"WebPage","@id":"https:\/\/paju.org\/fr\/paix-compromise-les-accords-doslo-seraient-etroitement-lies-au-reseau-epstein\/","url":"https:\/\/paju.org\/fr\/paix-compromise-les-accords-doslo-seraient-etroitement-lies-au-reseau-epstein\/","name":"Paix compromise ? Les accords d'Oslo seraient \u00e9troitement li\u00e9s au r\u00e9seau Epstein. - PAJU","isPartOf":{"@id":"https:\/\/paju.org\/fr\/#website"},"primaryImageOfPage":{"@id":"https:\/\/paju.org\/fr\/paix-compromise-les-accords-doslo-seraient-etroitement-lies-au-reseau-epstein\/#primaryimage"},"image":{"@id":"https:\/\/paju.org\/fr\/paix-compromise-les-accords-doslo-seraient-etroitement-lies-au-reseau-epstein\/#primaryimage"},"thumbnailUrl":"https:\/\/paju.org\/wp-content\/uploads\/201083116543758734_20.webp","datePublished":"2026-02-17T18:27:11+00:00","dateModified":"2026-02-17T18:47:16+00:00","description":"Le diplomate norv\u00e9gien Terje Rod-Larsen, figure cl\u00e9 des accords d'Oslo de 1993, est au c\u0153ur d'un scandale de corruption et de chantage. De nouveaux documents r\u00e9v\u00e8lent en effet son implication \u00e9troite dans l'entourage du d\u00e9funt financier et d\u00e9linquant sexuel Jeffrey Epstein.Terje Rod-Larsen, acteur majeur du processus de paix au Moyen-Orient dans les ann\u00e9es 1990, est mis en cause dans des documents r\u00e9cemment d\u00e9classifi\u00e9s du d\u00e9partement de la Justice am\u00e9ricain et des enqu\u00eates men\u00e9es par les m\u00e9dias norv\u00e9giens. Ces r\u00e9v\u00e9lations mettent au jour une relation impliquant des pr\u00eats illicites, des fraudes aux visas pour des femmes victimes de trafic sexuel et une clause testamentaire dans le testament d'Epstein, portant sur des millions de dollars.","breadcrumb":{"@id":"https:\/\/paju.org\/fr\/paix-compromise-les-accords-doslo-seraient-etroitement-lies-au-reseau-epstein\/#breadcrumb"},"inLanguage":"fr-FR","potentialAction":[{"@type":"ReadAction","target":["https:\/\/paju.org\/fr\/paix-compromise-les-accords-doslo-seraient-etroitement-lies-au-reseau-epstein\/"]}]},{"@type":"ImageObject","inLanguage":"fr-FR","@id":"https:\/\/paju.org\/fr\/paix-compromise-les-accords-doslo-seraient-etroitement-lies-au-reseau-epstein\/#primaryimage","url":"https:\/\/paju.org\/wp-content\/uploads\/201083116543758734_20.webp","contentUrl":"https:\/\/paju.org\/wp-content\/uploads\/201083116543758734_20.webp","width":570,"height":380},{"@type":"BreadcrumbList","@id":"https:\/\/paju.org\/fr\/paix-compromise-les-accords-doslo-seraient-etroitement-lies-au-reseau-epstein\/#breadcrumb","itemListElement":[{"@type":"ListItem","position":1,"name":"Home","item":"https:\/\/paju.org\/fr\/"},{"@type":"ListItem","position":2,"name":"Paix compromise ? Les accords d&#8217;Oslo seraient \u00e9troitement li\u00e9s au r\u00e9seau Epstein."}]},{"@type":"WebSite","@id":"https:\/\/paju.org\/fr\/#website","url":"https:\/\/paju.org\/fr\/","name":"PAJU","description":"","publisher":{"@id":"https:\/\/paju.org\/fr\/#organization"},"potentialAction":[{"@type":"SearchAction","target":{"@type":"EntryPoint","urlTemplate":"https:\/\/paju.org\/fr\/?s={search_term_string}"},"query-input":{"@type":"PropertyValueSpecification","valueRequired":true,"valueName":"search_term_string"}}],"inLanguage":"fr-FR"},{"@type":"Organization","@id":"https:\/\/paju.org\/fr\/#organization","name":"Palestinian and Jewish Unity","url":"https:\/\/paju.org\/fr\/","logo":{"@type":"ImageObject","inLanguage":"fr-FR","@id":"https:\/\/paju.org\/fr\/#\/schema\/logo\/image\/","url":"https:\/\/paju.org\/wp-content\/uploads\/PAJU-Logo.png","contentUrl":"https:\/\/paju.org\/wp-content\/uploads\/PAJU-Logo.png","width":696,"height":293,"caption":"Palestinian and Jewish Unity"},"image":{"@id":"https:\/\/paju.org\/fr\/#\/schema\/logo\/image\/"},"sameAs":["https:\/\/www.facebook.com\/pajumontreal","https:\/\/www.instagram.com\/pajumontreal\/"]},{"@type":"Person","@id":"https:\/\/paju.org\/fr\/#\/schema\/person\/6d8aed1579a1f4a97e1c552a5f2a891d","name":"Bruce Katz","image":{"@type":"ImageObject","inLanguage":"fr-FR","@id":"https:\/\/paju.org\/fr\/#\/schema\/person\/image\/","url":"https:\/\/secure.gravatar.com\/avatar\/4c65b2117dbb672d0bda009f0367a4721c9271f1f68b1747fb53d7333079d0f1?s=96&d=mm&r=g","contentUrl":"https:\/\/secure.gravatar.com\/avatar\/4c65b2117dbb672d0bda009f0367a4721c9271f1f68b1747fb53d7333079d0f1?s=96&d=mm&r=g","caption":"Bruce Katz"},"url":"https:\/\/paju.org\/fr\/author\/chadi\/"}]}},"_links":{"self":[{"href":"https:\/\/paju.org\/fr\/wp-json\/wp\/v2\/posts\/264024","targetHints":{"allow":["GET"]}}],"collection":[{"href":"https:\/\/paju.org\/fr\/wp-json\/wp\/v2\/posts"}],"about":[{"href":"https:\/\/paju.org\/fr\/wp-json\/wp\/v2\/types\/post"}],"author":[{"embeddable":true,"href":"https:\/\/paju.org\/fr\/wp-json\/wp\/v2\/users\/4"}],"replies":[{"embeddable":true,"href":"https:\/\/paju.org\/fr\/wp-json\/wp\/v2\/comments?post=264024"}],"version-history":[{"count":2,"href":"https:\/\/paju.org\/fr\/wp-json\/wp\/v2\/posts\/264024\/revisions"}],"predecessor-version":[{"id":264027,"href":"https:\/\/paju.org\/fr\/wp-json\/wp\/v2\/posts\/264024\/revisions\/264027"}],"wp:featuredmedia":[{"embeddable":true,"href":"https:\/\/paju.org\/fr\/wp-json\/wp\/v2\/media\/264021"}],"wp:attachment":[{"href":"https:\/\/paju.org\/fr\/wp-json\/wp\/v2\/media?parent=264024"}],"wp:term":[{"taxonomy":"category","embeddable":true,"href":"https:\/\/paju.org\/fr\/wp-json\/wp\/v2\/categories?post=264024"},{"taxonomy":"post_tag","embeddable":true,"href":"https:\/\/paju.org\/fr\/wp-json\/wp\/v2\/tags?post=264024"}],"curies":[{"name":"wp","href":"https:\/\/api.w.org\/{rel}","templated":true}]}}