{"id":2615,"date":"2020-05-01T07:52:00","date_gmt":"2020-05-01T07:52:00","guid":{"rendered":"http:\/\/paju.org\/?p=2615"},"modified":"2020-05-02T00:56:32","modified_gmt":"2020-05-02T00:56:32","slug":"end-of-occupation-no-1003","status":"publish","type":"post","link":"https:\/\/paju.org\/fr\/end-of-occupation-no-1003\/","title":{"rendered":"\u00ab End of Occupation \u00bb No 1003"},"content":{"rendered":"<h3>Palestinian children detained by Israel increases amid COVID-19 pandemic<\/h3>\n<p><strong>Ramallah, April 21, 2020\u2014<\/strong>The number of Palestinian child detainees in Israeli prisons and detention centers increased since January despite the <img loading=\"lazy\" decoding=\"async\" class=\" wp-image-2614 alignright\" src=\"http:\/\/paju.org\/wp-content\/uploads\/2020\/05\/1003.jpg\" alt=\"\" width=\"200\" height=\"133\">novel coronavirus pandemic (COVID-19) and widespread calls to decrease the number of people in custodial detention globally.<\/p>\n<p>At the end of March, 194 Palestinian children were detained in Israeli prisons and detention centers, an increase of six percent from January, according to data released by the Israel Prison Service (IPS). The IPS data from a headcount on March 31 shows that only 28 percent of Palestinian children in IPS custody were serving sentences. Over 60 percent (117 out of 194) of Palestinian child detainees were held in pre-trial custodial detention, according to IPS data. <!--more--><\/p>\n<p>\u201cIsraeli authorities must release all Palestinian child prisoners immediately,\u201d said Ayed Abu Eqtaish, Accountability Program director at DCIP. \u201cThe fact that Israeli forces continue to detain Palestinian children and hold the overwhelming majority in pretrial detention is unconscionable given the increased risk presented by COVID-19 to people deprived of their liberty.\u201d<\/p>\n<p>All 194 Palestinian child detainees were boys, including 164 children aged 16 or 17 years old and 30 children aged 14 and 15 years old. There were two children held in administrative detention, according to the IPS data.<\/p>\n<p>In March, DCIP called for the <a href=\"https:\/\/www.dci-palestine.org\/israel_must_release_all_palestinian_child_detainees_amid_covid_19_pandemic\">immediate release<\/a> of all Palestinian child detainees in Israeli prisons due to the rapid global spread of the novel coronavirus.<\/p>\n<p>Globally, the <a href=\"https:\/\/interagencystandingcommittee.org\/other\/iasc-interim-guidance-covid-19-focus-persons-deprived-their-liberty-developed-ohchr-and-who\">World Health Organization<\/a>, the <a href=\"https:\/\/www.ohchr.org\/EN\/NewsEvents\/Pages\/DisplayNews.aspx?NewsID=25745&amp;LangID=E\">Office of the United Nations High Commissioner for Human Rights<\/a>, and <a href=\"https:\/\/www.ohchr.org\/EN\/NewsEvents\/Pages\/DisplayNews.aspx?NewsID=25725&amp;LangID=E\">UN human rights experts<\/a> have all issued guidelines and statements highlighting the need to prevent the spread of COVID-19 in detention settings.<\/p>\n<p>UNICEF Executive Director Henrietta Fore issued a <a href=\"https:\/\/www.unicef.org\/press-releases\/children-detention-are-heightened-risk-contracting-covid-19-and-should-be-released\">statement<\/a> on April 13 highlighting that children in detention are at heightened risk of contracting COVID-19 and should be released. UNICEF also called for an immediate moratorium on new admissions of children to detention facilities.<\/p>\n<p>Palestinian children imprisoned by Israeli authorities live in close proximity to each other, often in compromised sanitary conditions, with limited access to resources to maintain minimum hygiene routines, according to documentation collected by DCIP. COVID-19\u2019s impact is exacerbated by these living conditions making Palestinian children in Israeli prisons and detention centers increasingly vulnerable.<\/p>\n<p>Israel has the dubious distinction of being the only country in the world that automatically and systematically detains and prosecutes children in military courts that lack fundamental fair trial rights and protections. Israel detains and prosecutes between 500 and 700 Palestinian children in military courts each year. Nearly three out of four Palestinian children detained by Israeli forces experiences some form of physical violence, according to documentation collected by DCIP.<\/p>\n<p><strong>Since 1967, Israel has operated two separate legal systems in the same territory. In the occupied West Bank, Israeli settlers are subject to the civilian and criminal legal system whereas Palestinians live under military law. No Israeli child comes into contact with the military courts.<\/strong><\/p>\n<p><strong>Israel ratified the UN Convention on the Rights of the Child (CRC) in 1991, obligating itself to implement the full range of rights and protections included in the treaty, including that the best interests of the child must be a primary consideration in all decisions affecting children.<\/strong> The CRC demands that children must only be detained as a measure of last resort, and obliges states to ensure and protect the right to life, survival, and development, as well as the right to health.<\/p>\n<p><strong>Adapted from:<\/strong> <a href=\"https:\/\/www.dci-palestine.org\/palestinian_children_detained_by_israel_increases_amid_covid_19_pandemic\">https:\/\/www.dci-palestine.org\/palestinian_children_detained_by_israel_increases_amid_covid_19_pandemic<\/a><\/p>\n<p><strong>See: <\/strong><a href=\"https:\/\/www.btselem.org\/statistics\/minors_in_custody\">https:\/\/www.btselem.org\/statistics\/minors_in_custody<\/a><\/p>\n<p><strong>Statistics on Palestinian minors in the custody of Israeli security forces<\/strong><\/p>\n<p><strong>See also:<\/strong> <a href=\"https:\/\/www.dci-palestine.org\/israel_must_release_all_palestinian_child_detainees_amid_covid_19_pandemic\">https:\/\/www.dci-palestine.org\/israel_must_release_all_palestinian_child_detainees_amid_covid_19_pandemic<\/a><\/p>\n<p><strong>Israel must release all Palestinian child detainees amid COVID-19 pandemic<\/strong><\/p>\n<p><strong>Distributed by PAJU (Palestinian and Jewish Unity)<\/strong><\/p>\n<p><strong><u>PAJUMONTREAL.ORG\/EN<\/u><\/strong><\/p>\n","protected":false},"excerpt":{"rendered":"<p>Palestinian children detained by Israel increases amid COVID-19 pandemic Ramallah, April 21, 2020\u2014The number of Palestinian child detainees in Israeli prisons and detention centers increased since January despite the novel [&hellip;]<\/p>\n","protected":false},"author":1,"featured_media":0,"comment_status":"closed","ping_status":"closed","sticky":false,"template":"","format":"standard","meta":{"_acf_changed":false,"_et_pb_use_builder":"","_et_pb_old_content":"","_et_gb_content_width":"","footnotes":""},"categories":[1,7],"tags":[],"class_list":["post-2615","post","type-post","status-publish","format-standard","hentry","category-bulletin","category-non-classifiee"],"acf":[],"yoast_head":"<!-- This site is optimized with the Yoast SEO plugin v27.5 - https:\/\/yoast.com\/product\/yoast-seo-wordpress\/ -->\n<title>\u00ab End of Occupation \u00bb No 1003 - PAJU<\/title>\n<meta name=\"robots\" content=\"index, follow, max-snippet:-1, max-image-preview:large, max-video-preview:-1\" \/>\n<link rel=\"canonical\" href=\"https:\/\/paju.org\/fr\/end-of-occupation-no-1003\/\" \/>\n<meta property=\"og:locale\" content=\"fr_FR\" \/>\n<meta property=\"og:type\" content=\"article\" \/>\n<meta property=\"og:title\" content=\"\u00ab End of Occupation \u00bb No 1003 - PAJU\" \/>\n<meta property=\"og:description\" content=\"Palestinian children detained by Israel increases amid COVID-19 pandemic Ramallah, April 21, 2020\u2014The number of Palestinian child detainees in Israeli prisons and detention centers increased since January despite the novel [&hellip;]\" \/>\n<meta property=\"og:site_name\" content=\"PAJU\" \/>\n<meta property=\"article:publisher\" content=\"https:\/\/www.facebook.com\/pajumontreal\" \/>\n<meta property=\"article:published_time\" content=\"2020-05-01T07:52:00+00:00\" \/>\n<meta property=\"article:modified_time\" content=\"2020-05-02T00:56:32+00:00\" \/>\n<meta property=\"og:image\" content=\"https:\/\/paju.org\/wp-content\/uploads\/2022\/02\/tract-picket.jpg\" \/>\n\t<meta property=\"og:image:width\" content=\"960\" \/>\n\t<meta property=\"og:image:height\" content=\"720\" \/>\n\t<meta property=\"og:image:type\" content=\"image\/jpeg\" \/>\n<meta name=\"author\" content=\"PAJU\" \/>\n<meta name=\"twitter:card\" content=\"summary_large_image\" \/>\n<meta name=\"twitter:label1\" content=\"\u00c9crit par\" \/>\n\t<meta name=\"twitter:data1\" content=\"PAJU\" \/>\n\t<meta name=\"twitter:label2\" content=\"Dur\u00e9e de lecture estim\u00e9e\" \/>\n\t<meta name=\"twitter:data2\" content=\"3 minutes\" \/>\n<script type=\"application\/ld+json\" class=\"yoast-schema-graph\">{\"@context\":\"https:\\\/\\\/schema.org\",\"@graph\":[{\"@type\":\"Article\",\"@id\":\"https:\\\/\\\/paju.org\\\/fr\\\/end-of-occupation-no-1003\\\/#article\",\"isPartOf\":{\"@id\":\"https:\\\/\\\/paju.org\\\/fr\\\/end-of-occupation-no-1003\\\/\"},\"author\":{\"name\":\"PAJU\",\"@id\":\"https:\\\/\\\/paju.org\\\/fr\\\/#\\\/schema\\\/person\\\/329c80ae8a3b11562a4f709eaa6ebfc6\"},\"headline\":\"\u00ab End of Occupation \u00bb No 1003\",\"datePublished\":\"2020-05-01T07:52:00+00:00\",\"dateModified\":\"2020-05-02T00:56:32+00:00\",\"mainEntityOfPage\":{\"@id\":\"https:\\\/\\\/paju.org\\\/fr\\\/end-of-occupation-no-1003\\\/\"},\"wordCount\":627,\"publisher\":{\"@id\":\"https:\\\/\\\/paju.org\\\/fr\\\/#organization\"},\"image\":{\"@id\":\"https:\\\/\\\/paju.org\\\/fr\\\/end-of-occupation-no-1003\\\/#primaryimage\"},\"thumbnailUrl\":\"http:\\\/\\\/paju.org\\\/wp-content\\\/uploads\\\/2020\\\/05\\\/1003.jpg\",\"articleSection\":[\"Bulletin\",\"Non classifi\u00e9(e)\"],\"inLanguage\":\"fr-FR\"},{\"@type\":\"WebPage\",\"@id\":\"https:\\\/\\\/paju.org\\\/fr\\\/end-of-occupation-no-1003\\\/\",\"url\":\"https:\\\/\\\/paju.org\\\/fr\\\/end-of-occupation-no-1003\\\/\",\"name\":\"\u00ab End of Occupation \u00bb No 1003 - PAJU\",\"isPartOf\":{\"@id\":\"https:\\\/\\\/paju.org\\\/fr\\\/#website\"},\"primaryImageOfPage\":{\"@id\":\"https:\\\/\\\/paju.org\\\/fr\\\/end-of-occupation-no-1003\\\/#primaryimage\"},\"image\":{\"@id\":\"https:\\\/\\\/paju.org\\\/fr\\\/end-of-occupation-no-1003\\\/#primaryimage\"},\"thumbnailUrl\":\"http:\\\/\\\/paju.org\\\/wp-content\\\/uploads\\\/2020\\\/05\\\/1003.jpg\",\"datePublished\":\"2020-05-01T07:52:00+00:00\",\"dateModified\":\"2020-05-02T00:56:32+00:00\",\"breadcrumb\":{\"@id\":\"https:\\\/\\\/paju.org\\\/fr\\\/end-of-occupation-no-1003\\\/#breadcrumb\"},\"inLanguage\":\"fr-FR\",\"potentialAction\":[{\"@type\":\"ReadAction\",\"target\":[\"https:\\\/\\\/paju.org\\\/fr\\\/end-of-occupation-no-1003\\\/\"]}]},{\"@type\":\"ImageObject\",\"inLanguage\":\"fr-FR\",\"@id\":\"https:\\\/\\\/paju.org\\\/fr\\\/end-of-occupation-no-1003\\\/#primaryimage\",\"url\":\"http:\\\/\\\/paju.org\\\/wp-content\\\/uploads\\\/2020\\\/05\\\/1003.jpg\",\"contentUrl\":\"http:\\\/\\\/paju.org\\\/wp-content\\\/uploads\\\/2020\\\/05\\\/1003.jpg\"},{\"@type\":\"BreadcrumbList\",\"@id\":\"https:\\\/\\\/paju.org\\\/fr\\\/end-of-occupation-no-1003\\\/#breadcrumb\",\"itemListElement\":[{\"@type\":\"ListItem\",\"position\":1,\"name\":\"Home\",\"item\":\"https:\\\/\\\/paju.org\\\/fr\\\/\"},{\"@type\":\"ListItem\",\"position\":2,\"name\":\"\u00ab End of Occupation \u00bb No 1003\"}]},{\"@type\":\"WebSite\",\"@id\":\"https:\\\/\\\/paju.org\\\/fr\\\/#website\",\"url\":\"https:\\\/\\\/paju.org\\\/fr\\\/\",\"name\":\"PAJU\",\"description\":\"\",\"publisher\":{\"@id\":\"https:\\\/\\\/paju.org\\\/fr\\\/#organization\"},\"potentialAction\":[{\"@type\":\"SearchAction\",\"target\":{\"@type\":\"EntryPoint\",\"urlTemplate\":\"https:\\\/\\\/paju.org\\\/fr\\\/?s={search_term_string}\"},\"query-input\":{\"@type\":\"PropertyValueSpecification\",\"valueRequired\":true,\"valueName\":\"search_term_string\"}}],\"inLanguage\":\"fr-FR\"},{\"@type\":\"Organization\",\"@id\":\"https:\\\/\\\/paju.org\\\/fr\\\/#organization\",\"name\":\"Palestinian and Jewish Unity\",\"url\":\"https:\\\/\\\/paju.org\\\/fr\\\/\",\"logo\":{\"@type\":\"ImageObject\",\"inLanguage\":\"fr-FR\",\"@id\":\"https:\\\/\\\/paju.org\\\/fr\\\/#\\\/schema\\\/logo\\\/image\\\/\",\"url\":\"https:\\\/\\\/paju.org\\\/wp-content\\\/uploads\\\/PAJU-Logo.png\",\"contentUrl\":\"https:\\\/\\\/paju.org\\\/wp-content\\\/uploads\\\/PAJU-Logo.png\",\"width\":696,\"height\":293,\"caption\":\"Palestinian and Jewish Unity\"},\"image\":{\"@id\":\"https:\\\/\\\/paju.org\\\/fr\\\/#\\\/schema\\\/logo\\\/image\\\/\"},\"sameAs\":[\"https:\\\/\\\/www.facebook.com\\\/pajumontreal\",\"https:\\\/\\\/www.instagram.com\\\/pajumontreal\\\/\"]},{\"@type\":\"Person\",\"@id\":\"https:\\\/\\\/paju.org\\\/fr\\\/#\\\/schema\\\/person\\\/329c80ae8a3b11562a4f709eaa6ebfc6\",\"name\":\"PAJU\",\"image\":{\"@type\":\"ImageObject\",\"inLanguage\":\"fr-FR\",\"@id\":\"https:\\\/\\\/secure.gravatar.com\\\/avatar\\\/add00ab44460a1b9b8dcff1854bb07dba0ac5e3135473daf39201d280ad20f18?s=96&d=mm&r=g\",\"url\":\"https:\\\/\\\/secure.gravatar.com\\\/avatar\\\/add00ab44460a1b9b8dcff1854bb07dba0ac5e3135473daf39201d280ad20f18?s=96&d=mm&r=g\",\"contentUrl\":\"https:\\\/\\\/secure.gravatar.com\\\/avatar\\\/add00ab44460a1b9b8dcff1854bb07dba0ac5e3135473daf39201d280ad20f18?s=96&d=mm&r=g\",\"caption\":\"PAJU\"},\"url\":\"https:\\\/\\\/paju.org\\\/fr\\\/author\\\/chadi\\\/\"}]}<\/script>\n<!-- \/ Yoast SEO plugin. -->","yoast_head_json":{"title":"\u00ab End of Occupation \u00bb No 1003 - PAJU","robots":{"index":"index","follow":"follow","max-snippet":"max-snippet:-1","max-image-preview":"max-image-preview:large","max-video-preview":"max-video-preview:-1"},"canonical":"https:\/\/paju.org\/fr\/end-of-occupation-no-1003\/","og_locale":"fr_FR","og_type":"article","og_title":"\u00ab End of Occupation \u00bb No 1003 - PAJU","og_description":"Palestinian children detained by Israel increases amid COVID-19 pandemic Ramallah, April 21, 2020\u2014The number of Palestinian child detainees in Israeli prisons and detention centers increased since January despite the novel [&hellip;]","og_site_name":"PAJU","article_publisher":"https:\/\/www.facebook.com\/pajumontreal","article_published_time":"2020-05-01T07:52:00+00:00","article_modified_time":"2020-05-02T00:56:32+00:00","og_image":[{"width":960,"height":720,"url":"https:\/\/paju.org\/wp-content\/uploads\/2022\/02\/tract-picket.jpg","type":"image\/jpeg"}],"author":"PAJU","twitter_card":"summary_large_image","twitter_misc":{"\u00c9crit par":"PAJU","Dur\u00e9e de lecture estim\u00e9e":"3 minutes"},"schema":{"@context":"https:\/\/schema.org","@graph":[{"@type":"Article","@id":"https:\/\/paju.org\/fr\/end-of-occupation-no-1003\/#article","isPartOf":{"@id":"https:\/\/paju.org\/fr\/end-of-occupation-no-1003\/"},"author":{"name":"PAJU","@id":"https:\/\/paju.org\/fr\/#\/schema\/person\/329c80ae8a3b11562a4f709eaa6ebfc6"},"headline":"\u00ab End of Occupation \u00bb No 1003","datePublished":"2020-05-01T07:52:00+00:00","dateModified":"2020-05-02T00:56:32+00:00","mainEntityOfPage":{"@id":"https:\/\/paju.org\/fr\/end-of-occupation-no-1003\/"},"wordCount":627,"publisher":{"@id":"https:\/\/paju.org\/fr\/#organization"},"image":{"@id":"https:\/\/paju.org\/fr\/end-of-occupation-no-1003\/#primaryimage"},"thumbnailUrl":"http:\/\/paju.org\/wp-content\/uploads\/2020\/05\/1003.jpg","articleSection":["Bulletin","Non classifi\u00e9(e)"],"inLanguage":"fr-FR"},{"@type":"WebPage","@id":"https:\/\/paju.org\/fr\/end-of-occupation-no-1003\/","url":"https:\/\/paju.org\/fr\/end-of-occupation-no-1003\/","name":"\u00ab End of Occupation \u00bb No 1003 - PAJU","isPartOf":{"@id":"https:\/\/paju.org\/fr\/#website"},"primaryImageOfPage":{"@id":"https:\/\/paju.org\/fr\/end-of-occupation-no-1003\/#primaryimage"},"image":{"@id":"https:\/\/paju.org\/fr\/end-of-occupation-no-1003\/#primaryimage"},"thumbnailUrl":"http:\/\/paju.org\/wp-content\/uploads\/2020\/05\/1003.jpg","datePublished":"2020-05-01T07:52:00+00:00","dateModified":"2020-05-02T00:56:32+00:00","breadcrumb":{"@id":"https:\/\/paju.org\/fr\/end-of-occupation-no-1003\/#breadcrumb"},"inLanguage":"fr-FR","potentialAction":[{"@type":"ReadAction","target":["https:\/\/paju.org\/fr\/end-of-occupation-no-1003\/"]}]},{"@type":"ImageObject","inLanguage":"fr-FR","@id":"https:\/\/paju.org\/fr\/end-of-occupation-no-1003\/#primaryimage","url":"http:\/\/paju.org\/wp-content\/uploads\/2020\/05\/1003.jpg","contentUrl":"http:\/\/paju.org\/wp-content\/uploads\/2020\/05\/1003.jpg"},{"@type":"BreadcrumbList","@id":"https:\/\/paju.org\/fr\/end-of-occupation-no-1003\/#breadcrumb","itemListElement":[{"@type":"ListItem","position":1,"name":"Home","item":"https:\/\/paju.org\/fr\/"},{"@type":"ListItem","position":2,"name":"\u00ab End of Occupation \u00bb No 1003"}]},{"@type":"WebSite","@id":"https:\/\/paju.org\/fr\/#website","url":"https:\/\/paju.org\/fr\/","name":"PAJU","description":"","publisher":{"@id":"https:\/\/paju.org\/fr\/#organization"},"potentialAction":[{"@type":"SearchAction","target":{"@type":"EntryPoint","urlTemplate":"https:\/\/paju.org\/fr\/?s={search_term_string}"},"query-input":{"@type":"PropertyValueSpecification","valueRequired":true,"valueName":"search_term_string"}}],"inLanguage":"fr-FR"},{"@type":"Organization","@id":"https:\/\/paju.org\/fr\/#organization","name":"Palestinian and Jewish Unity","url":"https:\/\/paju.org\/fr\/","logo":{"@type":"ImageObject","inLanguage":"fr-FR","@id":"https:\/\/paju.org\/fr\/#\/schema\/logo\/image\/","url":"https:\/\/paju.org\/wp-content\/uploads\/PAJU-Logo.png","contentUrl":"https:\/\/paju.org\/wp-content\/uploads\/PAJU-Logo.png","width":696,"height":293,"caption":"Palestinian and Jewish Unity"},"image":{"@id":"https:\/\/paju.org\/fr\/#\/schema\/logo\/image\/"},"sameAs":["https:\/\/www.facebook.com\/pajumontreal","https:\/\/www.instagram.com\/pajumontreal\/"]},{"@type":"Person","@id":"https:\/\/paju.org\/fr\/#\/schema\/person\/329c80ae8a3b11562a4f709eaa6ebfc6","name":"PAJU","image":{"@type":"ImageObject","inLanguage":"fr-FR","@id":"https:\/\/secure.gravatar.com\/avatar\/add00ab44460a1b9b8dcff1854bb07dba0ac5e3135473daf39201d280ad20f18?s=96&d=mm&r=g","url":"https:\/\/secure.gravatar.com\/avatar\/add00ab44460a1b9b8dcff1854bb07dba0ac5e3135473daf39201d280ad20f18?s=96&d=mm&r=g","contentUrl":"https:\/\/secure.gravatar.com\/avatar\/add00ab44460a1b9b8dcff1854bb07dba0ac5e3135473daf39201d280ad20f18?s=96&d=mm&r=g","caption":"PAJU"},"url":"https:\/\/paju.org\/fr\/author\/chadi\/"}]}},"_links":{"self":[{"href":"https:\/\/paju.org\/fr\/wp-json\/wp\/v2\/posts\/2615","targetHints":{"allow":["GET"]}}],"collection":[{"href":"https:\/\/paju.org\/fr\/wp-json\/wp\/v2\/posts"}],"about":[{"href":"https:\/\/paju.org\/fr\/wp-json\/wp\/v2\/types\/post"}],"author":[{"embeddable":true,"href":"https:\/\/paju.org\/fr\/wp-json\/wp\/v2\/users\/1"}],"replies":[{"embeddable":true,"href":"https:\/\/paju.org\/fr\/wp-json\/wp\/v2\/comments?post=2615"}],"version-history":[{"count":2,"href":"https:\/\/paju.org\/fr\/wp-json\/wp\/v2\/posts\/2615\/revisions"}],"predecessor-version":[{"id":2617,"href":"https:\/\/paju.org\/fr\/wp-json\/wp\/v2\/posts\/2615\/revisions\/2617"}],"wp:attachment":[{"href":"https:\/\/paju.org\/fr\/wp-json\/wp\/v2\/media?parent=2615"}],"wp:term":[{"taxonomy":"category","embeddable":true,"href":"https:\/\/paju.org\/fr\/wp-json\/wp\/v2\/categories?post=2615"},{"taxonomy":"post_tag","embeddable":true,"href":"https:\/\/paju.org\/fr\/wp-json\/wp\/v2\/tags?post=2615"}],"curies":[{"name":"wp","href":"https:\/\/api.w.org\/{rel}","templated":true}]}}