{"id":256865,"date":"2025-01-02T18:58:25","date_gmt":"2025-01-02T23:58:25","guid":{"rendered":"https:\/\/paju.org\/?p=256865"},"modified":"2025-01-02T19:07:14","modified_gmt":"2025-01-03T00:07:14","slug":"dauschwitz-a-gaza-avec-une-escale-a-la-haye","status":"publish","type":"post","link":"https:\/\/paju.org\/fr\/dauschwitz-a-gaza-avec-une-escale-a-la-haye\/","title":{"rendered":"D&#8217;Auschwitz \u00e0 Gaza, avec une escale \u00e0 La Haye"},"content":{"rendered":"\n<p>Benjamin Netanyahou ne se rendra pas en Pologne le mois prochain pour la c\u00e9r\u00e9monie principale marquant le 80e anniversaire de la lib\u00e9ration du camp de la mort d\u2019Auschwitz, par crainte d\u2019\u00eatre arr\u00eat\u00e9 sur la base du mandat d\u2019arr\u00eat \u00e9mis contre lui par la Cour p\u00e9nale internationale de La Haye.<\/p>\n\n\n\n<p>Cette ironie am\u00e8re et pas si subtile de l\u2019histoire offre une confluence surr\u00e9aliste qui \u00e9tait presque inimaginable jusqu\u2019\u00e0 pr\u00e9sent : il suffit d\u2019imaginer le Premier ministre atterrissant \u00e0 Cracovie, arrivant \u00e0 l\u2019entr\u00e9e principale d\u2019Auschwitz et se faisant arr\u00eater par la police polonaise \u00e0 la porte, sous le slogan \u00ab Arbeit macht frei \u00bb (\u00ab Le travail rend libre \u00bb) ; il suffit de consid\u00e9rer que de toutes les personnalit\u00e9s et de tous les pays, c\u2019est le Premier ministre d\u2019Isra\u00ebl qui est emp\u00each\u00e9 d\u2019assister \u00e0 la comm\u00e9moration des membres de son peuple en raison de la <a href=\"https:\/\/archive.md\/o\/G9JNu\/https:\/www.haaretz.com\/israel-news\/2024-11-21\/ty-article\/icc-issues-arrest-warrants-for-netanyahu-gallant-for-alleged-gaza-war-crimes\/00000193-4ea1-d68e-a1db-eea50b420000\">menace du droit international<\/a> qui plane sur sa t\u00eate. Le chancelier allemand, oui ; Netanyahou, non.<\/p>\n\n\n\n<p>Il y a 80 ans, quand Auschwitz a \u00e9t\u00e9 lib\u00e9r\u00e9, cela aurait pu para\u00eetre la plus folle des folies. Ce n\u2019est plus le cas aujourd\u2019hui.<\/p>\n\n\n\n<p>Il y a 80 ans, les Juifs avaient le choix entre deux h\u00e9ritages : plus jamais, les Juifs ne seront confront\u00e9s \u00e0 un danger similaire, ou plus jamais, personne au monde ne sera confront\u00e9 \u00e0 un danger similaire. Isra\u00ebl a clairement choisi la premi\u00e8re option, avec un ajout fatal : apr\u00e8s Auschwitz, les Juifs ont le droit de faire tout ce qu\u2019ils veulent.<\/p>\n\n\n\n<p>Isra\u00ebl a mis en \u0153uvre cette doctrine l\u2019ann\u00e9e derni\u00e8re comme jamais auparavant. Un Premier ministre qui a esquiv\u00e9 une c\u00e9r\u00e9monie \u00e0 Auschwitz en est peut-\u00eatre l\u2019illustration la plus flagrante. Le fait que de tous les endroits du monde, Auschwitz soit le premier o\u00f9 Netanyahou ait peur de se rendre, est un cri de symbolisme autant que de justice historique.<\/p>\n\n\n\n<p>D\u2019autres chefs d\u2019\u00c9tat seront pr\u00e9sents \u00e0 la c\u00e9r\u00e9monie, mais pas Netanyahou. Il est recherch\u00e9 par le tribunal \u2013 cr\u00e9\u00e9 \u00e0 la suite des \u00e9v\u00e9nements d\u2019Auschwitz \u2013 pour des crimes de guerre qui, \u00e0 une vitesse alarmante, ressemblent de plus en plus aux crimes d\u2019Auschwitz.<\/p>\n\n\n\n<p>La distance entre Auschwitz et Gaza, avec une escale \u00e0 La Haye, est toujours \u00e9norme, mais on ne peut plus pr\u00e9tendre que la comparaison est absurde.<\/p>\n\n\n\n<p>A la lecture du<a href=\"https:\/\/archive.md\/o\/G9JNu\/https:\/www.haaretz.com\/israel-news\/2024-12-18\/ty-article-magazine\/.premium\/idf-soldiers-expose-arbitrary-killings-and-rampant-lawlessness-in-gazas-netzarim-corridor\/00000193-da7f-de86-a9f3-fefff2e50000\"> rapport<\/a> cauchemardesque de Yaniv Kubovich sur ce qui se passe dans le couloir de la mort \u00e0 Netzarim, on se rend compte que cette distance se r\u00e9duit de jour en jour.<\/p>\n\n\n\n<p>Il a toujours \u00e9t\u00e9 tabou de comparer quoi que ce soit \u00e0 l\u2019Holocauste, et \u00e0 juste titre. Il n\u2019y a jamais eu rien de tel. Les pires crimes de l\u2019occupation sont p\u00e2les en comparaison des crimes d\u2019Auschwitz.<\/p>\n\n\n\n<p>De plus, cette comparaison a toujours laiss\u00e9 Isra\u00ebl blanc comme neige et ses accusateurs comme des antis\u00e9mites : apr\u00e8s tout, il n\u2019y a pas de camps de la mort \u00e0 Gaza, donc toute accusation peut \u00eatre facilement r\u00e9fut\u00e9e.<\/p>\n\n\n\n<p>Il n\u2019y a pas de camps de la mort, donc l\u2019arm\u00e9e isra\u00e9lienne est l\u2019arm\u00e9e la plus morale du monde. Il n\u2019y aura jamais de camps de la mort \u00e0 Gaza, et pourtant les comparaisons commencent \u00e0 crier sous les d\u00e9combres et les fosses communes.<\/p>\n\n\n\n<p>Quand les Palestiniens de Gaza savent que l\u00e0 o\u00f9 r\u00f4dent des meutes de chiens errants, il y a des cadavres humains d\u00e9vor\u00e9s par les chiens, les souvenirs de l\u2019Holocauste commencent \u00e0 faire surface.<\/p>\n\n\n\n<p>Quand dans la bande de Gaza occup\u00e9e il y a une ligne de mort imaginaire, et que quiconque la franchit est condamn\u00e9 \u00e0 mort, m\u00eame un enfant affam\u00e9 ou handicap\u00e9, le souvenir de l\u2019Holocauste commence \u00e0 murmurer.<\/p>\n\n\n\n<p>Et quand un nettoyage ethnique est men\u00e9 dans le nord de Gaza, suivi de signes \u00e9vidents de g\u00e9nocide dans toute la Bande, le souvenir de l\u2019Holocauste gronde d\u00e9j\u00e0.<\/p>\n\n\n\n<p>Le 7 octobre 2023 appara\u00eet de plus en plus comme un tournant fatidique pour Isra\u00ebl, bien plus qu\u2019il ne le semble actuellement, \u00e0 l\u2019image de sa pr\u00e9c\u00e9dente calamit\u00e9, la guerre de 1967, qui n\u2019a pas non plus \u00e9t\u00e9 diagnostiqu\u00e9e \u00e0 temps. Dans la guerre des Six Jours, Isra\u00ebl a perdu son humilit\u00e9, et le 7 octobre, il a perdu son humanit\u00e9. Dans les deux cas, les dommages sont irr\u00e9versibles.<\/p>\n\n\n\n<p>En attendant, nous devons consid\u00e9rer l\u2019\u00e9v\u00e9nement historique et en saisir la signification : une c\u00e9r\u00e9monie comm\u00e9morant le 80e anniversaire de la lib\u00e9ration d\u2019Auschwitz, les dirigeants mondiaux d\u00e9filent en silence, les derniers survivants marchent \u00e0 leurs c\u00f4t\u00e9s, et la place du Premier ministre de l\u2019\u00c9tat qui s\u2019est relev\u00e9 des cendres de l\u2019Holocauste est vacante.<\/p>\n\n\n\n<p>Elle est vacante parce que son \u00c9tat est devenu un paria, et parce qu\u2019il est recherch\u00e9 par le tribunal le plus respect\u00e9 qui juge les criminels de guerre. Il convient de lever un instant la t\u00eate du <a href=\"https:\/\/archive.md\/o\/G9JNu\/https:\/www.haaretz.com\/israel-news\/2024-12-20\/ty-article\/sara-netanyahu-instigated-protest-against-bereaved-israeli-family-correspondence-reveals\/00000193-e3cc-d684-a9db-efcc15e10000\">scandale<\/a> Hanni Bleiweiss et de l\u2019<a href=\"https:\/\/archive.md\/o\/G9JNu\/https:\/www.haaretz.com\/israel-news\/2024-11-24\/ty-article\/.premium\/netanyahus-rant-against-bibileaks-investigation-was-full-of-half-truths-and-inaccuracies\/00000193-5f54-df83-adb7-5ff7d2b60000\">affaire<\/a> Feldstein : Netanyahou ne sera pas \u00e0 Auschwitz, car il est recherch\u00e9 pour crimes de guerre.<\/p>\n\n\n\n<p>[https:\/\/www.haaretz.com\/opinion\/2024-12-23\/ty-article-opinion\/.premium\/from-auschwitz-to-gaza-with-a-stopover-in-the-hague\/00000193-ea88-d17a-a<\/p>\n\n\n\n<figure class=\"wp-block-embed is-type-wp-embed is-provider-one-democratic-state wp-block-embed-one-democratic-state\"><div class=\"wp-block-embed__wrapper\">\n<blockquote class=\"wp-embedded-content\" data-secret=\"MgiTEfFrSR\"><a href=\"https:\/\/onedemocraticstateca.wordpress.com\/2025\/01\/01\/3752\/\">From Auschwitz to Gaza, With a Stopover in The&nbsp;Hague<\/a><\/blockquote><iframe loading=\"lazy\" class=\"wp-embedded-content\" sandbox=\"allow-scripts\" security=\"restricted\" style=\"position: absolute; clip: rect(1px, 1px, 1px, 1px);\" title=\"&#8220;From Auschwitz to Gaza, With a Stopover in The&nbsp;Hague&#8221; &#8212; One Democratic State\" src=\"https:\/\/onedemocraticstateca.wordpress.com\/2025\/01\/01\/3752\/embed\/#?secret=jPOFRMNa4O#?secret=MgiTEfFrSR\" data-secret=\"MgiTEfFrSR\" width=\"600\" height=\"338\" frameborder=\"0\" marginwidth=\"0\" marginheight=\"0\" scrolling=\"no\"><\/iframe>\n<\/div><\/figure>\n\n\n\n<p><strong>Voir: <a href=\"https:\/\/www.icc-cpi.int\/fr\/defendant\/netanyahu\">https:\/\/www.icc-cpi.int\/fr\/defendant\/netanyahu<\/a><\/strong><\/p>\n","protected":false},"excerpt":{"rendered":"<p>Benjamin Netanyahou ne se rendra pas en Pologne le mois prochain pour la c\u00e9r\u00e9monie principale marquant le 80e anniversaire de la lib\u00e9ration du camp de la mort d\u2019Auschwitz, par crainte d\u2019\u00eatre arr\u00eat\u00e9 sur la base du mandat d\u2019arr\u00eat \u00e9mis contre lui par la Cour p\u00e9nale internationale de La Haye. <\/p>\n","protected":false},"author":4,"featured_media":256863,"comment_status":"closed","ping_status":"closed","sticky":false,"template":"","format":"standard","meta":{"_acf_changed":false,"_et_pb_use_builder":"","_et_pb_old_content":"","_et_gb_content_width":"","footnotes":""},"categories":[94],"tags":[],"class_list":["post-256865","post","type-post","status-publish","format-standard","has-post-thumbnail","hentry","category-bulletin-fr"],"acf":[],"yoast_head":"<!-- This site is optimized with the Yoast SEO plugin v25.8 - https:\/\/yoast.com\/wordpress\/plugins\/seo\/ -->\n<title>D&#039;Auschwitz \u00e0 Gaza, avec une escale \u00e0 La Haye - PAJU<\/title>\n<meta name=\"description\" content=\"Benjamin Netanyahou ne se rendra pas en Pologne le mois prochain pour la c\u00e9r\u00e9monie principale marquant le 80e anniversaire de la lib\u00e9ration du camp de la mort d\u2019Auschwitz, par crainte d\u2019\u00eatre arr\u00eat\u00e9 sur la base du mandat d\u2019arr\u00eat \u00e9mis contre lui par la Cour p\u00e9nale internationale de La Haye.\" \/>\n<meta name=\"robots\" content=\"index, follow, max-snippet:-1, max-image-preview:large, max-video-preview:-1\" \/>\n<link rel=\"canonical\" href=\"https:\/\/paju.org\/fr\/dauschwitz-a-gaza-avec-une-escale-a-la-haye\/\" \/>\n<meta property=\"og:locale\" content=\"fr_FR\" \/>\n<meta property=\"og:type\" content=\"article\" \/>\n<meta property=\"og:title\" content=\"D&#039;Auschwitz \u00e0 Gaza, avec une escale \u00e0 La Haye - PAJU\" \/>\n<meta property=\"og:description\" content=\"Benjamin Netanyahou ne se rendra pas en Pologne le mois prochain pour la c\u00e9r\u00e9monie principale marquant le 80e anniversaire de la lib\u00e9ration du camp de la mort d\u2019Auschwitz, par crainte d\u2019\u00eatre arr\u00eat\u00e9 sur la base du mandat d\u2019arr\u00eat \u00e9mis contre lui par la Cour p\u00e9nale internationale de La Haye.\" \/>\n<meta property=\"og:site_name\" content=\"PAJU\" \/>\n<meta property=\"article:publisher\" content=\"https:\/\/www.facebook.com\/pajumontreal\" \/>\n<meta property=\"article:published_time\" content=\"2025-01-02T23:58:25+00:00\" \/>\n<meta property=\"article:modified_time\" content=\"2025-01-03T00:07:14+00:00\" \/>\n<meta property=\"og:image\" content=\"https:\/\/paju.org\/wp-content\/uploads\/GettyImages-2162694747.jpg\" \/>\n\t<meta property=\"og:image:width\" content=\"1440\" \/>\n\t<meta property=\"og:image:height\" content=\"907\" \/>\n\t<meta property=\"og:image:type\" content=\"image\/jpeg\" \/>\n<meta name=\"author\" content=\"Bruce Katz\" \/>\n<meta name=\"twitter:card\" content=\"summary_large_image\" \/>\n<meta name=\"twitter:label1\" content=\"\u00c9crit par\" \/>\n\t<meta name=\"twitter:data1\" content=\"Bruce Katz\" \/>\n\t<meta name=\"twitter:label2\" content=\"Dur\u00e9e de lecture estim\u00e9e\" \/>\n\t<meta name=\"twitter:data2\" content=\"4 minutes\" \/>\n<script type=\"application\/ld+json\" class=\"yoast-schema-graph\">{\"@context\":\"https:\/\/schema.org\",\"@graph\":[{\"@type\":\"Article\",\"@id\":\"https:\/\/paju.org\/fr\/dauschwitz-a-gaza-avec-une-escale-a-la-haye\/#article\",\"isPartOf\":{\"@id\":\"https:\/\/paju.org\/fr\/dauschwitz-a-gaza-avec-une-escale-a-la-haye\/\"},\"author\":{\"name\":\"Bruce Katz\",\"@id\":\"https:\/\/paju.org\/fr\/#\/schema\/person\/6d8aed1579a1f4a97e1c552a5f2a891d\"},\"headline\":\"D&#8217;Auschwitz \u00e0 Gaza, avec une escale \u00e0 La Haye\",\"datePublished\":\"2025-01-02T23:58:25+00:00\",\"dateModified\":\"2025-01-03T00:07:14+00:00\",\"mainEntityOfPage\":{\"@id\":\"https:\/\/paju.org\/fr\/dauschwitz-a-gaza-avec-une-escale-a-la-haye\/\"},\"wordCount\":910,\"publisher\":{\"@id\":\"https:\/\/paju.org\/fr\/#organization\"},\"image\":{\"@id\":\"https:\/\/paju.org\/fr\/dauschwitz-a-gaza-avec-une-escale-a-la-haye\/#primaryimage\"},\"thumbnailUrl\":\"https:\/\/paju.org\/wp-content\/uploads\/GettyImages-2162694747.jpg\",\"articleSection\":[\"Notre bulletin\"],\"inLanguage\":\"fr-FR\"},{\"@type\":\"WebPage\",\"@id\":\"https:\/\/paju.org\/fr\/dauschwitz-a-gaza-avec-une-escale-a-la-haye\/\",\"url\":\"https:\/\/paju.org\/fr\/dauschwitz-a-gaza-avec-une-escale-a-la-haye\/\",\"name\":\"D'Auschwitz \u00e0 Gaza, avec une escale \u00e0 La Haye - PAJU\",\"isPartOf\":{\"@id\":\"https:\/\/paju.org\/fr\/#website\"},\"primaryImageOfPage\":{\"@id\":\"https:\/\/paju.org\/fr\/dauschwitz-a-gaza-avec-une-escale-a-la-haye\/#primaryimage\"},\"image\":{\"@id\":\"https:\/\/paju.org\/fr\/dauschwitz-a-gaza-avec-une-escale-a-la-haye\/#primaryimage\"},\"thumbnailUrl\":\"https:\/\/paju.org\/wp-content\/uploads\/GettyImages-2162694747.jpg\",\"datePublished\":\"2025-01-02T23:58:25+00:00\",\"dateModified\":\"2025-01-03T00:07:14+00:00\",\"description\":\"Benjamin Netanyahou ne se rendra pas en Pologne le mois prochain pour la c\u00e9r\u00e9monie principale marquant le 80e anniversaire de la lib\u00e9ration du camp de la mort d\u2019Auschwitz, par crainte d\u2019\u00eatre arr\u00eat\u00e9 sur la base du mandat d\u2019arr\u00eat \u00e9mis contre lui par la Cour p\u00e9nale internationale de La Haye.\",\"breadcrumb\":{\"@id\":\"https:\/\/paju.org\/fr\/dauschwitz-a-gaza-avec-une-escale-a-la-haye\/#breadcrumb\"},\"inLanguage\":\"fr-FR\",\"potentialAction\":[{\"@type\":\"ReadAction\",\"target\":[\"https:\/\/paju.org\/fr\/dauschwitz-a-gaza-avec-une-escale-a-la-haye\/\"]}]},{\"@type\":\"ImageObject\",\"inLanguage\":\"fr-FR\",\"@id\":\"https:\/\/paju.org\/fr\/dauschwitz-a-gaza-avec-une-escale-a-la-haye\/#primaryimage\",\"url\":\"https:\/\/paju.org\/wp-content\/uploads\/GettyImages-2162694747.jpg\",\"contentUrl\":\"https:\/\/paju.org\/wp-content\/uploads\/GettyImages-2162694747.jpg\",\"width\":1440,\"height\":907},{\"@type\":\"BreadcrumbList\",\"@id\":\"https:\/\/paju.org\/fr\/dauschwitz-a-gaza-avec-une-escale-a-la-haye\/#breadcrumb\",\"itemListElement\":[{\"@type\":\"ListItem\",\"position\":1,\"name\":\"Home\",\"item\":\"https:\/\/paju.org\/fr\/\"},{\"@type\":\"ListItem\",\"position\":2,\"name\":\"D&#8217;Auschwitz \u00e0 Gaza, avec une escale \u00e0 La Haye\"}]},{\"@type\":\"WebSite\",\"@id\":\"https:\/\/paju.org\/fr\/#website\",\"url\":\"https:\/\/paju.org\/fr\/\",\"name\":\"PAJU\",\"description\":\"\",\"publisher\":{\"@id\":\"https:\/\/paju.org\/fr\/#organization\"},\"potentialAction\":[{\"@type\":\"SearchAction\",\"target\":{\"@type\":\"EntryPoint\",\"urlTemplate\":\"https:\/\/paju.org\/fr\/?s={search_term_string}\"},\"query-input\":{\"@type\":\"PropertyValueSpecification\",\"valueRequired\":true,\"valueName\":\"search_term_string\"}}],\"inLanguage\":\"fr-FR\"},{\"@type\":\"Organization\",\"@id\":\"https:\/\/paju.org\/fr\/#organization\",\"name\":\"Palestinian and Jewish Unity\",\"url\":\"https:\/\/paju.org\/fr\/\",\"logo\":{\"@type\":\"ImageObject\",\"inLanguage\":\"fr-FR\",\"@id\":\"https:\/\/paju.org\/fr\/#\/schema\/logo\/image\/\",\"url\":\"https:\/\/paju.org\/wp-content\/uploads\/PAJU-Logo.png\",\"contentUrl\":\"https:\/\/paju.org\/wp-content\/uploads\/PAJU-Logo.png\",\"width\":696,\"height\":293,\"caption\":\"Palestinian and Jewish Unity\"},\"image\":{\"@id\":\"https:\/\/paju.org\/fr\/#\/schema\/logo\/image\/\"},\"sameAs\":[\"https:\/\/www.facebook.com\/pajumontreal\",\"https:\/\/www.instagram.com\/pajumontreal\/\"]},{\"@type\":\"Person\",\"@id\":\"https:\/\/paju.org\/fr\/#\/schema\/person\/6d8aed1579a1f4a97e1c552a5f2a891d\",\"name\":\"Bruce Katz\",\"image\":{\"@type\":\"ImageObject\",\"inLanguage\":\"fr-FR\",\"@id\":\"https:\/\/paju.org\/fr\/#\/schema\/person\/image\/\",\"url\":\"https:\/\/secure.gravatar.com\/avatar\/4c65b2117dbb672d0bda009f0367a4721c9271f1f68b1747fb53d7333079d0f1?s=96&d=mm&r=g\",\"contentUrl\":\"https:\/\/secure.gravatar.com\/avatar\/4c65b2117dbb672d0bda009f0367a4721c9271f1f68b1747fb53d7333079d0f1?s=96&d=mm&r=g\",\"caption\":\"Bruce Katz\"},\"url\":\"https:\/\/paju.org\/fr\/author\/chadi\/\"}]}<\/script>\n<!-- \/ Yoast SEO plugin. -->","yoast_head_json":{"title":"D'Auschwitz \u00e0 Gaza, avec une escale \u00e0 La Haye - PAJU","description":"Benjamin Netanyahou ne se rendra pas en Pologne le mois prochain pour la c\u00e9r\u00e9monie principale marquant le 80e anniversaire de la lib\u00e9ration du camp de la mort d\u2019Auschwitz, par crainte d\u2019\u00eatre arr\u00eat\u00e9 sur la base du mandat d\u2019arr\u00eat \u00e9mis contre lui par la Cour p\u00e9nale internationale de La Haye.","robots":{"index":"index","follow":"follow","max-snippet":"max-snippet:-1","max-image-preview":"max-image-preview:large","max-video-preview":"max-video-preview:-1"},"canonical":"https:\/\/paju.org\/fr\/dauschwitz-a-gaza-avec-une-escale-a-la-haye\/","og_locale":"fr_FR","og_type":"article","og_title":"D'Auschwitz \u00e0 Gaza, avec une escale \u00e0 La Haye - PAJU","og_description":"Benjamin Netanyahou ne se rendra pas en Pologne le mois prochain pour la c\u00e9r\u00e9monie principale marquant le 80e anniversaire de la lib\u00e9ration du camp de la mort d\u2019Auschwitz, par crainte d\u2019\u00eatre arr\u00eat\u00e9 sur la base du mandat d\u2019arr\u00eat \u00e9mis contre lui par la Cour p\u00e9nale internationale de La Haye.","og_site_name":"PAJU","article_publisher":"https:\/\/www.facebook.com\/pajumontreal","article_published_time":"2025-01-02T23:58:25+00:00","article_modified_time":"2025-01-03T00:07:14+00:00","og_image":[{"width":1440,"height":907,"url":"https:\/\/paju.org\/wp-content\/uploads\/GettyImages-2162694747.jpg","type":"image\/jpeg"}],"author":"Bruce Katz","twitter_card":"summary_large_image","twitter_misc":{"\u00c9crit par":"Bruce Katz","Dur\u00e9e de lecture estim\u00e9e":"4 minutes"},"schema":{"@context":"https:\/\/schema.org","@graph":[{"@type":"Article","@id":"https:\/\/paju.org\/fr\/dauschwitz-a-gaza-avec-une-escale-a-la-haye\/#article","isPartOf":{"@id":"https:\/\/paju.org\/fr\/dauschwitz-a-gaza-avec-une-escale-a-la-haye\/"},"author":{"name":"Bruce Katz","@id":"https:\/\/paju.org\/fr\/#\/schema\/person\/6d8aed1579a1f4a97e1c552a5f2a891d"},"headline":"D&#8217;Auschwitz \u00e0 Gaza, avec une escale \u00e0 La Haye","datePublished":"2025-01-02T23:58:25+00:00","dateModified":"2025-01-03T00:07:14+00:00","mainEntityOfPage":{"@id":"https:\/\/paju.org\/fr\/dauschwitz-a-gaza-avec-une-escale-a-la-haye\/"},"wordCount":910,"publisher":{"@id":"https:\/\/paju.org\/fr\/#organization"},"image":{"@id":"https:\/\/paju.org\/fr\/dauschwitz-a-gaza-avec-une-escale-a-la-haye\/#primaryimage"},"thumbnailUrl":"https:\/\/paju.org\/wp-content\/uploads\/GettyImages-2162694747.jpg","articleSection":["Notre bulletin"],"inLanguage":"fr-FR"},{"@type":"WebPage","@id":"https:\/\/paju.org\/fr\/dauschwitz-a-gaza-avec-une-escale-a-la-haye\/","url":"https:\/\/paju.org\/fr\/dauschwitz-a-gaza-avec-une-escale-a-la-haye\/","name":"D'Auschwitz \u00e0 Gaza, avec une escale \u00e0 La Haye - PAJU","isPartOf":{"@id":"https:\/\/paju.org\/fr\/#website"},"primaryImageOfPage":{"@id":"https:\/\/paju.org\/fr\/dauschwitz-a-gaza-avec-une-escale-a-la-haye\/#primaryimage"},"image":{"@id":"https:\/\/paju.org\/fr\/dauschwitz-a-gaza-avec-une-escale-a-la-haye\/#primaryimage"},"thumbnailUrl":"https:\/\/paju.org\/wp-content\/uploads\/GettyImages-2162694747.jpg","datePublished":"2025-01-02T23:58:25+00:00","dateModified":"2025-01-03T00:07:14+00:00","description":"Benjamin Netanyahou ne se rendra pas en Pologne le mois prochain pour la c\u00e9r\u00e9monie principale marquant le 80e anniversaire de la lib\u00e9ration du camp de la mort d\u2019Auschwitz, par crainte d\u2019\u00eatre arr\u00eat\u00e9 sur la base du mandat d\u2019arr\u00eat \u00e9mis contre lui par la Cour p\u00e9nale internationale de La Haye.","breadcrumb":{"@id":"https:\/\/paju.org\/fr\/dauschwitz-a-gaza-avec-une-escale-a-la-haye\/#breadcrumb"},"inLanguage":"fr-FR","potentialAction":[{"@type":"ReadAction","target":["https:\/\/paju.org\/fr\/dauschwitz-a-gaza-avec-une-escale-a-la-haye\/"]}]},{"@type":"ImageObject","inLanguage":"fr-FR","@id":"https:\/\/paju.org\/fr\/dauschwitz-a-gaza-avec-une-escale-a-la-haye\/#primaryimage","url":"https:\/\/paju.org\/wp-content\/uploads\/GettyImages-2162694747.jpg","contentUrl":"https:\/\/paju.org\/wp-content\/uploads\/GettyImages-2162694747.jpg","width":1440,"height":907},{"@type":"BreadcrumbList","@id":"https:\/\/paju.org\/fr\/dauschwitz-a-gaza-avec-une-escale-a-la-haye\/#breadcrumb","itemListElement":[{"@type":"ListItem","position":1,"name":"Home","item":"https:\/\/paju.org\/fr\/"},{"@type":"ListItem","position":2,"name":"D&#8217;Auschwitz \u00e0 Gaza, avec une escale \u00e0 La Haye"}]},{"@type":"WebSite","@id":"https:\/\/paju.org\/fr\/#website","url":"https:\/\/paju.org\/fr\/","name":"PAJU","description":"","publisher":{"@id":"https:\/\/paju.org\/fr\/#organization"},"potentialAction":[{"@type":"SearchAction","target":{"@type":"EntryPoint","urlTemplate":"https:\/\/paju.org\/fr\/?s={search_term_string}"},"query-input":{"@type":"PropertyValueSpecification","valueRequired":true,"valueName":"search_term_string"}}],"inLanguage":"fr-FR"},{"@type":"Organization","@id":"https:\/\/paju.org\/fr\/#organization","name":"Palestinian and Jewish Unity","url":"https:\/\/paju.org\/fr\/","logo":{"@type":"ImageObject","inLanguage":"fr-FR","@id":"https:\/\/paju.org\/fr\/#\/schema\/logo\/image\/","url":"https:\/\/paju.org\/wp-content\/uploads\/PAJU-Logo.png","contentUrl":"https:\/\/paju.org\/wp-content\/uploads\/PAJU-Logo.png","width":696,"height":293,"caption":"Palestinian and Jewish Unity"},"image":{"@id":"https:\/\/paju.org\/fr\/#\/schema\/logo\/image\/"},"sameAs":["https:\/\/www.facebook.com\/pajumontreal","https:\/\/www.instagram.com\/pajumontreal\/"]},{"@type":"Person","@id":"https:\/\/paju.org\/fr\/#\/schema\/person\/6d8aed1579a1f4a97e1c552a5f2a891d","name":"Bruce Katz","image":{"@type":"ImageObject","inLanguage":"fr-FR","@id":"https:\/\/paju.org\/fr\/#\/schema\/person\/image\/","url":"https:\/\/secure.gravatar.com\/avatar\/4c65b2117dbb672d0bda009f0367a4721c9271f1f68b1747fb53d7333079d0f1?s=96&d=mm&r=g","contentUrl":"https:\/\/secure.gravatar.com\/avatar\/4c65b2117dbb672d0bda009f0367a4721c9271f1f68b1747fb53d7333079d0f1?s=96&d=mm&r=g","caption":"Bruce Katz"},"url":"https:\/\/paju.org\/fr\/author\/chadi\/"}]}},"_links":{"self":[{"href":"https:\/\/paju.org\/fr\/wp-json\/wp\/v2\/posts\/256865","targetHints":{"allow":["GET"]}}],"collection":[{"href":"https:\/\/paju.org\/fr\/wp-json\/wp\/v2\/posts"}],"about":[{"href":"https:\/\/paju.org\/fr\/wp-json\/wp\/v2\/types\/post"}],"author":[{"embeddable":true,"href":"https:\/\/paju.org\/fr\/wp-json\/wp\/v2\/users\/4"}],"replies":[{"embeddable":true,"href":"https:\/\/paju.org\/fr\/wp-json\/wp\/v2\/comments?post=256865"}],"version-history":[{"count":1,"href":"https:\/\/paju.org\/fr\/wp-json\/wp\/v2\/posts\/256865\/revisions"}],"predecessor-version":[{"id":256867,"href":"https:\/\/paju.org\/fr\/wp-json\/wp\/v2\/posts\/256865\/revisions\/256867"}],"wp:featuredmedia":[{"embeddable":true,"href":"https:\/\/paju.org\/fr\/wp-json\/wp\/v2\/media\/256863"}],"wp:attachment":[{"href":"https:\/\/paju.org\/fr\/wp-json\/wp\/v2\/media?parent=256865"}],"wp:term":[{"taxonomy":"category","embeddable":true,"href":"https:\/\/paju.org\/fr\/wp-json\/wp\/v2\/categories?post=256865"},{"taxonomy":"post_tag","embeddable":true,"href":"https:\/\/paju.org\/fr\/wp-json\/wp\/v2\/tags?post=256865"}],"curies":[{"name":"wp","href":"https:\/\/api.w.org\/{rel}","templated":true}]}}