{"id":255711,"date":"2024-10-10T17:54:07","date_gmt":"2024-10-10T21:54:07","guid":{"rendered":"https:\/\/paju.org\/?p=255711"},"modified":"2024-10-10T18:04:32","modified_gmt":"2024-10-10T22:04:32","slug":"israel-apres-le-7-octobre-entre-decolonisation-et-desintegration","status":"publish","type":"post","link":"https:\/\/paju.org\/fr\/israel-apres-le-7-octobre-entre-decolonisation-et-desintegration\/","title":{"rendered":"Isra\u00ebl apr\u00e8s le 7 octobre : entre d\u00e9colonisation et d\u00e9sint\u00e9gration"},"content":{"rendered":"\n<p><strong><em>Traduit de l\u2019anglais par PAJU<\/em><\/strong><\/p>\n\n\n\n<p>Une ann\u00e9e s\u2019est \u00e9coul\u00e9e depuis le 7 octobre 2023, et il est temps de d\u00e9terminer si nous avons une meilleure compr\u00e9hension de cet \u00e9v\u00e9nement monumental et de tout ce qui l\u2019a suivi.<\/p>\n\n\n\n<p>Pour les historiens comme moi, une ann\u00e9e ne suffit g\u00e9n\u00e9ralement pas pour tirer des conclusions significatives. Cependant, ce qui s\u2019est pass\u00e9 au cours des 12 derniers mois s\u2019inscrit dans un contexte historique beaucoup plus large, qui remonte au moins \u00e0 1948, et je dirais m\u00eame aux d\u00e9buts de la colonisation sioniste en Palestine \u00e0 la fin du XIXe si\u00e8cle.<\/p>\n\n\n\n<p>Par cons\u00e9quent, ce que nous pouvons faire en tant qu\u2019historiens, c\u2019est placer l\u2019ann\u00e9e \u00e9coul\u00e9e dans le cadre des processus \u00e0 long terme qui se sont d\u00e9roul\u00e9s dans la Palestine historique depuis 1882. Je vais explorer deux des plus importants.<\/p>\n\n\n\n<p><strong><em>Colonisation et d\u00e9colonisation<\/em><\/strong><\/p>\n\n\n\n<p>Le premier processus est la colonisation et son contraire, la d\u00e9colonisation. Les actions isra\u00e9liennes dans la bande de Gaza et en Cisjordanie occup\u00e9e l\u2019ann\u00e9e derni\u00e8re ont donn\u00e9 une nouvelle cr\u00e9dibilit\u00e9 \u00e0 l\u2019utilisation de ces deux termes. Ils sont pass\u00e9s du vocabulaire des militants et des universitaires du mouvement pro-palestinien au travail des tribunaux internationaux comme la Cour internationale de justice.<\/p>\n\n\n\n<p>Les universitaires et les m\u00e9dias traditionnels refusent toujours de d\u00e9finir le projet sioniste comme un projet colonial, ou plus pr\u00e9cis\u00e9ment comme un projet colonial de peuplement. Cependant, alors qu\u2019Isra\u00ebl intensifie la colonisation de la Palestine l\u2019ann\u00e9e prochaine, cela pourrait inciter davantage d\u2019individus et d\u2019institutions \u00e0 pr\u00e9senter la r\u00e9alit\u00e9 en Palestine comme coloniale et la lutte palestinienne comme anticoloniale et \u00e0 se d\u00e9barrasser des clich\u00e9s sur le terrorisme et les n\u00e9gociations de paix.<\/p>\n\n\n\n<p>En effet, il est temps d\u2019arr\u00eater d\u2019utiliser le langage trompeur v\u00e9hicul\u00e9 par les m\u00e9dias am\u00e9ricains et occidentaux, comme \u00ab groupe terroriste soutenu par l\u2019Iran Hamas \u00bb ou \u00ab processus de paix \u00bb, et de parler plut\u00f4t de r\u00e9sistance palestinienne et de d\u00e9colonisation de la Palestine du fleuve \u00e0 la mer.<\/p>\n\n\n\n<p>Ce qui va aider dans cette entreprise, c\u2019est le discr\u00e9dit croissant des m\u00e9dias occidentaux en tant que source cr\u00e9dible d\u2019analyse et d\u2019information. Aujourd\u2019hui, les dirigeants des m\u00e9dias se battent bec et ongles contre tout changement de langage, mais ils finiront par regretter qu\u2019ils se soient plac\u00e9s du mauvais c\u00f4t\u00e9 de l\u2019histoire.<\/p>\n\n\n\n<p>Ce changement de discours est important car il a le potentiel d\u2019affecter la politique \u2013 plus particuli\u00e8rement la politique du Parti d\u00e9mocrate aux \u00c9tats-Unis. Les d\u00e9mocrates les plus progressistes ont d\u00e9j\u00e0 adopt\u00e9 un langage et une pr\u00e9sentation plus pr\u00e9cis de ce qui se passe en Palestine.<\/p>\n\n\n\n<p>Reste \u00e0 savoir si cela suffira \u00e0 provoquer un changement dans l\u2019administration d\u00e9mocrate si Kamala Harris remporte les \u00e9lections. Mais je ne suis pas optimiste quant \u00e0 un tel changement \u00e0 moins que les processus d\u2019implosion sociale en Isra\u00ebl, sa vuln\u00e9rabilit\u00e9 \u00e9conomique croissante et son isolement international ne mettent un terme aux efforts creux des d\u00e9mocrates pour ressusciter le \u00ab processus de paix \u00bb mort.<\/p>\n\n\n\n<p>Si Donald Trump gagne, la prochaine administration am\u00e9ricaine sera au mieux la m\u00eame que l\u2019actuelle ou, au pire, elle accordera ouvertement carte blanche \u00e0 Isra\u00ebl.<\/p>\n\n\n\n<p>Quelle que soit l\u2019issue des \u00e9lections am\u00e9ricaines du mois prochain, une chose restera vraie : tant que ces deux concepts de colonisation et de d\u00e9colonisation seront ignor\u00e9s par ceux qui ont le pouvoir de mettre un terme au g\u00e9nocide \u00e0 Gaza et \u00e0 l\u2019aventurisme isra\u00e9lien ailleurs, il y a peu d\u2019espoir de pacifier la r\u00e9gion dans son ensemble.<\/p>\n\n\n\n<p><strong><em>La d\u00e9sint\u00e9gration d\u2019Isra\u00ebl<\/em><\/strong><\/p>\n\n\n\n<p>Le deuxi\u00e8me processus qui a fait surface avec force au cours de cette derni\u00e8re ann\u00e9e a \u00e9t\u00e9 la d\u00e9sint\u00e9gration d\u2019Isra\u00ebl et l\u2019effondrement possible du projet sioniste.<\/p>\n\n\n\n<p>L\u2019id\u00e9e sioniste originelle d\u2019implanter un \u00c9tat juif europ\u00e9en au c\u0153ur du monde arabe en d\u00e9poss\u00e9dant les Palestiniens \u00e9tait illogique, immorale et irr\u00e9aliste d\u00e8s le d\u00e9part.<\/p>\n\n\n\n<p>Elle a tenu bon pendant tant d\u2019ann\u00e9es parce qu\u2019elle a servi une alliance tr\u00e8s puissante qui, pour des raisons religieuses, imp\u00e9rialistes et \u00e9conomiques, a consid\u00e9r\u00e9 qu\u2019un tel \u00c9tat r\u00e9pondait aux objectifs id\u00e9ologiques ou strat\u00e9giques de quiconque faisait partie de cette alliance, m\u00eame si parfois ces int\u00e9r\u00eats se contredisaient.<\/p>\n\n\n\n<p>Le projet de l\u2019alliance de r\u00e9soudre un probl\u00e8me europ\u00e9en de racisme par la colonisation et l\u2019imp\u00e9rialisme au c\u0153ur du monde arabe entre dans son moment de v\u00e9rit\u00e9.<\/p>\n\n\n\n<p>Sur le plan \u00e9conomique, un Isra\u00ebl engag\u00e9 non pas dans une guerre br\u00e8ve et victorieuse comme par le pass\u00e9, mais dans une guerre longue avec peu de chances de victoire totale, n\u2019est pas propice aux investissements internationaux et aux aubaines \u00e9conomiques.<\/p>\n\n\n\n<p>Sur le plan politique, un Isra\u00ebl qui commet un g\u00e9nocide n\u2019est plus aussi attrayant pour les Juifs, en particulier pour ceux qui croient que leur avenir en tant que groupe religieux ou culturel ne d\u00e9pend pas d\u2019un \u00c9tat juif et qu\u2019il pourrait m\u00eame \u00eatre plus s\u00fbr sans lui.<\/p>\n\n\n\n<p>Les gouvernements actuels font toujours partie de l\u2019alliance, mais leur adh\u00e9sion d\u00e9pend de l\u2019avenir de la politique dans son ensemble. Je veux dire par l\u00e0 que les \u00e9v\u00e9nements catastrophiques de l\u2019ann\u00e9e derni\u00e8re en Palestine, ainsi que le r\u00e9chauffement climatique, la crise de l\u2019immigration, la pauvret\u00e9 croissante et l\u2019instabilit\u00e9 dans de nombreuses r\u00e9gions du monde ont r\u00e9v\u00e9l\u00e9 \u00e0 quel point de nombreuses \u00e9lites politiques sont \u00e9loign\u00e9es des aspirations, des pr\u00e9occupations et des besoins \u00e9l\u00e9mentaires de leurs peuples.<\/p>\n\n\n\n<p>Cette indiff\u00e9rence et cette distance seront remises en question et chaque fois qu\u2019elles seront combattues avec succ\u00e8s, la coalition qui soutient la colonisation isra\u00e9lienne de la Palestine sera affaiblie.<\/p>\n\n\n\n<p>Ce que nous n\u2019avons pas vu au cours de l\u2019ann\u00e9e \u00e9coul\u00e9e, c\u2019est l\u2019\u00e9mergence d\u2019un leadership palestinien qui refl\u00e8te l\u2019impressionnante unit\u00e9 du peuple \u00e0 l\u2019int\u00e9rieur et \u00e0 l\u2019ext\u00e9rieur de la Palestine et la solidarit\u00e9 du mouvement mondial de soutien \u00e0 ce peuple. C\u2019est peut-\u00eatre trop demander \u00e0 un moment aussi sombre de l\u2019histoire de la Palestine, mais cela devra se produire, et je suis tout \u00e0 fait certain que ce sera le cas.<\/p>\n\n\n\n<p>Les 12 prochains mois seront une r\u00e9plique encore plus mauvaise de l\u2019ann\u00e9e derni\u00e8re en termes de politiques g\u00e9nocidaires d\u2019Isra\u00ebl, d\u2019escalade de la violence dans la r\u00e9gion et de soutien continu des gouvernements, soutenus par leurs m\u00e9dias, \u00e0 cette trajectoire destructrice. Mais l\u2019histoire nous enseigne que c\u2019est ainsi que se termine un chapitre horrible de la chronologie d\u2019un pays, et non pas ainsi qu\u2019un nouveau commence.<\/p>\n\n\n\n<p>Les historiens ne doivent pas pr\u00e9dire l\u2019avenir, mais ils peuvent au moins articuler un sc\u00e9nario raisonnable pour celui-ci. En ce sens, je pense qu\u2019il est raisonnable de dire que la question de savoir \u00ab si \u00bb l\u2019oppression des Palestiniens prendra fin peut d\u00e9sormais \u00eatre remplac\u00e9e par celle de savoir \u00ab quand \u00bb. Nous ne savons pas \u00ab quand \u00bb, mais nous pouvons tous nous efforcer de le faire le plus t\u00f4t possible.<\/p>\n\n\n\n<p><strong><em>Les opinions exprim\u00e9es dans cet article sont celles de l\u2019auteur et ne refl\u00e8tent pas n\u00e9cessairement la position \u00e9ditoriale d\u2019Al Jazeera<\/em><\/strong><\/p>\n\n\n\n<p><strong>Ilan Pappe est directeur du Centre europ\u00e9en d&#8217;\u00e9tudes palestiniennes \u00e0 l&#8217;Universit\u00e9 d&#8217;Exeter. Il a publi\u00e9 15 ouvrages sur le Moyen-Orient et sur la question palestinienne.<\/strong><\/p>\n\n\n\n<p><strong><a href=\"https:\/\/www.aljazeera.com\/opinions\/2024\/10\/7\/israel-after-october-7-between-decolonisation-and-disintegration\">Israel after October 7: Between decolonisation and disintegration | Opinions | Al Jazeera<\/a><\/strong><\/p>\n\n\n\n<p><strong>Lire aussi<\/strong><strong>: (anglais)<\/strong><\/p>\n\n\n\n<ul class=\"wp-block-list\">\n<li><strong><a href=\"https:\/\/consortiumnews.com\/2024\/10\/08\/scott-ritter-the-fall-of-israel\/\" target=\"_blank\" rel=\"noreferrer noopener\">https:\/\/consortiumnews.com\/2024\/10\/08\/scott-ritter-the-fall-of-israel\/<\/a><\/strong><\/li>\n\n\n\n<li><strong><a href=\"https:\/\/www.reuters.com\/world\/middle-east\/un-inquiry-accuses-israel-crime-extermination-destruction-gaza-health-system-2024-10-10\/\">https:\/\/www.reuters.com\/world\/middle-east\/un-inquiry-accuses-israel-crime-extermination-destruction-gaza-health-system-2024-10-10\/<\/a><\/strong><\/li>\n<\/ul>\n","protected":false},"excerpt":{"rendered":"<p>Les universitaires et les m\u00e9dias traditionnels refusent toujours de d\u00e9finir le projet sioniste comme un projet colonial, ou plus pr\u00e9cis\u00e9ment comme un projet colonial de peuplement. Cependant, alors qu\u2019Isra\u00ebl intensifie la colonisation de la Palestine l\u2019ann\u00e9e prochaine, cela pourrait inciter davantage d\u2019individus et d\u2019institutions \u00e0 pr\u00e9senter la r\u00e9alit\u00e9 en Palestine comme coloniale et la lutte palestinienne comme anticoloniale et \u00e0 se d\u00e9barrasser des clich\u00e9s sur le terrorisme et les n\u00e9gociations de paix.  <\/p>\n","protected":false},"author":4,"featured_media":255709,"comment_status":"closed","ping_status":"closed","sticky":false,"template":"","format":"standard","meta":{"_acf_changed":false,"_et_pb_use_builder":"","_et_pb_old_content":"","_et_gb_content_width":"","footnotes":""},"categories":[94],"tags":[],"class_list":["post-255711","post","type-post","status-publish","format-standard","has-post-thumbnail","hentry","category-bulletin-fr"],"acf":[],"yoast_head":"<!-- This site is optimized with the Yoast SEO plugin v25.8 - https:\/\/yoast.com\/wordpress\/plugins\/seo\/ -->\n<title>Isra\u00ebl apr\u00e8s le 7 octobre : entre d\u00e9colonisation et d\u00e9sint\u00e9gration - PAJU<\/title>\n<meta name=\"description\" content=\"Les universitaires et les m\u00e9dias traditionnels refusent toujours de d\u00e9finir le projet sioniste comme un projet colonial, ou plus pr\u00e9cis\u00e9ment comme un projet colonial de peuplement. Cependant, alors qu\u2019Isra\u00ebl intensifie la colonisation de la Palestine l\u2019ann\u00e9e prochaine, cela pourrait inciter davantage d\u2019individus et d\u2019institutions \u00e0 pr\u00e9senter la r\u00e9alit\u00e9 en Palestine comme coloniale et la lutte palestinienne comme anticoloniale et \u00e0 se d\u00e9barrasser des clich\u00e9s sur le terrorisme et les n\u00e9gociations de paix.\" \/>\n<meta name=\"robots\" content=\"index, follow, max-snippet:-1, max-image-preview:large, max-video-preview:-1\" \/>\n<link rel=\"canonical\" href=\"https:\/\/paju.org\/fr\/israel-apres-le-7-octobre-entre-decolonisation-et-desintegration\/\" \/>\n<meta property=\"og:locale\" content=\"fr_FR\" \/>\n<meta property=\"og:type\" content=\"article\" \/>\n<meta property=\"og:title\" content=\"Isra\u00ebl apr\u00e8s le 7 octobre : entre d\u00e9colonisation et d\u00e9sint\u00e9gration - PAJU\" \/>\n<meta property=\"og:description\" content=\"Les universitaires et les m\u00e9dias traditionnels refusent toujours de d\u00e9finir le projet sioniste comme un projet colonial, ou plus pr\u00e9cis\u00e9ment comme un projet colonial de peuplement. Cependant, alors qu\u2019Isra\u00ebl intensifie la colonisation de la Palestine l\u2019ann\u00e9e prochaine, cela pourrait inciter davantage d\u2019individus et d\u2019institutions \u00e0 pr\u00e9senter la r\u00e9alit\u00e9 en Palestine comme coloniale et la lutte palestinienne comme anticoloniale et \u00e0 se d\u00e9barrasser des clich\u00e9s sur le terrorisme et les n\u00e9gociations de paix.\" \/>\n<meta property=\"og:site_name\" content=\"PAJU\" \/>\n<meta property=\"article:publisher\" content=\"https:\/\/www.facebook.com\/pajumontreal\" \/>\n<meta property=\"article:published_time\" content=\"2024-10-10T21:54:07+00:00\" \/>\n<meta property=\"article:modified_time\" content=\"2024-10-10T22:04:32+00:00\" \/>\n<meta property=\"og:image\" content=\"https:\/\/paju.org\/wp-content\/uploads\/Demonstrators-hold-an-Israeli-flag-as-police-use-water-cannons-during-a-protest-against-Israeli-Prime-Minister-Benjamin-Netanyahus-government-in-Tel-Aviv-on-May-18-2024-File-Shannon-Stapleton-Reuters.webp\" \/>\n\t<meta property=\"og:image:width\" content=\"770\" \/>\n\t<meta property=\"og:image:height\" content=\"513\" \/>\n\t<meta property=\"og:image:type\" content=\"image\/webp\" \/>\n<meta name=\"author\" content=\"Bruce Katz\" \/>\n<meta name=\"twitter:card\" content=\"summary_large_image\" \/>\n<meta name=\"twitter:label1\" content=\"\u00c9crit par\" \/>\n\t<meta name=\"twitter:data1\" content=\"Bruce Katz\" \/>\n\t<meta name=\"twitter:label2\" content=\"Dur\u00e9e de lecture estim\u00e9e\" \/>\n\t<meta name=\"twitter:data2\" content=\"6 minutes\" \/>\n<script type=\"application\/ld+json\" class=\"yoast-schema-graph\">{\"@context\":\"https:\/\/schema.org\",\"@graph\":[{\"@type\":\"Article\",\"@id\":\"https:\/\/paju.org\/fr\/israel-apres-le-7-octobre-entre-decolonisation-et-desintegration\/#article\",\"isPartOf\":{\"@id\":\"https:\/\/paju.org\/fr\/israel-apres-le-7-octobre-entre-decolonisation-et-desintegration\/\"},\"author\":{\"name\":\"Bruce Katz\",\"@id\":\"https:\/\/paju.org\/fr\/#\/schema\/person\/6d8aed1579a1f4a97e1c552a5f2a891d\"},\"headline\":\"Isra\u00ebl apr\u00e8s le 7 octobre : entre d\u00e9colonisation et d\u00e9sint\u00e9gration\",\"datePublished\":\"2024-10-10T21:54:07+00:00\",\"dateModified\":\"2024-10-10T22:04:32+00:00\",\"mainEntityOfPage\":{\"@id\":\"https:\/\/paju.org\/fr\/israel-apres-le-7-octobre-entre-decolonisation-et-desintegration\/\"},\"wordCount\":1357,\"publisher\":{\"@id\":\"https:\/\/paju.org\/fr\/#organization\"},\"image\":{\"@id\":\"https:\/\/paju.org\/fr\/israel-apres-le-7-octobre-entre-decolonisation-et-desintegration\/#primaryimage\"},\"thumbnailUrl\":\"https:\/\/paju.org\/wp-content\/uploads\/Demonstrators-hold-an-Israeli-flag-as-police-use-water-cannons-during-a-protest-against-Israeli-Prime-Minister-Benjamin-Netanyahus-government-in-Tel-Aviv-on-May-18-2024-File-Shannon-Stapleton-Reuters.webp\",\"articleSection\":[\"Notre bulletin\"],\"inLanguage\":\"fr-FR\"},{\"@type\":\"WebPage\",\"@id\":\"https:\/\/paju.org\/fr\/israel-apres-le-7-octobre-entre-decolonisation-et-desintegration\/\",\"url\":\"https:\/\/paju.org\/fr\/israel-apres-le-7-octobre-entre-decolonisation-et-desintegration\/\",\"name\":\"Isra\u00ebl apr\u00e8s le 7 octobre : entre d\u00e9colonisation et d\u00e9sint\u00e9gration - PAJU\",\"isPartOf\":{\"@id\":\"https:\/\/paju.org\/fr\/#website\"},\"primaryImageOfPage\":{\"@id\":\"https:\/\/paju.org\/fr\/israel-apres-le-7-octobre-entre-decolonisation-et-desintegration\/#primaryimage\"},\"image\":{\"@id\":\"https:\/\/paju.org\/fr\/israel-apres-le-7-octobre-entre-decolonisation-et-desintegration\/#primaryimage\"},\"thumbnailUrl\":\"https:\/\/paju.org\/wp-content\/uploads\/Demonstrators-hold-an-Israeli-flag-as-police-use-water-cannons-during-a-protest-against-Israeli-Prime-Minister-Benjamin-Netanyahus-government-in-Tel-Aviv-on-May-18-2024-File-Shannon-Stapleton-Reuters.webp\",\"datePublished\":\"2024-10-10T21:54:07+00:00\",\"dateModified\":\"2024-10-10T22:04:32+00:00\",\"description\":\"Les universitaires et les m\u00e9dias traditionnels refusent toujours de d\u00e9finir le projet sioniste comme un projet colonial, ou plus pr\u00e9cis\u00e9ment comme un projet colonial de peuplement. Cependant, alors qu\u2019Isra\u00ebl intensifie la colonisation de la Palestine l\u2019ann\u00e9e prochaine, cela pourrait inciter davantage d\u2019individus et d\u2019institutions \u00e0 pr\u00e9senter la r\u00e9alit\u00e9 en Palestine comme coloniale et la lutte palestinienne comme anticoloniale et \u00e0 se d\u00e9barrasser des clich\u00e9s sur le terrorisme et les n\u00e9gociations de paix.\",\"breadcrumb\":{\"@id\":\"https:\/\/paju.org\/fr\/israel-apres-le-7-octobre-entre-decolonisation-et-desintegration\/#breadcrumb\"},\"inLanguage\":\"fr-FR\",\"potentialAction\":[{\"@type\":\"ReadAction\",\"target\":[\"https:\/\/paju.org\/fr\/israel-apres-le-7-octobre-entre-decolonisation-et-desintegration\/\"]}]},{\"@type\":\"ImageObject\",\"inLanguage\":\"fr-FR\",\"@id\":\"https:\/\/paju.org\/fr\/israel-apres-le-7-octobre-entre-decolonisation-et-desintegration\/#primaryimage\",\"url\":\"https:\/\/paju.org\/wp-content\/uploads\/Demonstrators-hold-an-Israeli-flag-as-police-use-water-cannons-during-a-protest-against-Israeli-Prime-Minister-Benjamin-Netanyahus-government-in-Tel-Aviv-on-May-18-2024-File-Shannon-Stapleton-Reuters.webp\",\"contentUrl\":\"https:\/\/paju.org\/wp-content\/uploads\/Demonstrators-hold-an-Israeli-flag-as-police-use-water-cannons-during-a-protest-against-Israeli-Prime-Minister-Benjamin-Netanyahus-government-in-Tel-Aviv-on-May-18-2024-File-Shannon-Stapleton-Reuters.webp\",\"width\":770,\"height\":513},{\"@type\":\"BreadcrumbList\",\"@id\":\"https:\/\/paju.org\/fr\/israel-apres-le-7-octobre-entre-decolonisation-et-desintegration\/#breadcrumb\",\"itemListElement\":[{\"@type\":\"ListItem\",\"position\":1,\"name\":\"Home\",\"item\":\"https:\/\/paju.org\/fr\/\"},{\"@type\":\"ListItem\",\"position\":2,\"name\":\"Isra\u00ebl apr\u00e8s le 7 octobre : entre d\u00e9colonisation et d\u00e9sint\u00e9gration\"}]},{\"@type\":\"WebSite\",\"@id\":\"https:\/\/paju.org\/fr\/#website\",\"url\":\"https:\/\/paju.org\/fr\/\",\"name\":\"PAJU\",\"description\":\"\",\"publisher\":{\"@id\":\"https:\/\/paju.org\/fr\/#organization\"},\"potentialAction\":[{\"@type\":\"SearchAction\",\"target\":{\"@type\":\"EntryPoint\",\"urlTemplate\":\"https:\/\/paju.org\/fr\/?s={search_term_string}\"},\"query-input\":{\"@type\":\"PropertyValueSpecification\",\"valueRequired\":true,\"valueName\":\"search_term_string\"}}],\"inLanguage\":\"fr-FR\"},{\"@type\":\"Organization\",\"@id\":\"https:\/\/paju.org\/fr\/#organization\",\"name\":\"Palestinian and Jewish Unity\",\"url\":\"https:\/\/paju.org\/fr\/\",\"logo\":{\"@type\":\"ImageObject\",\"inLanguage\":\"fr-FR\",\"@id\":\"https:\/\/paju.org\/fr\/#\/schema\/logo\/image\/\",\"url\":\"https:\/\/paju.org\/wp-content\/uploads\/PAJU-Logo.png\",\"contentUrl\":\"https:\/\/paju.org\/wp-content\/uploads\/PAJU-Logo.png\",\"width\":696,\"height\":293,\"caption\":\"Palestinian and Jewish Unity\"},\"image\":{\"@id\":\"https:\/\/paju.org\/fr\/#\/schema\/logo\/image\/\"},\"sameAs\":[\"https:\/\/www.facebook.com\/pajumontreal\",\"https:\/\/www.instagram.com\/pajumontreal\/\"]},{\"@type\":\"Person\",\"@id\":\"https:\/\/paju.org\/fr\/#\/schema\/person\/6d8aed1579a1f4a97e1c552a5f2a891d\",\"name\":\"Bruce Katz\",\"image\":{\"@type\":\"ImageObject\",\"inLanguage\":\"fr-FR\",\"@id\":\"https:\/\/paju.org\/fr\/#\/schema\/person\/image\/\",\"url\":\"https:\/\/secure.gravatar.com\/avatar\/4c65b2117dbb672d0bda009f0367a4721c9271f1f68b1747fb53d7333079d0f1?s=96&d=mm&r=g\",\"contentUrl\":\"https:\/\/secure.gravatar.com\/avatar\/4c65b2117dbb672d0bda009f0367a4721c9271f1f68b1747fb53d7333079d0f1?s=96&d=mm&r=g\",\"caption\":\"Bruce Katz\"},\"url\":\"https:\/\/paju.org\/fr\/author\/chadi\/\"}]}<\/script>\n<!-- \/ Yoast SEO plugin. -->","yoast_head_json":{"title":"Isra\u00ebl apr\u00e8s le 7 octobre : entre d\u00e9colonisation et d\u00e9sint\u00e9gration - PAJU","description":"Les universitaires et les m\u00e9dias traditionnels refusent toujours de d\u00e9finir le projet sioniste comme un projet colonial, ou plus pr\u00e9cis\u00e9ment comme un projet colonial de peuplement. Cependant, alors qu\u2019Isra\u00ebl intensifie la colonisation de la Palestine l\u2019ann\u00e9e prochaine, cela pourrait inciter davantage d\u2019individus et d\u2019institutions \u00e0 pr\u00e9senter la r\u00e9alit\u00e9 en Palestine comme coloniale et la lutte palestinienne comme anticoloniale et \u00e0 se d\u00e9barrasser des clich\u00e9s sur le terrorisme et les n\u00e9gociations de paix.","robots":{"index":"index","follow":"follow","max-snippet":"max-snippet:-1","max-image-preview":"max-image-preview:large","max-video-preview":"max-video-preview:-1"},"canonical":"https:\/\/paju.org\/fr\/israel-apres-le-7-octobre-entre-decolonisation-et-desintegration\/","og_locale":"fr_FR","og_type":"article","og_title":"Isra\u00ebl apr\u00e8s le 7 octobre : entre d\u00e9colonisation et d\u00e9sint\u00e9gration - PAJU","og_description":"Les universitaires et les m\u00e9dias traditionnels refusent toujours de d\u00e9finir le projet sioniste comme un projet colonial, ou plus pr\u00e9cis\u00e9ment comme un projet colonial de peuplement. Cependant, alors qu\u2019Isra\u00ebl intensifie la colonisation de la Palestine l\u2019ann\u00e9e prochaine, cela pourrait inciter davantage d\u2019individus et d\u2019institutions \u00e0 pr\u00e9senter la r\u00e9alit\u00e9 en Palestine comme coloniale et la lutte palestinienne comme anticoloniale et \u00e0 se d\u00e9barrasser des clich\u00e9s sur le terrorisme et les n\u00e9gociations de paix.","og_site_name":"PAJU","article_publisher":"https:\/\/www.facebook.com\/pajumontreal","article_published_time":"2024-10-10T21:54:07+00:00","article_modified_time":"2024-10-10T22:04:32+00:00","og_image":[{"width":770,"height":513,"url":"https:\/\/paju.org\/wp-content\/uploads\/Demonstrators-hold-an-Israeli-flag-as-police-use-water-cannons-during-a-protest-against-Israeli-Prime-Minister-Benjamin-Netanyahus-government-in-Tel-Aviv-on-May-18-2024-File-Shannon-Stapleton-Reuters.webp","type":"image\/webp"}],"author":"Bruce Katz","twitter_card":"summary_large_image","twitter_misc":{"\u00c9crit par":"Bruce Katz","Dur\u00e9e de lecture estim\u00e9e":"6 minutes"},"schema":{"@context":"https:\/\/schema.org","@graph":[{"@type":"Article","@id":"https:\/\/paju.org\/fr\/israel-apres-le-7-octobre-entre-decolonisation-et-desintegration\/#article","isPartOf":{"@id":"https:\/\/paju.org\/fr\/israel-apres-le-7-octobre-entre-decolonisation-et-desintegration\/"},"author":{"name":"Bruce Katz","@id":"https:\/\/paju.org\/fr\/#\/schema\/person\/6d8aed1579a1f4a97e1c552a5f2a891d"},"headline":"Isra\u00ebl apr\u00e8s le 7 octobre : entre d\u00e9colonisation et d\u00e9sint\u00e9gration","datePublished":"2024-10-10T21:54:07+00:00","dateModified":"2024-10-10T22:04:32+00:00","mainEntityOfPage":{"@id":"https:\/\/paju.org\/fr\/israel-apres-le-7-octobre-entre-decolonisation-et-desintegration\/"},"wordCount":1357,"publisher":{"@id":"https:\/\/paju.org\/fr\/#organization"},"image":{"@id":"https:\/\/paju.org\/fr\/israel-apres-le-7-octobre-entre-decolonisation-et-desintegration\/#primaryimage"},"thumbnailUrl":"https:\/\/paju.org\/wp-content\/uploads\/Demonstrators-hold-an-Israeli-flag-as-police-use-water-cannons-during-a-protest-against-Israeli-Prime-Minister-Benjamin-Netanyahus-government-in-Tel-Aviv-on-May-18-2024-File-Shannon-Stapleton-Reuters.webp","articleSection":["Notre bulletin"],"inLanguage":"fr-FR"},{"@type":"WebPage","@id":"https:\/\/paju.org\/fr\/israel-apres-le-7-octobre-entre-decolonisation-et-desintegration\/","url":"https:\/\/paju.org\/fr\/israel-apres-le-7-octobre-entre-decolonisation-et-desintegration\/","name":"Isra\u00ebl apr\u00e8s le 7 octobre : entre d\u00e9colonisation et d\u00e9sint\u00e9gration - PAJU","isPartOf":{"@id":"https:\/\/paju.org\/fr\/#website"},"primaryImageOfPage":{"@id":"https:\/\/paju.org\/fr\/israel-apres-le-7-octobre-entre-decolonisation-et-desintegration\/#primaryimage"},"image":{"@id":"https:\/\/paju.org\/fr\/israel-apres-le-7-octobre-entre-decolonisation-et-desintegration\/#primaryimage"},"thumbnailUrl":"https:\/\/paju.org\/wp-content\/uploads\/Demonstrators-hold-an-Israeli-flag-as-police-use-water-cannons-during-a-protest-against-Israeli-Prime-Minister-Benjamin-Netanyahus-government-in-Tel-Aviv-on-May-18-2024-File-Shannon-Stapleton-Reuters.webp","datePublished":"2024-10-10T21:54:07+00:00","dateModified":"2024-10-10T22:04:32+00:00","description":"Les universitaires et les m\u00e9dias traditionnels refusent toujours de d\u00e9finir le projet sioniste comme un projet colonial, ou plus pr\u00e9cis\u00e9ment comme un projet colonial de peuplement. Cependant, alors qu\u2019Isra\u00ebl intensifie la colonisation de la Palestine l\u2019ann\u00e9e prochaine, cela pourrait inciter davantage d\u2019individus et d\u2019institutions \u00e0 pr\u00e9senter la r\u00e9alit\u00e9 en Palestine comme coloniale et la lutte palestinienne comme anticoloniale et \u00e0 se d\u00e9barrasser des clich\u00e9s sur le terrorisme et les n\u00e9gociations de paix.","breadcrumb":{"@id":"https:\/\/paju.org\/fr\/israel-apres-le-7-octobre-entre-decolonisation-et-desintegration\/#breadcrumb"},"inLanguage":"fr-FR","potentialAction":[{"@type":"ReadAction","target":["https:\/\/paju.org\/fr\/israel-apres-le-7-octobre-entre-decolonisation-et-desintegration\/"]}]},{"@type":"ImageObject","inLanguage":"fr-FR","@id":"https:\/\/paju.org\/fr\/israel-apres-le-7-octobre-entre-decolonisation-et-desintegration\/#primaryimage","url":"https:\/\/paju.org\/wp-content\/uploads\/Demonstrators-hold-an-Israeli-flag-as-police-use-water-cannons-during-a-protest-against-Israeli-Prime-Minister-Benjamin-Netanyahus-government-in-Tel-Aviv-on-May-18-2024-File-Shannon-Stapleton-Reuters.webp","contentUrl":"https:\/\/paju.org\/wp-content\/uploads\/Demonstrators-hold-an-Israeli-flag-as-police-use-water-cannons-during-a-protest-against-Israeli-Prime-Minister-Benjamin-Netanyahus-government-in-Tel-Aviv-on-May-18-2024-File-Shannon-Stapleton-Reuters.webp","width":770,"height":513},{"@type":"BreadcrumbList","@id":"https:\/\/paju.org\/fr\/israel-apres-le-7-octobre-entre-decolonisation-et-desintegration\/#breadcrumb","itemListElement":[{"@type":"ListItem","position":1,"name":"Home","item":"https:\/\/paju.org\/fr\/"},{"@type":"ListItem","position":2,"name":"Isra\u00ebl apr\u00e8s le 7 octobre : entre d\u00e9colonisation et d\u00e9sint\u00e9gration"}]},{"@type":"WebSite","@id":"https:\/\/paju.org\/fr\/#website","url":"https:\/\/paju.org\/fr\/","name":"PAJU","description":"","publisher":{"@id":"https:\/\/paju.org\/fr\/#organization"},"potentialAction":[{"@type":"SearchAction","target":{"@type":"EntryPoint","urlTemplate":"https:\/\/paju.org\/fr\/?s={search_term_string}"},"query-input":{"@type":"PropertyValueSpecification","valueRequired":true,"valueName":"search_term_string"}}],"inLanguage":"fr-FR"},{"@type":"Organization","@id":"https:\/\/paju.org\/fr\/#organization","name":"Palestinian and Jewish Unity","url":"https:\/\/paju.org\/fr\/","logo":{"@type":"ImageObject","inLanguage":"fr-FR","@id":"https:\/\/paju.org\/fr\/#\/schema\/logo\/image\/","url":"https:\/\/paju.org\/wp-content\/uploads\/PAJU-Logo.png","contentUrl":"https:\/\/paju.org\/wp-content\/uploads\/PAJU-Logo.png","width":696,"height":293,"caption":"Palestinian and Jewish Unity"},"image":{"@id":"https:\/\/paju.org\/fr\/#\/schema\/logo\/image\/"},"sameAs":["https:\/\/www.facebook.com\/pajumontreal","https:\/\/www.instagram.com\/pajumontreal\/"]},{"@type":"Person","@id":"https:\/\/paju.org\/fr\/#\/schema\/person\/6d8aed1579a1f4a97e1c552a5f2a891d","name":"Bruce Katz","image":{"@type":"ImageObject","inLanguage":"fr-FR","@id":"https:\/\/paju.org\/fr\/#\/schema\/person\/image\/","url":"https:\/\/secure.gravatar.com\/avatar\/4c65b2117dbb672d0bda009f0367a4721c9271f1f68b1747fb53d7333079d0f1?s=96&d=mm&r=g","contentUrl":"https:\/\/secure.gravatar.com\/avatar\/4c65b2117dbb672d0bda009f0367a4721c9271f1f68b1747fb53d7333079d0f1?s=96&d=mm&r=g","caption":"Bruce Katz"},"url":"https:\/\/paju.org\/fr\/author\/chadi\/"}]}},"_links":{"self":[{"href":"https:\/\/paju.org\/fr\/wp-json\/wp\/v2\/posts\/255711","targetHints":{"allow":["GET"]}}],"collection":[{"href":"https:\/\/paju.org\/fr\/wp-json\/wp\/v2\/posts"}],"about":[{"href":"https:\/\/paju.org\/fr\/wp-json\/wp\/v2\/types\/post"}],"author":[{"embeddable":true,"href":"https:\/\/paju.org\/fr\/wp-json\/wp\/v2\/users\/4"}],"replies":[{"embeddable":true,"href":"https:\/\/paju.org\/fr\/wp-json\/wp\/v2\/comments?post=255711"}],"version-history":[{"count":1,"href":"https:\/\/paju.org\/fr\/wp-json\/wp\/v2\/posts\/255711\/revisions"}],"predecessor-version":[{"id":255713,"href":"https:\/\/paju.org\/fr\/wp-json\/wp\/v2\/posts\/255711\/revisions\/255713"}],"wp:featuredmedia":[{"embeddable":true,"href":"https:\/\/paju.org\/fr\/wp-json\/wp\/v2\/media\/255709"}],"wp:attachment":[{"href":"https:\/\/paju.org\/fr\/wp-json\/wp\/v2\/media?parent=255711"}],"wp:term":[{"taxonomy":"category","embeddable":true,"href":"https:\/\/paju.org\/fr\/wp-json\/wp\/v2\/categories?post=255711"},{"taxonomy":"post_tag","embeddable":true,"href":"https:\/\/paju.org\/fr\/wp-json\/wp\/v2\/tags?post=255711"}],"curies":[{"name":"wp","href":"https:\/\/api.w.org\/{rel}","templated":true}]}}