{"id":255389,"date":"2024-09-20T16:43:01","date_gmt":"2024-09-20T20:43:01","guid":{"rendered":"https:\/\/paju.org\/?p=255389"},"modified":"2024-09-23T09:17:12","modified_gmt":"2024-09-23T13:17:12","slug":"palestiniens-et-juifs-unis-paju-appelle-a-la-demission-du-depute-liberal-wayne-long-en-raison-de-ses-prejuges-anti-palestiniens","status":"publish","type":"post","link":"https:\/\/paju.org\/fr\/palestiniens-et-juifs-unis-paju-appelle-a-la-demission-du-depute-liberal-wayne-long-en-raison-de-ses-prejuges-anti-palestiniens\/","title":{"rendered":"Palestiniens et Juifs unis (PAJU) appelle \u00e0 la d\u00e9mission du d\u00e9put\u00e9 lib\u00e9ral Wayne Long en raison de ses pr\u00e9jug\u00e9s anti-palestiniens"},"content":{"rendered":"\n<p>Le 13 d\u00e9cembre 2023, le d\u00e9put\u00e9 lib\u00e9ral Wayne Long et son adjointe administrative Jeannette Arsenault ont tenu des propos diffamatoires \u00e0 l\u2019\u00e9gard des militants et militantes pro-palestiniens. Le d\u00e9put\u00e9 Wayne Long et Jeanette Arsenault ont \u00e9t\u00e9 film\u00e9s (<a href=\"https:\/\/www.instagram.com\/pscsju\/\">@palestine.solidarity.sj<\/a>), alors qu\u2019ils intimidaient publiquement des manifestants, les accusant de \u00ab terrorisme \u00bb et \u00e9mettant des commentaires clairement racistes. Ce racisme anti-palestinien (et par cons\u00e9quent anti-arabe) et cette conduite contraire \u00e0 l\u2019\u00e9thique sont inacceptables lorsqu\u2019ils sont exprim\u00e9s par un individu, mais encore plus lorsqu\u2019ils sont \u00e9mis par un repr\u00e9sentant \u00e9lu du Parlement.<\/p>\n\n\n\n<p>Bien qu\u2019il se soit d\u2019abord <a href=\"https:\/\/nbmediacoop.org\/2024\/01\/23\/liberal-mp-regrets-hurtful-inappropriate-comments-aimed-at-gaza-solidarity-activists\/\">excus\u00e9<\/a> pour ses propos racistes, Long a continu\u00e9 ces derniers mois \u00e0 \u00e9mettre des all\u00e9gations infond\u00e9es contre des individus dans ce qui semble \u00eatre une tentative de discr\u00e9diter et d\u2019intimider les militants et militantes de la solidarit\u00e9 avec la Palestine. Ce faisant, il s\u2019est non seulement fait un partisan tacite de la campagne g\u00e9nocidaire d\u2019Isra\u00ebl \u00e0 Gaza, mais a montr\u00e9 qu\u2019il la soutenait ouvertement.<strong> Par cons\u00e9quent, PAJU estime qu\u2019une plainte contre le d\u00e9put\u00e9 Wayne Long devrait \u00eatre d\u00e9pos\u00e9e aupr\u00e8s du Bureau du Procureur de la Cour p\u00e9nale internationale (CPI).<\/strong><\/p>\n\n\n\n<p><a href=\"https:\/\/www.justpeaceadvocates.ca\/just-peace-advocates-is-concerned-about-the-anti-palestinian-racism-shown-by-the-liberal-member-of-parliament-wayne-long\/?utm_source=rss&amp;utm_medium=rss&amp;utm_campaign=just-peace-advocates-is-concerned-about-the-anti-palestin\">Une d\u00e9claration publi\u00e9e par Just Peace Advocates<\/a> concernant les commentaires anti-palestiniens et anti-arabes du d\u00e9put\u00e9 Long m\u00e9rite d\u2019\u00eatre cit\u00e9e :<\/p>\n\n\n\n<p><em>\u00ab Au fil des mois, le d\u00e9put\u00e9 Long a <a href=\"https:\/\/www.facebook.com\/share\/p\/hTaRTuyHk2zpYyV6\/?mibextid=qi2Omg\">continu\u00e9 \u00e0 diffuser de fausses informations et des all\u00e9gations<\/a> qui compromettent la justice pour les Palestiniens et qui d\u00e9tournent l\u2019attention de la profonde complicit\u00e9 de son gouvernement dans l\u2019occupation ill\u00e9gale de la Palestine et le g\u00e9nocide des Palestiniens \u00e0 Gaza. Il s\u2019agit d\u2019un exemple de messages et de commentaires incendiaires et provocateurs sur le compte officiel du d\u00e9put\u00e9 Long \u00e0 propos de cet incident. Nous sommes constern\u00e9s que le d\u00e9put\u00e9 Long n\u2019ait pas entendu les diverses voix de sa propre circonscription. Au contraire, il continue de faire preuve de racisme anti-palestinien, en publiant sur son compte Facebook officiel des photos de lui-m\u00eame d\u00e9nigrant davantage le Comit\u00e9 de solidarit\u00e9 avec la Palestine de Saint John (PSC \u2013 SJ) et en calomniant un membre palestinien du groupe n\u00e9 \u00e0 Gaza. . . .<\/em><\/p>\n\n\n\n<p><em>Le d\u00e9put\u00e9 Wayne Long a choqu\u00e9 tout le monde en approuvant un commentaire dangereux d\u2019un de ses partisans, qui a accus\u00e9 un militant canadien du PSC-SJ d\u2019\u00eatre un terroriste, avec une r\u00e9ponse effrayante : \u00ab il l\u2019est \u00bb. Nous sommes constern\u00e9s que le d\u00e9put\u00e9 Long fasse preuve d\u2019un manque d\u2019empathie et d\u2019un m\u00e9pris pour la s\u00e9curit\u00e9 et la vie priv\u00e9e de ses propres \u00e9lecteurs.<\/em><\/p>\n\n\n\n<p><em><a href=\"https:\/\/www.facebook.com\/share\/v\/cMN4f7QqAWXH6tt1\/?mibextid=oFDknk\">La vid\u00e9o publi\u00e9e par M. Long<\/a> faisait r\u00e9f\u00e9rence \u00e0 un \u00e9v\u00e9nement survenu le 23 juillet 2024, au cours duquel M. Long a \u00e9t\u00e9 approch\u00e9 par des militants de la solidarit\u00e9 avec la Palestine lors de l\u2019inauguration du parc riverain de Saint John, officiellement nomm\u00e9 \u00ab Ihtoli-maqahamok \u2013 The Gathering Space \u00bb. Les militants ont exig\u00e9 que le d\u00e9put\u00e9 soutienne un embargo sur les armes contre Isra\u00ebl et d\u00e9nonce le g\u00e9nocide \u00e0 Gaza. \u00c9tant donn\u00e9 la complicit\u00e9 du Canada et son manque d\u2019action pour demander des comptes \u00e0 Isra\u00ebl, les politiciens qui arment un g\u00e9nocide sont \u00e0 juste titre confront\u00e9s dans des lieux publics partout au pays. Le refus du d\u00e9put\u00e9 Long de soutenir un embargo sur les armes ainsi que sa r\u00e9ponse insensible et irresponsable ne font qu\u2019exacerber les souffrances des Palestiniens \u00e0 Gaza, mais aussi celles des membres de leur famille au Nouveau-Brunswick<\/em>.<\/p>\n\n\n\n<p>Palestinien et Juifs unis se joint \u00e0 d\u2019autres organisations et individus pour demander au d\u00e9put\u00e9 Long de d\u00e9missionner imm\u00e9diatement dans l\u2019int\u00e9r\u00eat de la confiance du public, car il s\u2019est montr\u00e9 inapte \u00e0 exercer ses fonctions publiques. Nous exigeons \u00e9galement que la direction du Parti lib\u00e9ral retire imm\u00e9diatement le d\u00e9put\u00e9 Wayne Long de son caucus et enqu\u00eate en cons\u00e9quence sur les actions contraires \u00e0 l\u2019\u00e9thique de leur d\u00e9put\u00e9.<\/p>\n\n\n\n<p>Il convient de noter qu\u2019une <a href=\"https:\/\/www.change.org\/p\/demand-accountability-from-mp-wayne-long-and-secretary-for-unethical-conduct?recruiter=1324140122&amp;recruited_by_id=a90528e0-9d56-11ee-b6c9-558b4061c798&amp;utm_source=share_petition&amp;utm_campaign=petition_dashboard&amp;utm_medium=copylink\">p\u00e9tition<\/a> comptant plus de 3 100 signatures a \u00e9t\u00e9 adress\u00e9e \u00e0 Justin Trudeau et \u00e0 la direction du Parti lib\u00e9ral, demandant une enqu\u00eate. Malheureusement, le Parti Lib\u00e9ral a ferm\u00e9 les yeux sur cette p\u00e9tition et l\u2019a ignor\u00e9e, ce qui a permis au d\u00e9put\u00e9 Wayne Long de poursuivre son comportement contraire \u00e0 l\u2019\u00e9thique. L\u2019attitude de la direction du Parti Lib\u00e9ral n\u2019est cependant pas surprenante compte tenu de son propre soutien inconditionnel aux crimes de guerre d\u2019Isra\u00ebl \u00e0 Gaza et en Cisjordanie occup\u00e9e.<\/p>\n\n\n\n<p>PAJU esp\u00e8re que les \u00e9lecteurs de la circonscription de Wayne Long, Saint John\u2014Rothesay, exprimeront leur m\u00e9contentement \u00e0 l\u2019\u00e9gard de M. Long en l\u2019\u00e9vin\u00e7ant lors des prochaines \u00e9lections f\u00e9d\u00e9rales !<\/p>\n\n\n\n<p>Contact: info@paju.org<\/p>\n","protected":false},"excerpt":{"rendered":"<p>Le d\u00e9put\u00e9 f\u00e9d\u00e9ral Wayne Long et Jeanette Arsenault ont \u00e9t\u00e9 film\u00e9s alors qu\u2019ils intimidaient publiquement des manifestants pro-palestiniens, les accusant de \u00ab terrorisme \u00bb et \u00e9mettant des commentaires clairement racistes. <\/p>\n","protected":false},"author":4,"featured_media":255386,"comment_status":"closed","ping_status":"closed","sticky":false,"template":"","format":"standard","meta":{"_acf_changed":false,"_et_pb_use_builder":"","_et_pb_old_content":"","_et_gb_content_width":"","footnotes":""},"categories":[88],"tags":[],"class_list":["post-255389","post","type-post","status-publish","format-standard","has-post-thumbnail","hentry","category-communique-de-presse"],"acf":[],"yoast_head":"<!-- This site is optimized with the Yoast SEO plugin v27.5 - https:\/\/yoast.com\/product\/yoast-seo-wordpress\/ -->\n<title>Palestiniens et Juifs unis (PAJU) appelle \u00e0 la d\u00e9mission du d\u00e9put\u00e9 lib\u00e9ral Wayne Long en raison de ses pr\u00e9jug\u00e9s anti-palestiniens - PAJU<\/title>\n<meta name=\"description\" content=\"Le d\u00e9put\u00e9 f\u00e9d\u00e9ral Wayne Long et Jeanette Arsenault ont \u00e9t\u00e9 film\u00e9s alors qu\u2019ils intimidaient publiquement des manifestants pro-palestiniens, les accusant de \u00ab terrorisme \u00bb et \u00e9mettant des commentaires clairement racistes.\" \/>\n<meta name=\"robots\" content=\"index, follow, max-snippet:-1, max-image-preview:large, max-video-preview:-1\" \/>\n<link rel=\"canonical\" href=\"https:\/\/paju.org\/fr\/palestiniens-et-juifs-unis-paju-appelle-a-la-demission-du-depute-liberal-wayne-long-en-raison-de-ses-prejuges-anti-palestiniens\/\" \/>\n<meta property=\"og:locale\" content=\"fr_FR\" \/>\n<meta property=\"og:type\" content=\"article\" \/>\n<meta property=\"og:title\" content=\"Palestiniens et Juifs unis (PAJU) appelle \u00e0 la d\u00e9mission du d\u00e9put\u00e9 lib\u00e9ral Wayne Long en raison de ses pr\u00e9jug\u00e9s anti-palestiniens - PAJU\" \/>\n<meta property=\"og:description\" content=\"Le d\u00e9put\u00e9 f\u00e9d\u00e9ral Wayne Long et Jeanette Arsenault ont \u00e9t\u00e9 film\u00e9s alors qu\u2019ils intimidaient publiquement des manifestants pro-palestiniens, les accusant de \u00ab terrorisme \u00bb et \u00e9mettant des commentaires clairement racistes.\" \/>\n<meta property=\"og:site_name\" content=\"PAJU\" \/>\n<meta property=\"article:publisher\" content=\"https:\/\/www.facebook.com\/pajumontreal\" \/>\n<meta property=\"article:published_time\" content=\"2024-09-20T20:43:01+00:00\" \/>\n<meta property=\"article:modified_time\" content=\"2024-09-23T13:17:12+00:00\" \/>\n<meta property=\"og:image\" content=\"https:\/\/paju.org\/wp-content\/uploads\/wayne-long.webp\" \/>\n\t<meta property=\"og:image:width\" content=\"841\" \/>\n\t<meta property=\"og:image:height\" content=\"448\" \/>\n\t<meta property=\"og:image:type\" content=\"image\/webp\" \/>\n<meta name=\"author\" content=\"Bruce Katz\" \/>\n<meta name=\"twitter:card\" content=\"summary_large_image\" \/>\n<meta name=\"twitter:label1\" content=\"\u00c9crit par\" \/>\n\t<meta name=\"twitter:data1\" content=\"Bruce Katz\" \/>\n\t<meta name=\"twitter:label2\" content=\"Dur\u00e9e de lecture estim\u00e9e\" \/>\n\t<meta name=\"twitter:data2\" content=\"4 minutes\" \/>\n<script type=\"application\/ld+json\" class=\"yoast-schema-graph\">{\"@context\":\"https:\\\/\\\/schema.org\",\"@graph\":[{\"@type\":\"Article\",\"@id\":\"https:\\\/\\\/paju.org\\\/fr\\\/palestiniens-et-juifs-unis-paju-appelle-a-la-demission-du-depute-liberal-wayne-long-en-raison-de-ses-prejuges-anti-palestiniens\\\/#article\",\"isPartOf\":{\"@id\":\"https:\\\/\\\/paju.org\\\/fr\\\/palestiniens-et-juifs-unis-paju-appelle-a-la-demission-du-depute-liberal-wayne-long-en-raison-de-ses-prejuges-anti-palestiniens\\\/\"},\"author\":{\"name\":\"Bruce Katz\",\"@id\":\"https:\\\/\\\/paju.org\\\/fr\\\/#\\\/schema\\\/person\\\/6d8aed1579a1f4a97e1c552a5f2a891d\"},\"headline\":\"Palestiniens et Juifs unis (PAJU) appelle \u00e0 la d\u00e9mission du d\u00e9put\u00e9 lib\u00e9ral Wayne Long en raison de ses pr\u00e9jug\u00e9s anti-palestiniens\",\"datePublished\":\"2024-09-20T20:43:01+00:00\",\"dateModified\":\"2024-09-23T13:17:12+00:00\",\"mainEntityOfPage\":{\"@id\":\"https:\\\/\\\/paju.org\\\/fr\\\/palestiniens-et-juifs-unis-paju-appelle-a-la-demission-du-depute-liberal-wayne-long-en-raison-de-ses-prejuges-anti-palestiniens\\\/\"},\"wordCount\":843,\"publisher\":{\"@id\":\"https:\\\/\\\/paju.org\\\/fr\\\/#organization\"},\"image\":{\"@id\":\"https:\\\/\\\/paju.org\\\/fr\\\/palestiniens-et-juifs-unis-paju-appelle-a-la-demission-du-depute-liberal-wayne-long-en-raison-de-ses-prejuges-anti-palestiniens\\\/#primaryimage\"},\"thumbnailUrl\":\"https:\\\/\\\/paju.org\\\/wp-content\\\/uploads\\\/wayne-long.webp\",\"articleSection\":[\"Communiqu\u00e9 de presse\"],\"inLanguage\":\"fr-FR\"},{\"@type\":\"WebPage\",\"@id\":\"https:\\\/\\\/paju.org\\\/fr\\\/palestiniens-et-juifs-unis-paju-appelle-a-la-demission-du-depute-liberal-wayne-long-en-raison-de-ses-prejuges-anti-palestiniens\\\/\",\"url\":\"https:\\\/\\\/paju.org\\\/fr\\\/palestiniens-et-juifs-unis-paju-appelle-a-la-demission-du-depute-liberal-wayne-long-en-raison-de-ses-prejuges-anti-palestiniens\\\/\",\"name\":\"Palestiniens et Juifs unis (PAJU) appelle \u00e0 la d\u00e9mission du d\u00e9put\u00e9 lib\u00e9ral Wayne Long en raison de ses pr\u00e9jug\u00e9s anti-palestiniens - PAJU\",\"isPartOf\":{\"@id\":\"https:\\\/\\\/paju.org\\\/fr\\\/#website\"},\"primaryImageOfPage\":{\"@id\":\"https:\\\/\\\/paju.org\\\/fr\\\/palestiniens-et-juifs-unis-paju-appelle-a-la-demission-du-depute-liberal-wayne-long-en-raison-de-ses-prejuges-anti-palestiniens\\\/#primaryimage\"},\"image\":{\"@id\":\"https:\\\/\\\/paju.org\\\/fr\\\/palestiniens-et-juifs-unis-paju-appelle-a-la-demission-du-depute-liberal-wayne-long-en-raison-de-ses-prejuges-anti-palestiniens\\\/#primaryimage\"},\"thumbnailUrl\":\"https:\\\/\\\/paju.org\\\/wp-content\\\/uploads\\\/wayne-long.webp\",\"datePublished\":\"2024-09-20T20:43:01+00:00\",\"dateModified\":\"2024-09-23T13:17:12+00:00\",\"description\":\"Le d\u00e9put\u00e9 f\u00e9d\u00e9ral Wayne Long et Jeanette Arsenault ont \u00e9t\u00e9 film\u00e9s alors qu\u2019ils intimidaient publiquement des manifestants pro-palestiniens, les accusant de \u00ab terrorisme \u00bb et \u00e9mettant des commentaires clairement racistes.\",\"breadcrumb\":{\"@id\":\"https:\\\/\\\/paju.org\\\/fr\\\/palestiniens-et-juifs-unis-paju-appelle-a-la-demission-du-depute-liberal-wayne-long-en-raison-de-ses-prejuges-anti-palestiniens\\\/#breadcrumb\"},\"inLanguage\":\"fr-FR\",\"potentialAction\":[{\"@type\":\"ReadAction\",\"target\":[\"https:\\\/\\\/paju.org\\\/fr\\\/palestiniens-et-juifs-unis-paju-appelle-a-la-demission-du-depute-liberal-wayne-long-en-raison-de-ses-prejuges-anti-palestiniens\\\/\"]}]},{\"@type\":\"ImageObject\",\"inLanguage\":\"fr-FR\",\"@id\":\"https:\\\/\\\/paju.org\\\/fr\\\/palestiniens-et-juifs-unis-paju-appelle-a-la-demission-du-depute-liberal-wayne-long-en-raison-de-ses-prejuges-anti-palestiniens\\\/#primaryimage\",\"url\":\"https:\\\/\\\/paju.org\\\/wp-content\\\/uploads\\\/wayne-long.webp\",\"contentUrl\":\"https:\\\/\\\/paju.org\\\/wp-content\\\/uploads\\\/wayne-long.webp\",\"width\":841,\"height\":448},{\"@type\":\"BreadcrumbList\",\"@id\":\"https:\\\/\\\/paju.org\\\/fr\\\/palestiniens-et-juifs-unis-paju-appelle-a-la-demission-du-depute-liberal-wayne-long-en-raison-de-ses-prejuges-anti-palestiniens\\\/#breadcrumb\",\"itemListElement\":[{\"@type\":\"ListItem\",\"position\":1,\"name\":\"Home\",\"item\":\"https:\\\/\\\/paju.org\\\/fr\\\/\"},{\"@type\":\"ListItem\",\"position\":2,\"name\":\"Palestiniens et Juifs unis (PAJU) appelle \u00e0 la d\u00e9mission du d\u00e9put\u00e9 lib\u00e9ral Wayne Long en raison de ses pr\u00e9jug\u00e9s anti-palestiniens\"}]},{\"@type\":\"WebSite\",\"@id\":\"https:\\\/\\\/paju.org\\\/fr\\\/#website\",\"url\":\"https:\\\/\\\/paju.org\\\/fr\\\/\",\"name\":\"PAJU\",\"description\":\"\",\"publisher\":{\"@id\":\"https:\\\/\\\/paju.org\\\/fr\\\/#organization\"},\"potentialAction\":[{\"@type\":\"SearchAction\",\"target\":{\"@type\":\"EntryPoint\",\"urlTemplate\":\"https:\\\/\\\/paju.org\\\/fr\\\/?s={search_term_string}\"},\"query-input\":{\"@type\":\"PropertyValueSpecification\",\"valueRequired\":true,\"valueName\":\"search_term_string\"}}],\"inLanguage\":\"fr-FR\"},{\"@type\":\"Organization\",\"@id\":\"https:\\\/\\\/paju.org\\\/fr\\\/#organization\",\"name\":\"Palestinian and Jewish Unity\",\"url\":\"https:\\\/\\\/paju.org\\\/fr\\\/\",\"logo\":{\"@type\":\"ImageObject\",\"inLanguage\":\"fr-FR\",\"@id\":\"https:\\\/\\\/paju.org\\\/fr\\\/#\\\/schema\\\/logo\\\/image\\\/\",\"url\":\"https:\\\/\\\/paju.org\\\/wp-content\\\/uploads\\\/PAJU-Logo.png\",\"contentUrl\":\"https:\\\/\\\/paju.org\\\/wp-content\\\/uploads\\\/PAJU-Logo.png\",\"width\":696,\"height\":293,\"caption\":\"Palestinian and Jewish Unity\"},\"image\":{\"@id\":\"https:\\\/\\\/paju.org\\\/fr\\\/#\\\/schema\\\/logo\\\/image\\\/\"},\"sameAs\":[\"https:\\\/\\\/www.facebook.com\\\/pajumontreal\",\"https:\\\/\\\/www.instagram.com\\\/pajumontreal\\\/\"]},{\"@type\":\"Person\",\"@id\":\"https:\\\/\\\/paju.org\\\/fr\\\/#\\\/schema\\\/person\\\/6d8aed1579a1f4a97e1c552a5f2a891d\",\"name\":\"Bruce Katz\",\"image\":{\"@type\":\"ImageObject\",\"inLanguage\":\"fr-FR\",\"@id\":\"https:\\\/\\\/secure.gravatar.com\\\/avatar\\\/4c65b2117dbb672d0bda009f0367a4721c9271f1f68b1747fb53d7333079d0f1?s=96&d=mm&r=g\",\"url\":\"https:\\\/\\\/secure.gravatar.com\\\/avatar\\\/4c65b2117dbb672d0bda009f0367a4721c9271f1f68b1747fb53d7333079d0f1?s=96&d=mm&r=g\",\"contentUrl\":\"https:\\\/\\\/secure.gravatar.com\\\/avatar\\\/4c65b2117dbb672d0bda009f0367a4721c9271f1f68b1747fb53d7333079d0f1?s=96&d=mm&r=g\",\"caption\":\"Bruce Katz\"},\"url\":\"https:\\\/\\\/paju.org\\\/fr\\\/author\\\/chadi\\\/\"}]}<\/script>\n<!-- \/ Yoast SEO plugin. -->","yoast_head_json":{"title":"Palestiniens et Juifs unis (PAJU) appelle \u00e0 la d\u00e9mission du d\u00e9put\u00e9 lib\u00e9ral Wayne Long en raison de ses pr\u00e9jug\u00e9s anti-palestiniens - PAJU","description":"Le d\u00e9put\u00e9 f\u00e9d\u00e9ral Wayne Long et Jeanette Arsenault ont \u00e9t\u00e9 film\u00e9s alors qu\u2019ils intimidaient publiquement des manifestants pro-palestiniens, les accusant de \u00ab terrorisme \u00bb et \u00e9mettant des commentaires clairement racistes.","robots":{"index":"index","follow":"follow","max-snippet":"max-snippet:-1","max-image-preview":"max-image-preview:large","max-video-preview":"max-video-preview:-1"},"canonical":"https:\/\/paju.org\/fr\/palestiniens-et-juifs-unis-paju-appelle-a-la-demission-du-depute-liberal-wayne-long-en-raison-de-ses-prejuges-anti-palestiniens\/","og_locale":"fr_FR","og_type":"article","og_title":"Palestiniens et Juifs unis (PAJU) appelle \u00e0 la d\u00e9mission du d\u00e9put\u00e9 lib\u00e9ral Wayne Long en raison de ses pr\u00e9jug\u00e9s anti-palestiniens - PAJU","og_description":"Le d\u00e9put\u00e9 f\u00e9d\u00e9ral Wayne Long et Jeanette Arsenault ont \u00e9t\u00e9 film\u00e9s alors qu\u2019ils intimidaient publiquement des manifestants pro-palestiniens, les accusant de \u00ab terrorisme \u00bb et \u00e9mettant des commentaires clairement racistes.","og_site_name":"PAJU","article_publisher":"https:\/\/www.facebook.com\/pajumontreal","article_published_time":"2024-09-20T20:43:01+00:00","article_modified_time":"2024-09-23T13:17:12+00:00","og_image":[{"width":841,"height":448,"url":"https:\/\/paju.org\/wp-content\/uploads\/wayne-long.webp","type":"image\/webp"}],"author":"Bruce Katz","twitter_card":"summary_large_image","twitter_misc":{"\u00c9crit par":"Bruce Katz","Dur\u00e9e de lecture estim\u00e9e":"4 minutes"},"schema":{"@context":"https:\/\/schema.org","@graph":[{"@type":"Article","@id":"https:\/\/paju.org\/fr\/palestiniens-et-juifs-unis-paju-appelle-a-la-demission-du-depute-liberal-wayne-long-en-raison-de-ses-prejuges-anti-palestiniens\/#article","isPartOf":{"@id":"https:\/\/paju.org\/fr\/palestiniens-et-juifs-unis-paju-appelle-a-la-demission-du-depute-liberal-wayne-long-en-raison-de-ses-prejuges-anti-palestiniens\/"},"author":{"name":"Bruce Katz","@id":"https:\/\/paju.org\/fr\/#\/schema\/person\/6d8aed1579a1f4a97e1c552a5f2a891d"},"headline":"Palestiniens et Juifs unis (PAJU) appelle \u00e0 la d\u00e9mission du d\u00e9put\u00e9 lib\u00e9ral Wayne Long en raison de ses pr\u00e9jug\u00e9s anti-palestiniens","datePublished":"2024-09-20T20:43:01+00:00","dateModified":"2024-09-23T13:17:12+00:00","mainEntityOfPage":{"@id":"https:\/\/paju.org\/fr\/palestiniens-et-juifs-unis-paju-appelle-a-la-demission-du-depute-liberal-wayne-long-en-raison-de-ses-prejuges-anti-palestiniens\/"},"wordCount":843,"publisher":{"@id":"https:\/\/paju.org\/fr\/#organization"},"image":{"@id":"https:\/\/paju.org\/fr\/palestiniens-et-juifs-unis-paju-appelle-a-la-demission-du-depute-liberal-wayne-long-en-raison-de-ses-prejuges-anti-palestiniens\/#primaryimage"},"thumbnailUrl":"https:\/\/paju.org\/wp-content\/uploads\/wayne-long.webp","articleSection":["Communiqu\u00e9 de presse"],"inLanguage":"fr-FR"},{"@type":"WebPage","@id":"https:\/\/paju.org\/fr\/palestiniens-et-juifs-unis-paju-appelle-a-la-demission-du-depute-liberal-wayne-long-en-raison-de-ses-prejuges-anti-palestiniens\/","url":"https:\/\/paju.org\/fr\/palestiniens-et-juifs-unis-paju-appelle-a-la-demission-du-depute-liberal-wayne-long-en-raison-de-ses-prejuges-anti-palestiniens\/","name":"Palestiniens et Juifs unis (PAJU) appelle \u00e0 la d\u00e9mission du d\u00e9put\u00e9 lib\u00e9ral Wayne Long en raison de ses pr\u00e9jug\u00e9s anti-palestiniens - PAJU","isPartOf":{"@id":"https:\/\/paju.org\/fr\/#website"},"primaryImageOfPage":{"@id":"https:\/\/paju.org\/fr\/palestiniens-et-juifs-unis-paju-appelle-a-la-demission-du-depute-liberal-wayne-long-en-raison-de-ses-prejuges-anti-palestiniens\/#primaryimage"},"image":{"@id":"https:\/\/paju.org\/fr\/palestiniens-et-juifs-unis-paju-appelle-a-la-demission-du-depute-liberal-wayne-long-en-raison-de-ses-prejuges-anti-palestiniens\/#primaryimage"},"thumbnailUrl":"https:\/\/paju.org\/wp-content\/uploads\/wayne-long.webp","datePublished":"2024-09-20T20:43:01+00:00","dateModified":"2024-09-23T13:17:12+00:00","description":"Le d\u00e9put\u00e9 f\u00e9d\u00e9ral Wayne Long et Jeanette Arsenault ont \u00e9t\u00e9 film\u00e9s alors qu\u2019ils intimidaient publiquement des manifestants pro-palestiniens, les accusant de \u00ab terrorisme \u00bb et \u00e9mettant des commentaires clairement racistes.","breadcrumb":{"@id":"https:\/\/paju.org\/fr\/palestiniens-et-juifs-unis-paju-appelle-a-la-demission-du-depute-liberal-wayne-long-en-raison-de-ses-prejuges-anti-palestiniens\/#breadcrumb"},"inLanguage":"fr-FR","potentialAction":[{"@type":"ReadAction","target":["https:\/\/paju.org\/fr\/palestiniens-et-juifs-unis-paju-appelle-a-la-demission-du-depute-liberal-wayne-long-en-raison-de-ses-prejuges-anti-palestiniens\/"]}]},{"@type":"ImageObject","inLanguage":"fr-FR","@id":"https:\/\/paju.org\/fr\/palestiniens-et-juifs-unis-paju-appelle-a-la-demission-du-depute-liberal-wayne-long-en-raison-de-ses-prejuges-anti-palestiniens\/#primaryimage","url":"https:\/\/paju.org\/wp-content\/uploads\/wayne-long.webp","contentUrl":"https:\/\/paju.org\/wp-content\/uploads\/wayne-long.webp","width":841,"height":448},{"@type":"BreadcrumbList","@id":"https:\/\/paju.org\/fr\/palestiniens-et-juifs-unis-paju-appelle-a-la-demission-du-depute-liberal-wayne-long-en-raison-de-ses-prejuges-anti-palestiniens\/#breadcrumb","itemListElement":[{"@type":"ListItem","position":1,"name":"Home","item":"https:\/\/paju.org\/fr\/"},{"@type":"ListItem","position":2,"name":"Palestiniens et Juifs unis (PAJU) appelle \u00e0 la d\u00e9mission du d\u00e9put\u00e9 lib\u00e9ral Wayne Long en raison de ses pr\u00e9jug\u00e9s anti-palestiniens"}]},{"@type":"WebSite","@id":"https:\/\/paju.org\/fr\/#website","url":"https:\/\/paju.org\/fr\/","name":"PAJU","description":"","publisher":{"@id":"https:\/\/paju.org\/fr\/#organization"},"potentialAction":[{"@type":"SearchAction","target":{"@type":"EntryPoint","urlTemplate":"https:\/\/paju.org\/fr\/?s={search_term_string}"},"query-input":{"@type":"PropertyValueSpecification","valueRequired":true,"valueName":"search_term_string"}}],"inLanguage":"fr-FR"},{"@type":"Organization","@id":"https:\/\/paju.org\/fr\/#organization","name":"Palestinian and Jewish Unity","url":"https:\/\/paju.org\/fr\/","logo":{"@type":"ImageObject","inLanguage":"fr-FR","@id":"https:\/\/paju.org\/fr\/#\/schema\/logo\/image\/","url":"https:\/\/paju.org\/wp-content\/uploads\/PAJU-Logo.png","contentUrl":"https:\/\/paju.org\/wp-content\/uploads\/PAJU-Logo.png","width":696,"height":293,"caption":"Palestinian and Jewish Unity"},"image":{"@id":"https:\/\/paju.org\/fr\/#\/schema\/logo\/image\/"},"sameAs":["https:\/\/www.facebook.com\/pajumontreal","https:\/\/www.instagram.com\/pajumontreal\/"]},{"@type":"Person","@id":"https:\/\/paju.org\/fr\/#\/schema\/person\/6d8aed1579a1f4a97e1c552a5f2a891d","name":"Bruce Katz","image":{"@type":"ImageObject","inLanguage":"fr-FR","@id":"https:\/\/secure.gravatar.com\/avatar\/4c65b2117dbb672d0bda009f0367a4721c9271f1f68b1747fb53d7333079d0f1?s=96&d=mm&r=g","url":"https:\/\/secure.gravatar.com\/avatar\/4c65b2117dbb672d0bda009f0367a4721c9271f1f68b1747fb53d7333079d0f1?s=96&d=mm&r=g","contentUrl":"https:\/\/secure.gravatar.com\/avatar\/4c65b2117dbb672d0bda009f0367a4721c9271f1f68b1747fb53d7333079d0f1?s=96&d=mm&r=g","caption":"Bruce Katz"},"url":"https:\/\/paju.org\/fr\/author\/chadi\/"}]}},"_links":{"self":[{"href":"https:\/\/paju.org\/fr\/wp-json\/wp\/v2\/posts\/255389","targetHints":{"allow":["GET"]}}],"collection":[{"href":"https:\/\/paju.org\/fr\/wp-json\/wp\/v2\/posts"}],"about":[{"href":"https:\/\/paju.org\/fr\/wp-json\/wp\/v2\/types\/post"}],"author":[{"embeddable":true,"href":"https:\/\/paju.org\/fr\/wp-json\/wp\/v2\/users\/4"}],"replies":[{"embeddable":true,"href":"https:\/\/paju.org\/fr\/wp-json\/wp\/v2\/comments?post=255389"}],"version-history":[{"count":4,"href":"https:\/\/paju.org\/fr\/wp-json\/wp\/v2\/posts\/255389\/revisions"}],"predecessor-version":[{"id":255433,"href":"https:\/\/paju.org\/fr\/wp-json\/wp\/v2\/posts\/255389\/revisions\/255433"}],"wp:featuredmedia":[{"embeddable":true,"href":"https:\/\/paju.org\/fr\/wp-json\/wp\/v2\/media\/255386"}],"wp:attachment":[{"href":"https:\/\/paju.org\/fr\/wp-json\/wp\/v2\/media?parent=255389"}],"wp:term":[{"taxonomy":"category","embeddable":true,"href":"https:\/\/paju.org\/fr\/wp-json\/wp\/v2\/categories?post=255389"},{"taxonomy":"post_tag","embeddable":true,"href":"https:\/\/paju.org\/fr\/wp-json\/wp\/v2\/tags?post=255389"}],"curies":[{"name":"wp","href":"https:\/\/api.w.org\/{rel}","templated":true}]}}