{"id":253768,"date":"2024-06-09T12:06:27","date_gmt":"2024-06-09T16:06:27","guid":{"rendered":"https:\/\/paju.org\/?p=253768"},"modified":"2024-06-09T12:17:13","modified_gmt":"2024-06-09T16:17:13","slug":"israel-ne-peut-pas-gagner-contre-le-hezbollah-ou-le-hamas-general-israelien","status":"publish","type":"post","link":"https:\/\/paju.org\/fr\/israel-ne-peut-pas-gagner-contre-le-hezbollah-ou-le-hamas-general-israelien\/","title":{"rendered":"\u00ab Isra\u00ebl ne peut pas gagner contre le Hezbollah ou le Hamas \u00bb : g\u00e9n\u00e9ral isra\u00e9lien"},"content":{"rendered":"\n<p><em>Le g\u00e9n\u00e9ral isra\u00e9lien Yitzhak Brik affirme que l&#8217;occupation isra\u00e9lienne est vou\u00e9e \u00e0 l&#8217;\u00e9chec face au Hezbollah et au Hamas en raison de sa faiblesse toujours croissante.<\/em><\/p>\n\n\n\n<p><strong>Traduit de l\u2019anglais par PAJU<\/strong><\/p>\n\n\n\n<p>Les forces d\u2019occupation isra\u00e9liennes conna\u00eetront un \u00e9chec dans leur guerre contre le Hamas, et elles conna\u00eetront certainement le m\u00eame sort dans une guerre contre le Hezbollah, a d\u00e9clar\u00e9 vendredi le g\u00e9n\u00e9ral de division de r\u00e9serve isra\u00e9lien et analyste militaire Yitzhak Brik dans un \u00e9ditorial pour le <em>Jerusalem Post<\/em>.<\/p>\n\n\n\n<p>Brik a soulign\u00e9 que les FOI ne pouvaient vaincre aucune des deux factions de la R\u00e9sistance, non pas parce qu&#8217;elles ne recherchent pas la victoire, mais simplement parce qu&#8217;elles ne peuvent pas sortir victorieuses, citant l&#8217;arm\u00e9e \u00ab petite et faible \u00bb qui n&#8217;a \u00ab aucun exc\u00e9dent de forces \u00bb.<\/p>\n\n\n\n<p>\u00abChaque jour o\u00f9 la guerre continue, <a href=\"https:\/\/english.almayadeen.net\/news\/politics\/-israel-s--situation-getting-worse-by-the-day--iran-says\">notre situation s&#8217;aggrave<\/a>\u00bb, a-t-il d\u00e9clar\u00e9, d\u00e9non\u00e7ant le fait que les FOI et l&#8217;occupation isra\u00e9lienne se dirigeaient en elles-m\u00eames vers un effondrement interne.<\/p>\n\n\n\n<p>Brik n&#8217;en avait pour responsable que le cabinet de guerre, responsable de la gestion de l&#8217;entit\u00e9 isra\u00e9lienne dans de tels moments, condamnant l&#8217;organisme en affirmant que ses membres n&#8217;avaient &#8220;qu&#8217;un seul objectif quotidien&#8221;, celui de continuer la guerre, quel qu&#8217;en soit le prix, pourvu qu&#8217;elle sauvegarde leurs positions politiques.<\/p>\n\n\n\n<p>\u00abIls doivent \u00eatre arr\u00eat\u00e9s. Ils conduisent le peuple d&#8217;Isra\u00ebl comme des moutons \u00e0 l&#8217;abattoir\u00bb, a-t-il d\u00e9clar\u00e9, r\u00e9it\u00e9rant qu&#8217;ils ne se souciaient pas de l&#8217;occupation isra\u00e9lienne elle-m\u00eame mais plut\u00f4t de leurs propres rangs au sein de celle-ci.<\/p>\n\n\n\n<p>Le g\u00e9n\u00e9ral de brigade isra\u00e9lien a soulign\u00e9 qu&#8217;il avait imagin\u00e9 tout ce qui se passerait lors de<a href=\"https:\/\/english.almayadeen.net\/news\/politics\/sinwar-unaffected-by-recent-israeli-rafah-offensive--israeli\"> l&#8217;invasion de Rafah<\/a> avant qu&#8217;elle ne se produise, soulignant qu&#8217;\u00ab Isra\u00ebl \u00bb est en train de \u00ab perdre le contr\u00f4le des nations du monde \u00bb d&#8217;une mani\u00e8re que les Isra\u00e9liens n&#8217;avaient jamais connue, y compris leurs liens avec l&#8217;\u00c9gypte. .<\/p>\n\n\n\n<p>L\u2019occupation isra\u00e9lienne \u00ab doit arr\u00eater les destructions et se distancier imm\u00e9diatement de ces fauteurs de guerre qui nous \u00e9garent \u00bb.<\/p>\n\n\n\n<p>Selon Brik, le gouvernement isra\u00e9lien <a href=\"https:\/\/english.almayadeen.net\/news\/politics\/full-scale-war-in-lebanon-will-push--israel--into-abyss--isr\">entra\u00eene les colons dans l\u2019ab\u00eeme<\/a>, soulignant une fois de plus que les dirigeants du r\u00e9gime isra\u00e9lien sacrifiaient le projet colonial de peuplement pour leurs propres gains personnels.<\/p>\n\n\n\n<p>Il a soulign\u00e9 que la seule solution \u00e0 ce stade \u00e9tait que le cabinet d\u00e9clare un cessez-le-feu et r\u00e9alise qu&#8217;il ne peut pas ramener les captifs isra\u00e9liens par la violence.<\/p>\n\n\n\n<p><strong>Rafah \u00e9tait une \u00aberreur tragique\u00bb<\/strong><\/p>\n\n\n\n<p>L\u2019entr\u00e9e dans la ville de Rafah, dans le sud de Gaza, n\u2019a pas profit\u00e9 \u00e0 \u00ab Isra\u00ebl \u00bb, avait soulign\u00e9 Brik plus t\u00f4t dans <a href=\"https:\/\/english.almayadeen.net\/news\/politics\/-israel--lost-the-war-against-hamas--res--general-yitzhak-br\">une tribune pour <em>Maariv<\/em><\/a>.<\/p>\n\n\n\n<p>Brik a consid\u00e9r\u00e9 que l&#8217;entr\u00e9e \u00e0 Rafah \u00e9tait une \u00ab erreur tragique \u00bb qui a isol\u00e9 \u00ab Isra\u00ebl \u00bb du reste du monde et mis en danger la paix avec l&#8217;\u00c9gypte, sugg\u00e9rant que cette d\u00e9cision emp\u00eacherait \u00e0 jamais l&#8217;entit\u00e9 d&#8217;occupation isra\u00e9lienne de r\u00e9cup\u00e9rer les captifs d\u00e9tenus par la R\u00e9sistance palestinienne \u00e0 Gaza. .<\/p>\n\n\n\n<p>A propos de ses rencontres avec le Premier ministre isra\u00e9lien Benjamin Netanyahu, le g\u00e9n\u00e9ral de brigade de r\u00e9serve isra\u00e9lien a d\u00e9clar\u00e9 qu&#8217;il avait expliqu\u00e9 \u00e0 plusieurs reprises au Premier ministre les raisons pour lesquelles il fallait \u00e9viter d&#8217;entrer \u00e0 Rafah.<\/p>\n\n\n\n<p>Il a r\u00e9v\u00e9l\u00e9 que Netanyahu l&#8217;avait tromp\u00e9 en lui faisant croire qu&#8217;il \u00e9tait convaincu par les raisons, mais d\u00e8s la fin de la r\u00e9union, Netanyahu a donn\u00e9 la<a href=\"https:\/\/english.almayadeen.net\/news\/politics\/conclusions-can-confirm-netanyahu-prolongs-war-for-own-inter\"> priorit\u00e9 \u00e0 ses propres int\u00e9r\u00eats<\/a> plut\u00f4t qu&#8217;\u00e0 \u00ab ceux d&#8217;Isra\u00ebl \u00bb.<\/p>\n\n\n\n<p>Brik a d\u00e9clar\u00e9 \u00e0 la radio publique isra\u00e9lienne que l&#8217;arm\u00e9e isra\u00e9lienne \u00ab r\u00e9pand des illusions, jette de la poudre aux yeux des Isra\u00e9liens et ne dit pas la v\u00e9rit\u00e9 \u00bb.<\/p>\n\n\n\n<p>R\u00e9it\u00e9rant la n\u00e9cessit\u00e9 d&#8217;arr\u00eater les combats, Brik a reconnu qu&#8217;\u00ab Isra\u00ebl \u00bb dispose d&#8217;\u00ab une petite arm\u00e9e incapable de vaincre le Hamas \u00bb et que cette arm\u00e9e sera certainement confront\u00e9e \u00e0 un probl\u00e8me si elle d\u00e9clenche une guerre \u00e0 grande \u00e9chelle.<\/p>\n\n\n\n<p><strong><a href=\"https:\/\/english.almayadeen.net\/news\/politics\/-israel-cannot-win-against-hezbollah-or-hamas---israeli-gene\">&#8216;Israel cannot win against Hezbollah or Hamas&#8217;: Israeli general | Al Mayadeen English<\/a><\/strong><\/p>\n\n\n\n<p><strong>NOTE DE PAJU&nbsp;:<\/strong><\/p>\n\n\n\n<p>Ces propos de ce g\u00e9n\u00e9ral de r\u00e9serve de Tsahal mettent en lumi\u00e8re la r\u00e9alit\u00e9. Isra\u00ebl ne peut pas maintenir un conflit prolong\u00e9. Elle n\u2019a pas les effectifs ni la capacit\u00e9 de soutenir un tel conflit, quels que soient la port\u00e9e de ses crimes et sa grande brutalit\u00e9 contre une population civile palestinienne sans d\u00e9fense. Cet \u00c9tat voyou &#8211; dont les colons fascistes d\u00e9cha\u00een\u00e9s font partie int\u00e9grante &#8211; risque une \u00e9ventuelle d\u00e9faite strat\u00e9gique et un effondrement dans tout sc\u00e9nario d\u2019attrition. Les Isra\u00e9liens les plus conscients de la r\u00e9alit\u00e9 voient ce qui est \u00e9crit sur le mur et pr\u00e9parent leur sortie et leur fuite dans ce qui est une \u00ab <em>Alya<\/em>\u00bb invers\u00e9e (<a href=\"https:\/\/www.larousse.fr\/dictionnaires\/francais\/alya\/10910125\">D\u00e9finitions : alya &#8211; Dictionnaire de fran\u00e7ais Larousse<\/a>). De nombreux Isra\u00e9liens poss\u00e8dent un deuxi\u00e8me (et certains m\u00eame un troisi\u00e8me) passeport qui sont renouvel\u00e9s et tenus \u00e0 jour et pr\u00eats. Peu de gens veulent mourir ou voir leurs enfants tu\u00e9s ou mutil\u00e9s pour d\u00e9fendre cet \u00c9tat colonial \u00e0 bout de souffle avec son occupation ill\u00e9gale des terres palestiniennes et son vol de ressources palestiniennes. C\u2019est le d\u00e9but de la fin du projet sioniste d\u2019un \u00ab <a href=\"https:\/\/www.europe-solidaire.org\/spip.php?article68466\">Grand Isra\u00ebl<\/a> \u00bb. Vers un \u00c9tat unique et d\u00e9mocratique <strong>du fleuve \u00e0 la mer<\/strong>, avec des droits civils \u00e9gaux d&#8217;une citoyennet\u00e9 unique pour tous ceux et celles qui adoptent les valeurs de d\u00e9mocratie et d&#8217;\u00e9galit\u00e9 des droits pour tous!<\/p>\n\n\n\n<p><strong>Lire aussi:<\/strong><\/p>\n\n\n\n<p><a href=\"https:\/\/blogs.mediapart.fr\/yorgos-mitralias\/blog\/240524\/meme-s-il-evite-la-guerre-civile-la-crise-finale-d-israel-s-annonce-cataclysmique\">https:\/\/blogs.mediapart.fr\/yorgos-mitralias\/blog\/240524\/meme-s-il-evite-la-guerre-civile-la-crise-finale-d-israel-s-annonce-cataclysmique<\/a><\/p>\n\n\n\n<p><a href=\"https:\/\/www.fischer02003.over-blog.com\/2024\/06\/crise-finale-d-israel.html\">https:\/\/www.fischer02003.over-blog.com\/2024\/06\/crise-finale-d-israel.html<\/a><\/p>\n\n\n\n<p><a href=\"https:\/\/paju.org\/fr\/un-amalgame-qui-mine-la-paix-sociale\">https:\/\/paju.org\/fr\/un-amalgame-qui-mine-la-paix-sociale<\/a><\/p>\n","protected":false},"excerpt":{"rendered":"<p>Les forces d&#8217;occupation isra\u00e9liennes conna\u00eetront un \u00e9chec  contre le Hamas et le m\u00eame sort contre Hezbollah constate le g\u00e9n\u00e9ral isra\u00e9lien Yitzhak Brik dans un \u00e9ditorial pour le J\u00e9rusalem Post.<\/p>\n","protected":false},"author":4,"featured_media":253766,"comment_status":"closed","ping_status":"closed","sticky":false,"template":"","format":"standard","meta":{"_acf_changed":false,"_et_pb_use_builder":"","_et_pb_old_content":"","_et_gb_content_width":"","footnotes":""},"categories":[94],"tags":[],"class_list":["post-253768","post","type-post","status-publish","format-standard","has-post-thumbnail","hentry","category-bulletin-fr"],"acf":[],"yoast_head":"<!-- This site is optimized with the Yoast SEO plugin v25.8 - https:\/\/yoast.com\/wordpress\/plugins\/seo\/ -->\n<title>\u00ab Isra\u00ebl ne peut pas gagner contre le Hezbollah ou le Hamas \u00bb : g\u00e9n\u00e9ral isra\u00e9lien - PAJU<\/title>\n<meta name=\"description\" content=\"Les forces d&#039;occupation isra\u00e9liennes conna\u00eetront un \u00e9chec contre le Hamas et le m\u00eame sort contre Hezbollah constate le g\u00e9n\u00e9ral isra\u00e9lien Yitzhak Brik dans un \u00e9ditorial pour le J\u00e9rusalem Post.\" \/>\n<meta name=\"robots\" content=\"index, follow, max-snippet:-1, max-image-preview:large, max-video-preview:-1\" \/>\n<link rel=\"canonical\" href=\"https:\/\/paju.org\/fr\/israel-ne-peut-pas-gagner-contre-le-hezbollah-ou-le-hamas-general-israelien\/\" \/>\n<meta property=\"og:locale\" content=\"fr_FR\" \/>\n<meta property=\"og:type\" content=\"article\" \/>\n<meta property=\"og:title\" content=\"\u00ab Isra\u00ebl ne peut pas gagner contre le Hezbollah ou le Hamas \u00bb : g\u00e9n\u00e9ral isra\u00e9lien - PAJU\" \/>\n<meta property=\"og:description\" content=\"Les forces d&#039;occupation isra\u00e9liennes conna\u00eetront un \u00e9chec contre le Hamas et le m\u00eame sort contre Hezbollah constate le g\u00e9n\u00e9ral isra\u00e9lien Yitzhak Brik dans un \u00e9ditorial pour le J\u00e9rusalem Post.\" \/>\n<meta property=\"og:site_name\" content=\"PAJU\" \/>\n<meta property=\"article:publisher\" content=\"https:\/\/www.facebook.com\/pajumontreal\" \/>\n<meta property=\"article:published_time\" content=\"2024-06-09T16:06:27+00:00\" \/>\n<meta property=\"article:modified_time\" content=\"2024-06-09T16:17:13+00:00\" \/>\n<meta property=\"og:image\" content=\"https:\/\/paju.org\/wp-content\/uploads\/A-weary-Prime-Minister-Benjamin-Netanyahu.-photo-credit-MARC-ISRAEL-SELLEM-THE-JERUSALEM-POST.jpg\" \/>\n\t<meta property=\"og:image:width\" content=\"822\" \/>\n\t<meta property=\"og:image:height\" content=\"537\" \/>\n\t<meta property=\"og:image:type\" content=\"image\/jpeg\" \/>\n<meta name=\"author\" content=\"Bruce Katz\" \/>\n<meta name=\"twitter:card\" content=\"summary_large_image\" \/>\n<meta name=\"twitter:label1\" content=\"\u00c9crit par\" \/>\n\t<meta name=\"twitter:data1\" content=\"Bruce Katz\" \/>\n\t<meta name=\"twitter:label2\" content=\"Dur\u00e9e de lecture estim\u00e9e\" \/>\n\t<meta name=\"twitter:data2\" content=\"4 minutes\" \/>\n<script type=\"application\/ld+json\" class=\"yoast-schema-graph\">{\"@context\":\"https:\/\/schema.org\",\"@graph\":[{\"@type\":\"Article\",\"@id\":\"https:\/\/paju.org\/fr\/israel-ne-peut-pas-gagner-contre-le-hezbollah-ou-le-hamas-general-israelien\/#article\",\"isPartOf\":{\"@id\":\"https:\/\/paju.org\/fr\/israel-ne-peut-pas-gagner-contre-le-hezbollah-ou-le-hamas-general-israelien\/\"},\"author\":{\"name\":\"Bruce Katz\",\"@id\":\"https:\/\/paju.org\/fr\/#\/schema\/person\/6d8aed1579a1f4a97e1c552a5f2a891d\"},\"headline\":\"\u00ab Isra\u00ebl ne peut pas gagner contre le Hezbollah ou le Hamas \u00bb : g\u00e9n\u00e9ral isra\u00e9lien\",\"datePublished\":\"2024-06-09T16:06:27+00:00\",\"dateModified\":\"2024-06-09T16:17:13+00:00\",\"mainEntityOfPage\":{\"@id\":\"https:\/\/paju.org\/fr\/israel-ne-peut-pas-gagner-contre-le-hezbollah-ou-le-hamas-general-israelien\/\"},\"wordCount\":1030,\"publisher\":{\"@id\":\"https:\/\/paju.org\/fr\/#organization\"},\"image\":{\"@id\":\"https:\/\/paju.org\/fr\/israel-ne-peut-pas-gagner-contre-le-hezbollah-ou-le-hamas-general-israelien\/#primaryimage\"},\"thumbnailUrl\":\"https:\/\/paju.org\/wp-content\/uploads\/A-weary-Prime-Minister-Benjamin-Netanyahu.-photo-credit-MARC-ISRAEL-SELLEM-THE-JERUSALEM-POST.jpg\",\"articleSection\":[\"Notre bulletin\"],\"inLanguage\":\"fr-FR\"},{\"@type\":\"WebPage\",\"@id\":\"https:\/\/paju.org\/fr\/israel-ne-peut-pas-gagner-contre-le-hezbollah-ou-le-hamas-general-israelien\/\",\"url\":\"https:\/\/paju.org\/fr\/israel-ne-peut-pas-gagner-contre-le-hezbollah-ou-le-hamas-general-israelien\/\",\"name\":\"\u00ab Isra\u00ebl ne peut pas gagner contre le Hezbollah ou le Hamas \u00bb : g\u00e9n\u00e9ral isra\u00e9lien - PAJU\",\"isPartOf\":{\"@id\":\"https:\/\/paju.org\/fr\/#website\"},\"primaryImageOfPage\":{\"@id\":\"https:\/\/paju.org\/fr\/israel-ne-peut-pas-gagner-contre-le-hezbollah-ou-le-hamas-general-israelien\/#primaryimage\"},\"image\":{\"@id\":\"https:\/\/paju.org\/fr\/israel-ne-peut-pas-gagner-contre-le-hezbollah-ou-le-hamas-general-israelien\/#primaryimage\"},\"thumbnailUrl\":\"https:\/\/paju.org\/wp-content\/uploads\/A-weary-Prime-Minister-Benjamin-Netanyahu.-photo-credit-MARC-ISRAEL-SELLEM-THE-JERUSALEM-POST.jpg\",\"datePublished\":\"2024-06-09T16:06:27+00:00\",\"dateModified\":\"2024-06-09T16:17:13+00:00\",\"description\":\"Les forces d'occupation isra\u00e9liennes conna\u00eetront un \u00e9chec contre le Hamas et le m\u00eame sort contre Hezbollah constate le g\u00e9n\u00e9ral isra\u00e9lien Yitzhak Brik dans un \u00e9ditorial pour le J\u00e9rusalem Post.\",\"breadcrumb\":{\"@id\":\"https:\/\/paju.org\/fr\/israel-ne-peut-pas-gagner-contre-le-hezbollah-ou-le-hamas-general-israelien\/#breadcrumb\"},\"inLanguage\":\"fr-FR\",\"potentialAction\":[{\"@type\":\"ReadAction\",\"target\":[\"https:\/\/paju.org\/fr\/israel-ne-peut-pas-gagner-contre-le-hezbollah-ou-le-hamas-general-israelien\/\"]}]},{\"@type\":\"ImageObject\",\"inLanguage\":\"fr-FR\",\"@id\":\"https:\/\/paju.org\/fr\/israel-ne-peut-pas-gagner-contre-le-hezbollah-ou-le-hamas-general-israelien\/#primaryimage\",\"url\":\"https:\/\/paju.org\/wp-content\/uploads\/A-weary-Prime-Minister-Benjamin-Netanyahu.-photo-credit-MARC-ISRAEL-SELLEM-THE-JERUSALEM-POST.jpg\",\"contentUrl\":\"https:\/\/paju.org\/wp-content\/uploads\/A-weary-Prime-Minister-Benjamin-Netanyahu.-photo-credit-MARC-ISRAEL-SELLEM-THE-JERUSALEM-POST.jpg\",\"width\":822,\"height\":537},{\"@type\":\"BreadcrumbList\",\"@id\":\"https:\/\/paju.org\/fr\/israel-ne-peut-pas-gagner-contre-le-hezbollah-ou-le-hamas-general-israelien\/#breadcrumb\",\"itemListElement\":[{\"@type\":\"ListItem\",\"position\":1,\"name\":\"Home\",\"item\":\"https:\/\/paju.org\/fr\/\"},{\"@type\":\"ListItem\",\"position\":2,\"name\":\"\u00ab Isra\u00ebl ne peut pas gagner contre le Hezbollah ou le Hamas \u00bb : g\u00e9n\u00e9ral isra\u00e9lien\"}]},{\"@type\":\"WebSite\",\"@id\":\"https:\/\/paju.org\/fr\/#website\",\"url\":\"https:\/\/paju.org\/fr\/\",\"name\":\"PAJU\",\"description\":\"\",\"publisher\":{\"@id\":\"https:\/\/paju.org\/fr\/#organization\"},\"potentialAction\":[{\"@type\":\"SearchAction\",\"target\":{\"@type\":\"EntryPoint\",\"urlTemplate\":\"https:\/\/paju.org\/fr\/?s={search_term_string}\"},\"query-input\":{\"@type\":\"PropertyValueSpecification\",\"valueRequired\":true,\"valueName\":\"search_term_string\"}}],\"inLanguage\":\"fr-FR\"},{\"@type\":\"Organization\",\"@id\":\"https:\/\/paju.org\/fr\/#organization\",\"name\":\"Palestinian and Jewish Unity\",\"url\":\"https:\/\/paju.org\/fr\/\",\"logo\":{\"@type\":\"ImageObject\",\"inLanguage\":\"fr-FR\",\"@id\":\"https:\/\/paju.org\/fr\/#\/schema\/logo\/image\/\",\"url\":\"https:\/\/paju.org\/wp-content\/uploads\/PAJU-Logo.png\",\"contentUrl\":\"https:\/\/paju.org\/wp-content\/uploads\/PAJU-Logo.png\",\"width\":696,\"height\":293,\"caption\":\"Palestinian and Jewish Unity\"},\"image\":{\"@id\":\"https:\/\/paju.org\/fr\/#\/schema\/logo\/image\/\"},\"sameAs\":[\"https:\/\/www.facebook.com\/pajumontreal\",\"https:\/\/www.instagram.com\/pajumontreal\/\"]},{\"@type\":\"Person\",\"@id\":\"https:\/\/paju.org\/fr\/#\/schema\/person\/6d8aed1579a1f4a97e1c552a5f2a891d\",\"name\":\"Bruce Katz\",\"image\":{\"@type\":\"ImageObject\",\"inLanguage\":\"fr-FR\",\"@id\":\"https:\/\/paju.org\/fr\/#\/schema\/person\/image\/\",\"url\":\"https:\/\/secure.gravatar.com\/avatar\/4c65b2117dbb672d0bda009f0367a4721c9271f1f68b1747fb53d7333079d0f1?s=96&d=mm&r=g\",\"contentUrl\":\"https:\/\/secure.gravatar.com\/avatar\/4c65b2117dbb672d0bda009f0367a4721c9271f1f68b1747fb53d7333079d0f1?s=96&d=mm&r=g\",\"caption\":\"Bruce Katz\"},\"url\":\"https:\/\/paju.org\/fr\/author\/chadi\/\"}]}<\/script>\n<!-- \/ Yoast SEO plugin. -->","yoast_head_json":{"title":"\u00ab Isra\u00ebl ne peut pas gagner contre le Hezbollah ou le Hamas \u00bb : g\u00e9n\u00e9ral isra\u00e9lien - PAJU","description":"Les forces d'occupation isra\u00e9liennes conna\u00eetront un \u00e9chec contre le Hamas et le m\u00eame sort contre Hezbollah constate le g\u00e9n\u00e9ral isra\u00e9lien Yitzhak Brik dans un \u00e9ditorial pour le J\u00e9rusalem Post.","robots":{"index":"index","follow":"follow","max-snippet":"max-snippet:-1","max-image-preview":"max-image-preview:large","max-video-preview":"max-video-preview:-1"},"canonical":"https:\/\/paju.org\/fr\/israel-ne-peut-pas-gagner-contre-le-hezbollah-ou-le-hamas-general-israelien\/","og_locale":"fr_FR","og_type":"article","og_title":"\u00ab Isra\u00ebl ne peut pas gagner contre le Hezbollah ou le Hamas \u00bb : g\u00e9n\u00e9ral isra\u00e9lien - PAJU","og_description":"Les forces d'occupation isra\u00e9liennes conna\u00eetront un \u00e9chec contre le Hamas et le m\u00eame sort contre Hezbollah constate le g\u00e9n\u00e9ral isra\u00e9lien Yitzhak Brik dans un \u00e9ditorial pour le J\u00e9rusalem Post.","og_site_name":"PAJU","article_publisher":"https:\/\/www.facebook.com\/pajumontreal","article_published_time":"2024-06-09T16:06:27+00:00","article_modified_time":"2024-06-09T16:17:13+00:00","og_image":[{"width":822,"height":537,"url":"https:\/\/paju.org\/wp-content\/uploads\/A-weary-Prime-Minister-Benjamin-Netanyahu.-photo-credit-MARC-ISRAEL-SELLEM-THE-JERUSALEM-POST.jpg","type":"image\/jpeg"}],"author":"Bruce Katz","twitter_card":"summary_large_image","twitter_misc":{"\u00c9crit par":"Bruce Katz","Dur\u00e9e de lecture estim\u00e9e":"4 minutes"},"schema":{"@context":"https:\/\/schema.org","@graph":[{"@type":"Article","@id":"https:\/\/paju.org\/fr\/israel-ne-peut-pas-gagner-contre-le-hezbollah-ou-le-hamas-general-israelien\/#article","isPartOf":{"@id":"https:\/\/paju.org\/fr\/israel-ne-peut-pas-gagner-contre-le-hezbollah-ou-le-hamas-general-israelien\/"},"author":{"name":"Bruce Katz","@id":"https:\/\/paju.org\/fr\/#\/schema\/person\/6d8aed1579a1f4a97e1c552a5f2a891d"},"headline":"\u00ab Isra\u00ebl ne peut pas gagner contre le Hezbollah ou le Hamas \u00bb : g\u00e9n\u00e9ral isra\u00e9lien","datePublished":"2024-06-09T16:06:27+00:00","dateModified":"2024-06-09T16:17:13+00:00","mainEntityOfPage":{"@id":"https:\/\/paju.org\/fr\/israel-ne-peut-pas-gagner-contre-le-hezbollah-ou-le-hamas-general-israelien\/"},"wordCount":1030,"publisher":{"@id":"https:\/\/paju.org\/fr\/#organization"},"image":{"@id":"https:\/\/paju.org\/fr\/israel-ne-peut-pas-gagner-contre-le-hezbollah-ou-le-hamas-general-israelien\/#primaryimage"},"thumbnailUrl":"https:\/\/paju.org\/wp-content\/uploads\/A-weary-Prime-Minister-Benjamin-Netanyahu.-photo-credit-MARC-ISRAEL-SELLEM-THE-JERUSALEM-POST.jpg","articleSection":["Notre bulletin"],"inLanguage":"fr-FR"},{"@type":"WebPage","@id":"https:\/\/paju.org\/fr\/israel-ne-peut-pas-gagner-contre-le-hezbollah-ou-le-hamas-general-israelien\/","url":"https:\/\/paju.org\/fr\/israel-ne-peut-pas-gagner-contre-le-hezbollah-ou-le-hamas-general-israelien\/","name":"\u00ab Isra\u00ebl ne peut pas gagner contre le Hezbollah ou le Hamas \u00bb : g\u00e9n\u00e9ral isra\u00e9lien - PAJU","isPartOf":{"@id":"https:\/\/paju.org\/fr\/#website"},"primaryImageOfPage":{"@id":"https:\/\/paju.org\/fr\/israel-ne-peut-pas-gagner-contre-le-hezbollah-ou-le-hamas-general-israelien\/#primaryimage"},"image":{"@id":"https:\/\/paju.org\/fr\/israel-ne-peut-pas-gagner-contre-le-hezbollah-ou-le-hamas-general-israelien\/#primaryimage"},"thumbnailUrl":"https:\/\/paju.org\/wp-content\/uploads\/A-weary-Prime-Minister-Benjamin-Netanyahu.-photo-credit-MARC-ISRAEL-SELLEM-THE-JERUSALEM-POST.jpg","datePublished":"2024-06-09T16:06:27+00:00","dateModified":"2024-06-09T16:17:13+00:00","description":"Les forces d'occupation isra\u00e9liennes conna\u00eetront un \u00e9chec contre le Hamas et le m\u00eame sort contre Hezbollah constate le g\u00e9n\u00e9ral isra\u00e9lien Yitzhak Brik dans un \u00e9ditorial pour le J\u00e9rusalem Post.","breadcrumb":{"@id":"https:\/\/paju.org\/fr\/israel-ne-peut-pas-gagner-contre-le-hezbollah-ou-le-hamas-general-israelien\/#breadcrumb"},"inLanguage":"fr-FR","potentialAction":[{"@type":"ReadAction","target":["https:\/\/paju.org\/fr\/israel-ne-peut-pas-gagner-contre-le-hezbollah-ou-le-hamas-general-israelien\/"]}]},{"@type":"ImageObject","inLanguage":"fr-FR","@id":"https:\/\/paju.org\/fr\/israel-ne-peut-pas-gagner-contre-le-hezbollah-ou-le-hamas-general-israelien\/#primaryimage","url":"https:\/\/paju.org\/wp-content\/uploads\/A-weary-Prime-Minister-Benjamin-Netanyahu.-photo-credit-MARC-ISRAEL-SELLEM-THE-JERUSALEM-POST.jpg","contentUrl":"https:\/\/paju.org\/wp-content\/uploads\/A-weary-Prime-Minister-Benjamin-Netanyahu.-photo-credit-MARC-ISRAEL-SELLEM-THE-JERUSALEM-POST.jpg","width":822,"height":537},{"@type":"BreadcrumbList","@id":"https:\/\/paju.org\/fr\/israel-ne-peut-pas-gagner-contre-le-hezbollah-ou-le-hamas-general-israelien\/#breadcrumb","itemListElement":[{"@type":"ListItem","position":1,"name":"Home","item":"https:\/\/paju.org\/fr\/"},{"@type":"ListItem","position":2,"name":"\u00ab Isra\u00ebl ne peut pas gagner contre le Hezbollah ou le Hamas \u00bb : g\u00e9n\u00e9ral isra\u00e9lien"}]},{"@type":"WebSite","@id":"https:\/\/paju.org\/fr\/#website","url":"https:\/\/paju.org\/fr\/","name":"PAJU","description":"","publisher":{"@id":"https:\/\/paju.org\/fr\/#organization"},"potentialAction":[{"@type":"SearchAction","target":{"@type":"EntryPoint","urlTemplate":"https:\/\/paju.org\/fr\/?s={search_term_string}"},"query-input":{"@type":"PropertyValueSpecification","valueRequired":true,"valueName":"search_term_string"}}],"inLanguage":"fr-FR"},{"@type":"Organization","@id":"https:\/\/paju.org\/fr\/#organization","name":"Palestinian and Jewish Unity","url":"https:\/\/paju.org\/fr\/","logo":{"@type":"ImageObject","inLanguage":"fr-FR","@id":"https:\/\/paju.org\/fr\/#\/schema\/logo\/image\/","url":"https:\/\/paju.org\/wp-content\/uploads\/PAJU-Logo.png","contentUrl":"https:\/\/paju.org\/wp-content\/uploads\/PAJU-Logo.png","width":696,"height":293,"caption":"Palestinian and Jewish Unity"},"image":{"@id":"https:\/\/paju.org\/fr\/#\/schema\/logo\/image\/"},"sameAs":["https:\/\/www.facebook.com\/pajumontreal","https:\/\/www.instagram.com\/pajumontreal\/"]},{"@type":"Person","@id":"https:\/\/paju.org\/fr\/#\/schema\/person\/6d8aed1579a1f4a97e1c552a5f2a891d","name":"Bruce Katz","image":{"@type":"ImageObject","inLanguage":"fr-FR","@id":"https:\/\/paju.org\/fr\/#\/schema\/person\/image\/","url":"https:\/\/secure.gravatar.com\/avatar\/4c65b2117dbb672d0bda009f0367a4721c9271f1f68b1747fb53d7333079d0f1?s=96&d=mm&r=g","contentUrl":"https:\/\/secure.gravatar.com\/avatar\/4c65b2117dbb672d0bda009f0367a4721c9271f1f68b1747fb53d7333079d0f1?s=96&d=mm&r=g","caption":"Bruce Katz"},"url":"https:\/\/paju.org\/fr\/author\/chadi\/"}]}},"_links":{"self":[{"href":"https:\/\/paju.org\/fr\/wp-json\/wp\/v2\/posts\/253768","targetHints":{"allow":["GET"]}}],"collection":[{"href":"https:\/\/paju.org\/fr\/wp-json\/wp\/v2\/posts"}],"about":[{"href":"https:\/\/paju.org\/fr\/wp-json\/wp\/v2\/types\/post"}],"author":[{"embeddable":true,"href":"https:\/\/paju.org\/fr\/wp-json\/wp\/v2\/users\/4"}],"replies":[{"embeddable":true,"href":"https:\/\/paju.org\/fr\/wp-json\/wp\/v2\/comments?post=253768"}],"version-history":[{"count":1,"href":"https:\/\/paju.org\/fr\/wp-json\/wp\/v2\/posts\/253768\/revisions"}],"predecessor-version":[{"id":253771,"href":"https:\/\/paju.org\/fr\/wp-json\/wp\/v2\/posts\/253768\/revisions\/253771"}],"wp:featuredmedia":[{"embeddable":true,"href":"https:\/\/paju.org\/fr\/wp-json\/wp\/v2\/media\/253766"}],"wp:attachment":[{"href":"https:\/\/paju.org\/fr\/wp-json\/wp\/v2\/media?parent=253768"}],"wp:term":[{"taxonomy":"category","embeddable":true,"href":"https:\/\/paju.org\/fr\/wp-json\/wp\/v2\/categories?post=253768"},{"taxonomy":"post_tag","embeddable":true,"href":"https:\/\/paju.org\/fr\/wp-json\/wp\/v2\/tags?post=253768"}],"curies":[{"name":"wp","href":"https:\/\/api.w.org\/{rel}","templated":true}]}}