{"id":253364,"date":"2024-05-26T16:29:29","date_gmt":"2024-05-26T20:29:29","guid":{"rendered":"https:\/\/paju.org\/?p=253364"},"modified":"2024-05-26T16:26:10","modified_gmt":"2024-05-26T20:26:10","slug":"injonctions-durgence-a-montreal-luniversite-des-elites-face-a-luniversite-du-peuple","status":"publish","type":"post","link":"https:\/\/paju.org\/fr\/injonctions-durgence-a-montreal-luniversite-des-elites-face-a-luniversite-du-peuple\/","title":{"rendered":"Injonctions d\u2019urgence \u00e0 Montr\u00e9al : L\u2019universit\u00e9 des \u00e9lites face \u00e0 l\u2019universit\u00e9 du peuple"},"content":{"rendered":"\n<p>Les d\u00e9s \u00e9taient pip\u00e9s d\u2019avance contre le campement de l\u2019UQAM. D\u00e8s les premiers instants de l\u2019audience en Cour sup\u00e9rieure o\u00f9 le juge Louis-Joseph Gouin entendait la demande d\u2019injonction de l\u2019universit\u00e9 pour d\u00e9manteler le campement install\u00e9 depuis la mi-mai, il a d\u00e9clar\u00e9 \u00ab je serais surpris de rejeter enti\u00e8rement l\u2019injonction provisoire sans faire rien d\u2019autre \u00bb.<\/p>\n\n\n\n<p>Au diable les faits et la justice.<\/p>\n\n\n\n<p>En effet, parmi les crit\u00e8res n\u00e9cessaires lors d\u2019une demande d\u2019injonction provisoire la partie demanderesse doit d\u00e9montrer l\u2019urgence d\u2019une situation. Ainsi, il faut d\u00e9montrer que l\u2019intervention d\u2019urgence (provisoire) de la Cour est n\u00e9cessaire et que la partie demanderesse agit avec diligence en faisant la demande.<\/p>\n\n\n\n<p>Dans le cas de McGill, le juge Marc St-Pierre a refus\u00e9 la demande d\u2019injonction de l\u2019Universit\u00e9 McGill visant \u00e0 d\u00e9manteler le campement propalestinien install\u00e9 sur son campus du centre-ville.<\/p>\n\n\n\n<p>Il avait statu\u00e9 que l\u2019institution n\u2019avait pas prouv\u00e9 que la situation au campement \u00e9tait suffisamment urgente pour justifier l\u2019\u00e9mission d\u2019une ordonnance afin de forcer l\u2019\u00e9vacuation des terrains.<\/p>\n\n\n\n<blockquote class=\"wp-block-quote is-layout-flow wp-block-quote-is-layout-flow\">\n<p class=\"has-medium-font-size\">La situation soulevait des questions complexes en raison de la confrontation de deux droits fondamentaux \u2013 dans ce cas-ci, la libert\u00e9 d\u2019expression des manifestant.e.s contre les droits de propri\u00e9t\u00e9 de l\u2019Universit\u00e9 McGill. Il ajoutait qu\u2019il \u00e9tait n\u00e9cessaire d\u2019avoir un d\u00e9bat plus large sur la question, notamment pour d\u00e9terminer si une \u00aboccupation pacifique\u00bb doit relever du droit \u00e0 la libert\u00e9 d\u2019expression.<\/p>\n<cite><strong>Justice St-Pierre<\/strong><\/cite><\/blockquote>\n\n\n\n<p>Selon le juge St-Pierre, la situation soulevait des questions complexes en raison de la confrontation de deux droits fondamentaux \u2013 dans ce cas-ci, la libert\u00e9 d\u2019expression des manifestant.e.s contre les droits de propri\u00e9t\u00e9 de l\u2019Universit\u00e9 McGill. Il ajoutait qu\u2019il \u00e9tait n\u00e9cessaire d\u2019avoir un d\u00e9bat plus large sur la question, notamment pour d\u00e9terminer si une \u00aboccupation pacifique\u00bb doit relever du droit \u00e0 la libert\u00e9 d\u2019expression.<\/p>\n\n\n\n<p>\u00abLa question est importante en plus d\u2019\u00eatre complexe de sorte qu\u2019une analyse plus approfondie que ce qui se fait normalement dans un contexte d\u2019une injonction provisoire est souhaitable\u00bb, a-t-il \u00e9crit.<\/p>\n\n\n\n<div style=\"height:50px\" aria-hidden=\"true\" class=\"wp-block-spacer\"><\/div>\n\n\n\n<h2 class=\"wp-block-heading\"><strong><strong>Pourtant dans les deux cas, les faits sont les m\u00eames<\/strong><\/strong><\/h2>\n\n\n\n<p>\u00c0 priori, il serait possible de penser que la demande d\u2019injonction de l\u2019UQAM \u00e9tait plus \u2018\u2019raisonnable\u2019\u2019 que celle de McGill car elle n&#8217;exige pas la d\u00e9molition compl\u00e8te du campement, seulement sa restriction. Or, si les demandes de l\u2019UQAM \u00e9taient accord\u00e9es, celles-ci m\u00e8neront mat\u00e9riellement au d\u00e9mant\u00e8lement du campement.<\/p>\n\n\n\n<p>Par ailleurs, selon la d\u00e9monstration de preuve par les avocats qui repr\u00e9sentaient le campement, les craintes exprim\u00e9es par l\u2019UQAM n\u2019\u00e9taient \u00ab que des suppositions \u00bb. Effectivement, les manifestant.e.s ont \u00ab cr\u00e9\u00e9 des sorties d\u2019urgence conformes aux consignes du Service [de s\u00e9curit\u00e9] incendie de Montr\u00e9al \u00bb d\u00e8s le 20 mai, et des mesures de s\u00e9curit\u00e9 ont \u00e9t\u00e9 prises sur le campement, o\u00f9 r\u00e8gne un \u00ab esprit de collaboration et d\u2019\u00e9coute \u00bb.<\/p>\n\n\n\n<blockquote class=\"wp-block-quote is-layout-flow wp-block-quote-is-layout-flow\">\n<p class=\"has-medium-font-size\">\u00ab L\u2019urgence nous semble bien maigre\u00bb<\/p>\n<cite>Me. \u00c9milie E. Joly<\/cite><\/blockquote>\n\n\n\n<p>Dans ce contexte, \u00ab L\u2019urgence nous semble bien maigre \u00bb, a ajout\u00e9 l\u2019avocate Me. \u00c9milie E. Joly, pour le Syndicat des professeures et professeurs enseignants de l\u2019UQAM, en d\u00e9crivant le campement comme un lieu \u00ab calme, serein\u00bb.<\/p>\n\n\n\n<p>Or, le principal argument avanc\u00e9 par les avocats repr\u00e9sentant le recteur de l\u2019UQAM, St\u00e9phane Pallage, pour justifier ce recours juridique engag\u00e9 avec des fonds publics \u00e9tait le droit de propri\u00e9t\u00e9 et de gestion de l\u2019UQAM sur l\u2019espace occup\u00e9 par le campement. L\u2019ironie dans le positionnement du recteur est d\u2019ailleurs difficile \u00e0 ignorer\u2026.<\/p>\n\n\n\n<p>De surcro\u00eet, dans leur argumentaire au tribunal, les deux administrations universitaires ont soulev\u00e9 les m\u00eames \u00e9pouvantails pour appeler au d\u00e9mant\u00e8lement et \u00e0 l\u2019urgence de la situation : graffitis, gens masqu\u00e9s, personnes pr\u00e9sentes qui n\u2019\u00e9taient pas aux \u00e9tudes, barricades, portes et acc\u00e8s bloqu\u00e9s.<\/p>\n\n\n\n<div style=\"height:50px\" aria-hidden=\"true\" class=\"wp-block-spacer\"><\/div>\n\n\n\n<h2 class=\"wp-block-heading\"><strong><strong>Deux poids, deux mesures<\/strong><\/strong><\/h2>\n\n\n\n<p>Comment est-ce possible que le juge Gouin a alors pu, d\u00e8s les premiers instants de l\u2019audience, sans m\u00eame avoir entendu ou lu les faits, statuer qu\u2019il devait accorder l\u2019injonction d\u2019urgence \u00e0 l&#8217;UQAM ? Quelle est la diff\u00e9rence entre le cas de McGill et celui de l\u2019UQAM pour justifier un jugement aussi pr\u00e9cipit\u00e9 ?<\/p>\n\n\n\n<p>Dans un article du Devoir, intitul\u00e9 \u00ab<a href=\"https:\/\/www.ledevoir.com\/monde\/812109\/campements-pro-palestine-amerique-memes-buts-traitement-different?\" target=\"_blank\" rel=\"noreferrer noopener\">M\u00eames buts, traitements diff\u00e9rents pour les campements pro-Palestine en Am\u00e9rique<\/a>\u00bb l\u2019autrice, Stephanie Marin, explore le traitement diff\u00e9rent des autorit\u00e9s entre les campus am\u00e9ricains et les campus canadiens.<\/p>\n\n\n\n<p>Elle \u00e9crit : \u00abJusqu\u2019\u00e0 maintenant, les campements sont demeur\u00e9s en place dans les villes canadiennes, un contraste avec les images en provenance des \u00c9tats-Unis qui montrent la police anti\u00e9meute d\u00e9barquer sur les campus pour arr\u00eater de nombreux \u00e9tudiants et arracher les tentes.\u00bb<\/p>\n\n\n\n<p>Au moment de la publication de l\u2019article (le 2 mai), le campement de l\u2019UQAM n\u2019\u00e9tait pas encore \u00e9rig\u00e9. Or, suivant les r\u00e9cents d\u00e9veloppements, serait-il possible de voir se dresser une autre fronti\u00e8re, plus invisible, mais tout aussi r\u00e9v\u00e9latrice?<\/p>\n\n\n\n<p>Un <a href=\"https:\/\/www.nytimes.com\/interactive\/2024\/us\/pro-palestinian-college-protests-encampments.html\" target=\"_blank\" rel=\"noreferrer noopener\">article du New York Times<\/a> publi\u00e9 le 24 mai semble \u00e9clairer la question. On y d\u00e9crit comment, ces derni\u00e8res semaines, des policiers et des administrations universitaires se sont affront\u00e9s avec des manifestants pro-palestiniens sur des dizaines de campus universitaires, arr\u00eatant des \u00e9tudiants et \u00e9tudiantes, supprimant les campements et mena\u00e7ant de cons\u00e9quences acad\u00e9miques. Au total, plus de 2900 personnes ont \u00e9t\u00e9 arr\u00eat\u00e9es ou d\u00e9tenues sur les campus du pays.\u00a0<\/p>\n\n\n\n<p>\u00c0 lui seul, dans l\u2019\u00c9tat de New York, plus de 535 personnes ont \u00e9t\u00e9 arr\u00eat\u00e9es et de ce nombre, 63% de ces arrestations ont eu lieu dans des universit\u00e9s publiques. L&#8217;exercice est loin d\u2019\u00eatre scientifique mais il peut tout de m\u00eame permettre de comprendre certaines r\u00e9alit\u00e9s auxquels le mouvement montr\u00e9alais de solidarit\u00e9 avec la Palestine doit faire face.<\/p>\n\n\n\n<figure class=\"wp-block-image\"><img decoding=\"async\" src=\"https:\/\/lh7-us.googleusercontent.com\/CMk6eKzcBvwikOGblT7TQsHw25v42xRM-lbC9AFUc2MO2tVyIa7q_gWkao2aSEmTdcU-adoFqhKaKDA6MKPTmk1z6QgFMusLCFXlqNGs9cYcW8sBCmrsqEexUDPD1YHBxr26rxiO5QuyDRLRo0FYZkU\" alt=\"\"\/><\/figure>\n\n\n\n<div style=\"height:50px\" aria-hidden=\"true\" class=\"wp-block-spacer\"><\/div>\n\n\n\n<h2 class=\"wp-block-heading\"><strong><strong>Profilage politique et social : <br>\u2018\u2019S\u00e9curit\u00e9\u2019\u2019 pour les uns, R\u00e9pression pour les autres<\/strong><\/strong><\/h2>\n\n\n\n<p>Lors de l\u2019audience de l\u2019UQAM, le juge Gouin a claironn\u00e9 devant tous et toutes que selon lui les policiers de la Ville de Montr\u00e9al ont mis leurs gants blancs en ce qui a trait au traitement des \u00e9tudiants et \u00e9tudiantes au campement de McGill.<\/p>\n\n\n\n<blockquote class=\"wp-block-quote is-layout-flow wp-block-quote-is-layout-flow\">\n<p class=\"has-medium-font-size\">\u00ab Le r\u00f4le des polici\u00e8res et des policiers dans une telle situation est d\u2019assurer la paix, le bon ordre, la s\u00e9curit\u00e9 des personnes, et ce, dans le respect des droits et libert\u00e9s.\u00bb<\/p>\n<cite>SPVM<\/cite><\/blockquote>\n\n\n\n<p>D\u2019ailleurs, suite au jugement de McGill, le <a href=\"https:\/\/spvm.qc.ca\/fr\/Communiques\/Details\/15810\" target=\"_blank\" rel=\"noreferrer noopener\">SPVM a rappel\u00e9<\/a> \u00abque le r\u00f4le des polici\u00e8res et des policiers dans une telle situation est d\u2019assurer la paix, le bon ordre, la s\u00e9curit\u00e9 des personnes, et ce, dans le respect des droits et libert\u00e9s.\u00bb<\/p>\n\n\n\n<p>Par contraste avec ce positionnement de \u2018\u2019bon ordre, s\u00e9curit\u00e9 et respect des droits\u2019\u2019 pour le campement de McGill, le SPVM a d\u00e9ploy\u00e9 son arsenal d\u2019\u00e9meute pour les dizaines de manifestant.e.s pro-palestiniens qui avaient appel\u00e9s \u00e0 un pic-nic familiale \u00e0 l\u2019intersection de la rue St-Urbain et Pr\u00e9sident-Kennedy, le 20 mai dernier lors de la Journ\u00e9e des patriotes.<\/p>\n\n\n\n<p>Les <a href=\"https:\/\/www.instagram.com\/reel\/C7NdVvvoG2M\/\" target=\"_blank\" rel=\"noreferrer noopener\">vid\u00e9os circulant sur les r\u00e9seaux sociaux<\/a> montrent des \u00e9quipes polici\u00e8res sortir leur artillerie lourde v\u00eatu en robocop, claquer sur leurs boucliers et m\u00eame tirer des projectiles lacrymog\u00e8nes directement sur les personnes pr\u00e9sentes. Des personnes en ont re\u00e7u \u00e0 m\u00eame le thorax, sur les jambes et dans la figure.<\/p>\n\n\n\n<p><blockquote class=\"instagram-media\" data-instgrm-captioned=\"\" data-instgrm-permalink=\"https:\/\/www.instagram.com\/reel\/C7NdVvvoG2M\/?utm_source=ig_embed&amp;utm_campaign=loading\" data-instgrm-version=\"14\" style=\" background:#FFF; border:0; border-radius:3px; box-shadow:0 0 1px 0 rgba(0,0,0,0.5),0 1px 10px 0 rgba(0,0,0,0.15); margin: 1px; max-width:540px; min-width:326px; padding:0; width:99.375%; width:-webkit-calc(100% - 2px); width:calc(100% - 2px);\"><div style=\"padding:16px;\"> <a href=\"https:\/\/www.instagram.com\/reel\/C7NdVvvoG2M\/?utm_source=ig_embed&amp;utm_campaign=loading\" style=\" background:#FFFFFF; line-height:0; padding:0 0; text-align:center; text-decoration:none; width:100%;\" target=\"_blank\" rel=\"noopener\"> <div style=\" display: flex; flex-direction: row; align-items: center;\"> <div style=\"background-color: #F4F4F4; border-radius: 50%; flex-grow: 0; height: 40px; margin-right: 14px; width: 40px;\"><\/div> <div style=\"display: flex; flex-direction: column; flex-grow: 1; justify-content: center;\"> <div style=\" background-color: #F4F4F4; border-radius: 4px; flex-grow: 0; height: 14px; margin-bottom: 6px; width: 100px;\"><\/div> <div style=\" background-color: #F4F4F4; border-radius: 4px; flex-grow: 0; height: 14px; width: 60px;\"><\/div><\/div><\/div><div style=\"padding: 19% 0;\"><\/div> <div style=\"display:block; height:50px; margin:0 auto 12px; width:50px;\"><svg width=\"50px\" height=\"50px\" viewBox=\"0 0 60 60\" version=\"1.1\" xmlns=\"https:\/\/www.w3.org\/2000\/svg\" xmlns:xlink=\"https:\/\/www.w3.org\/1999\/xlink\"><g stroke=\"none\" stroke-width=\"1\" fill=\"none\" fill-rule=\"evenodd\"><g transform=\"translate(-511.000000, -20.000000)\" fill=\"#000000\"><g><path d=\"M556.869,30.41 C554.814,30.41 553.148,32.076 553.148,34.131 C553.148,36.186 554.814,37.852 556.869,37.852 C558.924,37.852 560.59,36.186 560.59,34.131 C560.59,32.076 558.924,30.41 556.869,30.41 M541,60.657 C535.114,60.657 530.342,55.887 530.342,50 C530.342,44.114 535.114,39.342 541,39.342 C546.887,39.342 551.658,44.114 551.658,50 C551.658,55.887 546.887,60.657 541,60.657 M541,33.886 C532.1,33.886 524.886,41.1 524.886,50 C524.886,58.899 532.1,66.113 541,66.113 C549.9,66.113 557.115,58.899 557.115,50 C557.115,41.1 549.9,33.886 541,33.886 M565.378,62.101 C565.244,65.022 564.756,66.606 564.346,67.663 C563.803,69.06 563.154,70.057 562.106,71.106 C561.058,72.155 560.06,72.803 558.662,73.347 C557.607,73.757 556.021,74.244 553.102,74.378 C549.944,74.521 548.997,74.552 541,74.552 C533.003,74.552 532.056,74.521 528.898,74.378 C525.979,74.244 524.393,73.757 523.338,73.347 C521.94,72.803 520.942,72.155 519.894,71.106 C518.846,70.057 518.197,69.06 517.654,67.663 C517.244,66.606 516.755,65.022 516.623,62.101 C516.479,58.943 516.448,57.996 516.448,50 C516.448,42.003 516.479,41.056 516.623,37.899 C516.755,34.978 517.244,33.391 517.654,32.338 C518.197,30.938 518.846,29.942 519.894,28.894 C520.942,27.846 521.94,27.196 523.338,26.654 C524.393,26.244 525.979,25.756 528.898,25.623 C532.057,25.479 533.004,25.448 541,25.448 C548.997,25.448 549.943,25.479 553.102,25.623 C556.021,25.756 557.607,26.244 558.662,26.654 C560.06,27.196 561.058,27.846 562.106,28.894 C563.154,29.942 563.803,30.938 564.346,32.338 C564.756,33.391 565.244,34.978 565.378,37.899 C565.522,41.056 565.552,42.003 565.552,50 C565.552,57.996 565.522,58.943 565.378,62.101 M570.82,37.631 C570.674,34.438 570.167,32.258 569.425,30.349 C568.659,28.377 567.633,26.702 565.965,25.035 C564.297,23.368 562.623,22.342 560.652,21.575 C558.743,20.834 556.562,20.326 553.369,20.18 C550.169,20.033 549.148,20 541,20 C532.853,20 531.831,20.033 528.631,20.18 C525.438,20.326 523.257,20.834 521.349,21.575 C519.376,22.342 517.703,23.368 516.035,25.035 C514.368,26.702 513.342,28.377 512.574,30.349 C511.834,32.258 511.326,34.438 511.181,37.631 C511.035,40.831 511,41.851 511,50 C511,58.147 511.035,59.17 511.181,62.369 C511.326,65.562 511.834,67.743 512.574,69.651 C513.342,71.625 514.368,73.296 516.035,74.965 C517.703,76.634 519.376,77.658 521.349,78.425 C523.257,79.167 525.438,79.673 528.631,79.82 C531.831,79.965 532.853,80.001 541,80.001 C549.148,80.001 550.169,79.965 553.369,79.82 C556.562,79.673 558.743,79.167 560.652,78.425 C562.623,77.658 564.297,76.634 565.965,74.965 C567.633,73.296 568.659,71.625 569.425,69.651 C570.167,67.743 570.674,65.562 570.82,62.369 C570.966,59.17 571,58.147 571,50 C571,41.851 570.966,40.831 570.82,37.631\"><\/path><\/g><\/g><\/g><\/svg><\/div><div style=\"padding-top: 8px;\"> <div style=\" color:#3897f0; font-family:Arial,sans-serif; font-size:14px; font-style:normal; font-weight:550; line-height:18px;\">View this post on Instagram<\/div><\/div><div style=\"padding: 12.5% 0;\"><\/div> <div style=\"display: flex; flex-direction: row; margin-bottom: 14px; align-items: center;\"><div> <div style=\"background-color: #F4F4F4; border-radius: 50%; height: 12.5px; width: 12.5px; transform: translateX(0px) translateY(7px);\"><\/div> <div style=\"background-color: #F4F4F4; height: 12.5px; transform: rotate(-45deg) translateX(3px) translateY(1px); width: 12.5px; flex-grow: 0; margin-right: 14px; margin-left: 2px;\"><\/div> <div style=\"background-color: #F4F4F4; border-radius: 50%; height: 12.5px; width: 12.5px; transform: translateX(9px) translateY(-18px);\"><\/div><\/div><div style=\"margin-left: 8px;\"> <div style=\" background-color: #F4F4F4; border-radius: 50%; flex-grow: 0; height: 20px; width: 20px;\"><\/div> <div style=\" width: 0; height: 0; border-top: 2px solid transparent; border-left: 6px solid #f4f4f4; border-bottom: 2px solid transparent; transform: translateX(16px) translateY(-4px) rotate(30deg)\"><\/div><\/div><div style=\"margin-left: auto;\"> <div style=\" width: 0px; border-top: 8px solid #F4F4F4; border-right: 8px solid transparent; transform: translateY(16px);\"><\/div> <div style=\" background-color: #F4F4F4; flex-grow: 0; height: 12px; width: 16px; transform: translateY(-4px);\"><\/div> <div style=\" width: 0; height: 0; border-top: 8px solid #F4F4F4; border-left: 8px solid transparent; transform: translateY(-4px) translateX(8px);\"><\/div><\/div><\/div> <div style=\"display: flex; flex-direction: column; flex-grow: 1; justify-content: center; margin-bottom: 24px;\"> <div style=\" background-color: #F4F4F4; border-radius: 4px; flex-grow: 0; height: 14px; margin-bottom: 6px; width: 224px;\"><\/div> <div style=\" background-color: #F4F4F4; border-radius: 4px; flex-grow: 0; height: 14px; width: 144px;\"><\/div><\/div><\/a><p style=\" color:#c9c8cd; font-family:Arial,sans-serif; font-size:14px; line-height:17px; margin-bottom:0; margin-top:8px; overflow:hidden; padding:8px 0 7px; text-align:center; text-overflow:ellipsis; white-space:nowrap;\"><a href=\"https:\/\/www.instagram.com\/reel\/C7NdVvvoG2M\/?utm_source=ig_embed&amp;utm_campaign=loading\" style=\" color:#c9c8cd; font-family:Arial,sans-serif; font-size:14px; font-style:normal; font-weight:normal; line-height:17px; text-decoration:none;\" target=\"_blank\" rel=\"noopener\">A post shared by SolidaritePalestine \u00e0 l&#8217;UQAM (@sdhpp.uqam)<\/a><\/p><\/div><\/blockquote> <script async=\"\" src=\"\/\/www.instagram.com\/embed.js\"><\/script><\/p>\n\n\n\n<p><a href=\"https:\/\/www.instagram.com\/p\/C7Pji3uvyCS\/?utm_source=ig_web_copy_link&amp;igsh=MzRlODBiNWFlZA%3D%3D&amp;img_index=4\" target=\"_blank\" rel=\"noreferrer noopener\">Dans un des clips qui circulent<\/a>, un policier pousse la menace encore plus loin en affirmant: \u00ab\u00c7a va faire mal quand on va rentrer l\u00e0-dedans. En tout cas, c\u2019est s\u00fbre que \u00e7a va faire mal\u00bb. (voir vid\u00e9o), faisant allusion au moment o\u00f9 les policiers auront le feu vert pour d\u00e9manteler le camp.<\/p>\n\n\n\n<p>Pourtant, dans ces m\u00eames clips vid\u00e9os, on entend clairement les manifestant.e.s scander \u2018\u2019peaceful protest\u2019\u2019 (manifestation pacifique).<\/p>\n\n\n\n<p><blockquote class=\"instagram-media\" data-instgrm-captioned=\"\" data-instgrm-permalink=\"https:\/\/www.instagram.com\/p\/C7Pji3uvyCS\/?utm_source=ig_embed&amp;utm_campaign=loading\" data-instgrm-version=\"14\" style=\" background:#FFF; border:0; border-radius:3px; box-shadow:0 0 1px 0 rgba(0,0,0,0.5),0 1px 10px 0 rgba(0,0,0,0.15); margin: 1px; max-width:540px; min-width:326px; padding:0; width:99.375%; width:-webkit-calc(100% - 2px); width:calc(100% - 2px);\"><div style=\"padding:16px;\"> <a href=\"https:\/\/www.instagram.com\/p\/C7Pji3uvyCS\/?utm_source=ig_embed&amp;utm_campaign=loading\" style=\" background:#FFFFFF; line-height:0; padding:0 0; text-align:center; text-decoration:none; width:100%;\" target=\"_blank\" rel=\"noopener\"> <div style=\" display: flex; flex-direction: row; align-items: center;\"> <div style=\"background-color: #F4F4F4; border-radius: 50%; flex-grow: 0; height: 40px; margin-right: 14px; width: 40px;\"><\/div> <div style=\"display: flex; flex-direction: column; flex-grow: 1; justify-content: center;\"> <div style=\" background-color: #F4F4F4; border-radius: 4px; flex-grow: 0; height: 14px; margin-bottom: 6px; width: 100px;\"><\/div> <div style=\" background-color: #F4F4F4; border-radius: 4px; flex-grow: 0; height: 14px; width: 60px;\"><\/div><\/div><\/div><div style=\"padding: 19% 0;\"><\/div> <div style=\"display:block; height:50px; margin:0 auto 12px; width:50px;\"><svg width=\"50px\" height=\"50px\" viewBox=\"0 0 60 60\" version=\"1.1\" xmlns=\"https:\/\/www.w3.org\/2000\/svg\" xmlns:xlink=\"https:\/\/www.w3.org\/1999\/xlink\"><g stroke=\"none\" stroke-width=\"1\" fill=\"none\" fill-rule=\"evenodd\"><g transform=\"translate(-511.000000, -20.000000)\" fill=\"#000000\"><g><path d=\"M556.869,30.41 C554.814,30.41 553.148,32.076 553.148,34.131 C553.148,36.186 554.814,37.852 556.869,37.852 C558.924,37.852 560.59,36.186 560.59,34.131 C560.59,32.076 558.924,30.41 556.869,30.41 M541,60.657 C535.114,60.657 530.342,55.887 530.342,50 C530.342,44.114 535.114,39.342 541,39.342 C546.887,39.342 551.658,44.114 551.658,50 C551.658,55.887 546.887,60.657 541,60.657 M541,33.886 C532.1,33.886 524.886,41.1 524.886,50 C524.886,58.899 532.1,66.113 541,66.113 C549.9,66.113 557.115,58.899 557.115,50 C557.115,41.1 549.9,33.886 541,33.886 M565.378,62.101 C565.244,65.022 564.756,66.606 564.346,67.663 C563.803,69.06 563.154,70.057 562.106,71.106 C561.058,72.155 560.06,72.803 558.662,73.347 C557.607,73.757 556.021,74.244 553.102,74.378 C549.944,74.521 548.997,74.552 541,74.552 C533.003,74.552 532.056,74.521 528.898,74.378 C525.979,74.244 524.393,73.757 523.338,73.347 C521.94,72.803 520.942,72.155 519.894,71.106 C518.846,70.057 518.197,69.06 517.654,67.663 C517.244,66.606 516.755,65.022 516.623,62.101 C516.479,58.943 516.448,57.996 516.448,50 C516.448,42.003 516.479,41.056 516.623,37.899 C516.755,34.978 517.244,33.391 517.654,32.338 C518.197,30.938 518.846,29.942 519.894,28.894 C520.942,27.846 521.94,27.196 523.338,26.654 C524.393,26.244 525.979,25.756 528.898,25.623 C532.057,25.479 533.004,25.448 541,25.448 C548.997,25.448 549.943,25.479 553.102,25.623 C556.021,25.756 557.607,26.244 558.662,26.654 C560.06,27.196 561.058,27.846 562.106,28.894 C563.154,29.942 563.803,30.938 564.346,32.338 C564.756,33.391 565.244,34.978 565.378,37.899 C565.522,41.056 565.552,42.003 565.552,50 C565.552,57.996 565.522,58.943 565.378,62.101 M570.82,37.631 C570.674,34.438 570.167,32.258 569.425,30.349 C568.659,28.377 567.633,26.702 565.965,25.035 C564.297,23.368 562.623,22.342 560.652,21.575 C558.743,20.834 556.562,20.326 553.369,20.18 C550.169,20.033 549.148,20 541,20 C532.853,20 531.831,20.033 528.631,20.18 C525.438,20.326 523.257,20.834 521.349,21.575 C519.376,22.342 517.703,23.368 516.035,25.035 C514.368,26.702 513.342,28.377 512.574,30.349 C511.834,32.258 511.326,34.438 511.181,37.631 C511.035,40.831 511,41.851 511,50 C511,58.147 511.035,59.17 511.181,62.369 C511.326,65.562 511.834,67.743 512.574,69.651 C513.342,71.625 514.368,73.296 516.035,74.965 C517.703,76.634 519.376,77.658 521.349,78.425 C523.257,79.167 525.438,79.673 528.631,79.82 C531.831,79.965 532.853,80.001 541,80.001 C549.148,80.001 550.169,79.965 553.369,79.82 C556.562,79.673 558.743,79.167 560.652,78.425 C562.623,77.658 564.297,76.634 565.965,74.965 C567.633,73.296 568.659,71.625 569.425,69.651 C570.167,67.743 570.674,65.562 570.82,62.369 C570.966,59.17 571,58.147 571,50 C571,41.851 570.966,40.831 570.82,37.631\"><\/path><\/g><\/g><\/g><\/svg><\/div><div style=\"padding-top: 8px;\"> <div style=\" color:#3897f0; font-family:Arial,sans-serif; font-size:14px; font-style:normal; font-weight:550; line-height:18px;\">View this post on Instagram<\/div><\/div><div style=\"padding: 12.5% 0;\"><\/div> <div style=\"display: flex; flex-direction: row; margin-bottom: 14px; align-items: center;\"><div> <div style=\"background-color: #F4F4F4; border-radius: 50%; height: 12.5px; width: 12.5px; transform: translateX(0px) translateY(7px);\"><\/div> <div style=\"background-color: #F4F4F4; height: 12.5px; transform: rotate(-45deg) translateX(3px) translateY(1px); width: 12.5px; flex-grow: 0; margin-right: 14px; margin-left: 2px;\"><\/div> <div style=\"background-color: #F4F4F4; border-radius: 50%; height: 12.5px; width: 12.5px; transform: translateX(9px) translateY(-18px);\"><\/div><\/div><div style=\"margin-left: 8px;\"> <div style=\" background-color: #F4F4F4; border-radius: 50%; flex-grow: 0; height: 20px; width: 20px;\"><\/div> <div style=\" width: 0; height: 0; border-top: 2px solid transparent; border-left: 6px solid #f4f4f4; border-bottom: 2px solid transparent; transform: translateX(16px) translateY(-4px) rotate(30deg)\"><\/div><\/div><div style=\"margin-left: auto;\"> <div style=\" width: 0px; border-top: 8px solid #F4F4F4; border-right: 8px solid transparent; transform: translateY(16px);\"><\/div> <div style=\" background-color: #F4F4F4; flex-grow: 0; height: 12px; width: 16px; transform: translateY(-4px);\"><\/div> <div style=\" width: 0; height: 0; border-top: 8px solid #F4F4F4; border-left: 8px solid transparent; transform: translateY(-4px) translateX(8px);\"><\/div><\/div><\/div> <div style=\"display: flex; flex-direction: column; flex-grow: 1; justify-content: center; margin-bottom: 24px;\"> <div style=\" background-color: #F4F4F4; border-radius: 4px; flex-grow: 0; height: 14px; margin-bottom: 6px; width: 224px;\"><\/div> <div style=\" background-color: #F4F4F4; border-radius: 4px; flex-grow: 0; height: 14px; width: 144px;\"><\/div><\/div><\/a><p style=\" color:#c9c8cd; font-family:Arial,sans-serif; font-size:14px; line-height:17px; margin-bottom:0; margin-top:8px; overflow:hidden; padding:8px 0 7px; text-align:center; text-overflow:ellipsis; white-space:nowrap;\"><a href=\"https:\/\/www.instagram.com\/p\/C7Pji3uvyCS\/?utm_source=ig_embed&amp;utm_campaign=loading\" style=\" color:#c9c8cd; font-family:Arial,sans-serif; font-size:14px; font-style:normal; font-weight:normal; line-height:17px; text-decoration:none;\" target=\"_blank\" rel=\"noopener\">A post shared by SolidaritePalestine \u00e0 l&#8217;UQAM (@sdhpp.uqam)<\/a><\/p><\/div><\/blockquote> <script async=\"\" src=\"\/\/www.instagram.com\/embed.js\"><\/script><\/p>\n\n\n\n<div style=\"height:50px\" aria-hidden=\"true\" class=\"wp-block-spacer\"><\/div>\n\n\n\n<h2 class=\"wp-block-heading\"><strong><strong>L\u2019histoire de l\u2019UQAM, histoire populaire<\/strong><\/strong><\/h2>\n\n\n\n<p>L\u2019histoire de l\u2019UQAM en est une de mobilisation populaire et de d\u00e9mocratisation de l\u2019\u00e9ducation auparavant r\u00e9serv\u00e9e aux \u00e9lites du Qu\u00e9bec. En effet, tel que le souligne Carl Robichaud dans un article publi\u00e9 dans le cadre des 50 ans de l\u2019UQAM sur le <a href=\"https:\/\/setue.net\/50-ans-de-luttes-au-sein-de-luqam\/\" target=\"_blank\" rel=\"noreferrer noopener\">site du Syndicat des \u00c9tudiant\u00b7es Employ\u00e9\u00b7es de l&#8217;Universit\u00e9 du Qu\u00e9bec \u00e0 Montr\u00e9al SETUE<\/a>, la naissance m\u00eame de l\u2019UQAM s\u2019est fait dans la contestation populaire.<\/p>\n\n\n\n<p>Il rappelle que l\u2019ouverture de l\u2019UQAM fait suite \u00e0 la cr\u00e9ation des c\u00e9geps en 1967. \u00ab Avec la d\u00e9mocratisation de l\u2019\u00e9ducation, le nombre d\u2019\u00e9tudiant\u00b7e\u00b7s pr\u00e9-universitaires explose et les places dans les universit\u00e9s francophones sont terriblement insuffisantes. Au moins 65% des \u00e9tudiant\u00b7e\u00b7s inscrit\u00b7e\u00b7s dans les programmes pr\u00e9-universitaires ne pourront faire leur entr\u00e9e \u00e0 l\u2019universit\u00e9 l\u2019ann\u00e9e suivante. En 1968, un grand mouvement de mobilisation en faveur de l\u2019instauration d\u2019une seconde universit\u00e9 francophone est lanc\u00e9 par les \u00e9tudiant\u00b7e\u00b7s du C\u00c9GEP de Lionel-Groulx. Le mouvement cherchera \u00e0 forcer la main du gouvernement en occupant les institutions scolaires du Qu\u00e9bec.\u00bb<\/p>\n\n\n\n<p>L\u2019UQAM et le r\u00e9seau des Universit\u00e9 du Qu\u00e9bec sont le r\u00e9sultat direct de ces occupations, manifestations et mobilisations sociales.<\/p>\n\n\n\n<p>Au fils des ans, ces espaces universitaires continueront de marquer l\u2019histoire en passant par les luttes syndicales, ouvri\u00e8res, f\u00e9ministes, \u00e9cologistes et antiracistes, comme celles contre l\u2019Apartheid en Afrique du Sud.<\/p>\n\n\n\n<p>Dans toutes ces luttes, les administrations universitaires, le syst\u00e8me juridique ainsi que les forces polici\u00e8res se sont trop souvent retrouv\u00e9s du mauvais c\u00f4t\u00e9. Faut-il se surprendre qu\u2019ils le sont encore aujourd\u2019hui en plein coeur d\u2019un g\u00e9nocide t\u00e9l\u00e9vis\u00e9 et diffus\u00e9 partout \u00e0 l\u2019\u00e9chelle global?<\/p>\n\n\n\n<div style=\"height:50px\" aria-hidden=\"true\" class=\"wp-block-spacer\"><\/div>\n\n\n\n<h2 class=\"wp-block-heading\"><strong><strong>La Palestine et la boussole politique<\/strong><\/strong><\/h2>\n\n\n\n<p>Il a souvent \u00e9t\u00e9 dit que la lutte palestinienne est une v\u00e9ritable boussole politique qui se retrouve \u00e0 l\u2019intersection de plusieurs luttes que ce soit des luttes d\u00e9coloniales, antiracistes, \u00e9cologiques, de classes \u00e9conomiques ainsi que des luttes f\u00e9ministes pour n\u2019en nommer que quelques-unes.<\/p>\n\n\n\n<p>\u00c0 la lumi\u00e8re de ces r\u00e9alit\u00e9s et du traitement diff\u00e9r\u00e9 de la part des autorit\u00e9s administratives, judiciaires et polici\u00e8res entre les deux campements, le mouvement de solidarit\u00e9 avec la Palestine devra travailler \u00e0 faire converger de mani\u00e8re d\u00e9lib\u00e9r\u00e9e et intentionnelle ces diff\u00e9rentes luttes. Effectivement, c\u2019est par cette convergence que le mouvement \u00e9tablira le rapport de force n\u00e9cessaire pour changer le cours de l\u2019histoire et contribuer \u00e0 mettre fin au g\u00e9nocide du peuple palestinien.<\/p>\n\n\n\n<p>Dans une entrevue accord\u00e9e au <a href=\"https:\/\/www.affairesuniversitaires.ca\/actualites\/actualites-article\/campement-propalestinien-a-luqam-le-ton-monte-entre-la-police-et-les-protestataires\/\" target=\"_blank\" rel=\"noreferrer noopener\">Magazine Affaires universitaires<\/a> une militante du campement surnomm\u00e9e Leila Khaled disait : \u00ab C\u2019est rafraichissant ce qui se passe dans les campements en ce moment, cela montre que notre boussole vers la justice et l\u2019autod\u00e9termination des peuples est encore vivante, malgr\u00e9 tout\u00bb.<\/p>\n\n\n\n<p>Pour Palestiniens et Juifs Unis (PAJU), injonction accord\u00e9e ou non, nous lutterons tant et aussi longtemps qu\u2019il le faudra pour que nos espaces universitaires demeurent des espaces ouverts et publiques, de contestation et de mobilisation populaire et ce surtout en contexte de g\u00e9nocide. Que ces espaces soient des espaces \u00e9lites ou populaires, tel que Christian Le Guillochet a dit:<\/p>\n\n\n\n<p>\u00ab Il faut cr\u00e9er l\u2019action, parce que l\u2019action cr\u00e9e le mouvement, et que le mouvement entra\u00eene des individus.\u00bb<\/p>\n\n\n\n<p>En tant que Palestiniens et Juifs Unis (PAJU), nous sommes \u00e0 la fois honor\u00e9s et tr\u00e8s fiers de participer \u00e0 ce mouvement et les campeurs et campeuses qui sacrifient leur confort pour faire avancer la lutte de solidarit\u00e9 avec la Palestine font partie de notre liste de h\u00e9ros et h\u00e9ro\u00efnes.<\/p>\n\n\n\n<p><strong>On l\u00e2che rien. La Palestine vivra! La Palestine vaincra!<\/strong><\/p>\n","protected":false},"excerpt":{"rendered":"<p>Les d\u00e9s \u00e9taient pip\u00e9s d\u2019avance contre le campement de l\u2019UQAM. D\u00e8s les premiers instants de l\u2019audience en Cour sup\u00e9rieure o\u00f9 le juge Louis-Joseph Gouin entendait la demande d\u2019injonction de l\u2019universit\u00e9 [&hellip;]<\/p>\n","protected":false},"author":6,"featured_media":253360,"comment_status":"closed","ping_status":"closed","sticky":false,"template":"","format":"standard","meta":{"_acf_changed":false,"_et_pb_use_builder":"","_et_pb_old_content":"","_et_gb_content_width":"","footnotes":""},"categories":[250],"tags":[],"class_list":["post-253364","post","type-post","status-publish","format-standard","has-post-thumbnail","hentry","category-opinion-fr"],"acf":[],"yoast_head":"<!-- This site is optimized with the Yoast SEO plugin v25.8 - https:\/\/yoast.com\/wordpress\/plugins\/seo\/ -->\n<title>Injonctions d\u2019urgence \u00e0 Montr\u00e9al : L\u2019universit\u00e9 des \u00e9lites face \u00e0 l\u2019universit\u00e9 du peuple - PAJU<\/title>\n<meta name=\"description\" content=\"Comment est-ce possible que le juge Gouin a alors pu, d\u00e8s les premiers instants de l\u2019audience, sans m\u00eame avoir entendu ou lu les faits, statuer qu\u2019il devait accorder l\u2019injonction d\u2019urgence \u00e0 l\u2019UQAM ? Quelle est la diff\u00e9rence entre le cas de McGill et celui de l\u2019UQAM pour justifier un jugement aussi pr\u00e9cipit\u00e9 ?\" \/>\n<meta name=\"robots\" content=\"index, follow, max-snippet:-1, max-image-preview:large, max-video-preview:-1\" \/>\n<link rel=\"canonical\" href=\"https:\/\/paju.org\/fr\/injonctions-durgence-a-montreal-luniversite-des-elites-face-a-luniversite-du-peuple\/\" \/>\n<meta property=\"og:locale\" content=\"fr_FR\" \/>\n<meta property=\"og:type\" content=\"article\" \/>\n<meta property=\"og:title\" content=\"Injonctions d\u2019urgence : L\u2019universit\u00e9 des \u00e9lites face \u00e0 l\u2019universit\u00e9 du peuple\" \/>\n<meta property=\"og:description\" content=\"Comment est-ce possible que le juge Gouin a alors pu, d\u00e8s les premiers instants de l\u2019audience, sans m\u00eame avoir entendu ou lu les faits, statuer qu\u2019il devait accorder l\u2019injonction d\u2019urgence \u00e0 l\u2019UQAM ? Quelle est la diff\u00e9rence entre le cas de McGill et celui de l\u2019UQAM pour justifier un jugement aussi pr\u00e9cipit\u00e9 ?\" \/>\n<meta property=\"og:site_name\" content=\"PAJU\" \/>\n<meta property=\"article:publisher\" content=\"https:\/\/www.facebook.com\/pajumontreal\" \/>\n<meta property=\"article:published_time\" content=\"2024-05-26T20:29:29+00:00\" \/>\n<meta property=\"og:image\" content=\"https:\/\/paju.org\/wp-content\/uploads\/Al-Aqsa-scaled.jpg\" \/>\n\t<meta property=\"og:image:width\" content=\"2560\" \/>\n\t<meta property=\"og:image:height\" content=\"1211\" \/>\n\t<meta property=\"og:image:type\" content=\"image\/jpeg\" \/>\n<meta name=\"author\" content=\"Sabine Friesinger\" \/>\n<meta name=\"twitter:card\" content=\"summary_large_image\" \/>\n<meta name=\"twitter:title\" content=\"Injonctions d\u2019urgence : L\u2019universit\u00e9 des \u00e9lites face \u00e0 l\u2019universit\u00e9 du peuple\" \/>\n<meta name=\"twitter:description\" content=\"Comment est-ce possible que le juge Gouin a alors pu, d\u00e8s les premiers instants de l\u2019audience, sans m\u00eame avoir entendu ou lu les faits, statuer qu\u2019il devait accorder l\u2019injonction d\u2019urgence \u00e0 l\u2019UQAM ? Quelle est la diff\u00e9rence entre le cas de McGill et celui de l\u2019UQAM pour justifier un jugement aussi pr\u00e9cipit\u00e9 ?\" \/>\n<meta name=\"twitter:image\" content=\"https:\/\/paju.org\/wp-content\/uploads\/Al-Aqsa-scaled.jpg\" \/>\n<meta name=\"twitter:label1\" content=\"\u00c9crit par\" \/>\n\t<meta name=\"twitter:data1\" content=\"Sabine Friesinger\" \/>\n\t<meta name=\"twitter:label2\" content=\"Dur\u00e9e de lecture estim\u00e9e\" \/>\n\t<meta name=\"twitter:data2\" content=\"8 minutes\" \/>\n<script type=\"application\/ld+json\" class=\"yoast-schema-graph\">{\"@context\":\"https:\/\/schema.org\",\"@graph\":[{\"@type\":\"Article\",\"@id\":\"https:\/\/paju.org\/fr\/injonctions-durgence-a-montreal-luniversite-des-elites-face-a-luniversite-du-peuple\/#article\",\"isPartOf\":{\"@id\":\"https:\/\/paju.org\/fr\/injonctions-durgence-a-montreal-luniversite-des-elites-face-a-luniversite-du-peuple\/\"},\"author\":{\"name\":\"Sabine Friesinger\",\"@id\":\"https:\/\/paju.org\/fr\/#\/schema\/person\/23edd82369bc40acf2aaaeaf255ace15\"},\"headline\":\"Injonctions d\u2019urgence \u00e0 Montr\u00e9al : L\u2019universit\u00e9 des \u00e9lites face \u00e0 l\u2019universit\u00e9 du peuple\",\"datePublished\":\"2024-05-26T20:29:29+00:00\",\"mainEntityOfPage\":{\"@id\":\"https:\/\/paju.org\/fr\/injonctions-durgence-a-montreal-luniversite-des-elites-face-a-luniversite-du-peuple\/\"},\"wordCount\":2037,\"publisher\":{\"@id\":\"https:\/\/paju.org\/fr\/#organization\"},\"image\":{\"@id\":\"https:\/\/paju.org\/fr\/injonctions-durgence-a-montreal-luniversite-des-elites-face-a-luniversite-du-peuple\/#primaryimage\"},\"thumbnailUrl\":\"https:\/\/paju.org\/wp-content\/uploads\/Al-Aqsa-scaled.jpg\",\"articleSection\":[\"opinion\"],\"inLanguage\":\"fr-FR\"},{\"@type\":\"WebPage\",\"@id\":\"https:\/\/paju.org\/fr\/injonctions-durgence-a-montreal-luniversite-des-elites-face-a-luniversite-du-peuple\/\",\"url\":\"https:\/\/paju.org\/fr\/injonctions-durgence-a-montreal-luniversite-des-elites-face-a-luniversite-du-peuple\/\",\"name\":\"Injonctions d\u2019urgence \u00e0 Montr\u00e9al : L\u2019universit\u00e9 des \u00e9lites face \u00e0 l\u2019universit\u00e9 du peuple - PAJU\",\"isPartOf\":{\"@id\":\"https:\/\/paju.org\/fr\/#website\"},\"primaryImageOfPage\":{\"@id\":\"https:\/\/paju.org\/fr\/injonctions-durgence-a-montreal-luniversite-des-elites-face-a-luniversite-du-peuple\/#primaryimage\"},\"image\":{\"@id\":\"https:\/\/paju.org\/fr\/injonctions-durgence-a-montreal-luniversite-des-elites-face-a-luniversite-du-peuple\/#primaryimage\"},\"thumbnailUrl\":\"https:\/\/paju.org\/wp-content\/uploads\/Al-Aqsa-scaled.jpg\",\"datePublished\":\"2024-05-26T20:29:29+00:00\",\"description\":\"Comment est-ce possible que le juge Gouin a alors pu, d\u00e8s les premiers instants de l\u2019audience, sans m\u00eame avoir entendu ou lu les faits, statuer qu\u2019il devait accorder l\u2019injonction d\u2019urgence \u00e0 l\u2019UQAM ? Quelle est la diff\u00e9rence entre le cas de McGill et celui de l\u2019UQAM pour justifier un jugement aussi pr\u00e9cipit\u00e9 ?\",\"breadcrumb\":{\"@id\":\"https:\/\/paju.org\/fr\/injonctions-durgence-a-montreal-luniversite-des-elites-face-a-luniversite-du-peuple\/#breadcrumb\"},\"inLanguage\":\"fr-FR\",\"potentialAction\":[{\"@type\":\"ReadAction\",\"target\":[\"https:\/\/paju.org\/fr\/injonctions-durgence-a-montreal-luniversite-des-elites-face-a-luniversite-du-peuple\/\"]}]},{\"@type\":\"ImageObject\",\"inLanguage\":\"fr-FR\",\"@id\":\"https:\/\/paju.org\/fr\/injonctions-durgence-a-montreal-luniversite-des-elites-face-a-luniversite-du-peuple\/#primaryimage\",\"url\":\"https:\/\/paju.org\/wp-content\/uploads\/Al-Aqsa-scaled.jpg\",\"contentUrl\":\"https:\/\/paju.org\/wp-content\/uploads\/Al-Aqsa-scaled.jpg\",\"width\":2560,\"height\":1211,\"caption\":\"Emergency injunctions in Montreal\"},{\"@type\":\"BreadcrumbList\",\"@id\":\"https:\/\/paju.org\/fr\/injonctions-durgence-a-montreal-luniversite-des-elites-face-a-luniversite-du-peuple\/#breadcrumb\",\"itemListElement\":[{\"@type\":\"ListItem\",\"position\":1,\"name\":\"Home\",\"item\":\"https:\/\/paju.org\/fr\/\"},{\"@type\":\"ListItem\",\"position\":2,\"name\":\"Injonctions d\u2019urgence \u00e0 Montr\u00e9al : L\u2019universit\u00e9 des \u00e9lites face \u00e0 l\u2019universit\u00e9 du peuple\"}]},{\"@type\":\"WebSite\",\"@id\":\"https:\/\/paju.org\/fr\/#website\",\"url\":\"https:\/\/paju.org\/fr\/\",\"name\":\"PAJU\",\"description\":\"\",\"publisher\":{\"@id\":\"https:\/\/paju.org\/fr\/#organization\"},\"potentialAction\":[{\"@type\":\"SearchAction\",\"target\":{\"@type\":\"EntryPoint\",\"urlTemplate\":\"https:\/\/paju.org\/fr\/?s={search_term_string}\"},\"query-input\":{\"@type\":\"PropertyValueSpecification\",\"valueRequired\":true,\"valueName\":\"search_term_string\"}}],\"inLanguage\":\"fr-FR\"},{\"@type\":\"Organization\",\"@id\":\"https:\/\/paju.org\/fr\/#organization\",\"name\":\"Palestinian and Jewish Unity\",\"url\":\"https:\/\/paju.org\/fr\/\",\"logo\":{\"@type\":\"ImageObject\",\"inLanguage\":\"fr-FR\",\"@id\":\"https:\/\/paju.org\/fr\/#\/schema\/logo\/image\/\",\"url\":\"https:\/\/paju.org\/wp-content\/uploads\/PAJU-Logo.png\",\"contentUrl\":\"https:\/\/paju.org\/wp-content\/uploads\/PAJU-Logo.png\",\"width\":696,\"height\":293,\"caption\":\"Palestinian and Jewish Unity\"},\"image\":{\"@id\":\"https:\/\/paju.org\/fr\/#\/schema\/logo\/image\/\"},\"sameAs\":[\"https:\/\/www.facebook.com\/pajumontreal\",\"https:\/\/www.instagram.com\/pajumontreal\/\"]},{\"@type\":\"Person\",\"@id\":\"https:\/\/paju.org\/fr\/#\/schema\/person\/23edd82369bc40acf2aaaeaf255ace15\",\"name\":\"Sabine Friesinger\",\"image\":{\"@type\":\"ImageObject\",\"inLanguage\":\"fr-FR\",\"@id\":\"https:\/\/paju.org\/fr\/#\/schema\/person\/image\/\",\"url\":\"https:\/\/secure.gravatar.com\/avatar\/91885884a75955a6e83b27aa8513956c4796cc41977777043f00d3ed3940fece?s=96&d=mm&r=g\",\"contentUrl\":\"https:\/\/secure.gravatar.com\/avatar\/91885884a75955a6e83b27aa8513956c4796cc41977777043f00d3ed3940fece?s=96&d=mm&r=g\",\"caption\":\"Sabine Friesinger\"},\"url\":\"https:\/\/paju.org\/fr\/author\/chadi\/\"}]}<\/script>\n<!-- \/ Yoast SEO plugin. -->","yoast_head_json":{"title":"Injonctions d\u2019urgence \u00e0 Montr\u00e9al : L\u2019universit\u00e9 des \u00e9lites face \u00e0 l\u2019universit\u00e9 du peuple - PAJU","description":"Comment est-ce possible que le juge Gouin a alors pu, d\u00e8s les premiers instants de l\u2019audience, sans m\u00eame avoir entendu ou lu les faits, statuer qu\u2019il devait accorder l\u2019injonction d\u2019urgence \u00e0 l\u2019UQAM ? Quelle est la diff\u00e9rence entre le cas de McGill et celui de l\u2019UQAM pour justifier un jugement aussi pr\u00e9cipit\u00e9 ?","robots":{"index":"index","follow":"follow","max-snippet":"max-snippet:-1","max-image-preview":"max-image-preview:large","max-video-preview":"max-video-preview:-1"},"canonical":"https:\/\/paju.org\/fr\/injonctions-durgence-a-montreal-luniversite-des-elites-face-a-luniversite-du-peuple\/","og_locale":"fr_FR","og_type":"article","og_title":"Injonctions d\u2019urgence : L\u2019universit\u00e9 des \u00e9lites face \u00e0 l\u2019universit\u00e9 du peuple","og_description":"Comment est-ce possible que le juge Gouin a alors pu, d\u00e8s les premiers instants de l\u2019audience, sans m\u00eame avoir entendu ou lu les faits, statuer qu\u2019il devait accorder l\u2019injonction d\u2019urgence \u00e0 l\u2019UQAM ? Quelle est la diff\u00e9rence entre le cas de McGill et celui de l\u2019UQAM pour justifier un jugement aussi pr\u00e9cipit\u00e9 ?","og_site_name":"PAJU","article_publisher":"https:\/\/www.facebook.com\/pajumontreal","article_published_time":"2024-05-26T20:29:29+00:00","og_image":[{"width":2560,"height":1211,"url":"https:\/\/paju.org\/wp-content\/uploads\/Al-Aqsa-scaled.jpg","type":"image\/jpeg"}],"author":"Sabine Friesinger","twitter_card":"summary_large_image","twitter_title":"Injonctions d\u2019urgence : L\u2019universit\u00e9 des \u00e9lites face \u00e0 l\u2019universit\u00e9 du peuple","twitter_description":"Comment est-ce possible que le juge Gouin a alors pu, d\u00e8s les premiers instants de l\u2019audience, sans m\u00eame avoir entendu ou lu les faits, statuer qu\u2019il devait accorder l\u2019injonction d\u2019urgence \u00e0 l\u2019UQAM ? Quelle est la diff\u00e9rence entre le cas de McGill et celui de l\u2019UQAM pour justifier un jugement aussi pr\u00e9cipit\u00e9 ?","twitter_image":"https:\/\/paju.org\/wp-content\/uploads\/Al-Aqsa-scaled.jpg","twitter_misc":{"\u00c9crit par":"Sabine Friesinger","Dur\u00e9e de lecture estim\u00e9e":"8 minutes"},"schema":{"@context":"https:\/\/schema.org","@graph":[{"@type":"Article","@id":"https:\/\/paju.org\/fr\/injonctions-durgence-a-montreal-luniversite-des-elites-face-a-luniversite-du-peuple\/#article","isPartOf":{"@id":"https:\/\/paju.org\/fr\/injonctions-durgence-a-montreal-luniversite-des-elites-face-a-luniversite-du-peuple\/"},"author":{"name":"Sabine Friesinger","@id":"https:\/\/paju.org\/fr\/#\/schema\/person\/23edd82369bc40acf2aaaeaf255ace15"},"headline":"Injonctions d\u2019urgence \u00e0 Montr\u00e9al : L\u2019universit\u00e9 des \u00e9lites face \u00e0 l\u2019universit\u00e9 du peuple","datePublished":"2024-05-26T20:29:29+00:00","mainEntityOfPage":{"@id":"https:\/\/paju.org\/fr\/injonctions-durgence-a-montreal-luniversite-des-elites-face-a-luniversite-du-peuple\/"},"wordCount":2037,"publisher":{"@id":"https:\/\/paju.org\/fr\/#organization"},"image":{"@id":"https:\/\/paju.org\/fr\/injonctions-durgence-a-montreal-luniversite-des-elites-face-a-luniversite-du-peuple\/#primaryimage"},"thumbnailUrl":"https:\/\/paju.org\/wp-content\/uploads\/Al-Aqsa-scaled.jpg","articleSection":["opinion"],"inLanguage":"fr-FR"},{"@type":"WebPage","@id":"https:\/\/paju.org\/fr\/injonctions-durgence-a-montreal-luniversite-des-elites-face-a-luniversite-du-peuple\/","url":"https:\/\/paju.org\/fr\/injonctions-durgence-a-montreal-luniversite-des-elites-face-a-luniversite-du-peuple\/","name":"Injonctions d\u2019urgence \u00e0 Montr\u00e9al : L\u2019universit\u00e9 des \u00e9lites face \u00e0 l\u2019universit\u00e9 du peuple - PAJU","isPartOf":{"@id":"https:\/\/paju.org\/fr\/#website"},"primaryImageOfPage":{"@id":"https:\/\/paju.org\/fr\/injonctions-durgence-a-montreal-luniversite-des-elites-face-a-luniversite-du-peuple\/#primaryimage"},"image":{"@id":"https:\/\/paju.org\/fr\/injonctions-durgence-a-montreal-luniversite-des-elites-face-a-luniversite-du-peuple\/#primaryimage"},"thumbnailUrl":"https:\/\/paju.org\/wp-content\/uploads\/Al-Aqsa-scaled.jpg","datePublished":"2024-05-26T20:29:29+00:00","description":"Comment est-ce possible que le juge Gouin a alors pu, d\u00e8s les premiers instants de l\u2019audience, sans m\u00eame avoir entendu ou lu les faits, statuer qu\u2019il devait accorder l\u2019injonction d\u2019urgence \u00e0 l\u2019UQAM ? Quelle est la diff\u00e9rence entre le cas de McGill et celui de l\u2019UQAM pour justifier un jugement aussi pr\u00e9cipit\u00e9 ?","breadcrumb":{"@id":"https:\/\/paju.org\/fr\/injonctions-durgence-a-montreal-luniversite-des-elites-face-a-luniversite-du-peuple\/#breadcrumb"},"inLanguage":"fr-FR","potentialAction":[{"@type":"ReadAction","target":["https:\/\/paju.org\/fr\/injonctions-durgence-a-montreal-luniversite-des-elites-face-a-luniversite-du-peuple\/"]}]},{"@type":"ImageObject","inLanguage":"fr-FR","@id":"https:\/\/paju.org\/fr\/injonctions-durgence-a-montreal-luniversite-des-elites-face-a-luniversite-du-peuple\/#primaryimage","url":"https:\/\/paju.org\/wp-content\/uploads\/Al-Aqsa-scaled.jpg","contentUrl":"https:\/\/paju.org\/wp-content\/uploads\/Al-Aqsa-scaled.jpg","width":2560,"height":1211,"caption":"Emergency injunctions in Montreal"},{"@type":"BreadcrumbList","@id":"https:\/\/paju.org\/fr\/injonctions-durgence-a-montreal-luniversite-des-elites-face-a-luniversite-du-peuple\/#breadcrumb","itemListElement":[{"@type":"ListItem","position":1,"name":"Home","item":"https:\/\/paju.org\/fr\/"},{"@type":"ListItem","position":2,"name":"Injonctions d\u2019urgence \u00e0 Montr\u00e9al : L\u2019universit\u00e9 des \u00e9lites face \u00e0 l\u2019universit\u00e9 du peuple"}]},{"@type":"WebSite","@id":"https:\/\/paju.org\/fr\/#website","url":"https:\/\/paju.org\/fr\/","name":"PAJU","description":"","publisher":{"@id":"https:\/\/paju.org\/fr\/#organization"},"potentialAction":[{"@type":"SearchAction","target":{"@type":"EntryPoint","urlTemplate":"https:\/\/paju.org\/fr\/?s={search_term_string}"},"query-input":{"@type":"PropertyValueSpecification","valueRequired":true,"valueName":"search_term_string"}}],"inLanguage":"fr-FR"},{"@type":"Organization","@id":"https:\/\/paju.org\/fr\/#organization","name":"Palestinian and Jewish Unity","url":"https:\/\/paju.org\/fr\/","logo":{"@type":"ImageObject","inLanguage":"fr-FR","@id":"https:\/\/paju.org\/fr\/#\/schema\/logo\/image\/","url":"https:\/\/paju.org\/wp-content\/uploads\/PAJU-Logo.png","contentUrl":"https:\/\/paju.org\/wp-content\/uploads\/PAJU-Logo.png","width":696,"height":293,"caption":"Palestinian and Jewish Unity"},"image":{"@id":"https:\/\/paju.org\/fr\/#\/schema\/logo\/image\/"},"sameAs":["https:\/\/www.facebook.com\/pajumontreal","https:\/\/www.instagram.com\/pajumontreal\/"]},{"@type":"Person","@id":"https:\/\/paju.org\/fr\/#\/schema\/person\/23edd82369bc40acf2aaaeaf255ace15","name":"Sabine Friesinger","image":{"@type":"ImageObject","inLanguage":"fr-FR","@id":"https:\/\/paju.org\/fr\/#\/schema\/person\/image\/","url":"https:\/\/secure.gravatar.com\/avatar\/91885884a75955a6e83b27aa8513956c4796cc41977777043f00d3ed3940fece?s=96&d=mm&r=g","contentUrl":"https:\/\/secure.gravatar.com\/avatar\/91885884a75955a6e83b27aa8513956c4796cc41977777043f00d3ed3940fece?s=96&d=mm&r=g","caption":"Sabine Friesinger"},"url":"https:\/\/paju.org\/fr\/author\/chadi\/"}]}},"_links":{"self":[{"href":"https:\/\/paju.org\/fr\/wp-json\/wp\/v2\/posts\/253364","targetHints":{"allow":["GET"]}}],"collection":[{"href":"https:\/\/paju.org\/fr\/wp-json\/wp\/v2\/posts"}],"about":[{"href":"https:\/\/paju.org\/fr\/wp-json\/wp\/v2\/types\/post"}],"author":[{"embeddable":true,"href":"https:\/\/paju.org\/fr\/wp-json\/wp\/v2\/users\/6"}],"replies":[{"embeddable":true,"href":"https:\/\/paju.org\/fr\/wp-json\/wp\/v2\/comments?post=253364"}],"version-history":[{"count":8,"href":"https:\/\/paju.org\/fr\/wp-json\/wp\/v2\/posts\/253364\/revisions"}],"predecessor-version":[{"id":253377,"href":"https:\/\/paju.org\/fr\/wp-json\/wp\/v2\/posts\/253364\/revisions\/253377"}],"wp:featuredmedia":[{"embeddable":true,"href":"https:\/\/paju.org\/fr\/wp-json\/wp\/v2\/media\/253360"}],"wp:attachment":[{"href":"https:\/\/paju.org\/fr\/wp-json\/wp\/v2\/media?parent=253364"}],"wp:term":[{"taxonomy":"category","embeddable":true,"href":"https:\/\/paju.org\/fr\/wp-json\/wp\/v2\/categories?post=253364"},{"taxonomy":"post_tag","embeddable":true,"href":"https:\/\/paju.org\/fr\/wp-json\/wp\/v2\/tags?post=253364"}],"curies":[{"name":"wp","href":"https:\/\/api.w.org\/{rel}","templated":true}]}}