{"id":252110,"date":"2024-03-27T17:15:48","date_gmt":"2024-03-27T21:15:48","guid":{"rendered":"https:\/\/paju.org\/?p=252110"},"modified":"2024-03-27T17:19:20","modified_gmt":"2024-03-27T21:19:20","slug":"on-cartoon-noses-antisemitism-and-the-slaughter-in-gaza","status":"publish","type":"post","link":"https:\/\/paju.org\/fr\/on-cartoon-noses-antisemitism-and-the-slaughter-in-gaza\/","title":{"rendered":"On cartoon noses, antisemitism and the slaughter in Gaza"},"content":{"rendered":"\n<h4 class=\"wp-block-heading\"><\/h4>\n\n\n\n<p>Once again, the accusation of antisemitism was weaponized to trump both common sense and support for the victims of Israel\u2019s murderous rampage.<\/p>\n\n\n\n<p>Last week prominent Quebec cartoonist Serge Chapleau caricatured Benjamin Netanyahu as a vampire. The cartoon published in&nbsp;<em>La Presse<\/em>&nbsp;reads \u201cNosfenyahou, en route to Rafah.\u201d The pro-Israel and genocide lobby immediately condemned the caricature of Israel\u2019s prime minister. So did NDP MP Alexandre Boulerice and others.<\/p>\n\n\n\n<p>In my opinion there\u2019s nothing antisemitic about the cartoon and Chapleau should be celebrated for using his mainstream platform to challenge Israel\u2019s holocaust in Gaza. Even more, his refusal to apologize for a cartoon that was quickly withdrawn should also be applauded. Chapleau told CBC, \u201c<a href=\"https:\/\/www.cbc.ca\/news\/canada\/montreal\/cartoon-nosferatu-netanyahu-la-presse-antisemitism-1.7149735\">It\u2019s a<\/a>&nbsp;caricature based on an old character Nosferatu, an old vampire who goes and invades another country. That\u2019s all, it\u2019s not worse than that. If you look up cartoons of Netanyahu, you\u2019ll see much worse. \u2026 It\u2019s not antisemitic, it\u2019s not that at all.\u201d<\/p>\n\n\n\n<p>Following the genocide lobby\u2019s condemnation, Boulerice posted in French \u201cThe La Presse caricature, now withdrawn, was highly problematic and antisemitic. It should never have been published. In these difficult times, we all need to be more careful not to stir up the roots of hatred.\u201d In what may have been a coordinated move with the party\u2019s Quebec lieutenant, NDP leader Jagmeet Singh quickly retweeted Boulerice\u2019s post.<\/p>\n\n\n\n<p>The next day I questioned Boulerice about his criticism of the cartoon. His response suggested he hadn\u2019t done much research on the matter. But the broader aim of my questioning was to highlight the connection between a willingness to disparage those opposing genocide and left-wing MPs failure to participate in anti-genocide protests. I&nbsp;<a href=\"https:\/\/twitter.com\/EnglerYves\/status\/1771344535433437643\">asked Boulerice<\/a>&nbsp;if he\u2019d attended any of the mass marches that had taken place in Montr\u00e9al over the past 25 weekends against Canada\u2019s role in enabling Israel\u2019s genocide. He hadn\u2019t (though he participated in the following day\u2019s large union-led march).<\/p>\n\n\n\n<p>Over the years I\u2019ve seen Boulerice at climate, poverty, immigrant rights, etc. marches. Imagine if there had been 25 weekends in a row of protests with thousands, even tens of thousands, coming out for workers\u2019 rights or expanded Medicare or against racism, homophobia or even Canada deploying troops abroad. It is unthinkable that Boulerice and other NDP and Green MPs would fail to participate. But I\u2019m only aware of one MP attending a Palestine protest. NDP MP Matthew Green spoke during a march in Toronto on November 12. (Conversely, the PM, Deputy PM, ministers and MPs have attended far smaller and less numerous pro-genocide rallies.)<\/p>\n\n\n\n<p>One reason MPs have not attended the demonstrations is out of a concern for being smeared (Green was forced to release a&nbsp;<a href=\"https:\/\/www.ndp.ca\/news\/matthew-greens-statement-comments-made-speaker-ceasefire-rally\">statement<\/a>&nbsp;defending himself after speaking in Toronto). That\u2019s the power of the antisemitism stick. Leftists who echo the genocide lobby\u2019s faux outrage about a cartoon are strengthening a stick that makes it less likely that anyone with profile or power will add their voice to the popular uprising.<\/p>\n\n\n\n<p>Unfortunately, Independent Jewish Voices (IJV) played a dubious role in this anti-Palestinian affair. Former IJV communications lead Aaron Lakoff quickly echoed the backlash, posting to X that \u201c<a href=\"https:\/\/twitter.com\/aaronlakoff\/status\/1770487048979276152\">this caricature<\/a>&nbsp;in La Presse is antisemitic\u201d.<\/p>\n\n\n\n<p>&nbsp;IJV\u2019s main account retweeted Lakoff and the group\u2019s spokesperson Corey Balsam immediately liked his post. Lakoff suggested the cartoon was a \u201cblood libel\u201d and claimed \u201cit\u2019s antisemitic because you just don\u2019t draw Jews with exaggerated large noses. Netanyahu is already an evil monster. No caricature needed. For those Jews like me who were teased for our noses, this is foul.\u201d<\/p>\n\n\n\n<p>But a quick scan of Chapleau\u2019s cartoons demonstrates that they largely all have big noses (if anything Netanyahu\u2019s nose, which is not drawn in a stereotypical hook fashion, is exaggerated less than other public figures).<\/p>\n\n\n\n<p>According to IJV\u2019s definition of antisemitism posted on their website: \u201c<a href=\"https:\/\/www.noihra.ca\/our-definition\">Antisemitism<\/a>&nbsp;is racism, hostility, prejudice, vilification, discrimination or violence, including hate crimes, directed against Jews, as individuals, groups or as a collective \u2013 because they are Jews. Its expression includes attributing to Jews, as a group, characteristics or behaviours that are perceived as dangerous, harmful, frightening or threatening to non-Jews.\u201d<\/p>\n\n\n\n<p>Clearly Netanyahu is not targeted because he is Jewish, but rather because he is the PM of a country currently engaged in what even the International Court of Justice has ruled is a \u201cplausible\u201d case of genocide.<\/p>\n\n\n\n<p>But let\u2019s say for the sake of discussion you believe there is a problem with the depiction of Netanyahu\u2019s nose and that the cartoon reinforces some residual \u2018Jews as vampires\u2019 stereotype, does the damage done to Quebec\/Canadian Jews outweigh the benefit of a mainstream publication vilifying an Israeli prime minister committing a holocaust in Gaza? It\u2019s not even close and focusing on Jewish sensitivities in this manner enables more Palestinian babies to be starved or slaughtered. IJV should remove Lakoff\u2019s post and apologize to Palestinians and everyone seeking to mainstream critiques of Israel\u2019s holocaust. (Long-time IJV member Larry Haiven corrected some of the harm done by the group with \u201c<strong><a href=\"https:\/\/www.independentjewishvoices-halifax.org\/comment-on-la-presse-cartoon-depiction-of-netanyahu\">Labelling La Presse<\/a><\/strong>&nbsp;cartoon \u2018antisemitic\u2019 falls into pro-Israel trap\u201d but he takes pains to note that it\u2019s<strong>&nbsp;\u201c<\/strong>the personal opinion of the author alone and does not necessarily represent the views of Independent Jewish Voices Canada.<em>\u201d<\/em>)<\/p>\n\n\n\n<p>The&nbsp;<em>La Presse<\/em>&nbsp;cartoon highlights how IJV\u2019s political weight in Palestine solidarity circles can be damaging. IJV\u2019s quick tweet undercut those pushing back against the bad-faith attacks on the cartoon and Canadians for Justice and Peace in the Middle East retweeted IJV (and to their shame two other criticisms of the cartoon).<\/p>\n\n\n\n<p>Even amidst the unimaginable horrors in Gaza, some mainstream respectability-oriented Palestine solidarity groups are willing to echo apartheid lobby panics.<\/p>\n\n\n\n<p>This is, of course, not the first time IJV and CJPME have assisted the apartheid lobby in marginalizing Palestine solidarity. And it\u2019s almost a pastime of those in the NDP leader\u2019s office.<\/p>\n\n\n\n<p>On Friday I also&nbsp;<a href=\"https:\/\/twitter.com\/EnglerYves\/status\/1771260908859199641\">asked Jagmeet<\/a>&nbsp;Singh why he echoed the genocide lobby\u2019s claim that a march to stop the attack on Rafah last month \u201ctargeted\u201d a Toronto hospital with Jewish roots. I mentioned to the NDP leader that over&nbsp;<a href=\"https:\/\/actionnetwork.org\/letters\/jagmeet-singh-smears-anti-genocide-protesters?source=direct_link&amp;\">6,000 individuals<\/a>&nbsp;had emailed him to delete his smear, but it\u2019s still on his account. He partially backed away from the post, but his answer was unconvincing.<\/p>\n\n\n\n<p>Amidst the genocide, Singh has yet to attend a demonstration against it. Singh was in Montreal on Saturday to attend former Conservative party leader Brian Mulroney\u2019s funeral but failed to join the 5,000 who participated in a broad union and civil society led march against Israel\u2019s holocaust in Gaza.<\/p>\n\n\n\n<p>Why? Not because of principled anti-racism. Rather, the pro-Israel lobby has trained politicians, media pundits and other opinion leaders like Pavlov\u2019s dogs to pile on condemnation when they ring the bell of \u201cantisemitism\u201d regardless of the merits of a particular accusation.<\/p>\n\n\n\n<p>Too many on the left pathetically desire to appear \u201cmainstream\u201d and not threaten the status quo. And that \u201cmainstream\u201d space remains defined by a legacy media and its pro-Israel \u201ccommentariat\u201d despite that media shrivelling in reach over the past two decades. Interestingly, the right has learned just how irrelevant the legacy media has become, but not the left.<\/p>\n\n\n\n<p><strong>But the most important lesson from the vampire cartoon affair is that self-described leftist MPs who echoed the Israel lobby\u2019s condemnations of a cartoon also have failed to attend protests against Canada\u2019s contribution to an incredible injustice in Palestine. That is not simply a coincidence. It reflects a fundamental concession to the power of Israel\u2019s supporters. Some \u201con the left\u201d think it is more important to consider the size of a cartoon figure\u2019s nose than rally support for ending the genocide in Gaza.<\/strong><\/p>\n\n\n\n<figure class=\"wp-block-embed is-type-wp-embed is-provider-yves-engler wp-block-embed-yves-engler\"><div class=\"wp-block-embed__wrapper\">\n<blockquote class=\"wp-embedded-content\" data-secret=\"I0gSpG7F78\"><a href=\"https:\/\/yvesengler.com\/2024\/03\/26\/on-cartoon-noses-antisemitism-and-the-slaughter-in-gaza\/\">On cartoon noses, antisemitism and the slaughter in Gaza<\/a><\/blockquote><iframe loading=\"lazy\" class=\"wp-embedded-content\" sandbox=\"allow-scripts\" security=\"restricted\" style=\"position: absolute; clip: rect(1px, 1px, 1px, 1px);\" title=\"&#8220;On cartoon noses, antisemitism and the slaughter in Gaza&#8221; &#8212; Yves Engler\" src=\"https:\/\/yvesengler.com\/2024\/03\/26\/on-cartoon-noses-antisemitism-and-the-slaughter-in-gaza\/embed\/#?secret=GIEVMHtgbb#?secret=I0gSpG7F78\" data-secret=\"I0gSpG7F78\" width=\"600\" height=\"338\" frameborder=\"0\" marginwidth=\"0\" marginheight=\"0\" scrolling=\"no\"><\/iframe>\n<\/div><\/figure>\n\n\n\n<p><em><strong>This week I am speaking on my new co-authored book Canada\u2019s Long Fight Against Democracy in Toronto,<a href=\"https:\/\/na01.safelinks.protection.outlook.com\/?url=https%3A%2F%2Fyvesengler.us19.list-manage.com%2Ftrack%2Fclick%3Fu%3D853fd8ecb9fa00291b63df1b7%26id%3Da659e08f93%26e%3Dc32ff47a75&amp;data=05%7C02%7C%7C06f85f1c5d8549ec037e08dc4762fc16%7C84df9e7fe9f640afb435aaaaaaaaaaaa%7C1%7C0%7C638463737669775400%7CUnknown%7CTWFpbGZsb3d8eyJWIjoiMC4wLjAwMDAiLCJQIjoiV2luMzIiLCJBTiI6Ik1haWwiLCJXVCI6Mn0%3D%7C0%7C%7C%7C&amp;sdata=Y4qZeQaEOYli1KdK7UVw%2BvERpy2fi6mBleKntqEa2%2Fs%3D&amp;reserved=0\" target=\"_blank\" rel=\"noreferrer noopener\">&nbsp;Waterloo and&nbsp;<\/a>Hamilton.The&nbsp;<a href=\"https:\/\/na01.safelinks.protection.outlook.com\/?url=https%3A%2F%2Fyvesengler.us19.list-manage.com%2Ftrack%2Fclick%3Fu%3D853fd8ecb9fa00291b63df1b7%26id%3Ddbf1c40002%26e%3Dc32ff47a75&amp;data=05%7C02%7C%7C06f85f1c5d8549ec037e08dc4762fc16%7C84df9e7fe9f640afb435aaaaaaaaaaaa%7C1%7C0%7C638463737669796861%7CUnknown%7CTWFpbGZsb3d8eyJWIjoiMC4wLjAwMDAiLCJQIjoiV2luMzIiLCJBTiI6Ik1haWwiLCJXVCI6Mn0%3D%7C0%7C%7C%7C&amp;sdata=BSpXf7XWfKBcVQZCg8Hgm%2FtoPTwHIxA2fwof66JMdr0%3D&amp;reserved=0\" target=\"_blank\" rel=\"noreferrer noopener\">information is here<\/a>.<\/strong><\/em><strong><\/strong><\/p>\n\n\n\n<p><strong><a href=\"https:\/\/yvesengler.com\/donate\/\">Support Yves\u2019 work. Donate Now.<\/a><\/strong><\/p>\n\n\n\n<p><\/p>\n\n\n\n<p><strong>PAJU Note:<\/strong><\/p>\n\n\n\n<p>Palestinian and Jewish Unity fully endorses Yves Engler\u2019s statement regarding Serge Chapleau\u2019s satirical cartoon. It is in no way antisemitic but it does shed light on the way the adherents of the pro-Israel lobby and its political and erstwhile \u2018leftist\u2019 (the \u2018<em>gau-gauche\u2019<\/em> in French) allies use antisemitism as a way to silence the legitimate criticism of what is a \u201ccasebook\u2019 example of genocide in Gaza. The weakness and vacuity of the NDP both in its agreement to water down its recent motion for a ceasefire in Gaza at the behest of the pro-Israel Liberal Party of Canada is the reflection of the vacuous political landscape which Canada has become under the auspices of the desultory Liberal, Conservative and New Democratic parties sitting in Parliament.<\/p>\n\n\n\n<p>What also lies under the surface of their inability to utter the word \u2018genocide\u2019 in terms of the grotesque massacre of innocent civilians in Gaza is the unspoken and unwritten message that Arabs and Muslims are less worthy  of consideration than are Jewish Israelis. This , of course, will not prevent Trudeau, Joly, Boulerice and company from doing their tours of mosques looking for votes come the next federal election. As for IJV and CJPME, they sacrifice their credibility at the altar of the weaponization of antisemitism and will have to deal with the fallout.<\/p>\n\n\n\n<p><strong>Bruce Katz<\/strong><\/p>\n\n\n\n<p><strong>Palestinian and Jewish Unity<\/strong><\/p>\n\n\n\n<p><strong>For further consideration:<\/strong><\/p>\n\n\n\n<ul class=\"wp-block-list\">\n<li><a href=\"https:\/\/www.pressegauche.org\/La-fausse-definition-de-l-antisemitisme-l-IHRA\">La fausse d\u00e9finition de l\u2019antis\u00e9mitisme : l\u2019IHRA &#8211; Presse-toi \u00e0 gauche ! Une tribune libre pour la gauche qu\u00e9b\u00e9coise en marche (pressegauche.org)<\/a><\/li>\n\n\n\n<li><a href=\"https:\/\/www.youtube.com\/watch?v=y3Ld3BmLX5M\">The Weaponization of Anti-Semitism &#8211; YouTube<\/a><\/li>\n\n\n\n<li><a href=\"https:\/\/paju.org\/how-montreals-pro-israel-lobby-intimidates-public-officials\/\">How Montreal\u2019s Pro-Israel Lobby Intimidates Public Officials &#8211; PAJU<\/a><\/li>\n<\/ul>\n\n\n\n<figure class=\"wp-block-embed is-type-wp-embed is-provider-yves-engler wp-block-embed-yves-engler\"><div class=\"wp-block-embed__wrapper\">\n<blockquote class=\"wp-embedded-content\" data-secret=\"I0gSpG7F78\"><a href=\"https:\/\/yvesengler.com\/2024\/03\/26\/on-cartoon-noses-antisemitism-and-the-slaughter-in-gaza\/\">On cartoon noses, antisemitism and the slaughter in Gaza<\/a><\/blockquote><iframe loading=\"lazy\" class=\"wp-embedded-content\" sandbox=\"allow-scripts\" security=\"restricted\" style=\"position: absolute; clip: rect(1px, 1px, 1px, 1px);\" title=\"&#8220;On cartoon noses, antisemitism and the slaughter in Gaza&#8221; &#8212; Yves Engler\" src=\"https:\/\/yvesengler.com\/2024\/03\/26\/on-cartoon-noses-antisemitism-and-the-slaughter-in-gaza\/embed\/#?secret=GIEVMHtgbb#?secret=I0gSpG7F78\" data-secret=\"I0gSpG7F78\" width=\"600\" height=\"338\" frameborder=\"0\" marginwidth=\"0\" marginheight=\"0\" scrolling=\"no\"><\/iframe>\n<\/div><\/figure>\n\n\n\n<p><\/p>\n","protected":false},"excerpt":{"rendered":"<p>But the most important lesson from the vampire cartoon affair is that self-described leftist MPs who echoed the Israel lobby\u2019s condemnations of a cartoon also have failed to attend protests against Canada\u2019s contribution to an incredible injustice in Palestine. That is not simply a coincidence. It reflects a fundamental concession to the power of Israel\u2019s supporters. Some \u201con the left\u201d think it is more important to consider the size of a cartoon figure\u2019s nose than rally support for ending the genocide in Gaza.<\/p>\n","protected":false},"author":4,"featured_media":252112,"comment_status":"closed","ping_status":"closed","sticky":false,"template":"","format":"standard","meta":{"_acf_changed":false,"_et_pb_use_builder":"","_et_pb_old_content":"","_et_gb_content_width":"","footnotes":""},"categories":[95],"tags":[],"class_list":["post-252110","post","type-post","status-publish","format-standard","has-post-thumbnail","hentry","category-articles-en"],"acf":[],"yoast_head":"<!-- This site is optimized with the Yoast SEO plugin v25.8 - https:\/\/yoast.com\/wordpress\/plugins\/seo\/ -->\n<title>On cartoon noses, antisemitism and the slaughter in Gaza - PAJU<\/title>\n<meta name=\"robots\" content=\"index, follow, max-snippet:-1, max-image-preview:large, max-video-preview:-1\" \/>\n<link rel=\"canonical\" href=\"https:\/\/paju.org\/fr\/on-cartoon-noses-antisemitism-and-the-slaughter-in-gaza\/\" \/>\n<meta property=\"og:locale\" content=\"fr_FR\" \/>\n<meta property=\"og:type\" content=\"article\" \/>\n<meta property=\"og:title\" content=\"On cartoon noses, antisemitism and the slaughter in Gaza - PAJU\" \/>\n<meta property=\"og:description\" content=\"But the most important lesson from the vampire cartoon affair is that self-described leftist MPs who echoed the Israel lobby\u2019s condemnations of a cartoon also have failed to attend protests against Canada\u2019s contribution to an incredible injustice in Palestine. That is not simply a coincidence. It reflects a fundamental concession to the power of Israel\u2019s supporters. Some \u201con the left\u201d think it is more important to consider the size of a cartoon figure\u2019s nose than rally support for ending the genocide in Gaza.\" \/>\n<meta property=\"og:site_name\" content=\"PAJU\" \/>\n<meta property=\"article:publisher\" content=\"https:\/\/www.facebook.com\/pajumontreal\" \/>\n<meta property=\"article:published_time\" content=\"2024-03-27T21:15:48+00:00\" \/>\n<meta property=\"article:modified_time\" content=\"2024-03-27T21:19:20+00:00\" \/>\n<meta property=\"og:image\" content=\"https:\/\/paju.org\/wp-content\/uploads\/Nosfenyahu-Serge-Chapleau-La-Presse.webp\" \/>\n\t<meta property=\"og:image:width\" content=\"234\" \/>\n\t<meta property=\"og:image:height\" content=\"316\" \/>\n\t<meta property=\"og:image:type\" content=\"image\/webp\" \/>\n<meta name=\"author\" content=\"Bruce Katz\" \/>\n<meta name=\"twitter:card\" content=\"summary_large_image\" \/>\n<meta name=\"twitter:label1\" content=\"\u00c9crit par\" \/>\n\t<meta name=\"twitter:data1\" content=\"Bruce Katz\" \/>\n\t<meta name=\"twitter:label2\" content=\"Dur\u00e9e de lecture estim\u00e9e\" \/>\n\t<meta name=\"twitter:data2\" content=\"8 minutes\" \/>\n<script type=\"application\/ld+json\" class=\"yoast-schema-graph\">{\"@context\":\"https:\/\/schema.org\",\"@graph\":[{\"@type\":\"Article\",\"@id\":\"https:\/\/paju.org\/fr\/on-cartoon-noses-antisemitism-and-the-slaughter-in-gaza\/#article\",\"isPartOf\":{\"@id\":\"https:\/\/paju.org\/fr\/on-cartoon-noses-antisemitism-and-the-slaughter-in-gaza\/\"},\"author\":{\"name\":\"Bruce Katz\",\"@id\":\"https:\/\/paju.org\/fr\/#\/schema\/person\/6d8aed1579a1f4a97e1c552a5f2a891d\"},\"headline\":\"On cartoon noses, antisemitism and the slaughter in Gaza\",\"datePublished\":\"2024-03-27T21:15:48+00:00\",\"dateModified\":\"2024-03-27T21:19:20+00:00\",\"mainEntityOfPage\":{\"@id\":\"https:\/\/paju.org\/fr\/on-cartoon-noses-antisemitism-and-the-slaughter-in-gaza\/\"},\"wordCount\":1650,\"publisher\":{\"@id\":\"https:\/\/paju.org\/fr\/#organization\"},\"image\":{\"@id\":\"https:\/\/paju.org\/fr\/on-cartoon-noses-antisemitism-and-the-slaughter-in-gaza\/#primaryimage\"},\"thumbnailUrl\":\"https:\/\/paju.org\/wp-content\/uploads\/Nosfenyahu-Serge-Chapleau-La-Presse.webp\",\"articleSection\":[\"Features\"],\"inLanguage\":\"fr-FR\"},{\"@type\":\"WebPage\",\"@id\":\"https:\/\/paju.org\/fr\/on-cartoon-noses-antisemitism-and-the-slaughter-in-gaza\/\",\"url\":\"https:\/\/paju.org\/fr\/on-cartoon-noses-antisemitism-and-the-slaughter-in-gaza\/\",\"name\":\"On cartoon noses, antisemitism and the slaughter in Gaza - PAJU\",\"isPartOf\":{\"@id\":\"https:\/\/paju.org\/fr\/#website\"},\"primaryImageOfPage\":{\"@id\":\"https:\/\/paju.org\/fr\/on-cartoon-noses-antisemitism-and-the-slaughter-in-gaza\/#primaryimage\"},\"image\":{\"@id\":\"https:\/\/paju.org\/fr\/on-cartoon-noses-antisemitism-and-the-slaughter-in-gaza\/#primaryimage\"},\"thumbnailUrl\":\"https:\/\/paju.org\/wp-content\/uploads\/Nosfenyahu-Serge-Chapleau-La-Presse.webp\",\"datePublished\":\"2024-03-27T21:15:48+00:00\",\"dateModified\":\"2024-03-27T21:19:20+00:00\",\"breadcrumb\":{\"@id\":\"https:\/\/paju.org\/fr\/on-cartoon-noses-antisemitism-and-the-slaughter-in-gaza\/#breadcrumb\"},\"inLanguage\":\"fr-FR\",\"potentialAction\":[{\"@type\":\"ReadAction\",\"target\":[\"https:\/\/paju.org\/fr\/on-cartoon-noses-antisemitism-and-the-slaughter-in-gaza\/\"]}]},{\"@type\":\"ImageObject\",\"inLanguage\":\"fr-FR\",\"@id\":\"https:\/\/paju.org\/fr\/on-cartoon-noses-antisemitism-and-the-slaughter-in-gaza\/#primaryimage\",\"url\":\"https:\/\/paju.org\/wp-content\/uploads\/Nosfenyahu-Serge-Chapleau-La-Presse.webp\",\"contentUrl\":\"https:\/\/paju.org\/wp-content\/uploads\/Nosfenyahu-Serge-Chapleau-La-Presse.webp\",\"width\":234,\"height\":316},{\"@type\":\"BreadcrumbList\",\"@id\":\"https:\/\/paju.org\/fr\/on-cartoon-noses-antisemitism-and-the-slaughter-in-gaza\/#breadcrumb\",\"itemListElement\":[{\"@type\":\"ListItem\",\"position\":1,\"name\":\"Home\",\"item\":\"https:\/\/paju.org\/fr\/\"},{\"@type\":\"ListItem\",\"position\":2,\"name\":\"On cartoon noses, antisemitism and the slaughter in Gaza\"}]},{\"@type\":\"WebSite\",\"@id\":\"https:\/\/paju.org\/fr\/#website\",\"url\":\"https:\/\/paju.org\/fr\/\",\"name\":\"PAJU\",\"description\":\"\",\"publisher\":{\"@id\":\"https:\/\/paju.org\/fr\/#organization\"},\"potentialAction\":[{\"@type\":\"SearchAction\",\"target\":{\"@type\":\"EntryPoint\",\"urlTemplate\":\"https:\/\/paju.org\/fr\/?s={search_term_string}\"},\"query-input\":{\"@type\":\"PropertyValueSpecification\",\"valueRequired\":true,\"valueName\":\"search_term_string\"}}],\"inLanguage\":\"fr-FR\"},{\"@type\":\"Organization\",\"@id\":\"https:\/\/paju.org\/fr\/#organization\",\"name\":\"Palestinian and Jewish Unity\",\"url\":\"https:\/\/paju.org\/fr\/\",\"logo\":{\"@type\":\"ImageObject\",\"inLanguage\":\"fr-FR\",\"@id\":\"https:\/\/paju.org\/fr\/#\/schema\/logo\/image\/\",\"url\":\"https:\/\/paju.org\/wp-content\/uploads\/PAJU-Logo.png\",\"contentUrl\":\"https:\/\/paju.org\/wp-content\/uploads\/PAJU-Logo.png\",\"width\":696,\"height\":293,\"caption\":\"Palestinian and Jewish Unity\"},\"image\":{\"@id\":\"https:\/\/paju.org\/fr\/#\/schema\/logo\/image\/\"},\"sameAs\":[\"https:\/\/www.facebook.com\/pajumontreal\",\"https:\/\/www.instagram.com\/pajumontreal\/\"]},{\"@type\":\"Person\",\"@id\":\"https:\/\/paju.org\/fr\/#\/schema\/person\/6d8aed1579a1f4a97e1c552a5f2a891d\",\"name\":\"Bruce Katz\",\"image\":{\"@type\":\"ImageObject\",\"inLanguage\":\"fr-FR\",\"@id\":\"https:\/\/paju.org\/fr\/#\/schema\/person\/image\/\",\"url\":\"https:\/\/secure.gravatar.com\/avatar\/4c65b2117dbb672d0bda009f0367a4721c9271f1f68b1747fb53d7333079d0f1?s=96&d=mm&r=g\",\"contentUrl\":\"https:\/\/secure.gravatar.com\/avatar\/4c65b2117dbb672d0bda009f0367a4721c9271f1f68b1747fb53d7333079d0f1?s=96&d=mm&r=g\",\"caption\":\"Bruce Katz\"},\"url\":\"https:\/\/paju.org\/fr\/author\/chadi\/\"}]}<\/script>\n<!-- \/ Yoast SEO plugin. -->","yoast_head_json":{"title":"On cartoon noses, antisemitism and the slaughter in Gaza - PAJU","robots":{"index":"index","follow":"follow","max-snippet":"max-snippet:-1","max-image-preview":"max-image-preview:large","max-video-preview":"max-video-preview:-1"},"canonical":"https:\/\/paju.org\/fr\/on-cartoon-noses-antisemitism-and-the-slaughter-in-gaza\/","og_locale":"fr_FR","og_type":"article","og_title":"On cartoon noses, antisemitism and the slaughter in Gaza - PAJU","og_description":"But the most important lesson from the vampire cartoon affair is that self-described leftist MPs who echoed the Israel lobby\u2019s condemnations of a cartoon also have failed to attend protests against Canada\u2019s contribution to an incredible injustice in Palestine. That is not simply a coincidence. It reflects a fundamental concession to the power of Israel\u2019s supporters. Some \u201con the left\u201d think it is more important to consider the size of a cartoon figure\u2019s nose than rally support for ending the genocide in Gaza.","og_site_name":"PAJU","article_publisher":"https:\/\/www.facebook.com\/pajumontreal","article_published_time":"2024-03-27T21:15:48+00:00","article_modified_time":"2024-03-27T21:19:20+00:00","og_image":[{"width":234,"height":316,"url":"https:\/\/paju.org\/wp-content\/uploads\/Nosfenyahu-Serge-Chapleau-La-Presse.webp","type":"image\/webp"}],"author":"Bruce Katz","twitter_card":"summary_large_image","twitter_misc":{"\u00c9crit par":"Bruce Katz","Dur\u00e9e de lecture estim\u00e9e":"8 minutes"},"schema":{"@context":"https:\/\/schema.org","@graph":[{"@type":"Article","@id":"https:\/\/paju.org\/fr\/on-cartoon-noses-antisemitism-and-the-slaughter-in-gaza\/#article","isPartOf":{"@id":"https:\/\/paju.org\/fr\/on-cartoon-noses-antisemitism-and-the-slaughter-in-gaza\/"},"author":{"name":"Bruce Katz","@id":"https:\/\/paju.org\/fr\/#\/schema\/person\/6d8aed1579a1f4a97e1c552a5f2a891d"},"headline":"On cartoon noses, antisemitism and the slaughter in Gaza","datePublished":"2024-03-27T21:15:48+00:00","dateModified":"2024-03-27T21:19:20+00:00","mainEntityOfPage":{"@id":"https:\/\/paju.org\/fr\/on-cartoon-noses-antisemitism-and-the-slaughter-in-gaza\/"},"wordCount":1650,"publisher":{"@id":"https:\/\/paju.org\/fr\/#organization"},"image":{"@id":"https:\/\/paju.org\/fr\/on-cartoon-noses-antisemitism-and-the-slaughter-in-gaza\/#primaryimage"},"thumbnailUrl":"https:\/\/paju.org\/wp-content\/uploads\/Nosfenyahu-Serge-Chapleau-La-Presse.webp","articleSection":["Features"],"inLanguage":"fr-FR"},{"@type":"WebPage","@id":"https:\/\/paju.org\/fr\/on-cartoon-noses-antisemitism-and-the-slaughter-in-gaza\/","url":"https:\/\/paju.org\/fr\/on-cartoon-noses-antisemitism-and-the-slaughter-in-gaza\/","name":"On cartoon noses, antisemitism and the slaughter in Gaza - PAJU","isPartOf":{"@id":"https:\/\/paju.org\/fr\/#website"},"primaryImageOfPage":{"@id":"https:\/\/paju.org\/fr\/on-cartoon-noses-antisemitism-and-the-slaughter-in-gaza\/#primaryimage"},"image":{"@id":"https:\/\/paju.org\/fr\/on-cartoon-noses-antisemitism-and-the-slaughter-in-gaza\/#primaryimage"},"thumbnailUrl":"https:\/\/paju.org\/wp-content\/uploads\/Nosfenyahu-Serge-Chapleau-La-Presse.webp","datePublished":"2024-03-27T21:15:48+00:00","dateModified":"2024-03-27T21:19:20+00:00","breadcrumb":{"@id":"https:\/\/paju.org\/fr\/on-cartoon-noses-antisemitism-and-the-slaughter-in-gaza\/#breadcrumb"},"inLanguage":"fr-FR","potentialAction":[{"@type":"ReadAction","target":["https:\/\/paju.org\/fr\/on-cartoon-noses-antisemitism-and-the-slaughter-in-gaza\/"]}]},{"@type":"ImageObject","inLanguage":"fr-FR","@id":"https:\/\/paju.org\/fr\/on-cartoon-noses-antisemitism-and-the-slaughter-in-gaza\/#primaryimage","url":"https:\/\/paju.org\/wp-content\/uploads\/Nosfenyahu-Serge-Chapleau-La-Presse.webp","contentUrl":"https:\/\/paju.org\/wp-content\/uploads\/Nosfenyahu-Serge-Chapleau-La-Presse.webp","width":234,"height":316},{"@type":"BreadcrumbList","@id":"https:\/\/paju.org\/fr\/on-cartoon-noses-antisemitism-and-the-slaughter-in-gaza\/#breadcrumb","itemListElement":[{"@type":"ListItem","position":1,"name":"Home","item":"https:\/\/paju.org\/fr\/"},{"@type":"ListItem","position":2,"name":"On cartoon noses, antisemitism and the slaughter in Gaza"}]},{"@type":"WebSite","@id":"https:\/\/paju.org\/fr\/#website","url":"https:\/\/paju.org\/fr\/","name":"PAJU","description":"","publisher":{"@id":"https:\/\/paju.org\/fr\/#organization"},"potentialAction":[{"@type":"SearchAction","target":{"@type":"EntryPoint","urlTemplate":"https:\/\/paju.org\/fr\/?s={search_term_string}"},"query-input":{"@type":"PropertyValueSpecification","valueRequired":true,"valueName":"search_term_string"}}],"inLanguage":"fr-FR"},{"@type":"Organization","@id":"https:\/\/paju.org\/fr\/#organization","name":"Palestinian and Jewish Unity","url":"https:\/\/paju.org\/fr\/","logo":{"@type":"ImageObject","inLanguage":"fr-FR","@id":"https:\/\/paju.org\/fr\/#\/schema\/logo\/image\/","url":"https:\/\/paju.org\/wp-content\/uploads\/PAJU-Logo.png","contentUrl":"https:\/\/paju.org\/wp-content\/uploads\/PAJU-Logo.png","width":696,"height":293,"caption":"Palestinian and Jewish Unity"},"image":{"@id":"https:\/\/paju.org\/fr\/#\/schema\/logo\/image\/"},"sameAs":["https:\/\/www.facebook.com\/pajumontreal","https:\/\/www.instagram.com\/pajumontreal\/"]},{"@type":"Person","@id":"https:\/\/paju.org\/fr\/#\/schema\/person\/6d8aed1579a1f4a97e1c552a5f2a891d","name":"Bruce Katz","image":{"@type":"ImageObject","inLanguage":"fr-FR","@id":"https:\/\/paju.org\/fr\/#\/schema\/person\/image\/","url":"https:\/\/secure.gravatar.com\/avatar\/4c65b2117dbb672d0bda009f0367a4721c9271f1f68b1747fb53d7333079d0f1?s=96&d=mm&r=g","contentUrl":"https:\/\/secure.gravatar.com\/avatar\/4c65b2117dbb672d0bda009f0367a4721c9271f1f68b1747fb53d7333079d0f1?s=96&d=mm&r=g","caption":"Bruce Katz"},"url":"https:\/\/paju.org\/fr\/author\/chadi\/"}]}},"_links":{"self":[{"href":"https:\/\/paju.org\/fr\/wp-json\/wp\/v2\/posts\/252110","targetHints":{"allow":["GET"]}}],"collection":[{"href":"https:\/\/paju.org\/fr\/wp-json\/wp\/v2\/posts"}],"about":[{"href":"https:\/\/paju.org\/fr\/wp-json\/wp\/v2\/types\/post"}],"author":[{"embeddable":true,"href":"https:\/\/paju.org\/fr\/wp-json\/wp\/v2\/users\/4"}],"replies":[{"embeddable":true,"href":"https:\/\/paju.org\/fr\/wp-json\/wp\/v2\/comments?post=252110"}],"version-history":[{"count":2,"href":"https:\/\/paju.org\/fr\/wp-json\/wp\/v2\/posts\/252110\/revisions"}],"predecessor-version":[{"id":252116,"href":"https:\/\/paju.org\/fr\/wp-json\/wp\/v2\/posts\/252110\/revisions\/252116"}],"wp:featuredmedia":[{"embeddable":true,"href":"https:\/\/paju.org\/fr\/wp-json\/wp\/v2\/media\/252112"}],"wp:attachment":[{"href":"https:\/\/paju.org\/fr\/wp-json\/wp\/v2\/media?parent=252110"}],"wp:term":[{"taxonomy":"category","embeddable":true,"href":"https:\/\/paju.org\/fr\/wp-json\/wp\/v2\/categories?post=252110"},{"taxonomy":"post_tag","embeddable":true,"href":"https:\/\/paju.org\/fr\/wp-json\/wp\/v2\/tags?post=252110"}],"curies":[{"name":"wp","href":"https:\/\/api.w.org\/{rel}","templated":true}]}}