{"id":249841,"date":"2023-10-15T17:03:40","date_gmt":"2023-10-15T21:03:40","guid":{"rendered":"https:\/\/paju.org\/?p=249841"},"modified":"2023-10-15T17:12:28","modified_gmt":"2023-10-15T21:12:28","slug":"communique-de-paju-palestiniens-et-juifs-unis","status":"publish","type":"post","link":"https:\/\/paju.org\/fr\/communique-de-paju-palestiniens-et-juifs-unis\/","title":{"rendered":"COMMUNIQU\u00c9 DE PAJU (PALESTINIENS ET JUIFS UNIS)"},"content":{"rendered":"\n<p><strong>R\u00e9ponse de PAJU \u00e0 la d\u00e9claration de Fran\u00e7ois Legault\u00a0: Manifestation propalestinienne du 8 octobre 2023 \u00e0 Montr\u00e9al\u00a0: PAJU y \u00e9tait!<\/strong><\/p>\n\n\n\n<p>Pour publication imm\u00e9diate<\/p>\n\n\n\n<p><strong>Montr\u00e9al le 15 octobre 2023<\/strong><\/p>\n\n\n\n<p>Le premier ministre du Qu\u00e9bec, Fran\u00e7ois &nbsp;Legault, a dit que c&#8217;\u00e9tait <em>\u00ab honteux \u00bb <\/em>et<em> \u00ab inacceptable \u00bb <\/em>de manifester<em> \u00ab pour c\u00e9l\u00e9brer ou suppos\u00e9ment justifier l&#8217;assassinat de civils \u00bb.<\/em> Pr\u00e9cisons que ce jugement est d\u2019ordre moral&nbsp;: c\u2019est <em>moralement <\/em>honteux, <em>moralement<\/em> inacceptable de c\u00e9l\u00e9brer le meurtre pr\u00e9m\u00e9dit\u00e9 de civils ou d\u2019essayer de le justifier. Aucune justification ne peut rendre le meurtre moralement permissible, dit en somme le premier ministre du Qu\u00e9bec.<\/p>\n\n\n\n<p>La question soulev\u00e9e par le premier ministre et une question s\u00e9rieuse, mais elle est fort mal pos\u00e9e. Un peu de perspective s\u2019impose\u2026<\/p>\n\n\n\n<p>Nelson Mandela, ce g\u00e9ant du 20<sup>e<\/sup> si\u00e8cle, disait qu\u2019entre l\u2019oppresseur et l\u2019opprim\u00e9, c\u2019est l\u2019oppresseur qui d\u00e9termine les moyens de r\u00e9sistance de l\u2019opprim\u00e9. En Afrique du Sud, le parti de Mandela (l\u2019ANC) a constat\u00e9 qu\u2019il n\u2019avait d\u2019autre choix que de cr\u00e9er une aile arm\u00e9e du parti (le MK, La lance de la nation). L\u2019ANC a confi\u00e9 la cr\u00e9ation et la direction du MK \u00e0 Mandela, qui a \u00e9t\u00e9 subs\u00e9quemment arr\u00eat\u00e9 et emprisonn\u00e9 pour terrorisme. Ce n\u2019est pas Mandela qui est devenu n\u00e9gociateur; c\u2019est la r\u00e9sistance populaire contre l\u2019apartheid qui a fait de Mandela un n\u00e9gociateur. En effet, lorsque le gouvernement sud-africain a d\u00e9cid\u00e9 que sa violence \u00e9tait intenable et qu\u2019il devait n\u00e9gocier avec l\u2019ANC, c\u2019est pr\u00e9cis\u00e9ment cette d\u00e9cision qui a fait de Mandela un n\u00e9gociateur, ce personnage que l\u2019histoire retient comme un des grands hommes du 20<sup>e<\/sup> si\u00e8cle.<\/p>\n\n\n\n<p>Dans le cas d\u2019Isra\u00ebl\/Palestine, monsieur Legault, \u00e0 la suite des autres leaders d\u2019\u00c9tats occidentaux, refuse de voir la r\u00e9alit\u00e9 en face. Pour citer l\u2019historien <a><\/a>Yakov Rabkin :<\/p>\n\n\n\n<p><em>\u00ab There is an adamant refusal to look into the obvious causes of violence. In the case of Israel, this refusal is particularly appalling. For 75 years, Israel dispossessed, exiled, imprisoned, and tortured Palestinians who never knew a day of freedom. As the Israeli journalist Gideon Levy sarcastically put it: \u201cWe\u2019ll fire at innocent people, take out people\u2019s eyes and smash their faces, expel, confiscate, rob, grab people from their beds, carry out ethnic cleansing and of course continue with&nbsp;the unbelievable siege of the Gaza Strip, and everything will be all right.\u201d <\/em><em>\u00bb<\/em><a href=\"#_ftn1\" id=\"_ftnref1\">[1]<\/a><\/p>\n\n\n\n<p>Le Hamas n\u2019est qu\u2019une expression de la r\u00e9sistance populaire palestinienne face \u00e0 l\u2019oppression qu\u2019elle vit depuis un si\u00e8cle. Le premier ministre a r\u00e9cemment d\u00e9clar\u00e9 qu\u2019Isra\u00ebl est d\u00e9sormais en guerre, mais en ce qui concerne les Palestiniens, Isra\u00ebl est en guerre depuis \u00be de si\u00e8cle! Cette d\u00e9claration de guerre nie la r\u00e9alit\u00e9 historique document\u00e9e par l\u2019historien Rashid Khalidi dans son r\u00e9cent livre intitul\u00e9 <em>The Hundred Years&#8217; War on Palestine<\/em>.<\/p>\n\n\n\n<p>Que monsieur Legault soul\u00e8ve la question morale des victimes civiles innocentes est fort bien. Mais qu\u2019il la soul\u00e8ve ind\u00e9pendamment du contexte historique, c\u2019est hautement douteux. C\u2019est aussi douteux que de repr\u00e9senter Nelson Mandela comme ayant \u00e9t\u00e9 un jovial n\u00e9gociateur, un partisan de la non-violence fictif, un vieux sage inoffensif.<\/p>\n\n\n\n<p>Les manifestants du dimanche 8 octobre \u00e0 Montr\u00e9al ne c\u00e9l\u00e9braient pas les victimes innocentes isra\u00e9liennes. Ils appuyaient le Hamas ? Non. Le Jihad ? Nenni. L\u2019Islam ? Non plus. Leur message du 8 octobre, c\u2019\u00e9tait&nbsp;: \u00ab Isra\u00ebl criminel, Canada complice. \u00bb Avec l\u2019ouverture ces jours-ci d\u2019un bureau commercial qu\u00e9b\u00e9cois \u00e0 Tel Aviv (dans l\u2019ambassade canadienne), les manifestants auraient pu ajouter&nbsp;: \u00ab Isra\u00ebl criminel, Qu\u00e9bec complice. \u00bb Autrement dit, ils portaient un jugement moral&nbsp;: la complicit\u00e9 canadienne (avec son trait\u00e9 de libre-\u00e9change avec Isra\u00ebl) et, maintenant la complicit\u00e9 qu\u00e9b\u00e9coise, le <em>buisness as usual <\/em>canadien, c\u2019est \u00e7a qui est moralement honteux, moralement inacceptable. Idem pour le Qu\u00e9bec. En portant un jugement moral d\u00e9favorable sur les manifestants du 8 octobre \u00e0 Montr\u00e9al, monsieur Legault tente d\u2019\u00e9chapper au jugement moral de ces manifestants&nbsp;: <em>Isra\u00ebl criminel, Qu\u00e9bec complice. <\/em>Pour comprendre de quoi le Qu\u00e9bec est complice, citons encore une fois le Pr. Rabkin&nbsp;:<\/p>\n\n\n\n<p><em>\u00ab Indeed, most Israelis are accustomed to living in denial. They party and enjoy themselves while a few minutes\u2019 drive away armed Zionist settlers set Palestinian villages on fire, attack olive growers, and beat up anyone daring to defend them. This indifference and oblivion turned to tragedy when a music festival was organized on the border with Gaza, where millions of Palestinians endured a brutal siege imposed by Israel and supported by Egypt. Many Israeli ravers ended up killed in the recent attack from Gaza. Israeli civilians who had felt safely sheltered in their private lives were meted a dreadful reminder of the decades-long violence experienced by the Palestinians living under Israeli siege and control. Israelis found themselves in the hell Palestinians live in every day. \u00bb<\/em><\/p>\n\n\n\n<p>George W. Bush a eu recours au sophisme du faux dilemme peu apr\u00e8s le 11 septembre&nbsp;: \u00ab Ou vous \u00eates avec nous, ou vous \u00eates avec les terroristes. \u00bb En effet, il y avait une troisi\u00e8me option&nbsp;: d\u2019\u00eatre ni avec les \u00c9tats-Unis, ni avec les terroristes. Monsieur Legault et ses coll\u00e8gues des capitales occidentales utilisent aujourd\u2019hui le m\u00eame sophisme du faux dilemme&nbsp;: <em>\u00ab Ou vous \u00eates avec nous\u00bb, <\/em>les gens raisonnables pr\u00f4nant la n\u00e9gociation,<em> \u00ab ou vous \u00eates avec les terroristes \u00bb<\/em> du Hamas. Mais il y a un pr\u00e9suppos\u00e9 qui n\u2019est pas explicit\u00e9&nbsp;: ce pr\u00e9suppos\u00e9, tout \u00e0 fait faux, c\u2019est qu\u2019Isra\u00ebl est un n\u00e9gociateur de bonne foi. Monsieur Legault peut croire \u00e0 la bonne foi d\u2019Isra\u00ebl, mais les manifestants du 8 octobre ont une compr\u00e9hension historique infiniment plus \u00e9clair\u00e9e que celle du premier ministre. Le processus de paix d\u2019Oslo, pour citer Edward Sa\u00efd, a \u00e9t\u00e9 l\u2019\u00e9quivalent pour les Palestiniens du trait\u00e9 de Versailles, un outil pour assurer capitulation du mouvement de r\u00e9sistance populaire palestinienne\u2026 En jugeant que les manifestants devraient avoir honte, monsieur Legault dit en somme&nbsp;: capitulez, ou vous serez des cibles (symboliques) l\u00e9gitimes. Cibler ainsi ces manifestants, c\u2019est une mesquinerie honteuse.<\/p>\n\n\n\n<p>-30-<\/p>\n\n\n\n<p>Info&nbsp;:<\/p>\n\n\n\n<p>Fran\u00e7ais&nbsp;: (514) 923-5594<\/p>\n\n\n\n<p>English&nbsp;: (514) 582-1642<\/p>\n\n\n\n<hr class=\"wp-block-separator has-alpha-channel-opacity\"\/>\n\n\n\n<p><a href=\"#_ftnref1\" id=\"_ftn1\">[1]<\/a> https:\/\/www.pressenza.com\/2023\/10\/palestine-and-ukraine-peace-is-possible\/<\/p>\n","protected":false},"excerpt":{"rendered":"<p>Nelson Mandela, ce g\u00e9ant du 20e si\u00e8cle, disait qu\u2019entre l\u2019oppresseur et l\u2019opprim\u00e9, c\u2019est l\u2019oppresseur qui d\u00e9termine les moyens de r\u00e9sistance de l\u2019opprim\u00e9.<\/p>\n","protected":false},"author":4,"featured_media":249838,"comment_status":"closed","ping_status":"closed","sticky":false,"template":"","format":"standard","meta":{"_acf_changed":false,"_et_pb_use_builder":"","_et_pb_old_content":"","_et_gb_content_width":"","footnotes":""},"categories":[88],"tags":[],"class_list":["post-249841","post","type-post","status-publish","format-standard","has-post-thumbnail","hentry","category-communique-de-presse"],"acf":[],"yoast_head":"<!-- This site is optimized with the Yoast SEO plugin v25.8 - https:\/\/yoast.com\/wordpress\/plugins\/seo\/ -->\n<title>COMMUNIQU\u00c9 DE PAJU (PALESTINIENS ET JUIFS UNIS) - PAJU<\/title>\n<meta name=\"description\" content=\"Nelson Mandela, ce g\u00e9ant du 20e si\u00e8cle, disait qu\u2019entre l\u2019oppresseur et l\u2019opprim\u00e9, c\u2019est l\u2019oppresseur qui d\u00e9termine les moyens de r\u00e9sistance de l\u2019opprim\u00e9.\" \/>\n<meta name=\"robots\" content=\"index, follow, max-snippet:-1, max-image-preview:large, max-video-preview:-1\" \/>\n<link rel=\"canonical\" href=\"https:\/\/paju.org\/fr\/communique-de-paju-palestiniens-et-juifs-unis\/\" \/>\n<meta property=\"og:locale\" content=\"fr_FR\" \/>\n<meta property=\"og:type\" content=\"article\" \/>\n<meta property=\"og:title\" content=\"COMMUNIQU\u00c9 DE PAJU (PALESTINIENS ET JUIFS UNIS) - PAJU\" \/>\n<meta property=\"og:description\" content=\"Nelson Mandela, ce g\u00e9ant du 20e si\u00e8cle, disait qu\u2019entre l\u2019oppresseur et l\u2019opprim\u00e9, c\u2019est l\u2019oppresseur qui d\u00e9termine les moyens de r\u00e9sistance de l\u2019opprim\u00e9.\" \/>\n<meta property=\"og:site_name\" content=\"PAJU\" \/>\n<meta property=\"article:publisher\" content=\"https:\/\/www.facebook.com\/pajumontreal\" \/>\n<meta property=\"article:published_time\" content=\"2023-10-15T21:03:40+00:00\" \/>\n<meta property=\"article:modified_time\" content=\"2023-10-15T21:12:28+00:00\" \/>\n<meta property=\"og:image\" content=\"https:\/\/paju.org\/wp-content\/uploads\/LA-PRESSE-PHOTO-CHARLES-WILLIAM-PELLETIER.webp\" \/>\n\t<meta property=\"og:image:width\" content=\"924\" \/>\n\t<meta property=\"og:image:height\" content=\"616\" \/>\n\t<meta property=\"og:image:type\" content=\"image\/webp\" \/>\n<meta name=\"author\" content=\"Bruce Katz\" \/>\n<meta name=\"twitter:card\" content=\"summary_large_image\" \/>\n<meta name=\"twitter:label1\" content=\"\u00c9crit par\" \/>\n\t<meta name=\"twitter:data1\" content=\"Bruce Katz\" \/>\n\t<meta name=\"twitter:label2\" content=\"Dur\u00e9e de lecture estim\u00e9e\" \/>\n\t<meta name=\"twitter:data2\" content=\"5 minutes\" \/>\n<script type=\"application\/ld+json\" class=\"yoast-schema-graph\">{\"@context\":\"https:\/\/schema.org\",\"@graph\":[{\"@type\":\"Article\",\"@id\":\"https:\/\/paju.org\/fr\/communique-de-paju-palestiniens-et-juifs-unis\/#article\",\"isPartOf\":{\"@id\":\"https:\/\/paju.org\/fr\/communique-de-paju-palestiniens-et-juifs-unis\/\"},\"author\":{\"name\":\"Bruce Katz\",\"@id\":\"https:\/\/paju.org\/fr\/#\/schema\/person\/6d8aed1579a1f4a97e1c552a5f2a891d\"},\"headline\":\"COMMUNIQU\u00c9 DE PAJU (PALESTINIENS ET JUIFS UNIS)\",\"datePublished\":\"2023-10-15T21:03:40+00:00\",\"dateModified\":\"2023-10-15T21:12:28+00:00\",\"mainEntityOfPage\":{\"@id\":\"https:\/\/paju.org\/fr\/communique-de-paju-palestiniens-et-juifs-unis\/\"},\"wordCount\":1105,\"publisher\":{\"@id\":\"https:\/\/paju.org\/fr\/#organization\"},\"image\":{\"@id\":\"https:\/\/paju.org\/fr\/communique-de-paju-palestiniens-et-juifs-unis\/#primaryimage\"},\"thumbnailUrl\":\"https:\/\/paju.org\/wp-content\/uploads\/LA-PRESSE-PHOTO-CHARLES-WILLIAM-PELLETIER.webp\",\"articleSection\":[\"Communiqu\u00e9 de presse\"],\"inLanguage\":\"fr-FR\"},{\"@type\":\"WebPage\",\"@id\":\"https:\/\/paju.org\/fr\/communique-de-paju-palestiniens-et-juifs-unis\/\",\"url\":\"https:\/\/paju.org\/fr\/communique-de-paju-palestiniens-et-juifs-unis\/\",\"name\":\"COMMUNIQU\u00c9 DE PAJU (PALESTINIENS ET JUIFS UNIS) - PAJU\",\"isPartOf\":{\"@id\":\"https:\/\/paju.org\/fr\/#website\"},\"primaryImageOfPage\":{\"@id\":\"https:\/\/paju.org\/fr\/communique-de-paju-palestiniens-et-juifs-unis\/#primaryimage\"},\"image\":{\"@id\":\"https:\/\/paju.org\/fr\/communique-de-paju-palestiniens-et-juifs-unis\/#primaryimage\"},\"thumbnailUrl\":\"https:\/\/paju.org\/wp-content\/uploads\/LA-PRESSE-PHOTO-CHARLES-WILLIAM-PELLETIER.webp\",\"datePublished\":\"2023-10-15T21:03:40+00:00\",\"dateModified\":\"2023-10-15T21:12:28+00:00\",\"description\":\"Nelson Mandela, ce g\u00e9ant du 20e si\u00e8cle, disait qu\u2019entre l\u2019oppresseur et l\u2019opprim\u00e9, c\u2019est l\u2019oppresseur qui d\u00e9termine les moyens de r\u00e9sistance de l\u2019opprim\u00e9.\",\"breadcrumb\":{\"@id\":\"https:\/\/paju.org\/fr\/communique-de-paju-palestiniens-et-juifs-unis\/#breadcrumb\"},\"inLanguage\":\"fr-FR\",\"potentialAction\":[{\"@type\":\"ReadAction\",\"target\":[\"https:\/\/paju.org\/fr\/communique-de-paju-palestiniens-et-juifs-unis\/\"]}]},{\"@type\":\"ImageObject\",\"inLanguage\":\"fr-FR\",\"@id\":\"https:\/\/paju.org\/fr\/communique-de-paju-palestiniens-et-juifs-unis\/#primaryimage\",\"url\":\"https:\/\/paju.org\/wp-content\/uploads\/LA-PRESSE-PHOTO-CHARLES-WILLIAM-PELLETIER.webp\",\"contentUrl\":\"https:\/\/paju.org\/wp-content\/uploads\/LA-PRESSE-PHOTO-CHARLES-WILLIAM-PELLETIER.webp\",\"width\":924,\"height\":616},{\"@type\":\"BreadcrumbList\",\"@id\":\"https:\/\/paju.org\/fr\/communique-de-paju-palestiniens-et-juifs-unis\/#breadcrumb\",\"itemListElement\":[{\"@type\":\"ListItem\",\"position\":1,\"name\":\"Home\",\"item\":\"https:\/\/paju.org\/fr\/\"},{\"@type\":\"ListItem\",\"position\":2,\"name\":\"COMMUNIQU\u00c9 DE PAJU (PALESTINIENS ET JUIFS UNIS)\"}]},{\"@type\":\"WebSite\",\"@id\":\"https:\/\/paju.org\/fr\/#website\",\"url\":\"https:\/\/paju.org\/fr\/\",\"name\":\"PAJU\",\"description\":\"\",\"publisher\":{\"@id\":\"https:\/\/paju.org\/fr\/#organization\"},\"potentialAction\":[{\"@type\":\"SearchAction\",\"target\":{\"@type\":\"EntryPoint\",\"urlTemplate\":\"https:\/\/paju.org\/fr\/?s={search_term_string}\"},\"query-input\":{\"@type\":\"PropertyValueSpecification\",\"valueRequired\":true,\"valueName\":\"search_term_string\"}}],\"inLanguage\":\"fr-FR\"},{\"@type\":\"Organization\",\"@id\":\"https:\/\/paju.org\/fr\/#organization\",\"name\":\"Palestinian and Jewish Unity\",\"url\":\"https:\/\/paju.org\/fr\/\",\"logo\":{\"@type\":\"ImageObject\",\"inLanguage\":\"fr-FR\",\"@id\":\"https:\/\/paju.org\/fr\/#\/schema\/logo\/image\/\",\"url\":\"https:\/\/paju.org\/wp-content\/uploads\/PAJU-Logo.png\",\"contentUrl\":\"https:\/\/paju.org\/wp-content\/uploads\/PAJU-Logo.png\",\"width\":696,\"height\":293,\"caption\":\"Palestinian and Jewish Unity\"},\"image\":{\"@id\":\"https:\/\/paju.org\/fr\/#\/schema\/logo\/image\/\"},\"sameAs\":[\"https:\/\/www.facebook.com\/pajumontreal\",\"https:\/\/www.instagram.com\/pajumontreal\/\"]},{\"@type\":\"Person\",\"@id\":\"https:\/\/paju.org\/fr\/#\/schema\/person\/6d8aed1579a1f4a97e1c552a5f2a891d\",\"name\":\"Bruce Katz\",\"image\":{\"@type\":\"ImageObject\",\"inLanguage\":\"fr-FR\",\"@id\":\"https:\/\/paju.org\/fr\/#\/schema\/person\/image\/\",\"url\":\"https:\/\/secure.gravatar.com\/avatar\/4c65b2117dbb672d0bda009f0367a4721c9271f1f68b1747fb53d7333079d0f1?s=96&d=mm&r=g\",\"contentUrl\":\"https:\/\/secure.gravatar.com\/avatar\/4c65b2117dbb672d0bda009f0367a4721c9271f1f68b1747fb53d7333079d0f1?s=96&d=mm&r=g\",\"caption\":\"Bruce Katz\"},\"url\":\"https:\/\/paju.org\/fr\/author\/chadi\/\"}]}<\/script>\n<!-- \/ Yoast SEO plugin. -->","yoast_head_json":{"title":"COMMUNIQU\u00c9 DE PAJU (PALESTINIENS ET JUIFS UNIS) - PAJU","description":"Nelson Mandela, ce g\u00e9ant du 20e si\u00e8cle, disait qu\u2019entre l\u2019oppresseur et l\u2019opprim\u00e9, c\u2019est l\u2019oppresseur qui d\u00e9termine les moyens de r\u00e9sistance de l\u2019opprim\u00e9.","robots":{"index":"index","follow":"follow","max-snippet":"max-snippet:-1","max-image-preview":"max-image-preview:large","max-video-preview":"max-video-preview:-1"},"canonical":"https:\/\/paju.org\/fr\/communique-de-paju-palestiniens-et-juifs-unis\/","og_locale":"fr_FR","og_type":"article","og_title":"COMMUNIQU\u00c9 DE PAJU (PALESTINIENS ET JUIFS UNIS) - PAJU","og_description":"Nelson Mandela, ce g\u00e9ant du 20e si\u00e8cle, disait qu\u2019entre l\u2019oppresseur et l\u2019opprim\u00e9, c\u2019est l\u2019oppresseur qui d\u00e9termine les moyens de r\u00e9sistance de l\u2019opprim\u00e9.","og_site_name":"PAJU","article_publisher":"https:\/\/www.facebook.com\/pajumontreal","article_published_time":"2023-10-15T21:03:40+00:00","article_modified_time":"2023-10-15T21:12:28+00:00","og_image":[{"width":924,"height":616,"url":"https:\/\/paju.org\/wp-content\/uploads\/LA-PRESSE-PHOTO-CHARLES-WILLIAM-PELLETIER.webp","type":"image\/webp"}],"author":"Bruce Katz","twitter_card":"summary_large_image","twitter_misc":{"\u00c9crit par":"Bruce Katz","Dur\u00e9e de lecture estim\u00e9e":"5 minutes"},"schema":{"@context":"https:\/\/schema.org","@graph":[{"@type":"Article","@id":"https:\/\/paju.org\/fr\/communique-de-paju-palestiniens-et-juifs-unis\/#article","isPartOf":{"@id":"https:\/\/paju.org\/fr\/communique-de-paju-palestiniens-et-juifs-unis\/"},"author":{"name":"Bruce Katz","@id":"https:\/\/paju.org\/fr\/#\/schema\/person\/6d8aed1579a1f4a97e1c552a5f2a891d"},"headline":"COMMUNIQU\u00c9 DE PAJU (PALESTINIENS ET JUIFS UNIS)","datePublished":"2023-10-15T21:03:40+00:00","dateModified":"2023-10-15T21:12:28+00:00","mainEntityOfPage":{"@id":"https:\/\/paju.org\/fr\/communique-de-paju-palestiniens-et-juifs-unis\/"},"wordCount":1105,"publisher":{"@id":"https:\/\/paju.org\/fr\/#organization"},"image":{"@id":"https:\/\/paju.org\/fr\/communique-de-paju-palestiniens-et-juifs-unis\/#primaryimage"},"thumbnailUrl":"https:\/\/paju.org\/wp-content\/uploads\/LA-PRESSE-PHOTO-CHARLES-WILLIAM-PELLETIER.webp","articleSection":["Communiqu\u00e9 de presse"],"inLanguage":"fr-FR"},{"@type":"WebPage","@id":"https:\/\/paju.org\/fr\/communique-de-paju-palestiniens-et-juifs-unis\/","url":"https:\/\/paju.org\/fr\/communique-de-paju-palestiniens-et-juifs-unis\/","name":"COMMUNIQU\u00c9 DE PAJU (PALESTINIENS ET JUIFS UNIS) - PAJU","isPartOf":{"@id":"https:\/\/paju.org\/fr\/#website"},"primaryImageOfPage":{"@id":"https:\/\/paju.org\/fr\/communique-de-paju-palestiniens-et-juifs-unis\/#primaryimage"},"image":{"@id":"https:\/\/paju.org\/fr\/communique-de-paju-palestiniens-et-juifs-unis\/#primaryimage"},"thumbnailUrl":"https:\/\/paju.org\/wp-content\/uploads\/LA-PRESSE-PHOTO-CHARLES-WILLIAM-PELLETIER.webp","datePublished":"2023-10-15T21:03:40+00:00","dateModified":"2023-10-15T21:12:28+00:00","description":"Nelson Mandela, ce g\u00e9ant du 20e si\u00e8cle, disait qu\u2019entre l\u2019oppresseur et l\u2019opprim\u00e9, c\u2019est l\u2019oppresseur qui d\u00e9termine les moyens de r\u00e9sistance de l\u2019opprim\u00e9.","breadcrumb":{"@id":"https:\/\/paju.org\/fr\/communique-de-paju-palestiniens-et-juifs-unis\/#breadcrumb"},"inLanguage":"fr-FR","potentialAction":[{"@type":"ReadAction","target":["https:\/\/paju.org\/fr\/communique-de-paju-palestiniens-et-juifs-unis\/"]}]},{"@type":"ImageObject","inLanguage":"fr-FR","@id":"https:\/\/paju.org\/fr\/communique-de-paju-palestiniens-et-juifs-unis\/#primaryimage","url":"https:\/\/paju.org\/wp-content\/uploads\/LA-PRESSE-PHOTO-CHARLES-WILLIAM-PELLETIER.webp","contentUrl":"https:\/\/paju.org\/wp-content\/uploads\/LA-PRESSE-PHOTO-CHARLES-WILLIAM-PELLETIER.webp","width":924,"height":616},{"@type":"BreadcrumbList","@id":"https:\/\/paju.org\/fr\/communique-de-paju-palestiniens-et-juifs-unis\/#breadcrumb","itemListElement":[{"@type":"ListItem","position":1,"name":"Home","item":"https:\/\/paju.org\/fr\/"},{"@type":"ListItem","position":2,"name":"COMMUNIQU\u00c9 DE PAJU (PALESTINIENS ET JUIFS UNIS)"}]},{"@type":"WebSite","@id":"https:\/\/paju.org\/fr\/#website","url":"https:\/\/paju.org\/fr\/","name":"PAJU","description":"","publisher":{"@id":"https:\/\/paju.org\/fr\/#organization"},"potentialAction":[{"@type":"SearchAction","target":{"@type":"EntryPoint","urlTemplate":"https:\/\/paju.org\/fr\/?s={search_term_string}"},"query-input":{"@type":"PropertyValueSpecification","valueRequired":true,"valueName":"search_term_string"}}],"inLanguage":"fr-FR"},{"@type":"Organization","@id":"https:\/\/paju.org\/fr\/#organization","name":"Palestinian and Jewish Unity","url":"https:\/\/paju.org\/fr\/","logo":{"@type":"ImageObject","inLanguage":"fr-FR","@id":"https:\/\/paju.org\/fr\/#\/schema\/logo\/image\/","url":"https:\/\/paju.org\/wp-content\/uploads\/PAJU-Logo.png","contentUrl":"https:\/\/paju.org\/wp-content\/uploads\/PAJU-Logo.png","width":696,"height":293,"caption":"Palestinian and Jewish Unity"},"image":{"@id":"https:\/\/paju.org\/fr\/#\/schema\/logo\/image\/"},"sameAs":["https:\/\/www.facebook.com\/pajumontreal","https:\/\/www.instagram.com\/pajumontreal\/"]},{"@type":"Person","@id":"https:\/\/paju.org\/fr\/#\/schema\/person\/6d8aed1579a1f4a97e1c552a5f2a891d","name":"Bruce Katz","image":{"@type":"ImageObject","inLanguage":"fr-FR","@id":"https:\/\/paju.org\/fr\/#\/schema\/person\/image\/","url":"https:\/\/secure.gravatar.com\/avatar\/4c65b2117dbb672d0bda009f0367a4721c9271f1f68b1747fb53d7333079d0f1?s=96&d=mm&r=g","contentUrl":"https:\/\/secure.gravatar.com\/avatar\/4c65b2117dbb672d0bda009f0367a4721c9271f1f68b1747fb53d7333079d0f1?s=96&d=mm&r=g","caption":"Bruce Katz"},"url":"https:\/\/paju.org\/fr\/author\/chadi\/"}]}},"_links":{"self":[{"href":"https:\/\/paju.org\/fr\/wp-json\/wp\/v2\/posts\/249841","targetHints":{"allow":["GET"]}}],"collection":[{"href":"https:\/\/paju.org\/fr\/wp-json\/wp\/v2\/posts"}],"about":[{"href":"https:\/\/paju.org\/fr\/wp-json\/wp\/v2\/types\/post"}],"author":[{"embeddable":true,"href":"https:\/\/paju.org\/fr\/wp-json\/wp\/v2\/users\/4"}],"replies":[{"embeddable":true,"href":"https:\/\/paju.org\/fr\/wp-json\/wp\/v2\/comments?post=249841"}],"version-history":[{"count":1,"href":"https:\/\/paju.org\/fr\/wp-json\/wp\/v2\/posts\/249841\/revisions"}],"predecessor-version":[{"id":249843,"href":"https:\/\/paju.org\/fr\/wp-json\/wp\/v2\/posts\/249841\/revisions\/249843"}],"wp:featuredmedia":[{"embeddable":true,"href":"https:\/\/paju.org\/fr\/wp-json\/wp\/v2\/media\/249838"}],"wp:attachment":[{"href":"https:\/\/paju.org\/fr\/wp-json\/wp\/v2\/media?parent=249841"}],"wp:term":[{"taxonomy":"category","embeddable":true,"href":"https:\/\/paju.org\/fr\/wp-json\/wp\/v2\/categories?post=249841"},{"taxonomy":"post_tag","embeddable":true,"href":"https:\/\/paju.org\/fr\/wp-json\/wp\/v2\/tags?post=249841"}],"curies":[{"name":"wp","href":"https:\/\/api.w.org\/{rel}","templated":true}]}}