{"id":249668,"date":"2023-09-23T12:12:18","date_gmt":"2023-09-23T16:12:18","guid":{"rendered":"https:\/\/paju.org\/?p=249668"},"modified":"2023-09-23T12:19:18","modified_gmt":"2023-09-23T16:19:18","slug":"les-israeliens-dorigine-ethiopienne-souffrent-de-discrimination-de-racisme-et-de-surveillance-policiere-excessive","status":"publish","type":"post","link":"https:\/\/paju.org\/fr\/les-israeliens-dorigine-ethiopienne-souffrent-de-discrimination-de-racisme-et-de-surveillance-policiere-excessive\/","title":{"rendered":"Les Isra\u00e9liens d&#8217;origine \u00e9thiopienne souffrent de discrimination, de racisme et de surveillance polici\u00e8re excessive"},"content":{"rendered":"\n<p><strong><em>Des d\u00e9cennies apr\u00e8s leur arriv\u00e9e dans le pays, les Isra\u00e9liens d&#8217;origine \u00e9thiopienne sont toujours confront\u00e9s \u00e0 la m\u00e9fiance, \u00e0 la discrimination et \u00e0 la brutalit\u00e9 polici\u00e8re<\/em><\/strong><\/p>\n\n\n\n<p><strong><a href=\"https:\/\/www.al-monitor.com\/authors\/mazal-mualem.html\">Mazal Mualem<\/a><\/strong><strong><\/strong><\/p>\n\n\n\n<p><a href=\"https:\/\/twitter.com\/mazalm3\" target=\"_blank\" rel=\"noreferrer noopener\">@mazalm3<\/a><\/p>\n\n\n\n<p><\/p>\n\n\n\n<p>JERUSALEM \u2014 <a href=\"https:\/\/www.al-monitor.com\/originals\/2023\/07\/israeli-citizen-kidnapped-ethiopias-amhara-region\">Les Isra\u00e9liens d\u2019origine \u00e9thiopienne<\/a> vivent dans le pays depuis des ann\u00e9es. Certains d\u2019entre eux ont fait le long voyage de l\u2019\u00c9thiopie \u00e0 Isra\u00ebl il y a 30 ou 40 ans, tandis que d\u2019autres sont n\u00e9s en Isra\u00ebl de parents n\u00e9s en \u00c9thiopie. Pourtant, beaucoup d\u2019entre eux ont le sentiment que la soci\u00e9t\u00e9 isra\u00e9lienne les traite encore comme des \u00e9trangers, ce qui rend leur int\u00e9gration difficile.<\/p>\n\n\n\n<p>Tsega Melaku, membre de la Knesset du Likoud, a rendu visite lundi \u00e0 Vendelin Avera, 26 ans, qui a \u00e9t\u00e9 gravement br\u00fbl\u00e9 la semaine derni\u00e8re par une bombe incendiaire lanc\u00e9e lors d&#8217;une violente manifestation d&#8217;<a href=\"https:\/\/www.al-monitor.com\/originals\/2020\/12\/israel-ethiopia-sudan-benjamin-netanyahu-benny-gantz.html\">Isra\u00e9liens d&#8217;origine \u00e9thiopienne<\/a>.<\/p>\n\n\n\n<p>La visite de Melaku a dur\u00e9 plus longtemps que pr\u00e9vu, car elle avait du mal \u00e0 quitter Avera et sa famille d\u00e9sempar\u00e9e. Venue les consoler, elle dit \u00eatre repartie d\u00e9courag\u00e9e. \u00ab Cela me ram\u00e8ne \u00e0 mes propres exp\u00e9riences du racisme que moi et ma famille avons v\u00e9cu en Isra\u00ebl, entre autres \u00bb, a-t-elle d\u00e9clar\u00e9 \u00e0Al-Monitor.<\/p>\n\n\n\n<p>Melaku, 55 ans, fait partie des dizaines de milliers d\u2019\u00c9thiopiens d\u2019origine juive qui ont immigr\u00e9 en Isra\u00ebl depuis le d\u00e9but des ann\u00e9es 1980. N\u00e9e dans la province de Gondar, elle est arriv\u00e9e en Isra\u00ebl \u00e0 l&#8217;\u00e2ge de 16 ans et s&#8217;est engag\u00e9e dans la lutte contre le racisme institutionnalis\u00e9 dont elle accuse son pays d&#8217;adoption. Mercredi dernier, elle a pris la parole lors d&#8217;une manifestation au cours de laquelle Avera a \u00e9t\u00e9 bless\u00e9, la deuxi\u00e8me manifestation de ce type depuis que Rafael Adana, 4 ans, a \u00e9t\u00e9 tu\u00e9 dans un d\u00e9lit de fuite en mai alors qu&#8217;il se promenait avec son grand-p\u00e8re.<\/p>\n\n\n\n<p>Les militants communautaires consid\u00e8rent la trag\u00e9die et sa gestion par la police et les procureurs comme symptomatiques d&#8217;un racisme profond\u00e9ment enracin\u00e9. M\u00eame si la conductrice qui s&#8217;est enfuie a \u00e9t\u00e9 localis\u00e9e et interrog\u00e9e le lendemain, aucune accusation n&#8217;a \u00e9t\u00e9 port\u00e9e contre elle car les enqu\u00eateurs ont constat\u00e9 qu&#8217;elle roulait en respectant la limite de vitesse et qu&#8217;elle n&#8217;aurait pas pu \u00e9viter de heurter le gar\u00e7on, qui s&#8217;est pr\u00e9sent\u00e9 avoir pris la route. Mais les dirigeants de la communaut\u00e9 affirment que le conducteur aurait \u00e9t\u00e9 poursuivi pour avoir abandonn\u00e9 les lieux de l&#8217;accident sans s&#8217;\u00eatre arr\u00eat\u00e9 pour aider si Rafael avait \u00e9t\u00e9 blanc.<\/p>\n\n\n\n<p>Journalistes et militants tentent depuis des semaines de d\u00e9m\u00ealer les diverses th\u00e9ories du complot circulant sur les r\u00e9seaux sociaux, des accusations des militants selon lesquelles l\u2019enqu\u00eate polici\u00e8re est b\u00e2cl\u00e9e et de la lenteur des procureurs.<\/p>\n\n\n\n<p>Alors que les questions sur la gestion de l\u2019affaire se faisaient plus fortes, les manifestants se sont mobilis\u00e9s via Tik-Tok et sont descendus dans les rues du centre de Tel-Aviv. L&#8217;une des manifestations a d\u00e9g\u00e9n\u00e9r\u00e9 en violences et des grenades assourdissantes ont \u00e9t\u00e9 utilis\u00e9es pour disperser les manifestants, qui avaient bloqu\u00e9 une art\u00e8re importante. Plusieurs policiers et manifestants ont \u00e9t\u00e9 bless\u00e9s dans la m\u00eal\u00e9e.<\/p>\n\n\n\n<p><strong>Une communaut\u00e9 abandonn\u00e9e<\/strong><\/p>\n\n\n\n<p>Les \u00e9meutes refl\u00e8tent une col\u00e8re et une frustration profond\u00e9ment ancr\u00e9es au sein de la communaut\u00e9, dont beaucoup de membres sont n\u00e9s en Isra\u00ebl et ont servi dans l\u2019arm\u00e9e mais se sentent toujours victimes de discrimination de la part de l\u2019establishment.<\/p>\n\n\n\n<p>\u00ab Je n\u2019ai pas \u00e9t\u00e9 surpris par l\u2019intensit\u00e9 \u00bb, a d\u00e9clar\u00e9 \u00e0 Al-Monitor Moshe Salomon, membre de la Knesset, du parti Sionisme religieux. \u00ab Il ne s\u2019agit pas seulement de l\u2019abandon de Rafael : il s\u2019agit de l\u2019abandon de toute une communaut\u00e9 pendant de nombreuses ann\u00e9es. Ce n&#8217;est pas un cri de fureur ; c\u2019est un appel \u00e0 l\u2019aide.<\/p>\n\n\n\n<p>Salomon est n\u00e9 dans la r\u00e9gion \u00e9thiopienne du Tigr\u00e9 et a immigr\u00e9 en Isra\u00ebl lorsqu&#8217;il \u00e9tait enfant en 1984. Il a servi dans l&#8217;arm\u00e9e en tant que parachutiste, atteignant le grade de lieutenant-colonel dans les r\u00e9serves de l&#8217;arm\u00e9e. N\u00e9anmoins, il voit un plafond de verre qui bloque le progr\u00e8s des membres de sa communaut\u00e9.<\/p>\n\n\n\n<p>\u00ab Le sentiment de discrimination cr\u00e9e une m\u00e9fiance \u00e0 l\u2019\u00e9gard des syst\u00e8mes \u00e9tatiques. C&#8217;est pour cela que les gens sont descendus dans la rue. Les policiers ont r\u00e9pondu avec des grenades assourdissantes, ce qui n&#8217;a pas contribu\u00e9 \u00e0 la confiance ni au sentiment d&#8217;appartenance \u00bb, a d\u00e9clar\u00e9 Salomon, ajoutant que la r\u00e9ponse de la police \u00e9tait particuli\u00e8rement flagrante \u00e9tant donn\u00e9 que les grenades assourdissantes n&#8217;\u00e9taient pas souvent utilis\u00e9es pour disperser les <a href=\"https:\/\/www.al-monitor.com\/originals\/2023\/08\/israelis-take-streets-again-protest-judicial-overhaul\">manifestations pro-d\u00e9mocratie<\/a> des derniers mois contre la refonte judiciaire men\u00e9e par le gouvernement.<\/p>\n\n\n\n<p>M\u00eame si la police a effectivement eu recours \u00e0 de tels moyens dans plusieurs affaires tr\u00e8s m\u00e9diatis\u00e9es contre des manifestants pro-d\u00e9mocratie, l\u2019argument de Salomon transcende les sentiments de discrimination. Des \u00e9tudes r\u00e9centes ont montr\u00e9 que la communaut\u00e9 \u00e9thiopienne est soumise \u00e0 une surveillance polici\u00e8re excessive.<\/p>\n\n\n\n<p>Le rapport 2021 du contr\u00f4leur de l\u2019\u00c9tat r\u00e9v\u00e8le que les enqu\u00eates polici\u00e8res impliquant des mineurs de la communaut\u00e9 \u00e9thiopienne \u00e9taient quatre fois plus nombreuses que la part de cette cohorte dans la population g\u00e9n\u00e9rale et presque le double dans le cas des adultes. En 2019, seulement 13 % de la communaut\u00e9 exprimait sa confiance dans la police. Depuis 2017, les Isra\u00e9liens d\u2019origine \u00e9thiopienne titulaires de dipl\u00f4mes universitaires se retrouvent syst\u00e9matiquement au bas de l\u2019\u00e9chelle salariale.<\/p>\n\n\n\n<p>Melaku semble faire exception \u00e0 cette r\u00e8gle. Elle est titulaire d&#8217;un doctorat en sciences politiques et a travaill\u00e9 pendant des ann\u00e9es comme journaliste \u00e0 la radio publique. Elle a promu les luttes de sa communaut\u00e9 pour l\u2019\u00e9galit\u00e9 et a d\u00e9nonc\u00e9 l\u2019injustice. Elle a d\u00e9clar\u00e9 qu\u2019elle croyait que la deuxi\u00e8me g\u00e9n\u00e9ration, celle n\u00e9e en Isra\u00ebl, \u00e9chapperait au racisme et \u00e0 la discrimination institutionnalis\u00e9s, et elle est profond\u00e9ment attrist\u00e9e d\u2019avoir tort.<\/p>\n\n\n\n<p>\u00ab Chaque membre de notre communaut\u00e9 a \u00e9t\u00e9 confront\u00e9 \u00e0 une forme de racisme au cours des quatre derni\u00e8res d\u00e9cennies. Nous ne sommes pas une grande communaut\u00e9 \u2013 seulement 160 000 personnes, dont pr\u00e8s de la moiti\u00e9, 75 000 personnes sont n\u00e9es en Isra\u00ebl. Ils ne sont pas cens\u00e9s subir les choses que nous avons v\u00e9cues \u00bb, a-t-elle d\u00e9clar\u00e9.<\/p>\n\n\n\n<p><strong>Aucune responsabilit\u00e9<\/strong><\/p>\n\n\n\n<p>Lorsque Melaku parle des jeunes g\u00e9n\u00e9rations, elle d\u00e9signe ses deux fils, 26 et 29 ans, qui sont tous deux n\u00e9s en Isra\u00ebl et ont effectu\u00e9 leur service militaire obligatoire. \u00ab Mon plus jeune fils est sorti avec trois amis blancs. La police l&#8217;a arr\u00eat\u00e9 \u00e0 l&#8217;entr\u00e9e d&#8217;un club et l&#8217;a fouill\u00e9. Il a \u00e9t\u00e9 humili\u00e9. Ses amis n&#8217;ont pas \u00e9t\u00e9 touch\u00e9s&#8221;, se souvient-elle.<\/p>\n\n\n\n<p><strong>Un autre incident grav\u00e9 dans sa m\u00e9moire est l\u2019article choquant de 1996 montrant comment le minist\u00e8re de la Sant\u00e9 avait secr\u00e8tement d\u00e9truit le sang donn\u00e9 par des Isra\u00e9liens d\u2019origine \u00e9thiopienne<\/strong>. La nouvelle a d\u00e9clench\u00e9 de nombreuses manifestations devant le bureau du Premier ministre, avec des manifestants brandissant des pancartes sur lesquelles on pouvait lire : \u00ab Nous sommes noirs mais notre sang est rouge \u00bb.<\/p>\n\n\n\n<p>Des dizaines de manifestants ont \u00e9t\u00e9 bless\u00e9s lors de ces affrontements avec la police. Une commission d&#8217;enqu\u00eate form\u00e9e apr\u00e8s la manifestation n&#8217;a pas r\u00e9ussi \u00e0 identifier la personne qui avait ordonn\u00e9 le rejet des dons de sang, alimentant ainsi l&#8217;impression d&#8217;une politique gouvernementale raciste. L\u2019affaire continue d\u2019\u00eatre un rappel honteux d\u2019une discrimination officiellement sanctionn\u00e9e.<\/p>\n\n\n\n<p>La famille de Rafael Adana affirme \u00e9galement n\u2019avoir pas re\u00e7u de r\u00e9ponses satisfaisantes \u00e0 ses questions malgr\u00e9 une r\u00e9union avec les procureurs de l\u2019\u00c9tat, allant jusqu\u2019\u00e0 accuser l\u2019\u00c9tat de l\u2019avoir assassin\u00e9. Maleku est convaincu que ce n\u2019est pas le dernier incident de ce type.<\/p>\n\n\n\n<p>Elle a dit : \u00ab Je crains cela. Nous sommes peu nombreux, mais notre col\u00e8re est immense. La souffrance et le sentiment d\u2019humiliation ne font que s\u2019intensifier et la jeune g\u00e9n\u00e9ration de nos enfants n\u2019acceptera pas cela. Je vois leur frustration et leur fureur \u00bb.<\/p>\n\n\n\n<figure class=\"wp-block-embed\"><div class=\"wp-block-embed__wrapper\">\nhttps:\/\/www.al-monitor.com\/originals\/2023\/09\/israelis-ethiopian-origin-suffer-discrimination-racism-over-policing#ixzz8D2W23UFO\n<\/div><\/figure>\n","protected":false},"excerpt":{"rendered":"<p>Les Isra\u00e9liens d\u2019origine \u00e9thiopienne vivent dans le pays depuis des ann\u00e9es. Certains d\u2019entre eux ont fait le long voyage de l\u2019\u00c9thiopie \u00e0 Isra\u00ebl il y a 30 ou 40 ans, tandis que d\u2019autres sont n\u00e9s en Isra\u00ebl de parents n\u00e9s en \u00c9thiopie. Pourtant, beaucoup d\u2019entre eux ont le sentiment que la soci\u00e9t\u00e9 isra\u00e9lienne les traite encore comme des \u00e9trangers, ce qui rend leur int\u00e9gration difficile.<\/p>\n","protected":false},"author":4,"featured_media":249665,"comment_status":"closed","ping_status":"closed","sticky":false,"template":"","format":"standard","meta":{"_acf_changed":false,"_et_pb_use_builder":"","_et_pb_old_content":"","_et_gb_content_width":"","footnotes":""},"categories":[94],"tags":[],"class_list":["post-249668","post","type-post","status-publish","format-standard","has-post-thumbnail","hentry","category-bulletin-fr"],"acf":[],"yoast_head":"<!-- This site is optimized with the Yoast SEO plugin v25.8 - https:\/\/yoast.com\/wordpress\/plugins\/seo\/ -->\n<title>Les Isra\u00e9liens d&#039;origine \u00e9thiopienne souffrent de discrimination, de racisme et de surveillance polici\u00e8re excessive - PAJU<\/title>\n<meta name=\"description\" content=\"Les Isra\u00e9liens d\u2019origine \u00e9thiopienne vivent dans le pays depuis des ann\u00e9es. Certains d\u2019entre eux ont fait le long voyage de l\u2019\u00c9thiopie \u00e0 Isra\u00ebl il y a 30 ou 40 ans, tandis que d\u2019autres sont n\u00e9s en Isra\u00ebl de parents n\u00e9s en \u00c9thiopie. Pourtant, beaucoup d\u2019entre eux ont le sentiment que la soci\u00e9t\u00e9 isra\u00e9lienne les traite encore comme des \u00e9trangers, ce qui rend leur int\u00e9gration difficile.\" \/>\n<meta name=\"robots\" content=\"index, follow, max-snippet:-1, max-image-preview:large, max-video-preview:-1\" \/>\n<link rel=\"canonical\" href=\"https:\/\/paju.org\/fr\/les-israeliens-dorigine-ethiopienne-souffrent-de-discrimination-de-racisme-et-de-surveillance-policiere-excessive\/\" \/>\n<meta property=\"og:locale\" content=\"fr_FR\" \/>\n<meta property=\"og:type\" content=\"article\" \/>\n<meta property=\"og:title\" content=\"Les Isra\u00e9liens d&#039;origine \u00e9thiopienne souffrent de discrimination, de racisme et de surveillance polici\u00e8re excessive - PAJU\" \/>\n<meta property=\"og:description\" content=\"Les Isra\u00e9liens d\u2019origine \u00e9thiopienne vivent dans le pays depuis des ann\u00e9es. Certains d\u2019entre eux ont fait le long voyage de l\u2019\u00c9thiopie \u00e0 Isra\u00ebl il y a 30 ou 40 ans, tandis que d\u2019autres sont n\u00e9s en Isra\u00ebl de parents n\u00e9s en \u00c9thiopie. Pourtant, beaucoup d\u2019entre eux ont le sentiment que la soci\u00e9t\u00e9 isra\u00e9lienne les traite encore comme des \u00e9trangers, ce qui rend leur int\u00e9gration difficile.\" \/>\n<meta property=\"og:site_name\" content=\"PAJU\" \/>\n<meta property=\"article:publisher\" content=\"https:\/\/www.facebook.com\/pajumontreal\" \/>\n<meta property=\"article:published_time\" content=\"2023-09-23T16:12:18+00:00\" \/>\n<meta property=\"article:modified_time\" content=\"2023-09-23T16:19:18+00:00\" \/>\n<meta property=\"og:image\" content=\"https:\/\/paju.org\/wp-content\/uploads\/Israelis-of-Ethiopian-origin-protest-outside-the-Knesset-on-July-15-2019-in-Jerusalem-Israel.-Lior-Mizrahi-Getty-Images.jpg\" \/>\n\t<meta property=\"og:image:width\" content=\"870\" \/>\n\t<meta property=\"og:image:height\" content=\"489\" \/>\n\t<meta property=\"og:image:type\" content=\"image\/jpeg\" \/>\n<meta name=\"author\" content=\"Bruce Katz\" \/>\n<meta name=\"twitter:card\" content=\"summary_large_image\" \/>\n<meta name=\"twitter:label1\" content=\"\u00c9crit par\" \/>\n\t<meta name=\"twitter:data1\" content=\"Bruce Katz\" \/>\n\t<meta name=\"twitter:label2\" content=\"Dur\u00e9e de lecture estim\u00e9e\" \/>\n\t<meta name=\"twitter:data2\" content=\"6 minutes\" \/>\n<script type=\"application\/ld+json\" class=\"yoast-schema-graph\">{\"@context\":\"https:\/\/schema.org\",\"@graph\":[{\"@type\":\"Article\",\"@id\":\"https:\/\/paju.org\/fr\/les-israeliens-dorigine-ethiopienne-souffrent-de-discrimination-de-racisme-et-de-surveillance-policiere-excessive\/#article\",\"isPartOf\":{\"@id\":\"https:\/\/paju.org\/fr\/les-israeliens-dorigine-ethiopienne-souffrent-de-discrimination-de-racisme-et-de-surveillance-policiere-excessive\/\"},\"author\":{\"name\":\"Bruce Katz\",\"@id\":\"https:\/\/paju.org\/fr\/#\/schema\/person\/6d8aed1579a1f4a97e1c552a5f2a891d\"},\"headline\":\"Les Isra\u00e9liens d&#8217;origine \u00e9thiopienne souffrent de discrimination, de racisme et de surveillance polici\u00e8re excessive\",\"datePublished\":\"2023-09-23T16:12:18+00:00\",\"dateModified\":\"2023-09-23T16:19:18+00:00\",\"mainEntityOfPage\":{\"@id\":\"https:\/\/paju.org\/fr\/les-israeliens-dorigine-ethiopienne-souffrent-de-discrimination-de-racisme-et-de-surveillance-policiere-excessive\/\"},\"wordCount\":1454,\"publisher\":{\"@id\":\"https:\/\/paju.org\/fr\/#organization\"},\"image\":{\"@id\":\"https:\/\/paju.org\/fr\/les-israeliens-dorigine-ethiopienne-souffrent-de-discrimination-de-racisme-et-de-surveillance-policiere-excessive\/#primaryimage\"},\"thumbnailUrl\":\"https:\/\/paju.org\/wp-content\/uploads\/Israelis-of-Ethiopian-origin-protest-outside-the-Knesset-on-July-15-2019-in-Jerusalem-Israel.-Lior-Mizrahi-Getty-Images.jpg\",\"articleSection\":[\"Notre bulletin\"],\"inLanguage\":\"fr-FR\"},{\"@type\":\"WebPage\",\"@id\":\"https:\/\/paju.org\/fr\/les-israeliens-dorigine-ethiopienne-souffrent-de-discrimination-de-racisme-et-de-surveillance-policiere-excessive\/\",\"url\":\"https:\/\/paju.org\/fr\/les-israeliens-dorigine-ethiopienne-souffrent-de-discrimination-de-racisme-et-de-surveillance-policiere-excessive\/\",\"name\":\"Les Isra\u00e9liens d'origine \u00e9thiopienne souffrent de discrimination, de racisme et de surveillance polici\u00e8re excessive - PAJU\",\"isPartOf\":{\"@id\":\"https:\/\/paju.org\/fr\/#website\"},\"primaryImageOfPage\":{\"@id\":\"https:\/\/paju.org\/fr\/les-israeliens-dorigine-ethiopienne-souffrent-de-discrimination-de-racisme-et-de-surveillance-policiere-excessive\/#primaryimage\"},\"image\":{\"@id\":\"https:\/\/paju.org\/fr\/les-israeliens-dorigine-ethiopienne-souffrent-de-discrimination-de-racisme-et-de-surveillance-policiere-excessive\/#primaryimage\"},\"thumbnailUrl\":\"https:\/\/paju.org\/wp-content\/uploads\/Israelis-of-Ethiopian-origin-protest-outside-the-Knesset-on-July-15-2019-in-Jerusalem-Israel.-Lior-Mizrahi-Getty-Images.jpg\",\"datePublished\":\"2023-09-23T16:12:18+00:00\",\"dateModified\":\"2023-09-23T16:19:18+00:00\",\"description\":\"Les Isra\u00e9liens d\u2019origine \u00e9thiopienne vivent dans le pays depuis des ann\u00e9es. Certains d\u2019entre eux ont fait le long voyage de l\u2019\u00c9thiopie \u00e0 Isra\u00ebl il y a 30 ou 40 ans, tandis que d\u2019autres sont n\u00e9s en Isra\u00ebl de parents n\u00e9s en \u00c9thiopie. Pourtant, beaucoup d\u2019entre eux ont le sentiment que la soci\u00e9t\u00e9 isra\u00e9lienne les traite encore comme des \u00e9trangers, ce qui rend leur int\u00e9gration difficile.\",\"breadcrumb\":{\"@id\":\"https:\/\/paju.org\/fr\/les-israeliens-dorigine-ethiopienne-souffrent-de-discrimination-de-racisme-et-de-surveillance-policiere-excessive\/#breadcrumb\"},\"inLanguage\":\"fr-FR\",\"potentialAction\":[{\"@type\":\"ReadAction\",\"target\":[\"https:\/\/paju.org\/fr\/les-israeliens-dorigine-ethiopienne-souffrent-de-discrimination-de-racisme-et-de-surveillance-policiere-excessive\/\"]}]},{\"@type\":\"ImageObject\",\"inLanguage\":\"fr-FR\",\"@id\":\"https:\/\/paju.org\/fr\/les-israeliens-dorigine-ethiopienne-souffrent-de-discrimination-de-racisme-et-de-surveillance-policiere-excessive\/#primaryimage\",\"url\":\"https:\/\/paju.org\/wp-content\/uploads\/Israelis-of-Ethiopian-origin-protest-outside-the-Knesset-on-July-15-2019-in-Jerusalem-Israel.-Lior-Mizrahi-Getty-Images.jpg\",\"contentUrl\":\"https:\/\/paju.org\/wp-content\/uploads\/Israelis-of-Ethiopian-origin-protest-outside-the-Knesset-on-July-15-2019-in-Jerusalem-Israel.-Lior-Mizrahi-Getty-Images.jpg\",\"width\":870,\"height\":489,\"caption\":\"JERUSALEM, ISRAEL - JULY 15: Israelis of Ethiopian origin take part in a protest outside the Knesset (Israeli parliament) on July 15, 2019 in Jerusalem, Israel. The protests follow the death of a young man of Ethiopian origin who was killed by an off-duty police officer in Kiryat Haim near the Israeli city of Haifa on June 30.(Photo by Lior Mizrahi\/Getty Images)\"},{\"@type\":\"BreadcrumbList\",\"@id\":\"https:\/\/paju.org\/fr\/les-israeliens-dorigine-ethiopienne-souffrent-de-discrimination-de-racisme-et-de-surveillance-policiere-excessive\/#breadcrumb\",\"itemListElement\":[{\"@type\":\"ListItem\",\"position\":1,\"name\":\"Home\",\"item\":\"https:\/\/paju.org\/fr\/\"},{\"@type\":\"ListItem\",\"position\":2,\"name\":\"Les Isra\u00e9liens d&#8217;origine \u00e9thiopienne souffrent de discrimination, de racisme et de surveillance polici\u00e8re excessive\"}]},{\"@type\":\"WebSite\",\"@id\":\"https:\/\/paju.org\/fr\/#website\",\"url\":\"https:\/\/paju.org\/fr\/\",\"name\":\"PAJU\",\"description\":\"\",\"publisher\":{\"@id\":\"https:\/\/paju.org\/fr\/#organization\"},\"potentialAction\":[{\"@type\":\"SearchAction\",\"target\":{\"@type\":\"EntryPoint\",\"urlTemplate\":\"https:\/\/paju.org\/fr\/?s={search_term_string}\"},\"query-input\":{\"@type\":\"PropertyValueSpecification\",\"valueRequired\":true,\"valueName\":\"search_term_string\"}}],\"inLanguage\":\"fr-FR\"},{\"@type\":\"Organization\",\"@id\":\"https:\/\/paju.org\/fr\/#organization\",\"name\":\"Palestinian and Jewish Unity\",\"url\":\"https:\/\/paju.org\/fr\/\",\"logo\":{\"@type\":\"ImageObject\",\"inLanguage\":\"fr-FR\",\"@id\":\"https:\/\/paju.org\/fr\/#\/schema\/logo\/image\/\",\"url\":\"https:\/\/paju.org\/wp-content\/uploads\/PAJU-Logo.png\",\"contentUrl\":\"https:\/\/paju.org\/wp-content\/uploads\/PAJU-Logo.png\",\"width\":696,\"height\":293,\"caption\":\"Palestinian and Jewish Unity\"},\"image\":{\"@id\":\"https:\/\/paju.org\/fr\/#\/schema\/logo\/image\/\"},\"sameAs\":[\"https:\/\/www.facebook.com\/pajumontreal\",\"https:\/\/www.instagram.com\/pajumontreal\/\"]},{\"@type\":\"Person\",\"@id\":\"https:\/\/paju.org\/fr\/#\/schema\/person\/6d8aed1579a1f4a97e1c552a5f2a891d\",\"name\":\"Bruce Katz\",\"image\":{\"@type\":\"ImageObject\",\"inLanguage\":\"fr-FR\",\"@id\":\"https:\/\/paju.org\/fr\/#\/schema\/person\/image\/\",\"url\":\"https:\/\/secure.gravatar.com\/avatar\/4c65b2117dbb672d0bda009f0367a4721c9271f1f68b1747fb53d7333079d0f1?s=96&d=mm&r=g\",\"contentUrl\":\"https:\/\/secure.gravatar.com\/avatar\/4c65b2117dbb672d0bda009f0367a4721c9271f1f68b1747fb53d7333079d0f1?s=96&d=mm&r=g\",\"caption\":\"Bruce Katz\"},\"url\":\"https:\/\/paju.org\/fr\/author\/chadi\/\"}]}<\/script>\n<!-- \/ Yoast SEO plugin. -->","yoast_head_json":{"title":"Les Isra\u00e9liens d'origine \u00e9thiopienne souffrent de discrimination, de racisme et de surveillance polici\u00e8re excessive - PAJU","description":"Les Isra\u00e9liens d\u2019origine \u00e9thiopienne vivent dans le pays depuis des ann\u00e9es. Certains d\u2019entre eux ont fait le long voyage de l\u2019\u00c9thiopie \u00e0 Isra\u00ebl il y a 30 ou 40 ans, tandis que d\u2019autres sont n\u00e9s en Isra\u00ebl de parents n\u00e9s en \u00c9thiopie. Pourtant, beaucoup d\u2019entre eux ont le sentiment que la soci\u00e9t\u00e9 isra\u00e9lienne les traite encore comme des \u00e9trangers, ce qui rend leur int\u00e9gration difficile.","robots":{"index":"index","follow":"follow","max-snippet":"max-snippet:-1","max-image-preview":"max-image-preview:large","max-video-preview":"max-video-preview:-1"},"canonical":"https:\/\/paju.org\/fr\/les-israeliens-dorigine-ethiopienne-souffrent-de-discrimination-de-racisme-et-de-surveillance-policiere-excessive\/","og_locale":"fr_FR","og_type":"article","og_title":"Les Isra\u00e9liens d'origine \u00e9thiopienne souffrent de discrimination, de racisme et de surveillance polici\u00e8re excessive - PAJU","og_description":"Les Isra\u00e9liens d\u2019origine \u00e9thiopienne vivent dans le pays depuis des ann\u00e9es. Certains d\u2019entre eux ont fait le long voyage de l\u2019\u00c9thiopie \u00e0 Isra\u00ebl il y a 30 ou 40 ans, tandis que d\u2019autres sont n\u00e9s en Isra\u00ebl de parents n\u00e9s en \u00c9thiopie. Pourtant, beaucoup d\u2019entre eux ont le sentiment que la soci\u00e9t\u00e9 isra\u00e9lienne les traite encore comme des \u00e9trangers, ce qui rend leur int\u00e9gration difficile.","og_site_name":"PAJU","article_publisher":"https:\/\/www.facebook.com\/pajumontreal","article_published_time":"2023-09-23T16:12:18+00:00","article_modified_time":"2023-09-23T16:19:18+00:00","og_image":[{"width":870,"height":489,"url":"https:\/\/paju.org\/wp-content\/uploads\/Israelis-of-Ethiopian-origin-protest-outside-the-Knesset-on-July-15-2019-in-Jerusalem-Israel.-Lior-Mizrahi-Getty-Images.jpg","type":"image\/jpeg"}],"author":"Bruce Katz","twitter_card":"summary_large_image","twitter_misc":{"\u00c9crit par":"Bruce Katz","Dur\u00e9e de lecture estim\u00e9e":"6 minutes"},"schema":{"@context":"https:\/\/schema.org","@graph":[{"@type":"Article","@id":"https:\/\/paju.org\/fr\/les-israeliens-dorigine-ethiopienne-souffrent-de-discrimination-de-racisme-et-de-surveillance-policiere-excessive\/#article","isPartOf":{"@id":"https:\/\/paju.org\/fr\/les-israeliens-dorigine-ethiopienne-souffrent-de-discrimination-de-racisme-et-de-surveillance-policiere-excessive\/"},"author":{"name":"Bruce Katz","@id":"https:\/\/paju.org\/fr\/#\/schema\/person\/6d8aed1579a1f4a97e1c552a5f2a891d"},"headline":"Les Isra\u00e9liens d&#8217;origine \u00e9thiopienne souffrent de discrimination, de racisme et de surveillance polici\u00e8re excessive","datePublished":"2023-09-23T16:12:18+00:00","dateModified":"2023-09-23T16:19:18+00:00","mainEntityOfPage":{"@id":"https:\/\/paju.org\/fr\/les-israeliens-dorigine-ethiopienne-souffrent-de-discrimination-de-racisme-et-de-surveillance-policiere-excessive\/"},"wordCount":1454,"publisher":{"@id":"https:\/\/paju.org\/fr\/#organization"},"image":{"@id":"https:\/\/paju.org\/fr\/les-israeliens-dorigine-ethiopienne-souffrent-de-discrimination-de-racisme-et-de-surveillance-policiere-excessive\/#primaryimage"},"thumbnailUrl":"https:\/\/paju.org\/wp-content\/uploads\/Israelis-of-Ethiopian-origin-protest-outside-the-Knesset-on-July-15-2019-in-Jerusalem-Israel.-Lior-Mizrahi-Getty-Images.jpg","articleSection":["Notre bulletin"],"inLanguage":"fr-FR"},{"@type":"WebPage","@id":"https:\/\/paju.org\/fr\/les-israeliens-dorigine-ethiopienne-souffrent-de-discrimination-de-racisme-et-de-surveillance-policiere-excessive\/","url":"https:\/\/paju.org\/fr\/les-israeliens-dorigine-ethiopienne-souffrent-de-discrimination-de-racisme-et-de-surveillance-policiere-excessive\/","name":"Les Isra\u00e9liens d'origine \u00e9thiopienne souffrent de discrimination, de racisme et de surveillance polici\u00e8re excessive - PAJU","isPartOf":{"@id":"https:\/\/paju.org\/fr\/#website"},"primaryImageOfPage":{"@id":"https:\/\/paju.org\/fr\/les-israeliens-dorigine-ethiopienne-souffrent-de-discrimination-de-racisme-et-de-surveillance-policiere-excessive\/#primaryimage"},"image":{"@id":"https:\/\/paju.org\/fr\/les-israeliens-dorigine-ethiopienne-souffrent-de-discrimination-de-racisme-et-de-surveillance-policiere-excessive\/#primaryimage"},"thumbnailUrl":"https:\/\/paju.org\/wp-content\/uploads\/Israelis-of-Ethiopian-origin-protest-outside-the-Knesset-on-July-15-2019-in-Jerusalem-Israel.-Lior-Mizrahi-Getty-Images.jpg","datePublished":"2023-09-23T16:12:18+00:00","dateModified":"2023-09-23T16:19:18+00:00","description":"Les Isra\u00e9liens d\u2019origine \u00e9thiopienne vivent dans le pays depuis des ann\u00e9es. Certains d\u2019entre eux ont fait le long voyage de l\u2019\u00c9thiopie \u00e0 Isra\u00ebl il y a 30 ou 40 ans, tandis que d\u2019autres sont n\u00e9s en Isra\u00ebl de parents n\u00e9s en \u00c9thiopie. Pourtant, beaucoup d\u2019entre eux ont le sentiment que la soci\u00e9t\u00e9 isra\u00e9lienne les traite encore comme des \u00e9trangers, ce qui rend leur int\u00e9gration difficile.","breadcrumb":{"@id":"https:\/\/paju.org\/fr\/les-israeliens-dorigine-ethiopienne-souffrent-de-discrimination-de-racisme-et-de-surveillance-policiere-excessive\/#breadcrumb"},"inLanguage":"fr-FR","potentialAction":[{"@type":"ReadAction","target":["https:\/\/paju.org\/fr\/les-israeliens-dorigine-ethiopienne-souffrent-de-discrimination-de-racisme-et-de-surveillance-policiere-excessive\/"]}]},{"@type":"ImageObject","inLanguage":"fr-FR","@id":"https:\/\/paju.org\/fr\/les-israeliens-dorigine-ethiopienne-souffrent-de-discrimination-de-racisme-et-de-surveillance-policiere-excessive\/#primaryimage","url":"https:\/\/paju.org\/wp-content\/uploads\/Israelis-of-Ethiopian-origin-protest-outside-the-Knesset-on-July-15-2019-in-Jerusalem-Israel.-Lior-Mizrahi-Getty-Images.jpg","contentUrl":"https:\/\/paju.org\/wp-content\/uploads\/Israelis-of-Ethiopian-origin-protest-outside-the-Knesset-on-July-15-2019-in-Jerusalem-Israel.-Lior-Mizrahi-Getty-Images.jpg","width":870,"height":489,"caption":"JERUSALEM, ISRAEL - JULY 15: Israelis of Ethiopian origin take part in a protest outside the Knesset (Israeli parliament) on July 15, 2019 in Jerusalem, Israel. The protests follow the death of a young man of Ethiopian origin who was killed by an off-duty police officer in Kiryat Haim near the Israeli city of Haifa on June 30.(Photo by Lior Mizrahi\/Getty Images)"},{"@type":"BreadcrumbList","@id":"https:\/\/paju.org\/fr\/les-israeliens-dorigine-ethiopienne-souffrent-de-discrimination-de-racisme-et-de-surveillance-policiere-excessive\/#breadcrumb","itemListElement":[{"@type":"ListItem","position":1,"name":"Home","item":"https:\/\/paju.org\/fr\/"},{"@type":"ListItem","position":2,"name":"Les Isra\u00e9liens d&#8217;origine \u00e9thiopienne souffrent de discrimination, de racisme et de surveillance polici\u00e8re excessive"}]},{"@type":"WebSite","@id":"https:\/\/paju.org\/fr\/#website","url":"https:\/\/paju.org\/fr\/","name":"PAJU","description":"","publisher":{"@id":"https:\/\/paju.org\/fr\/#organization"},"potentialAction":[{"@type":"SearchAction","target":{"@type":"EntryPoint","urlTemplate":"https:\/\/paju.org\/fr\/?s={search_term_string}"},"query-input":{"@type":"PropertyValueSpecification","valueRequired":true,"valueName":"search_term_string"}}],"inLanguage":"fr-FR"},{"@type":"Organization","@id":"https:\/\/paju.org\/fr\/#organization","name":"Palestinian and Jewish Unity","url":"https:\/\/paju.org\/fr\/","logo":{"@type":"ImageObject","inLanguage":"fr-FR","@id":"https:\/\/paju.org\/fr\/#\/schema\/logo\/image\/","url":"https:\/\/paju.org\/wp-content\/uploads\/PAJU-Logo.png","contentUrl":"https:\/\/paju.org\/wp-content\/uploads\/PAJU-Logo.png","width":696,"height":293,"caption":"Palestinian and Jewish Unity"},"image":{"@id":"https:\/\/paju.org\/fr\/#\/schema\/logo\/image\/"},"sameAs":["https:\/\/www.facebook.com\/pajumontreal","https:\/\/www.instagram.com\/pajumontreal\/"]},{"@type":"Person","@id":"https:\/\/paju.org\/fr\/#\/schema\/person\/6d8aed1579a1f4a97e1c552a5f2a891d","name":"Bruce Katz","image":{"@type":"ImageObject","inLanguage":"fr-FR","@id":"https:\/\/paju.org\/fr\/#\/schema\/person\/image\/","url":"https:\/\/secure.gravatar.com\/avatar\/4c65b2117dbb672d0bda009f0367a4721c9271f1f68b1747fb53d7333079d0f1?s=96&d=mm&r=g","contentUrl":"https:\/\/secure.gravatar.com\/avatar\/4c65b2117dbb672d0bda009f0367a4721c9271f1f68b1747fb53d7333079d0f1?s=96&d=mm&r=g","caption":"Bruce Katz"},"url":"https:\/\/paju.org\/fr\/author\/chadi\/"}]}},"_links":{"self":[{"href":"https:\/\/paju.org\/fr\/wp-json\/wp\/v2\/posts\/249668","targetHints":{"allow":["GET"]}}],"collection":[{"href":"https:\/\/paju.org\/fr\/wp-json\/wp\/v2\/posts"}],"about":[{"href":"https:\/\/paju.org\/fr\/wp-json\/wp\/v2\/types\/post"}],"author":[{"embeddable":true,"href":"https:\/\/paju.org\/fr\/wp-json\/wp\/v2\/users\/4"}],"replies":[{"embeddable":true,"href":"https:\/\/paju.org\/fr\/wp-json\/wp\/v2\/comments?post=249668"}],"version-history":[{"count":2,"href":"https:\/\/paju.org\/fr\/wp-json\/wp\/v2\/posts\/249668\/revisions"}],"predecessor-version":[{"id":249671,"href":"https:\/\/paju.org\/fr\/wp-json\/wp\/v2\/posts\/249668\/revisions\/249671"}],"wp:featuredmedia":[{"embeddable":true,"href":"https:\/\/paju.org\/fr\/wp-json\/wp\/v2\/media\/249665"}],"wp:attachment":[{"href":"https:\/\/paju.org\/fr\/wp-json\/wp\/v2\/media?parent=249668"}],"wp:term":[{"taxonomy":"category","embeddable":true,"href":"https:\/\/paju.org\/fr\/wp-json\/wp\/v2\/categories?post=249668"},{"taxonomy":"post_tag","embeddable":true,"href":"https:\/\/paju.org\/fr\/wp-json\/wp\/v2\/tags?post=249668"}],"curies":[{"name":"wp","href":"https:\/\/api.w.org\/{rel}","templated":true}]}}