{"id":249514,"date":"2023-09-01T16:37:41","date_gmt":"2023-09-01T20:37:41","guid":{"rendered":"https:\/\/paju.org\/?p=249514"},"modified":"2023-09-01T16:47:14","modified_gmt":"2023-09-01T20:47:14","slug":"dans-lisrael-de-netanyahu-toute-dissidence-est-du-terrorisme","status":"publish","type":"post","link":"https:\/\/paju.org\/fr\/dans-lisrael-de-netanyahu-toute-dissidence-est-du-terrorisme\/","title":{"rendered":"Dans l\u2019Isra\u00ebl de Netanyahu, toute dissidence est du \u00ab terrorisme \u00bb"},"content":{"rendered":"\n<p><strong><a href=\"https:\/\/www.haaretz.com\/ty-WRITER\/0000017f-da25-d494-a17f-de27a1400000\">Dahlia Scheindlin<\/a><\/strong><\/p>\n\n\n\n<p><strong><em>Les accusations de la droite sur ce qui constitue du \u00ab terrorisme \u00bb ont d\u00e9raill\u00e9 \u2013 mais m\u00e9thodiquement. C\u2019est un autre exemple de Netanyahu et de ses complices qui s\u2019alignent sur les pires autocrates et fanatiques que le monde puisse offrir.<\/em><\/strong><\/p>\n\n\n\n<p><\/p>\n\n\n\n<p>Le visage de la terreur en Isra\u00ebl est une menace \u00e0 voir. C&#8217;est un jeune Isra\u00e9lien juif d\u00e9gingand\u00e9 avec un doux sourire et des cheveux noirs de la m\u00eame couleur que ses yeux de biche. Quand on croise Alon-Lee Green dans le quartier, on essaie de deviner si c&#8217;est lui ou sa jumelle, Ellie, qui dirige la chaleureuse librairie vintage \u00e0 Tel Aviv qu&#8217;ils ont fond\u00e9e ensemble.<\/p>\n\n\n\n<p>Mais la plupart du temps, Green est occup\u00e9 \u00e0 codiriger <em>Standing Together<\/em> \u2013 un mouvement arabo-juif qui construit un r\u00e9seau ascendant de jeunes autour d\u2019Isra\u00ebl pour faire avancer des causes sociales et \u00e9conomiques communes. Sally Abed, une \u00e9minente dirigeante palestinienne du mouvement en Isra\u00ebl, est \u00e9galement une bougie d\u2019allumage d\u2019activisme social. Malgr\u00e9 le d\u00e9sespoir \u00e9crasant de cette r\u00e9gion, ils pers\u00e9v\u00e8rent. Et oui, ils s\u2019opposent \u00e9galement \u00e0 l\u2019occupation.<\/p>\n\n\n\n<ul class=\"wp-block-list\">\n<li><a href=\"https:\/\/www.haaretz.com\/israel-news\/2023-08-08\/ty-article\/.premium\/how-free-and-fair-will-israels-future-elections-be\/00000189-d4a2-ddac-a3cd-f5f3f97f0000\"><strong>How free and fair will Israel\u2019s future elections be?<\/strong><\/a><\/li>\n\n\n\n<li><a href=\"https:\/\/www.haaretz.com\/israel-news\/2023-07-30\/ty-article\/.premium\/israels-democratic-crisis-netanyahu-and-his-autocracy-project-face-a-train-wreck\/00000189-a6ef-de97-af9f-eeef985a0000\"><strong>Israel&#8217;s democratic crisis: Netanyahu and his autocracy project face a train wreck<\/strong><\/a><\/li>\n\n\n\n<li><a href=\"https:\/\/www.haaretz.com\/israel-news\/2023-06-19\/ty-article\/.premium\/dont-feel-sorry-for-netanyahu-he-owns-this-disaster\/00000188-d03a-d52d-adef-f47ee6440000\"><strong>Don\u2019t feel sorry for Netanyahu. He owns this disaster<\/strong><\/a><\/li>\n<\/ul>\n\n\n\n<p>Alon-Lee a \u00e9t\u00e9 invit\u00e9 \u00e0 animer une \u00e9mission ponctuelle sur la radio militaire, diffus\u00e9e vendredi dernier. L&#8217;\u00e9mission a \u00e9t\u00e9 enregistr\u00e9e et pr\u00eate \u00e0 \u00eatre diffus\u00e9e lorsque les chiens d&#8217;attaque de droite ont appris qu&#8217;il osait critiquer l&#8217;occupation et ont intimid\u00e9 la station pour qu&#8217;elle arr\u00eate l&#8217;\u00e9mission.<\/p>\n\n\n\n<p>C\u2019est venu d\u2019en haut. L\u2019un des meneurs \u00e9tait le d\u00e9put\u00e9 du Likud, Tally Gotliv, qui a \u00e9crit : \u00ab \u00c0 quel point sommes-nous stupides de permettre au partisan du terrorisme Alon-Lee Green d\u2019\u00eatre pr\u00e9sentateur \u00e0 la radio militaire ? Il suffit de regarder son soutien aux terroristes et les terribles torts caus\u00e9s aux soldats des Forces de d\u00e9fense isra\u00e9liennes et \u00e0 leur honneur. Monsieur le ministre de la D\u00e9fense, pour votre attention imm\u00e9diate \u00bb.<\/p>\n\n\n\n<p>Elle a renvoy\u00e9 les lecteurs aux publications de Green sur les r\u00e9seaux sociaux. Dans un article datant de 2015, il a exprim\u00e9 son soutien aux femmes palestiniennes et \u00e0 une adolescente qui a <a href=\"https:\/\/edition.cnn.com\/2015\/08\/30\/middleeast\/west-bank-arrest-images-viral\/index.html\">mordu un soldat de Tsahal lourdement arm\u00e9 et masqu\u00e9<\/a> qui retenait le fr\u00e8re de la jeune fille, un gar\u00e7on de 12 ans au bras cass\u00e9. En 2017, la m\u00eame fille \u2013 Ahed Tamimi, alors encore adolescente \u2013 a gifl\u00e9 un soldat qui envahissait la cour de sa famille. Elle a \u00e9t\u00e9 condamn\u00e9e \u00e0 huit mois de prison et Green a \u00e9crit un autre message de soutien lors de sa lib\u00e9ration.<\/p>\n\n\n\n<p>Les accusations de terrorisme de la droite ont d\u00e9raill\u00e9 \u2013 mais m\u00e9thodiquement. Prenez la strat\u00e9gie de confusion : en 2015, le Premier ministre Benjamin Netanyahu a pratiquement invers\u00e9 sa campagne politique en d\u00e9clin avec 40 secondes et sept mots de dialogue confondant la gauche isra\u00e9lienne avec ISIS (<a href=\"https:\/\/www.mako.co.il\/news-military\/politics-q1_2015\/Article-264c873bd498b41004.htm\">c\u2019\u00e9tait vraiment une publicit\u00e9 intelligente<\/a>). Itamar Ben-Gvir a entra\u00een\u00e9 ses partisans \u00e0 dire \u00ab Mort aux terroristes \u00bb plut\u00f4t que \u00ab Mort aux Arabes \u00bb, car apparemment, faire de tous les Arabes des terroristes est plus acceptable que d\u2019appeler \u00e0 les tuer tous.<\/p>\n\n\n\n<p>Le groupe de droite maccarthyste Im Tirtzu a cultiv\u00e9 des maillons de culpabilit\u00e9 par association. Il consid\u00e8re tous les membres de la famille Tamimi comme des terroristes \u2013 puisque l\u2019un d\u2019eux a fait l\u2019\u00e9loge d\u2019un Palestinien qui a assassin\u00e9 un Isra\u00e9lien en 2018. Ergo, selon la logique d\u2019Im Tirtzu, la d\u00e9signation de \u00ab partisan du terrorisme \u00bb s\u2019\u00e9tend \u00e0 toute personne qui soutient un membre de la famille Tamimi. Une telle personne devient \u00ab un partisan direct du terrorisme contre Isra\u00ebl \u00bb.<\/p>\n\n\n\n<p>Enfin, il existe des types de terreur contrefaits. En 2021, le pr\u00e9sident isra\u00e9lien Isaac Herzog \u2013 autrefois consid\u00e9r\u00e9 comme de gauche en Isra\u00ebl \u2013 a parl\u00e9 de \u00ab terrorisme \u00e9conomique \u00bb parce que <em>Ben &amp; Jerry\u2019s<\/em> a d\u00e9cid\u00e9 de cesser de distribuer des glaces dans les colonies (une d\u00e9cision que sa soci\u00e9t\u00e9 m\u00e8re a ensuite annul\u00e9e). Cette semaine, la personnalit\u00e9 de la t\u00e9l\u00e9vision d\u2019extr\u00eame droite Yinon Magal, de la cha\u00eene pro-Netanyahu <em>Channel 14<\/em>, a d\u00e9clar\u00e9 qu\u2019Isra\u00ebl \u00e9tait confront\u00e9 \u00e0 une attaque terroriste \u2013 ce par quoi il entendait, a-t-il expliqu\u00e9, \u00ab&nbsp;esprit de terreur&nbsp;!&nbsp;\u00bb &nbsp;Magal faisait r\u00e9f\u00e9rence aux inqui\u00e9tudes largement r\u00e9pandues parmi les hauts responsables de la d\u00e9fense selon lesquelles Tsahal perdait sa pr\u00e9paration \u00e0 la guerre en raison du refus des r\u00e9servistes de se porter volontaires pour servir.<\/p>\n\n\n\n<p>Pendant ce temps, la cha\u00eene publique <em>Kan<\/em> a rapport\u00e9 qu&#8217;un caricaturiste d&#8217;un kibboutz avait publi\u00e9 une image montrant des enfants plantant des arbres, symbolisant leur avenir, avec un dessin de Netanyahu se cachant avec une tron\u00e7onneuse. Les r\u00e9ponses sur Facebook ont indiqu\u00e9 que le caricaturiste n\u2019\u00e9tait pas diff\u00e9rent du Hamas.<\/p>\n\n\n\n<p>Certes, la gauche lance \u00e9galement de telles accusations. Dimanche, le leader travailliste Merav Michaeli a qualifi\u00e9 l\u2019\u00e9minente figure religieuse sioniste, le rabbin Tzvi Kostiner, de partisan du terrorisme. Kostiner n\u2019a pas \u00e9crit de message soutenant un adolescent non arm\u00e9 qui a gifl\u00e9 un soldat. Il a personnellement manifest\u00e9 en faveur d\u2019un tueur, appelant \u00e0 la lib\u00e9ration du juif isra\u00e9lien emprisonn\u00e9 pour avoir br\u00fbl\u00e9 vif une famille palestinienne alors qu\u2019elle dormait en juillet 2015, tuant la m\u00e8re, le p\u00e8re et un b\u00e9b\u00e9 de 18 mois. Leur fils de 4 ans a surv\u00e9cu avec de graves br\u00fblures et a subi 10 interventions chirurgicales avant de r\u00e9int\u00e9grer la vie d&#8217;orphelin.<\/p>\n\n\n\n<p>La diff\u00e9rence, cependant, est que chaque type d\u2019exploitation par la droite de la terminologie \u00ab terroriste \u00bb poursuit un objectif sp\u00e9cifique. Netanyahu a confondu la gauche avec la terreur pour calomnier ses opposants politiques et remporter les \u00e9lections. En 2021, il \u00e9tait pass\u00e9 de la persuasion des \u00e9lecteurs \u00e0 l\u2019affaiblissement d\u2019un gouvernement l\u00e9gitimement \u00e9lu par la calomnie. Cette ann\u00e9e-l\u00e0, il a orchestr\u00e9 des r\u00e9citations incessantes du mensonge selon lequel la \u00abListe arabe unie\u00bb, le premier parti arabe ind\u00e9pendant \u00e0 rejoindre une coalition gouvernementale isra\u00e9lienne, soutenait le terrorisme. Le gouvernement tout entier, sous la tactique de la culpabilit\u00e9 par association, est devenu un partisan du terrorisme. <a href=\"https:\/\/www.nytimes.com\/2022\/06\/20\/world\/middleeast\/israel-election-government-collapse.html\">Le gouvernement s&#8217;est effondr\u00e9 en un an<\/a>.<\/p>\n\n\n\n<p>Le gouvernement actuel esp\u00e8re recourir \u00e0 la \u00ab terreur \u00bb pour emp\u00eacher les Arabes d\u2019acc\u00e9der \u00e0 des fonctions \u00e9lectives. Ce n\u2019est pas nouveau. En 2002, les l\u00e9gislateurs ont adopt\u00e9 une loi interdisant les candidats soutenant le terrorisme. (Apparemment, la loi ne s\u2019applique pas \u00e0 Ben-Gvir, qui a \u00e9t\u00e9 litt\u00e9ralement condamn\u00e9 pour soutien \u00e0 une organisation terroriste anti-palestinienne, puis \u00e9lu et couronn\u00e9 ministre et qui est sur le point de<a href=\"https:\/\/www.haaretz.com\/israel-news\/2023-02-19\/ty-article\/.premium\/ben-gvir-to-head-team-that-will-fight-terror-incitement-by-palestinians\/00000186-6a21-dba0-a5c6-7a7dec6a0000\"> diriger un groupe de travail anti-terroriste au sein de la police<\/a> \u2013 contre les Palestiniens.)<\/p>\n\n\n\n<p>\u00c0 l\u2019heure actuelle, toute personne reconnue coupable d\u2019une peine minimale de sept ans pour actes de terrorisme ou atteintes graves \u00e0 la s\u00e9curit\u00e9 doit purger sa peine et attendre encore 14 ans avant de se pr\u00e9senter aux \u00e9lections. Un d\u00e9put\u00e9 du Likud a soumis cette ann\u00e9e un projet de loi interdisant \u00e0 une telle personne de se pr\u00e9senter aux \u00e9lections. En f\u00e9vrier, la Knesset a adopt\u00e9 une loi qui peut retirer la citoyennet\u00e9 aux personnes reconnues coupables de terrorisme ;<a href=\"https:\/\/www.haaretz.com\/israel-news\/2023-03-09\/ty-article\/.premium\/israels-government-is-a-clear-and-present-danger-for-its-arab-palestinian-citizens\/00000186-c72c-d069-a3df-c73c17e90000\"> un autre projet de loi les mettrait \u00e0 mort<\/a>.<\/p>\n\n\n\n<p>Permettez- moi d\u2019\u00eatre clair. La terreur r\u00e9elle \u2013 les attaques contre des civils \u00e0 des fins politiques \u2013 est d\u00e9prav\u00e9e et doit \u00eatre s\u00e9v\u00e8rement punie. Mais il est insens\u00e9 de penser que les dirigeants isra\u00e9liens adh\u00e9reront un jour \u00e0 la d\u00e9finition accept\u00e9e ; Les Isra\u00e9liens ne peuvent m\u00eame pas \u00e9viter d\u2019\u00e9voquer les attaques palestiniennes contre des soldats arm\u00e9s, en service actif, dans un conflit militaire. Peut-\u00eatre qu\u2019un jour, les terroristes de la cr\u00e8me glac\u00e9e, les caricaturistes et les terroristes de l\u2019esprit devraient \u00e9galement se voir interdire de se pr\u00e9senter aux \u00e9lections, \u00eatre d\u00e9chus de leur citoyennet\u00e9 ou mis \u00e0 mort.<\/p>\n\n\n\n<p>Si cela semble tir\u00e9 par les cheveux, rappelons que la semaine derni\u00e8re, le ministre des Finances Bezalel Smotrich a tent\u00e9 de geler le financement des programmes acad\u00e9miques pr\u00e9paratoires aidant les Palestiniens de J\u00e9rusalem-Est \u00e0 s\u2019int\u00e9grer dans les universit\u00e9s isra\u00e9liennes. Il a affirm\u00e9 que <a href=\"https:\/\/www.haaretz.com\/israel-news\/2023-08-07\/ty-article\/.premium\/israels-smotrich-blocks-funds-for-arab-local-councils-higher-education-in-east-jerusalem\/00000189-cfd8-d20c-addf-cfda6e9f0000\">l\u2019environnement universitaire les transformait en \u00ab extr\u00e9mistes<\/a> \u00bb \u2013 tous les Isra\u00e9liens savent qu\u2019il n\u2019y a qu\u2019un pas \u00e0 franchir pour atteindre le terrorisme. Il est difficile d\u2019imaginer quelque chose de plus proche de la supr\u00e9matie du Sud que de d\u00e9courager collectivement l\u2019enseignement sup\u00e9rieur arabe pour le crime hypoth\u00e9tique de \u00ab l\u2019extr\u00e9misme \u00bb. Smotrich a bien s\u00fbr menti : les autorit\u00e9s de s\u00e9curit\u00e9 isra\u00e9liennes conviennent que l\u2019enseignement sup\u00e9rieur r\u00e9duit l\u2019extr\u00e9misme.<\/p>\n\n\n\n<p>Peut-\u00eatre que la droite isra\u00e9lienne se sent assi\u00e9g\u00e9e sur cette question ; m\u00eame le D\u00e9partement d\u2019\u00c9tat am\u00e9ricain a r\u00e9cemment qualifi\u00e9 les attaques palestiniennes et isra\u00e9liennes contre des civils de terrorisme. Si cela semble injuste, peut-\u00eatre devraient-ils simplement arr\u00eater de tuer des Palestiniens. Si Tally Gotliv envisage de calomnier les critiques de l\u2019occupation en les qualifiant de partisans du terrorisme, elle pourrait vouloir arr\u00eater de faire des p\u00e8lerinages aupr\u00e8s des v\u00e9ritables suspects terroristes qui tirent sur des civils palestiniens.<\/p>\n\n\n\n<p>Il est difficile de r\u00e9p\u00e9ter qu\u2019Isra\u00ebl s\u2019aligne en mauvaise compagnie. La Russie a accus\u00e9 \u00e0 plusieurs reprises l\u2019Ukraine de terrorisme apr\u00e8s s\u2019\u00eatre empar\u00e9e de la Crim\u00e9e en 2014. Elle a \u00e9galement <a href=\"https:\/\/www.nytimes.com\/2023\/08\/04\/world\/europe\/navalny-putin-opposition-verdict.html\">r\u00e9cemment inflig\u00e9 19 ans de prison suppl\u00e9mentaires \u00e0 Alexei<\/a> Navalny \u2013 la figure d\u2019opposition la plus s\u00e9rieuse au pr\u00e9sident Vladimir Poutine \u2013 et pourrait ajouter 10 ans suppl\u00e9mentaires pour les accusations de terrorisme \u00e9voqu\u00e9es par le Kremlin. Les dirigeants nationalistes hindous en Inde harc\u00e8lent les communaut\u00e9s musulmanes avec des all\u00e9gations de terrorisme, notamment le \u00ab <a href=\"https:\/\/www.haaretz.com\/world-news\/asia-and-australia\/2020-04-25\/ty-article\/.premium\/indias-jewish-microscopic-minority-feels-safe-from-the-coronavirus-for-now\/0000017f-f429-d5bd-a17f-f63bec970000\">terrorisme COVID<\/a> \u00bb, le \u00ab <a href=\"https:\/\/www.haaretz.com\/world-news\/2021-09-26\/ty-article-opinion\/for-muslims-in-modis-india-echoes-of-1930s-germany-are-growing-louder\/0000017f-e65b-d97e-a37f-f77fe6ce0000\">jihad \u00e9conomique<\/a> \u00bb et des lois contre les relations interconfessionnelles, appel\u00e9es \u00ab <a href=\"https:\/\/www.haaretz.com\/world-news\/2021-11-15\/ty-article-opinion\/.premium\/modi-to-yogi-the-militant-monk-who-could-lead-india-to-full-hindu-theocracy\/0000017f-e63a-dea7-adff-f7fbcd0b0000\">jihad de l\u2019amour<\/a> \u00bb. L\u2019\u00c9gypte utilise des accusations de terrorisme pour <a href=\"https:\/\/www.npr.org\/2023\/03\/05\/1161221076\/egypt-human-rights-activists-prison-terrorism-charges\">r\u00e9primer la dissidence politique<\/a>, tout comme les \u00c9tats du Golfe, y compris l\u2019Arabie saoudite, le nouveau meilleur ami esp\u00e9r\u00e9 d\u2019Isra\u00ebl, qui ex\u00e9cute parfois des personnes pour des condamnations \u00ab <a href=\"https:\/\/www.hrw.org\/news\/2023\/06\/02\/saudi-arabia-executes-two-shia-bahrainis-terrorism-charges\">li\u00e9es au terrorisme<\/a> \u00bb.<\/p>\n\n\n\n<p>Il s\u2019agit peut-\u00eatre de meilleures comparaisons pour l\u2019effondrement d\u00e9mocratique d\u2019Isra\u00ebl que les exemples incontournables de la Hongrie et de la Pologne. Dans une analyse inqui\u00e9tante, Anastasia Gorodzeisky, sociologue \u00e0 l\u2019Universit\u00e9 de Tel Aviv, estime que les Isra\u00e9liens s\u2019accordent une pause en se comparant \u00e0 ces derniers.<\/p>\n\n\n\n<p>Contrairement \u00e0 Isra\u00ebl, observe-t-elle, ces pays ont des constitutions, ils appartiennent \u00e0 l\u2019Union europ\u00e9enne avec ses tribunaux et ses normes en mati\u00e8re de droits de l\u2019homme, et ils ont au moins une certaine s\u00e9paration entre la religion et l\u2019\u00c9tat. De plus, Isra\u00ebl est engag\u00e9 dans un conflit permanent. Si la voie actuelle d\u2019Isra\u00ebl continue, dit-elle, \u00ab nous serons dans une situation bien pire \u00bb que celle de la Hongrie ou de la Pologne.<\/p>\n\n\n\n<p>En effet, l\u2019exploitation du \u00ab terrorisme \u00bb n\u2019est pas seulement une offense grave envers ses v\u00e9ritables victimes. Cela nous rappelle que dans un conflit permanent, la v\u00e9rit\u00e9 est une victime permanente.<\/p>\n\n\n\n<p><a href=\"https:\/\/www.haaretz.com\/israel-news\/2023-08-15\/ty-article\/.premium\/in-netanyahus-israel-all-dissent-is-terrorism\/00000189-f98b-d0b9-a5a9-fdaf32410000?utm_source=mailchimp&amp;utm_medium=Marketing&amp;utm_campaign=best-of-haaretz&amp;utm_content=39e61fe47f\">In Netanyahu\u2019s Israel, All Dissent Is \u2018Terrorism\u2019 &#8211; Israel News &#8211; Haaretz.com<\/a><\/p>\n","protected":false},"excerpt":{"rendered":"<p>Les accusations de la droite sur ce qui constitue du \u00ab terrorisme \u00bb ont d\u00e9raill\u00e9 \u2013 mais m\u00e9thodiquement. C\u2019est un autre exemple de Netanyahu et de ses complices qui s\u2019alignent sur les pires autocrates et fanatiques que le monde puisse offrir.<\/p>\n","protected":false},"author":4,"featured_media":249511,"comment_status":"closed","ping_status":"closed","sticky":false,"template":"","format":"standard","meta":{"_acf_changed":false,"_et_pb_use_builder":"","_et_pb_old_content":"","_et_gb_content_width":"","footnotes":""},"categories":[94],"tags":[],"class_list":["post-249514","post","type-post","status-publish","format-standard","has-post-thumbnail","hentry","category-bulletin-fr"],"acf":[],"yoast_head":"<!-- This site is optimized with the Yoast SEO plugin v25.8 - https:\/\/yoast.com\/wordpress\/plugins\/seo\/ -->\n<title>Dans l\u2019Isra\u00ebl de Netanyahu, toute dissidence est du \u00ab terrorisme \u00bb - PAJU<\/title>\n<meta name=\"description\" content=\"Les accusations de la droite sur ce qui constitue du \u00ab terrorisme \u00bb ont d\u00e9raill\u00e9 \u2013 mais m\u00e9thodiquement. C\u2019est un autre exemple de Netanyahu et de ses complices qui s\u2019alignent sur les pires autocrates et fanatiques que le monde puisse offrir.\" \/>\n<meta name=\"robots\" content=\"index, follow, max-snippet:-1, max-image-preview:large, max-video-preview:-1\" \/>\n<link rel=\"canonical\" href=\"https:\/\/paju.org\/fr\/dans-lisrael-de-netanyahu-toute-dissidence-est-du-terrorisme\/\" \/>\n<meta property=\"og:locale\" content=\"fr_FR\" \/>\n<meta property=\"og:type\" content=\"article\" \/>\n<meta property=\"og:title\" content=\"Dans l\u2019Isra\u00ebl de Netanyahu, toute dissidence est du \u00ab terrorisme \u00bb - PAJU\" \/>\n<meta property=\"og:description\" content=\"Les accusations de la droite sur ce qui constitue du \u00ab terrorisme \u00bb ont d\u00e9raill\u00e9 \u2013 mais m\u00e9thodiquement. C\u2019est un autre exemple de Netanyahu et de ses complices qui s\u2019alignent sur les pires autocrates et fanatiques que le monde puisse offrir.\" \/>\n<meta property=\"og:site_name\" content=\"PAJU\" \/>\n<meta property=\"article:publisher\" content=\"https:\/\/www.facebook.com\/pajumontreal\" \/>\n<meta property=\"article:published_time\" content=\"2023-09-01T20:37:41+00:00\" \/>\n<meta property=\"article:modified_time\" content=\"2023-09-01T20:47:14+00:00\" \/>\n<meta property=\"og:image\" content=\"https:\/\/paju.org\/wp-content\/uploads\/Right-wing-Knesset-members-Itamar-Ben-Gvir-Left-and-Bezalel-Smotrich-Jerusalem-September-2022.-Photo-credit-REUTERS-Amir-Cohen-Po.jpeg\" \/>\n\t<meta property=\"og:image:width\" content=\"1500\" \/>\n\t<meta property=\"og:image:height\" content=\"812\" \/>\n\t<meta property=\"og:image:type\" content=\"image\/jpeg\" \/>\n<meta name=\"author\" content=\"Bruce Katz\" \/>\n<meta name=\"twitter:card\" content=\"summary_large_image\" \/>\n<meta name=\"twitter:label1\" content=\"\u00c9crit par\" \/>\n\t<meta name=\"twitter:data1\" content=\"Bruce Katz\" \/>\n\t<meta name=\"twitter:label2\" content=\"Dur\u00e9e de lecture estim\u00e9e\" \/>\n\t<meta name=\"twitter:data2\" content=\"8 minutes\" \/>\n<script type=\"application\/ld+json\" class=\"yoast-schema-graph\">{\"@context\":\"https:\/\/schema.org\",\"@graph\":[{\"@type\":\"Article\",\"@id\":\"https:\/\/paju.org\/fr\/dans-lisrael-de-netanyahu-toute-dissidence-est-du-terrorisme\/#article\",\"isPartOf\":{\"@id\":\"https:\/\/paju.org\/fr\/dans-lisrael-de-netanyahu-toute-dissidence-est-du-terrorisme\/\"},\"author\":{\"name\":\"Bruce Katz\",\"@id\":\"https:\/\/paju.org\/fr\/#\/schema\/person\/6d8aed1579a1f4a97e1c552a5f2a891d\"},\"headline\":\"Dans l\u2019Isra\u00ebl de Netanyahu, toute dissidence est du \u00ab terrorisme \u00bb\",\"datePublished\":\"2023-09-01T20:37:41+00:00\",\"dateModified\":\"2023-09-01T20:47:14+00:00\",\"mainEntityOfPage\":{\"@id\":\"https:\/\/paju.org\/fr\/dans-lisrael-de-netanyahu-toute-dissidence-est-du-terrorisme\/\"},\"wordCount\":1948,\"publisher\":{\"@id\":\"https:\/\/paju.org\/fr\/#organization\"},\"image\":{\"@id\":\"https:\/\/paju.org\/fr\/dans-lisrael-de-netanyahu-toute-dissidence-est-du-terrorisme\/#primaryimage\"},\"thumbnailUrl\":\"https:\/\/paju.org\/wp-content\/uploads\/Right-wing-Knesset-members-Itamar-Ben-Gvir-Left-and-Bezalel-Smotrich-Jerusalem-September-2022.-Photo-credit-REUTERS-Amir-Cohen-Po.jpeg\",\"articleSection\":[\"Notre bulletin\"],\"inLanguage\":\"fr-FR\"},{\"@type\":\"WebPage\",\"@id\":\"https:\/\/paju.org\/fr\/dans-lisrael-de-netanyahu-toute-dissidence-est-du-terrorisme\/\",\"url\":\"https:\/\/paju.org\/fr\/dans-lisrael-de-netanyahu-toute-dissidence-est-du-terrorisme\/\",\"name\":\"Dans l\u2019Isra\u00ebl de Netanyahu, toute dissidence est du \u00ab terrorisme \u00bb - PAJU\",\"isPartOf\":{\"@id\":\"https:\/\/paju.org\/fr\/#website\"},\"primaryImageOfPage\":{\"@id\":\"https:\/\/paju.org\/fr\/dans-lisrael-de-netanyahu-toute-dissidence-est-du-terrorisme\/#primaryimage\"},\"image\":{\"@id\":\"https:\/\/paju.org\/fr\/dans-lisrael-de-netanyahu-toute-dissidence-est-du-terrorisme\/#primaryimage\"},\"thumbnailUrl\":\"https:\/\/paju.org\/wp-content\/uploads\/Right-wing-Knesset-members-Itamar-Ben-Gvir-Left-and-Bezalel-Smotrich-Jerusalem-September-2022.-Photo-credit-REUTERS-Amir-Cohen-Po.jpeg\",\"datePublished\":\"2023-09-01T20:37:41+00:00\",\"dateModified\":\"2023-09-01T20:47:14+00:00\",\"description\":\"Les accusations de la droite sur ce qui constitue du \u00ab terrorisme \u00bb ont d\u00e9raill\u00e9 \u2013 mais m\u00e9thodiquement. C\u2019est un autre exemple de Netanyahu et de ses complices qui s\u2019alignent sur les pires autocrates et fanatiques que le monde puisse offrir.\",\"breadcrumb\":{\"@id\":\"https:\/\/paju.org\/fr\/dans-lisrael-de-netanyahu-toute-dissidence-est-du-terrorisme\/#breadcrumb\"},\"inLanguage\":\"fr-FR\",\"potentialAction\":[{\"@type\":\"ReadAction\",\"target\":[\"https:\/\/paju.org\/fr\/dans-lisrael-de-netanyahu-toute-dissidence-est-du-terrorisme\/\"]}]},{\"@type\":\"ImageObject\",\"inLanguage\":\"fr-FR\",\"@id\":\"https:\/\/paju.org\/fr\/dans-lisrael-de-netanyahu-toute-dissidence-est-du-terrorisme\/#primaryimage\",\"url\":\"https:\/\/paju.org\/wp-content\/uploads\/Right-wing-Knesset-members-Itamar-Ben-Gvir-Left-and-Bezalel-Smotrich-Jerusalem-September-2022.-Photo-credit-REUTERS-Amir-Cohen-Po.jpeg\",\"contentUrl\":\"https:\/\/paju.org\/wp-content\/uploads\/Right-wing-Knesset-members-Itamar-Ben-Gvir-Left-and-Bezalel-Smotrich-Jerusalem-September-2022.-Photo-credit-REUTERS-Amir-Cohen-Po.jpeg\",\"width\":1500,\"height\":812},{\"@type\":\"BreadcrumbList\",\"@id\":\"https:\/\/paju.org\/fr\/dans-lisrael-de-netanyahu-toute-dissidence-est-du-terrorisme\/#breadcrumb\",\"itemListElement\":[{\"@type\":\"ListItem\",\"position\":1,\"name\":\"Home\",\"item\":\"https:\/\/paju.org\/fr\/\"},{\"@type\":\"ListItem\",\"position\":2,\"name\":\"Dans l\u2019Isra\u00ebl de Netanyahu, toute dissidence est du \u00ab terrorisme \u00bb\"}]},{\"@type\":\"WebSite\",\"@id\":\"https:\/\/paju.org\/fr\/#website\",\"url\":\"https:\/\/paju.org\/fr\/\",\"name\":\"PAJU\",\"description\":\"\",\"publisher\":{\"@id\":\"https:\/\/paju.org\/fr\/#organization\"},\"potentialAction\":[{\"@type\":\"SearchAction\",\"target\":{\"@type\":\"EntryPoint\",\"urlTemplate\":\"https:\/\/paju.org\/fr\/?s={search_term_string}\"},\"query-input\":{\"@type\":\"PropertyValueSpecification\",\"valueRequired\":true,\"valueName\":\"search_term_string\"}}],\"inLanguage\":\"fr-FR\"},{\"@type\":\"Organization\",\"@id\":\"https:\/\/paju.org\/fr\/#organization\",\"name\":\"Palestinian and Jewish Unity\",\"url\":\"https:\/\/paju.org\/fr\/\",\"logo\":{\"@type\":\"ImageObject\",\"inLanguage\":\"fr-FR\",\"@id\":\"https:\/\/paju.org\/fr\/#\/schema\/logo\/image\/\",\"url\":\"https:\/\/paju.org\/wp-content\/uploads\/PAJU-Logo.png\",\"contentUrl\":\"https:\/\/paju.org\/wp-content\/uploads\/PAJU-Logo.png\",\"width\":696,\"height\":293,\"caption\":\"Palestinian and Jewish Unity\"},\"image\":{\"@id\":\"https:\/\/paju.org\/fr\/#\/schema\/logo\/image\/\"},\"sameAs\":[\"https:\/\/www.facebook.com\/pajumontreal\",\"https:\/\/www.instagram.com\/pajumontreal\/\"]},{\"@type\":\"Person\",\"@id\":\"https:\/\/paju.org\/fr\/#\/schema\/person\/6d8aed1579a1f4a97e1c552a5f2a891d\",\"name\":\"Bruce Katz\",\"image\":{\"@type\":\"ImageObject\",\"inLanguage\":\"fr-FR\",\"@id\":\"https:\/\/paju.org\/fr\/#\/schema\/person\/image\/\",\"url\":\"https:\/\/secure.gravatar.com\/avatar\/4c65b2117dbb672d0bda009f0367a4721c9271f1f68b1747fb53d7333079d0f1?s=96&d=mm&r=g\",\"contentUrl\":\"https:\/\/secure.gravatar.com\/avatar\/4c65b2117dbb672d0bda009f0367a4721c9271f1f68b1747fb53d7333079d0f1?s=96&d=mm&r=g\",\"caption\":\"Bruce Katz\"},\"url\":\"https:\/\/paju.org\/fr\/author\/chadi\/\"}]}<\/script>\n<!-- \/ Yoast SEO plugin. -->","yoast_head_json":{"title":"Dans l\u2019Isra\u00ebl de Netanyahu, toute dissidence est du \u00ab terrorisme \u00bb - PAJU","description":"Les accusations de la droite sur ce qui constitue du \u00ab terrorisme \u00bb ont d\u00e9raill\u00e9 \u2013 mais m\u00e9thodiquement. C\u2019est un autre exemple de Netanyahu et de ses complices qui s\u2019alignent sur les pires autocrates et fanatiques que le monde puisse offrir.","robots":{"index":"index","follow":"follow","max-snippet":"max-snippet:-1","max-image-preview":"max-image-preview:large","max-video-preview":"max-video-preview:-1"},"canonical":"https:\/\/paju.org\/fr\/dans-lisrael-de-netanyahu-toute-dissidence-est-du-terrorisme\/","og_locale":"fr_FR","og_type":"article","og_title":"Dans l\u2019Isra\u00ebl de Netanyahu, toute dissidence est du \u00ab terrorisme \u00bb - PAJU","og_description":"Les accusations de la droite sur ce qui constitue du \u00ab terrorisme \u00bb ont d\u00e9raill\u00e9 \u2013 mais m\u00e9thodiquement. C\u2019est un autre exemple de Netanyahu et de ses complices qui s\u2019alignent sur les pires autocrates et fanatiques que le monde puisse offrir.","og_site_name":"PAJU","article_publisher":"https:\/\/www.facebook.com\/pajumontreal","article_published_time":"2023-09-01T20:37:41+00:00","article_modified_time":"2023-09-01T20:47:14+00:00","og_image":[{"width":1500,"height":812,"url":"https:\/\/paju.org\/wp-content\/uploads\/Right-wing-Knesset-members-Itamar-Ben-Gvir-Left-and-Bezalel-Smotrich-Jerusalem-September-2022.-Photo-credit-REUTERS-Amir-Cohen-Po.jpeg","type":"image\/jpeg"}],"author":"Bruce Katz","twitter_card":"summary_large_image","twitter_misc":{"\u00c9crit par":"Bruce Katz","Dur\u00e9e de lecture estim\u00e9e":"8 minutes"},"schema":{"@context":"https:\/\/schema.org","@graph":[{"@type":"Article","@id":"https:\/\/paju.org\/fr\/dans-lisrael-de-netanyahu-toute-dissidence-est-du-terrorisme\/#article","isPartOf":{"@id":"https:\/\/paju.org\/fr\/dans-lisrael-de-netanyahu-toute-dissidence-est-du-terrorisme\/"},"author":{"name":"Bruce Katz","@id":"https:\/\/paju.org\/fr\/#\/schema\/person\/6d8aed1579a1f4a97e1c552a5f2a891d"},"headline":"Dans l\u2019Isra\u00ebl de Netanyahu, toute dissidence est du \u00ab terrorisme \u00bb","datePublished":"2023-09-01T20:37:41+00:00","dateModified":"2023-09-01T20:47:14+00:00","mainEntityOfPage":{"@id":"https:\/\/paju.org\/fr\/dans-lisrael-de-netanyahu-toute-dissidence-est-du-terrorisme\/"},"wordCount":1948,"publisher":{"@id":"https:\/\/paju.org\/fr\/#organization"},"image":{"@id":"https:\/\/paju.org\/fr\/dans-lisrael-de-netanyahu-toute-dissidence-est-du-terrorisme\/#primaryimage"},"thumbnailUrl":"https:\/\/paju.org\/wp-content\/uploads\/Right-wing-Knesset-members-Itamar-Ben-Gvir-Left-and-Bezalel-Smotrich-Jerusalem-September-2022.-Photo-credit-REUTERS-Amir-Cohen-Po.jpeg","articleSection":["Notre bulletin"],"inLanguage":"fr-FR"},{"@type":"WebPage","@id":"https:\/\/paju.org\/fr\/dans-lisrael-de-netanyahu-toute-dissidence-est-du-terrorisme\/","url":"https:\/\/paju.org\/fr\/dans-lisrael-de-netanyahu-toute-dissidence-est-du-terrorisme\/","name":"Dans l\u2019Isra\u00ebl de Netanyahu, toute dissidence est du \u00ab terrorisme \u00bb - PAJU","isPartOf":{"@id":"https:\/\/paju.org\/fr\/#website"},"primaryImageOfPage":{"@id":"https:\/\/paju.org\/fr\/dans-lisrael-de-netanyahu-toute-dissidence-est-du-terrorisme\/#primaryimage"},"image":{"@id":"https:\/\/paju.org\/fr\/dans-lisrael-de-netanyahu-toute-dissidence-est-du-terrorisme\/#primaryimage"},"thumbnailUrl":"https:\/\/paju.org\/wp-content\/uploads\/Right-wing-Knesset-members-Itamar-Ben-Gvir-Left-and-Bezalel-Smotrich-Jerusalem-September-2022.-Photo-credit-REUTERS-Amir-Cohen-Po.jpeg","datePublished":"2023-09-01T20:37:41+00:00","dateModified":"2023-09-01T20:47:14+00:00","description":"Les accusations de la droite sur ce qui constitue du \u00ab terrorisme \u00bb ont d\u00e9raill\u00e9 \u2013 mais m\u00e9thodiquement. C\u2019est un autre exemple de Netanyahu et de ses complices qui s\u2019alignent sur les pires autocrates et fanatiques que le monde puisse offrir.","breadcrumb":{"@id":"https:\/\/paju.org\/fr\/dans-lisrael-de-netanyahu-toute-dissidence-est-du-terrorisme\/#breadcrumb"},"inLanguage":"fr-FR","potentialAction":[{"@type":"ReadAction","target":["https:\/\/paju.org\/fr\/dans-lisrael-de-netanyahu-toute-dissidence-est-du-terrorisme\/"]}]},{"@type":"ImageObject","inLanguage":"fr-FR","@id":"https:\/\/paju.org\/fr\/dans-lisrael-de-netanyahu-toute-dissidence-est-du-terrorisme\/#primaryimage","url":"https:\/\/paju.org\/wp-content\/uploads\/Right-wing-Knesset-members-Itamar-Ben-Gvir-Left-and-Bezalel-Smotrich-Jerusalem-September-2022.-Photo-credit-REUTERS-Amir-Cohen-Po.jpeg","contentUrl":"https:\/\/paju.org\/wp-content\/uploads\/Right-wing-Knesset-members-Itamar-Ben-Gvir-Left-and-Bezalel-Smotrich-Jerusalem-September-2022.-Photo-credit-REUTERS-Amir-Cohen-Po.jpeg","width":1500,"height":812},{"@type":"BreadcrumbList","@id":"https:\/\/paju.org\/fr\/dans-lisrael-de-netanyahu-toute-dissidence-est-du-terrorisme\/#breadcrumb","itemListElement":[{"@type":"ListItem","position":1,"name":"Home","item":"https:\/\/paju.org\/fr\/"},{"@type":"ListItem","position":2,"name":"Dans l\u2019Isra\u00ebl de Netanyahu, toute dissidence est du \u00ab terrorisme \u00bb"}]},{"@type":"WebSite","@id":"https:\/\/paju.org\/fr\/#website","url":"https:\/\/paju.org\/fr\/","name":"PAJU","description":"","publisher":{"@id":"https:\/\/paju.org\/fr\/#organization"},"potentialAction":[{"@type":"SearchAction","target":{"@type":"EntryPoint","urlTemplate":"https:\/\/paju.org\/fr\/?s={search_term_string}"},"query-input":{"@type":"PropertyValueSpecification","valueRequired":true,"valueName":"search_term_string"}}],"inLanguage":"fr-FR"},{"@type":"Organization","@id":"https:\/\/paju.org\/fr\/#organization","name":"Palestinian and Jewish Unity","url":"https:\/\/paju.org\/fr\/","logo":{"@type":"ImageObject","inLanguage":"fr-FR","@id":"https:\/\/paju.org\/fr\/#\/schema\/logo\/image\/","url":"https:\/\/paju.org\/wp-content\/uploads\/PAJU-Logo.png","contentUrl":"https:\/\/paju.org\/wp-content\/uploads\/PAJU-Logo.png","width":696,"height":293,"caption":"Palestinian and Jewish Unity"},"image":{"@id":"https:\/\/paju.org\/fr\/#\/schema\/logo\/image\/"},"sameAs":["https:\/\/www.facebook.com\/pajumontreal","https:\/\/www.instagram.com\/pajumontreal\/"]},{"@type":"Person","@id":"https:\/\/paju.org\/fr\/#\/schema\/person\/6d8aed1579a1f4a97e1c552a5f2a891d","name":"Bruce Katz","image":{"@type":"ImageObject","inLanguage":"fr-FR","@id":"https:\/\/paju.org\/fr\/#\/schema\/person\/image\/","url":"https:\/\/secure.gravatar.com\/avatar\/4c65b2117dbb672d0bda009f0367a4721c9271f1f68b1747fb53d7333079d0f1?s=96&d=mm&r=g","contentUrl":"https:\/\/secure.gravatar.com\/avatar\/4c65b2117dbb672d0bda009f0367a4721c9271f1f68b1747fb53d7333079d0f1?s=96&d=mm&r=g","caption":"Bruce Katz"},"url":"https:\/\/paju.org\/fr\/author\/chadi\/"}]}},"_links":{"self":[{"href":"https:\/\/paju.org\/fr\/wp-json\/wp\/v2\/posts\/249514","targetHints":{"allow":["GET"]}}],"collection":[{"href":"https:\/\/paju.org\/fr\/wp-json\/wp\/v2\/posts"}],"about":[{"href":"https:\/\/paju.org\/fr\/wp-json\/wp\/v2\/types\/post"}],"author":[{"embeddable":true,"href":"https:\/\/paju.org\/fr\/wp-json\/wp\/v2\/users\/4"}],"replies":[{"embeddable":true,"href":"https:\/\/paju.org\/fr\/wp-json\/wp\/v2\/comments?post=249514"}],"version-history":[{"count":2,"href":"https:\/\/paju.org\/fr\/wp-json\/wp\/v2\/posts\/249514\/revisions"}],"predecessor-version":[{"id":249517,"href":"https:\/\/paju.org\/fr\/wp-json\/wp\/v2\/posts\/249514\/revisions\/249517"}],"wp:featuredmedia":[{"embeddable":true,"href":"https:\/\/paju.org\/fr\/wp-json\/wp\/v2\/media\/249511"}],"wp:attachment":[{"href":"https:\/\/paju.org\/fr\/wp-json\/wp\/v2\/media?parent=249514"}],"wp:term":[{"taxonomy":"category","embeddable":true,"href":"https:\/\/paju.org\/fr\/wp-json\/wp\/v2\/categories?post=249514"},{"taxonomy":"post_tag","embeddable":true,"href":"https:\/\/paju.org\/fr\/wp-json\/wp\/v2\/tags?post=249514"}],"curies":[{"name":"wp","href":"https:\/\/api.w.org\/{rel}","templated":true}]}}