{"id":249480,"date":"2023-08-25T17:02:27","date_gmt":"2023-08-25T21:02:27","guid":{"rendered":"https:\/\/paju.org\/?p=249480"},"modified":"2023-08-25T17:12:21","modified_gmt":"2023-08-25T21:12:21","slug":"la-police-israelienne-brule-une-etoile-de-david-sur-le-visage-dun-palestinien","status":"publish","type":"post","link":"https:\/\/paju.org\/fr\/la-police-israelienne-brule-une-etoile-de-david-sur-le-visage-dun-palestinien\/","title":{"rendered":"La police isra\u00e9lienne br\u00fble une \u00e9toile de David sur le visage d&#8217;un Palestinien"},"content":{"rendered":"\n<p><em>Le Palestinien a \u00e9t\u00e9 s\u00e9v\u00e8rement battu par la police isra\u00e9lienne \u00e0 J\u00e9rusalem-Est occup\u00e9e avant que son visage ne soit marqu\u00e9 du symbole juif<\/em><\/p>\n\n\n\n<p>The Cradle <strong><a href=\"https:\/\/new.thecradle.co\/authors\/news-desk-9\" target=\"_blank\" rel=\"noreferrer noopener\">News Desk<\/a><\/strong> <strong>19 ao\u00fbt 2023<\/strong><\/p>\n\n\n\n<p><\/p>\n\n\n\n<p>Au moins 16 membres des forces de police isra\u00e9liennes sont accus\u00e9s d&#8217;avoir agress\u00e9 physiquement un Palestinien du camp de r\u00e9fugi\u00e9s de Shuafat \u00e0 J\u00e9rusalem-Est occup\u00e9e avant de marquer son visage de l&#8217;\u00e9toile de David.<\/p>\n\n\n\n<p>L&#8217;avocat de la victime a pr\u00e9sent\u00e9 les charges le 17 ao\u00fbt, le lendemain de son enl\u00e8vement de son domicile \u00e0 Shuafat.<\/p>\n\n\n\n<p>\u00ab En tant que pays respectueux des lois, nous ne devons pas accepter le ph\u00e9nom\u00e8ne de la brutalit\u00e9 polici\u00e8re. Dans ce cas, la nature des blessures soul\u00e8ve une forte suspicion qu&#8217;elles \u00e9taient motiv\u00e9es par le racisme \u00bb, a d\u00e9clar\u00e9 Wadim Shub, l&#8217;avocat de la victime, cit\u00e9 par les m\u00e9dias isra\u00e9liens.<\/p>\n\n\n\n<p>Shub a qualifi\u00e9 l&#8217;incident de \u00abcas grave de violence intentionnelle et d&#8217;humiliation d&#8217;un d\u00e9tenu par la police\u00bb.<\/p>\n\n\n\n<p>Le Palestinien, qui n&#8217;a pas \u00e9t\u00e9 nomm\u00e9 publiquement, \u00e9tait soup\u00e7onn\u00e9 d&#8217;infractions de trafic de drogue, a rapport\u00e9 <em>Ynet<\/em> . Les autorit\u00e9s polici\u00e8res all\u00e8guent qu&#8217;il a \u00abviolemment\u00bb r\u00e9sist\u00e9 \u00e0 son arrestation et que les policiers ont r\u00e9agi avec \u00abune force raisonnable\u00bb pour le ma\u00eetriser.<\/p>\n\n\n\n<p>Seize officiers ont particip\u00e9 \u00e0 l&#8217;arrestation, mais aucun n&#8217;avait allum\u00e9 sa cam\u00e9ra corporelle \u00e0 ce moment-l\u00e0, car ils auraient band\u00e9 les yeux de l&#8217;homme avant de le frapper brutalement et de lui graver le visage avec le symbole juif.<\/p>\n\n\n\n<p>Jeudi, il a \u00e9t\u00e9 conduit au tribunal de premi\u00e8re instance de J\u00e9rusalem pour une audience de d\u00e9tention provisoire o\u00f9 l&#8217;\u00e9toile de David \u00e9tait encore visible sur son visage. Le juge Amir Shaked aurait exprim\u00e9 son \u00ab horreur \u00bb face \u00e0 la conduite de la police et ordonn\u00e9 que l&#8217;affaire soit port\u00e9e devant le D\u00e9partement des enqu\u00eates internes de la police.<\/p>\n\n\n\n<p>Il a ordonn\u00e9 que la d\u00e9tention provisoire du suspect soit prolong\u00e9e jusqu&#8217;au 20 ao\u00fbt.<\/p>\n\n\n\n<p><strong>Les enqu\u00eates internes men\u00e9es par les forces de s\u00e9curit\u00e9 isra\u00e9liennes se terminent souvent sans inculpation ni peines l\u00e9g\u00e8res et, dans de nombreux cas, les t\u00e9moins ne sont m\u00eame pas convoqu\u00e9s pour \u00eatre interrog\u00e9s.<\/strong><\/p>\n\n\n\n<p>Le mois dernier, un tribunal isra\u00e9lien a acquitt\u00e9 un agent de la police des fronti\u00e8res accus\u00e9 d&#8217;homicide involontaire apr\u00e8s avoir tu\u00e9 Eyad al-Hallaq, un Palestinien autiste. Le tribunal a jug\u00e9 que l&#8217;officier avait agi en \u00abl\u00e9gitime d\u00e9fense\u00bb &nbsp;lorsqu&#8217;il avait tir\u00e9 sur l&#8217;homme de 32 ans dans la vieille ville occup\u00e9e de J\u00e9rusalem-Est il y a trois ans.<\/p>\n\n\n\n<p>\u00abC&#8217;est litt\u00e9ralement \u00e0 quoi cela ressemble lorsque l&#8217;\u00c9tat fonctionne sur la supr\u00e9matie juive, les flics sachant qu&#8217;ils seront c\u00e9l\u00e9br\u00e9s et non tenus pour responsables des prisonniers de torture en marquant leur visage avec une \u00e9toile de David\u00bb, Yousef Munayyer, l&#8217;ancien directeur ex\u00e9cutif de la campagne am\u00e9ricaine pour les droits des Palestiniens, a d\u00e9clar\u00e9 via un tweet.<\/p>\n\n\n\n<p>Isra\u00ebl d\u00e9tient actuellement plus de 5 000 prisonniers politiques palestiniens, selon les chiffres publi\u00e9s par le groupe de d\u00e9fense des droits Addameer. Au moins 1 200 sont d\u00e9tenus sans inculpation ni jugement dans le cadre d&#8217;une pratique largement critiqu\u00e9e connue sous le nom de d\u00e9tention administrative.<\/p>\n\n\n\n<p><a href=\"https:\/\/new.thecradle.co\/articles\/israeli-police-brand-palestinian-man-with-star-of-david\" target=\"_blank\" rel=\"noreferrer noopener\">Israeli police brand Palestinian man with Star of David (thecradle.co)<\/a><\/p>\n","protected":false},"excerpt":{"rendered":"<p>Au moins 16 membres des forces de police isra\u00e9liennes sont accus\u00e9s d&#8217;avoir agress\u00e9 physiquement un Palestinien du camp de r\u00e9fugi\u00e9s de Shuafat \u00e0 J\u00e9rusalem-Est occup\u00e9e avant de marquer son visage de l&#8217;\u00e9toile de David<\/p>\n","protected":false},"author":4,"featured_media":249477,"comment_status":"closed","ping_status":"closed","sticky":false,"template":"","format":"standard","meta":{"_acf_changed":false,"_et_pb_use_builder":"","_et_pb_old_content":"","_et_gb_content_width":"","footnotes":""},"categories":[94],"tags":[],"class_list":["post-249480","post","type-post","status-publish","format-standard","has-post-thumbnail","hentry","category-bulletin-fr"],"acf":[],"yoast_head":"<!-- This site is optimized with the Yoast SEO plugin v25.8 - https:\/\/yoast.com\/wordpress\/plugins\/seo\/ -->\n<title>La police isra\u00e9lienne br\u00fble une \u00e9toile de David sur le visage d&#039;un Palestinien - PAJU<\/title>\n<meta name=\"description\" content=\"Au moins 16 membres des forces de police isra\u00e9liennes sont accus\u00e9s d&#039;avoir agress\u00e9 physiquement un Palestinien du camp de r\u00e9fugi\u00e9s de Shuafat \u00e0 J\u00e9rusalem-Est occup\u00e9e avant de marquer son visage de l&#039;\u00e9toile de David.\" \/>\n<meta name=\"robots\" content=\"index, follow, max-snippet:-1, max-image-preview:large, max-video-preview:-1\" \/>\n<link rel=\"canonical\" href=\"https:\/\/paju.org\/fr\/la-police-israelienne-brule-une-etoile-de-david-sur-le-visage-dun-palestinien\/\" \/>\n<meta property=\"og:locale\" content=\"fr_FR\" \/>\n<meta property=\"og:type\" content=\"article\" \/>\n<meta property=\"og:title\" content=\"La police isra\u00e9lienne br\u00fble une \u00e9toile de David sur le visage d&#039;un Palestinien - PAJU\" \/>\n<meta property=\"og:description\" content=\"Au moins 16 membres des forces de police isra\u00e9liennes sont accus\u00e9s d&#039;avoir agress\u00e9 physiquement un Palestinien du camp de r\u00e9fugi\u00e9s de Shuafat \u00e0 J\u00e9rusalem-Est occup\u00e9e avant de marquer son visage de l&#039;\u00e9toile de David.\" \/>\n<meta property=\"og:site_name\" content=\"PAJU\" \/>\n<meta property=\"article:publisher\" content=\"https:\/\/www.facebook.com\/pajumontreal\" \/>\n<meta property=\"article:published_time\" content=\"2023-08-25T21:02:27+00:00\" \/>\n<meta property=\"article:modified_time\" content=\"2023-08-25T21:12:21+00:00\" \/>\n<meta property=\"og:image\" content=\"https:\/\/paju.org\/wp-content\/uploads\/IMG-20230819-WA0000-e1692443213225-640x400.jpg-Times-of-Israel.jpg\" \/>\n\t<meta property=\"og:image:width\" content=\"640\" \/>\n\t<meta property=\"og:image:height\" content=\"400\" \/>\n\t<meta property=\"og:image:type\" content=\"image\/jpeg\" \/>\n<meta name=\"author\" content=\"Bruce Katz\" \/>\n<meta name=\"twitter:card\" content=\"summary_large_image\" \/>\n<meta name=\"twitter:label1\" content=\"\u00c9crit par\" \/>\n\t<meta name=\"twitter:data1\" content=\"Bruce Katz\" \/>\n<script type=\"application\/ld+json\" class=\"yoast-schema-graph\">{\"@context\":\"https:\/\/schema.org\",\"@graph\":[{\"@type\":\"Article\",\"@id\":\"https:\/\/paju.org\/fr\/la-police-israelienne-brule-une-etoile-de-david-sur-le-visage-dun-palestinien\/#article\",\"isPartOf\":{\"@id\":\"https:\/\/paju.org\/fr\/la-police-israelienne-brule-une-etoile-de-david-sur-le-visage-dun-palestinien\/\"},\"author\":{\"name\":\"Bruce Katz\",\"@id\":\"https:\/\/paju.org\/fr\/#\/schema\/person\/6d8aed1579a1f4a97e1c552a5f2a891d\"},\"headline\":\"La police isra\u00e9lienne br\u00fble une \u00e9toile de David sur le visage d&#8217;un Palestinien\",\"datePublished\":\"2023-08-25T21:02:27+00:00\",\"dateModified\":\"2023-08-25T21:12:21+00:00\",\"mainEntityOfPage\":{\"@id\":\"https:\/\/paju.org\/fr\/la-police-israelienne-brule-une-etoile-de-david-sur-le-visage-dun-palestinien\/\"},\"wordCount\":604,\"publisher\":{\"@id\":\"https:\/\/paju.org\/fr\/#organization\"},\"image\":{\"@id\":\"https:\/\/paju.org\/fr\/la-police-israelienne-brule-une-etoile-de-david-sur-le-visage-dun-palestinien\/#primaryimage\"},\"thumbnailUrl\":\"https:\/\/paju.org\/wp-content\/uploads\/IMG-20230819-WA0000-e1692443213225-640x400.jpg-Times-of-Israel.jpg\",\"articleSection\":[\"Notre bulletin\"],\"inLanguage\":\"fr-FR\"},{\"@type\":\"WebPage\",\"@id\":\"https:\/\/paju.org\/fr\/la-police-israelienne-brule-une-etoile-de-david-sur-le-visage-dun-palestinien\/\",\"url\":\"https:\/\/paju.org\/fr\/la-police-israelienne-brule-une-etoile-de-david-sur-le-visage-dun-palestinien\/\",\"name\":\"La police isra\u00e9lienne br\u00fble une \u00e9toile de David sur le visage d'un Palestinien - PAJU\",\"isPartOf\":{\"@id\":\"https:\/\/paju.org\/fr\/#website\"},\"primaryImageOfPage\":{\"@id\":\"https:\/\/paju.org\/fr\/la-police-israelienne-brule-une-etoile-de-david-sur-le-visage-dun-palestinien\/#primaryimage\"},\"image\":{\"@id\":\"https:\/\/paju.org\/fr\/la-police-israelienne-brule-une-etoile-de-david-sur-le-visage-dun-palestinien\/#primaryimage\"},\"thumbnailUrl\":\"https:\/\/paju.org\/wp-content\/uploads\/IMG-20230819-WA0000-e1692443213225-640x400.jpg-Times-of-Israel.jpg\",\"datePublished\":\"2023-08-25T21:02:27+00:00\",\"dateModified\":\"2023-08-25T21:12:21+00:00\",\"description\":\"Au moins 16 membres des forces de police isra\u00e9liennes sont accus\u00e9s d'avoir agress\u00e9 physiquement un Palestinien du camp de r\u00e9fugi\u00e9s de Shuafat \u00e0 J\u00e9rusalem-Est occup\u00e9e avant de marquer son visage de l'\u00e9toile de David.\",\"breadcrumb\":{\"@id\":\"https:\/\/paju.org\/fr\/la-police-israelienne-brule-une-etoile-de-david-sur-le-visage-dun-palestinien\/#breadcrumb\"},\"inLanguage\":\"fr-FR\",\"potentialAction\":[{\"@type\":\"ReadAction\",\"target\":[\"https:\/\/paju.org\/fr\/la-police-israelienne-brule-une-etoile-de-david-sur-le-visage-dun-palestinien\/\"]}]},{\"@type\":\"ImageObject\",\"inLanguage\":\"fr-FR\",\"@id\":\"https:\/\/paju.org\/fr\/la-police-israelienne-brule-une-etoile-de-david-sur-le-visage-dun-palestinien\/#primaryimage\",\"url\":\"https:\/\/paju.org\/wp-content\/uploads\/IMG-20230819-WA0000-e1692443213225-640x400.jpg-Times-of-Israel.jpg\",\"contentUrl\":\"https:\/\/paju.org\/wp-content\/uploads\/IMG-20230819-WA0000-e1692443213225-640x400.jpg-Times-of-Israel.jpg\",\"width\":640,\"height\":400},{\"@type\":\"BreadcrumbList\",\"@id\":\"https:\/\/paju.org\/fr\/la-police-israelienne-brule-une-etoile-de-david-sur-le-visage-dun-palestinien\/#breadcrumb\",\"itemListElement\":[{\"@type\":\"ListItem\",\"position\":1,\"name\":\"Home\",\"item\":\"https:\/\/paju.org\/fr\/\"},{\"@type\":\"ListItem\",\"position\":2,\"name\":\"La police isra\u00e9lienne br\u00fble une \u00e9toile de David sur le visage d&#8217;un Palestinien\"}]},{\"@type\":\"WebSite\",\"@id\":\"https:\/\/paju.org\/fr\/#website\",\"url\":\"https:\/\/paju.org\/fr\/\",\"name\":\"PAJU\",\"description\":\"\",\"publisher\":{\"@id\":\"https:\/\/paju.org\/fr\/#organization\"},\"potentialAction\":[{\"@type\":\"SearchAction\",\"target\":{\"@type\":\"EntryPoint\",\"urlTemplate\":\"https:\/\/paju.org\/fr\/?s={search_term_string}\"},\"query-input\":{\"@type\":\"PropertyValueSpecification\",\"valueRequired\":true,\"valueName\":\"search_term_string\"}}],\"inLanguage\":\"fr-FR\"},{\"@type\":\"Organization\",\"@id\":\"https:\/\/paju.org\/fr\/#organization\",\"name\":\"Palestinian and Jewish Unity\",\"url\":\"https:\/\/paju.org\/fr\/\",\"logo\":{\"@type\":\"ImageObject\",\"inLanguage\":\"fr-FR\",\"@id\":\"https:\/\/paju.org\/fr\/#\/schema\/logo\/image\/\",\"url\":\"https:\/\/paju.org\/wp-content\/uploads\/PAJU-Logo.png\",\"contentUrl\":\"https:\/\/paju.org\/wp-content\/uploads\/PAJU-Logo.png\",\"width\":696,\"height\":293,\"caption\":\"Palestinian and Jewish Unity\"},\"image\":{\"@id\":\"https:\/\/paju.org\/fr\/#\/schema\/logo\/image\/\"},\"sameAs\":[\"https:\/\/www.facebook.com\/pajumontreal\",\"https:\/\/www.instagram.com\/pajumontreal\/\"]},{\"@type\":\"Person\",\"@id\":\"https:\/\/paju.org\/fr\/#\/schema\/person\/6d8aed1579a1f4a97e1c552a5f2a891d\",\"name\":\"Bruce Katz\",\"image\":{\"@type\":\"ImageObject\",\"inLanguage\":\"fr-FR\",\"@id\":\"https:\/\/paju.org\/fr\/#\/schema\/person\/image\/\",\"url\":\"https:\/\/secure.gravatar.com\/avatar\/4c65b2117dbb672d0bda009f0367a4721c9271f1f68b1747fb53d7333079d0f1?s=96&d=mm&r=g\",\"contentUrl\":\"https:\/\/secure.gravatar.com\/avatar\/4c65b2117dbb672d0bda009f0367a4721c9271f1f68b1747fb53d7333079d0f1?s=96&d=mm&r=g\",\"caption\":\"Bruce Katz\"},\"url\":\"https:\/\/paju.org\/fr\/author\/chadi\/\"}]}<\/script>\n<!-- \/ Yoast SEO plugin. -->","yoast_head_json":{"title":"La police isra\u00e9lienne br\u00fble une \u00e9toile de David sur le visage d'un Palestinien - PAJU","description":"Au moins 16 membres des forces de police isra\u00e9liennes sont accus\u00e9s d'avoir agress\u00e9 physiquement un Palestinien du camp de r\u00e9fugi\u00e9s de Shuafat \u00e0 J\u00e9rusalem-Est occup\u00e9e avant de marquer son visage de l'\u00e9toile de David.","robots":{"index":"index","follow":"follow","max-snippet":"max-snippet:-1","max-image-preview":"max-image-preview:large","max-video-preview":"max-video-preview:-1"},"canonical":"https:\/\/paju.org\/fr\/la-police-israelienne-brule-une-etoile-de-david-sur-le-visage-dun-palestinien\/","og_locale":"fr_FR","og_type":"article","og_title":"La police isra\u00e9lienne br\u00fble une \u00e9toile de David sur le visage d'un Palestinien - PAJU","og_description":"Au moins 16 membres des forces de police isra\u00e9liennes sont accus\u00e9s d'avoir agress\u00e9 physiquement un Palestinien du camp de r\u00e9fugi\u00e9s de Shuafat \u00e0 J\u00e9rusalem-Est occup\u00e9e avant de marquer son visage de l'\u00e9toile de David.","og_site_name":"PAJU","article_publisher":"https:\/\/www.facebook.com\/pajumontreal","article_published_time":"2023-08-25T21:02:27+00:00","article_modified_time":"2023-08-25T21:12:21+00:00","og_image":[{"width":640,"height":400,"url":"https:\/\/paju.org\/wp-content\/uploads\/IMG-20230819-WA0000-e1692443213225-640x400.jpg-Times-of-Israel.jpg","type":"image\/jpeg"}],"author":"Bruce Katz","twitter_card":"summary_large_image","twitter_misc":{"\u00c9crit par":"Bruce Katz"},"schema":{"@context":"https:\/\/schema.org","@graph":[{"@type":"Article","@id":"https:\/\/paju.org\/fr\/la-police-israelienne-brule-une-etoile-de-david-sur-le-visage-dun-palestinien\/#article","isPartOf":{"@id":"https:\/\/paju.org\/fr\/la-police-israelienne-brule-une-etoile-de-david-sur-le-visage-dun-palestinien\/"},"author":{"name":"Bruce Katz","@id":"https:\/\/paju.org\/fr\/#\/schema\/person\/6d8aed1579a1f4a97e1c552a5f2a891d"},"headline":"La police isra\u00e9lienne br\u00fble une \u00e9toile de David sur le visage d&#8217;un Palestinien","datePublished":"2023-08-25T21:02:27+00:00","dateModified":"2023-08-25T21:12:21+00:00","mainEntityOfPage":{"@id":"https:\/\/paju.org\/fr\/la-police-israelienne-brule-une-etoile-de-david-sur-le-visage-dun-palestinien\/"},"wordCount":604,"publisher":{"@id":"https:\/\/paju.org\/fr\/#organization"},"image":{"@id":"https:\/\/paju.org\/fr\/la-police-israelienne-brule-une-etoile-de-david-sur-le-visage-dun-palestinien\/#primaryimage"},"thumbnailUrl":"https:\/\/paju.org\/wp-content\/uploads\/IMG-20230819-WA0000-e1692443213225-640x400.jpg-Times-of-Israel.jpg","articleSection":["Notre bulletin"],"inLanguage":"fr-FR"},{"@type":"WebPage","@id":"https:\/\/paju.org\/fr\/la-police-israelienne-brule-une-etoile-de-david-sur-le-visage-dun-palestinien\/","url":"https:\/\/paju.org\/fr\/la-police-israelienne-brule-une-etoile-de-david-sur-le-visage-dun-palestinien\/","name":"La police isra\u00e9lienne br\u00fble une \u00e9toile de David sur le visage d'un Palestinien - PAJU","isPartOf":{"@id":"https:\/\/paju.org\/fr\/#website"},"primaryImageOfPage":{"@id":"https:\/\/paju.org\/fr\/la-police-israelienne-brule-une-etoile-de-david-sur-le-visage-dun-palestinien\/#primaryimage"},"image":{"@id":"https:\/\/paju.org\/fr\/la-police-israelienne-brule-une-etoile-de-david-sur-le-visage-dun-palestinien\/#primaryimage"},"thumbnailUrl":"https:\/\/paju.org\/wp-content\/uploads\/IMG-20230819-WA0000-e1692443213225-640x400.jpg-Times-of-Israel.jpg","datePublished":"2023-08-25T21:02:27+00:00","dateModified":"2023-08-25T21:12:21+00:00","description":"Au moins 16 membres des forces de police isra\u00e9liennes sont accus\u00e9s d'avoir agress\u00e9 physiquement un Palestinien du camp de r\u00e9fugi\u00e9s de Shuafat \u00e0 J\u00e9rusalem-Est occup\u00e9e avant de marquer son visage de l'\u00e9toile de David.","breadcrumb":{"@id":"https:\/\/paju.org\/fr\/la-police-israelienne-brule-une-etoile-de-david-sur-le-visage-dun-palestinien\/#breadcrumb"},"inLanguage":"fr-FR","potentialAction":[{"@type":"ReadAction","target":["https:\/\/paju.org\/fr\/la-police-israelienne-brule-une-etoile-de-david-sur-le-visage-dun-palestinien\/"]}]},{"@type":"ImageObject","inLanguage":"fr-FR","@id":"https:\/\/paju.org\/fr\/la-police-israelienne-brule-une-etoile-de-david-sur-le-visage-dun-palestinien\/#primaryimage","url":"https:\/\/paju.org\/wp-content\/uploads\/IMG-20230819-WA0000-e1692443213225-640x400.jpg-Times-of-Israel.jpg","contentUrl":"https:\/\/paju.org\/wp-content\/uploads\/IMG-20230819-WA0000-e1692443213225-640x400.jpg-Times-of-Israel.jpg","width":640,"height":400},{"@type":"BreadcrumbList","@id":"https:\/\/paju.org\/fr\/la-police-israelienne-brule-une-etoile-de-david-sur-le-visage-dun-palestinien\/#breadcrumb","itemListElement":[{"@type":"ListItem","position":1,"name":"Home","item":"https:\/\/paju.org\/fr\/"},{"@type":"ListItem","position":2,"name":"La police isra\u00e9lienne br\u00fble une \u00e9toile de David sur le visage d&#8217;un Palestinien"}]},{"@type":"WebSite","@id":"https:\/\/paju.org\/fr\/#website","url":"https:\/\/paju.org\/fr\/","name":"PAJU","description":"","publisher":{"@id":"https:\/\/paju.org\/fr\/#organization"},"potentialAction":[{"@type":"SearchAction","target":{"@type":"EntryPoint","urlTemplate":"https:\/\/paju.org\/fr\/?s={search_term_string}"},"query-input":{"@type":"PropertyValueSpecification","valueRequired":true,"valueName":"search_term_string"}}],"inLanguage":"fr-FR"},{"@type":"Organization","@id":"https:\/\/paju.org\/fr\/#organization","name":"Palestinian and Jewish Unity","url":"https:\/\/paju.org\/fr\/","logo":{"@type":"ImageObject","inLanguage":"fr-FR","@id":"https:\/\/paju.org\/fr\/#\/schema\/logo\/image\/","url":"https:\/\/paju.org\/wp-content\/uploads\/PAJU-Logo.png","contentUrl":"https:\/\/paju.org\/wp-content\/uploads\/PAJU-Logo.png","width":696,"height":293,"caption":"Palestinian and Jewish Unity"},"image":{"@id":"https:\/\/paju.org\/fr\/#\/schema\/logo\/image\/"},"sameAs":["https:\/\/www.facebook.com\/pajumontreal","https:\/\/www.instagram.com\/pajumontreal\/"]},{"@type":"Person","@id":"https:\/\/paju.org\/fr\/#\/schema\/person\/6d8aed1579a1f4a97e1c552a5f2a891d","name":"Bruce Katz","image":{"@type":"ImageObject","inLanguage":"fr-FR","@id":"https:\/\/paju.org\/fr\/#\/schema\/person\/image\/","url":"https:\/\/secure.gravatar.com\/avatar\/4c65b2117dbb672d0bda009f0367a4721c9271f1f68b1747fb53d7333079d0f1?s=96&d=mm&r=g","contentUrl":"https:\/\/secure.gravatar.com\/avatar\/4c65b2117dbb672d0bda009f0367a4721c9271f1f68b1747fb53d7333079d0f1?s=96&d=mm&r=g","caption":"Bruce Katz"},"url":"https:\/\/paju.org\/fr\/author\/chadi\/"}]}},"_links":{"self":[{"href":"https:\/\/paju.org\/fr\/wp-json\/wp\/v2\/posts\/249480","targetHints":{"allow":["GET"]}}],"collection":[{"href":"https:\/\/paju.org\/fr\/wp-json\/wp\/v2\/posts"}],"about":[{"href":"https:\/\/paju.org\/fr\/wp-json\/wp\/v2\/types\/post"}],"author":[{"embeddable":true,"href":"https:\/\/paju.org\/fr\/wp-json\/wp\/v2\/users\/4"}],"replies":[{"embeddable":true,"href":"https:\/\/paju.org\/fr\/wp-json\/wp\/v2\/comments?post=249480"}],"version-history":[{"count":2,"href":"https:\/\/paju.org\/fr\/wp-json\/wp\/v2\/posts\/249480\/revisions"}],"predecessor-version":[{"id":249483,"href":"https:\/\/paju.org\/fr\/wp-json\/wp\/v2\/posts\/249480\/revisions\/249483"}],"wp:featuredmedia":[{"embeddable":true,"href":"https:\/\/paju.org\/fr\/wp-json\/wp\/v2\/media\/249477"}],"wp:attachment":[{"href":"https:\/\/paju.org\/fr\/wp-json\/wp\/v2\/media?parent=249480"}],"wp:term":[{"taxonomy":"category","embeddable":true,"href":"https:\/\/paju.org\/fr\/wp-json\/wp\/v2\/categories?post=249480"},{"taxonomy":"post_tag","embeddable":true,"href":"https:\/\/paju.org\/fr\/wp-json\/wp\/v2\/tags?post=249480"}],"curies":[{"name":"wp","href":"https:\/\/api.w.org\/{rel}","templated":true}]}}