{"id":249422,"date":"2023-08-11T16:32:59","date_gmt":"2023-08-11T20:32:59","guid":{"rendered":"https:\/\/paju.org\/?p=249422"},"modified":"2023-08-11T16:42:05","modified_gmt":"2023-08-11T20:42:05","slug":"les-colons-extremistes-israeliens-controlent-le-gouvernement-alors-que-netanyahu-rejette-les-avertissements","status":"publish","type":"post","link":"https:\/\/paju.org\/fr\/les-colons-extremistes-israeliens-controlent-le-gouvernement-alors-que-netanyahu-rejette-les-avertissements\/","title":{"rendered":"Les colons extr\u00e9mistes isra\u00e9liens contr\u00f4lent le gouvernement alors que Netanyahu rejette les avertissements"},"content":{"rendered":"\n<p><strong><a href=\"https:\/\/www.al-monitor.com\/authors\/ben-caspit.html\">Ben Caspit<\/a><\/strong><\/p>\n\n\n\n<p><a href=\"https:\/\/twitter.com\/BenCaspit\" target=\"_blank\" rel=\"noreferrer noopener\">@BenCaspit<\/a><\/p>\n\n\n\n<p><strong>8 ao\u00fbt 2023<\/strong><\/p>\n\n\n\n<p><\/p>\n\n\n\n<p><em>Le dernier incident mortel dans la ville cisjordanienne de Burqa montre que les colons ont d\u00e9sormais le dessus sur le gouvernement Netanyahu.<\/em><\/p>\n\n\n\n<p><\/p>\n\n\n\n<p>TEL AVIV \u2014 La mont\u00e9e de la violence des colons contre les Palestiniens de Cisjordanie refl\u00e8te les pouvoirs croissants des membres d&#8217;extr\u00eame droite de la Knesset au sein de la coalition Netanyahu.<\/p>\n\n\n\n<p>Les partis juifs radicaux que le Premier ministre Benjamin Netanyahu a adopt\u00e9s depuis la formation de son gouvernement il y a sept mois mordent la main qui les nourrit. Apr\u00e8s leur avoir confi\u00e9 la responsabilit\u00e9 de &nbsp;la s\u00e9curit\u00e9 nationale et de l&#8217;expansion des colonies, ces membres de la coalition et leurs \u00e9lecteurs s\u00e8ment la discorde et le chaos en Cisjordanie et prot\u00e8gent les colons qui la ravagent. Et Netanyahu ? Il garde le silence.<\/p>\n\n\n\n<p>Lors du dernier incident de ce type, Quasi Jamal Matan, un Palestinien de 19 ans habitant le village cisjordanien de Burqa, a \u00e9t\u00e9 tu\u00e9 le 4 ao\u00fbt par un colon isra\u00e9lien qui a apparemment \u00e9t\u00e9 bless\u00e9 par des pierres que des Palestiniens lui avaient lanc\u00e9es, ainsi qu&#8217;\u00e0 ses amis. Cinq Palestiniens et deux colons isra\u00e9liens ont \u00e9t\u00e9 arr\u00eat\u00e9s, soup\u00e7onn\u00e9s d&#8217;\u00eatre impliqu\u00e9s dans l&#8217;affrontement. L&#8217;un des colons \u00e9tait jusqu&#8217;\u00e0 r\u00e9cemment conseiller parlementaire et porte-parole du membre de la Knesset Limor Son Har-Melech du parti d&#8217;extr\u00eame droite Jewish Power.<\/p>\n\n\n\n<p>Apr\u00e8s l\u2019incident, la police a autoris\u00e9 deux membres de la Knesset \u2013 dont Zvi Sukkot de la faction Jewish Power \u2013 \u00e0 rencontrer le suspect du meurtre du Palestinien, alors qu\u2019il \u00e9tait hospitalis\u00e9. En g\u00e9n\u00e9ral, les membres de la Knesset isra\u00e9lienne ne sont pas autoris\u00e9s \u00e0 rencontrer des d\u00e9tenus soup\u00e7onn\u00e9s d&#8217;infractions graves au cours des premi\u00e8res \u00e9tapes d&#8217;une enqu\u00eate polici\u00e8re \u00e0 leur encontre. Le t\u00eate-\u00e0-t\u00eate de Soukkot avec le suspect a dur\u00e9 environ 40 minutes.<\/p>\n\n\n\n<p>\u00ab C&#8217;est incroyablement scandaleux \u00bb, a d\u00e9clar\u00e9 une source de s\u00e9curit\u00e9 isra\u00e9lienne de haut niveau \u00e0 Al-Monitor sous couvert d&#8217;anonymat. \u00abC&#8217;est une r\u00e9union qui pourrait facilement conduire \u00e0 la falsification de preuves et perturber l&#8217;enqu\u00eate polici\u00e8re. Il n&#8217;y avait aucune raison de l&#8217;approuver. Cela fait partie de l&#8217;anarchie qui s&#8217;empare du syst\u00e8me d&#8217;\u00c9tat de droit en Isra\u00ebl. \u00bb<\/p>\n\n\n\n<p>Cet \u00e9v\u00e9nement n&#8217;est que la pointe de l&#8217;iceberg vers lequel le navire isra\u00e9lien se dirige \u00e0 toute vitesse depuis que le gouvernement Netanyahu a lanc\u00e9 sa campagne pour affaiblir le syst\u00e8me judiciaire du pays, provoquant un mouvement de masse en faveur de la d\u00e9mocratie. Le chef du Shin Bet, Ronen Bar, a r\u00e9cemment averti Netanyahu d&#8217;une augmentation significative de l&#8217;\u00e9tendue du terrorisme juif en Cisjordanie. Selon Bar, le terrorisme juif est l&#8217;un des facteurs qui alimentent et augmentent le terrorisme islamique contre les colons.<\/p>\n\n\n\n<p>\u00ab C&#8217;est un cercle vicieux de violence et meurtrier \u00bb, a d\u00e9clar\u00e9 la source de s\u00e9curit\u00e9 isra\u00e9lienne. \u00abLes Palestiniens m\u00e8nent des attaques de vengeance pour toutes les attaques des colons contre eux, la situation se d\u00e9t\u00e9riore rapidement et devient incontr\u00f4lable. Il nous faudra des ann\u00e9es pour remettre ce g\u00e9nie dans la bouteille. \u00bb<\/p>\n\n\n\n<p>Alors que le terrorisme palestinien dirig\u00e9 contre les citoyens isra\u00e9liens dans les colonies et sur le territoire isra\u00e9lien souverain est sans aucun doute beaucoup plus r\u00e9pandu que les manifestations du terrorisme juif contre les Palestiniens, les colons b\u00e9n\u00e9ficient de la protection de l&#8217;arm\u00e9e, de la police et des forces de s\u00e9curit\u00e9 du Shin Bet isra\u00e9liennes.<\/p>\n\n\n\n<p>Les Palestiniens vivant sous contr\u00f4le isra\u00e9lien, en revanche, ne disposent pas de forces d\u00e9fensives importantes et sont contraints de s&#8217;appuyer sur la police isra\u00e9lienne en Cisjordanie qui est officiellement charg\u00e9e de leur protection. Mais c&#8217;est l\u00e0 que r\u00e9side le probl\u00e8me, puisque la police isra\u00e9lienne est sous la tutelle du ministre de la S\u00e9curit\u00e9 nationale Itamar Ben-Gvir, pr\u00e9sident du parti Jewish Power.<\/p>\n\n\n\n<p>\u00ab Itamar Ben-Gvir prend maintenant le contr\u00f4le de la police en g\u00e9n\u00e9ral, et du district [de Cisjordanie] de Jud\u00e9e-Samarie en particulier \u00bb, a d\u00e9clar\u00e9 \u00e0 Al-Monitor une source polici\u00e8re isra\u00e9lienne de haut niveau sous couvert d&#8217;anonymat. \u00ab La police en Cisjordanie sont compl\u00e8tement laxistes, le commandant du district se fait bien voir du ministre, qui repr\u00e9sente \u00e9galement les colons extr\u00e9mistes \u00bb.<\/p>\n\n\n\n<p>Ce soutien officiel implicite de Ben-Gvir encourage les colons qui ont install\u00e9 des avant-postes ill\u00e9gaux, souvent sur des terres revendiqu\u00e9es par les Palestiniens. \u00ab Ils errent librement parmi les villages palestiniens \u00e0 la recherche de vengeance et de friction. Cette poudri\u00e8re va nous exploser au visage\u00bb, a d\u00e9clar\u00e9 le responsable de l&#8217;application des lois.<\/p>\n\n\n\n<p>Suite \u00e0 l\u2019avertissement explicite de Ronen Bar \u00e0 Netanyahu d\u2019une recrudescence de la violence des colons, le Shin Bet et le commandant militaire de Cisjordanie ont \u00e9t\u00e9 la cible d\u2019attaques virulentes de la part de plusieurs l\u00e9gislateurs de droite. Har-Melech, dont le mari a \u00e9t\u00e9 assassin\u00e9 lors d&#8217;un attentat terroriste en Cisjordanie en 2003, n&#8217;a pas tard\u00e9 \u00e0 critiquer s\u00e9v\u00e8rement l&#8217;agence, tandis que le ministre de la Knesset du parti du Likoud<\/p>\n\n\n\n<p>Tali Gottlieb a d\u00e9clar\u00e9 que \u00able Deep State gauchiste a \u00e9galement atteint la t\u00eate du Shin Bet\u00bb. Il a fallu plus d&#8217;une journ\u00e9e \u00e0 Netanyahu pour publier une d\u00e9claration soutenant le chef du Shin Bet, qui est sous son commandement direct.<\/p>\n\n\n\n<p>\u00ab Parfois, Netanyahu semble ne pas \u00eatre l\u00e0 du tout\u2026 se d\u00e9connecte de cette dynamite \u00bb, a d\u00e9clar\u00e9 un haut responsable du Likud \u00e0 Al-Monitor sous couvert d&#8217;anonymat. \u00abIl re\u00e7oit des avertissements non seulement du chef du Shin Bet, mais aussi du chef d&#8217;\u00e9tat-major de l&#8217;arm\u00e9e et du chef du renseignement militaire, mais il n&#8217;en fait rien. C&#8217;est comme s&#8217;il avait \u00e9t\u00e9 fait prisonnier par l&#8217;extr\u00eame droite. Le Netanyahu qu&#8217;Isra\u00ebl a connu pendant 15 ans avait l&#8217;habitude de se distancier autant qu&#8217;il le pouvait de ces flamb\u00e9es. \u00bb<\/p>\n\n\n\n<p>Interrog\u00e9 pour savoir si Netanyahu tentait de conduire Isra\u00ebl \u00e0 la guerre en dernier recours pour se sortir de ses probl\u00e8mes politiques, publics et personnels, un haut responsable du syst\u00e8me politique isra\u00e9lien a averti que Netanyahu se concentrait d\u00e9sormais uniquement sur sa survie politique.<\/p>\n\n\n\n<p>\u00abJe ne sais pas s&#8217;il veut la guerre, je sais qu&#8217;il conna\u00eet les risques et est indiff\u00e9rent \u00e0 la possibilit\u00e9 d&#8217;une flamb\u00e9e. C&#8217;est vrai non seulement de la Cisjordanie, mais aussi du front nord. L&#8217;original Netanyahu aurait fait tout son possible pour calmer ces fronts il y a longtemps. L&#8217;actuel Netanyahu ne fait rien et permet \u00e0 ses partenaires extr\u00e9mistes de continuer \u00e0 verser de l&#8217;essence sur toute l&#8217;ar\u00e8ne. Il ne manque plus qu&#8217;une allumette \u00bb, a d\u00e9clar\u00e9 le responsable \u00e0 Al- Moniteur sous condition d&#8217;anonymat.<\/p>\n\n\n\n<figure class=\"wp-block-embed\"><div class=\"wp-block-embed__wrapper\">\nhttps:\/\/www.al-monitor.com\/originals\/2023\/08\/israels-extremist-settlers-control-government-netanyahu-dismisses-warnings#ixzz89pelJTbc\n<\/div><\/figure>\n","protected":false},"excerpt":{"rendered":"<p>La mont\u00e9e de la violence des colons contre les Palestiniens de Cisjordanie refl\u00e8te les pouvoirs croissants des membres d&#8217;extr\u00eame droite de la Knesset au sein de la coalition Netanyahu.<\/p>\n","protected":false},"author":4,"featured_media":249418,"comment_status":"closed","ping_status":"closed","sticky":false,"template":"","format":"standard","meta":{"_acf_changed":false,"_et_pb_use_builder":"","_et_pb_old_content":"","_et_gb_content_width":"","footnotes":""},"categories":[94],"tags":[],"class_list":["post-249422","post","type-post","status-publish","format-standard","has-post-thumbnail","hentry","category-bulletin-fr"],"acf":[],"yoast_head":"<!-- This site is optimized with the Yoast SEO plugin v25.8 - https:\/\/yoast.com\/wordpress\/plugins\/seo\/ -->\n<title>Les colons extr\u00e9mistes isra\u00e9liens contr\u00f4lent le gouvernement alors que Netanyahu rejette les avertissements - PAJU<\/title>\n<meta name=\"description\" content=\"La mont\u00e9e de la violence des colons contre les Palestiniens de Cisjordanie refl\u00e8te les pouvoirs croissants des membres d&#039;extr\u00eame droite de la Knesset au sein de la coalition Netanyahu.\" \/>\n<meta name=\"robots\" content=\"index, follow, max-snippet:-1, max-image-preview:large, max-video-preview:-1\" \/>\n<link rel=\"canonical\" href=\"https:\/\/paju.org\/fr\/les-colons-extremistes-israeliens-controlent-le-gouvernement-alors-que-netanyahu-rejette-les-avertissements\/\" \/>\n<meta property=\"og:locale\" content=\"fr_FR\" \/>\n<meta property=\"og:type\" content=\"article\" \/>\n<meta property=\"og:title\" content=\"Les colons extr\u00e9mistes isra\u00e9liens contr\u00f4lent le gouvernement alors que Netanyahu rejette les avertissements - PAJU\" \/>\n<meta property=\"og:description\" content=\"La mont\u00e9e de la violence des colons contre les Palestiniens de Cisjordanie refl\u00e8te les pouvoirs croissants des membres d&#039;extr\u00eame droite de la Knesset au sein de la coalition Netanyahu.\" \/>\n<meta property=\"og:site_name\" content=\"PAJU\" \/>\n<meta property=\"article:publisher\" content=\"https:\/\/www.facebook.com\/pajumontreal\" \/>\n<meta property=\"article:published_time\" content=\"2023-08-11T20:32:59+00:00\" \/>\n<meta property=\"article:modified_time\" content=\"2023-08-11T20:42:05+00:00\" \/>\n<meta property=\"og:image\" content=\"https:\/\/paju.org\/wp-content\/uploads\/Smoke-billows-as-Israeli-soldiers-demolish-a-house-at-the-Asker-refugee-camp-near-Nablus-AAFAR-ASHTIYEH-AFP-via-Getty-Images.jpg\" \/>\n\t<meta property=\"og:image:width\" content=\"870\" \/>\n\t<meta property=\"og:image:height\" content=\"489\" \/>\n\t<meta property=\"og:image:type\" content=\"image\/jpeg\" \/>\n<meta name=\"author\" content=\"Bruce Katz\" \/>\n<meta name=\"twitter:card\" content=\"summary_large_image\" \/>\n<meta name=\"twitter:label1\" content=\"\u00c9crit par\" \/>\n\t<meta name=\"twitter:data1\" content=\"Bruce Katz\" \/>\n\t<meta name=\"twitter:label2\" content=\"Dur\u00e9e de lecture estim\u00e9e\" \/>\n\t<meta name=\"twitter:data2\" content=\"5 minutes\" \/>\n<script type=\"application\/ld+json\" class=\"yoast-schema-graph\">{\"@context\":\"https:\/\/schema.org\",\"@graph\":[{\"@type\":\"Article\",\"@id\":\"https:\/\/paju.org\/fr\/les-colons-extremistes-israeliens-controlent-le-gouvernement-alors-que-netanyahu-rejette-les-avertissements\/#article\",\"isPartOf\":{\"@id\":\"https:\/\/paju.org\/fr\/les-colons-extremistes-israeliens-controlent-le-gouvernement-alors-que-netanyahu-rejette-les-avertissements\/\"},\"author\":{\"name\":\"Bruce Katz\",\"@id\":\"https:\/\/paju.org\/fr\/#\/schema\/person\/6d8aed1579a1f4a97e1c552a5f2a891d\"},\"headline\":\"Les colons extr\u00e9mistes isra\u00e9liens contr\u00f4lent le gouvernement alors que Netanyahu rejette les avertissements\",\"datePublished\":\"2023-08-11T20:32:59+00:00\",\"dateModified\":\"2023-08-11T20:42:05+00:00\",\"mainEntityOfPage\":{\"@id\":\"https:\/\/paju.org\/fr\/les-colons-extremistes-israeliens-controlent-le-gouvernement-alors-que-netanyahu-rejette-les-avertissements\/\"},\"wordCount\":1205,\"publisher\":{\"@id\":\"https:\/\/paju.org\/fr\/#organization\"},\"image\":{\"@id\":\"https:\/\/paju.org\/fr\/les-colons-extremistes-israeliens-controlent-le-gouvernement-alors-que-netanyahu-rejette-les-avertissements\/#primaryimage\"},\"thumbnailUrl\":\"https:\/\/paju.org\/wp-content\/uploads\/Smoke-billows-as-Israeli-soldiers-demolish-a-house-at-the-Asker-refugee-camp-near-Nablus-AAFAR-ASHTIYEH-AFP-via-Getty-Images.jpg\",\"articleSection\":[\"Notre bulletin\"],\"inLanguage\":\"fr-FR\"},{\"@type\":\"WebPage\",\"@id\":\"https:\/\/paju.org\/fr\/les-colons-extremistes-israeliens-controlent-le-gouvernement-alors-que-netanyahu-rejette-les-avertissements\/\",\"url\":\"https:\/\/paju.org\/fr\/les-colons-extremistes-israeliens-controlent-le-gouvernement-alors-que-netanyahu-rejette-les-avertissements\/\",\"name\":\"Les colons extr\u00e9mistes isra\u00e9liens contr\u00f4lent le gouvernement alors que Netanyahu rejette les avertissements - PAJU\",\"isPartOf\":{\"@id\":\"https:\/\/paju.org\/fr\/#website\"},\"primaryImageOfPage\":{\"@id\":\"https:\/\/paju.org\/fr\/les-colons-extremistes-israeliens-controlent-le-gouvernement-alors-que-netanyahu-rejette-les-avertissements\/#primaryimage\"},\"image\":{\"@id\":\"https:\/\/paju.org\/fr\/les-colons-extremistes-israeliens-controlent-le-gouvernement-alors-que-netanyahu-rejette-les-avertissements\/#primaryimage\"},\"thumbnailUrl\":\"https:\/\/paju.org\/wp-content\/uploads\/Smoke-billows-as-Israeli-soldiers-demolish-a-house-at-the-Asker-refugee-camp-near-Nablus-AAFAR-ASHTIYEH-AFP-via-Getty-Images.jpg\",\"datePublished\":\"2023-08-11T20:32:59+00:00\",\"dateModified\":\"2023-08-11T20:42:05+00:00\",\"description\":\"La mont\u00e9e de la violence des colons contre les Palestiniens de Cisjordanie refl\u00e8te les pouvoirs croissants des membres d'extr\u00eame droite de la Knesset au sein de la coalition Netanyahu.\",\"breadcrumb\":{\"@id\":\"https:\/\/paju.org\/fr\/les-colons-extremistes-israeliens-controlent-le-gouvernement-alors-que-netanyahu-rejette-les-avertissements\/#breadcrumb\"},\"inLanguage\":\"fr-FR\",\"potentialAction\":[{\"@type\":\"ReadAction\",\"target\":[\"https:\/\/paju.org\/fr\/les-colons-extremistes-israeliens-controlent-le-gouvernement-alors-que-netanyahu-rejette-les-avertissements\/\"]}]},{\"@type\":\"ImageObject\",\"inLanguage\":\"fr-FR\",\"@id\":\"https:\/\/paju.org\/fr\/les-colons-extremistes-israeliens-controlent-le-gouvernement-alors-que-netanyahu-rejette-les-avertissements\/#primaryimage\",\"url\":\"https:\/\/paju.org\/wp-content\/uploads\/Smoke-billows-as-Israeli-soldiers-demolish-a-house-at-the-Asker-refugee-camp-near-Nablus-AAFAR-ASHTIYEH-AFP-via-Getty-Images.jpg\",\"contentUrl\":\"https:\/\/paju.org\/wp-content\/uploads\/Smoke-billows-as-Israeli-soldiers-demolish-a-house-at-the-Asker-refugee-camp-near-Nablus-AAFAR-ASHTIYEH-AFP-via-Getty-Images.jpg\",\"width\":870,\"height\":489,\"caption\":\"Smoke billows as Israeli soldiers demolish a house at the Asker camp for Palestinian refugees east of Nablus city in the occupied West Bank, early on August 8, 2023. The Israeli army demolished the house of Abdel Fatah Khroushah accused of an attack which killed two Israelis in the occupied West Bank at the end of February. (Photo by Jaafar ASHTIYEH \/ AFP) (Photo by JAAFAR ASHTIYEH\/AFP via Getty Images)\"},{\"@type\":\"BreadcrumbList\",\"@id\":\"https:\/\/paju.org\/fr\/les-colons-extremistes-israeliens-controlent-le-gouvernement-alors-que-netanyahu-rejette-les-avertissements\/#breadcrumb\",\"itemListElement\":[{\"@type\":\"ListItem\",\"position\":1,\"name\":\"Home\",\"item\":\"https:\/\/paju.org\/fr\/\"},{\"@type\":\"ListItem\",\"position\":2,\"name\":\"Les colons extr\u00e9mistes isra\u00e9liens contr\u00f4lent le gouvernement alors que Netanyahu rejette les avertissements\"}]},{\"@type\":\"WebSite\",\"@id\":\"https:\/\/paju.org\/fr\/#website\",\"url\":\"https:\/\/paju.org\/fr\/\",\"name\":\"PAJU\",\"description\":\"\",\"publisher\":{\"@id\":\"https:\/\/paju.org\/fr\/#organization\"},\"potentialAction\":[{\"@type\":\"SearchAction\",\"target\":{\"@type\":\"EntryPoint\",\"urlTemplate\":\"https:\/\/paju.org\/fr\/?s={search_term_string}\"},\"query-input\":{\"@type\":\"PropertyValueSpecification\",\"valueRequired\":true,\"valueName\":\"search_term_string\"}}],\"inLanguage\":\"fr-FR\"},{\"@type\":\"Organization\",\"@id\":\"https:\/\/paju.org\/fr\/#organization\",\"name\":\"Palestinian and Jewish Unity\",\"url\":\"https:\/\/paju.org\/fr\/\",\"logo\":{\"@type\":\"ImageObject\",\"inLanguage\":\"fr-FR\",\"@id\":\"https:\/\/paju.org\/fr\/#\/schema\/logo\/image\/\",\"url\":\"https:\/\/paju.org\/wp-content\/uploads\/PAJU-Logo.png\",\"contentUrl\":\"https:\/\/paju.org\/wp-content\/uploads\/PAJU-Logo.png\",\"width\":696,\"height\":293,\"caption\":\"Palestinian and Jewish Unity\"},\"image\":{\"@id\":\"https:\/\/paju.org\/fr\/#\/schema\/logo\/image\/\"},\"sameAs\":[\"https:\/\/www.facebook.com\/pajumontreal\",\"https:\/\/www.instagram.com\/pajumontreal\/\"]},{\"@type\":\"Person\",\"@id\":\"https:\/\/paju.org\/fr\/#\/schema\/person\/6d8aed1579a1f4a97e1c552a5f2a891d\",\"name\":\"Bruce Katz\",\"image\":{\"@type\":\"ImageObject\",\"inLanguage\":\"fr-FR\",\"@id\":\"https:\/\/paju.org\/fr\/#\/schema\/person\/image\/\",\"url\":\"https:\/\/secure.gravatar.com\/avatar\/4c65b2117dbb672d0bda009f0367a4721c9271f1f68b1747fb53d7333079d0f1?s=96&d=mm&r=g\",\"contentUrl\":\"https:\/\/secure.gravatar.com\/avatar\/4c65b2117dbb672d0bda009f0367a4721c9271f1f68b1747fb53d7333079d0f1?s=96&d=mm&r=g\",\"caption\":\"Bruce Katz\"},\"url\":\"https:\/\/paju.org\/fr\/author\/chadi\/\"}]}<\/script>\n<!-- \/ Yoast SEO plugin. -->","yoast_head_json":{"title":"Les colons extr\u00e9mistes isra\u00e9liens contr\u00f4lent le gouvernement alors que Netanyahu rejette les avertissements - PAJU","description":"La mont\u00e9e de la violence des colons contre les Palestiniens de Cisjordanie refl\u00e8te les pouvoirs croissants des membres d'extr\u00eame droite de la Knesset au sein de la coalition Netanyahu.","robots":{"index":"index","follow":"follow","max-snippet":"max-snippet:-1","max-image-preview":"max-image-preview:large","max-video-preview":"max-video-preview:-1"},"canonical":"https:\/\/paju.org\/fr\/les-colons-extremistes-israeliens-controlent-le-gouvernement-alors-que-netanyahu-rejette-les-avertissements\/","og_locale":"fr_FR","og_type":"article","og_title":"Les colons extr\u00e9mistes isra\u00e9liens contr\u00f4lent le gouvernement alors que Netanyahu rejette les avertissements - PAJU","og_description":"La mont\u00e9e de la violence des colons contre les Palestiniens de Cisjordanie refl\u00e8te les pouvoirs croissants des membres d'extr\u00eame droite de la Knesset au sein de la coalition Netanyahu.","og_site_name":"PAJU","article_publisher":"https:\/\/www.facebook.com\/pajumontreal","article_published_time":"2023-08-11T20:32:59+00:00","article_modified_time":"2023-08-11T20:42:05+00:00","og_image":[{"width":870,"height":489,"url":"https:\/\/paju.org\/wp-content\/uploads\/Smoke-billows-as-Israeli-soldiers-demolish-a-house-at-the-Asker-refugee-camp-near-Nablus-AAFAR-ASHTIYEH-AFP-via-Getty-Images.jpg","type":"image\/jpeg"}],"author":"Bruce Katz","twitter_card":"summary_large_image","twitter_misc":{"\u00c9crit par":"Bruce Katz","Dur\u00e9e de lecture estim\u00e9e":"5 minutes"},"schema":{"@context":"https:\/\/schema.org","@graph":[{"@type":"Article","@id":"https:\/\/paju.org\/fr\/les-colons-extremistes-israeliens-controlent-le-gouvernement-alors-que-netanyahu-rejette-les-avertissements\/#article","isPartOf":{"@id":"https:\/\/paju.org\/fr\/les-colons-extremistes-israeliens-controlent-le-gouvernement-alors-que-netanyahu-rejette-les-avertissements\/"},"author":{"name":"Bruce Katz","@id":"https:\/\/paju.org\/fr\/#\/schema\/person\/6d8aed1579a1f4a97e1c552a5f2a891d"},"headline":"Les colons extr\u00e9mistes isra\u00e9liens contr\u00f4lent le gouvernement alors que Netanyahu rejette les avertissements","datePublished":"2023-08-11T20:32:59+00:00","dateModified":"2023-08-11T20:42:05+00:00","mainEntityOfPage":{"@id":"https:\/\/paju.org\/fr\/les-colons-extremistes-israeliens-controlent-le-gouvernement-alors-que-netanyahu-rejette-les-avertissements\/"},"wordCount":1205,"publisher":{"@id":"https:\/\/paju.org\/fr\/#organization"},"image":{"@id":"https:\/\/paju.org\/fr\/les-colons-extremistes-israeliens-controlent-le-gouvernement-alors-que-netanyahu-rejette-les-avertissements\/#primaryimage"},"thumbnailUrl":"https:\/\/paju.org\/wp-content\/uploads\/Smoke-billows-as-Israeli-soldiers-demolish-a-house-at-the-Asker-refugee-camp-near-Nablus-AAFAR-ASHTIYEH-AFP-via-Getty-Images.jpg","articleSection":["Notre bulletin"],"inLanguage":"fr-FR"},{"@type":"WebPage","@id":"https:\/\/paju.org\/fr\/les-colons-extremistes-israeliens-controlent-le-gouvernement-alors-que-netanyahu-rejette-les-avertissements\/","url":"https:\/\/paju.org\/fr\/les-colons-extremistes-israeliens-controlent-le-gouvernement-alors-que-netanyahu-rejette-les-avertissements\/","name":"Les colons extr\u00e9mistes isra\u00e9liens contr\u00f4lent le gouvernement alors que Netanyahu rejette les avertissements - PAJU","isPartOf":{"@id":"https:\/\/paju.org\/fr\/#website"},"primaryImageOfPage":{"@id":"https:\/\/paju.org\/fr\/les-colons-extremistes-israeliens-controlent-le-gouvernement-alors-que-netanyahu-rejette-les-avertissements\/#primaryimage"},"image":{"@id":"https:\/\/paju.org\/fr\/les-colons-extremistes-israeliens-controlent-le-gouvernement-alors-que-netanyahu-rejette-les-avertissements\/#primaryimage"},"thumbnailUrl":"https:\/\/paju.org\/wp-content\/uploads\/Smoke-billows-as-Israeli-soldiers-demolish-a-house-at-the-Asker-refugee-camp-near-Nablus-AAFAR-ASHTIYEH-AFP-via-Getty-Images.jpg","datePublished":"2023-08-11T20:32:59+00:00","dateModified":"2023-08-11T20:42:05+00:00","description":"La mont\u00e9e de la violence des colons contre les Palestiniens de Cisjordanie refl\u00e8te les pouvoirs croissants des membres d'extr\u00eame droite de la Knesset au sein de la coalition Netanyahu.","breadcrumb":{"@id":"https:\/\/paju.org\/fr\/les-colons-extremistes-israeliens-controlent-le-gouvernement-alors-que-netanyahu-rejette-les-avertissements\/#breadcrumb"},"inLanguage":"fr-FR","potentialAction":[{"@type":"ReadAction","target":["https:\/\/paju.org\/fr\/les-colons-extremistes-israeliens-controlent-le-gouvernement-alors-que-netanyahu-rejette-les-avertissements\/"]}]},{"@type":"ImageObject","inLanguage":"fr-FR","@id":"https:\/\/paju.org\/fr\/les-colons-extremistes-israeliens-controlent-le-gouvernement-alors-que-netanyahu-rejette-les-avertissements\/#primaryimage","url":"https:\/\/paju.org\/wp-content\/uploads\/Smoke-billows-as-Israeli-soldiers-demolish-a-house-at-the-Asker-refugee-camp-near-Nablus-AAFAR-ASHTIYEH-AFP-via-Getty-Images.jpg","contentUrl":"https:\/\/paju.org\/wp-content\/uploads\/Smoke-billows-as-Israeli-soldiers-demolish-a-house-at-the-Asker-refugee-camp-near-Nablus-AAFAR-ASHTIYEH-AFP-via-Getty-Images.jpg","width":870,"height":489,"caption":"Smoke billows as Israeli soldiers demolish a house at the Asker camp for Palestinian refugees east of Nablus city in the occupied West Bank, early on August 8, 2023. The Israeli army demolished the house of Abdel Fatah Khroushah accused of an attack which killed two Israelis in the occupied West Bank at the end of February. (Photo by Jaafar ASHTIYEH \/ AFP) (Photo by JAAFAR ASHTIYEH\/AFP via Getty Images)"},{"@type":"BreadcrumbList","@id":"https:\/\/paju.org\/fr\/les-colons-extremistes-israeliens-controlent-le-gouvernement-alors-que-netanyahu-rejette-les-avertissements\/#breadcrumb","itemListElement":[{"@type":"ListItem","position":1,"name":"Home","item":"https:\/\/paju.org\/fr\/"},{"@type":"ListItem","position":2,"name":"Les colons extr\u00e9mistes isra\u00e9liens contr\u00f4lent le gouvernement alors que Netanyahu rejette les avertissements"}]},{"@type":"WebSite","@id":"https:\/\/paju.org\/fr\/#website","url":"https:\/\/paju.org\/fr\/","name":"PAJU","description":"","publisher":{"@id":"https:\/\/paju.org\/fr\/#organization"},"potentialAction":[{"@type":"SearchAction","target":{"@type":"EntryPoint","urlTemplate":"https:\/\/paju.org\/fr\/?s={search_term_string}"},"query-input":{"@type":"PropertyValueSpecification","valueRequired":true,"valueName":"search_term_string"}}],"inLanguage":"fr-FR"},{"@type":"Organization","@id":"https:\/\/paju.org\/fr\/#organization","name":"Palestinian and Jewish Unity","url":"https:\/\/paju.org\/fr\/","logo":{"@type":"ImageObject","inLanguage":"fr-FR","@id":"https:\/\/paju.org\/fr\/#\/schema\/logo\/image\/","url":"https:\/\/paju.org\/wp-content\/uploads\/PAJU-Logo.png","contentUrl":"https:\/\/paju.org\/wp-content\/uploads\/PAJU-Logo.png","width":696,"height":293,"caption":"Palestinian and Jewish Unity"},"image":{"@id":"https:\/\/paju.org\/fr\/#\/schema\/logo\/image\/"},"sameAs":["https:\/\/www.facebook.com\/pajumontreal","https:\/\/www.instagram.com\/pajumontreal\/"]},{"@type":"Person","@id":"https:\/\/paju.org\/fr\/#\/schema\/person\/6d8aed1579a1f4a97e1c552a5f2a891d","name":"Bruce Katz","image":{"@type":"ImageObject","inLanguage":"fr-FR","@id":"https:\/\/paju.org\/fr\/#\/schema\/person\/image\/","url":"https:\/\/secure.gravatar.com\/avatar\/4c65b2117dbb672d0bda009f0367a4721c9271f1f68b1747fb53d7333079d0f1?s=96&d=mm&r=g","contentUrl":"https:\/\/secure.gravatar.com\/avatar\/4c65b2117dbb672d0bda009f0367a4721c9271f1f68b1747fb53d7333079d0f1?s=96&d=mm&r=g","caption":"Bruce Katz"},"url":"https:\/\/paju.org\/fr\/author\/chadi\/"}]}},"_links":{"self":[{"href":"https:\/\/paju.org\/fr\/wp-json\/wp\/v2\/posts\/249422","targetHints":{"allow":["GET"]}}],"collection":[{"href":"https:\/\/paju.org\/fr\/wp-json\/wp\/v2\/posts"}],"about":[{"href":"https:\/\/paju.org\/fr\/wp-json\/wp\/v2\/types\/post"}],"author":[{"embeddable":true,"href":"https:\/\/paju.org\/fr\/wp-json\/wp\/v2\/users\/4"}],"replies":[{"embeddable":true,"href":"https:\/\/paju.org\/fr\/wp-json\/wp\/v2\/comments?post=249422"}],"version-history":[{"count":2,"href":"https:\/\/paju.org\/fr\/wp-json\/wp\/v2\/posts\/249422\/revisions"}],"predecessor-version":[{"id":249425,"href":"https:\/\/paju.org\/fr\/wp-json\/wp\/v2\/posts\/249422\/revisions\/249425"}],"wp:featuredmedia":[{"embeddable":true,"href":"https:\/\/paju.org\/fr\/wp-json\/wp\/v2\/media\/249418"}],"wp:attachment":[{"href":"https:\/\/paju.org\/fr\/wp-json\/wp\/v2\/media?parent=249422"}],"wp:term":[{"taxonomy":"category","embeddable":true,"href":"https:\/\/paju.org\/fr\/wp-json\/wp\/v2\/categories?post=249422"},{"taxonomy":"post_tag","embeddable":true,"href":"https:\/\/paju.org\/fr\/wp-json\/wp\/v2\/tags?post=249422"}],"curies":[{"name":"wp","href":"https:\/\/api.w.org\/{rel}","templated":true}]}}