{"id":249384,"date":"2023-08-03T15:40:31","date_gmt":"2023-08-03T19:40:31","guid":{"rendered":"https:\/\/paju.org\/?p=249384"},"modified":"2023-08-03T15:41:36","modified_gmt":"2023-08-03T19:41:36","slug":"moroccan-sentenced-to-five-years-in-prison-for-criticizing-israel-normalization-on-social-media","status":"publish","type":"post","link":"https:\/\/paju.org\/fr\/moroccan-sentenced-to-five-years-in-prison-for-criticizing-israel-normalization-on-social-media\/","title":{"rendered":"Moroccan sentenced to five years in prison for criticizing Israel normalization on social media"},"content":{"rendered":"\n<p> <strong>AUG 3, 2023<\/strong><\/p>\n\n\n\n<p><em>Said Boukioud, 48, made a series of Facebook posts dating back to late 2020 criticizing the Moroccan monarchy for normalizing ties with Israel<\/em><\/p>\n\n\n\n<p><\/p>\n\n\n\n<p>A Moroccan citizen was sentenced to five years in prison over Facebook posts criticizing the Moroccan monarchy for its normalization of ties with Israel on Monday, 31 July,&nbsp;<a href=\"https:\/\/www.theguardian.com\/world\/2023\/aug\/03\/moroccan-man-jailed-for-five-years-for-criticising-king-in-facebook-posts\">reported<\/a>&nbsp;<em>The Guardian.<\/em><\/p>\n\n\n\n<p>\u201c48-year-old Said Boukioud&nbsp;was found guilty of posting on Facebook, denouncing the normalization of the occupation in a manner that could be seen as criticizing the King,\u201d his lawyer El Hassan Essouni told AFP, adding that he has appealed Boukioud&#8217;s verdict.<\/p>\n\n\n\n<p>Essouni described the sentence as \u201charsh and incomprehensible,\u201d arguing that his client&#8217;s opposition to Moroccan ties with Israel was not meant in offense toward the King. He added that his client immediately took action to delete the posts labeled as \u201coffensive\u201d and disable his account when he was informed of the charges against him.<\/p>\n\n\n\n<p>During an extended stay in Qatar dating back to late 2020, Boukioud made his infamous series of Facebook posts criticizing the country&#8217;s normalization efforts with Israel. The charges were levied against him even though he was not residing in Morocco at the time the posts were published online.<\/p>\n\n\n\n<p>Morocco&#8217;s constitution states that foreign affairs fall under the King&#8217;s purview, and its penal code&nbsp;prohibits \u201coffending the Muslim religion or the monarchy or inciting violation of the Kingdom\u2019s territorial integrity.\u201d<\/p>\n\n\n\n<p>The sentencing was based on Article 267-5 of the penal code, which stipulates imprisonment ranging from six months to two years for criticizing the monarchy. However, the sentence can be increased to five years if the offense is committed publicly, including online.<\/p>\n\n\n\n<p>This comes as other Arab countries neighboring Morocco are working to enforce criminal offenses against any efforts to normalize relations with Israel, such as Algeria and Tunisia.&nbsp;<\/p>\n\n\n\n<p>On 1 August, Tunisia&nbsp;<a href=\"https:\/\/new.thecradle.co\/articles\/tunisia-considers-law-to-criminalize-normalization-with-israel\">announced<\/a>&nbsp;that it is studying a law that would officially criminalize normalization with Israel, while in May, Algeria fully declared that&nbsp;any attempt at establishing relations with Israel, traveling to Israel, or getting in contact with Israeli officials was a crime.<\/p>\n\n\n\n<p>Normalization with Israel is a hot point of debate within Moroccan society, with a lot of its citizens considering their country to have betrayed the Palestinian cause with this recent political move.<\/p>\n\n\n\n<p>In December 2020, then-US President Donald Trump&nbsp;<a href=\"https:\/\/trumpwhitehouse.archives.gov\/presidential-actions\/proclamation-recognizing-sovereignty-kingdom-morocco-western-sahara\/\">agreed to recognize<\/a>&nbsp;the territory of Western Sahara as part of Moroccan territory in exchange for normalizing relations with Israel.<\/p>\n\n\n\n<p>\u201cThe United States affirms, as stated by previous Administrations, its support for Morocco\u2019s autonomy proposal as the only basis for a just and lasting solution to the dispute over the Western Sahara territory.\u201d according to the proclamation published on the matter by the US National Archive.<\/p>\n\n\n\n<p><a href=\"https:\/\/new.thecradle.co\/articles\/moroccan-sentenced-to-five-years-in-prison-for-criticizing-israel-normalization-on-social-media\">Moroccan sentenced to five years in prison for criticizing Israel normalization on social media (thecradle.co)<\/a><\/p>\n","protected":false},"excerpt":{"rendered":"<p>A Moroccan citizen was sentenced to five years in prison over Facebook posts criticizing the Moroccan monarchy for its normalization of ties with Israel on Monday, 31 July,\u00a0reported\u00a0The Guardian.<\/p>\n<p>\u201c48-year-old Said Boukioud\u00a0was found guilty of posting on Facebook, denouncing the normalization of the occupation in a manner that could be seen as criticizing the King,\u201d his lawyer El Hassan Essouni told AFP, adding that he has appealed Boukioud&#8217;s verdict.<\/p>\n","protected":false},"author":4,"featured_media":249386,"comment_status":"closed","ping_status":"closed","sticky":false,"template":"","format":"standard","meta":{"_acf_changed":false,"_et_pb_use_builder":"","_et_pb_old_content":"","_et_gb_content_width":"","footnotes":""},"categories":[95],"tags":[],"class_list":["post-249384","post","type-post","status-publish","format-standard","has-post-thumbnail","hentry","category-articles-en"],"acf":[],"yoast_head":"<!-- This site is optimized with the Yoast SEO plugin v25.8 - https:\/\/yoast.com\/wordpress\/plugins\/seo\/ -->\n<title>Moroccan sentenced to five years in prison for criticizing Israel normalization on social media - PAJU<\/title>\n<meta name=\"description\" content=\"A Moroccan citizen was sentenced to five years in prison over Facebook posts criticizing the Moroccan monarchy for its normalization of ties with Israel on Monday, 31 July,\u00a0reported\u00a0The Guardian.\" \/>\n<meta name=\"robots\" content=\"index, follow, max-snippet:-1, max-image-preview:large, max-video-preview:-1\" \/>\n<link rel=\"canonical\" href=\"https:\/\/paju.org\/fr\/moroccan-sentenced-to-five-years-in-prison-for-criticizing-israel-normalization-on-social-media\/\" \/>\n<meta property=\"og:locale\" content=\"fr_FR\" \/>\n<meta property=\"og:type\" content=\"article\" \/>\n<meta property=\"og:title\" content=\"Moroccan sentenced to five years in prison for criticizing Israel normalization on social media - PAJU\" \/>\n<meta property=\"og:description\" content=\"A Moroccan citizen was sentenced to five years in prison over Facebook posts criticizing the Moroccan monarchy for its normalization of ties with Israel on Monday, 31 July,\u00a0reported\u00a0The Guardian.\" \/>\n<meta property=\"og:site_name\" content=\"PAJU\" \/>\n<meta property=\"article:publisher\" content=\"https:\/\/www.facebook.com\/pajumontreal\" \/>\n<meta property=\"article:published_time\" content=\"2023-08-03T19:40:31+00:00\" \/>\n<meta property=\"article:modified_time\" content=\"2023-08-03T19:41:36+00:00\" \/>\n<meta property=\"og:image\" content=\"https:\/\/paju.org\/wp-content\/uploads\/Moroccos-King-Mohammed-VI.-A-Moroccan-man-has-been-jailed-for-denouncing-Moroccan-Israeli-ties-in-Facebook-posts-deemed-to-be-criticising-the-monarch.-Photograph-MAPAFP-Getty-Images.webp\" \/>\n\t<meta property=\"og:image:width\" content=\"620\" \/>\n\t<meta property=\"og:image:height\" content=\"372\" \/>\n\t<meta property=\"og:image:type\" content=\"image\/webp\" \/>\n<meta name=\"author\" content=\"Bruce Katz\" \/>\n<meta name=\"twitter:card\" content=\"summary_large_image\" \/>\n<meta name=\"twitter:label1\" content=\"\u00c9crit par\" \/>\n\t<meta name=\"twitter:data1\" content=\"Bruce Katz\" \/>\n\t<meta name=\"twitter:label2\" content=\"Dur\u00e9e de lecture estim\u00e9e\" \/>\n\t<meta name=\"twitter:data2\" content=\"3 minutes\" \/>\n<script type=\"application\/ld+json\" class=\"yoast-schema-graph\">{\"@context\":\"https:\/\/schema.org\",\"@graph\":[{\"@type\":\"Article\",\"@id\":\"https:\/\/paju.org\/fr\/moroccan-sentenced-to-five-years-in-prison-for-criticizing-israel-normalization-on-social-media\/#article\",\"isPartOf\":{\"@id\":\"https:\/\/paju.org\/fr\/moroccan-sentenced-to-five-years-in-prison-for-criticizing-israel-normalization-on-social-media\/\"},\"author\":{\"name\":\"Bruce Katz\",\"@id\":\"https:\/\/paju.org\/fr\/#\/schema\/person\/6d8aed1579a1f4a97e1c552a5f2a891d\"},\"headline\":\"Moroccan sentenced to five years in prison for criticizing Israel normalization on social media\",\"datePublished\":\"2023-08-03T19:40:31+00:00\",\"dateModified\":\"2023-08-03T19:41:36+00:00\",\"mainEntityOfPage\":{\"@id\":\"https:\/\/paju.org\/fr\/moroccan-sentenced-to-five-years-in-prison-for-criticizing-israel-normalization-on-social-media\/\"},\"wordCount\":489,\"publisher\":{\"@id\":\"https:\/\/paju.org\/fr\/#organization\"},\"image\":{\"@id\":\"https:\/\/paju.org\/fr\/moroccan-sentenced-to-five-years-in-prison-for-criticizing-israel-normalization-on-social-media\/#primaryimage\"},\"thumbnailUrl\":\"https:\/\/paju.org\/wp-content\/uploads\/Moroccos-King-Mohammed-VI.-A-Moroccan-man-has-been-jailed-for-denouncing-Moroccan-Israeli-ties-in-Facebook-posts-deemed-to-be-criticising-the-monarch.-Photograph-MAPAFP-Getty-Images.webp\",\"articleSection\":[\"Features\"],\"inLanguage\":\"fr-FR\"},{\"@type\":\"WebPage\",\"@id\":\"https:\/\/paju.org\/fr\/moroccan-sentenced-to-five-years-in-prison-for-criticizing-israel-normalization-on-social-media\/\",\"url\":\"https:\/\/paju.org\/fr\/moroccan-sentenced-to-five-years-in-prison-for-criticizing-israel-normalization-on-social-media\/\",\"name\":\"Moroccan sentenced to five years in prison for criticizing Israel normalization on social media - PAJU\",\"isPartOf\":{\"@id\":\"https:\/\/paju.org\/fr\/#website\"},\"primaryImageOfPage\":{\"@id\":\"https:\/\/paju.org\/fr\/moroccan-sentenced-to-five-years-in-prison-for-criticizing-israel-normalization-on-social-media\/#primaryimage\"},\"image\":{\"@id\":\"https:\/\/paju.org\/fr\/moroccan-sentenced-to-five-years-in-prison-for-criticizing-israel-normalization-on-social-media\/#primaryimage\"},\"thumbnailUrl\":\"https:\/\/paju.org\/wp-content\/uploads\/Moroccos-King-Mohammed-VI.-A-Moroccan-man-has-been-jailed-for-denouncing-Moroccan-Israeli-ties-in-Facebook-posts-deemed-to-be-criticising-the-monarch.-Photograph-MAPAFP-Getty-Images.webp\",\"datePublished\":\"2023-08-03T19:40:31+00:00\",\"dateModified\":\"2023-08-03T19:41:36+00:00\",\"description\":\"A Moroccan citizen was sentenced to five years in prison over Facebook posts criticizing the Moroccan monarchy for its normalization of ties with Israel on Monday, 31 July,\u00a0reported\u00a0The Guardian.\",\"breadcrumb\":{\"@id\":\"https:\/\/paju.org\/fr\/moroccan-sentenced-to-five-years-in-prison-for-criticizing-israel-normalization-on-social-media\/#breadcrumb\"},\"inLanguage\":\"fr-FR\",\"potentialAction\":[{\"@type\":\"ReadAction\",\"target\":[\"https:\/\/paju.org\/fr\/moroccan-sentenced-to-five-years-in-prison-for-criticizing-israel-normalization-on-social-media\/\"]}]},{\"@type\":\"ImageObject\",\"inLanguage\":\"fr-FR\",\"@id\":\"https:\/\/paju.org\/fr\/moroccan-sentenced-to-five-years-in-prison-for-criticizing-israel-normalization-on-social-media\/#primaryimage\",\"url\":\"https:\/\/paju.org\/wp-content\/uploads\/Moroccos-King-Mohammed-VI.-A-Moroccan-man-has-been-jailed-for-denouncing-Moroccan-Israeli-ties-in-Facebook-posts-deemed-to-be-criticising-the-monarch.-Photograph-MAPAFP-Getty-Images.webp\",\"contentUrl\":\"https:\/\/paju.org\/wp-content\/uploads\/Moroccos-King-Mohammed-VI.-A-Moroccan-man-has-been-jailed-for-denouncing-Moroccan-Israeli-ties-in-Facebook-posts-deemed-to-be-criticising-the-monarch.-Photograph-MAPAFP-Getty-Images.webp\",\"width\":620,\"height\":372},{\"@type\":\"BreadcrumbList\",\"@id\":\"https:\/\/paju.org\/fr\/moroccan-sentenced-to-five-years-in-prison-for-criticizing-israel-normalization-on-social-media\/#breadcrumb\",\"itemListElement\":[{\"@type\":\"ListItem\",\"position\":1,\"name\":\"Home\",\"item\":\"https:\/\/paju.org\/fr\/\"},{\"@type\":\"ListItem\",\"position\":2,\"name\":\"Moroccan sentenced to five years in prison for criticizing Israel normalization on social media\"}]},{\"@type\":\"WebSite\",\"@id\":\"https:\/\/paju.org\/fr\/#website\",\"url\":\"https:\/\/paju.org\/fr\/\",\"name\":\"PAJU\",\"description\":\"\",\"publisher\":{\"@id\":\"https:\/\/paju.org\/fr\/#organization\"},\"potentialAction\":[{\"@type\":\"SearchAction\",\"target\":{\"@type\":\"EntryPoint\",\"urlTemplate\":\"https:\/\/paju.org\/fr\/?s={search_term_string}\"},\"query-input\":{\"@type\":\"PropertyValueSpecification\",\"valueRequired\":true,\"valueName\":\"search_term_string\"}}],\"inLanguage\":\"fr-FR\"},{\"@type\":\"Organization\",\"@id\":\"https:\/\/paju.org\/fr\/#organization\",\"name\":\"Palestinian and Jewish Unity\",\"url\":\"https:\/\/paju.org\/fr\/\",\"logo\":{\"@type\":\"ImageObject\",\"inLanguage\":\"fr-FR\",\"@id\":\"https:\/\/paju.org\/fr\/#\/schema\/logo\/image\/\",\"url\":\"https:\/\/paju.org\/wp-content\/uploads\/PAJU-Logo.png\",\"contentUrl\":\"https:\/\/paju.org\/wp-content\/uploads\/PAJU-Logo.png\",\"width\":696,\"height\":293,\"caption\":\"Palestinian and Jewish Unity\"},\"image\":{\"@id\":\"https:\/\/paju.org\/fr\/#\/schema\/logo\/image\/\"},\"sameAs\":[\"https:\/\/www.facebook.com\/pajumontreal\",\"https:\/\/www.instagram.com\/pajumontreal\/\"]},{\"@type\":\"Person\",\"@id\":\"https:\/\/paju.org\/fr\/#\/schema\/person\/6d8aed1579a1f4a97e1c552a5f2a891d\",\"name\":\"Bruce Katz\",\"image\":{\"@type\":\"ImageObject\",\"inLanguage\":\"fr-FR\",\"@id\":\"https:\/\/paju.org\/fr\/#\/schema\/person\/image\/\",\"url\":\"https:\/\/secure.gravatar.com\/avatar\/4c65b2117dbb672d0bda009f0367a4721c9271f1f68b1747fb53d7333079d0f1?s=96&d=mm&r=g\",\"contentUrl\":\"https:\/\/secure.gravatar.com\/avatar\/4c65b2117dbb672d0bda009f0367a4721c9271f1f68b1747fb53d7333079d0f1?s=96&d=mm&r=g\",\"caption\":\"Bruce Katz\"},\"url\":\"https:\/\/paju.org\/fr\/author\/chadi\/\"}]}<\/script>\n<!-- \/ Yoast SEO plugin. -->","yoast_head_json":{"title":"Moroccan sentenced to five years in prison for criticizing Israel normalization on social media - PAJU","description":"A Moroccan citizen was sentenced to five years in prison over Facebook posts criticizing the Moroccan monarchy for its normalization of ties with Israel on Monday, 31 July,\u00a0reported\u00a0The Guardian.","robots":{"index":"index","follow":"follow","max-snippet":"max-snippet:-1","max-image-preview":"max-image-preview:large","max-video-preview":"max-video-preview:-1"},"canonical":"https:\/\/paju.org\/fr\/moroccan-sentenced-to-five-years-in-prison-for-criticizing-israel-normalization-on-social-media\/","og_locale":"fr_FR","og_type":"article","og_title":"Moroccan sentenced to five years in prison for criticizing Israel normalization on social media - PAJU","og_description":"A Moroccan citizen was sentenced to five years in prison over Facebook posts criticizing the Moroccan monarchy for its normalization of ties with Israel on Monday, 31 July,\u00a0reported\u00a0The Guardian.","og_site_name":"PAJU","article_publisher":"https:\/\/www.facebook.com\/pajumontreal","article_published_time":"2023-08-03T19:40:31+00:00","article_modified_time":"2023-08-03T19:41:36+00:00","og_image":[{"width":620,"height":372,"url":"https:\/\/paju.org\/wp-content\/uploads\/Moroccos-King-Mohammed-VI.-A-Moroccan-man-has-been-jailed-for-denouncing-Moroccan-Israeli-ties-in-Facebook-posts-deemed-to-be-criticising-the-monarch.-Photograph-MAPAFP-Getty-Images.webp","type":"image\/webp"}],"author":"Bruce Katz","twitter_card":"summary_large_image","twitter_misc":{"\u00c9crit par":"Bruce Katz","Dur\u00e9e de lecture estim\u00e9e":"3 minutes"},"schema":{"@context":"https:\/\/schema.org","@graph":[{"@type":"Article","@id":"https:\/\/paju.org\/fr\/moroccan-sentenced-to-five-years-in-prison-for-criticizing-israel-normalization-on-social-media\/#article","isPartOf":{"@id":"https:\/\/paju.org\/fr\/moroccan-sentenced-to-five-years-in-prison-for-criticizing-israel-normalization-on-social-media\/"},"author":{"name":"Bruce Katz","@id":"https:\/\/paju.org\/fr\/#\/schema\/person\/6d8aed1579a1f4a97e1c552a5f2a891d"},"headline":"Moroccan sentenced to five years in prison for criticizing Israel normalization on social media","datePublished":"2023-08-03T19:40:31+00:00","dateModified":"2023-08-03T19:41:36+00:00","mainEntityOfPage":{"@id":"https:\/\/paju.org\/fr\/moroccan-sentenced-to-five-years-in-prison-for-criticizing-israel-normalization-on-social-media\/"},"wordCount":489,"publisher":{"@id":"https:\/\/paju.org\/fr\/#organization"},"image":{"@id":"https:\/\/paju.org\/fr\/moroccan-sentenced-to-five-years-in-prison-for-criticizing-israel-normalization-on-social-media\/#primaryimage"},"thumbnailUrl":"https:\/\/paju.org\/wp-content\/uploads\/Moroccos-King-Mohammed-VI.-A-Moroccan-man-has-been-jailed-for-denouncing-Moroccan-Israeli-ties-in-Facebook-posts-deemed-to-be-criticising-the-monarch.-Photograph-MAPAFP-Getty-Images.webp","articleSection":["Features"],"inLanguage":"fr-FR"},{"@type":"WebPage","@id":"https:\/\/paju.org\/fr\/moroccan-sentenced-to-five-years-in-prison-for-criticizing-israel-normalization-on-social-media\/","url":"https:\/\/paju.org\/fr\/moroccan-sentenced-to-five-years-in-prison-for-criticizing-israel-normalization-on-social-media\/","name":"Moroccan sentenced to five years in prison for criticizing Israel normalization on social media - PAJU","isPartOf":{"@id":"https:\/\/paju.org\/fr\/#website"},"primaryImageOfPage":{"@id":"https:\/\/paju.org\/fr\/moroccan-sentenced-to-five-years-in-prison-for-criticizing-israel-normalization-on-social-media\/#primaryimage"},"image":{"@id":"https:\/\/paju.org\/fr\/moroccan-sentenced-to-five-years-in-prison-for-criticizing-israel-normalization-on-social-media\/#primaryimage"},"thumbnailUrl":"https:\/\/paju.org\/wp-content\/uploads\/Moroccos-King-Mohammed-VI.-A-Moroccan-man-has-been-jailed-for-denouncing-Moroccan-Israeli-ties-in-Facebook-posts-deemed-to-be-criticising-the-monarch.-Photograph-MAPAFP-Getty-Images.webp","datePublished":"2023-08-03T19:40:31+00:00","dateModified":"2023-08-03T19:41:36+00:00","description":"A Moroccan citizen was sentenced to five years in prison over Facebook posts criticizing the Moroccan monarchy for its normalization of ties with Israel on Monday, 31 July,\u00a0reported\u00a0The Guardian.","breadcrumb":{"@id":"https:\/\/paju.org\/fr\/moroccan-sentenced-to-five-years-in-prison-for-criticizing-israel-normalization-on-social-media\/#breadcrumb"},"inLanguage":"fr-FR","potentialAction":[{"@type":"ReadAction","target":["https:\/\/paju.org\/fr\/moroccan-sentenced-to-five-years-in-prison-for-criticizing-israel-normalization-on-social-media\/"]}]},{"@type":"ImageObject","inLanguage":"fr-FR","@id":"https:\/\/paju.org\/fr\/moroccan-sentenced-to-five-years-in-prison-for-criticizing-israel-normalization-on-social-media\/#primaryimage","url":"https:\/\/paju.org\/wp-content\/uploads\/Moroccos-King-Mohammed-VI.-A-Moroccan-man-has-been-jailed-for-denouncing-Moroccan-Israeli-ties-in-Facebook-posts-deemed-to-be-criticising-the-monarch.-Photograph-MAPAFP-Getty-Images.webp","contentUrl":"https:\/\/paju.org\/wp-content\/uploads\/Moroccos-King-Mohammed-VI.-A-Moroccan-man-has-been-jailed-for-denouncing-Moroccan-Israeli-ties-in-Facebook-posts-deemed-to-be-criticising-the-monarch.-Photograph-MAPAFP-Getty-Images.webp","width":620,"height":372},{"@type":"BreadcrumbList","@id":"https:\/\/paju.org\/fr\/moroccan-sentenced-to-five-years-in-prison-for-criticizing-israel-normalization-on-social-media\/#breadcrumb","itemListElement":[{"@type":"ListItem","position":1,"name":"Home","item":"https:\/\/paju.org\/fr\/"},{"@type":"ListItem","position":2,"name":"Moroccan sentenced to five years in prison for criticizing Israel normalization on social media"}]},{"@type":"WebSite","@id":"https:\/\/paju.org\/fr\/#website","url":"https:\/\/paju.org\/fr\/","name":"PAJU","description":"","publisher":{"@id":"https:\/\/paju.org\/fr\/#organization"},"potentialAction":[{"@type":"SearchAction","target":{"@type":"EntryPoint","urlTemplate":"https:\/\/paju.org\/fr\/?s={search_term_string}"},"query-input":{"@type":"PropertyValueSpecification","valueRequired":true,"valueName":"search_term_string"}}],"inLanguage":"fr-FR"},{"@type":"Organization","@id":"https:\/\/paju.org\/fr\/#organization","name":"Palestinian and Jewish Unity","url":"https:\/\/paju.org\/fr\/","logo":{"@type":"ImageObject","inLanguage":"fr-FR","@id":"https:\/\/paju.org\/fr\/#\/schema\/logo\/image\/","url":"https:\/\/paju.org\/wp-content\/uploads\/PAJU-Logo.png","contentUrl":"https:\/\/paju.org\/wp-content\/uploads\/PAJU-Logo.png","width":696,"height":293,"caption":"Palestinian and Jewish Unity"},"image":{"@id":"https:\/\/paju.org\/fr\/#\/schema\/logo\/image\/"},"sameAs":["https:\/\/www.facebook.com\/pajumontreal","https:\/\/www.instagram.com\/pajumontreal\/"]},{"@type":"Person","@id":"https:\/\/paju.org\/fr\/#\/schema\/person\/6d8aed1579a1f4a97e1c552a5f2a891d","name":"Bruce Katz","image":{"@type":"ImageObject","inLanguage":"fr-FR","@id":"https:\/\/paju.org\/fr\/#\/schema\/person\/image\/","url":"https:\/\/secure.gravatar.com\/avatar\/4c65b2117dbb672d0bda009f0367a4721c9271f1f68b1747fb53d7333079d0f1?s=96&d=mm&r=g","contentUrl":"https:\/\/secure.gravatar.com\/avatar\/4c65b2117dbb672d0bda009f0367a4721c9271f1f68b1747fb53d7333079d0f1?s=96&d=mm&r=g","caption":"Bruce Katz"},"url":"https:\/\/paju.org\/fr\/author\/chadi\/"}]}},"_links":{"self":[{"href":"https:\/\/paju.org\/fr\/wp-json\/wp\/v2\/posts\/249384","targetHints":{"allow":["GET"]}}],"collection":[{"href":"https:\/\/paju.org\/fr\/wp-json\/wp\/v2\/posts"}],"about":[{"href":"https:\/\/paju.org\/fr\/wp-json\/wp\/v2\/types\/post"}],"author":[{"embeddable":true,"href":"https:\/\/paju.org\/fr\/wp-json\/wp\/v2\/users\/4"}],"replies":[{"embeddable":true,"href":"https:\/\/paju.org\/fr\/wp-json\/wp\/v2\/comments?post=249384"}],"version-history":[{"count":1,"href":"https:\/\/paju.org\/fr\/wp-json\/wp\/v2\/posts\/249384\/revisions"}],"predecessor-version":[{"id":249388,"href":"https:\/\/paju.org\/fr\/wp-json\/wp\/v2\/posts\/249384\/revisions\/249388"}],"wp:featuredmedia":[{"embeddable":true,"href":"https:\/\/paju.org\/fr\/wp-json\/wp\/v2\/media\/249386"}],"wp:attachment":[{"href":"https:\/\/paju.org\/fr\/wp-json\/wp\/v2\/media?parent=249384"}],"wp:term":[{"taxonomy":"category","embeddable":true,"href":"https:\/\/paju.org\/fr\/wp-json\/wp\/v2\/categories?post=249384"},{"taxonomy":"post_tag","embeddable":true,"href":"https:\/\/paju.org\/fr\/wp-json\/wp\/v2\/tags?post=249384"}],"curies":[{"name":"wp","href":"https:\/\/api.w.org\/{rel}","templated":true}]}}