{"id":249221,"date":"2023-07-20T16:36:28","date_gmt":"2023-07-20T20:36:28","guid":{"rendered":"https:\/\/paju.org\/?p=249221"},"modified":"2023-07-20T16:45:17","modified_gmt":"2023-07-20T20:45:17","slug":"les-troupes-de-lap-arretent-un-journaliste-palestinien-pour-avoir-critique-les-arrestations-politiques","status":"publish","type":"post","link":"https:\/\/paju.org\/fr\/les-troupes-de-lap-arretent-un-journaliste-palestinien-pour-avoir-critique-les-arrestations-politiques\/","title":{"rendered":"Les troupes de l&#8217;AP arr\u00eatent un journaliste palestinien pour avoir critiqu\u00e9 les arrestations politiques"},"content":{"rendered":"\n<p><\/p>\n\n\n\n<p>The Cradle News Desk<\/p>\n\n\n\n<p>14 juillet 2023<\/p>\n\n\n\n<p><\/p>\n\n\n\n<p><em>Aqil Awawdeh a \u00e9t\u00e9 enlev\u00e9 de son lieu de travail quelques heures apr\u00e8s avoir fermement r\u00e9fut\u00e9 les affirmations des responsables de l&#8217;Autorit\u00e9 palestinienne affirmant qu&#8217;il n&#8217;y avait &#8220;aucune arrestation politique&#8221; en Cisjordanie<\/em><\/p>\n\n\n\n<p><\/p>\n\n\n\n<p>Les forces de l&#8217;Autorit\u00e9 palestinienne (AP) ont arr\u00eat\u00e9 le journaliste Aqil Awawdeh le 13 juillet apr\u00e8s qu&#8217;il ait r\u00e9fut\u00e9 une d\u00e9claration de responsables de l&#8217;AP affirmant qu&#8217;il n&#8217;y avait pas d&#8217;arrestations politiques en Cisjordanie occup\u00e9e.<\/p>\n\n\n\n<p>&#8220;Il n&#8217;y a aucun cas d&#8217;arrestation sur la base de l&#8217;affiliation politique en Cisjordanie, et tout ce qui circule sur son existence, ce sont des rumeurs sans fondement&#8221;, indique le communiqu\u00e9 de l&#8217;AP publi\u00e9 jeudi.<\/p>\n\n\n\n<p>Quelques instants plus tard, Awawdeh s&#8217;est adress\u00e9 aux m\u00e9dias sociaux pour r\u00e9futer cette affirmation, soulignant que des \u00e9tudiants et des journalistes sont r\u00e9guli\u00e8rement arr\u00eat\u00e9s pour avoir soutenu la r\u00e9sistance.<\/p>\n\n\n\n<p>&#8220;Par la vie de Dieu, si nous mangeons du fourrage ou de l&#8217;orge, notre esprit sera plus respect\u00e9 que cela&#8221;, d\u00e9clare Awawdeh dans sa vid\u00e9o.<\/p>\n\n\n\n<p><strong>\u062a\u0639\u0644\u064a\u0642<\/strong><strong> \u0627\u0644\u0635\u062d\u0641\u064a<\/strong><strong> \u0639\u0642\u064a\u0644<\/strong><strong> \u0639\u0648\u0627\u0648\u062f\u0629<\/strong><strong> \u0627\u0644\u0630\u064a<\/strong><strong> \u0627\u0639\u062a\u0642\u0644\u062a\u0647<\/strong><strong> \u0623\u062c\u0647\u0632\u0629<\/strong><strong> \u0623\u0645\u0646<\/strong><strong> \u0627\u0644\u0633\u0644\u0637\u0629<\/strong><strong> \u0642\u0628\u0644<\/strong><strong> \u0642\u0644\u064a\u0644\u060c<\/strong><strong> \u0639\u0644\u0649<\/strong><strong> \u062a\u0635\u0631\u064a\u062d<\/strong><strong> \u0627\u0644\u0646\u0627\u0637\u0642<\/strong><strong> \u0628\u0627\u0633\u0645<\/strong><strong> \u0627\u0644\u0623\u062c\u0647\u0632\u0629<\/strong><strong> \u0627\u0644\u0623\u0645\u0646\u064a\u0629<\/strong><strong> \u0648\u0627\u0644\u0630\u064a<\/strong><strong> \u0632\u0639\u0645<\/strong><strong> \u0641\u064a\u0647<\/strong><strong> \u0628\u0623\u0646\u0647<\/strong><strong> \u0644\u0627<\/strong><strong> \u064a\u0648\u062c\u062f<\/strong><strong> \u0627\u0639\u062a\u0642\u0627\u0644<\/strong><strong> \u0633\u064a\u0627\u0633\u064a<\/strong><strong> \u0641\u064a<\/strong><strong> \u0627\u0644\u0636\u0641\u0629<\/strong><strong>.&nbsp;<a href=\"https:\/\/t.co\/yoObUsWIgN\">pic.twitter.com\/yoObUsWIgN<\/a><\/strong><strong><\/strong><\/p>\n\n\n\n<p><strong>\u2014 \u0627\u0644\u0645\u0631\u0643\u0632<\/strong><strong> \u0627\u0644\u0641\u0644\u0633\u0637\u064a\u0646\u064a<\/strong><strong> \u0644\u0644\u0625\u0639\u0644\u0627\u0645<\/strong><strong> (@PalinfoAr)&nbsp;<a href=\"https:\/\/twitter.com\/PalinfoAr\/status\/1679510486067322880?ref_src=twsrc%5Etfw\">July 13, 2023<\/a><\/strong><strong><\/strong><\/p>\n\n\n\n<p>Quelques heures apr\u00e8s avoir publi\u00e9 cette vid\u00e9o, les troupes de l&#8217;Autorit\u00e9 Palestinienne ont emmen\u00e9 Awawdeh de son lieu de travail \u00e0 Ramallah sous l&#8217;inculpation &#8220;d&#8217;insulte aux services de s\u00e9curit\u00e9 et aux dirigeants du Fatah&#8221;. Les autorit\u00e9s n&#8217;ont pas encore publi\u00e9 de d\u00e9claration sur son arrestation.<\/p>\n\n\n\n<p>Au moins 54 prisonniers politiques sont actuellement d\u00e9tenus dans les prisons de l&#8217;AP, alors que l&#8217;AP remet r\u00e9guli\u00e8rement des d\u00e9tenus directement \u00e0 l&#8217;arm\u00e9e isra\u00e9lienne, a rapport\u00e9 Resistance News Network via Telegram.<\/p>\n\n\n\n<p>Il y a deux ans, Awawdeh a \u00e9t\u00e9 rou\u00e9 de coups dans un poste de police apr\u00e8s avoir couvert une manifestation contre l&#8217;AP.<\/p>\n\n\n\n<p>Alors que le <a href=\"https:\/\/new.thecradle.co\/articles\/pa-president-makes-first-jenin-visit-in-over-a-decade\">m\u00e9contentement<\/a> \u00e0 l&#8217;\u00e9gard du r\u00e9gime de l&#8217;AP en Cisjordanie occup\u00e9e continue de cro\u00eetre de fa\u00e7on exponentielle, les responsables ont maintenu leur emprise sur le pouvoir en <a href=\"https:\/\/www.middleeasteye.net\/news\/palestine-west-bank-authority-losing-control-insiders-activists\">faisant taire violemment<\/a> la dissidence et en <a href=\"https:\/\/www.amnesty.org\/en\/latest\/news\/2021\/07\/palestinian-security-forces-escalate-brutal-campaign-of-repression-2\/\">\u00e9crasant<\/a> les mobilisations populaires.<\/p>\n\n\n\n<p>En juin 2021, l&#8217;activiste palestinien <a href=\"https:\/\/new.thecradle.co\/articles\/palestinian-authority-releases-officers-accused-of-killing-nizar-banat-on-bail\">Nizar Banat<\/a> a \u00e9t\u00e9 battu \u00e0 mort par les troupes de l&#8217;AP pour avoir accus\u00e9 l&#8217;AP de corruption et critiqu\u00e9 la coop\u00e9ration s\u00e9curitaire de Ramallah avec l&#8217;arm\u00e9e isra\u00e9lienne. En d\u00e9cembre dernier, la famille de Banat a port\u00e9 l&#8217;affaire devant la Cour p\u00e9nale internationale (CPI), accusant l&#8217;Autorit\u00e9 palestinienne de crimes de guerre et de torture pr\u00e9sum\u00e9s.<\/p>\n\n\n\n<p>Le mois dernier, les tactiques r\u00e9pressives de l&#8217;Autorit\u00e9 palestinienne ont une fois de plus fait la une des journaux apr\u00e8s l&#8217;arrestation violente du leader \u00e9tudiant <a href=\"https:\/\/www.middleeasteye.net\/news\/palestine-student-leader-detained-after-election-success\">Abdul Majeed Hassan<\/a> \u00e0 son domicile de Ramallah.<\/p>\n\n\n\n<p>\u00ab De la sc\u00e8ne de l&#8217;arrestation, nous avons pens\u00e9 que les ravisseurs \u00e9taient des unit\u00e9s d&#8217;infiltration isra\u00e9liennes puisqu&#8217;ils ont arr\u00eat\u00e9 de nombreux \u00e9tudiants universitaires de cette mani\u00e8re brutale.<\/p>\n\n\n\n<p>Battre, tra\u00eener, se d\u00e9shabiller et crier \u00e9taient tous des moyens d&#8217;arrestation isra\u00e9liens, mais malheureusement, ils ont \u00e9t\u00e9 imit\u00e9s par les services de s\u00e9curit\u00e9 palestiniens contre Abdul Majeed \u00bb, a d\u00e9clar\u00e9 Ibrahim Bani Odeh \u00e0 Middle East Eye (MEE) \u00e0 propos de l&#8217;arrestation d&#8217;Hassan.<\/p>\n\n\n\n<p><a href=\"https:\/\/new.thecradle.co\/articles\/pa-troops-arrest-palestinian-journalist-for-criticizing-political-arrests\">PA troops arrest Palestinian journalist for criticizing political arrests (thecradle.co)<\/a><\/p>\n\n\n\n<p><strong>Voir aussi:<\/strong><\/p>\n\n\n\n<ul class=\"wp-block-list\">\n<li><a href=\"https:\/\/paju.org\/fr\/lautorite-palestinienne-fait-le-travail-pour-nous-netanyahu\/\">\u00abL&#8217;Autorit\u00e9 palestinienne fait le travail pour nous\u00bb : Netanyahu &#8211; PAJU<\/a><\/li>\n\n\n\n<li><a href=\"https:\/\/paju.org\/fr\/pa-president-heads-to-jenin-with-hundreds-of-troops-in-tow\/\">PA president heads to Jenin with hundreds of troops in tow &#8211; PAJU<\/a><\/li>\n\n\n\n<li><a href=\"https:\/\/www.jpost.com\/middle-east\/article-750458\">Palestinian Authority issues warning to gunmen amid rising tension &#8211; The Jerusalem Post (jpost.com)<\/a><\/li>\n<\/ul>\n","protected":false},"excerpt":{"rendered":"<p>Les forces de l&#8217;Autorit\u00e9 palestinienne (AP) ont arr\u00eat\u00e9 le journaliste Aqil Awawdeh le 13 juillet apr\u00e8s qu&#8217;il ait r\u00e9fut\u00e9 une d\u00e9claration de responsables de l&#8217;AP affirmant qu&#8217;il n&#8217;y avait pas d&#8217;arrestations politiques en Cisjordanie occup\u00e9e.<\/p>\n","protected":false},"author":4,"featured_media":249218,"comment_status":"closed","ping_status":"closed","sticky":false,"template":"","format":"standard","meta":{"_acf_changed":false,"_et_pb_use_builder":"","_et_pb_old_content":"","_et_gb_content_width":"","footnotes":""},"categories":[94],"tags":[],"class_list":["post-249221","post","type-post","status-publish","format-standard","has-post-thumbnail","hentry","category-bulletin-fr"],"acf":[],"yoast_head":"<!-- This site is optimized with the Yoast SEO plugin v25.8 - https:\/\/yoast.com\/wordpress\/plugins\/seo\/ -->\n<title>Les troupes de l&#039;AP arr\u00eatent un journaliste palestinien pour avoir critiqu\u00e9 les arrestations politiques - PAJU<\/title>\n<meta name=\"description\" content=\"Aqil Awawdeh a \u00e9t\u00e9 enlev\u00e9 de son lieu de travail quelques heures apr\u00e8s avoir fermement r\u00e9fut\u00e9 les affirmations des responsables de l&#039;Autorit\u00e9 palestinienne affirmant qu&#039;il n&#039;y avait &quot;aucune arrestation politique&quot; en Cisjordanie\" \/>\n<meta name=\"robots\" content=\"index, follow, max-snippet:-1, max-image-preview:large, max-video-preview:-1\" \/>\n<link rel=\"canonical\" href=\"https:\/\/paju.org\/fr\/les-troupes-de-lap-arretent-un-journaliste-palestinien-pour-avoir-critique-les-arrestations-politiques\/\" \/>\n<meta property=\"og:locale\" content=\"fr_FR\" \/>\n<meta property=\"og:type\" content=\"article\" \/>\n<meta property=\"og:title\" content=\"Les troupes de l&#039;AP arr\u00eatent un journaliste palestinien pour avoir critiqu\u00e9 les arrestations politiques - PAJU\" \/>\n<meta property=\"og:description\" content=\"Aqil Awawdeh a \u00e9t\u00e9 enlev\u00e9 de son lieu de travail quelques heures apr\u00e8s avoir fermement r\u00e9fut\u00e9 les affirmations des responsables de l&#039;Autorit\u00e9 palestinienne affirmant qu&#039;il n&#039;y avait &quot;aucune arrestation politique&quot; en Cisjordanie\" \/>\n<meta property=\"og:site_name\" content=\"PAJU\" \/>\n<meta property=\"article:publisher\" content=\"https:\/\/www.facebook.com\/pajumontreal\" \/>\n<meta property=\"article:published_time\" content=\"2023-07-20T20:36:28+00:00\" \/>\n<meta property=\"article:modified_time\" content=\"2023-07-20T20:45:17+00:00\" \/>\n<meta property=\"og:image\" content=\"https:\/\/paju.org\/wp-content\/uploads\/Times-of-Israel.jpg\" \/>\n\t<meta property=\"og:image:width\" content=\"316\" \/>\n\t<meta property=\"og:image:height\" content=\"197\" \/>\n\t<meta property=\"og:image:type\" content=\"image\/jpeg\" \/>\n<meta name=\"author\" content=\"Bruce Katz\" \/>\n<meta name=\"twitter:card\" content=\"summary_large_image\" \/>\n<meta name=\"twitter:label1\" content=\"\u00c9crit par\" \/>\n\t<meta name=\"twitter:data1\" content=\"Bruce Katz\" \/>\n\t<meta name=\"twitter:label2\" content=\"Dur\u00e9e de lecture estim\u00e9e\" \/>\n\t<meta name=\"twitter:data2\" content=\"3 minutes\" \/>\n<script type=\"application\/ld+json\" class=\"yoast-schema-graph\">{\"@context\":\"https:\/\/schema.org\",\"@graph\":[{\"@type\":\"Article\",\"@id\":\"https:\/\/paju.org\/fr\/les-troupes-de-lap-arretent-un-journaliste-palestinien-pour-avoir-critique-les-arrestations-politiques\/#article\",\"isPartOf\":{\"@id\":\"https:\/\/paju.org\/fr\/les-troupes-de-lap-arretent-un-journaliste-palestinien-pour-avoir-critique-les-arrestations-politiques\/\"},\"author\":{\"name\":\"Bruce Katz\",\"@id\":\"https:\/\/paju.org\/fr\/#\/schema\/person\/6d8aed1579a1f4a97e1c552a5f2a891d\"},\"headline\":\"Les troupes de l&#8217;AP arr\u00eatent un journaliste palestinien pour avoir critiqu\u00e9 les arrestations politiques\",\"datePublished\":\"2023-07-20T20:36:28+00:00\",\"dateModified\":\"2023-07-20T20:45:17+00:00\",\"mainEntityOfPage\":{\"@id\":\"https:\/\/paju.org\/fr\/les-troupes-de-lap-arretent-un-journaliste-palestinien-pour-avoir-critique-les-arrestations-politiques\/\"},\"wordCount\":621,\"publisher\":{\"@id\":\"https:\/\/paju.org\/fr\/#organization\"},\"image\":{\"@id\":\"https:\/\/paju.org\/fr\/les-troupes-de-lap-arretent-un-journaliste-palestinien-pour-avoir-critique-les-arrestations-politiques\/#primaryimage\"},\"thumbnailUrl\":\"https:\/\/paju.org\/wp-content\/uploads\/Times-of-Israel.jpg\",\"articleSection\":[\"Notre bulletin\"],\"inLanguage\":\"fr-FR\"},{\"@type\":\"WebPage\",\"@id\":\"https:\/\/paju.org\/fr\/les-troupes-de-lap-arretent-un-journaliste-palestinien-pour-avoir-critique-les-arrestations-politiques\/\",\"url\":\"https:\/\/paju.org\/fr\/les-troupes-de-lap-arretent-un-journaliste-palestinien-pour-avoir-critique-les-arrestations-politiques\/\",\"name\":\"Les troupes de l'AP arr\u00eatent un journaliste palestinien pour avoir critiqu\u00e9 les arrestations politiques - PAJU\",\"isPartOf\":{\"@id\":\"https:\/\/paju.org\/fr\/#website\"},\"primaryImageOfPage\":{\"@id\":\"https:\/\/paju.org\/fr\/les-troupes-de-lap-arretent-un-journaliste-palestinien-pour-avoir-critique-les-arrestations-politiques\/#primaryimage\"},\"image\":{\"@id\":\"https:\/\/paju.org\/fr\/les-troupes-de-lap-arretent-un-journaliste-palestinien-pour-avoir-critique-les-arrestations-politiques\/#primaryimage\"},\"thumbnailUrl\":\"https:\/\/paju.org\/wp-content\/uploads\/Times-of-Israel.jpg\",\"datePublished\":\"2023-07-20T20:36:28+00:00\",\"dateModified\":\"2023-07-20T20:45:17+00:00\",\"description\":\"Aqil Awawdeh a \u00e9t\u00e9 enlev\u00e9 de son lieu de travail quelques heures apr\u00e8s avoir fermement r\u00e9fut\u00e9 les affirmations des responsables de l'Autorit\u00e9 palestinienne affirmant qu'il n'y avait \\\"aucune arrestation politique\\\" en Cisjordanie\",\"breadcrumb\":{\"@id\":\"https:\/\/paju.org\/fr\/les-troupes-de-lap-arretent-un-journaliste-palestinien-pour-avoir-critique-les-arrestations-politiques\/#breadcrumb\"},\"inLanguage\":\"fr-FR\",\"potentialAction\":[{\"@type\":\"ReadAction\",\"target\":[\"https:\/\/paju.org\/fr\/les-troupes-de-lap-arretent-un-journaliste-palestinien-pour-avoir-critique-les-arrestations-politiques\/\"]}]},{\"@type\":\"ImageObject\",\"inLanguage\":\"fr-FR\",\"@id\":\"https:\/\/paju.org\/fr\/les-troupes-de-lap-arretent-un-journaliste-palestinien-pour-avoir-critique-les-arrestations-politiques\/#primaryimage\",\"url\":\"https:\/\/paju.org\/wp-content\/uploads\/Times-of-Israel.jpg\",\"contentUrl\":\"https:\/\/paju.org\/wp-content\/uploads\/Times-of-Israel.jpg\",\"width\":316,\"height\":197},{\"@type\":\"BreadcrumbList\",\"@id\":\"https:\/\/paju.org\/fr\/les-troupes-de-lap-arretent-un-journaliste-palestinien-pour-avoir-critique-les-arrestations-politiques\/#breadcrumb\",\"itemListElement\":[{\"@type\":\"ListItem\",\"position\":1,\"name\":\"Home\",\"item\":\"https:\/\/paju.org\/fr\/\"},{\"@type\":\"ListItem\",\"position\":2,\"name\":\"Les troupes de l&#8217;AP arr\u00eatent un journaliste palestinien pour avoir critiqu\u00e9 les arrestations politiques\"}]},{\"@type\":\"WebSite\",\"@id\":\"https:\/\/paju.org\/fr\/#website\",\"url\":\"https:\/\/paju.org\/fr\/\",\"name\":\"PAJU\",\"description\":\"\",\"publisher\":{\"@id\":\"https:\/\/paju.org\/fr\/#organization\"},\"potentialAction\":[{\"@type\":\"SearchAction\",\"target\":{\"@type\":\"EntryPoint\",\"urlTemplate\":\"https:\/\/paju.org\/fr\/?s={search_term_string}\"},\"query-input\":{\"@type\":\"PropertyValueSpecification\",\"valueRequired\":true,\"valueName\":\"search_term_string\"}}],\"inLanguage\":\"fr-FR\"},{\"@type\":\"Organization\",\"@id\":\"https:\/\/paju.org\/fr\/#organization\",\"name\":\"Palestinian and Jewish Unity\",\"url\":\"https:\/\/paju.org\/fr\/\",\"logo\":{\"@type\":\"ImageObject\",\"inLanguage\":\"fr-FR\",\"@id\":\"https:\/\/paju.org\/fr\/#\/schema\/logo\/image\/\",\"url\":\"https:\/\/paju.org\/wp-content\/uploads\/PAJU-Logo.png\",\"contentUrl\":\"https:\/\/paju.org\/wp-content\/uploads\/PAJU-Logo.png\",\"width\":696,\"height\":293,\"caption\":\"Palestinian and Jewish Unity\"},\"image\":{\"@id\":\"https:\/\/paju.org\/fr\/#\/schema\/logo\/image\/\"},\"sameAs\":[\"https:\/\/www.facebook.com\/pajumontreal\",\"https:\/\/www.instagram.com\/pajumontreal\/\"]},{\"@type\":\"Person\",\"@id\":\"https:\/\/paju.org\/fr\/#\/schema\/person\/6d8aed1579a1f4a97e1c552a5f2a891d\",\"name\":\"Bruce Katz\",\"image\":{\"@type\":\"ImageObject\",\"inLanguage\":\"fr-FR\",\"@id\":\"https:\/\/paju.org\/fr\/#\/schema\/person\/image\/\",\"url\":\"https:\/\/secure.gravatar.com\/avatar\/4c65b2117dbb672d0bda009f0367a4721c9271f1f68b1747fb53d7333079d0f1?s=96&d=mm&r=g\",\"contentUrl\":\"https:\/\/secure.gravatar.com\/avatar\/4c65b2117dbb672d0bda009f0367a4721c9271f1f68b1747fb53d7333079d0f1?s=96&d=mm&r=g\",\"caption\":\"Bruce Katz\"},\"url\":\"https:\/\/paju.org\/fr\/author\/chadi\/\"}]}<\/script>\n<!-- \/ Yoast SEO plugin. -->","yoast_head_json":{"title":"Les troupes de l'AP arr\u00eatent un journaliste palestinien pour avoir critiqu\u00e9 les arrestations politiques - PAJU","description":"Aqil Awawdeh a \u00e9t\u00e9 enlev\u00e9 de son lieu de travail quelques heures apr\u00e8s avoir fermement r\u00e9fut\u00e9 les affirmations des responsables de l'Autorit\u00e9 palestinienne affirmant qu'il n'y avait \"aucune arrestation politique\" en Cisjordanie","robots":{"index":"index","follow":"follow","max-snippet":"max-snippet:-1","max-image-preview":"max-image-preview:large","max-video-preview":"max-video-preview:-1"},"canonical":"https:\/\/paju.org\/fr\/les-troupes-de-lap-arretent-un-journaliste-palestinien-pour-avoir-critique-les-arrestations-politiques\/","og_locale":"fr_FR","og_type":"article","og_title":"Les troupes de l'AP arr\u00eatent un journaliste palestinien pour avoir critiqu\u00e9 les arrestations politiques - PAJU","og_description":"Aqil Awawdeh a \u00e9t\u00e9 enlev\u00e9 de son lieu de travail quelques heures apr\u00e8s avoir fermement r\u00e9fut\u00e9 les affirmations des responsables de l'Autorit\u00e9 palestinienne affirmant qu'il n'y avait \"aucune arrestation politique\" en Cisjordanie","og_site_name":"PAJU","article_publisher":"https:\/\/www.facebook.com\/pajumontreal","article_published_time":"2023-07-20T20:36:28+00:00","article_modified_time":"2023-07-20T20:45:17+00:00","og_image":[{"width":316,"height":197,"url":"https:\/\/paju.org\/wp-content\/uploads\/Times-of-Israel.jpg","type":"image\/jpeg"}],"author":"Bruce Katz","twitter_card":"summary_large_image","twitter_misc":{"\u00c9crit par":"Bruce Katz","Dur\u00e9e de lecture estim\u00e9e":"3 minutes"},"schema":{"@context":"https:\/\/schema.org","@graph":[{"@type":"Article","@id":"https:\/\/paju.org\/fr\/les-troupes-de-lap-arretent-un-journaliste-palestinien-pour-avoir-critique-les-arrestations-politiques\/#article","isPartOf":{"@id":"https:\/\/paju.org\/fr\/les-troupes-de-lap-arretent-un-journaliste-palestinien-pour-avoir-critique-les-arrestations-politiques\/"},"author":{"name":"Bruce Katz","@id":"https:\/\/paju.org\/fr\/#\/schema\/person\/6d8aed1579a1f4a97e1c552a5f2a891d"},"headline":"Les troupes de l&#8217;AP arr\u00eatent un journaliste palestinien pour avoir critiqu\u00e9 les arrestations politiques","datePublished":"2023-07-20T20:36:28+00:00","dateModified":"2023-07-20T20:45:17+00:00","mainEntityOfPage":{"@id":"https:\/\/paju.org\/fr\/les-troupes-de-lap-arretent-un-journaliste-palestinien-pour-avoir-critique-les-arrestations-politiques\/"},"wordCount":621,"publisher":{"@id":"https:\/\/paju.org\/fr\/#organization"},"image":{"@id":"https:\/\/paju.org\/fr\/les-troupes-de-lap-arretent-un-journaliste-palestinien-pour-avoir-critique-les-arrestations-politiques\/#primaryimage"},"thumbnailUrl":"https:\/\/paju.org\/wp-content\/uploads\/Times-of-Israel.jpg","articleSection":["Notre bulletin"],"inLanguage":"fr-FR"},{"@type":"WebPage","@id":"https:\/\/paju.org\/fr\/les-troupes-de-lap-arretent-un-journaliste-palestinien-pour-avoir-critique-les-arrestations-politiques\/","url":"https:\/\/paju.org\/fr\/les-troupes-de-lap-arretent-un-journaliste-palestinien-pour-avoir-critique-les-arrestations-politiques\/","name":"Les troupes de l'AP arr\u00eatent un journaliste palestinien pour avoir critiqu\u00e9 les arrestations politiques - PAJU","isPartOf":{"@id":"https:\/\/paju.org\/fr\/#website"},"primaryImageOfPage":{"@id":"https:\/\/paju.org\/fr\/les-troupes-de-lap-arretent-un-journaliste-palestinien-pour-avoir-critique-les-arrestations-politiques\/#primaryimage"},"image":{"@id":"https:\/\/paju.org\/fr\/les-troupes-de-lap-arretent-un-journaliste-palestinien-pour-avoir-critique-les-arrestations-politiques\/#primaryimage"},"thumbnailUrl":"https:\/\/paju.org\/wp-content\/uploads\/Times-of-Israel.jpg","datePublished":"2023-07-20T20:36:28+00:00","dateModified":"2023-07-20T20:45:17+00:00","description":"Aqil Awawdeh a \u00e9t\u00e9 enlev\u00e9 de son lieu de travail quelques heures apr\u00e8s avoir fermement r\u00e9fut\u00e9 les affirmations des responsables de l'Autorit\u00e9 palestinienne affirmant qu'il n'y avait \"aucune arrestation politique\" en Cisjordanie","breadcrumb":{"@id":"https:\/\/paju.org\/fr\/les-troupes-de-lap-arretent-un-journaliste-palestinien-pour-avoir-critique-les-arrestations-politiques\/#breadcrumb"},"inLanguage":"fr-FR","potentialAction":[{"@type":"ReadAction","target":["https:\/\/paju.org\/fr\/les-troupes-de-lap-arretent-un-journaliste-palestinien-pour-avoir-critique-les-arrestations-politiques\/"]}]},{"@type":"ImageObject","inLanguage":"fr-FR","@id":"https:\/\/paju.org\/fr\/les-troupes-de-lap-arretent-un-journaliste-palestinien-pour-avoir-critique-les-arrestations-politiques\/#primaryimage","url":"https:\/\/paju.org\/wp-content\/uploads\/Times-of-Israel.jpg","contentUrl":"https:\/\/paju.org\/wp-content\/uploads\/Times-of-Israel.jpg","width":316,"height":197},{"@type":"BreadcrumbList","@id":"https:\/\/paju.org\/fr\/les-troupes-de-lap-arretent-un-journaliste-palestinien-pour-avoir-critique-les-arrestations-politiques\/#breadcrumb","itemListElement":[{"@type":"ListItem","position":1,"name":"Home","item":"https:\/\/paju.org\/fr\/"},{"@type":"ListItem","position":2,"name":"Les troupes de l&#8217;AP arr\u00eatent un journaliste palestinien pour avoir critiqu\u00e9 les arrestations politiques"}]},{"@type":"WebSite","@id":"https:\/\/paju.org\/fr\/#website","url":"https:\/\/paju.org\/fr\/","name":"PAJU","description":"","publisher":{"@id":"https:\/\/paju.org\/fr\/#organization"},"potentialAction":[{"@type":"SearchAction","target":{"@type":"EntryPoint","urlTemplate":"https:\/\/paju.org\/fr\/?s={search_term_string}"},"query-input":{"@type":"PropertyValueSpecification","valueRequired":true,"valueName":"search_term_string"}}],"inLanguage":"fr-FR"},{"@type":"Organization","@id":"https:\/\/paju.org\/fr\/#organization","name":"Palestinian and Jewish Unity","url":"https:\/\/paju.org\/fr\/","logo":{"@type":"ImageObject","inLanguage":"fr-FR","@id":"https:\/\/paju.org\/fr\/#\/schema\/logo\/image\/","url":"https:\/\/paju.org\/wp-content\/uploads\/PAJU-Logo.png","contentUrl":"https:\/\/paju.org\/wp-content\/uploads\/PAJU-Logo.png","width":696,"height":293,"caption":"Palestinian and Jewish Unity"},"image":{"@id":"https:\/\/paju.org\/fr\/#\/schema\/logo\/image\/"},"sameAs":["https:\/\/www.facebook.com\/pajumontreal","https:\/\/www.instagram.com\/pajumontreal\/"]},{"@type":"Person","@id":"https:\/\/paju.org\/fr\/#\/schema\/person\/6d8aed1579a1f4a97e1c552a5f2a891d","name":"Bruce Katz","image":{"@type":"ImageObject","inLanguage":"fr-FR","@id":"https:\/\/paju.org\/fr\/#\/schema\/person\/image\/","url":"https:\/\/secure.gravatar.com\/avatar\/4c65b2117dbb672d0bda009f0367a4721c9271f1f68b1747fb53d7333079d0f1?s=96&d=mm&r=g","contentUrl":"https:\/\/secure.gravatar.com\/avatar\/4c65b2117dbb672d0bda009f0367a4721c9271f1f68b1747fb53d7333079d0f1?s=96&d=mm&r=g","caption":"Bruce Katz"},"url":"https:\/\/paju.org\/fr\/author\/chadi\/"}]}},"_links":{"self":[{"href":"https:\/\/paju.org\/fr\/wp-json\/wp\/v2\/posts\/249221","targetHints":{"allow":["GET"]}}],"collection":[{"href":"https:\/\/paju.org\/fr\/wp-json\/wp\/v2\/posts"}],"about":[{"href":"https:\/\/paju.org\/fr\/wp-json\/wp\/v2\/types\/post"}],"author":[{"embeddable":true,"href":"https:\/\/paju.org\/fr\/wp-json\/wp\/v2\/users\/4"}],"replies":[{"embeddable":true,"href":"https:\/\/paju.org\/fr\/wp-json\/wp\/v2\/comments?post=249221"}],"version-history":[{"count":2,"href":"https:\/\/paju.org\/fr\/wp-json\/wp\/v2\/posts\/249221\/revisions"}],"predecessor-version":[{"id":249224,"href":"https:\/\/paju.org\/fr\/wp-json\/wp\/v2\/posts\/249221\/revisions\/249224"}],"wp:featuredmedia":[{"embeddable":true,"href":"https:\/\/paju.org\/fr\/wp-json\/wp\/v2\/media\/249218"}],"wp:attachment":[{"href":"https:\/\/paju.org\/fr\/wp-json\/wp\/v2\/media?parent=249221"}],"wp:term":[{"taxonomy":"category","embeddable":true,"href":"https:\/\/paju.org\/fr\/wp-json\/wp\/v2\/categories?post=249221"},{"taxonomy":"post_tag","embeddable":true,"href":"https:\/\/paju.org\/fr\/wp-json\/wp\/v2\/tags?post=249221"}],"curies":[{"name":"wp","href":"https:\/\/api.w.org\/{rel}","templated":true}]}}