{"id":248928,"date":"2023-07-08T16:22:50","date_gmt":"2023-07-08T20:22:50","guid":{"rendered":"https:\/\/paju.org\/?p=248928"},"modified":"2023-07-08T16:29:34","modified_gmt":"2023-07-08T20:29:34","slug":"israel-ben-gvir-appelle-a-lassassinat-de-milliers-de-palestiniens","status":"publish","type":"post","link":"https:\/\/paju.org\/fr\/israel-ben-gvir-appelle-a-lassassinat-de-milliers-de-palestiniens\/","title":{"rendered":"Isra\u00ebl: Ben-Gvir appelle \u00e0 l&#8217;assassinat de \u00abmilliers \u00bb de Palestiniens"},"content":{"rendered":"\n<p><strong>Le ministre isra\u00e9lien d&#8217;extr\u00eame droite Itamar Ben-Gvir a appel\u00e9 son cabinet \u00e0 lancer une vaste offensive militaire en Cisjordanie occup\u00e9e, encourageant les forces du r\u00e9gime \u00e0 assassiner \u00ab<\/strong><strong> <\/strong><strong>des centaines, ou si n\u00e9cessaire, des milliers \u00bb de Palestiniens.<\/strong><\/p>\n\n\n\n<p>Ben-Gvir a fait ces remarques lors d&#8217;une visite \u00e0 l&#8217;avant-poste ill\u00e9gal d&#8217;Evyatar vendredi, selon les m\u00e9dias en h\u00e9breu.<\/p>\n\n\n\n<p>Le ministre belliciste a en outre r\u00e9it\u00e9r\u00e9 son plein soutien aux colons isra\u00e9liens et a appel\u00e9 \u00e0 la construction de nouvelles colonies en Cisjordanie.<\/p>\n\n\n\n<p><strong>\u00ab<\/strong><strong> <\/strong>Ici, il devrait y avoir une colonie compl\u00e8te, pas seulement ici, mais dans toutes les collines qui nous entourent<strong>\u00bb<\/strong>, a-t-il dit, exhortant les colons \u00e0 <strong>\u00ab <\/strong>courir vers les sommets <strong>\u00bb<\/strong>.<\/p>\n\n\n\n<p><strong>\u00ab <\/strong>Nous devrions coloniser la Terre d&#8217;Isra\u00ebl et, en m\u00eame temps, lancer une op\u00e9ration militaire, faire sauter des b\u00e2timents&#8221; et \u00e9liminer non pas un ou deux, mais des dizaines et des centaines et, si n\u00e9cessaire, des milliers de Palestiniens <strong>\u00bb<\/strong>, a d\u00e9clar\u00e9 Ben-Gvir.<\/p>\n\n\n\n<p><strong>\u00ab <\/strong>Parce que, finalement, c&#8217;est le seul moyen pour nous de nous emparer de cet endroit, de renforcer notre emprise et de r\u00e9tablir la s\u00e9curit\u00e9 des habitants <strong>\u00bb<\/strong>, a-t-il ajout\u00e9.<\/p>\n\n\n\n<p>Le dernier d\u00e9veloppement survient alors que Volker Turk, le Haut-Commissaire des Nations Unies aux droits de l&#8217;homme, a averti plus t\u00f4t dans la journ\u00e9e que la situation en Cisjordanie <strong>\u00ab <\/strong>devenait incontr\u00f4lable <strong>\u00bb<\/strong> en raison de l&#8217;usage excessif de la force par Isra\u00ebl ainsi que des r\u00e9centes attaques de colons isra\u00e9liens dans plusieurs domaines.<\/p>\n\n\n\n<p>Il a appel\u00e9 les autorit\u00e9s isra\u00e9liennes \u00e0 mettre imm\u00e9diatement fin \u00e0 la violence et \u00e0 respecter le droit international en ce qui concerne l&#8217;utilisation de la force l\u00e9tale, affirmant que la dynamique sous-jacente conduisant \u00e0 la violence g\u00e9n\u00e9ralis\u00e9e d&#8217;Isra\u00ebl et aux pertes humaines arbitraires dans les territoires palestiniens occup\u00e9s doit \u00eatre abord\u00e9e avec urgence.<\/p>\n\n\n\n<p>Au cours des derniers mois, Isra\u00ebl a multipli\u00e9 les attaques contre les villes palestiniennes. \u00c0 la suite de ces attaques, des dizaines de Palestiniens ont perdu la vie et de nombreux autres ont \u00e9t\u00e9 arr\u00eat\u00e9s.<\/p>\n\n\n\n<p>Le r\u00e9gime de Tel-Aviv a \u00e9galement intensifi\u00e9 ses activit\u00e9s d&#8217;expansion des colonies depuis d\u00e9cembre dernier, lorsque Benjamin Netanyahu est revenu au pouvoir en tant que Premier ministre du cabinet le plus \u00e0 droite du r\u00e9gime.<\/p>\n\n\n\n<p>Une grande partie de la communaut\u00e9 internationale consid\u00e8re les unit\u00e9s de colons isra\u00e9liens dans les terres occup\u00e9es comme ill\u00e9gales.<\/p>\n\n\n\n<p>Plus de 700 000 Isra\u00e9liens vivent dans plus de 230 colonies construites depuis l&#8217;occupation isra\u00e9lienne de 1967 de la Cisjordanie et de l&#8217;Est d&#8217;al-Qods.<\/p>\n\n\n\n<p>Toutes les colonies isra\u00e9liennes sont ill\u00e9gales au regard du droit international. Le Conseil de s\u00e9curit\u00e9 de l&#8217;ONU a condamn\u00e9 les activit\u00e9s de colonisation d&#8217;Isra\u00ebl dans les territoires occup\u00e9s dans plusieurs r\u00e9solutions.<\/p>\n\n\n\n<p>Les Palestiniens veulent que la Cisjordanie fasse partie d&#8217;un futur \u00c9tat ind\u00e9pendant avec al-Quds Est comme capitale.<\/p>\n\n\n\n<p>Le dernier cycle de pourparlers isra\u00e9lo-palestiniens a \u00e9chou\u00e9 en 2014. Parmi les principaux points de friction de ces n\u00e9gociations figurait l&#8217;expansion continue des colonies ill\u00e9gales d&#8217;Isra\u00ebl.<\/p>\n\n\n\n<p><a href=\"https:\/\/www.presstv.ir\/Detail\/2023\/06\/24\/705851\/Palestine-Israel-Itamar-Ben-Gvir-West-Bank-settlement-construction-military-campaign-assassinate-Palestinians-Evyatar-outpost\">Israel&#8217;s Ben-Gvir calls for assassination of &#8216;thousands&#8217; of Palestinians (presstv.ir)<\/a><\/p>\n","protected":false},"excerpt":{"rendered":"<p>Le ministre isra\u00e9lien d&#8217;extr\u00eame droite Itamar Ben-Gvir a appel\u00e9 son cabinet \u00e0 lancer une vaste offensive militaire en Cisjordanie occup\u00e9e, encourageant les forces du r\u00e9gime \u00e0 assassiner \u00ab des centaines, ou si n\u00e9cessaire, des milliers \u00bb de Palestiniens.<\/p>\n","protected":false},"author":4,"featured_media":248925,"comment_status":"closed","ping_status":"closed","sticky":false,"template":"","format":"standard","meta":{"_acf_changed":false,"_et_pb_use_builder":"","_et_pb_old_content":"","_et_gb_content_width":"","footnotes":""},"categories":[94],"tags":[],"class_list":["post-248928","post","type-post","status-publish","format-standard","has-post-thumbnail","hentry","category-bulletin-fr"],"acf":[],"yoast_head":"<!-- This site is optimized with the Yoast SEO plugin v25.8 - https:\/\/yoast.com\/wordpress\/plugins\/seo\/ -->\n<title>Isra\u00ebl: Ben-Gvir appelle \u00e0 l&#039;assassinat de \u00abmilliers \u00bb de Palestiniens - PAJU<\/title>\n<meta name=\"description\" content=\"Le ministre isra\u00e9lien d&#039;extr\u00eame droite Itamar Ben-Gvir a appel\u00e9 son cabinet \u00e0 lancer une vaste offensive militaire en Cisjordanie occup\u00e9e, encourageant les forces du r\u00e9gime \u00e0 assassiner \u00ab des centaines, ou si n\u00e9cessaire, des milliers \u00bb de Palestiniens.\" \/>\n<meta name=\"robots\" content=\"index, follow, max-snippet:-1, max-image-preview:large, max-video-preview:-1\" \/>\n<link rel=\"canonical\" href=\"https:\/\/paju.org\/fr\/israel-ben-gvir-appelle-a-lassassinat-de-milliers-de-palestiniens\/\" \/>\n<meta property=\"og:locale\" content=\"fr_FR\" \/>\n<meta property=\"og:type\" content=\"article\" \/>\n<meta property=\"og:title\" content=\"Isra\u00ebl: Ben-Gvir appelle \u00e0 l&#039;assassinat de \u00abmilliers \u00bb de Palestiniens - PAJU\" \/>\n<meta property=\"og:description\" content=\"Le ministre isra\u00e9lien d&#039;extr\u00eame droite Itamar Ben-Gvir a appel\u00e9 son cabinet \u00e0 lancer une vaste offensive militaire en Cisjordanie occup\u00e9e, encourageant les forces du r\u00e9gime \u00e0 assassiner \u00ab des centaines, ou si n\u00e9cessaire, des milliers \u00bb de Palestiniens.\" \/>\n<meta property=\"og:site_name\" content=\"PAJU\" \/>\n<meta property=\"article:publisher\" content=\"https:\/\/www.facebook.com\/pajumontreal\" \/>\n<meta property=\"article:published_time\" content=\"2023-07-08T20:22:50+00:00\" \/>\n<meta property=\"article:modified_time\" content=\"2023-07-08T20:29:34+00:00\" \/>\n<meta property=\"og:image\" content=\"https:\/\/paju.org\/wp-content\/uploads\/Israels-far-Right-Miniser-Itamar-Ben-Gvir-Photo-by-Reuters.jpeg\" \/>\n\t<meta property=\"og:image:width\" content=\"1000\" \/>\n\t<meta property=\"og:image:height\" content=\"562\" \/>\n\t<meta property=\"og:image:type\" content=\"image\/jpeg\" \/>\n<meta name=\"author\" content=\"Bruce Katz\" \/>\n<meta name=\"twitter:card\" content=\"summary_large_image\" \/>\n<meta name=\"twitter:label1\" content=\"\u00c9crit par\" \/>\n\t<meta name=\"twitter:data1\" content=\"Bruce Katz\" \/>\n\t<meta name=\"twitter:label2\" content=\"Dur\u00e9e de lecture estim\u00e9e\" \/>\n\t<meta name=\"twitter:data2\" content=\"3 minutes\" \/>\n<script type=\"application\/ld+json\" class=\"yoast-schema-graph\">{\"@context\":\"https:\/\/schema.org\",\"@graph\":[{\"@type\":\"Article\",\"@id\":\"https:\/\/paju.org\/fr\/israel-ben-gvir-appelle-a-lassassinat-de-milliers-de-palestiniens\/#article\",\"isPartOf\":{\"@id\":\"https:\/\/paju.org\/fr\/israel-ben-gvir-appelle-a-lassassinat-de-milliers-de-palestiniens\/\"},\"author\":{\"name\":\"Bruce Katz\",\"@id\":\"https:\/\/paju.org\/fr\/#\/schema\/person\/6d8aed1579a1f4a97e1c552a5f2a891d\"},\"headline\":\"Isra\u00ebl: Ben-Gvir appelle \u00e0 l&#8217;assassinat de \u00abmilliers \u00bb de Palestiniens\",\"datePublished\":\"2023-07-08T20:22:50+00:00\",\"dateModified\":\"2023-07-08T20:29:34+00:00\",\"mainEntityOfPage\":{\"@id\":\"https:\/\/paju.org\/fr\/israel-ben-gvir-appelle-a-lassassinat-de-milliers-de-palestiniens\/\"},\"wordCount\":557,\"publisher\":{\"@id\":\"https:\/\/paju.org\/fr\/#organization\"},\"image\":{\"@id\":\"https:\/\/paju.org\/fr\/israel-ben-gvir-appelle-a-lassassinat-de-milliers-de-palestiniens\/#primaryimage\"},\"thumbnailUrl\":\"https:\/\/paju.org\/wp-content\/uploads\/Israels-far-Right-Miniser-Itamar-Ben-Gvir-Photo-by-Reuters.jpeg\",\"articleSection\":[\"Notre bulletin\"],\"inLanguage\":\"fr-FR\"},{\"@type\":\"WebPage\",\"@id\":\"https:\/\/paju.org\/fr\/israel-ben-gvir-appelle-a-lassassinat-de-milliers-de-palestiniens\/\",\"url\":\"https:\/\/paju.org\/fr\/israel-ben-gvir-appelle-a-lassassinat-de-milliers-de-palestiniens\/\",\"name\":\"Isra\u00ebl: Ben-Gvir appelle \u00e0 l'assassinat de \u00abmilliers \u00bb de Palestiniens - PAJU\",\"isPartOf\":{\"@id\":\"https:\/\/paju.org\/fr\/#website\"},\"primaryImageOfPage\":{\"@id\":\"https:\/\/paju.org\/fr\/israel-ben-gvir-appelle-a-lassassinat-de-milliers-de-palestiniens\/#primaryimage\"},\"image\":{\"@id\":\"https:\/\/paju.org\/fr\/israel-ben-gvir-appelle-a-lassassinat-de-milliers-de-palestiniens\/#primaryimage\"},\"thumbnailUrl\":\"https:\/\/paju.org\/wp-content\/uploads\/Israels-far-Right-Miniser-Itamar-Ben-Gvir-Photo-by-Reuters.jpeg\",\"datePublished\":\"2023-07-08T20:22:50+00:00\",\"dateModified\":\"2023-07-08T20:29:34+00:00\",\"description\":\"Le ministre isra\u00e9lien d'extr\u00eame droite Itamar Ben-Gvir a appel\u00e9 son cabinet \u00e0 lancer une vaste offensive militaire en Cisjordanie occup\u00e9e, encourageant les forces du r\u00e9gime \u00e0 assassiner \u00ab des centaines, ou si n\u00e9cessaire, des milliers \u00bb de Palestiniens.\",\"breadcrumb\":{\"@id\":\"https:\/\/paju.org\/fr\/israel-ben-gvir-appelle-a-lassassinat-de-milliers-de-palestiniens\/#breadcrumb\"},\"inLanguage\":\"fr-FR\",\"potentialAction\":[{\"@type\":\"ReadAction\",\"target\":[\"https:\/\/paju.org\/fr\/israel-ben-gvir-appelle-a-lassassinat-de-milliers-de-palestiniens\/\"]}]},{\"@type\":\"ImageObject\",\"inLanguage\":\"fr-FR\",\"@id\":\"https:\/\/paju.org\/fr\/israel-ben-gvir-appelle-a-lassassinat-de-milliers-de-palestiniens\/#primaryimage\",\"url\":\"https:\/\/paju.org\/wp-content\/uploads\/Israels-far-Right-Miniser-Itamar-Ben-Gvir-Photo-by-Reuters.jpeg\",\"contentUrl\":\"https:\/\/paju.org\/wp-content\/uploads\/Israels-far-Right-Miniser-Itamar-Ben-Gvir-Photo-by-Reuters.jpeg\",\"width\":1000,\"height\":562},{\"@type\":\"BreadcrumbList\",\"@id\":\"https:\/\/paju.org\/fr\/israel-ben-gvir-appelle-a-lassassinat-de-milliers-de-palestiniens\/#breadcrumb\",\"itemListElement\":[{\"@type\":\"ListItem\",\"position\":1,\"name\":\"Home\",\"item\":\"https:\/\/paju.org\/fr\/\"},{\"@type\":\"ListItem\",\"position\":2,\"name\":\"Isra\u00ebl: Ben-Gvir appelle \u00e0 l&#8217;assassinat de \u00abmilliers \u00bb de Palestiniens\"}]},{\"@type\":\"WebSite\",\"@id\":\"https:\/\/paju.org\/fr\/#website\",\"url\":\"https:\/\/paju.org\/fr\/\",\"name\":\"PAJU\",\"description\":\"\",\"publisher\":{\"@id\":\"https:\/\/paju.org\/fr\/#organization\"},\"potentialAction\":[{\"@type\":\"SearchAction\",\"target\":{\"@type\":\"EntryPoint\",\"urlTemplate\":\"https:\/\/paju.org\/fr\/?s={search_term_string}\"},\"query-input\":{\"@type\":\"PropertyValueSpecification\",\"valueRequired\":true,\"valueName\":\"search_term_string\"}}],\"inLanguage\":\"fr-FR\"},{\"@type\":\"Organization\",\"@id\":\"https:\/\/paju.org\/fr\/#organization\",\"name\":\"Palestinian and Jewish Unity\",\"url\":\"https:\/\/paju.org\/fr\/\",\"logo\":{\"@type\":\"ImageObject\",\"inLanguage\":\"fr-FR\",\"@id\":\"https:\/\/paju.org\/fr\/#\/schema\/logo\/image\/\",\"url\":\"https:\/\/paju.org\/wp-content\/uploads\/PAJU-Logo.png\",\"contentUrl\":\"https:\/\/paju.org\/wp-content\/uploads\/PAJU-Logo.png\",\"width\":696,\"height\":293,\"caption\":\"Palestinian and Jewish Unity\"},\"image\":{\"@id\":\"https:\/\/paju.org\/fr\/#\/schema\/logo\/image\/\"},\"sameAs\":[\"https:\/\/www.facebook.com\/pajumontreal\",\"https:\/\/www.instagram.com\/pajumontreal\/\"]},{\"@type\":\"Person\",\"@id\":\"https:\/\/paju.org\/fr\/#\/schema\/person\/6d8aed1579a1f4a97e1c552a5f2a891d\",\"name\":\"Bruce Katz\",\"image\":{\"@type\":\"ImageObject\",\"inLanguage\":\"fr-FR\",\"@id\":\"https:\/\/paju.org\/fr\/#\/schema\/person\/image\/\",\"url\":\"https:\/\/secure.gravatar.com\/avatar\/4c65b2117dbb672d0bda009f0367a4721c9271f1f68b1747fb53d7333079d0f1?s=96&d=mm&r=g\",\"contentUrl\":\"https:\/\/secure.gravatar.com\/avatar\/4c65b2117dbb672d0bda009f0367a4721c9271f1f68b1747fb53d7333079d0f1?s=96&d=mm&r=g\",\"caption\":\"Bruce Katz\"},\"url\":\"https:\/\/paju.org\/fr\/author\/chadi\/\"}]}<\/script>\n<!-- \/ Yoast SEO plugin. -->","yoast_head_json":{"title":"Isra\u00ebl: Ben-Gvir appelle \u00e0 l'assassinat de \u00abmilliers \u00bb de Palestiniens - PAJU","description":"Le ministre isra\u00e9lien d'extr\u00eame droite Itamar Ben-Gvir a appel\u00e9 son cabinet \u00e0 lancer une vaste offensive militaire en Cisjordanie occup\u00e9e, encourageant les forces du r\u00e9gime \u00e0 assassiner \u00ab des centaines, ou si n\u00e9cessaire, des milliers \u00bb de Palestiniens.","robots":{"index":"index","follow":"follow","max-snippet":"max-snippet:-1","max-image-preview":"max-image-preview:large","max-video-preview":"max-video-preview:-1"},"canonical":"https:\/\/paju.org\/fr\/israel-ben-gvir-appelle-a-lassassinat-de-milliers-de-palestiniens\/","og_locale":"fr_FR","og_type":"article","og_title":"Isra\u00ebl: Ben-Gvir appelle \u00e0 l'assassinat de \u00abmilliers \u00bb de Palestiniens - PAJU","og_description":"Le ministre isra\u00e9lien d'extr\u00eame droite Itamar Ben-Gvir a appel\u00e9 son cabinet \u00e0 lancer une vaste offensive militaire en Cisjordanie occup\u00e9e, encourageant les forces du r\u00e9gime \u00e0 assassiner \u00ab des centaines, ou si n\u00e9cessaire, des milliers \u00bb de Palestiniens.","og_site_name":"PAJU","article_publisher":"https:\/\/www.facebook.com\/pajumontreal","article_published_time":"2023-07-08T20:22:50+00:00","article_modified_time":"2023-07-08T20:29:34+00:00","og_image":[{"width":1000,"height":562,"url":"https:\/\/paju.org\/wp-content\/uploads\/Israels-far-Right-Miniser-Itamar-Ben-Gvir-Photo-by-Reuters.jpeg","type":"image\/jpeg"}],"author":"Bruce Katz","twitter_card":"summary_large_image","twitter_misc":{"\u00c9crit par":"Bruce Katz","Dur\u00e9e de lecture estim\u00e9e":"3 minutes"},"schema":{"@context":"https:\/\/schema.org","@graph":[{"@type":"Article","@id":"https:\/\/paju.org\/fr\/israel-ben-gvir-appelle-a-lassassinat-de-milliers-de-palestiniens\/#article","isPartOf":{"@id":"https:\/\/paju.org\/fr\/israel-ben-gvir-appelle-a-lassassinat-de-milliers-de-palestiniens\/"},"author":{"name":"Bruce Katz","@id":"https:\/\/paju.org\/fr\/#\/schema\/person\/6d8aed1579a1f4a97e1c552a5f2a891d"},"headline":"Isra\u00ebl: Ben-Gvir appelle \u00e0 l&#8217;assassinat de \u00abmilliers \u00bb de Palestiniens","datePublished":"2023-07-08T20:22:50+00:00","dateModified":"2023-07-08T20:29:34+00:00","mainEntityOfPage":{"@id":"https:\/\/paju.org\/fr\/israel-ben-gvir-appelle-a-lassassinat-de-milliers-de-palestiniens\/"},"wordCount":557,"publisher":{"@id":"https:\/\/paju.org\/fr\/#organization"},"image":{"@id":"https:\/\/paju.org\/fr\/israel-ben-gvir-appelle-a-lassassinat-de-milliers-de-palestiniens\/#primaryimage"},"thumbnailUrl":"https:\/\/paju.org\/wp-content\/uploads\/Israels-far-Right-Miniser-Itamar-Ben-Gvir-Photo-by-Reuters.jpeg","articleSection":["Notre bulletin"],"inLanguage":"fr-FR"},{"@type":"WebPage","@id":"https:\/\/paju.org\/fr\/israel-ben-gvir-appelle-a-lassassinat-de-milliers-de-palestiniens\/","url":"https:\/\/paju.org\/fr\/israel-ben-gvir-appelle-a-lassassinat-de-milliers-de-palestiniens\/","name":"Isra\u00ebl: Ben-Gvir appelle \u00e0 l'assassinat de \u00abmilliers \u00bb de Palestiniens - PAJU","isPartOf":{"@id":"https:\/\/paju.org\/fr\/#website"},"primaryImageOfPage":{"@id":"https:\/\/paju.org\/fr\/israel-ben-gvir-appelle-a-lassassinat-de-milliers-de-palestiniens\/#primaryimage"},"image":{"@id":"https:\/\/paju.org\/fr\/israel-ben-gvir-appelle-a-lassassinat-de-milliers-de-palestiniens\/#primaryimage"},"thumbnailUrl":"https:\/\/paju.org\/wp-content\/uploads\/Israels-far-Right-Miniser-Itamar-Ben-Gvir-Photo-by-Reuters.jpeg","datePublished":"2023-07-08T20:22:50+00:00","dateModified":"2023-07-08T20:29:34+00:00","description":"Le ministre isra\u00e9lien d'extr\u00eame droite Itamar Ben-Gvir a appel\u00e9 son cabinet \u00e0 lancer une vaste offensive militaire en Cisjordanie occup\u00e9e, encourageant les forces du r\u00e9gime \u00e0 assassiner \u00ab des centaines, ou si n\u00e9cessaire, des milliers \u00bb de Palestiniens.","breadcrumb":{"@id":"https:\/\/paju.org\/fr\/israel-ben-gvir-appelle-a-lassassinat-de-milliers-de-palestiniens\/#breadcrumb"},"inLanguage":"fr-FR","potentialAction":[{"@type":"ReadAction","target":["https:\/\/paju.org\/fr\/israel-ben-gvir-appelle-a-lassassinat-de-milliers-de-palestiniens\/"]}]},{"@type":"ImageObject","inLanguage":"fr-FR","@id":"https:\/\/paju.org\/fr\/israel-ben-gvir-appelle-a-lassassinat-de-milliers-de-palestiniens\/#primaryimage","url":"https:\/\/paju.org\/wp-content\/uploads\/Israels-far-Right-Miniser-Itamar-Ben-Gvir-Photo-by-Reuters.jpeg","contentUrl":"https:\/\/paju.org\/wp-content\/uploads\/Israels-far-Right-Miniser-Itamar-Ben-Gvir-Photo-by-Reuters.jpeg","width":1000,"height":562},{"@type":"BreadcrumbList","@id":"https:\/\/paju.org\/fr\/israel-ben-gvir-appelle-a-lassassinat-de-milliers-de-palestiniens\/#breadcrumb","itemListElement":[{"@type":"ListItem","position":1,"name":"Home","item":"https:\/\/paju.org\/fr\/"},{"@type":"ListItem","position":2,"name":"Isra\u00ebl: Ben-Gvir appelle \u00e0 l&#8217;assassinat de \u00abmilliers \u00bb de Palestiniens"}]},{"@type":"WebSite","@id":"https:\/\/paju.org\/fr\/#website","url":"https:\/\/paju.org\/fr\/","name":"PAJU","description":"","publisher":{"@id":"https:\/\/paju.org\/fr\/#organization"},"potentialAction":[{"@type":"SearchAction","target":{"@type":"EntryPoint","urlTemplate":"https:\/\/paju.org\/fr\/?s={search_term_string}"},"query-input":{"@type":"PropertyValueSpecification","valueRequired":true,"valueName":"search_term_string"}}],"inLanguage":"fr-FR"},{"@type":"Organization","@id":"https:\/\/paju.org\/fr\/#organization","name":"Palestinian and Jewish Unity","url":"https:\/\/paju.org\/fr\/","logo":{"@type":"ImageObject","inLanguage":"fr-FR","@id":"https:\/\/paju.org\/fr\/#\/schema\/logo\/image\/","url":"https:\/\/paju.org\/wp-content\/uploads\/PAJU-Logo.png","contentUrl":"https:\/\/paju.org\/wp-content\/uploads\/PAJU-Logo.png","width":696,"height":293,"caption":"Palestinian and Jewish Unity"},"image":{"@id":"https:\/\/paju.org\/fr\/#\/schema\/logo\/image\/"},"sameAs":["https:\/\/www.facebook.com\/pajumontreal","https:\/\/www.instagram.com\/pajumontreal\/"]},{"@type":"Person","@id":"https:\/\/paju.org\/fr\/#\/schema\/person\/6d8aed1579a1f4a97e1c552a5f2a891d","name":"Bruce Katz","image":{"@type":"ImageObject","inLanguage":"fr-FR","@id":"https:\/\/paju.org\/fr\/#\/schema\/person\/image\/","url":"https:\/\/secure.gravatar.com\/avatar\/4c65b2117dbb672d0bda009f0367a4721c9271f1f68b1747fb53d7333079d0f1?s=96&d=mm&r=g","contentUrl":"https:\/\/secure.gravatar.com\/avatar\/4c65b2117dbb672d0bda009f0367a4721c9271f1f68b1747fb53d7333079d0f1?s=96&d=mm&r=g","caption":"Bruce Katz"},"url":"https:\/\/paju.org\/fr\/author\/chadi\/"}]}},"_links":{"self":[{"href":"https:\/\/paju.org\/fr\/wp-json\/wp\/v2\/posts\/248928","targetHints":{"allow":["GET"]}}],"collection":[{"href":"https:\/\/paju.org\/fr\/wp-json\/wp\/v2\/posts"}],"about":[{"href":"https:\/\/paju.org\/fr\/wp-json\/wp\/v2\/types\/post"}],"author":[{"embeddable":true,"href":"https:\/\/paju.org\/fr\/wp-json\/wp\/v2\/users\/4"}],"replies":[{"embeddable":true,"href":"https:\/\/paju.org\/fr\/wp-json\/wp\/v2\/comments?post=248928"}],"version-history":[{"count":2,"href":"https:\/\/paju.org\/fr\/wp-json\/wp\/v2\/posts\/248928\/revisions"}],"predecessor-version":[{"id":248931,"href":"https:\/\/paju.org\/fr\/wp-json\/wp\/v2\/posts\/248928\/revisions\/248931"}],"wp:featuredmedia":[{"embeddable":true,"href":"https:\/\/paju.org\/fr\/wp-json\/wp\/v2\/media\/248925"}],"wp:attachment":[{"href":"https:\/\/paju.org\/fr\/wp-json\/wp\/v2\/media?parent=248928"}],"wp:term":[{"taxonomy":"category","embeddable":true,"href":"https:\/\/paju.org\/fr\/wp-json\/wp\/v2\/categories?post=248928"},{"taxonomy":"post_tag","embeddable":true,"href":"https:\/\/paju.org\/fr\/wp-json\/wp\/v2\/tags?post=248928"}],"curies":[{"name":"wp","href":"https:\/\/api.w.org\/{rel}","templated":true}]}}