{"id":248896,"date":"2023-07-04T16:09:23","date_gmt":"2023-07-04T20:09:23","guid":{"rendered":"https:\/\/paju.org\/?p=248896"},"modified":"2023-07-05T17:15:41","modified_gmt":"2023-07-05T21:15:41","slug":"temoignage-de-mustafa-sheta-directeur-du-theatre-de-jenine","status":"publish","type":"post","link":"https:\/\/paju.org\/fr\/temoignage-de-mustafa-sheta-directeur-du-theatre-de-jenine\/","title":{"rendered":"T\u00e9moignage de Mustafa Sheta, directeur du th\u00e9\u00e2tre de J\u00e9nine"},"content":{"rendered":"\n<p><strong><em>Par Mustafa Sheta, directeur du th\u00e9\u00e2tre de J\u00e9nine, 3 juillet 2023<\/em><\/strong><\/p>\n\n\n\n<p>Aujourd\u2019hui, lundi 3 juillet 2023, je m\u2019adresse \u00e0 vous pour partager un r\u00e9cit personnel des \u00e9v\u00e8nements qui se sont d\u00e9roul\u00e9s au camp de r\u00e9fugi\u00e9s de J\u00e9nine t\u00f4t ce matin. L\u2019op\u00e9ration militaire isra\u00e9lienne a commenc\u00e9 par une agression contre des sites cens\u00e9s \u00eatre affili\u00e9s \u00e0 la r\u00e9sistance palestinienne. Les attaquants ont pr\u00e9tendu que ces lieux \u00e9taient leurs cibles, lan\u00e7ant trois missiles qui ont co\u00fbt\u00e9 la vie \u00e0 des innocents et ont fait de nombreux bless\u00e9s.<br>Peu apr\u00e8s a d\u00e9but\u00e9 une invasion de grande ampleur men\u00e9e par des forces arm\u00e9es omnipr\u00e9sentes.<\/p>\n\n\n\n<p>Des jeeps, des v\u00e9hicules blind\u00e9s, des bulldozers militaires ont pris J\u00e9nine d\u2019assaut, affirmant leur domination sur le terrain. Le ciel n\u2019\u00e9tait pas \u00e9pargn\u00e9, puisqu\u2019une multitude de drones planait de fa\u00e7on mena\u00e7ante.<\/p>\n\n\n\n<p>Pendant ces heures tumultueuses il \u00e9tait impossible pour les habitants de J\u00e9nine de dormir, qu\u2019ils soient jeunes ou vieux. Ma fille, Salma, \u00e9tait terrifi\u00e9e par les sir\u00e8nes hurlantes qui annon\u00e7aient l\u2019incursion de l\u2019arm\u00e9e, et ses larmes ruisselaient de fa\u00e7on incontr\u00f4lable. Pendant ce temps, mon fils Adam se montrait \u00e0 la fois effray\u00e9 et curieux, essayant de comprendre la gravit\u00e9 de la situation.<\/p>\n\n\n\n<p>Isra Awartani, comptable du Freedom Theatre, s\u2019est h\u00e2t\u00e9e de cr\u00e9er chez elle un espace s\u00e9curis\u00e9 pour prot\u00e9ger ses trois filles du danger. Ahmed Tobasi, directeur artistique du Freedom Theatre, s\u2019est trouv\u00e9 face \u00e0 face avec un v\u00e9hicule blind\u00e9 stationn\u00e9 devant sa maison, le canon point\u00e9 sur sa fen\u00eatre. Rania Wasfi, ancienne coll\u00e8gue du FT, s\u2019est efforc\u00e9e fr\u00e9n\u00e9tiquement de joindre sa m\u00e8re et sa s\u0153ur, ayant appris que leur maison avait \u00e9t\u00e9 bombard\u00e9e.<\/p>\n\n\n\n<p>Dans la matin\u00e9e, on a su qu\u2019une attaque destructrice avait touch\u00e9 le Freedom Theatre, o\u00f9 des familles avaient cherch\u00e9 \u00e0 se r\u00e9fugier au milieu du tumulte. Sans piti\u00e9, les forces d\u2019occupation les ont prises pour cibles de leurs missiles, fracassant tout espoir de s\u00e9curit\u00e9. Adnan, qui vit au voisinage imm\u00e9diat du Freedom Theatre, s\u2019est blotti avec sa famille dans une seule pi\u00e8ce, s\u2019effor\u00e7ant de trouver un apaisement au milieu du chaos. Sadeel, 14 ans, ni\u00e8ce d\u2019Adnan, avait \u00e9t\u00e9 tu\u00e9e par un sniper isra\u00e9lien il y a moins de deux semaines. Sa famille vit dans le m\u00eame quartier.<\/p>\n\n\n\n<p>Il ne faut pas sous-estimer la gravit\u00e9 de la situation. L\u2019occupation ne cesse de resserrer son emprise sur le camp de r\u00e9fugi\u00e9s, d\u00e9cimant son infrastructure et rendant impraticables les principales art\u00e8res du camp. Le message est limpide \u2014 punir la forteresse de r\u00e9sistance populaire de J\u00e9nine, projeter en direction de la soci\u00e9t\u00e9 isra\u00e9lienne une image d\u2019invincibilit\u00e9 en termes de prouesses militaires.<\/p>\n\n\n\n<p>Qu\u2019est-ce qui nous attend&nbsp;? \u00c0 mon avis, la r\u00e9ponse est&nbsp;: rien. Les tentatives de l\u2019occupation d\u2019\u00e9radiquer la r\u00e9sistance \u00e0 J\u00e9nine ne r\u00e9ussiront pas, rencontrant le m\u00eame \u00e9chec qu\u2019en 2002. Les b\u00e2timents peuvent s\u2019effondrer, les voitures peuvent \u00eatre r\u00e9duites \u00e0 des d\u00e9bris, d\u2019innombrables individus peuvent \u00eatre incarc\u00e9r\u00e9s, bless\u00e9s ou m\u00eame devenir des martyrs. Mais ces actes ne serviront qu\u2019\u00e0 faire na\u00eetre une nouvelle g\u00e9n\u00e9ration qui portera le flambeau de la r\u00e9sistance, transmis par ceux qui sont venus avant eux, comme nous le faisons aujourd\u2019hui, et comme nos enfants le feront \u00e0 l\u2019avenir. C\u2019est un effort inlassable, qui a pour moteur l\u2019aspiration \u00e0 reprendre notre terre et \u00e0 r\u00e9tablir la dignit\u00e9 de tous les \u00eatres humains.<\/p>\n\n\n\n<p>Traduction:<a href=\"http:\/\/www.atljenine.net\/spip.php?article259\">&nbsp;ATL J\u00e9nine<\/a><\/p>\n\n\n\n<p><a href=\"https:\/\/agencemediapalestine.fr\/blog\/2023\/07\/04\/temoignage-de-mustafa-sheta-directeur-du-theatre-de-jenine\/?utm_source=newsletter&amp;utm_medium=email&amp;utm_campaign=carnage_a_jenine_10_palestiniens_assassines_et_plus_de_100_blessees&amp;utm_term=2023-07-04\">T\u00e9moignage de Mustafa Sheta, directeur du th\u00e9\u00e2tre de J\u00e9nine &#8211; Agence Media Palestine<\/a><\/p>\n","protected":false},"excerpt":{"rendered":"<p>L\u2019op\u00e9ration militaire isra\u00e9lienne a commenc\u00e9 par une agression contre des sites cens\u00e9s \u00eatre affili\u00e9s \u00e0 la r\u00e9sistance palestinienne. Les attaquants ont pr\u00e9tendu que ces lieux \u00e9taient leurs cibles, lan\u00e7ant trois missiles qui ont co\u00fbt\u00e9 la vie \u00e0 des innocents et ont fait de nombreux bless\u00e9s.<br \/>\nPeu apr\u00e8s a d\u00e9but\u00e9 une invasion de grande ampleur men\u00e9e par des forces arm\u00e9es omnipr\u00e9sentes.<\/p>\n","protected":false},"author":4,"featured_media":248899,"comment_status":"closed","ping_status":"closed","sticky":false,"template":"","format":"standard","meta":{"_acf_changed":false,"_et_pb_use_builder":"","_et_pb_old_content":"","_et_gb_content_width":"","footnotes":""},"categories":[15],"tags":[],"class_list":["post-248896","post","type-post","status-publish","format-standard","has-post-thumbnail","hentry","category-dossiers"],"acf":[],"yoast_head":"<!-- This site is optimized with the Yoast SEO plugin v25.8 - https:\/\/yoast.com\/wordpress\/plugins\/seo\/ -->\n<title>T\u00e9moignage de Mustafa Sheta, directeur du th\u00e9\u00e2tre de J\u00e9nine - PAJU<\/title>\n<meta name=\"description\" content=\"Des jeeps, des v\u00e9hicules blind\u00e9s, des bulldozers militaires ont pris J\u00e9nine d\u2019assaut, affirmant leur domination sur le terrain. Le ciel n\u2019\u00e9tait pas \u00e9pargn\u00e9, puisqu\u2019une multitude de drones planait de fa\u00e7on mena\u00e7ante.\" \/>\n<meta name=\"robots\" content=\"index, follow, max-snippet:-1, max-image-preview:large, max-video-preview:-1\" \/>\n<link rel=\"canonical\" href=\"https:\/\/paju.org\/fr\/temoignage-de-mustafa-sheta-directeur-du-theatre-de-jenine\/\" \/>\n<meta property=\"og:locale\" content=\"fr_FR\" \/>\n<meta property=\"og:type\" content=\"article\" \/>\n<meta property=\"og:title\" content=\"T\u00e9moignage de Mustafa Sheta, directeur du th\u00e9\u00e2tre de J\u00e9nine - PAJU\" \/>\n<meta property=\"og:description\" content=\"Des jeeps, des v\u00e9hicules blind\u00e9s, des bulldozers militaires ont pris J\u00e9nine d\u2019assaut, affirmant leur domination sur le terrain. Le ciel n\u2019\u00e9tait pas \u00e9pargn\u00e9, puisqu\u2019une multitude de drones planait de fa\u00e7on mena\u00e7ante.\" \/>\n<meta property=\"og:site_name\" content=\"PAJU\" \/>\n<meta property=\"article:publisher\" content=\"https:\/\/www.facebook.com\/pajumontreal\" \/>\n<meta property=\"article:published_time\" content=\"2023-07-04T20:09:23+00:00\" \/>\n<meta property=\"article:modified_time\" content=\"2023-07-05T21:15:41+00:00\" \/>\n<meta property=\"og:image\" content=\"https:\/\/paju.org\/wp-content\/uploads\/Israeli-attack-on-Jenin-refugee-camp-Jaafar-ASHTIYEH-AFP.jpg\" \/>\n\t<meta property=\"og:image:width\" content=\"640\" \/>\n\t<meta property=\"og:image:height\" content=\"400\" \/>\n\t<meta property=\"og:image:type\" content=\"image\/jpeg\" \/>\n<meta name=\"author\" content=\"Bruce Katz\" \/>\n<meta name=\"twitter:card\" content=\"summary_large_image\" \/>\n<meta name=\"twitter:label1\" content=\"\u00c9crit par\" \/>\n\t<meta name=\"twitter:data1\" content=\"Bruce Katz\" \/>\n\t<meta name=\"twitter:label2\" content=\"Dur\u00e9e de lecture estim\u00e9e\" \/>\n\t<meta name=\"twitter:data2\" content=\"3 minutes\" \/>\n<script type=\"application\/ld+json\" class=\"yoast-schema-graph\">{\"@context\":\"https:\/\/schema.org\",\"@graph\":[{\"@type\":\"Article\",\"@id\":\"https:\/\/paju.org\/fr\/temoignage-de-mustafa-sheta-directeur-du-theatre-de-jenine\/#article\",\"isPartOf\":{\"@id\":\"https:\/\/paju.org\/fr\/temoignage-de-mustafa-sheta-directeur-du-theatre-de-jenine\/\"},\"author\":{\"name\":\"Bruce Katz\",\"@id\":\"https:\/\/paju.org\/fr\/#\/schema\/person\/6d8aed1579a1f4a97e1c552a5f2a891d\"},\"headline\":\"T\u00e9moignage de Mustafa Sheta, directeur du th\u00e9\u00e2tre de J\u00e9nine\",\"datePublished\":\"2023-07-04T20:09:23+00:00\",\"dateModified\":\"2023-07-05T21:15:41+00:00\",\"mainEntityOfPage\":{\"@id\":\"https:\/\/paju.org\/fr\/temoignage-de-mustafa-sheta-directeur-du-theatre-de-jenine\/\"},\"wordCount\":667,\"publisher\":{\"@id\":\"https:\/\/paju.org\/fr\/#organization\"},\"image\":{\"@id\":\"https:\/\/paju.org\/fr\/temoignage-de-mustafa-sheta-directeur-du-theatre-de-jenine\/#primaryimage\"},\"thumbnailUrl\":\"https:\/\/paju.org\/wp-content\/uploads\/Israeli-attack-on-Jenin-refugee-camp-Jaafar-ASHTIYEH-AFP.jpg\",\"articleSection\":[\"Dossiers\"],\"inLanguage\":\"fr-FR\"},{\"@type\":\"WebPage\",\"@id\":\"https:\/\/paju.org\/fr\/temoignage-de-mustafa-sheta-directeur-du-theatre-de-jenine\/\",\"url\":\"https:\/\/paju.org\/fr\/temoignage-de-mustafa-sheta-directeur-du-theatre-de-jenine\/\",\"name\":\"T\u00e9moignage de Mustafa Sheta, directeur du th\u00e9\u00e2tre de J\u00e9nine - PAJU\",\"isPartOf\":{\"@id\":\"https:\/\/paju.org\/fr\/#website\"},\"primaryImageOfPage\":{\"@id\":\"https:\/\/paju.org\/fr\/temoignage-de-mustafa-sheta-directeur-du-theatre-de-jenine\/#primaryimage\"},\"image\":{\"@id\":\"https:\/\/paju.org\/fr\/temoignage-de-mustafa-sheta-directeur-du-theatre-de-jenine\/#primaryimage\"},\"thumbnailUrl\":\"https:\/\/paju.org\/wp-content\/uploads\/Israeli-attack-on-Jenin-refugee-camp-Jaafar-ASHTIYEH-AFP.jpg\",\"datePublished\":\"2023-07-04T20:09:23+00:00\",\"dateModified\":\"2023-07-05T21:15:41+00:00\",\"description\":\"Des jeeps, des v\u00e9hicules blind\u00e9s, des bulldozers militaires ont pris J\u00e9nine d\u2019assaut, affirmant leur domination sur le terrain. Le ciel n\u2019\u00e9tait pas \u00e9pargn\u00e9, puisqu\u2019une multitude de drones planait de fa\u00e7on mena\u00e7ante.\",\"breadcrumb\":{\"@id\":\"https:\/\/paju.org\/fr\/temoignage-de-mustafa-sheta-directeur-du-theatre-de-jenine\/#breadcrumb\"},\"inLanguage\":\"fr-FR\",\"potentialAction\":[{\"@type\":\"ReadAction\",\"target\":[\"https:\/\/paju.org\/fr\/temoignage-de-mustafa-sheta-directeur-du-theatre-de-jenine\/\"]}]},{\"@type\":\"ImageObject\",\"inLanguage\":\"fr-FR\",\"@id\":\"https:\/\/paju.org\/fr\/temoignage-de-mustafa-sheta-directeur-du-theatre-de-jenine\/#primaryimage\",\"url\":\"https:\/\/paju.org\/wp-content\/uploads\/Israeli-attack-on-Jenin-refugee-camp-Jaafar-ASHTIYEH-AFP.jpg\",\"contentUrl\":\"https:\/\/paju.org\/wp-content\/uploads\/Israeli-attack-on-Jenin-refugee-camp-Jaafar-ASHTIYEH-AFP.jpg\",\"width\":640,\"height\":400},{\"@type\":\"BreadcrumbList\",\"@id\":\"https:\/\/paju.org\/fr\/temoignage-de-mustafa-sheta-directeur-du-theatre-de-jenine\/#breadcrumb\",\"itemListElement\":[{\"@type\":\"ListItem\",\"position\":1,\"name\":\"Home\",\"item\":\"https:\/\/paju.org\/fr\/\"},{\"@type\":\"ListItem\",\"position\":2,\"name\":\"T\u00e9moignage de Mustafa Sheta, directeur du th\u00e9\u00e2tre de J\u00e9nine\"}]},{\"@type\":\"WebSite\",\"@id\":\"https:\/\/paju.org\/fr\/#website\",\"url\":\"https:\/\/paju.org\/fr\/\",\"name\":\"PAJU\",\"description\":\"\",\"publisher\":{\"@id\":\"https:\/\/paju.org\/fr\/#organization\"},\"potentialAction\":[{\"@type\":\"SearchAction\",\"target\":{\"@type\":\"EntryPoint\",\"urlTemplate\":\"https:\/\/paju.org\/fr\/?s={search_term_string}\"},\"query-input\":{\"@type\":\"PropertyValueSpecification\",\"valueRequired\":true,\"valueName\":\"search_term_string\"}}],\"inLanguage\":\"fr-FR\"},{\"@type\":\"Organization\",\"@id\":\"https:\/\/paju.org\/fr\/#organization\",\"name\":\"Palestinian and Jewish Unity\",\"url\":\"https:\/\/paju.org\/fr\/\",\"logo\":{\"@type\":\"ImageObject\",\"inLanguage\":\"fr-FR\",\"@id\":\"https:\/\/paju.org\/fr\/#\/schema\/logo\/image\/\",\"url\":\"https:\/\/paju.org\/wp-content\/uploads\/PAJU-Logo.png\",\"contentUrl\":\"https:\/\/paju.org\/wp-content\/uploads\/PAJU-Logo.png\",\"width\":696,\"height\":293,\"caption\":\"Palestinian and Jewish Unity\"},\"image\":{\"@id\":\"https:\/\/paju.org\/fr\/#\/schema\/logo\/image\/\"},\"sameAs\":[\"https:\/\/www.facebook.com\/pajumontreal\",\"https:\/\/www.instagram.com\/pajumontreal\/\"]},{\"@type\":\"Person\",\"@id\":\"https:\/\/paju.org\/fr\/#\/schema\/person\/6d8aed1579a1f4a97e1c552a5f2a891d\",\"name\":\"Bruce Katz\",\"image\":{\"@type\":\"ImageObject\",\"inLanguage\":\"fr-FR\",\"@id\":\"https:\/\/paju.org\/fr\/#\/schema\/person\/image\/\",\"url\":\"https:\/\/secure.gravatar.com\/avatar\/4c65b2117dbb672d0bda009f0367a4721c9271f1f68b1747fb53d7333079d0f1?s=96&d=mm&r=g\",\"contentUrl\":\"https:\/\/secure.gravatar.com\/avatar\/4c65b2117dbb672d0bda009f0367a4721c9271f1f68b1747fb53d7333079d0f1?s=96&d=mm&r=g\",\"caption\":\"Bruce Katz\"},\"url\":\"https:\/\/paju.org\/fr\/author\/chadi\/\"}]}<\/script>\n<!-- \/ Yoast SEO plugin. -->","yoast_head_json":{"title":"T\u00e9moignage de Mustafa Sheta, directeur du th\u00e9\u00e2tre de J\u00e9nine - PAJU","description":"Des jeeps, des v\u00e9hicules blind\u00e9s, des bulldozers militaires ont pris J\u00e9nine d\u2019assaut, affirmant leur domination sur le terrain. Le ciel n\u2019\u00e9tait pas \u00e9pargn\u00e9, puisqu\u2019une multitude de drones planait de fa\u00e7on mena\u00e7ante.","robots":{"index":"index","follow":"follow","max-snippet":"max-snippet:-1","max-image-preview":"max-image-preview:large","max-video-preview":"max-video-preview:-1"},"canonical":"https:\/\/paju.org\/fr\/temoignage-de-mustafa-sheta-directeur-du-theatre-de-jenine\/","og_locale":"fr_FR","og_type":"article","og_title":"T\u00e9moignage de Mustafa Sheta, directeur du th\u00e9\u00e2tre de J\u00e9nine - PAJU","og_description":"Des jeeps, des v\u00e9hicules blind\u00e9s, des bulldozers militaires ont pris J\u00e9nine d\u2019assaut, affirmant leur domination sur le terrain. Le ciel n\u2019\u00e9tait pas \u00e9pargn\u00e9, puisqu\u2019une multitude de drones planait de fa\u00e7on mena\u00e7ante.","og_site_name":"PAJU","article_publisher":"https:\/\/www.facebook.com\/pajumontreal","article_published_time":"2023-07-04T20:09:23+00:00","article_modified_time":"2023-07-05T21:15:41+00:00","og_image":[{"width":640,"height":400,"url":"https:\/\/paju.org\/wp-content\/uploads\/Israeli-attack-on-Jenin-refugee-camp-Jaafar-ASHTIYEH-AFP.jpg","type":"image\/jpeg"}],"author":"Bruce Katz","twitter_card":"summary_large_image","twitter_misc":{"\u00c9crit par":"Bruce Katz","Dur\u00e9e de lecture estim\u00e9e":"3 minutes"},"schema":{"@context":"https:\/\/schema.org","@graph":[{"@type":"Article","@id":"https:\/\/paju.org\/fr\/temoignage-de-mustafa-sheta-directeur-du-theatre-de-jenine\/#article","isPartOf":{"@id":"https:\/\/paju.org\/fr\/temoignage-de-mustafa-sheta-directeur-du-theatre-de-jenine\/"},"author":{"name":"Bruce Katz","@id":"https:\/\/paju.org\/fr\/#\/schema\/person\/6d8aed1579a1f4a97e1c552a5f2a891d"},"headline":"T\u00e9moignage de Mustafa Sheta, directeur du th\u00e9\u00e2tre de J\u00e9nine","datePublished":"2023-07-04T20:09:23+00:00","dateModified":"2023-07-05T21:15:41+00:00","mainEntityOfPage":{"@id":"https:\/\/paju.org\/fr\/temoignage-de-mustafa-sheta-directeur-du-theatre-de-jenine\/"},"wordCount":667,"publisher":{"@id":"https:\/\/paju.org\/fr\/#organization"},"image":{"@id":"https:\/\/paju.org\/fr\/temoignage-de-mustafa-sheta-directeur-du-theatre-de-jenine\/#primaryimage"},"thumbnailUrl":"https:\/\/paju.org\/wp-content\/uploads\/Israeli-attack-on-Jenin-refugee-camp-Jaafar-ASHTIYEH-AFP.jpg","articleSection":["Dossiers"],"inLanguage":"fr-FR"},{"@type":"WebPage","@id":"https:\/\/paju.org\/fr\/temoignage-de-mustafa-sheta-directeur-du-theatre-de-jenine\/","url":"https:\/\/paju.org\/fr\/temoignage-de-mustafa-sheta-directeur-du-theatre-de-jenine\/","name":"T\u00e9moignage de Mustafa Sheta, directeur du th\u00e9\u00e2tre de J\u00e9nine - PAJU","isPartOf":{"@id":"https:\/\/paju.org\/fr\/#website"},"primaryImageOfPage":{"@id":"https:\/\/paju.org\/fr\/temoignage-de-mustafa-sheta-directeur-du-theatre-de-jenine\/#primaryimage"},"image":{"@id":"https:\/\/paju.org\/fr\/temoignage-de-mustafa-sheta-directeur-du-theatre-de-jenine\/#primaryimage"},"thumbnailUrl":"https:\/\/paju.org\/wp-content\/uploads\/Israeli-attack-on-Jenin-refugee-camp-Jaafar-ASHTIYEH-AFP.jpg","datePublished":"2023-07-04T20:09:23+00:00","dateModified":"2023-07-05T21:15:41+00:00","description":"Des jeeps, des v\u00e9hicules blind\u00e9s, des bulldozers militaires ont pris J\u00e9nine d\u2019assaut, affirmant leur domination sur le terrain. Le ciel n\u2019\u00e9tait pas \u00e9pargn\u00e9, puisqu\u2019une multitude de drones planait de fa\u00e7on mena\u00e7ante.","breadcrumb":{"@id":"https:\/\/paju.org\/fr\/temoignage-de-mustafa-sheta-directeur-du-theatre-de-jenine\/#breadcrumb"},"inLanguage":"fr-FR","potentialAction":[{"@type":"ReadAction","target":["https:\/\/paju.org\/fr\/temoignage-de-mustafa-sheta-directeur-du-theatre-de-jenine\/"]}]},{"@type":"ImageObject","inLanguage":"fr-FR","@id":"https:\/\/paju.org\/fr\/temoignage-de-mustafa-sheta-directeur-du-theatre-de-jenine\/#primaryimage","url":"https:\/\/paju.org\/wp-content\/uploads\/Israeli-attack-on-Jenin-refugee-camp-Jaafar-ASHTIYEH-AFP.jpg","contentUrl":"https:\/\/paju.org\/wp-content\/uploads\/Israeli-attack-on-Jenin-refugee-camp-Jaafar-ASHTIYEH-AFP.jpg","width":640,"height":400},{"@type":"BreadcrumbList","@id":"https:\/\/paju.org\/fr\/temoignage-de-mustafa-sheta-directeur-du-theatre-de-jenine\/#breadcrumb","itemListElement":[{"@type":"ListItem","position":1,"name":"Home","item":"https:\/\/paju.org\/fr\/"},{"@type":"ListItem","position":2,"name":"T\u00e9moignage de Mustafa Sheta, directeur du th\u00e9\u00e2tre de J\u00e9nine"}]},{"@type":"WebSite","@id":"https:\/\/paju.org\/fr\/#website","url":"https:\/\/paju.org\/fr\/","name":"PAJU","description":"","publisher":{"@id":"https:\/\/paju.org\/fr\/#organization"},"potentialAction":[{"@type":"SearchAction","target":{"@type":"EntryPoint","urlTemplate":"https:\/\/paju.org\/fr\/?s={search_term_string}"},"query-input":{"@type":"PropertyValueSpecification","valueRequired":true,"valueName":"search_term_string"}}],"inLanguage":"fr-FR"},{"@type":"Organization","@id":"https:\/\/paju.org\/fr\/#organization","name":"Palestinian and Jewish Unity","url":"https:\/\/paju.org\/fr\/","logo":{"@type":"ImageObject","inLanguage":"fr-FR","@id":"https:\/\/paju.org\/fr\/#\/schema\/logo\/image\/","url":"https:\/\/paju.org\/wp-content\/uploads\/PAJU-Logo.png","contentUrl":"https:\/\/paju.org\/wp-content\/uploads\/PAJU-Logo.png","width":696,"height":293,"caption":"Palestinian and Jewish Unity"},"image":{"@id":"https:\/\/paju.org\/fr\/#\/schema\/logo\/image\/"},"sameAs":["https:\/\/www.facebook.com\/pajumontreal","https:\/\/www.instagram.com\/pajumontreal\/"]},{"@type":"Person","@id":"https:\/\/paju.org\/fr\/#\/schema\/person\/6d8aed1579a1f4a97e1c552a5f2a891d","name":"Bruce Katz","image":{"@type":"ImageObject","inLanguage":"fr-FR","@id":"https:\/\/paju.org\/fr\/#\/schema\/person\/image\/","url":"https:\/\/secure.gravatar.com\/avatar\/4c65b2117dbb672d0bda009f0367a4721c9271f1f68b1747fb53d7333079d0f1?s=96&d=mm&r=g","contentUrl":"https:\/\/secure.gravatar.com\/avatar\/4c65b2117dbb672d0bda009f0367a4721c9271f1f68b1747fb53d7333079d0f1?s=96&d=mm&r=g","caption":"Bruce Katz"},"url":"https:\/\/paju.org\/fr\/author\/chadi\/"}]}},"_links":{"self":[{"href":"https:\/\/paju.org\/fr\/wp-json\/wp\/v2\/posts\/248896","targetHints":{"allow":["GET"]}}],"collection":[{"href":"https:\/\/paju.org\/fr\/wp-json\/wp\/v2\/posts"}],"about":[{"href":"https:\/\/paju.org\/fr\/wp-json\/wp\/v2\/types\/post"}],"author":[{"embeddable":true,"href":"https:\/\/paju.org\/fr\/wp-json\/wp\/v2\/users\/4"}],"replies":[{"embeddable":true,"href":"https:\/\/paju.org\/fr\/wp-json\/wp\/v2\/comments?post=248896"}],"version-history":[{"count":1,"href":"https:\/\/paju.org\/fr\/wp-json\/wp\/v2\/posts\/248896\/revisions"}],"predecessor-version":[{"id":248901,"href":"https:\/\/paju.org\/fr\/wp-json\/wp\/v2\/posts\/248896\/revisions\/248901"}],"wp:featuredmedia":[{"embeddable":true,"href":"https:\/\/paju.org\/fr\/wp-json\/wp\/v2\/media\/248899"}],"wp:attachment":[{"href":"https:\/\/paju.org\/fr\/wp-json\/wp\/v2\/media?parent=248896"}],"wp:term":[{"taxonomy":"category","embeddable":true,"href":"https:\/\/paju.org\/fr\/wp-json\/wp\/v2\/categories?post=248896"},{"taxonomy":"post_tag","embeddable":true,"href":"https:\/\/paju.org\/fr\/wp-json\/wp\/v2\/tags?post=248896"}],"curies":[{"name":"wp","href":"https:\/\/api.w.org\/{rel}","templated":true}]}}