{"id":248871,"date":"2023-06-30T15:35:23","date_gmt":"2023-06-30T19:35:23","guid":{"rendered":"https:\/\/paju.org\/?p=248871"},"modified":"2023-06-30T15:41:47","modified_gmt":"2023-06-30T19:41:47","slug":"lautorite-palestinienne-fait-le-travail-pour-nous-netanyahu","status":"publish","type":"post","link":"https:\/\/paju.org\/fr\/lautorite-palestinienne-fait-le-travail-pour-nous-netanyahu\/","title":{"rendered":"\u00abL&#8217;Autorit\u00e9 palestinienne fait le travail pour nous\u00bb : Netanyahu"},"content":{"rendered":"\n<p>Le Premier ministre isra\u00e9lien a soulign\u00e9 que l&#8217;AP \u00ab ne peut pas \u00eatre autoris\u00e9e \u00e0 s&#8217;effondrer \u00bb et que Tel-Aviv doit continuer \u00e0 r\u00e9primer le d\u00e9sir des Palestiniens d&#8217;avoir un \u00c9tat ind\u00e9pendant<\/p>\n\n\n\n<p><strong>Par News Desk \u2013 26 juin 2023<\/strong><\/p>\n\n\n\n<p>Le Premier ministre isra\u00e9lien Benjamin Netanyahu a r\u00e9cemment d\u00e9clar\u00e9 \u00e0 un panel de la Knesset que Tel-Aviv \u00ab <a href=\"https:\/\/www.i24news.tv\/en\/news\/middle-east\/palestinian-territories\/1687763849-netanyahu-says-israel-needs-palestinian-authority-to-function-report\">ne peut pas permettre<\/a> \u00bb l&#8217;effondrement de l&#8217;Autorit\u00e9 palestinienne (AP), soulignant que l&#8217;organisation qui contr\u00f4le la Cisjordanie occup\u00e9e \u00ab <strong>fait le travail pour nous <\/strong>\u00bb, selon le journal isra\u00e9lien <em>Kan<\/em>. .<\/p>\n\n\n\n<p>\u00ab Nous avons besoin de l&#8217;Autorit\u00e9 palestinienne. Nous ne pouvons pas lui permettre de s&#8217;effondrer. Nous ne voulons pas non plus qu&#8217;il s&#8217;effondre. Nous sommes pr\u00eats \u00e0 l&#8217;aider financi\u00e8rement. Nous avons int\u00e9r\u00eat \u00e0 ce que l&#8217;AP continue de travailler. L\u00e0 o\u00f9 il r\u00e9ussit \u00e0 fonctionner, il fait le travail pour nous. <strong>Et nous n&#8217;avons aucun int\u00e9r\u00eat \u00e0 ce qu&#8217;il tombe<\/strong> \u00bb, aurait d\u00e9clar\u00e9 Netanyahu \u00e0 la commission des affaires \u00e9trang\u00e8res et de la s\u00e9curit\u00e9 de la Knesset lors d&#8217;une r\u00e9union \u00e0 huis clos.<\/p>\n\n\n\n<p>Netanyahu a \u00e9galement soulign\u00e9 que \u00ab<strong>l&#8217;ambition des Palestiniens pour un \u00c9tat doit \u00eatre r\u00e9prim\u00e9e<\/strong>\u00bb.<\/p>\n\n\n\n<p>Les <a href=\"https:\/\/thecradle.co\/article-view\/26364\/israel-fears-pa-on-verge-of-collapse-as-west-bank-violence-intensifies\">inqui\u00e9tudes<\/a> grandissent parmi les dirigeants isra\u00e9liens quant \u00e0 la sant\u00e9 du dirigeant de l&#8217;AP Mahmoud Abbas, 87 ans, qui n&#8217;a pas encore nomm\u00e9 de successeur et dont la popularit\u00e9 a chut\u00e9 ces derni\u00e8res ann\u00e9es.<\/p>\n\n\n\n<p>Abbas contr\u00f4le l&#8217;AP et son parti au pouvoir, le Fatah, depuis la mort du dirigeant embl\u00e9matique Yasser Arafat. En janvier 2005, il remporte les \u00e9lections pour succ\u00e9der \u00e0 Arafat avec plus de 60 % des voix. Bien qu&#8217;il ait \u00e9t\u00e9 \u00e9lu pour un mandat de quatre ans, il est rest\u00e9 en fonction depuis, les \u00e9lections pour son rempla\u00e7ant \u00e9tant \u00e0 plusieurs reprises report\u00e9es.<\/p>\n\n\n\n<p>Alors qu&#8217;Abbas a r\u00e9cemment conclu un voyage en Chine, au d\u00e9but du mois, le quotidien libanais <em>Al Akhbar<\/em> a rapport\u00e9 que sa sant\u00e9 se d\u00e9t\u00e9riorait et qu&#8217;il pourrait ne pas \u00eatre en mesure de remplir ses fonctions de chef de l&#8217;AP.<\/p>\n\n\n\n<p><strong>L&#8217;AP entretient depuis longtemps des liens de s\u00e9curit\u00e9 profonds avec l&#8217;arm\u00e9e et les agences de renseignement isra\u00e9liennes pour <a href=\"https:\/\/thecradle.co\/article-view\/22231\/palestinian-authority-scurries-to-stop-new-west-bank-resistance-faction-report\">r\u00e9primer<\/a> la r\u00e9sistance en Cisjordanie tout en r\u00e9primant brutalement les <a href=\"https:\/\/thecradle.co\/article-view\/19582\/family-of-murdered-activist-nizar-banat-take-palestinian-authority-to-icc\">critiques<\/a>.<\/strong><\/p>\n\n\n\n<p>De r\u00e9cents <a href=\"https:\/\/www.pcpsr.org\/en\/node\/940\">sondages<\/a> montrent que les Palestiniens vivant en Cisjordanie occup\u00e9e soutiennent de plus en plus les factions de la r\u00e9sistance bas\u00e9es \u00e0 Gaza comme le Hamas et le Jihad islamique palestinien (JIP).<\/p>\n\n\n\n<p>Les factions de Cisjordanie telles que la Brigade des martyrs d&#8217;Al-Aqsa et la Fosse aux lions (Lions Den) comprennent de nombreux anciens membres de l&#8217;AP et des proches de responsables de l&#8217;AP.<\/p>\n\n\n\n<p>Les commentaires de Netanyahu co\u00efncident avec un pic marqu\u00e9 de violence en Cisjordanie. Les colons isra\u00e9liens ont men\u00e9 des<a href=\"https:\/\/thecradle.co\/article-view\/26381\/israeli-settler-violence-in-west-bank-continues-for-fifth-consecutive-day\"> pogroms<\/a> quotidiens dans des villages de Cisjordanie, incendiant des maisons, des r\u00e9coltes et des v\u00e9hicules.<\/p>\n\n\n\n<p>Les raids violents font suite \u00e0 de multiples op\u00e9rations r\u00e9ussies visant les troupes et les colons isra\u00e9liens men\u00e9es par des factions arm\u00e9es li\u00e9es au JIP. Ces groupes ont \u00e9galement combattu les incursions de l&#8217;arm\u00e9e dans les villes de <a href=\"https:\/\/thecradle.co\/article-view\/26144\/israeli-raid-in-jenin-escalates-into-full-scale-battle\">J\u00e9nin<\/a>e et de <a href=\"https:\/\/thecradle.co\/article-view\/25095\/israeli-forces-kill-three-palestinians-in-largest-nablus-raid-in-years\">Naplouse<\/a>.<\/p>\n\n\n\n<p><strong>SOURCE:<\/strong> <a href=\"https:\/\/thecradle.co\/article-view\/26388\/palestinian-authority-does-the-job-for-us-netanyahu\">\u2018Palestinian Authority does the job for us\u2019: Netanyahu (thecradle.co)<\/a><\/p>\n","protected":false},"excerpt":{"rendered":"<p>Le Premier ministre isra\u00e9lien Benjamin Netanyahu a r\u00e9cemment d\u00e9clar\u00e9 \u00e0 un panel de la Knesset que Tel-Aviv \u00ab ne peut pas permettre \u00bb l&#8217;effondrement de l&#8217;Autorit\u00e9 palestinienne (AP), soulignant que l&#8217;organisation qui contr\u00f4le la Cisjordanie occup\u00e9e \u00ab fait le travail pour nous \u00bb, selon le journal isra\u00e9lien Kan. .<\/p>\n","protected":false},"author":4,"featured_media":248868,"comment_status":"closed","ping_status":"closed","sticky":false,"template":"","format":"standard","meta":{"_acf_changed":false,"_et_pb_use_builder":"","_et_pb_old_content":"","_et_gb_content_width":"","footnotes":""},"categories":[94],"tags":[],"class_list":["post-248871","post","type-post","status-publish","format-standard","has-post-thumbnail","hentry","category-bulletin-fr"],"acf":[],"yoast_head":"<!-- This site is optimized with the Yoast SEO plugin v25.8 - https:\/\/yoast.com\/wordpress\/plugins\/seo\/ -->\n<title>\u00abL&#039;Autorit\u00e9 palestinienne fait le travail pour nous\u00bb : Netanyahu - PAJU<\/title>\n<meta name=\"description\" content=\"Le Premier ministre isra\u00e9lien Netanyahu a soulign\u00e9 que l&#039;AP \u00ab ne peut pas \u00eatre autoris\u00e9e \u00e0 s&#039;effondrer \u00bb et que Tel-Aviv doit continuer \u00e0 r\u00e9primer le d\u00e9sir des Palestiniens d&#039;avoir un \u00c9tat ind\u00e9pendant\" \/>\n<meta name=\"robots\" content=\"index, follow, max-snippet:-1, max-image-preview:large, max-video-preview:-1\" \/>\n<link rel=\"canonical\" href=\"https:\/\/paju.org\/fr\/lautorite-palestinienne-fait-le-travail-pour-nous-netanyahu\/\" \/>\n<meta property=\"og:locale\" content=\"fr_FR\" \/>\n<meta property=\"og:type\" content=\"article\" \/>\n<meta property=\"og:title\" content=\"\u00abL&#039;Autorit\u00e9 palestinienne fait le travail pour nous\u00bb : Netanyahu - PAJU\" \/>\n<meta property=\"og:description\" content=\"Le Premier ministre isra\u00e9lien Netanyahu a soulign\u00e9 que l&#039;AP \u00ab ne peut pas \u00eatre autoris\u00e9e \u00e0 s&#039;effondrer \u00bb et que Tel-Aviv doit continuer \u00e0 r\u00e9primer le d\u00e9sir des Palestiniens d&#039;avoir un \u00c9tat ind\u00e9pendant\" \/>\n<meta property=\"og:site_name\" content=\"PAJU\" \/>\n<meta property=\"article:publisher\" content=\"https:\/\/www.facebook.com\/pajumontreal\" \/>\n<meta property=\"article:published_time\" content=\"2023-06-30T19:35:23+00:00\" \/>\n<meta property=\"article:modified_time\" content=\"2023-06-30T19:41:47+00:00\" \/>\n<meta property=\"og:image\" content=\"https:\/\/paju.org\/wp-content\/uploads\/1280px-Clinton_Netanyahu_Abbas_15_Sep_2010.jpg-Photo-Credit-Wiki-Commons.jpg\" \/>\n\t<meta property=\"og:image:width\" content=\"1093\" \/>\n\t<meta property=\"og:image:height\" content=\"615\" \/>\n\t<meta property=\"og:image:type\" content=\"image\/jpeg\" \/>\n<meta name=\"author\" content=\"Bruce Katz\" \/>\n<meta name=\"twitter:card\" content=\"summary_large_image\" \/>\n<meta name=\"twitter:label1\" content=\"\u00c9crit par\" \/>\n\t<meta name=\"twitter:data1\" content=\"Bruce Katz\" \/>\n\t<meta name=\"twitter:label2\" content=\"Dur\u00e9e de lecture estim\u00e9e\" \/>\n\t<meta name=\"twitter:data2\" content=\"3 minutes\" \/>\n<script type=\"application\/ld+json\" class=\"yoast-schema-graph\">{\"@context\":\"https:\/\/schema.org\",\"@graph\":[{\"@type\":\"Article\",\"@id\":\"https:\/\/paju.org\/fr\/lautorite-palestinienne-fait-le-travail-pour-nous-netanyahu\/#article\",\"isPartOf\":{\"@id\":\"https:\/\/paju.org\/fr\/lautorite-palestinienne-fait-le-travail-pour-nous-netanyahu\/\"},\"author\":{\"name\":\"Bruce Katz\",\"@id\":\"https:\/\/paju.org\/fr\/#\/schema\/person\/6d8aed1579a1f4a97e1c552a5f2a891d\"},\"headline\":\"\u00abL&#8217;Autorit\u00e9 palestinienne fait le travail pour nous\u00bb : Netanyahu\",\"datePublished\":\"2023-06-30T19:35:23+00:00\",\"dateModified\":\"2023-06-30T19:41:47+00:00\",\"mainEntityOfPage\":{\"@id\":\"https:\/\/paju.org\/fr\/lautorite-palestinienne-fait-le-travail-pour-nous-netanyahu\/\"},\"wordCount\":572,\"publisher\":{\"@id\":\"https:\/\/paju.org\/fr\/#organization\"},\"image\":{\"@id\":\"https:\/\/paju.org\/fr\/lautorite-palestinienne-fait-le-travail-pour-nous-netanyahu\/#primaryimage\"},\"thumbnailUrl\":\"https:\/\/paju.org\/wp-content\/uploads\/1280px-Clinton_Netanyahu_Abbas_15_Sep_2010.jpg-Photo-Credit-Wiki-Commons.jpg\",\"articleSection\":[\"Notre bulletin\"],\"inLanguage\":\"fr-FR\"},{\"@type\":\"WebPage\",\"@id\":\"https:\/\/paju.org\/fr\/lautorite-palestinienne-fait-le-travail-pour-nous-netanyahu\/\",\"url\":\"https:\/\/paju.org\/fr\/lautorite-palestinienne-fait-le-travail-pour-nous-netanyahu\/\",\"name\":\"\u00abL'Autorit\u00e9 palestinienne fait le travail pour nous\u00bb : Netanyahu - PAJU\",\"isPartOf\":{\"@id\":\"https:\/\/paju.org\/fr\/#website\"},\"primaryImageOfPage\":{\"@id\":\"https:\/\/paju.org\/fr\/lautorite-palestinienne-fait-le-travail-pour-nous-netanyahu\/#primaryimage\"},\"image\":{\"@id\":\"https:\/\/paju.org\/fr\/lautorite-palestinienne-fait-le-travail-pour-nous-netanyahu\/#primaryimage\"},\"thumbnailUrl\":\"https:\/\/paju.org\/wp-content\/uploads\/1280px-Clinton_Netanyahu_Abbas_15_Sep_2010.jpg-Photo-Credit-Wiki-Commons.jpg\",\"datePublished\":\"2023-06-30T19:35:23+00:00\",\"dateModified\":\"2023-06-30T19:41:47+00:00\",\"description\":\"Le Premier ministre isra\u00e9lien Netanyahu a soulign\u00e9 que l'AP \u00ab ne peut pas \u00eatre autoris\u00e9e \u00e0 s'effondrer \u00bb et que Tel-Aviv doit continuer \u00e0 r\u00e9primer le d\u00e9sir des Palestiniens d'avoir un \u00c9tat ind\u00e9pendant\",\"breadcrumb\":{\"@id\":\"https:\/\/paju.org\/fr\/lautorite-palestinienne-fait-le-travail-pour-nous-netanyahu\/#breadcrumb\"},\"inLanguage\":\"fr-FR\",\"potentialAction\":[{\"@type\":\"ReadAction\",\"target\":[\"https:\/\/paju.org\/fr\/lautorite-palestinienne-fait-le-travail-pour-nous-netanyahu\/\"]}]},{\"@type\":\"ImageObject\",\"inLanguage\":\"fr-FR\",\"@id\":\"https:\/\/paju.org\/fr\/lautorite-palestinienne-fait-le-travail-pour-nous-netanyahu\/#primaryimage\",\"url\":\"https:\/\/paju.org\/wp-content\/uploads\/1280px-Clinton_Netanyahu_Abbas_15_Sep_2010.jpg-Photo-Credit-Wiki-Commons.jpg\",\"contentUrl\":\"https:\/\/paju.org\/wp-content\/uploads\/1280px-Clinton_Netanyahu_Abbas_15_Sep_2010.jpg-Photo-Credit-Wiki-Commons.jpg\",\"width\":1093,\"height\":615},{\"@type\":\"BreadcrumbList\",\"@id\":\"https:\/\/paju.org\/fr\/lautorite-palestinienne-fait-le-travail-pour-nous-netanyahu\/#breadcrumb\",\"itemListElement\":[{\"@type\":\"ListItem\",\"position\":1,\"name\":\"Home\",\"item\":\"https:\/\/paju.org\/fr\/\"},{\"@type\":\"ListItem\",\"position\":2,\"name\":\"\u00abL&#8217;Autorit\u00e9 palestinienne fait le travail pour nous\u00bb : Netanyahu\"}]},{\"@type\":\"WebSite\",\"@id\":\"https:\/\/paju.org\/fr\/#website\",\"url\":\"https:\/\/paju.org\/fr\/\",\"name\":\"PAJU\",\"description\":\"\",\"publisher\":{\"@id\":\"https:\/\/paju.org\/fr\/#organization\"},\"potentialAction\":[{\"@type\":\"SearchAction\",\"target\":{\"@type\":\"EntryPoint\",\"urlTemplate\":\"https:\/\/paju.org\/fr\/?s={search_term_string}\"},\"query-input\":{\"@type\":\"PropertyValueSpecification\",\"valueRequired\":true,\"valueName\":\"search_term_string\"}}],\"inLanguage\":\"fr-FR\"},{\"@type\":\"Organization\",\"@id\":\"https:\/\/paju.org\/fr\/#organization\",\"name\":\"Palestinian and Jewish Unity\",\"url\":\"https:\/\/paju.org\/fr\/\",\"logo\":{\"@type\":\"ImageObject\",\"inLanguage\":\"fr-FR\",\"@id\":\"https:\/\/paju.org\/fr\/#\/schema\/logo\/image\/\",\"url\":\"https:\/\/paju.org\/wp-content\/uploads\/PAJU-Logo.png\",\"contentUrl\":\"https:\/\/paju.org\/wp-content\/uploads\/PAJU-Logo.png\",\"width\":696,\"height\":293,\"caption\":\"Palestinian and Jewish Unity\"},\"image\":{\"@id\":\"https:\/\/paju.org\/fr\/#\/schema\/logo\/image\/\"},\"sameAs\":[\"https:\/\/www.facebook.com\/pajumontreal\",\"https:\/\/www.instagram.com\/pajumontreal\/\"]},{\"@type\":\"Person\",\"@id\":\"https:\/\/paju.org\/fr\/#\/schema\/person\/6d8aed1579a1f4a97e1c552a5f2a891d\",\"name\":\"Bruce Katz\",\"image\":{\"@type\":\"ImageObject\",\"inLanguage\":\"fr-FR\",\"@id\":\"https:\/\/paju.org\/fr\/#\/schema\/person\/image\/\",\"url\":\"https:\/\/secure.gravatar.com\/avatar\/4c65b2117dbb672d0bda009f0367a4721c9271f1f68b1747fb53d7333079d0f1?s=96&d=mm&r=g\",\"contentUrl\":\"https:\/\/secure.gravatar.com\/avatar\/4c65b2117dbb672d0bda009f0367a4721c9271f1f68b1747fb53d7333079d0f1?s=96&d=mm&r=g\",\"caption\":\"Bruce Katz\"},\"url\":\"https:\/\/paju.org\/fr\/author\/chadi\/\"}]}<\/script>\n<!-- \/ Yoast SEO plugin. -->","yoast_head_json":{"title":"\u00abL'Autorit\u00e9 palestinienne fait le travail pour nous\u00bb : Netanyahu - PAJU","description":"Le Premier ministre isra\u00e9lien Netanyahu a soulign\u00e9 que l'AP \u00ab ne peut pas \u00eatre autoris\u00e9e \u00e0 s'effondrer \u00bb et que Tel-Aviv doit continuer \u00e0 r\u00e9primer le d\u00e9sir des Palestiniens d'avoir un \u00c9tat ind\u00e9pendant","robots":{"index":"index","follow":"follow","max-snippet":"max-snippet:-1","max-image-preview":"max-image-preview:large","max-video-preview":"max-video-preview:-1"},"canonical":"https:\/\/paju.org\/fr\/lautorite-palestinienne-fait-le-travail-pour-nous-netanyahu\/","og_locale":"fr_FR","og_type":"article","og_title":"\u00abL'Autorit\u00e9 palestinienne fait le travail pour nous\u00bb : Netanyahu - PAJU","og_description":"Le Premier ministre isra\u00e9lien Netanyahu a soulign\u00e9 que l'AP \u00ab ne peut pas \u00eatre autoris\u00e9e \u00e0 s'effondrer \u00bb et que Tel-Aviv doit continuer \u00e0 r\u00e9primer le d\u00e9sir des Palestiniens d'avoir un \u00c9tat ind\u00e9pendant","og_site_name":"PAJU","article_publisher":"https:\/\/www.facebook.com\/pajumontreal","article_published_time":"2023-06-30T19:35:23+00:00","article_modified_time":"2023-06-30T19:41:47+00:00","og_image":[{"width":1093,"height":615,"url":"https:\/\/paju.org\/wp-content\/uploads\/1280px-Clinton_Netanyahu_Abbas_15_Sep_2010.jpg-Photo-Credit-Wiki-Commons.jpg","type":"image\/jpeg"}],"author":"Bruce Katz","twitter_card":"summary_large_image","twitter_misc":{"\u00c9crit par":"Bruce Katz","Dur\u00e9e de lecture estim\u00e9e":"3 minutes"},"schema":{"@context":"https:\/\/schema.org","@graph":[{"@type":"Article","@id":"https:\/\/paju.org\/fr\/lautorite-palestinienne-fait-le-travail-pour-nous-netanyahu\/#article","isPartOf":{"@id":"https:\/\/paju.org\/fr\/lautorite-palestinienne-fait-le-travail-pour-nous-netanyahu\/"},"author":{"name":"Bruce Katz","@id":"https:\/\/paju.org\/fr\/#\/schema\/person\/6d8aed1579a1f4a97e1c552a5f2a891d"},"headline":"\u00abL&#8217;Autorit\u00e9 palestinienne fait le travail pour nous\u00bb : Netanyahu","datePublished":"2023-06-30T19:35:23+00:00","dateModified":"2023-06-30T19:41:47+00:00","mainEntityOfPage":{"@id":"https:\/\/paju.org\/fr\/lautorite-palestinienne-fait-le-travail-pour-nous-netanyahu\/"},"wordCount":572,"publisher":{"@id":"https:\/\/paju.org\/fr\/#organization"},"image":{"@id":"https:\/\/paju.org\/fr\/lautorite-palestinienne-fait-le-travail-pour-nous-netanyahu\/#primaryimage"},"thumbnailUrl":"https:\/\/paju.org\/wp-content\/uploads\/1280px-Clinton_Netanyahu_Abbas_15_Sep_2010.jpg-Photo-Credit-Wiki-Commons.jpg","articleSection":["Notre bulletin"],"inLanguage":"fr-FR"},{"@type":"WebPage","@id":"https:\/\/paju.org\/fr\/lautorite-palestinienne-fait-le-travail-pour-nous-netanyahu\/","url":"https:\/\/paju.org\/fr\/lautorite-palestinienne-fait-le-travail-pour-nous-netanyahu\/","name":"\u00abL'Autorit\u00e9 palestinienne fait le travail pour nous\u00bb : Netanyahu - PAJU","isPartOf":{"@id":"https:\/\/paju.org\/fr\/#website"},"primaryImageOfPage":{"@id":"https:\/\/paju.org\/fr\/lautorite-palestinienne-fait-le-travail-pour-nous-netanyahu\/#primaryimage"},"image":{"@id":"https:\/\/paju.org\/fr\/lautorite-palestinienne-fait-le-travail-pour-nous-netanyahu\/#primaryimage"},"thumbnailUrl":"https:\/\/paju.org\/wp-content\/uploads\/1280px-Clinton_Netanyahu_Abbas_15_Sep_2010.jpg-Photo-Credit-Wiki-Commons.jpg","datePublished":"2023-06-30T19:35:23+00:00","dateModified":"2023-06-30T19:41:47+00:00","description":"Le Premier ministre isra\u00e9lien Netanyahu a soulign\u00e9 que l'AP \u00ab ne peut pas \u00eatre autoris\u00e9e \u00e0 s'effondrer \u00bb et que Tel-Aviv doit continuer \u00e0 r\u00e9primer le d\u00e9sir des Palestiniens d'avoir un \u00c9tat ind\u00e9pendant","breadcrumb":{"@id":"https:\/\/paju.org\/fr\/lautorite-palestinienne-fait-le-travail-pour-nous-netanyahu\/#breadcrumb"},"inLanguage":"fr-FR","potentialAction":[{"@type":"ReadAction","target":["https:\/\/paju.org\/fr\/lautorite-palestinienne-fait-le-travail-pour-nous-netanyahu\/"]}]},{"@type":"ImageObject","inLanguage":"fr-FR","@id":"https:\/\/paju.org\/fr\/lautorite-palestinienne-fait-le-travail-pour-nous-netanyahu\/#primaryimage","url":"https:\/\/paju.org\/wp-content\/uploads\/1280px-Clinton_Netanyahu_Abbas_15_Sep_2010.jpg-Photo-Credit-Wiki-Commons.jpg","contentUrl":"https:\/\/paju.org\/wp-content\/uploads\/1280px-Clinton_Netanyahu_Abbas_15_Sep_2010.jpg-Photo-Credit-Wiki-Commons.jpg","width":1093,"height":615},{"@type":"BreadcrumbList","@id":"https:\/\/paju.org\/fr\/lautorite-palestinienne-fait-le-travail-pour-nous-netanyahu\/#breadcrumb","itemListElement":[{"@type":"ListItem","position":1,"name":"Home","item":"https:\/\/paju.org\/fr\/"},{"@type":"ListItem","position":2,"name":"\u00abL&#8217;Autorit\u00e9 palestinienne fait le travail pour nous\u00bb : Netanyahu"}]},{"@type":"WebSite","@id":"https:\/\/paju.org\/fr\/#website","url":"https:\/\/paju.org\/fr\/","name":"PAJU","description":"","publisher":{"@id":"https:\/\/paju.org\/fr\/#organization"},"potentialAction":[{"@type":"SearchAction","target":{"@type":"EntryPoint","urlTemplate":"https:\/\/paju.org\/fr\/?s={search_term_string}"},"query-input":{"@type":"PropertyValueSpecification","valueRequired":true,"valueName":"search_term_string"}}],"inLanguage":"fr-FR"},{"@type":"Organization","@id":"https:\/\/paju.org\/fr\/#organization","name":"Palestinian and Jewish Unity","url":"https:\/\/paju.org\/fr\/","logo":{"@type":"ImageObject","inLanguage":"fr-FR","@id":"https:\/\/paju.org\/fr\/#\/schema\/logo\/image\/","url":"https:\/\/paju.org\/wp-content\/uploads\/PAJU-Logo.png","contentUrl":"https:\/\/paju.org\/wp-content\/uploads\/PAJU-Logo.png","width":696,"height":293,"caption":"Palestinian and Jewish Unity"},"image":{"@id":"https:\/\/paju.org\/fr\/#\/schema\/logo\/image\/"},"sameAs":["https:\/\/www.facebook.com\/pajumontreal","https:\/\/www.instagram.com\/pajumontreal\/"]},{"@type":"Person","@id":"https:\/\/paju.org\/fr\/#\/schema\/person\/6d8aed1579a1f4a97e1c552a5f2a891d","name":"Bruce Katz","image":{"@type":"ImageObject","inLanguage":"fr-FR","@id":"https:\/\/paju.org\/fr\/#\/schema\/person\/image\/","url":"https:\/\/secure.gravatar.com\/avatar\/4c65b2117dbb672d0bda009f0367a4721c9271f1f68b1747fb53d7333079d0f1?s=96&d=mm&r=g","contentUrl":"https:\/\/secure.gravatar.com\/avatar\/4c65b2117dbb672d0bda009f0367a4721c9271f1f68b1747fb53d7333079d0f1?s=96&d=mm&r=g","caption":"Bruce Katz"},"url":"https:\/\/paju.org\/fr\/author\/chadi\/"}]}},"_links":{"self":[{"href":"https:\/\/paju.org\/fr\/wp-json\/wp\/v2\/posts\/248871","targetHints":{"allow":["GET"]}}],"collection":[{"href":"https:\/\/paju.org\/fr\/wp-json\/wp\/v2\/posts"}],"about":[{"href":"https:\/\/paju.org\/fr\/wp-json\/wp\/v2\/types\/post"}],"author":[{"embeddable":true,"href":"https:\/\/paju.org\/fr\/wp-json\/wp\/v2\/users\/4"}],"replies":[{"embeddable":true,"href":"https:\/\/paju.org\/fr\/wp-json\/wp\/v2\/comments?post=248871"}],"version-history":[{"count":2,"href":"https:\/\/paju.org\/fr\/wp-json\/wp\/v2\/posts\/248871\/revisions"}],"predecessor-version":[{"id":248874,"href":"https:\/\/paju.org\/fr\/wp-json\/wp\/v2\/posts\/248871\/revisions\/248874"}],"wp:featuredmedia":[{"embeddable":true,"href":"https:\/\/paju.org\/fr\/wp-json\/wp\/v2\/media\/248868"}],"wp:attachment":[{"href":"https:\/\/paju.org\/fr\/wp-json\/wp\/v2\/media?parent=248871"}],"wp:term":[{"taxonomy":"category","embeddable":true,"href":"https:\/\/paju.org\/fr\/wp-json\/wp\/v2\/categories?post=248871"},{"taxonomy":"post_tag","embeddable":true,"href":"https:\/\/paju.org\/fr\/wp-json\/wp\/v2\/tags?post=248871"}],"curies":[{"name":"wp","href":"https:\/\/api.w.org\/{rel}","templated":true}]}}