{"id":248809,"date":"2023-06-23T15:45:01","date_gmt":"2023-06-23T19:45:01","guid":{"rendered":"https:\/\/paju.org\/?p=248809"},"modified":"2023-06-23T15:54:57","modified_gmt":"2023-06-23T19:54:57","slug":"tothepointanalyses-com","status":"publish","type":"post","link":"https:\/\/paju.org\/fr\/tothepointanalyses-com\/","title":{"rendered":"Les sionistes d\u00e9tournent la lutte contre l&#8217;antis\u00e9mitisme &#8211; Une analyse"},"content":{"rendered":"\n<p><strong>Par Lawrence Davidson (12 juin 2023)<\/strong><\/p>\n\n\n\n<p><strong><a href=\"https:\/\/tothepointanalyses.com\/home\/\">Blog \u2013 tothepointanalyses.com<\/a><\/strong><strong><\/strong><\/p>\n\n\n\n<p><strong>Partie I &#8211; Un diff\u00e9rend d\u00e9finitionnel<\/strong><\/p>\n\n\n\n<p>Le 25 mai 2023, l&#8217;administration Biden a publi\u00e9 un plan de 60 pages pour lutter contre l&#8217;antis\u00e9mitisme aux \u00c9tats-Unis. En r\u00e8gle g\u00e9n\u00e9rale, l&#8217;antis\u00e9mitisme n&#8217;est qu&#8217;un des nombreux pr\u00e9jug\u00e9s raciaux et ethniques violents, m\u00eame s&#8217;il est historiquement significatif. Au cours des derni\u00e8res d\u00e9cennies, il y a eu une explosion de haine et de pr\u00e9jug\u00e9s qui nuit \u00e0 de nombreux groupes dans le monde. Il semble faire partie d&#8217;un fascisme renaissant qui, \u00e0 son tour, semble \u00eatre une r\u00e9action contre les tendances lib\u00e9rales. Ce processus r\u00e9actionnaire a frapp\u00e9 les \u00c9tats-Unis et personne ne devrait douter de la gravit\u00e9 du probl\u00e8me de la haine ethnique ici au \u00ab pays de la libert\u00e9 \u00bb. Chaque groupe minoritaire du pays en souffre.&nbsp; <em>Jewish Voice for Peace<\/em> a correctement contextualis\u00e9 la lutte contre l&#8217;antis\u00e9mitisme lorsqu&#8217;il nous dit qu&#8217;\u00ab \u00e0 une \u00e9poque o\u00f9 les dangers du nationalisme blanc, y compris le racisme, l&#8217;antis\u00e9mitisme et l&#8217;islamophobie, ne sont que trop apparents, la n\u00e9cessit\u00e9 de construire la s\u00e9curit\u00e9 pour tous n&#8217;a jamais \u00e9t\u00e9 plus grand. \u00bb&nbsp; La s\u00e9curit\u00e9 des Juifs est li\u00e9e \u00e0 la s\u00e9curit\u00e9 des autres.<\/p>\n\n\n\n<p>N\u00e9anmoins, l&#8217;antis\u00e9mitisme aux \u00c9tats-Unis a attir\u00e9 une attention particuli\u00e8re de la part du gouvernement f\u00e9d\u00e9ral parce que (1) les Juifs peuvent rassembler les horreurs du pass\u00e9 avec les explosions de haine du pr\u00e9sent, et (2) exercer le poids politique d&#8217;un&nbsp; lobby bien organis\u00e9, d&#8217;o\u00f9 le r\u00e9cent rapport qui appelle \u00e0 une guerre de toutes les instances contre l&#8217;antis\u00e9mitisme \u00e0 presque tous les niveaux de la soci\u00e9t\u00e9.<\/p>\n\n\n\n<p>Il peut donc \u00eatre surprenant que la principale controverse d\u00e9coulant du plan Biden porte sur la d\u00e9finition de l&#8217;antis\u00e9mitisme. Par exemple, bien qu&#8217;abordant la question dans un seul paragraphe, le rapport de l&#8217;administration reconna\u00eet que la d\u00e9finition est contest\u00e9e. \u00ab Il existe plusieurs d\u00e9finitions de l&#8217;antis\u00e9mitisme&#8230; La plus importante est la \u00abd\u00e9finition de travail\u00bb non juridiquement contraignante de l&#8217;antis\u00e9mitisme adopt\u00e9e en 2016 par les 31 \u00c9tats membres de l<em>&#8216;International Holocaust Remembrance Alliance <\/em>(IHRA), que les \u00c9tats-Unis ont adopt\u00e9e. En outre, l&#8217;administration salue et appr\u00e9cie le document <em>Nexus<\/em> et note d&#8217;autres efforts de ce type.&nbsp;\u00bb<\/p>\n\n\n\n<p>Pour clarifier la question, la d\u00e9finition de l&#8217;IHRA de l&#8217;antis\u00e9mitisme se lit comme suit : \u00ab L&#8217;antis\u00e9mitisme est une certaine perception des Juifs, qui peut s&#8217;exprimer par la haine envers les Juifs. Les manifestations rh\u00e9toriques et physiques de l&#8217;antis\u00e9mitisme sont dirig\u00e9es contre des individus juifs ou non juifs et\/ou leurs biens, vers des institutions communautaires juives et des \u00e9tablissements religieux\u00bb. C&#8217;est standard dans la mesure o\u00f9 il va. Les probl\u00e8mes commencent \u00e0 appara\u00eetre lorsque l&#8217;Alliance \u00e9num\u00e8re des exemples qu&#8217;elle consid\u00e8re comme antis\u00e9mites &#8211; en particulier, \u00abRefuser au peuple juif son droit \u00e0 l&#8217;autod\u00e9termination, par exemple en affirmant que l&#8217;existence d&#8217;un \u00c9tat d&#8217;Isra\u00ebl est une entreprise raciste\u00bb. Ce n&#8217;est pas un hasard si la plupart des organisations juives \u00e9tablies et plus anciennes ayant des liens \u00e9troits avec Isra\u00ebl se sont accroch\u00e9es \u00e0 cet exemple et l&#8217;ont utilis\u00e9 comme une arme contre ceux qui critiquent les politiques et les pratiques de l&#8217;\u00c9tat sioniste envers les citoyens et les sujets non juifs, en particulier les Palestiniens.<\/p>\n\n\n\n<p>Mentionner le document de l&#8217;IHRA sur l&#8217;antis\u00e9mitisme, et encore moins le qualifier du \u00abplus important\u00bb et celui que les \u00c9tats-Unis \u00abont adopt\u00e9\u00bb \u00e9tait une erreur de la part de l&#8217;administration Biden. Il en est ainsi pour plusieurs raisons : (1) Il a imm\u00e9diatement d\u00e9tourn\u00e9 l&#8217;attention du rapport et de ses objectifs vers la controverse sur la d\u00e9finition. (2) Il a confirm\u00e9 que le gouvernement avait pris parti dans cette pol\u00e9mique. (3) Cela a compliqu\u00e9 la lutte contre l&#8217;antis\u00e9mitisme en annon\u00e7ant publiquement que l&#8217;administration \u00e9tait pr\u00eate \u00e0 ignorer le fait <em>prima facie<\/em> qu&#8217;Isra\u00ebl a \u00e9t\u00e9 document\u00e9 comme \u00e9tant en fait \u00abune entreprise raciste\u00bb. Toutes les organisations de d\u00e9fense des droits de la personne tr\u00e8s respect\u00e9es en Occident, telles que <em>Human Rights Watch<\/em>, <em>Amnestie Internationale<\/em>, le Bureau des droits de la personne des Nations Unies et<em> B&#8217;Tselem<\/em>, parmi tant d&#8217;autres, ont expos\u00e9 cet acte d&#8217;accusation en d\u00e9tail.<\/p>\n\n\n\n<p>Il est probable que l&#8217;administration Biden ait commis cette erreur les yeux grands ouverts. Et c&#8217;est probablement le sionisme autoproclam\u00e9 du pr\u00e9sident Biden qui l&#8217;a dict\u00e9. Pourtant, comme un os jet\u00e9 \u00e0 ceux qui poss\u00e8dent les faits, l&#8217;administration a \u00e9galement mentionn\u00e9 qu&#8217;il existe d&#8217;autres d\u00e9finitions de l&#8217;antis\u00e9mitisme qu&#8217;elle \u00abaccueille et appr\u00e9cie\u00bb&nbsp; comme la d\u00e9finition de <em>Nexus<\/em>. Cette d\u00e9finition se lit comme suit : \u00ab L&#8217;antis\u00e9mitisme consiste en des croyances, des attitudes, des actions ou des conditions syst\u00e9miques anti-juives. Cela comprend des croyances et des sentiments n\u00e9gatifs \u00e0 l&#8217;\u00e9gard des juifs, un comportement hostile dirig\u00e9 contre les juifs (parce qu&#8217;ils sont juifs) et des conditions qui discriminent les juifs et entravent consid\u00e9rablement leur capacit\u00e9 \u00e0 participer sur un pied d&#8217;\u00e9galit\u00e9 \u00e0 la vie politique, religieuse, culturelle, \u00e9conomique ou sociale. Le document Nexus reconna\u00eet que ceux qui ha\u00efssent les juifs \u00ab parce qu&#8217;ils sont juifs \u00bb peuvent aussi ha\u00efr Isra\u00ebl. Cependant, il contient une liste d&#8217;actions qui ne peuvent pas \u00eatre jug\u00e9es antis\u00e9mites. Par exemple, \u00ab&nbsp;la critique du sionisme et d&#8217;Isra\u00ebl, l&#8217;opposition \u00e0 la politique d&#8217;Isra\u00ebl ou l&#8217;action politique non violente dirig\u00e9e contre l&#8217;\u00c9tat d&#8217;Isra\u00ebl et\/ou ses politiques ne doivent pas, en tant que telles, \u00eatre consid\u00e9r\u00e9es comme antis\u00e9mites&nbsp;\u00bb. Cette approche est nuanc\u00e9e pour bien s&#8217;adapter au principe am\u00e9ricain de la libert\u00e9 d&#8217;expression et \u00e9vite le probl\u00e8me au c\u0153ur de la d\u00e9claration de l&#8217;IHRA.<\/p>\n\n\n\n<p><strong>Partie II &#8211; L&#8217;erreur de cat\u00e9gorie de l&#8217;IHRA<\/strong><\/p>\n\n\n\n<p>La controverse sur la d\u00e9finition ne s&#8217;est pas concentr\u00e9e sur les traits sociopathiques traditionnels tels que la haine des Juifs. Tout le monde s&#8217;accorde \u00e0 dire qu&#8217;une telle attitude et les comportements qui y sont associ\u00e9s sont antis\u00e9mites. Au contraire, le d\u00e9bat se concentre sur ce qui est, par essence, une question politique : s&#8217;il peut y avoir une critique l\u00e9gitime du projet sioniste d&#8217;Isra\u00ebl. Si on pense que cela pourrait refl\u00e9ter une erreur de cat\u00e9gorie, on a raison.<\/p>\n\n\n\n<p>Isra\u00ebl est un \u00c9tat-nation (une cat\u00e9gorie) dont les dirigeants ont pr\u00e9tendu arbitrairement repr\u00e9senter tous les Juifs du monde (une cat\u00e9gorie qualitativement diff\u00e9rente). Par exemple, les objectifs publi\u00e9s de la Mission permanente d&#8217;Isra\u00ebl aupr\u00e8s des Nations Unies indiquent qu&#8217;elle \u00abrepr\u00e9sente l&#8217;\u00c9tat d&#8217;Isra\u00ebl, ses citoyens et le peuple juif sur la sc\u00e8ne mondiale\u00bb. Cette affirmation ne peut \u00eatre justifi\u00e9e pour deux raisons (1) il y a des dizaines de milliers (le nombre ne cesse de cro\u00eetre) de Juifs \u00e9trangers \u00e0 Isra\u00ebl qui ne veulent pas \u00eatre repr\u00e9sent\u00e9s par cet \u00c9tat. Beaucoup sont neutres vis-\u00e0-vis d&#8217;Isra\u00ebl et beaucoup d&#8217;autres sont constern\u00e9s par l&#8217;id\u00e9ologie sioniste d&#8217;Isra\u00ebl et le comportement raciste qu&#8217;elle a g\u00e9n\u00e9r\u00e9, et (2) la revendication de repr\u00e9sentation est remise en question par les positions prises par l&#8217;administration rabbinique contr\u00f4lant les pratiques religieuses en Isra\u00ebl. Ce sont des rabbins orthodoxes et ultra-orthodoxes qui croient que les Juifs qui ne pratiquent pas la religion comme ils le font &#8211; ce qui se trouve \u00eatre la plupart des Juifs aux \u00c9tats-Unis et en Europe &#8211; ne sont pas de vrais Juifs. Ainsi, les dirigeants isra\u00e9liens sont pris dans un dilemme. Ils pr\u00e9tendent repr\u00e9senter une communaut\u00e9 de diaspora de juifs, dont beaucoup selon leurs rabbins \u00ab officiels \u00bb ne sont pas vraiment juifs.<\/p>\n\n\n\n<p>Laissant de c\u00f4t\u00e9 le probl\u00e8me de \u00ab qui est juif \u00bb, Isra\u00ebl met en \u0153uvre des politiques et des pratiques qui ont produit une discrimination institutionnelle et juridique contre les non-juifs. C&#8217;est peut-\u00eatre un r\u00e9sultat in\u00e9vitable de la conception d&#8217;un \u00c9tat pour un groupe sur un territoire inond\u00e9 de nombreux groupes. L&#8217;effort a tellement progress\u00e9 qu&#8217;il est maintenant d&#8217;appeler Isra\u00ebl un \u00c9tat d&#8217;apartheid. La critique de ces politiques et pratiques est-elle la m\u00eame chose que l&#8217;antis\u00e9mitisme ? Ceux qui critiquent le racisme officiel d&#8217;Isra\u00ebl d\u00e9testent-ils les Juifs ? Encore une fois, une partie du probl\u00e8me avec l&#8217;argument sioniste est que bon nombre des critiques sont juifs (malgr\u00e9 ce que pourraient dire les rabbins antiquaires). En r\u00e9ponse, les promoteurs d&#8217;Isra\u00ebl, le terme descriptif ici est \u00absionistes politiques\u00bb, ont, une fois de plus arbitrairement, invent\u00e9 une classe de personnes qu&#8217;ils appellent les juifs qui se d\u00e9testent &#8211; cela est suppos\u00e9 expliquer l&#8217;opposition juive \u00e0 l&#8217;Isra\u00ebl sioniste.<\/p>\n\n\n\n<p><strong>Partie III \u2014 Le cas de Jonathan Greenblatt<\/strong><\/p>\n\n\n\n<p>L&#8217;un de ces sionistes politiques, qui affirme que lui et son organisation ont beaucoup \u00e0 voir avec le plan Biden, est Jonathan Greenblatt, PDG de l&#8217;<em>Anti-Defamation League <\/em>(ADL). Greenblatt affirme que l&#8217;effort de l&#8217;administration s&#8217;inspire \u00ablargement de nos plans et de nos recommandations. Mon \u00e9quipe collaborait activement avec le comit\u00e9 politique inter-institutions qui a dot\u00e9 et dirig\u00e9 ce projet.&nbsp;\u00bb Cela pourrait \u00eatre le cas, car le gouvernement am\u00e9ricain n&#8217;a pas reconnu publiquement \u00e0 quel point l&#8217;ADL et la plupart des autres organisations juives am\u00e9ricaines traditionnelles sont devenues radicales dans la d\u00e9fense d&#8217;Isra\u00ebl. Ainsi, Greenblatt est convaincu que l&#8217;administration Biden est d\u00e9sormais pleinement d&#8217;accord avec la d\u00e9finition de l&#8217;antis\u00e9mitisme de l&#8217;IHRA. \u00abLe plan de la Maison Blanche \u00e9l\u00e8ve et adopte l&#8217;IHRA comme la d\u00e9finition pr\u00e9\u00e9minente qu&#8217;elle utilise maintenant pour comprendre l&#8217;antis\u00e9mitisme sous toutes ses formes.&#8221; Il rejette le document Nexus comme un \u00abdocument suppl\u00e9mentaire\u00bb.<\/p>\n\n\n\n<p>Il faut \u00eatre tr\u00e8s m\u00e9fiant quant \u00e0 la capacit\u00e9 de Greenblatt \u00e0 acc\u00e9der, et encore moins \u00e0 analyser, la culture et la politique am\u00e9ricaines en \u00e9volution rapide en ce qui concerne l&#8217;Isra\u00ebl sioniste. Comme je l&#8217;ai not\u00e9 dans une analyse ant\u00e9rieure (17 novembre 2022), il offre une image remarquablement inexacte de l&#8217;id\u00e9ologie officielle d&#8217;Isra\u00ebl. Il nous dit : \u00ab Le sionisme n&#8217;est pas seulement une lumi\u00e8re pour le peuple juif, c&#8217;est un mouvement de lib\u00e9ration pour tous. Nous devons y puiser de la force, nous devons nous en inspirer et nous devons le partager avec le monde\u00bb. Ce m\u00eame argument biais\u00e9 a \u00e9t\u00e9 utilis\u00e9 par les sionistes au milieu des ann\u00e9es 1940 &#8211; alors qu&#8217;ils promouvaient un projet de colonisation pendant une p\u00e9riode marqu\u00e9e par la d\u00e9colonisation. D&#8217;une mani\u00e8re ou d&#8217;une autre, Greenblatt s&#8217;est aussi mis dans la t\u00eate que \u00ables Palestiniens devraient embrasser le sionisme\u00bb. Aussi compl\u00e8tement d\u00e9lirant que cela puisse para\u00eetre, Greenblatt relance \u00e0 nouveau un stratag\u00e8me ant\u00e9rieur. Le <em>New York Times<\/em> rapporta au d\u00e9but d&#8217;avril 1921 que Winston Churchill (alors secr\u00e9taire colonial) s&#8217;\u00e9tait rendu \u00e0 J\u00e9rusalem et avait rencontr\u00e9 des dirigeants palestiniens locaux. Il leur a dit que la cr\u00e9ation d&#8217;un foyer national juif en Palestine serait \u00abbonne pour les Arabes vivant en Palestine\u00bb parce qu&#8217;ils \u00abpartageraient les b\u00e9n\u00e9fices et les progr\u00e8s du sionisme\u00bb. \u00c0 l&#8217;\u00e9poque, cela \u00e9tait connu comme \u00abla th\u00e9orie du ventre plein de l&#8217;imp\u00e9rialisme\u00bb. En 1921, le v\u00e9ritable impact du sionisme en Palestine \u00e9tait dans le futur. Aujourd&#8217;hui, le m\u00e9pris apparent de Greenblatt pour cette histoire est impardonnable.<\/p>\n\n\n\n<p>N\u00e9anmoins, cette ignorance, r\u00e9elle ou fabriqu\u00e9e, est n\u00e9cessaire si l&#8217;on veut adopter la d\u00e9claration de l&#8217;IHRA comme \u00abla d\u00e9finition pr\u00e9\u00e9minente qui est maintenant utilis\u00e9e pour comprendre l&#8217;antis\u00e9mitisme sous toutes ses formes\u00bb. Quelle est la logique sombre dans tout cela ? Le site d&#8217;information isra\u00e9lien progressiste +972 explique : \u00ab Ce que fait la d\u00e9finition de l&#8217;IHRA, c&#8217;est fournir \u00e0 Isra\u00ebl et \u00e0 l&#8217;ensemble de l&#8217;appareil <em>hasbara<\/em>&nbsp; un outil tr\u00e8s efficace pour d\u00e9nigrer les Palestiniens et le mouvement de lib\u00e9ration palestinien, et accorder \u00e0 l&#8217;extr\u00eame droite mondiale un outil tout aussi efficace pour blanchir son propre antis\u00e9mitisme .\u2026 permettant aux antis\u00e9mites de proposer que l&#8217;absence de critique d&#8217;Isra\u00ebl indique un manque d&#8217;animosit\u00e9 envers les Juifs\u2026. faire pression pour l&#8217;adoption universelle d&#8217;une d\u00e9finition de l&#8217;antis\u00e9mitisme bas\u00e9e sur cette logique interne est terriblement mauvais pour les Juifs du monde entier.\u00bb<\/p>\n\n\n\n<p><strong>Partie IV \u2014 Conclusion<\/strong><\/p>\n\n\n\n<p>Le 5 juin 2023, le Centre europ\u00e9en d&#8217;assistance juridique (<em>European Legal Support Center<\/em> (ELSC) a publi\u00e9 un rapport sur l&#8217;impact de la d\u00e9finition de l&#8217;IHRA de l&#8217;antis\u00e9mitisme sur les droits de libert\u00e9 d&#8217;expression et de r\u00e9union dans l&#8217;Union europ\u00e9enne et au Royaume-Uni. Il n&#8217;est pas surprenant que cette \u00e9valuation bas\u00e9e sur des cas ait montr\u00e9 que la d\u00e9finition de l&#8217;IHRA a \u00e9t\u00e9 rapidement arm\u00e9e afin d&#8217;\u00e9touffer les critiques \u00e0 l&#8217;\u00e9gard d&#8217;Isra\u00ebl sioniste. Le rapport de l&#8217;ELSC documente 53 cas de ce type. Tous ciblaient des groupes ou des individus exprimant des critiques sur les politiques et pratiques isra\u00e9liennes envers les Palestiniens.<\/p>\n\n\n\n<p>Il ne fait aucun doute que cette radicalisation de la d\u00e9finition de l&#8217;IHRA est ce que Jonathan Greenblatt et l&#8217;ADL ont \u00e0 l&#8217;esprit. De m\u00eame, il y a fort \u00e0 parier que de nombreux membres de l&#8217;administration Biden, y compris le pr\u00e9sident lui-m\u00eame, accepteront cette pratique d\u00e9formante \u00e0 moins qu&#8217;ils ne soient confront\u00e9s \u00e0 la fois dans la rue et devant les tribunaux au point d&#8217;\u00eatre publiquement embarrass\u00e9s par leur propre hypocrisie. . Ce n&#8217;est qu&#8217;en mettant fin \u00e0 cette d\u00e9viation ill\u00e9gitime que toute v\u00e9ritable lutte contre l&#8217;antis\u00e9mitisme pourra progresser. La lutte pour y parvenir est d\u00e9j\u00e0 en cours.<\/p>\n\n\n\n<p><strong>&#8211; Lawrence Davidson<\/strong><\/p>\n\n\n\n<p><a href=\"mailto:ldavidson@wcupa.edu\">ldavidson@wcupa.edu<\/a><\/p>\n\n\n\n<p><strong><em>Lawrence Davidson <\/em><\/strong><em>est professeur d&#8217;histoire \u00e0 la retraite de l&#8217;Universit\u00e9 West Chester \u00e0 West Chester, en Pennsylvanie. Ses recherches universitaires se sont concentr\u00e9es sur l&#8217;histoire des relations \u00e9trang\u00e8res am\u00e9ricaines avec le Moyen-Orient. Il a enseign\u00e9 des cours d&#8217;histoire du Moyen-Orient, d&#8217;histoire des sciences et d&#8217;histoire intellectuelle europ\u00e9enne moderne.<\/em><\/p>\n","protected":false},"excerpt":{"rendered":"<p>La controverse sur la d\u00e9finition ne s&#8217;est pas concentr\u00e9e sur les traits sociopathiques traditionnels tels que la haine des Juifs. Tout le monde s&#8217;accorde \u00e0 dire qu&#8217;une telle attitude et les comportements qui y sont associ\u00e9s sont antis\u00e9mites. Au contraire, le d\u00e9bat se concentre sur ce qui est, par essence, une question politique : s&#8217;il peut y avoir une critique l\u00e9gitime du projet sioniste d&#8217;Isra\u00ebl. Si on pense que cela pourrait refl\u00e9ter une erreur de cat\u00e9gorie, on a raison.<\/p>\n","protected":false},"author":4,"featured_media":248806,"comment_status":"closed","ping_status":"closed","sticky":false,"template":"","format":"standard","meta":{"_acf_changed":false,"_et_pb_use_builder":"","_et_pb_old_content":"","_et_gb_content_width":"","footnotes":""},"categories":[94],"tags":[],"class_list":["post-248809","post","type-post","status-publish","format-standard","has-post-thumbnail","hentry","category-bulletin-fr"],"acf":[],"yoast_head":"<!-- This site is optimized with the Yoast SEO plugin v25.8 - https:\/\/yoast.com\/wordpress\/plugins\/seo\/ -->\n<title>Les sionistes d\u00e9tournent la lutte contre l&#039;antis\u00e9mitisme - Une analyse - PAJU<\/title>\n<meta name=\"description\" content=\"Isra\u00ebl est un \u00c9tat-nation (une cat\u00e9gorie) dont les dirigeants ont pr\u00e9tendu arbitrairement repr\u00e9senter tous les Juifs du monde (une cat\u00e9gorie qualitativement diff\u00e9rente)\" \/>\n<meta name=\"robots\" content=\"index, follow, max-snippet:-1, max-image-preview:large, max-video-preview:-1\" \/>\n<link rel=\"canonical\" href=\"https:\/\/paju.org\/fr\/tothepointanalyses-com\/\" \/>\n<meta property=\"og:locale\" content=\"fr_FR\" \/>\n<meta property=\"og:type\" content=\"article\" \/>\n<meta property=\"og:title\" content=\"Les sionistes d\u00e9tournent la lutte contre l&#039;antis\u00e9mitisme - Une analyse - PAJU\" \/>\n<meta property=\"og:description\" content=\"Isra\u00ebl est un \u00c9tat-nation (une cat\u00e9gorie) dont les dirigeants ont pr\u00e9tendu arbitrairement repr\u00e9senter tous les Juifs du monde (une cat\u00e9gorie qualitativement diff\u00e9rente)\" \/>\n<meta property=\"og:site_name\" content=\"PAJU\" \/>\n<meta property=\"article:publisher\" content=\"https:\/\/www.facebook.com\/pajumontreal\" \/>\n<meta property=\"article:published_time\" content=\"2023-06-23T19:45:01+00:00\" \/>\n<meta property=\"article:modified_time\" content=\"2023-06-23T19:54:57+00:00\" \/>\n<meta property=\"og:image\" content=\"https:\/\/paju.org\/wp-content\/uploads\/Lawrence-Davidson.jpg\" \/>\n\t<meta property=\"og:image:width\" content=\"1122\" \/>\n\t<meta property=\"og:image:height\" content=\"1314\" \/>\n\t<meta property=\"og:image:type\" content=\"image\/jpeg\" \/>\n<meta name=\"author\" content=\"Bruce Katz\" \/>\n<meta name=\"twitter:card\" content=\"summary_large_image\" \/>\n<meta name=\"twitter:label1\" content=\"\u00c9crit par\" \/>\n\t<meta name=\"twitter:data1\" content=\"Bruce Katz\" \/>\n\t<meta name=\"twitter:label2\" content=\"Dur\u00e9e de lecture estim\u00e9e\" \/>\n\t<meta name=\"twitter:data2\" content=\"10 minutes\" \/>\n<script type=\"application\/ld+json\" class=\"yoast-schema-graph\">{\"@context\":\"https:\/\/schema.org\",\"@graph\":[{\"@type\":\"Article\",\"@id\":\"https:\/\/paju.org\/fr\/tothepointanalyses-com\/#article\",\"isPartOf\":{\"@id\":\"https:\/\/paju.org\/fr\/tothepointanalyses-com\/\"},\"author\":{\"name\":\"Bruce Katz\",\"@id\":\"https:\/\/paju.org\/fr\/#\/schema\/person\/6d8aed1579a1f4a97e1c552a5f2a891d\"},\"headline\":\"Les sionistes d\u00e9tournent la lutte contre l&#8217;antis\u00e9mitisme &#8211; Une analyse\",\"datePublished\":\"2023-06-23T19:45:01+00:00\",\"dateModified\":\"2023-06-23T19:54:57+00:00\",\"mainEntityOfPage\":{\"@id\":\"https:\/\/paju.org\/fr\/tothepointanalyses-com\/\"},\"wordCount\":2497,\"publisher\":{\"@id\":\"https:\/\/paju.org\/fr\/#organization\"},\"image\":{\"@id\":\"https:\/\/paju.org\/fr\/tothepointanalyses-com\/#primaryimage\"},\"thumbnailUrl\":\"https:\/\/paju.org\/wp-content\/uploads\/Lawrence-Davidson.jpg\",\"articleSection\":[\"Notre bulletin\"],\"inLanguage\":\"fr-FR\"},{\"@type\":\"WebPage\",\"@id\":\"https:\/\/paju.org\/fr\/tothepointanalyses-com\/\",\"url\":\"https:\/\/paju.org\/fr\/tothepointanalyses-com\/\",\"name\":\"Les sionistes d\u00e9tournent la lutte contre l'antis\u00e9mitisme - Une analyse - PAJU\",\"isPartOf\":{\"@id\":\"https:\/\/paju.org\/fr\/#website\"},\"primaryImageOfPage\":{\"@id\":\"https:\/\/paju.org\/fr\/tothepointanalyses-com\/#primaryimage\"},\"image\":{\"@id\":\"https:\/\/paju.org\/fr\/tothepointanalyses-com\/#primaryimage\"},\"thumbnailUrl\":\"https:\/\/paju.org\/wp-content\/uploads\/Lawrence-Davidson.jpg\",\"datePublished\":\"2023-06-23T19:45:01+00:00\",\"dateModified\":\"2023-06-23T19:54:57+00:00\",\"description\":\"Isra\u00ebl est un \u00c9tat-nation (une cat\u00e9gorie) dont les dirigeants ont pr\u00e9tendu arbitrairement repr\u00e9senter tous les Juifs du monde (une cat\u00e9gorie qualitativement diff\u00e9rente)\",\"breadcrumb\":{\"@id\":\"https:\/\/paju.org\/fr\/tothepointanalyses-com\/#breadcrumb\"},\"inLanguage\":\"fr-FR\",\"potentialAction\":[{\"@type\":\"ReadAction\",\"target\":[\"https:\/\/paju.org\/fr\/tothepointanalyses-com\/\"]}]},{\"@type\":\"ImageObject\",\"inLanguage\":\"fr-FR\",\"@id\":\"https:\/\/paju.org\/fr\/tothepointanalyses-com\/#primaryimage\",\"url\":\"https:\/\/paju.org\/wp-content\/uploads\/Lawrence-Davidson.jpg\",\"contentUrl\":\"https:\/\/paju.org\/wp-content\/uploads\/Lawrence-Davidson.jpg\",\"width\":1122,\"height\":1314},{\"@type\":\"BreadcrumbList\",\"@id\":\"https:\/\/paju.org\/fr\/tothepointanalyses-com\/#breadcrumb\",\"itemListElement\":[{\"@type\":\"ListItem\",\"position\":1,\"name\":\"Home\",\"item\":\"https:\/\/paju.org\/fr\/\"},{\"@type\":\"ListItem\",\"position\":2,\"name\":\"Les sionistes d\u00e9tournent la lutte contre l&#8217;antis\u00e9mitisme &#8211; Une analyse\"}]},{\"@type\":\"WebSite\",\"@id\":\"https:\/\/paju.org\/fr\/#website\",\"url\":\"https:\/\/paju.org\/fr\/\",\"name\":\"PAJU\",\"description\":\"\",\"publisher\":{\"@id\":\"https:\/\/paju.org\/fr\/#organization\"},\"potentialAction\":[{\"@type\":\"SearchAction\",\"target\":{\"@type\":\"EntryPoint\",\"urlTemplate\":\"https:\/\/paju.org\/fr\/?s={search_term_string}\"},\"query-input\":{\"@type\":\"PropertyValueSpecification\",\"valueRequired\":true,\"valueName\":\"search_term_string\"}}],\"inLanguage\":\"fr-FR\"},{\"@type\":\"Organization\",\"@id\":\"https:\/\/paju.org\/fr\/#organization\",\"name\":\"Palestinian and Jewish Unity\",\"url\":\"https:\/\/paju.org\/fr\/\",\"logo\":{\"@type\":\"ImageObject\",\"inLanguage\":\"fr-FR\",\"@id\":\"https:\/\/paju.org\/fr\/#\/schema\/logo\/image\/\",\"url\":\"https:\/\/paju.org\/wp-content\/uploads\/PAJU-Logo.png\",\"contentUrl\":\"https:\/\/paju.org\/wp-content\/uploads\/PAJU-Logo.png\",\"width\":696,\"height\":293,\"caption\":\"Palestinian and Jewish Unity\"},\"image\":{\"@id\":\"https:\/\/paju.org\/fr\/#\/schema\/logo\/image\/\"},\"sameAs\":[\"https:\/\/www.facebook.com\/pajumontreal\",\"https:\/\/www.instagram.com\/pajumontreal\/\"]},{\"@type\":\"Person\",\"@id\":\"https:\/\/paju.org\/fr\/#\/schema\/person\/6d8aed1579a1f4a97e1c552a5f2a891d\",\"name\":\"Bruce Katz\",\"image\":{\"@type\":\"ImageObject\",\"inLanguage\":\"fr-FR\",\"@id\":\"https:\/\/paju.org\/fr\/#\/schema\/person\/image\/\",\"url\":\"https:\/\/secure.gravatar.com\/avatar\/4c65b2117dbb672d0bda009f0367a4721c9271f1f68b1747fb53d7333079d0f1?s=96&d=mm&r=g\",\"contentUrl\":\"https:\/\/secure.gravatar.com\/avatar\/4c65b2117dbb672d0bda009f0367a4721c9271f1f68b1747fb53d7333079d0f1?s=96&d=mm&r=g\",\"caption\":\"Bruce Katz\"},\"url\":\"https:\/\/paju.org\/fr\/author\/chadi\/\"}]}<\/script>\n<!-- \/ Yoast SEO plugin. -->","yoast_head_json":{"title":"Les sionistes d\u00e9tournent la lutte contre l'antis\u00e9mitisme - Une analyse - PAJU","description":"Isra\u00ebl est un \u00c9tat-nation (une cat\u00e9gorie) dont les dirigeants ont pr\u00e9tendu arbitrairement repr\u00e9senter tous les Juifs du monde (une cat\u00e9gorie qualitativement diff\u00e9rente)","robots":{"index":"index","follow":"follow","max-snippet":"max-snippet:-1","max-image-preview":"max-image-preview:large","max-video-preview":"max-video-preview:-1"},"canonical":"https:\/\/paju.org\/fr\/tothepointanalyses-com\/","og_locale":"fr_FR","og_type":"article","og_title":"Les sionistes d\u00e9tournent la lutte contre l'antis\u00e9mitisme - Une analyse - PAJU","og_description":"Isra\u00ebl est un \u00c9tat-nation (une cat\u00e9gorie) dont les dirigeants ont pr\u00e9tendu arbitrairement repr\u00e9senter tous les Juifs du monde (une cat\u00e9gorie qualitativement diff\u00e9rente)","og_site_name":"PAJU","article_publisher":"https:\/\/www.facebook.com\/pajumontreal","article_published_time":"2023-06-23T19:45:01+00:00","article_modified_time":"2023-06-23T19:54:57+00:00","og_image":[{"width":1122,"height":1314,"url":"https:\/\/paju.org\/wp-content\/uploads\/Lawrence-Davidson.jpg","type":"image\/jpeg"}],"author":"Bruce Katz","twitter_card":"summary_large_image","twitter_misc":{"\u00c9crit par":"Bruce Katz","Dur\u00e9e de lecture estim\u00e9e":"10 minutes"},"schema":{"@context":"https:\/\/schema.org","@graph":[{"@type":"Article","@id":"https:\/\/paju.org\/fr\/tothepointanalyses-com\/#article","isPartOf":{"@id":"https:\/\/paju.org\/fr\/tothepointanalyses-com\/"},"author":{"name":"Bruce Katz","@id":"https:\/\/paju.org\/fr\/#\/schema\/person\/6d8aed1579a1f4a97e1c552a5f2a891d"},"headline":"Les sionistes d\u00e9tournent la lutte contre l&#8217;antis\u00e9mitisme &#8211; Une analyse","datePublished":"2023-06-23T19:45:01+00:00","dateModified":"2023-06-23T19:54:57+00:00","mainEntityOfPage":{"@id":"https:\/\/paju.org\/fr\/tothepointanalyses-com\/"},"wordCount":2497,"publisher":{"@id":"https:\/\/paju.org\/fr\/#organization"},"image":{"@id":"https:\/\/paju.org\/fr\/tothepointanalyses-com\/#primaryimage"},"thumbnailUrl":"https:\/\/paju.org\/wp-content\/uploads\/Lawrence-Davidson.jpg","articleSection":["Notre bulletin"],"inLanguage":"fr-FR"},{"@type":"WebPage","@id":"https:\/\/paju.org\/fr\/tothepointanalyses-com\/","url":"https:\/\/paju.org\/fr\/tothepointanalyses-com\/","name":"Les sionistes d\u00e9tournent la lutte contre l'antis\u00e9mitisme - Une analyse - PAJU","isPartOf":{"@id":"https:\/\/paju.org\/fr\/#website"},"primaryImageOfPage":{"@id":"https:\/\/paju.org\/fr\/tothepointanalyses-com\/#primaryimage"},"image":{"@id":"https:\/\/paju.org\/fr\/tothepointanalyses-com\/#primaryimage"},"thumbnailUrl":"https:\/\/paju.org\/wp-content\/uploads\/Lawrence-Davidson.jpg","datePublished":"2023-06-23T19:45:01+00:00","dateModified":"2023-06-23T19:54:57+00:00","description":"Isra\u00ebl est un \u00c9tat-nation (une cat\u00e9gorie) dont les dirigeants ont pr\u00e9tendu arbitrairement repr\u00e9senter tous les Juifs du monde (une cat\u00e9gorie qualitativement diff\u00e9rente)","breadcrumb":{"@id":"https:\/\/paju.org\/fr\/tothepointanalyses-com\/#breadcrumb"},"inLanguage":"fr-FR","potentialAction":[{"@type":"ReadAction","target":["https:\/\/paju.org\/fr\/tothepointanalyses-com\/"]}]},{"@type":"ImageObject","inLanguage":"fr-FR","@id":"https:\/\/paju.org\/fr\/tothepointanalyses-com\/#primaryimage","url":"https:\/\/paju.org\/wp-content\/uploads\/Lawrence-Davidson.jpg","contentUrl":"https:\/\/paju.org\/wp-content\/uploads\/Lawrence-Davidson.jpg","width":1122,"height":1314},{"@type":"BreadcrumbList","@id":"https:\/\/paju.org\/fr\/tothepointanalyses-com\/#breadcrumb","itemListElement":[{"@type":"ListItem","position":1,"name":"Home","item":"https:\/\/paju.org\/fr\/"},{"@type":"ListItem","position":2,"name":"Les sionistes d\u00e9tournent la lutte contre l&#8217;antis\u00e9mitisme &#8211; Une analyse"}]},{"@type":"WebSite","@id":"https:\/\/paju.org\/fr\/#website","url":"https:\/\/paju.org\/fr\/","name":"PAJU","description":"","publisher":{"@id":"https:\/\/paju.org\/fr\/#organization"},"potentialAction":[{"@type":"SearchAction","target":{"@type":"EntryPoint","urlTemplate":"https:\/\/paju.org\/fr\/?s={search_term_string}"},"query-input":{"@type":"PropertyValueSpecification","valueRequired":true,"valueName":"search_term_string"}}],"inLanguage":"fr-FR"},{"@type":"Organization","@id":"https:\/\/paju.org\/fr\/#organization","name":"Palestinian and Jewish Unity","url":"https:\/\/paju.org\/fr\/","logo":{"@type":"ImageObject","inLanguage":"fr-FR","@id":"https:\/\/paju.org\/fr\/#\/schema\/logo\/image\/","url":"https:\/\/paju.org\/wp-content\/uploads\/PAJU-Logo.png","contentUrl":"https:\/\/paju.org\/wp-content\/uploads\/PAJU-Logo.png","width":696,"height":293,"caption":"Palestinian and Jewish Unity"},"image":{"@id":"https:\/\/paju.org\/fr\/#\/schema\/logo\/image\/"},"sameAs":["https:\/\/www.facebook.com\/pajumontreal","https:\/\/www.instagram.com\/pajumontreal\/"]},{"@type":"Person","@id":"https:\/\/paju.org\/fr\/#\/schema\/person\/6d8aed1579a1f4a97e1c552a5f2a891d","name":"Bruce Katz","image":{"@type":"ImageObject","inLanguage":"fr-FR","@id":"https:\/\/paju.org\/fr\/#\/schema\/person\/image\/","url":"https:\/\/secure.gravatar.com\/avatar\/4c65b2117dbb672d0bda009f0367a4721c9271f1f68b1747fb53d7333079d0f1?s=96&d=mm&r=g","contentUrl":"https:\/\/secure.gravatar.com\/avatar\/4c65b2117dbb672d0bda009f0367a4721c9271f1f68b1747fb53d7333079d0f1?s=96&d=mm&r=g","caption":"Bruce Katz"},"url":"https:\/\/paju.org\/fr\/author\/chadi\/"}]}},"_links":{"self":[{"href":"https:\/\/paju.org\/fr\/wp-json\/wp\/v2\/posts\/248809","targetHints":{"allow":["GET"]}}],"collection":[{"href":"https:\/\/paju.org\/fr\/wp-json\/wp\/v2\/posts"}],"about":[{"href":"https:\/\/paju.org\/fr\/wp-json\/wp\/v2\/types\/post"}],"author":[{"embeddable":true,"href":"https:\/\/paju.org\/fr\/wp-json\/wp\/v2\/users\/4"}],"replies":[{"embeddable":true,"href":"https:\/\/paju.org\/fr\/wp-json\/wp\/v2\/comments?post=248809"}],"version-history":[{"count":3,"href":"https:\/\/paju.org\/fr\/wp-json\/wp\/v2\/posts\/248809\/revisions"}],"predecessor-version":[{"id":248813,"href":"https:\/\/paju.org\/fr\/wp-json\/wp\/v2\/posts\/248809\/revisions\/248813"}],"wp:featuredmedia":[{"embeddable":true,"href":"https:\/\/paju.org\/fr\/wp-json\/wp\/v2\/media\/248806"}],"wp:attachment":[{"href":"https:\/\/paju.org\/fr\/wp-json\/wp\/v2\/media?parent=248809"}],"wp:term":[{"taxonomy":"category","embeddable":true,"href":"https:\/\/paju.org\/fr\/wp-json\/wp\/v2\/categories?post=248809"},{"taxonomy":"post_tag","embeddable":true,"href":"https:\/\/paju.org\/fr\/wp-json\/wp\/v2\/tags?post=248809"}],"curies":[{"name":"wp","href":"https:\/\/api.w.org\/{rel}","templated":true}]}}