{"id":248784,"date":"2023-06-21T18:51:12","date_gmt":"2023-06-21T22:51:12","guid":{"rendered":"https:\/\/paju.org\/?p=248784"},"modified":"2023-06-21T18:51:18","modified_gmt":"2023-06-21T22:51:18","slug":"tmexican-torturer-in-israel","status":"publish","type":"post","link":"https:\/\/paju.org\/fr\/tmexican-torturer-in-israel\/","title":{"rendered":"Mexico demands extradition of \u2018torturer\u2019 evading justice in Israel"},"content":{"rendered":"\n<p>Israel has reportedly &#8216;dragged its feet&#8217; in processing the extradition of Tomas Zeron, who was involved in the 2014 disappearance of 43 students from the Ayotzinapa Rural Teachers&#8217; College<\/p>\n\n\n\n<p><strong>The Cradle&nbsp;News Desk&nbsp;&#8211;&nbsp;June 21 2023<\/strong><\/p>\n\n\n\n<p>Mexican President Andres Manuel Lopez Obrador on 20 June called on Israel to extradite the former head of Mexico\u2019s criminal investigation agency, Tomas Zeron, who is wanted in connection to the disappearance of&nbsp;<a href=\"https:\/\/www.amnesty.org\/en\/latest\/news\/2022\/08\/disappearance-of-43-ayotzinapa-students\/\">43 students<\/a>&nbsp;in southwestern Mexico in 2014.<\/p>\n\n\n\n<p>Zeron is also accused of embezzling over $50 million and torturing suspects.<\/p>\n\n\n\n<p>\u201cIt can\u2019t be that Israel protects a torturer under any circumstance. Nobody in the world must protect torturers, much less those who suffered from repression, torture, extermination,\u201d Lopez Obrador told reporters on Tuesday.<\/p>\n\n\n\n<p>\u201cI am sure that the Jewish community in Mexico will help us,\u201d he stressed before questioning whether Tel Aviv is protecting Zeron because of his role in negotiating Mexico\u2019s purchase of Israeli spyware.<\/p>\n\n\n\n<p>\u201cImagine! For a business, for a sale, for money, to protect human rights violators,\u201d Lopez Obrador added.<\/p>\n\n\n\n<p>This is the second time the Mexican president has called on Israel to extradite Zeron. Tel Aviv has mostly remained silent over Mexico\u2019s demands.<\/p>\n\n\n\n<p>According to a&nbsp;<a href=\"https:\/\/www.nytimes.com\/2023\/02\/21\/world\/americas\/israel-mexico-extradition-tomas-zeron.html\"><em>New York Times<\/em><\/a>&nbsp;(NYT) report released in February, Israeli authorities are \u201cunlikely\u201d to extradite Zeron, alleging that \u201cdelays and missteps\u201d in Mexico\u2019s requests have left the petition \u201call but dead.\u201d<\/p>\n\n\n\n<p>Nonetheless, one Israeli official that spoke with the NYT confirmed that Tel Aviv \u201cdragged its feet\u201d on the extradition request as payback for Lopez Obrador\u2019s support of the Palestinian cause and Mexico\u2019s approval of UN inquiries into Israeli war crimes against Palestinians.<\/p>\n\n\n\n<p>Two weeks ago, Mexico fully&nbsp;<a href=\"https:\/\/english.wafa.ps\/Pages\/Details\/136119\">recognized<\/a>&nbsp;Palestinian statehood, upgrading Palestine\u2019s special delegation to a full embassy.<\/p>\n\n\n\n<p>Despite being wanted by Interpol, Zeron has been living in an upscale apartment building in Tel Aviv since late 2019 due to his ties to the Israeli tech sector, including embattled firm NSO Group \u2014 makers of the Pegasus spyware.<\/p>\n\n\n\n<p>\u201cThanks to the solid ties that he forged with Israeli security technology vendors during the six-year term of [former president] Enrique Pe\u00f1a Nieto, Tom\u00e1s Zer\u00f3n was able to travel to Israel,\u201d Mexican magazine&nbsp;<em>Proceso&nbsp;<\/em><a href=\"https:\/\/www.dw.com\/es\/caso-ayotzinapa-tom%C3%A1s-zer%C3%B3n-huy%C3%B3-gracias-a-lazos-en-israel\/a-55859671\">revealed<\/a>&nbsp;in 2020.<\/p>\n\n\n\n<p>Zeron stepped down from his position in 2016 after a video was revealed showing him handling evidence that was never officially recorded.<strong> Three years later, he fled to Canada <\/strong>before making his way to Israel.<\/p>\n\n\n\n<p>The disappearance of the 43 students in Iguala, Mexico, has rocked the North American country for the past nine years. Last August, a truth commission tasked with investigating the case concluded that all levels of the Mexican government were involved.<\/p>\n\n\n\n<p>\u201cTheir actions, omissions or participation allowed the disappearance and execution of the students, as well as the murder of six other people,\u201d Mexico\u2019s top human rights official,&nbsp;<a href=\"https:\/\/www.aljazeera.com\/news\/2022\/8\/19\/truth-commission-faults-mexico-military-over-43-missing-students\">Alejandro Encinas<\/a>, said last year, referring to former government and military officials \u2014 including Zeron.<\/p>\n\n\n\n<p>For the past several decades, Israel has become a haven for&nbsp;<a href=\"https:\/\/www.haaretz.com\/israel-news\/2019-10-21\/ty-article\/.premium\/the-good-life-of-criminal-suspects-who-flee-to-israel\/0000017f-def2-db5a-a57f-defa06380000\">wanted criminals<\/a>&nbsp;thanks to lax extradition laws and the so-called \u2018law of return,\u2019 which grants Israeli citizenship to Jews across the world&nbsp;based on ancestral claims that are two millennia old.<\/p>\n\n\n\n<p>Those enjoying a haven in Israel include many Jewish-American&nbsp;<a href=\"https:\/\/www.cbsnews.com\/news\/how-jewish-american-pedophiles-hide-from-justice-in-israel\/\">pedophiles<\/a>, as well as countless&nbsp;<a href=\"https:\/\/www.timesofisrael.com\/are-french-jewish-criminals-using-israel-as-a-get-out-of-jail-card\/\">fraudsters<\/a>,&nbsp;<a href=\"https:\/\/www.occrp.org\/en\/daily\/16788-israel-sees-massive-jump-in-organized-crime-money-laundering-in-2021\">money launderers<\/a>, and&nbsp;<a href=\"https:\/\/www.haaretz.com\/magazine\/2023-06-01\/ty-article-magazine\/.premium\/revealed-how-israel-turned-nazi-war-criminals-into-mossad-agents\/00000188-773a-dd65-abae-773a75190000\">war criminals<\/a>.<\/p>\n\n\n\n<p><a href=\"https:\/\/thecradle.co\/article-view\/26235\/mexico-demands-extradition-of-torturer-evading--justice-in-israel\">Mexico demands extradition of \u2018torturer\u2019 evading justice in Israel (thecradle.co)<\/a><\/p>\n","protected":false},"excerpt":{"rendered":"<p>Israel has reportedly &#8216;dragged its feet&#8217; in processing the extradition of Tomas Zeron, who was involved in the 2014 disappearance of 43 students from the Ayotzinapa Rural Teachers&#8217; College<\/p>\n","protected":false},"author":4,"featured_media":248785,"comment_status":"closed","ping_status":"closed","sticky":false,"template":"","format":"standard","meta":{"_acf_changed":false,"_et_pb_use_builder":"","_et_pb_old_content":"","_et_gb_content_width":"","footnotes":""},"categories":[95],"tags":[],"class_list":["post-248784","post","type-post","status-publish","format-standard","has-post-thumbnail","hentry","category-articles-en"],"acf":[],"yoast_head":"<!-- This site is optimized with the Yoast SEO plugin v25.8 - https:\/\/yoast.com\/wordpress\/plugins\/seo\/ -->\n<title>Mexico demands extradition of \u2018torturer\u2019 evading justice in Israel - PAJU<\/title>\n<meta name=\"description\" content=\"Mexican President Andres Manuel Lopez Obrador on 20 June called on Israel to extradite the former head of Mexico\u2019s criminal investigation agency, Tomas Zeron, who is wanted in connection to the disappearance of\u00a043 students\u00a0in southwestern Mexico in 2014.\" \/>\n<meta name=\"robots\" content=\"index, follow, max-snippet:-1, max-image-preview:large, max-video-preview:-1\" \/>\n<link rel=\"canonical\" href=\"https:\/\/paju.org\/fr\/tmexican-torturer-in-israel\/\" \/>\n<meta property=\"og:locale\" content=\"fr_FR\" \/>\n<meta property=\"og:type\" content=\"article\" \/>\n<meta property=\"og:title\" content=\"Mexico demands extradition of \u2018torturer\u2019 evading justice in Israel - PAJU\" \/>\n<meta property=\"og:description\" content=\"Mexican President Andres Manuel Lopez Obrador on 20 June called on Israel to extradite the former head of Mexico\u2019s criminal investigation agency, Tomas Zeron, who is wanted in connection to the disappearance of\u00a043 students\u00a0in southwestern Mexico in 2014.\" \/>\n<meta property=\"og:site_name\" content=\"PAJU\" \/>\n<meta property=\"article:publisher\" content=\"https:\/\/www.facebook.com\/pajumontreal\" \/>\n<meta property=\"article:published_time\" content=\"2023-06-21T22:51:12+00:00\" \/>\n<meta property=\"article:modified_time\" content=\"2023-06-21T22:51:18+00:00\" \/>\n<meta property=\"og:image\" content=\"https:\/\/paju.org\/wp-content\/uploads\/Photo-Credit-Sashenka-Gutierrez-EPA-via-Shutterstock.jpg\" \/>\n\t<meta property=\"og:image:width\" content=\"2048\" \/>\n\t<meta property=\"og:image:height\" content=\"1152\" \/>\n\t<meta property=\"og:image:type\" content=\"image\/jpeg\" \/>\n<meta name=\"author\" content=\"Bruce Katz\" \/>\n<meta name=\"twitter:card\" content=\"summary_large_image\" \/>\n<meta name=\"twitter:label1\" content=\"\u00c9crit par\" \/>\n\t<meta name=\"twitter:data1\" content=\"Bruce Katz\" \/>\n\t<meta name=\"twitter:label2\" content=\"Dur\u00e9e de lecture estim\u00e9e\" \/>\n\t<meta name=\"twitter:data2\" content=\"3 minutes\" \/>\n<script type=\"application\/ld+json\" class=\"yoast-schema-graph\">{\"@context\":\"https:\/\/schema.org\",\"@graph\":[{\"@type\":\"Article\",\"@id\":\"https:\/\/paju.org\/fr\/tmexican-torturer-in-israel\/#article\",\"isPartOf\":{\"@id\":\"https:\/\/paju.org\/fr\/tmexican-torturer-in-israel\/\"},\"author\":{\"name\":\"Bruce Katz\",\"@id\":\"https:\/\/paju.org\/fr\/#\/schema\/person\/6d8aed1579a1f4a97e1c552a5f2a891d\"},\"headline\":\"Mexico demands extradition of \u2018torturer\u2019 evading justice in Israel\",\"datePublished\":\"2023-06-21T22:51:12+00:00\",\"dateModified\":\"2023-06-21T22:51:18+00:00\",\"mainEntityOfPage\":{\"@id\":\"https:\/\/paju.org\/fr\/tmexican-torturer-in-israel\/\"},\"wordCount\":581,\"publisher\":{\"@id\":\"https:\/\/paju.org\/fr\/#organization\"},\"image\":{\"@id\":\"https:\/\/paju.org\/fr\/tmexican-torturer-in-israel\/#primaryimage\"},\"thumbnailUrl\":\"https:\/\/paju.org\/wp-content\/uploads\/Photo-Credit-Sashenka-Gutierrez-EPA-via-Shutterstock.jpg\",\"articleSection\":[\"Features\"],\"inLanguage\":\"fr-FR\"},{\"@type\":\"WebPage\",\"@id\":\"https:\/\/paju.org\/fr\/tmexican-torturer-in-israel\/\",\"url\":\"https:\/\/paju.org\/fr\/tmexican-torturer-in-israel\/\",\"name\":\"Mexico demands extradition of \u2018torturer\u2019 evading justice in Israel - PAJU\",\"isPartOf\":{\"@id\":\"https:\/\/paju.org\/fr\/#website\"},\"primaryImageOfPage\":{\"@id\":\"https:\/\/paju.org\/fr\/tmexican-torturer-in-israel\/#primaryimage\"},\"image\":{\"@id\":\"https:\/\/paju.org\/fr\/tmexican-torturer-in-israel\/#primaryimage\"},\"thumbnailUrl\":\"https:\/\/paju.org\/wp-content\/uploads\/Photo-Credit-Sashenka-Gutierrez-EPA-via-Shutterstock.jpg\",\"datePublished\":\"2023-06-21T22:51:12+00:00\",\"dateModified\":\"2023-06-21T22:51:18+00:00\",\"description\":\"Mexican President Andres Manuel Lopez Obrador on 20 June called on Israel to extradite the former head of Mexico\u2019s criminal investigation agency, Tomas Zeron, who is wanted in connection to the disappearance of\u00a043 students\u00a0in southwestern Mexico in 2014.\",\"breadcrumb\":{\"@id\":\"https:\/\/paju.org\/fr\/tmexican-torturer-in-israel\/#breadcrumb\"},\"inLanguage\":\"fr-FR\",\"potentialAction\":[{\"@type\":\"ReadAction\",\"target\":[\"https:\/\/paju.org\/fr\/tmexican-torturer-in-israel\/\"]}]},{\"@type\":\"ImageObject\",\"inLanguage\":\"fr-FR\",\"@id\":\"https:\/\/paju.org\/fr\/tmexican-torturer-in-israel\/#primaryimage\",\"url\":\"https:\/\/paju.org\/wp-content\/uploads\/Photo-Credit-Sashenka-Gutierrez-EPA-via-Shutterstock.jpg\",\"contentUrl\":\"https:\/\/paju.org\/wp-content\/uploads\/Photo-Credit-Sashenka-Gutierrez-EPA-via-Shutterstock.jpg\",\"width\":2048,\"height\":1152},{\"@type\":\"BreadcrumbList\",\"@id\":\"https:\/\/paju.org\/fr\/tmexican-torturer-in-israel\/#breadcrumb\",\"itemListElement\":[{\"@type\":\"ListItem\",\"position\":1,\"name\":\"Home\",\"item\":\"https:\/\/paju.org\/fr\/\"},{\"@type\":\"ListItem\",\"position\":2,\"name\":\"Mexico demands extradition of \u2018torturer\u2019 evading justice in Israel\"}]},{\"@type\":\"WebSite\",\"@id\":\"https:\/\/paju.org\/fr\/#website\",\"url\":\"https:\/\/paju.org\/fr\/\",\"name\":\"PAJU\",\"description\":\"\",\"publisher\":{\"@id\":\"https:\/\/paju.org\/fr\/#organization\"},\"potentialAction\":[{\"@type\":\"SearchAction\",\"target\":{\"@type\":\"EntryPoint\",\"urlTemplate\":\"https:\/\/paju.org\/fr\/?s={search_term_string}\"},\"query-input\":{\"@type\":\"PropertyValueSpecification\",\"valueRequired\":true,\"valueName\":\"search_term_string\"}}],\"inLanguage\":\"fr-FR\"},{\"@type\":\"Organization\",\"@id\":\"https:\/\/paju.org\/fr\/#organization\",\"name\":\"Palestinian and Jewish Unity\",\"url\":\"https:\/\/paju.org\/fr\/\",\"logo\":{\"@type\":\"ImageObject\",\"inLanguage\":\"fr-FR\",\"@id\":\"https:\/\/paju.org\/fr\/#\/schema\/logo\/image\/\",\"url\":\"https:\/\/paju.org\/wp-content\/uploads\/PAJU-Logo.png\",\"contentUrl\":\"https:\/\/paju.org\/wp-content\/uploads\/PAJU-Logo.png\",\"width\":696,\"height\":293,\"caption\":\"Palestinian and Jewish Unity\"},\"image\":{\"@id\":\"https:\/\/paju.org\/fr\/#\/schema\/logo\/image\/\"},\"sameAs\":[\"https:\/\/www.facebook.com\/pajumontreal\",\"https:\/\/www.instagram.com\/pajumontreal\/\"]},{\"@type\":\"Person\",\"@id\":\"https:\/\/paju.org\/fr\/#\/schema\/person\/6d8aed1579a1f4a97e1c552a5f2a891d\",\"name\":\"Bruce Katz\",\"image\":{\"@type\":\"ImageObject\",\"inLanguage\":\"fr-FR\",\"@id\":\"https:\/\/paju.org\/fr\/#\/schema\/person\/image\/\",\"url\":\"https:\/\/secure.gravatar.com\/avatar\/4c65b2117dbb672d0bda009f0367a4721c9271f1f68b1747fb53d7333079d0f1?s=96&d=mm&r=g\",\"contentUrl\":\"https:\/\/secure.gravatar.com\/avatar\/4c65b2117dbb672d0bda009f0367a4721c9271f1f68b1747fb53d7333079d0f1?s=96&d=mm&r=g\",\"caption\":\"Bruce Katz\"},\"url\":\"https:\/\/paju.org\/fr\/author\/chadi\/\"}]}<\/script>\n<!-- \/ Yoast SEO plugin. -->","yoast_head_json":{"title":"Mexico demands extradition of \u2018torturer\u2019 evading justice in Israel - PAJU","description":"Mexican President Andres Manuel Lopez Obrador on 20 June called on Israel to extradite the former head of Mexico\u2019s criminal investigation agency, Tomas Zeron, who is wanted in connection to the disappearance of\u00a043 students\u00a0in southwestern Mexico in 2014.","robots":{"index":"index","follow":"follow","max-snippet":"max-snippet:-1","max-image-preview":"max-image-preview:large","max-video-preview":"max-video-preview:-1"},"canonical":"https:\/\/paju.org\/fr\/tmexican-torturer-in-israel\/","og_locale":"fr_FR","og_type":"article","og_title":"Mexico demands extradition of \u2018torturer\u2019 evading justice in Israel - PAJU","og_description":"Mexican President Andres Manuel Lopez Obrador on 20 June called on Israel to extradite the former head of Mexico\u2019s criminal investigation agency, Tomas Zeron, who is wanted in connection to the disappearance of\u00a043 students\u00a0in southwestern Mexico in 2014.","og_site_name":"PAJU","article_publisher":"https:\/\/www.facebook.com\/pajumontreal","article_published_time":"2023-06-21T22:51:12+00:00","article_modified_time":"2023-06-21T22:51:18+00:00","og_image":[{"width":2048,"height":1152,"url":"https:\/\/paju.org\/wp-content\/uploads\/Photo-Credit-Sashenka-Gutierrez-EPA-via-Shutterstock.jpg","type":"image\/jpeg"}],"author":"Bruce Katz","twitter_card":"summary_large_image","twitter_misc":{"\u00c9crit par":"Bruce Katz","Dur\u00e9e de lecture estim\u00e9e":"3 minutes"},"schema":{"@context":"https:\/\/schema.org","@graph":[{"@type":"Article","@id":"https:\/\/paju.org\/fr\/tmexican-torturer-in-israel\/#article","isPartOf":{"@id":"https:\/\/paju.org\/fr\/tmexican-torturer-in-israel\/"},"author":{"name":"Bruce Katz","@id":"https:\/\/paju.org\/fr\/#\/schema\/person\/6d8aed1579a1f4a97e1c552a5f2a891d"},"headline":"Mexico demands extradition of \u2018torturer\u2019 evading justice in Israel","datePublished":"2023-06-21T22:51:12+00:00","dateModified":"2023-06-21T22:51:18+00:00","mainEntityOfPage":{"@id":"https:\/\/paju.org\/fr\/tmexican-torturer-in-israel\/"},"wordCount":581,"publisher":{"@id":"https:\/\/paju.org\/fr\/#organization"},"image":{"@id":"https:\/\/paju.org\/fr\/tmexican-torturer-in-israel\/#primaryimage"},"thumbnailUrl":"https:\/\/paju.org\/wp-content\/uploads\/Photo-Credit-Sashenka-Gutierrez-EPA-via-Shutterstock.jpg","articleSection":["Features"],"inLanguage":"fr-FR"},{"@type":"WebPage","@id":"https:\/\/paju.org\/fr\/tmexican-torturer-in-israel\/","url":"https:\/\/paju.org\/fr\/tmexican-torturer-in-israel\/","name":"Mexico demands extradition of \u2018torturer\u2019 evading justice in Israel - PAJU","isPartOf":{"@id":"https:\/\/paju.org\/fr\/#website"},"primaryImageOfPage":{"@id":"https:\/\/paju.org\/fr\/tmexican-torturer-in-israel\/#primaryimage"},"image":{"@id":"https:\/\/paju.org\/fr\/tmexican-torturer-in-israel\/#primaryimage"},"thumbnailUrl":"https:\/\/paju.org\/wp-content\/uploads\/Photo-Credit-Sashenka-Gutierrez-EPA-via-Shutterstock.jpg","datePublished":"2023-06-21T22:51:12+00:00","dateModified":"2023-06-21T22:51:18+00:00","description":"Mexican President Andres Manuel Lopez Obrador on 20 June called on Israel to extradite the former head of Mexico\u2019s criminal investigation agency, Tomas Zeron, who is wanted in connection to the disappearance of\u00a043 students\u00a0in southwestern Mexico in 2014.","breadcrumb":{"@id":"https:\/\/paju.org\/fr\/tmexican-torturer-in-israel\/#breadcrumb"},"inLanguage":"fr-FR","potentialAction":[{"@type":"ReadAction","target":["https:\/\/paju.org\/fr\/tmexican-torturer-in-israel\/"]}]},{"@type":"ImageObject","inLanguage":"fr-FR","@id":"https:\/\/paju.org\/fr\/tmexican-torturer-in-israel\/#primaryimage","url":"https:\/\/paju.org\/wp-content\/uploads\/Photo-Credit-Sashenka-Gutierrez-EPA-via-Shutterstock.jpg","contentUrl":"https:\/\/paju.org\/wp-content\/uploads\/Photo-Credit-Sashenka-Gutierrez-EPA-via-Shutterstock.jpg","width":2048,"height":1152},{"@type":"BreadcrumbList","@id":"https:\/\/paju.org\/fr\/tmexican-torturer-in-israel\/#breadcrumb","itemListElement":[{"@type":"ListItem","position":1,"name":"Home","item":"https:\/\/paju.org\/fr\/"},{"@type":"ListItem","position":2,"name":"Mexico demands extradition of \u2018torturer\u2019 evading justice in Israel"}]},{"@type":"WebSite","@id":"https:\/\/paju.org\/fr\/#website","url":"https:\/\/paju.org\/fr\/","name":"PAJU","description":"","publisher":{"@id":"https:\/\/paju.org\/fr\/#organization"},"potentialAction":[{"@type":"SearchAction","target":{"@type":"EntryPoint","urlTemplate":"https:\/\/paju.org\/fr\/?s={search_term_string}"},"query-input":{"@type":"PropertyValueSpecification","valueRequired":true,"valueName":"search_term_string"}}],"inLanguage":"fr-FR"},{"@type":"Organization","@id":"https:\/\/paju.org\/fr\/#organization","name":"Palestinian and Jewish Unity","url":"https:\/\/paju.org\/fr\/","logo":{"@type":"ImageObject","inLanguage":"fr-FR","@id":"https:\/\/paju.org\/fr\/#\/schema\/logo\/image\/","url":"https:\/\/paju.org\/wp-content\/uploads\/PAJU-Logo.png","contentUrl":"https:\/\/paju.org\/wp-content\/uploads\/PAJU-Logo.png","width":696,"height":293,"caption":"Palestinian and Jewish Unity"},"image":{"@id":"https:\/\/paju.org\/fr\/#\/schema\/logo\/image\/"},"sameAs":["https:\/\/www.facebook.com\/pajumontreal","https:\/\/www.instagram.com\/pajumontreal\/"]},{"@type":"Person","@id":"https:\/\/paju.org\/fr\/#\/schema\/person\/6d8aed1579a1f4a97e1c552a5f2a891d","name":"Bruce Katz","image":{"@type":"ImageObject","inLanguage":"fr-FR","@id":"https:\/\/paju.org\/fr\/#\/schema\/person\/image\/","url":"https:\/\/secure.gravatar.com\/avatar\/4c65b2117dbb672d0bda009f0367a4721c9271f1f68b1747fb53d7333079d0f1?s=96&d=mm&r=g","contentUrl":"https:\/\/secure.gravatar.com\/avatar\/4c65b2117dbb672d0bda009f0367a4721c9271f1f68b1747fb53d7333079d0f1?s=96&d=mm&r=g","caption":"Bruce Katz"},"url":"https:\/\/paju.org\/fr\/author\/chadi\/"}]}},"_links":{"self":[{"href":"https:\/\/paju.org\/fr\/wp-json\/wp\/v2\/posts\/248784","targetHints":{"allow":["GET"]}}],"collection":[{"href":"https:\/\/paju.org\/fr\/wp-json\/wp\/v2\/posts"}],"about":[{"href":"https:\/\/paju.org\/fr\/wp-json\/wp\/v2\/types\/post"}],"author":[{"embeddable":true,"href":"https:\/\/paju.org\/fr\/wp-json\/wp\/v2\/users\/4"}],"replies":[{"embeddable":true,"href":"https:\/\/paju.org\/fr\/wp-json\/wp\/v2\/comments?post=248784"}],"version-history":[{"count":1,"href":"https:\/\/paju.org\/fr\/wp-json\/wp\/v2\/posts\/248784\/revisions"}],"predecessor-version":[{"id":248788,"href":"https:\/\/paju.org\/fr\/wp-json\/wp\/v2\/posts\/248784\/revisions\/248788"}],"wp:featuredmedia":[{"embeddable":true,"href":"https:\/\/paju.org\/fr\/wp-json\/wp\/v2\/media\/248785"}],"wp:attachment":[{"href":"https:\/\/paju.org\/fr\/wp-json\/wp\/v2\/media?parent=248784"}],"wp:term":[{"taxonomy":"category","embeddable":true,"href":"https:\/\/paju.org\/fr\/wp-json\/wp\/v2\/categories?post=248784"},{"taxonomy":"post_tag","embeddable":true,"href":"https:\/\/paju.org\/fr\/wp-json\/wp\/v2\/tags?post=248784"}],"curies":[{"name":"wp","href":"https:\/\/api.w.org\/{rel}","templated":true}]}}