{"id":248752,"date":"2023-06-19T17:56:12","date_gmt":"2023-06-19T21:56:12","guid":{"rendered":"https:\/\/paju.org\/?p=248752"},"modified":"2023-06-21T14:28:03","modified_gmt":"2023-06-21T18:28:03","slug":"attacks-on-christians","status":"publish","type":"post","link":"https:\/\/paju.org\/fr\/attacks-on-christians\/","title":{"rendered":"Israel&#8217;s Christians horrified by hate crimes in Jerusalem"},"content":{"rendered":"\n<p>Verbal and physical attacks are rising against Christians and Christian sites in Jerusalem<br><\/p>\n\n\n\n<p><a href=\"https:\/\/twitter.com\/mazalm3\" target=\"_blank\" rel=\"noreferrer noopener\">@mazalm3<\/a><\/p>\n\n\n\n<p>June 19, 2023<\/p>\n\n\n\n<p>JERUSALEM \u2014 There have been multiple verbal and physical attacks by Jews since the beginning of the year against Christians and&nbsp;<a href=\"https:\/\/www.al-monitor.com\/originals\/2023\/04\/jordan-israel-spar-over-access-christian-holy-sites-jerusalem\" target=\"_blank\" rel=\"noreferrer noopener\">Christian sites<\/a>&nbsp;in Jerusalem in what has become a worrying phenomenon.&nbsp;<a href=\"https:\/\/www.al-monitor.com\/originals\/2023\/01\/two-israeli-teens-arrested-over-jerusalem-christian-cemetery-vandalism\" target=\"_blank\" rel=\"noreferrer noopener\">Hate crimes<\/a>&nbsp;in Jerusalem are nothing new, but they have generally been treated as a fringe occurance. That perception has changed in the last few months.<\/p>\n\n\n\n<p>Why did two young Jews spit at a disabled priest upon leaving the Greek Orthodox monastery in Jerusalem\u2019s Old City? Why did they threaten another priest who was trying to help their victim with pepper spray? What caused a young Jew to enter the Tomb of the Virgin Mary on Jerusalem\u2019s Mount of Olives with an iron bar and to threaten worshippers with it?<\/p>\n\n\n\n<p>Tag Meir, an anti-racism organization, documented the two events that took place just days apart in March. The group\u2019s chair Gadi Gvaryahu is convinced that these attacks can be attributed to the current rightwing-religious coalition.<\/p>\n\n\n\n<p>Gvaryahu, who documents hate crimes against Christians and Muslims and tracks the authorities\u2019 responses to them, told Al-Monitor he believes that this influence can explain why this year and especially over the last few weeks there has been a disturbing rise in the number of violent attacks and incidents of vandalism targeting Christian clergy, pilgrims and institutions. Victims have been jostled and spat at, religious symbols and icons were defaced and inflammatory graffiti appeared near Christian institutions. Most of these attacks have taken place in Jerusalem\u2019s Old City, near churches and monasteries.<\/p>\n\n\n\n<p>Tag Meir was founded to combat racism perpetrated by Jews against members of other faith groups, explained Gvaryahu. It&#8217;s very concerned about the uptick in violence. Over the last few months, the list of incidents appearing on his desk has grown long.<\/p>\n\n\n\n<p>Gvaryahu told Al-Monitor that most Knesset members from the Jewish Power party, headed by National Security Minister Itamar Ben-Gvir, advocate for the segregation of Jewish and Arab mothers in maternity wards. They believe that Jews are forbidden from renting or selling apartments to Arabs and that there is no such thing as Jewish terrorists.<\/p>\n\n\n\n<p>He identifies Jewish Power as a party that believes in \u201cJewish superiority,\u201d an idea that endorses hate crimes and so-called \u201cprice tag\u201d attacks on Palestinians in the West Bank and against Christians in Israel, especially Jerusalem.&nbsp;<\/p>\n\n\n\n<p>\u201cThe far right considers Christians to be \u2018idolaters,\u2019 while surprisingly, Muslims pose less of a problem, at least religiously. This explains the dramatic rise in hate crimes against&nbsp;<a href=\"https:\/\/www.al-monitor.com\/originals\/2022\/04\/jerusalems-christian-population-dwindles-further\" target=\"_blank\" rel=\"noreferrer noopener\">Christians in Jerusalem<\/a>&nbsp;and Israel in general since January 2023. The current coalition also explains a similarly dramatic rise in the number of attacks against Palestinians in Judea and Samaria at the same time,\u201d says Gvaryahu.<\/p>\n\n\n\n<p>Laura Wharton is a representative of Meretz in Jerusalem\u2019s city council. She told Al-Monitor that she recently joined Gvarahu on a visit to several churches recently targeted and heard eyewitness testimony. She reported on her findings to the commander of the Jerusalem police and spoke about the issue with Jerusalem\u2019s mayor.&nbsp;<\/p>\n\n\n\n<p>Rabbi Shlomo Ammar, chief rabbi of Jerusalem, is also concerned about the attacks on Christians. He recently took the unusual step of releasing a scathing letter against Jews who attack Christians.&nbsp;<\/p>\n\n\n\n<p>The letter, written in English, reads, \u201cWe were sorry to hear from non-Jewish clerics that a number of young Jews and some who pretend to be G-d-fearing, persecute them with curses, blasphemies and more, as they walk the streets of the city. No doubt, irresponsible people who are not at all observant of the Torah and its ways did this. We announce that such behavior is strictly forbidden.\u201d<\/p>\n\n\n\n<p>More rabbis sense an urgent need to stop this phenomenon, which threatens to damage to Israel\u2019s image and have a negative impact on tourism, especially in the age of social media. Videos of Jews spitting at priests and vandalizing Christian religious symbols have been spreading quickly all around the world.&nbsp;<\/p>\n\n\n\n<p>\u201cJerusalem\u2019s economy cannot survive without tourists,\u201d warns Yossi Patel, the incoming director general of the Ministry of Tourism. In a letter to Jerusalem Mayor Moshe Leon, he wrote, \u201cThis insanity has been normalized in our country. We need to confront this and ensure that the perpetrators face the law. It will hurt us. They are spitting in the faces of Jerusalemites who make their living from tourism. How would we respond if people spat at us because we are Jews? They are spitting in the face of Israel, and in its image and status around the world.\u201d<\/p>\n\n\n\n<p>On May 28 demonstrators including Jerusalem\u2019s Deputy Mayor Aryeh King recently protested against Christians visiting the Western Wall. They carried a banner reading, \u201cMissionaries, Go Home!\u201d According to some reports, the mood at the site was tense and seemed on the edge of violence.<\/p>\n\n\n\n<p>King told Al-Monitor that it is important to distinguish between attacks on random Christian pilgrims and demonstrations against missionaries.<\/p>\n\n\n\n<p>&#8220;The second phenomenon is of people who take action against missionaries,&#8221; he said. &#8220;I am one such person, and I am proud of that. We were demonstrating against that. We are talking about Christians who buddy up to members of tje Knesset and other Jews, saying, \u2018We love Israel.\u2019 Their whole purpose is to cause Jews \u2014 and especially Jews in Israel \u2014 to leave their religion. I took part in the protest. There was no violence. We didn\u2019t spit at or otherwise hurt anyone. I take part in activities against missionaries on a daily basis. I see it as my mission.&#8221;<\/p>\n\n\n\n<p>Father Francisco Patton, the Vatican\u2019s Custodian of Christian Sacred Sites in the Holy Land, expressed his concern in an interview with Al-Monitor. \u201cI am very concerned as I watch the rise in acts of violence and hatred against Christians. Not a week goes by without Christians being heckled and spat at, graffiti, vandalism and other forms of harassment,\u201d he said. \u201cResponsibility for reining in this phenomenon lies with the Israeli authorities, including law enforcement. They know what to do, but they do not want to put an end to this serious phenomenon<\/p>\n\n\n\n<p><a href=\"https:\/\/www.al-monitor.com\/originals\/2023\/06\/israels-christians-horrified-hate-crimes-jerusalem#ixzz857R8cPjx\">https:\/\/www.al-monitor.com\/originals\/2023\/06\/israels-christians-horrified-hate-crimes-jerusalem#ixzz857R8cPjx<\/a><\/p>\n","protected":false},"excerpt":{"rendered":"<p> Jewish Power is a party that believes in \u201cJewish superiority,\u201d an idea that endorses hate crimes and so-called \u201cprice tag\u201d attacks on Palestinians in the West Bank and against Christians in Israel, especially Jerusalem<\/p>\n","protected":false},"author":4,"featured_media":248754,"comment_status":"closed","ping_status":"closed","sticky":false,"template":"","format":"standard","meta":{"_acf_changed":false,"_et_pb_use_builder":"","_et_pb_old_content":"","_et_gb_content_width":"","footnotes":""},"categories":[95],"tags":[],"class_list":["post-248752","post","type-post","status-publish","format-standard","has-post-thumbnail","hentry","category-articles-en"],"acf":[],"yoast_head":"<!-- This site is optimized with the Yoast SEO plugin v25.8 - https:\/\/yoast.com\/wordpress\/plugins\/seo\/ -->\n<title>Israel&#039;s Christians horrified by hate crimes in Jerusalem - PAJU<\/title>\n<meta name=\"description\" content=\"Verbal and physical attacks are rising against Christians and Christian sites in Jerusalem\" \/>\n<meta name=\"robots\" content=\"index, follow, max-snippet:-1, max-image-preview:large, max-video-preview:-1\" \/>\n<link rel=\"canonical\" href=\"https:\/\/paju.org\/fr\/attacks-on-christians\/\" \/>\n<meta property=\"og:locale\" content=\"fr_FR\" \/>\n<meta property=\"og:type\" content=\"article\" \/>\n<meta property=\"og:title\" content=\"Israel&#039;s Christians horrified by hate crimes in Jerusalem - PAJU\" \/>\n<meta property=\"og:description\" content=\"Verbal and physical attacks are rising against Christians and Christian sites in Jerusalem\" \/>\n<meta property=\"og:site_name\" content=\"PAJU\" \/>\n<meta property=\"article:publisher\" content=\"https:\/\/www.facebook.com\/pajumontreal\" \/>\n<meta property=\"article:published_time\" content=\"2023-06-19T21:56:12+00:00\" \/>\n<meta property=\"article:modified_time\" content=\"2023-06-21T18:28:03+00:00\" \/>\n<meta property=\"og:image\" content=\"https:\/\/paju.org\/wp-content\/uploads\/2023\/06\/GettyImages-1251845806.jpg-Holy-Sepulcher-Church-Jerusalem.jpg\" \/>\n\t<meta property=\"og:image:width\" content=\"870\" \/>\n\t<meta property=\"og:image:height\" content=\"489\" \/>\n\t<meta property=\"og:image:type\" content=\"image\/jpeg\" \/>\n<meta name=\"author\" content=\"Bruce Katz\" \/>\n<meta name=\"twitter:card\" content=\"summary_large_image\" \/>\n<meta name=\"twitter:label1\" content=\"\u00c9crit par\" \/>\n\t<meta name=\"twitter:data1\" content=\"Bruce Katz\" \/>\n\t<meta name=\"twitter:label2\" content=\"Dur\u00e9e de lecture estim\u00e9e\" \/>\n\t<meta name=\"twitter:data2\" content=\"5 minutes\" \/>\n<script type=\"application\/ld+json\" class=\"yoast-schema-graph\">{\"@context\":\"https:\/\/schema.org\",\"@graph\":[{\"@type\":\"Article\",\"@id\":\"https:\/\/paju.org\/fr\/attacks-on-christians\/#article\",\"isPartOf\":{\"@id\":\"https:\/\/paju.org\/fr\/attacks-on-christians\/\"},\"author\":{\"name\":\"Bruce Katz\",\"@id\":\"https:\/\/paju.org\/fr\/#\/schema\/person\/6d8aed1579a1f4a97e1c552a5f2a891d\"},\"headline\":\"Israel&#8217;s Christians horrified by hate crimes in Jerusalem\",\"datePublished\":\"2023-06-19T21:56:12+00:00\",\"dateModified\":\"2023-06-21T18:28:03+00:00\",\"mainEntityOfPage\":{\"@id\":\"https:\/\/paju.org\/fr\/attacks-on-christians\/\"},\"wordCount\":1049,\"publisher\":{\"@id\":\"https:\/\/paju.org\/fr\/#organization\"},\"image\":{\"@id\":\"https:\/\/paju.org\/fr\/attacks-on-christians\/#primaryimage\"},\"thumbnailUrl\":\"https:\/\/paju.org\/wp-content\/uploads\/2023\/06\/GettyImages-1251845806.jpg-Holy-Sepulcher-Church-Jerusalem.jpg\",\"articleSection\":[\"Features\"],\"inLanguage\":\"fr-FR\"},{\"@type\":\"WebPage\",\"@id\":\"https:\/\/paju.org\/fr\/attacks-on-christians\/\",\"url\":\"https:\/\/paju.org\/fr\/attacks-on-christians\/\",\"name\":\"Israel's Christians horrified by hate crimes in Jerusalem - PAJU\",\"isPartOf\":{\"@id\":\"https:\/\/paju.org\/fr\/#website\"},\"primaryImageOfPage\":{\"@id\":\"https:\/\/paju.org\/fr\/attacks-on-christians\/#primaryimage\"},\"image\":{\"@id\":\"https:\/\/paju.org\/fr\/attacks-on-christians\/#primaryimage\"},\"thumbnailUrl\":\"https:\/\/paju.org\/wp-content\/uploads\/2023\/06\/GettyImages-1251845806.jpg-Holy-Sepulcher-Church-Jerusalem.jpg\",\"datePublished\":\"2023-06-19T21:56:12+00:00\",\"dateModified\":\"2023-06-21T18:28:03+00:00\",\"description\":\"Verbal and physical attacks are rising against Christians and Christian sites in Jerusalem\",\"breadcrumb\":{\"@id\":\"https:\/\/paju.org\/fr\/attacks-on-christians\/#breadcrumb\"},\"inLanguage\":\"fr-FR\",\"potentialAction\":[{\"@type\":\"ReadAction\",\"target\":[\"https:\/\/paju.org\/fr\/attacks-on-christians\/\"]}]},{\"@type\":\"ImageObject\",\"inLanguage\":\"fr-FR\",\"@id\":\"https:\/\/paju.org\/fr\/attacks-on-christians\/#primaryimage\",\"url\":\"https:\/\/paju.org\/wp-content\/uploads\/2023\/06\/GettyImages-1251845806.jpg-Holy-Sepulcher-Church-Jerusalem.jpg\",\"contentUrl\":\"https:\/\/paju.org\/wp-content\/uploads\/2023\/06\/GettyImages-1251845806.jpg-Holy-Sepulcher-Church-Jerusalem.jpg\",\"width\":870,\"height\":489,\"caption\":\"TOPSHOT - Orthodox Christians gather with lit candles around the Edicule, traditionally believed to be the burial site of Jesus Christ, during the Holy Fire ceremony at the Holy Sepulchre church in Jerusalem's Old City on April 15, 2023 on the eve of Easter Sunday. - The ceremony celebrated in the same way for 11 centuries, is marked by the appearance of \\\"sacred fire\\\" in the two cavities on either side of the Holy Sepulchre. (Photo by RONALDO SCHEMIDT \/ AFP) (Photo by RONALDO SCHEMIDT\/AFP via Getty Images)\"},{\"@type\":\"BreadcrumbList\",\"@id\":\"https:\/\/paju.org\/fr\/attacks-on-christians\/#breadcrumb\",\"itemListElement\":[{\"@type\":\"ListItem\",\"position\":1,\"name\":\"Home\",\"item\":\"https:\/\/paju.org\/fr\/\"},{\"@type\":\"ListItem\",\"position\":2,\"name\":\"Israel&#8217;s Christians horrified by hate crimes in Jerusalem\"}]},{\"@type\":\"WebSite\",\"@id\":\"https:\/\/paju.org\/fr\/#website\",\"url\":\"https:\/\/paju.org\/fr\/\",\"name\":\"PAJU\",\"description\":\"\",\"publisher\":{\"@id\":\"https:\/\/paju.org\/fr\/#organization\"},\"potentialAction\":[{\"@type\":\"SearchAction\",\"target\":{\"@type\":\"EntryPoint\",\"urlTemplate\":\"https:\/\/paju.org\/fr\/?s={search_term_string}\"},\"query-input\":{\"@type\":\"PropertyValueSpecification\",\"valueRequired\":true,\"valueName\":\"search_term_string\"}}],\"inLanguage\":\"fr-FR\"},{\"@type\":\"Organization\",\"@id\":\"https:\/\/paju.org\/fr\/#organization\",\"name\":\"Palestinian and Jewish Unity\",\"url\":\"https:\/\/paju.org\/fr\/\",\"logo\":{\"@type\":\"ImageObject\",\"inLanguage\":\"fr-FR\",\"@id\":\"https:\/\/paju.org\/fr\/#\/schema\/logo\/image\/\",\"url\":\"https:\/\/paju.org\/wp-content\/uploads\/PAJU-Logo.png\",\"contentUrl\":\"https:\/\/paju.org\/wp-content\/uploads\/PAJU-Logo.png\",\"width\":696,\"height\":293,\"caption\":\"Palestinian and Jewish Unity\"},\"image\":{\"@id\":\"https:\/\/paju.org\/fr\/#\/schema\/logo\/image\/\"},\"sameAs\":[\"https:\/\/www.facebook.com\/pajumontreal\",\"https:\/\/www.instagram.com\/pajumontreal\/\"]},{\"@type\":\"Person\",\"@id\":\"https:\/\/paju.org\/fr\/#\/schema\/person\/6d8aed1579a1f4a97e1c552a5f2a891d\",\"name\":\"Bruce Katz\",\"image\":{\"@type\":\"ImageObject\",\"inLanguage\":\"fr-FR\",\"@id\":\"https:\/\/paju.org\/fr\/#\/schema\/person\/image\/\",\"url\":\"https:\/\/secure.gravatar.com\/avatar\/4c65b2117dbb672d0bda009f0367a4721c9271f1f68b1747fb53d7333079d0f1?s=96&d=mm&r=g\",\"contentUrl\":\"https:\/\/secure.gravatar.com\/avatar\/4c65b2117dbb672d0bda009f0367a4721c9271f1f68b1747fb53d7333079d0f1?s=96&d=mm&r=g\",\"caption\":\"Bruce Katz\"},\"url\":\"https:\/\/paju.org\/fr\/author\/chadi\/\"}]}<\/script>\n<!-- \/ Yoast SEO plugin. -->","yoast_head_json":{"title":"Israel's Christians horrified by hate crimes in Jerusalem - PAJU","description":"Verbal and physical attacks are rising against Christians and Christian sites in Jerusalem","robots":{"index":"index","follow":"follow","max-snippet":"max-snippet:-1","max-image-preview":"max-image-preview:large","max-video-preview":"max-video-preview:-1"},"canonical":"https:\/\/paju.org\/fr\/attacks-on-christians\/","og_locale":"fr_FR","og_type":"article","og_title":"Israel's Christians horrified by hate crimes in Jerusalem - PAJU","og_description":"Verbal and physical attacks are rising against Christians and Christian sites in Jerusalem","og_site_name":"PAJU","article_publisher":"https:\/\/www.facebook.com\/pajumontreal","article_published_time":"2023-06-19T21:56:12+00:00","article_modified_time":"2023-06-21T18:28:03+00:00","og_image":[{"width":870,"height":489,"url":"https:\/\/paju.org\/wp-content\/uploads\/2023\/06\/GettyImages-1251845806.jpg-Holy-Sepulcher-Church-Jerusalem.jpg","type":"image\/jpeg"}],"author":"Bruce Katz","twitter_card":"summary_large_image","twitter_misc":{"\u00c9crit par":"Bruce Katz","Dur\u00e9e de lecture estim\u00e9e":"5 minutes"},"schema":{"@context":"https:\/\/schema.org","@graph":[{"@type":"Article","@id":"https:\/\/paju.org\/fr\/attacks-on-christians\/#article","isPartOf":{"@id":"https:\/\/paju.org\/fr\/attacks-on-christians\/"},"author":{"name":"Bruce Katz","@id":"https:\/\/paju.org\/fr\/#\/schema\/person\/6d8aed1579a1f4a97e1c552a5f2a891d"},"headline":"Israel&#8217;s Christians horrified by hate crimes in Jerusalem","datePublished":"2023-06-19T21:56:12+00:00","dateModified":"2023-06-21T18:28:03+00:00","mainEntityOfPage":{"@id":"https:\/\/paju.org\/fr\/attacks-on-christians\/"},"wordCount":1049,"publisher":{"@id":"https:\/\/paju.org\/fr\/#organization"},"image":{"@id":"https:\/\/paju.org\/fr\/attacks-on-christians\/#primaryimage"},"thumbnailUrl":"https:\/\/paju.org\/wp-content\/uploads\/2023\/06\/GettyImages-1251845806.jpg-Holy-Sepulcher-Church-Jerusalem.jpg","articleSection":["Features"],"inLanguage":"fr-FR"},{"@type":"WebPage","@id":"https:\/\/paju.org\/fr\/attacks-on-christians\/","url":"https:\/\/paju.org\/fr\/attacks-on-christians\/","name":"Israel's Christians horrified by hate crimes in Jerusalem - PAJU","isPartOf":{"@id":"https:\/\/paju.org\/fr\/#website"},"primaryImageOfPage":{"@id":"https:\/\/paju.org\/fr\/attacks-on-christians\/#primaryimage"},"image":{"@id":"https:\/\/paju.org\/fr\/attacks-on-christians\/#primaryimage"},"thumbnailUrl":"https:\/\/paju.org\/wp-content\/uploads\/2023\/06\/GettyImages-1251845806.jpg-Holy-Sepulcher-Church-Jerusalem.jpg","datePublished":"2023-06-19T21:56:12+00:00","dateModified":"2023-06-21T18:28:03+00:00","description":"Verbal and physical attacks are rising against Christians and Christian sites in Jerusalem","breadcrumb":{"@id":"https:\/\/paju.org\/fr\/attacks-on-christians\/#breadcrumb"},"inLanguage":"fr-FR","potentialAction":[{"@type":"ReadAction","target":["https:\/\/paju.org\/fr\/attacks-on-christians\/"]}]},{"@type":"ImageObject","inLanguage":"fr-FR","@id":"https:\/\/paju.org\/fr\/attacks-on-christians\/#primaryimage","url":"https:\/\/paju.org\/wp-content\/uploads\/2023\/06\/GettyImages-1251845806.jpg-Holy-Sepulcher-Church-Jerusalem.jpg","contentUrl":"https:\/\/paju.org\/wp-content\/uploads\/2023\/06\/GettyImages-1251845806.jpg-Holy-Sepulcher-Church-Jerusalem.jpg","width":870,"height":489,"caption":"TOPSHOT - Orthodox Christians gather with lit candles around the Edicule, traditionally believed to be the burial site of Jesus Christ, during the Holy Fire ceremony at the Holy Sepulchre church in Jerusalem's Old City on April 15, 2023 on the eve of Easter Sunday. - The ceremony celebrated in the same way for 11 centuries, is marked by the appearance of \"sacred fire\" in the two cavities on either side of the Holy Sepulchre. (Photo by RONALDO SCHEMIDT \/ AFP) (Photo by RONALDO SCHEMIDT\/AFP via Getty Images)"},{"@type":"BreadcrumbList","@id":"https:\/\/paju.org\/fr\/attacks-on-christians\/#breadcrumb","itemListElement":[{"@type":"ListItem","position":1,"name":"Home","item":"https:\/\/paju.org\/fr\/"},{"@type":"ListItem","position":2,"name":"Israel&#8217;s Christians horrified by hate crimes in Jerusalem"}]},{"@type":"WebSite","@id":"https:\/\/paju.org\/fr\/#website","url":"https:\/\/paju.org\/fr\/","name":"PAJU","description":"","publisher":{"@id":"https:\/\/paju.org\/fr\/#organization"},"potentialAction":[{"@type":"SearchAction","target":{"@type":"EntryPoint","urlTemplate":"https:\/\/paju.org\/fr\/?s={search_term_string}"},"query-input":{"@type":"PropertyValueSpecification","valueRequired":true,"valueName":"search_term_string"}}],"inLanguage":"fr-FR"},{"@type":"Organization","@id":"https:\/\/paju.org\/fr\/#organization","name":"Palestinian and Jewish Unity","url":"https:\/\/paju.org\/fr\/","logo":{"@type":"ImageObject","inLanguage":"fr-FR","@id":"https:\/\/paju.org\/fr\/#\/schema\/logo\/image\/","url":"https:\/\/paju.org\/wp-content\/uploads\/PAJU-Logo.png","contentUrl":"https:\/\/paju.org\/wp-content\/uploads\/PAJU-Logo.png","width":696,"height":293,"caption":"Palestinian and Jewish Unity"},"image":{"@id":"https:\/\/paju.org\/fr\/#\/schema\/logo\/image\/"},"sameAs":["https:\/\/www.facebook.com\/pajumontreal","https:\/\/www.instagram.com\/pajumontreal\/"]},{"@type":"Person","@id":"https:\/\/paju.org\/fr\/#\/schema\/person\/6d8aed1579a1f4a97e1c552a5f2a891d","name":"Bruce Katz","image":{"@type":"ImageObject","inLanguage":"fr-FR","@id":"https:\/\/paju.org\/fr\/#\/schema\/person\/image\/","url":"https:\/\/secure.gravatar.com\/avatar\/4c65b2117dbb672d0bda009f0367a4721c9271f1f68b1747fb53d7333079d0f1?s=96&d=mm&r=g","contentUrl":"https:\/\/secure.gravatar.com\/avatar\/4c65b2117dbb672d0bda009f0367a4721c9271f1f68b1747fb53d7333079d0f1?s=96&d=mm&r=g","caption":"Bruce Katz"},"url":"https:\/\/paju.org\/fr\/author\/chadi\/"}]}},"_links":{"self":[{"href":"https:\/\/paju.org\/fr\/wp-json\/wp\/v2\/posts\/248752","targetHints":{"allow":["GET"]}}],"collection":[{"href":"https:\/\/paju.org\/fr\/wp-json\/wp\/v2\/posts"}],"about":[{"href":"https:\/\/paju.org\/fr\/wp-json\/wp\/v2\/types\/post"}],"author":[{"embeddable":true,"href":"https:\/\/paju.org\/fr\/wp-json\/wp\/v2\/users\/4"}],"replies":[{"embeddable":true,"href":"https:\/\/paju.org\/fr\/wp-json\/wp\/v2\/comments?post=248752"}],"version-history":[{"count":2,"href":"https:\/\/paju.org\/fr\/wp-json\/wp\/v2\/posts\/248752\/revisions"}],"predecessor-version":[{"id":248781,"href":"https:\/\/paju.org\/fr\/wp-json\/wp\/v2\/posts\/248752\/revisions\/248781"}],"wp:featuredmedia":[{"embeddable":true,"href":"https:\/\/paju.org\/fr\/wp-json\/wp\/v2\/media\/248754"}],"wp:attachment":[{"href":"https:\/\/paju.org\/fr\/wp-json\/wp\/v2\/media?parent=248752"}],"wp:term":[{"taxonomy":"category","embeddable":true,"href":"https:\/\/paju.org\/fr\/wp-json\/wp\/v2\/categories?post=248752"},{"taxonomy":"post_tag","embeddable":true,"href":"https:\/\/paju.org\/fr\/wp-json\/wp\/v2\/tags?post=248752"}],"curies":[{"name":"wp","href":"https:\/\/api.w.org\/{rel}","templated":true}]}}