{"id":248734,"date":"2023-06-16T17:45:11","date_gmt":"2023-06-16T21:45:11","guid":{"rendered":"https:\/\/paju.org\/?p=248734"},"modified":"2023-06-16T17:52:19","modified_gmt":"2023-06-16T21:52:19","slug":"bennett-denonce-comme-criminel-de-guerre-a-toronto","status":"publish","type":"post","link":"https:\/\/paju.org\/fr\/bennett-denonce-comme-criminel-de-guerre-a-toronto\/","title":{"rendered":"Bennett d\u00e9nonc\u00e9 comme \u00abcriminel de guerre\u00bb \u00e0 Toronto"},"content":{"rendered":"\n<p><strong>Un groupe pro-palestinien a protest\u00e9 contre un \u00e9v\u00e9nement de collecte de fonds \u00e0 Toronto o\u00f9 l&#8217;ancien Premier ministre \u00e9tait l&#8217;invit\u00e9 d&#8217;honneur<\/strong><\/p>\n\n\n\n<p><strong>I<a href=\"https:\/\/www.israelnationalnews.com\/author\/Israel_National_News\">srael National News<\/a><\/strong><\/p>\n\n\n\n<p><strong>15 juin 2023<\/strong><\/p>\n\n\n\n<p>L&#8217;ancien premier ministre Naftali Bennett \u00e9tait l&#8217;invit\u00e9 d&#8217;honneur de l&#8217;\u00e9v\u00e9nement annuel de collecte de fonds des Amis du Centre Simon Wiesenthal pour la recherche sur l&#8217;Holocauste, qui s&#8217;est tenu hier soir \u00e0 Toronto.<\/p>\n\n\n\n<p>\u00c0 l&#8217;ext\u00e9rieur du b\u00e2timent o\u00f9 se tenait l&#8217;\u00e9v\u00e9nement, des dizaines de militants pro-palestiniens se sont rassembl\u00e9s pour protester contre l&#8217;arriv\u00e9e du &nbsp;<strong>\u00ab<\/strong><strong> <\/strong>criminel de guerre<strong>\u00bb<\/strong> Bennett au Canada. Les manifestants, qui agitaient des drapeaux de l&#8217;Organisation de lib\u00e9ration de la Palestine et portaient le traditionnel foulard arabe palestinien, scandaient des slogans en faveur de la lutte arabe palestinienne contre Isra\u00ebl.<\/p>\n\n\n\n<p>L&#8217;un des intervenants \u00e0 la manifestation a d\u00e9clar\u00e9 que pendant le mandat de Bennett en tant que Premier ministre, les autorit\u00e9s isra\u00e9liennes \u00e9taient impliqu\u00e9es dans le vol de terres arabes palestiniennes. Il a d\u00e9clar\u00e9 que l&#8217;injustice caus\u00e9e aux Arabes palestiniens ne durera pas \u00e9ternellement et que les Arabes palestiniens ont le droit de retourner dans leur patrie et de devenir des citoyens \u00e9gaux en droits.<\/p>\n\n\n\n<p>La manifestation \u00e9tait soutenue par un mouvement de jeunesse arabe palestinien qui op\u00e8re en Am\u00e9rique du Nord et exprime r\u00e9guli\u00e8rement son soutien \u00e0 la lutte arm\u00e9e contre Isra\u00ebl. Des repr\u00e9sentants d&#8217;une organisation juive radicale de gauche qui s&#8217;identifie \u00e0 la lutte arabe palestinienne ont \u00e9galement particip\u00e9 \u00e0 la manifestation.<\/p>\n\n\n\n<p>Avant l&#8217;\u00e9v\u00e9nement, des avocats repr\u00e9sentant des organisations canado-palestiniennes, ainsi qu&#8217;une organisation juive, ont soumis une p\u00e9tition en leur nom au gouvernement canadien pour emp\u00eacher l&#8217;entr\u00e9e de Bennett dans le pays. La p\u00e9tition \u00e9tait fond\u00e9e sur la loi canadienne qui stipule que le gouvernement f\u00e9d\u00e9ral a l&#8217;obligation internationale et l\u00e9gale d&#8217;emp\u00eacher l&#8217;entr\u00e9e des personnes qui ont commis des crimes de guerre, des crimes contre l&#8217;humanit\u00e9 ou un g\u00e9nocide.<\/p>\n\n\n\n<p>Dans ce contexte, il a \u00e9t\u00e9 not\u00e9 que Bennett \u00e9tait impliqu\u00e9 dans \u00able d\u00e9veloppement des colonies en Cisjordanie<strong>\u00bb<\/strong>. Cette affirmation est bas\u00e9e sur un rapport de Peace Now, selon lequel \u00ab la construction de colonies en Cisjordanie a consid\u00e9rablement augment\u00e9 pendant son mandat de Premier ministre, et il a soutenu l&#8217;expulsion de familles palestiniennes \u00e0 J\u00e9rusalem-Est pour installer des Juifs \u00e0 leur place.<strong> \u00bb<\/strong><\/p>\n\n\n\n<p>La p\u00e9tition affirmait que le gouvernement canadien ne reconnaissait pas le contr\u00f4le isra\u00e9lien sur la Jud\u00e9e et la Samarie et, \u00e0 son avis et selon le droit international, les colonies \u00e9taient un crime de guerre.<\/p>\n\n\n\n<p>On pr\u00e9tend \u00e9galement que Bennett a \u00e9galement des ant\u00e9c\u00e9dents de violence et de racisme, \u00e0 la lumi\u00e8re de son implication dans la mort de 102 citoyens libanais \u00e0 Cana en 1996 et de son appel public \u00e0 tuer des Arabes palestiniens lors d&#8217;une confrontation avec les forces de Tsahal. Selon le texte de la lettre, en r\u00e9ponse aux paroles du conseiller \u00e0 la s\u00e9curit\u00e9 nationale Yaakov Amidror qui a d\u00e9clar\u00e9 que c&#8217;\u00e9tait ill\u00e9gal, Bennett a r\u00e9pondu qu&#8217;il avait tu\u00e9 de nombreux Arabes et qu&#8217;il n&#8217;avait aucun probl\u00e8me avec cela.<\/p>\n\n\n\n<p><strong>SOURCE&nbsp;:<\/strong> <a href=\"https:\/\/www.israelnationalnews.com\/news\/372841\">Bennett denounced as &#8216;war criminal&#8217; in Toronto | \u05e2\u05e8\u05d5\u05e5 7 (israelnationalnews.com)<\/a><\/p>\n","protected":false},"excerpt":{"rendered":"<p>\u00c0 l&#8217;ext\u00e9rieur du b\u00e2timent o\u00f9 se tenait l&#8217;\u00e9v\u00e9nement, des dizaines de militants pro-palestiniens se sont rassembl\u00e9s pour protester contre l&#8217;arriv\u00e9e du \u00a0\u00ab criminel de guerre\u00bb Bennett au Canada. Les manifestants, qui agitaient des drapeaux de l&#8217;Organisation de lib\u00e9ration de la Palestine et portaient le traditionnel foulard arabe palestinien, scandaient des slogans en faveur de la lutte arabe palestinienne contre Isra\u00ebl.<\/p>\n","protected":false},"author":4,"featured_media":248731,"comment_status":"closed","ping_status":"closed","sticky":false,"template":"","format":"standard","meta":{"_acf_changed":false,"_et_pb_use_builder":"","_et_pb_old_content":"","_et_gb_content_width":"","footnotes":""},"categories":[94],"tags":[],"class_list":["post-248734","post","type-post","status-publish","format-standard","has-post-thumbnail","hentry","category-bulletin-fr"],"acf":[],"yoast_head":"<!-- This site is optimized with the Yoast SEO plugin v25.8 - https:\/\/yoast.com\/wordpress\/plugins\/seo\/ -->\n<title>Bennett d\u00e9nonc\u00e9 comme \u00abcriminel de guerre\u00bb \u00e0 Toronto - PAJU<\/title>\n<meta name=\"description\" content=\"Manifestation contre Naftali Bennett \u00e0 Toronto\" \/>\n<meta name=\"robots\" content=\"index, follow, max-snippet:-1, max-image-preview:large, max-video-preview:-1\" \/>\n<link rel=\"canonical\" href=\"https:\/\/paju.org\/fr\/bennett-denonce-comme-criminel-de-guerre-a-toronto\/\" \/>\n<meta property=\"og:locale\" content=\"fr_FR\" \/>\n<meta property=\"og:type\" content=\"article\" \/>\n<meta property=\"og:title\" content=\"Bennett d\u00e9nonc\u00e9 comme \u00abcriminel de guerre\u00bb \u00e0 Toronto - PAJU\" \/>\n<meta property=\"og:description\" content=\"Manifestation contre Naftali Bennett \u00e0 Toronto\" \/>\n<meta property=\"og:site_name\" content=\"PAJU\" \/>\n<meta property=\"article:publisher\" content=\"https:\/\/www.facebook.com\/pajumontreal\" \/>\n<meta property=\"article:published_time\" content=\"2023-06-16T21:45:11+00:00\" \/>\n<meta property=\"article:modified_time\" content=\"2023-06-16T21:52:19+00:00\" \/>\n<meta property=\"og:image\" content=\"https:\/\/paju.org\/wp-content\/uploads\/2023\/06\/Naftali-Bennet-Israel-national-News.webp\" \/>\n\t<meta property=\"og:image:width\" content=\"781\" \/>\n\t<meta property=\"og:image:height\" content=\"439\" \/>\n\t<meta property=\"og:image:type\" content=\"image\/webp\" \/>\n<meta name=\"author\" content=\"Bruce Katz\" \/>\n<meta name=\"twitter:card\" content=\"summary_large_image\" \/>\n<meta name=\"twitter:label1\" content=\"\u00c9crit par\" \/>\n\t<meta name=\"twitter:data1\" content=\"Bruce Katz\" \/>\n\t<meta name=\"twitter:label2\" content=\"Dur\u00e9e de lecture estim\u00e9e\" \/>\n\t<meta name=\"twitter:data2\" content=\"3 minutes\" \/>\n<script type=\"application\/ld+json\" class=\"yoast-schema-graph\">{\"@context\":\"https:\/\/schema.org\",\"@graph\":[{\"@type\":\"Article\",\"@id\":\"https:\/\/paju.org\/fr\/bennett-denonce-comme-criminel-de-guerre-a-toronto\/#article\",\"isPartOf\":{\"@id\":\"https:\/\/paju.org\/fr\/bennett-denonce-comme-criminel-de-guerre-a-toronto\/\"},\"author\":{\"name\":\"Bruce Katz\",\"@id\":\"https:\/\/paju.org\/fr\/#\/schema\/person\/6d8aed1579a1f4a97e1c552a5f2a891d\"},\"headline\":\"Bennett d\u00e9nonc\u00e9 comme \u00abcriminel de guerre\u00bb \u00e0 Toronto\",\"datePublished\":\"2023-06-16T21:45:11+00:00\",\"dateModified\":\"2023-06-16T21:52:19+00:00\",\"mainEntityOfPage\":{\"@id\":\"https:\/\/paju.org\/fr\/bennett-denonce-comme-criminel-de-guerre-a-toronto\/\"},\"wordCount\":571,\"publisher\":{\"@id\":\"https:\/\/paju.org\/fr\/#organization\"},\"image\":{\"@id\":\"https:\/\/paju.org\/fr\/bennett-denonce-comme-criminel-de-guerre-a-toronto\/#primaryimage\"},\"thumbnailUrl\":\"https:\/\/paju.org\/wp-content\/uploads\/2023\/06\/Naftali-Bennet-Israel-national-News.webp\",\"articleSection\":[\"Notre bulletin\"],\"inLanguage\":\"fr-FR\"},{\"@type\":\"WebPage\",\"@id\":\"https:\/\/paju.org\/fr\/bennett-denonce-comme-criminel-de-guerre-a-toronto\/\",\"url\":\"https:\/\/paju.org\/fr\/bennett-denonce-comme-criminel-de-guerre-a-toronto\/\",\"name\":\"Bennett d\u00e9nonc\u00e9 comme \u00abcriminel de guerre\u00bb \u00e0 Toronto - PAJU\",\"isPartOf\":{\"@id\":\"https:\/\/paju.org\/fr\/#website\"},\"primaryImageOfPage\":{\"@id\":\"https:\/\/paju.org\/fr\/bennett-denonce-comme-criminel-de-guerre-a-toronto\/#primaryimage\"},\"image\":{\"@id\":\"https:\/\/paju.org\/fr\/bennett-denonce-comme-criminel-de-guerre-a-toronto\/#primaryimage\"},\"thumbnailUrl\":\"https:\/\/paju.org\/wp-content\/uploads\/2023\/06\/Naftali-Bennet-Israel-national-News.webp\",\"datePublished\":\"2023-06-16T21:45:11+00:00\",\"dateModified\":\"2023-06-16T21:52:19+00:00\",\"description\":\"Manifestation contre Naftali Bennett \u00e0 Toronto\",\"breadcrumb\":{\"@id\":\"https:\/\/paju.org\/fr\/bennett-denonce-comme-criminel-de-guerre-a-toronto\/#breadcrumb\"},\"inLanguage\":\"fr-FR\",\"potentialAction\":[{\"@type\":\"ReadAction\",\"target\":[\"https:\/\/paju.org\/fr\/bennett-denonce-comme-criminel-de-guerre-a-toronto\/\"]}]},{\"@type\":\"ImageObject\",\"inLanguage\":\"fr-FR\",\"@id\":\"https:\/\/paju.org\/fr\/bennett-denonce-comme-criminel-de-guerre-a-toronto\/#primaryimage\",\"url\":\"https:\/\/paju.org\/wp-content\/uploads\/2023\/06\/Naftali-Bennet-Israel-national-News.webp\",\"contentUrl\":\"https:\/\/paju.org\/wp-content\/uploads\/2023\/06\/Naftali-Bennet-Israel-national-News.webp\",\"width\":781,\"height\":439},{\"@type\":\"BreadcrumbList\",\"@id\":\"https:\/\/paju.org\/fr\/bennett-denonce-comme-criminel-de-guerre-a-toronto\/#breadcrumb\",\"itemListElement\":[{\"@type\":\"ListItem\",\"position\":1,\"name\":\"Home\",\"item\":\"https:\/\/paju.org\/fr\/\"},{\"@type\":\"ListItem\",\"position\":2,\"name\":\"Bennett d\u00e9nonc\u00e9 comme \u00abcriminel de guerre\u00bb \u00e0 Toronto\"}]},{\"@type\":\"WebSite\",\"@id\":\"https:\/\/paju.org\/fr\/#website\",\"url\":\"https:\/\/paju.org\/fr\/\",\"name\":\"PAJU\",\"description\":\"\",\"publisher\":{\"@id\":\"https:\/\/paju.org\/fr\/#organization\"},\"potentialAction\":[{\"@type\":\"SearchAction\",\"target\":{\"@type\":\"EntryPoint\",\"urlTemplate\":\"https:\/\/paju.org\/fr\/?s={search_term_string}\"},\"query-input\":{\"@type\":\"PropertyValueSpecification\",\"valueRequired\":true,\"valueName\":\"search_term_string\"}}],\"inLanguage\":\"fr-FR\"},{\"@type\":\"Organization\",\"@id\":\"https:\/\/paju.org\/fr\/#organization\",\"name\":\"Palestinian and Jewish Unity\",\"url\":\"https:\/\/paju.org\/fr\/\",\"logo\":{\"@type\":\"ImageObject\",\"inLanguage\":\"fr-FR\",\"@id\":\"https:\/\/paju.org\/fr\/#\/schema\/logo\/image\/\",\"url\":\"https:\/\/paju.org\/wp-content\/uploads\/PAJU-Logo.png\",\"contentUrl\":\"https:\/\/paju.org\/wp-content\/uploads\/PAJU-Logo.png\",\"width\":696,\"height\":293,\"caption\":\"Palestinian and Jewish Unity\"},\"image\":{\"@id\":\"https:\/\/paju.org\/fr\/#\/schema\/logo\/image\/\"},\"sameAs\":[\"https:\/\/www.facebook.com\/pajumontreal\",\"https:\/\/www.instagram.com\/pajumontreal\/\"]},{\"@type\":\"Person\",\"@id\":\"https:\/\/paju.org\/fr\/#\/schema\/person\/6d8aed1579a1f4a97e1c552a5f2a891d\",\"name\":\"Bruce Katz\",\"image\":{\"@type\":\"ImageObject\",\"inLanguage\":\"fr-FR\",\"@id\":\"https:\/\/paju.org\/fr\/#\/schema\/person\/image\/\",\"url\":\"https:\/\/secure.gravatar.com\/avatar\/4c65b2117dbb672d0bda009f0367a4721c9271f1f68b1747fb53d7333079d0f1?s=96&d=mm&r=g\",\"contentUrl\":\"https:\/\/secure.gravatar.com\/avatar\/4c65b2117dbb672d0bda009f0367a4721c9271f1f68b1747fb53d7333079d0f1?s=96&d=mm&r=g\",\"caption\":\"Bruce Katz\"},\"url\":\"https:\/\/paju.org\/fr\/author\/chadi\/\"}]}<\/script>\n<!-- \/ Yoast SEO plugin. -->","yoast_head_json":{"title":"Bennett d\u00e9nonc\u00e9 comme \u00abcriminel de guerre\u00bb \u00e0 Toronto - PAJU","description":"Manifestation contre Naftali Bennett \u00e0 Toronto","robots":{"index":"index","follow":"follow","max-snippet":"max-snippet:-1","max-image-preview":"max-image-preview:large","max-video-preview":"max-video-preview:-1"},"canonical":"https:\/\/paju.org\/fr\/bennett-denonce-comme-criminel-de-guerre-a-toronto\/","og_locale":"fr_FR","og_type":"article","og_title":"Bennett d\u00e9nonc\u00e9 comme \u00abcriminel de guerre\u00bb \u00e0 Toronto - PAJU","og_description":"Manifestation contre Naftali Bennett \u00e0 Toronto","og_site_name":"PAJU","article_publisher":"https:\/\/www.facebook.com\/pajumontreal","article_published_time":"2023-06-16T21:45:11+00:00","article_modified_time":"2023-06-16T21:52:19+00:00","og_image":[{"width":781,"height":439,"url":"https:\/\/paju.org\/wp-content\/uploads\/2023\/06\/Naftali-Bennet-Israel-national-News.webp","type":"image\/webp"}],"author":"Bruce Katz","twitter_card":"summary_large_image","twitter_misc":{"\u00c9crit par":"Bruce Katz","Dur\u00e9e de lecture estim\u00e9e":"3 minutes"},"schema":{"@context":"https:\/\/schema.org","@graph":[{"@type":"Article","@id":"https:\/\/paju.org\/fr\/bennett-denonce-comme-criminel-de-guerre-a-toronto\/#article","isPartOf":{"@id":"https:\/\/paju.org\/fr\/bennett-denonce-comme-criminel-de-guerre-a-toronto\/"},"author":{"name":"Bruce Katz","@id":"https:\/\/paju.org\/fr\/#\/schema\/person\/6d8aed1579a1f4a97e1c552a5f2a891d"},"headline":"Bennett d\u00e9nonc\u00e9 comme \u00abcriminel de guerre\u00bb \u00e0 Toronto","datePublished":"2023-06-16T21:45:11+00:00","dateModified":"2023-06-16T21:52:19+00:00","mainEntityOfPage":{"@id":"https:\/\/paju.org\/fr\/bennett-denonce-comme-criminel-de-guerre-a-toronto\/"},"wordCount":571,"publisher":{"@id":"https:\/\/paju.org\/fr\/#organization"},"image":{"@id":"https:\/\/paju.org\/fr\/bennett-denonce-comme-criminel-de-guerre-a-toronto\/#primaryimage"},"thumbnailUrl":"https:\/\/paju.org\/wp-content\/uploads\/2023\/06\/Naftali-Bennet-Israel-national-News.webp","articleSection":["Notre bulletin"],"inLanguage":"fr-FR"},{"@type":"WebPage","@id":"https:\/\/paju.org\/fr\/bennett-denonce-comme-criminel-de-guerre-a-toronto\/","url":"https:\/\/paju.org\/fr\/bennett-denonce-comme-criminel-de-guerre-a-toronto\/","name":"Bennett d\u00e9nonc\u00e9 comme \u00abcriminel de guerre\u00bb \u00e0 Toronto - PAJU","isPartOf":{"@id":"https:\/\/paju.org\/fr\/#website"},"primaryImageOfPage":{"@id":"https:\/\/paju.org\/fr\/bennett-denonce-comme-criminel-de-guerre-a-toronto\/#primaryimage"},"image":{"@id":"https:\/\/paju.org\/fr\/bennett-denonce-comme-criminel-de-guerre-a-toronto\/#primaryimage"},"thumbnailUrl":"https:\/\/paju.org\/wp-content\/uploads\/2023\/06\/Naftali-Bennet-Israel-national-News.webp","datePublished":"2023-06-16T21:45:11+00:00","dateModified":"2023-06-16T21:52:19+00:00","description":"Manifestation contre Naftali Bennett \u00e0 Toronto","breadcrumb":{"@id":"https:\/\/paju.org\/fr\/bennett-denonce-comme-criminel-de-guerre-a-toronto\/#breadcrumb"},"inLanguage":"fr-FR","potentialAction":[{"@type":"ReadAction","target":["https:\/\/paju.org\/fr\/bennett-denonce-comme-criminel-de-guerre-a-toronto\/"]}]},{"@type":"ImageObject","inLanguage":"fr-FR","@id":"https:\/\/paju.org\/fr\/bennett-denonce-comme-criminel-de-guerre-a-toronto\/#primaryimage","url":"https:\/\/paju.org\/wp-content\/uploads\/2023\/06\/Naftali-Bennet-Israel-national-News.webp","contentUrl":"https:\/\/paju.org\/wp-content\/uploads\/2023\/06\/Naftali-Bennet-Israel-national-News.webp","width":781,"height":439},{"@type":"BreadcrumbList","@id":"https:\/\/paju.org\/fr\/bennett-denonce-comme-criminel-de-guerre-a-toronto\/#breadcrumb","itemListElement":[{"@type":"ListItem","position":1,"name":"Home","item":"https:\/\/paju.org\/fr\/"},{"@type":"ListItem","position":2,"name":"Bennett d\u00e9nonc\u00e9 comme \u00abcriminel de guerre\u00bb \u00e0 Toronto"}]},{"@type":"WebSite","@id":"https:\/\/paju.org\/fr\/#website","url":"https:\/\/paju.org\/fr\/","name":"PAJU","description":"","publisher":{"@id":"https:\/\/paju.org\/fr\/#organization"},"potentialAction":[{"@type":"SearchAction","target":{"@type":"EntryPoint","urlTemplate":"https:\/\/paju.org\/fr\/?s={search_term_string}"},"query-input":{"@type":"PropertyValueSpecification","valueRequired":true,"valueName":"search_term_string"}}],"inLanguage":"fr-FR"},{"@type":"Organization","@id":"https:\/\/paju.org\/fr\/#organization","name":"Palestinian and Jewish Unity","url":"https:\/\/paju.org\/fr\/","logo":{"@type":"ImageObject","inLanguage":"fr-FR","@id":"https:\/\/paju.org\/fr\/#\/schema\/logo\/image\/","url":"https:\/\/paju.org\/wp-content\/uploads\/PAJU-Logo.png","contentUrl":"https:\/\/paju.org\/wp-content\/uploads\/PAJU-Logo.png","width":696,"height":293,"caption":"Palestinian and Jewish Unity"},"image":{"@id":"https:\/\/paju.org\/fr\/#\/schema\/logo\/image\/"},"sameAs":["https:\/\/www.facebook.com\/pajumontreal","https:\/\/www.instagram.com\/pajumontreal\/"]},{"@type":"Person","@id":"https:\/\/paju.org\/fr\/#\/schema\/person\/6d8aed1579a1f4a97e1c552a5f2a891d","name":"Bruce Katz","image":{"@type":"ImageObject","inLanguage":"fr-FR","@id":"https:\/\/paju.org\/fr\/#\/schema\/person\/image\/","url":"https:\/\/secure.gravatar.com\/avatar\/4c65b2117dbb672d0bda009f0367a4721c9271f1f68b1747fb53d7333079d0f1?s=96&d=mm&r=g","contentUrl":"https:\/\/secure.gravatar.com\/avatar\/4c65b2117dbb672d0bda009f0367a4721c9271f1f68b1747fb53d7333079d0f1?s=96&d=mm&r=g","caption":"Bruce Katz"},"url":"https:\/\/paju.org\/fr\/author\/chadi\/"}]}},"_links":{"self":[{"href":"https:\/\/paju.org\/fr\/wp-json\/wp\/v2\/posts\/248734","targetHints":{"allow":["GET"]}}],"collection":[{"href":"https:\/\/paju.org\/fr\/wp-json\/wp\/v2\/posts"}],"about":[{"href":"https:\/\/paju.org\/fr\/wp-json\/wp\/v2\/types\/post"}],"author":[{"embeddable":true,"href":"https:\/\/paju.org\/fr\/wp-json\/wp\/v2\/users\/4"}],"replies":[{"embeddable":true,"href":"https:\/\/paju.org\/fr\/wp-json\/wp\/v2\/comments?post=248734"}],"version-history":[{"count":2,"href":"https:\/\/paju.org\/fr\/wp-json\/wp\/v2\/posts\/248734\/revisions"}],"predecessor-version":[{"id":248737,"href":"https:\/\/paju.org\/fr\/wp-json\/wp\/v2\/posts\/248734\/revisions\/248737"}],"wp:featuredmedia":[{"embeddable":true,"href":"https:\/\/paju.org\/fr\/wp-json\/wp\/v2\/media\/248731"}],"wp:attachment":[{"href":"https:\/\/paju.org\/fr\/wp-json\/wp\/v2\/media?parent=248734"}],"wp:term":[{"taxonomy":"category","embeddable":true,"href":"https:\/\/paju.org\/fr\/wp-json\/wp\/v2\/categories?post=248734"},{"taxonomy":"post_tag","embeddable":true,"href":"https:\/\/paju.org\/fr\/wp-json\/wp\/v2\/tags?post=248734"}],"curies":[{"name":"wp","href":"https:\/\/api.w.org\/{rel}","templated":true}]}}