{"id":248617,"date":"2021-08-03T20:35:07","date_gmt":"2021-08-04T00:35:07","guid":{"rendered":"https:\/\/paju.org\/?p=248617"},"modified":"2023-06-06T20:49:03","modified_gmt":"2023-06-07T00:49:03","slug":"video-palestine-solidarity-and-the-boycott-movement-an-inter-generational-dialogue","status":"publish","type":"post","link":"https:\/\/paju.org\/fr\/video-palestine-solidarity-and-the-boycott-movement-an-inter-generational-dialogue\/","title":{"rendered":"Video: Palestine Solidarity and the Boycott Movement: An Inter-Generational Dialogue"},"content":{"rendered":"\n<p>Samidoun Prisoner Solidarity Network<\/p>\n\n\n\n<p><a href=\"https:\/\/samidoun.net\/2021\/08\/video-palestine-solidarity-and-the-boycott-movement-an-inter-generational-dialogue\/\">https:\/\/samidoun.net\/2021\/08\/video-palestine-solidarity-and-the-boycott-movement-an-inter-generational-dialogue\/<\/a><\/p>\n\n\n\n<p>Watch the full video (above) of&nbsp; \u201cPalestine Solidarity and the Boycott Movement: An Inter-Generational Dialogue,\u201d organized by the Canada Palestine Association and BDS Vancouver \u2013 Coast Salish Territories on Tuesday, 3 August 2021. The online event was also supported by the Canadian BDS Coalition, Just Peace Advocates and Samidoun Palestinian Prisoner Solidarity Network.<\/p>\n\n\n\n<p>The full event video is also available on Facebook:&nbsp;<a href=\"https:\/\/www.facebook.com\/cpavancouver.org\/videos\/1008597779913447\/\" target=\"_blank\" rel=\"noreferrer noopener\">https:\/\/www.facebook.com\/<wbr>cpavancouver.org\/videos\/<wbr>1008597779913447\/<\/a><\/p>\n\n\n\n<p>The event aimed to provide a&nbsp;moderated, dynamic and inter-generational discussion of the history, current challenges and prospects for the Palestine solidarity movement in Canada.<\/p>\n\n\n\n<p>Speakers: <strong>Hanna Kawas<\/strong> (Canada Palestine Association); <strong>Charlotte Kates <\/strong>(Samidoun); <strong>Bruce Katz<\/strong> (Palestinian and Jewish Unity); <strong>Moe Alqasem<\/strong> (Palestinian Youth Movement); <strong>Aiyanas Ormond<\/strong> (BDS Vancouver \u2013 Moderator)<\/p>\n","protected":false},"excerpt":{"rendered":"<p>Samidoun Prisoner Solidarity Network https:\/\/samidoun.net\/2021\/08\/video-palestine-solidarity-and-the-boycott-movement-an-inter-generational-dialogue\/ Watch the full video (above) of&nbsp; \u201cPalestine Solidarity and the Boycott Movement: An Inter-Generational Dialogue,\u201d organized by the Canada Palestine Association and BDS Vancouver \u2013 [&hellip;]<\/p>\n","protected":false},"author":4,"featured_media":248620,"comment_status":"closed","ping_status":"closed","sticky":false,"template":"","format":"standard","meta":{"_acf_changed":false,"_et_pb_use_builder":"","_et_pb_old_content":"","_et_gb_content_width":"","footnotes":""},"categories":[209],"tags":[],"class_list":["post-248617","post","type-post","status-publish","format-standard","has-post-thumbnail","hentry","category-video"],"acf":[],"yoast_head":"<!-- This site is optimized with the Yoast SEO plugin v25.8 - https:\/\/yoast.com\/wordpress\/plugins\/seo\/ -->\n<title>Video: Palestine Solidarity and the Boycott Movement: An Inter-Generational Dialogue - PAJU<\/title>\n<meta name=\"robots\" content=\"index, follow, max-snippet:-1, max-image-preview:large, max-video-preview:-1\" \/>\n<link rel=\"canonical\" href=\"https:\/\/paju.org\/fr\/video-palestine-solidarity-and-the-boycott-movement-an-inter-generational-dialogue\/\" \/>\n<meta property=\"og:locale\" content=\"fr_FR\" \/>\n<meta property=\"og:type\" content=\"article\" \/>\n<meta property=\"og:title\" content=\"Video: Palestine Solidarity and the Boycott Movement: An Inter-Generational Dialogue - PAJU\" \/>\n<meta property=\"og:description\" content=\"Samidoun Prisoner Solidarity Network https:\/\/samidoun.net\/2021\/08\/video-palestine-solidarity-and-the-boycott-movement-an-inter-generational-dialogue\/ Watch the full video (above) of&nbsp; \u201cPalestine Solidarity and the Boycott Movement: An Inter-Generational Dialogue,\u201d organized by the Canada Palestine Association and BDS Vancouver \u2013 [&hellip;]\" \/>\n<meta property=\"og:site_name\" content=\"PAJU\" \/>\n<meta property=\"article:publisher\" content=\"https:\/\/www.facebook.com\/pajumontreal\" \/>\n<meta property=\"article:published_time\" content=\"2021-08-04T00:35:07+00:00\" \/>\n<meta property=\"article:modified_time\" content=\"2023-06-07T00:49:03+00:00\" \/>\n<meta property=\"og:image\" content=\"https:\/\/paju.org\/wp-content\/uploads\/2023\/06\/samid.gif\" \/>\n\t<meta property=\"og:image:width\" content=\"644\" \/>\n\t<meta property=\"og:image:height\" content=\"170\" \/>\n\t<meta property=\"og:image:type\" content=\"image\/gif\" \/>\n<meta name=\"author\" content=\"Bruce Katz\" \/>\n<meta name=\"twitter:card\" content=\"summary_large_image\" \/>\n<meta name=\"twitter:label1\" content=\"\u00c9crit par\" \/>\n\t<meta name=\"twitter:data1\" content=\"Bruce Katz\" \/>\n\t<meta name=\"twitter:label2\" content=\"Dur\u00e9e de lecture estim\u00e9e\" \/>\n\t<meta name=\"twitter:data2\" content=\"1 minute\" \/>\n<script type=\"application\/ld+json\" class=\"yoast-schema-graph\">{\"@context\":\"https:\/\/schema.org\",\"@graph\":[{\"@type\":\"Article\",\"@id\":\"https:\/\/paju.org\/fr\/video-palestine-solidarity-and-the-boycott-movement-an-inter-generational-dialogue\/#article\",\"isPartOf\":{\"@id\":\"https:\/\/paju.org\/fr\/video-palestine-solidarity-and-the-boycott-movement-an-inter-generational-dialogue\/\"},\"author\":{\"name\":\"Bruce Katz\",\"@id\":\"https:\/\/paju.org\/fr\/#\/schema\/person\/6d8aed1579a1f4a97e1c552a5f2a891d\"},\"headline\":\"Video: Palestine Solidarity and the Boycott Movement: An Inter-Generational Dialogue\",\"datePublished\":\"2021-08-04T00:35:07+00:00\",\"dateModified\":\"2023-06-07T00:49:03+00:00\",\"mainEntityOfPage\":{\"@id\":\"https:\/\/paju.org\/fr\/video-palestine-solidarity-and-the-boycott-movement-an-inter-generational-dialogue\/\"},\"wordCount\":137,\"publisher\":{\"@id\":\"https:\/\/paju.org\/fr\/#organization\"},\"image\":{\"@id\":\"https:\/\/paju.org\/fr\/video-palestine-solidarity-and-the-boycott-movement-an-inter-generational-dialogue\/#primaryimage\"},\"thumbnailUrl\":\"https:\/\/paju.org\/wp-content\/uploads\/2023\/06\/samid.gif\",\"articleSection\":[\"Video\"],\"inLanguage\":\"fr-FR\"},{\"@type\":\"WebPage\",\"@id\":\"https:\/\/paju.org\/fr\/video-palestine-solidarity-and-the-boycott-movement-an-inter-generational-dialogue\/\",\"url\":\"https:\/\/paju.org\/fr\/video-palestine-solidarity-and-the-boycott-movement-an-inter-generational-dialogue\/\",\"name\":\"Video: Palestine Solidarity and the Boycott Movement: An Inter-Generational Dialogue - PAJU\",\"isPartOf\":{\"@id\":\"https:\/\/paju.org\/fr\/#website\"},\"primaryImageOfPage\":{\"@id\":\"https:\/\/paju.org\/fr\/video-palestine-solidarity-and-the-boycott-movement-an-inter-generational-dialogue\/#primaryimage\"},\"image\":{\"@id\":\"https:\/\/paju.org\/fr\/video-palestine-solidarity-and-the-boycott-movement-an-inter-generational-dialogue\/#primaryimage\"},\"thumbnailUrl\":\"https:\/\/paju.org\/wp-content\/uploads\/2023\/06\/samid.gif\",\"datePublished\":\"2021-08-04T00:35:07+00:00\",\"dateModified\":\"2023-06-07T00:49:03+00:00\",\"breadcrumb\":{\"@id\":\"https:\/\/paju.org\/fr\/video-palestine-solidarity-and-the-boycott-movement-an-inter-generational-dialogue\/#breadcrumb\"},\"inLanguage\":\"fr-FR\",\"potentialAction\":[{\"@type\":\"ReadAction\",\"target\":[\"https:\/\/paju.org\/fr\/video-palestine-solidarity-and-the-boycott-movement-an-inter-generational-dialogue\/\"]}]},{\"@type\":\"ImageObject\",\"inLanguage\":\"fr-FR\",\"@id\":\"https:\/\/paju.org\/fr\/video-palestine-solidarity-and-the-boycott-movement-an-inter-generational-dialogue\/#primaryimage\",\"url\":\"https:\/\/paju.org\/wp-content\/uploads\/2023\/06\/samid.gif\",\"contentUrl\":\"https:\/\/paju.org\/wp-content\/uploads\/2023\/06\/samid.gif\",\"width\":644,\"height\":170},{\"@type\":\"BreadcrumbList\",\"@id\":\"https:\/\/paju.org\/fr\/video-palestine-solidarity-and-the-boycott-movement-an-inter-generational-dialogue\/#breadcrumb\",\"itemListElement\":[{\"@type\":\"ListItem\",\"position\":1,\"name\":\"Home\",\"item\":\"https:\/\/paju.org\/fr\/\"},{\"@type\":\"ListItem\",\"position\":2,\"name\":\"Video: Palestine Solidarity and the Boycott Movement: An Inter-Generational Dialogue\"}]},{\"@type\":\"WebSite\",\"@id\":\"https:\/\/paju.org\/fr\/#website\",\"url\":\"https:\/\/paju.org\/fr\/\",\"name\":\"PAJU\",\"description\":\"\",\"publisher\":{\"@id\":\"https:\/\/paju.org\/fr\/#organization\"},\"potentialAction\":[{\"@type\":\"SearchAction\",\"target\":{\"@type\":\"EntryPoint\",\"urlTemplate\":\"https:\/\/paju.org\/fr\/?s={search_term_string}\"},\"query-input\":{\"@type\":\"PropertyValueSpecification\",\"valueRequired\":true,\"valueName\":\"search_term_string\"}}],\"inLanguage\":\"fr-FR\"},{\"@type\":\"Organization\",\"@id\":\"https:\/\/paju.org\/fr\/#organization\",\"name\":\"Palestinian and Jewish Unity\",\"url\":\"https:\/\/paju.org\/fr\/\",\"logo\":{\"@type\":\"ImageObject\",\"inLanguage\":\"fr-FR\",\"@id\":\"https:\/\/paju.org\/fr\/#\/schema\/logo\/image\/\",\"url\":\"https:\/\/paju.org\/wp-content\/uploads\/PAJU-Logo.png\",\"contentUrl\":\"https:\/\/paju.org\/wp-content\/uploads\/PAJU-Logo.png\",\"width\":696,\"height\":293,\"caption\":\"Palestinian and Jewish Unity\"},\"image\":{\"@id\":\"https:\/\/paju.org\/fr\/#\/schema\/logo\/image\/\"},\"sameAs\":[\"https:\/\/www.facebook.com\/pajumontreal\",\"https:\/\/www.instagram.com\/pajumontreal\/\"]},{\"@type\":\"Person\",\"@id\":\"https:\/\/paju.org\/fr\/#\/schema\/person\/6d8aed1579a1f4a97e1c552a5f2a891d\",\"name\":\"Bruce Katz\",\"image\":{\"@type\":\"ImageObject\",\"inLanguage\":\"fr-FR\",\"@id\":\"https:\/\/paju.org\/fr\/#\/schema\/person\/image\/\",\"url\":\"https:\/\/secure.gravatar.com\/avatar\/4c65b2117dbb672d0bda009f0367a4721c9271f1f68b1747fb53d7333079d0f1?s=96&d=mm&r=g\",\"contentUrl\":\"https:\/\/secure.gravatar.com\/avatar\/4c65b2117dbb672d0bda009f0367a4721c9271f1f68b1747fb53d7333079d0f1?s=96&d=mm&r=g\",\"caption\":\"Bruce Katz\"},\"url\":\"https:\/\/paju.org\/fr\/author\/chadi\/\"}]}<\/script>\n<!-- \/ Yoast SEO plugin. -->","yoast_head_json":{"title":"Video: Palestine Solidarity and the Boycott Movement: An Inter-Generational Dialogue - PAJU","robots":{"index":"index","follow":"follow","max-snippet":"max-snippet:-1","max-image-preview":"max-image-preview:large","max-video-preview":"max-video-preview:-1"},"canonical":"https:\/\/paju.org\/fr\/video-palestine-solidarity-and-the-boycott-movement-an-inter-generational-dialogue\/","og_locale":"fr_FR","og_type":"article","og_title":"Video: Palestine Solidarity and the Boycott Movement: An Inter-Generational Dialogue - PAJU","og_description":"Samidoun Prisoner Solidarity Network https:\/\/samidoun.net\/2021\/08\/video-palestine-solidarity-and-the-boycott-movement-an-inter-generational-dialogue\/ Watch the full video (above) of&nbsp; \u201cPalestine Solidarity and the Boycott Movement: An Inter-Generational Dialogue,\u201d organized by the Canada Palestine Association and BDS Vancouver \u2013 [&hellip;]","og_site_name":"PAJU","article_publisher":"https:\/\/www.facebook.com\/pajumontreal","article_published_time":"2021-08-04T00:35:07+00:00","article_modified_time":"2023-06-07T00:49:03+00:00","og_image":[{"width":644,"height":170,"url":"https:\/\/paju.org\/wp-content\/uploads\/2023\/06\/samid.gif","type":"image\/gif"}],"author":"Bruce Katz","twitter_card":"summary_large_image","twitter_misc":{"\u00c9crit par":"Bruce Katz","Dur\u00e9e de lecture estim\u00e9e":"1 minute"},"schema":{"@context":"https:\/\/schema.org","@graph":[{"@type":"Article","@id":"https:\/\/paju.org\/fr\/video-palestine-solidarity-and-the-boycott-movement-an-inter-generational-dialogue\/#article","isPartOf":{"@id":"https:\/\/paju.org\/fr\/video-palestine-solidarity-and-the-boycott-movement-an-inter-generational-dialogue\/"},"author":{"name":"Bruce Katz","@id":"https:\/\/paju.org\/fr\/#\/schema\/person\/6d8aed1579a1f4a97e1c552a5f2a891d"},"headline":"Video: Palestine Solidarity and the Boycott Movement: An Inter-Generational Dialogue","datePublished":"2021-08-04T00:35:07+00:00","dateModified":"2023-06-07T00:49:03+00:00","mainEntityOfPage":{"@id":"https:\/\/paju.org\/fr\/video-palestine-solidarity-and-the-boycott-movement-an-inter-generational-dialogue\/"},"wordCount":137,"publisher":{"@id":"https:\/\/paju.org\/fr\/#organization"},"image":{"@id":"https:\/\/paju.org\/fr\/video-palestine-solidarity-and-the-boycott-movement-an-inter-generational-dialogue\/#primaryimage"},"thumbnailUrl":"https:\/\/paju.org\/wp-content\/uploads\/2023\/06\/samid.gif","articleSection":["Video"],"inLanguage":"fr-FR"},{"@type":"WebPage","@id":"https:\/\/paju.org\/fr\/video-palestine-solidarity-and-the-boycott-movement-an-inter-generational-dialogue\/","url":"https:\/\/paju.org\/fr\/video-palestine-solidarity-and-the-boycott-movement-an-inter-generational-dialogue\/","name":"Video: Palestine Solidarity and the Boycott Movement: An Inter-Generational Dialogue - PAJU","isPartOf":{"@id":"https:\/\/paju.org\/fr\/#website"},"primaryImageOfPage":{"@id":"https:\/\/paju.org\/fr\/video-palestine-solidarity-and-the-boycott-movement-an-inter-generational-dialogue\/#primaryimage"},"image":{"@id":"https:\/\/paju.org\/fr\/video-palestine-solidarity-and-the-boycott-movement-an-inter-generational-dialogue\/#primaryimage"},"thumbnailUrl":"https:\/\/paju.org\/wp-content\/uploads\/2023\/06\/samid.gif","datePublished":"2021-08-04T00:35:07+00:00","dateModified":"2023-06-07T00:49:03+00:00","breadcrumb":{"@id":"https:\/\/paju.org\/fr\/video-palestine-solidarity-and-the-boycott-movement-an-inter-generational-dialogue\/#breadcrumb"},"inLanguage":"fr-FR","potentialAction":[{"@type":"ReadAction","target":["https:\/\/paju.org\/fr\/video-palestine-solidarity-and-the-boycott-movement-an-inter-generational-dialogue\/"]}]},{"@type":"ImageObject","inLanguage":"fr-FR","@id":"https:\/\/paju.org\/fr\/video-palestine-solidarity-and-the-boycott-movement-an-inter-generational-dialogue\/#primaryimage","url":"https:\/\/paju.org\/wp-content\/uploads\/2023\/06\/samid.gif","contentUrl":"https:\/\/paju.org\/wp-content\/uploads\/2023\/06\/samid.gif","width":644,"height":170},{"@type":"BreadcrumbList","@id":"https:\/\/paju.org\/fr\/video-palestine-solidarity-and-the-boycott-movement-an-inter-generational-dialogue\/#breadcrumb","itemListElement":[{"@type":"ListItem","position":1,"name":"Home","item":"https:\/\/paju.org\/fr\/"},{"@type":"ListItem","position":2,"name":"Video: Palestine Solidarity and the Boycott Movement: An Inter-Generational Dialogue"}]},{"@type":"WebSite","@id":"https:\/\/paju.org\/fr\/#website","url":"https:\/\/paju.org\/fr\/","name":"PAJU","description":"","publisher":{"@id":"https:\/\/paju.org\/fr\/#organization"},"potentialAction":[{"@type":"SearchAction","target":{"@type":"EntryPoint","urlTemplate":"https:\/\/paju.org\/fr\/?s={search_term_string}"},"query-input":{"@type":"PropertyValueSpecification","valueRequired":true,"valueName":"search_term_string"}}],"inLanguage":"fr-FR"},{"@type":"Organization","@id":"https:\/\/paju.org\/fr\/#organization","name":"Palestinian and Jewish Unity","url":"https:\/\/paju.org\/fr\/","logo":{"@type":"ImageObject","inLanguage":"fr-FR","@id":"https:\/\/paju.org\/fr\/#\/schema\/logo\/image\/","url":"https:\/\/paju.org\/wp-content\/uploads\/PAJU-Logo.png","contentUrl":"https:\/\/paju.org\/wp-content\/uploads\/PAJU-Logo.png","width":696,"height":293,"caption":"Palestinian and Jewish Unity"},"image":{"@id":"https:\/\/paju.org\/fr\/#\/schema\/logo\/image\/"},"sameAs":["https:\/\/www.facebook.com\/pajumontreal","https:\/\/www.instagram.com\/pajumontreal\/"]},{"@type":"Person","@id":"https:\/\/paju.org\/fr\/#\/schema\/person\/6d8aed1579a1f4a97e1c552a5f2a891d","name":"Bruce Katz","image":{"@type":"ImageObject","inLanguage":"fr-FR","@id":"https:\/\/paju.org\/fr\/#\/schema\/person\/image\/","url":"https:\/\/secure.gravatar.com\/avatar\/4c65b2117dbb672d0bda009f0367a4721c9271f1f68b1747fb53d7333079d0f1?s=96&d=mm&r=g","contentUrl":"https:\/\/secure.gravatar.com\/avatar\/4c65b2117dbb672d0bda009f0367a4721c9271f1f68b1747fb53d7333079d0f1?s=96&d=mm&r=g","caption":"Bruce Katz"},"url":"https:\/\/paju.org\/fr\/author\/chadi\/"}]}},"_links":{"self":[{"href":"https:\/\/paju.org\/fr\/wp-json\/wp\/v2\/posts\/248617","targetHints":{"allow":["GET"]}}],"collection":[{"href":"https:\/\/paju.org\/fr\/wp-json\/wp\/v2\/posts"}],"about":[{"href":"https:\/\/paju.org\/fr\/wp-json\/wp\/v2\/types\/post"}],"author":[{"embeddable":true,"href":"https:\/\/paju.org\/fr\/wp-json\/wp\/v2\/users\/4"}],"replies":[{"embeddable":true,"href":"https:\/\/paju.org\/fr\/wp-json\/wp\/v2\/comments?post=248617"}],"version-history":[{"count":1,"href":"https:\/\/paju.org\/fr\/wp-json\/wp\/v2\/posts\/248617\/revisions"}],"predecessor-version":[{"id":248622,"href":"https:\/\/paju.org\/fr\/wp-json\/wp\/v2\/posts\/248617\/revisions\/248622"}],"wp:featuredmedia":[{"embeddable":true,"href":"https:\/\/paju.org\/fr\/wp-json\/wp\/v2\/media\/248620"}],"wp:attachment":[{"href":"https:\/\/paju.org\/fr\/wp-json\/wp\/v2\/media?parent=248617"}],"wp:term":[{"taxonomy":"category","embeddable":true,"href":"https:\/\/paju.org\/fr\/wp-json\/wp\/v2\/categories?post=248617"},{"taxonomy":"post_tag","embeddable":true,"href":"https:\/\/paju.org\/fr\/wp-json\/wp\/v2\/tags?post=248617"}],"curies":[{"name":"wp","href":"https:\/\/api.w.org\/{rel}","templated":true}]}}