{"id":248542,"date":"2023-06-01T13:42:39","date_gmt":"2023-06-01T17:42:39","guid":{"rendered":"https:\/\/paju.org\/?p=248542"},"modified":"2023-06-01T13:47:52","modified_gmt":"2023-06-01T17:47:52","slug":"canada-et-palestine-une-profonde-illusion","status":"publish","type":"post","link":"https:\/\/paju.org\/fr\/canada-et-palestine-une-profonde-illusion\/","title":{"rendered":"Canada et Palestine, une profonde illusion"},"content":{"rendered":"\n<h1 class=\"wp-block-heading\">Canada et Palestine, une profonde illusion<\/h1>\n\n\n\n<p><strong>Rachad Antonius*<\/strong><\/p>\n\n\n\n<p>Le Canada se pr\u00e9sente toujours comme un acteur honn\u00eate qui respecte le droit international et les droits de la personne. En ce qui concerne la Palestine, il y a l\u00e0 une profonde illusion.<\/p>\n\n\n\n<p>Cela fait trois quarts de si\u00e8cle que la Nakba, c\u2019est-\u00e0-dire l\u2019expulsion de la majorit\u00e9 des Palestiniens de la terre qu\u2019ils habitaient, a \u00e9t\u00e9 la cons\u00e9quence in\u00e9vitable de la partition de la Palestine. Commenc\u00e9e d\u00e8s 1947, avant l\u2019\u00e9tablissement du nouvel \u00c9tat, l\u2019op\u00e9ration de nettoyage ethnique s\u2019est poursuivie apr\u00e8s la partition. La destruction syst\u00e9matique de plus de 450 villages palestiniens, vid\u00e9s de leurs habitants, en a \u00e9t\u00e9 la cons\u00e9quence logique. Autrement, comment \u00e9tablir un \u00c9tat pour les juifs alors que le territoire \u00e9tait peupl\u00e9, depuis des si\u00e8cles, d\u2019une majorit\u00e9 de non-juifs&nbsp;?<\/p>\n\n\n\n<p>La partition de la Palestine n\u2019\u00e9tait pas la seule solution possible aux tensions r\u00e9sultant de l\u2019arriv\u00e9e massive de r\u00e9fugi\u00e9s juifs europ\u00e9ens fuyant la pers\u00e9cution, les pogroms et le g\u00e9nocide. La solution d\u2019une conf\u00e9d\u00e9ration unissant les r\u00e9fugi\u00e9s juifs europ\u00e9ens et les Palestiniens, qui constituaient la soci\u00e9t\u00e9 h\u00f4te, avait \u00e9t\u00e9 propos\u00e9e par des pays arabes. Ils avaient demand\u00e9 \u00e0 l\u2019ONU de s\u2019adresser \u00e0 la Cour internationale de justice pour que celle-ci se prononce sur la l\u00e9galit\u00e9 de l\u2019imposition d\u2019une partition que la majorit\u00e9 de la population du territoire refusait.<\/p>\n\n\n\n<p>L\u2019action combin\u00e9e de deux Canadiens, Lester B. Pearson et le juge Ivan C. Rand, au sein de l\u2019UNSCOP (le Comit\u00e9 sp\u00e9cial des Nations unies sur la Palestine), a \u00e9t\u00e9 d\u00e9terminante pour \u00e9carter la solution d\u2019une conf\u00e9d\u00e9ration, et pour que seule la solution de la partition soit soumise au vote de l\u2019Assembl\u00e9e g\u00e9n\u00e9rale de l\u2019ONU. La partition a eu comme cons\u00e9quence imm\u00e9diate l\u2019expulsion des Palestiniens de leur terre, et \u00e0 plus long terme, un syst\u00e8me que beaucoup d\u2019observateurs n\u2019h\u00e9sitent plus \u00e0 qualifier d\u2019apartheid. Le Canada a la lourde responsabilit\u00e9 d\u2019avoir contribu\u00e9 directement \u00e0 cette injustice.<\/p>\n\n\n\n<p>Les accords d\u2019Oslo de 1993 ont renouvel\u00e9 l\u2019espoir d\u2019une issue pacifique au conflit. Conscients du fait que les pays occidentaux ne corrigeraient jamais l\u2019injustice qu\u2019ils ont cr\u00e9\u00e9e, les Palestiniens ont fait un \u00e9norme compromis historique&nbsp;: se contenter des 22&nbsp;% restants de la Palestine, soit la Cisjordanie et Gaza. Cette solution n\u2019\u00e9tait pas juste pour eux, mais elle mettrait fin au conflit en consacrant la supr\u00e9matie isra\u00e9lienne.<\/p>\n\n\n\n<p>M\u00eame injustes, les accords d\u2019Oslo n\u2019ont \u00e9t\u00e9 qu\u2019un leurre. Isra\u00ebl voulait encore grignoter dans ces 22&nbsp;% restants. Sous pr\u00e9texte de redonner graduellement le contr\u00f4le des territoires occup\u00e9s aux Palestiniens, ces accords ont permis l\u2019intensification majeure de la colonisation dans les zones sous contr\u00f4le isra\u00e9lien, soit la majorit\u00e9 du territoire de la Cisjordanie.<\/p>\n\n\n\n<p>Durant les n\u00e9gociations dites \u00ab&nbsp;de paix&nbsp;\u00bb, le nombre de colonies de peuplement isra\u00e9liennes a augment\u00e9 de fa\u00e7on rapide, de m\u00eame que le nombre de colons. Les interdictions de construire et la destruction de maisons palestiniennes d\u00e9j\u00e0 construites se sont poursuivies. La juda\u00efsation de la partie arabe de J\u00e9rusalem s\u2019est intensifi\u00e9e de fa\u00e7on agressive, et nombre de familles palestiniennes, \u00e0 J\u00e9rusalem et \u00e0 H\u00e9bron, ont \u00e9t\u00e9 expuls\u00e9es de leurs maisons pour faire place \u00e0 des familles juives. Les centaines de postes de contr\u00f4le isra\u00e9liens en Cisjordanie ont paralys\u00e9 l\u2019\u00e9conomie palestinienne et ont rendu le quotidien des Palestiniens p\u00e9nible et humiliant.<\/p>\n\n\n\n<p><strong>La politique canadienne<\/strong><\/p>\n\n\n\n<p>La politique canadienne a \u00e9t\u00e9 relativement constante sur le fond. Bien que les lib\u00e9raux aient eu tendance \u00e0 vouloir aider les Palestiniens \u00e9conomiquement et sur le plan du d\u00e9veloppement, les gouvernements successifs, sans \u00e9gard \u00e0 leur couleur, ne se sont jamais oppos\u00e9s s\u00e9rieusement aux politiques isra\u00e9liennes d\u2019apartheid, tout en pr\u00e9tendant qu\u2019ils reconnaissent le droit international.<\/p>\n\n\n\n<p>En effet, l\u2019\u00e9nonc\u00e9 sur la Politique canadienne sur les aspects cl\u00e9s du conflit isra\u00e9lo-palestinien est l\u00e9g\u00e8rement modifi\u00e9 de temps en temps, mais il maintient un cap constant&nbsp;: le respect du droit international est proclam\u00e9, la Quatri\u00e8me Convention de Gen\u00e8ve de 1949 est reconnue comme s\u2019appliquant aux territoires occup\u00e9s, les colonies isra\u00e9liennes en Cisjordanie sont consid\u00e9r\u00e9es comme ill\u00e9gales, de m\u00eame que l\u2019annexion de J\u00e9rusalem. Le d\u00e9sir de voir un \u00c9tat palestinien est aussi affirm\u00e9.<\/p>\n\n\n\n<p>Mais o\u00f9 est le probl\u00e8me, alors&nbsp;?<\/p>\n\n\n\n<p>Le probl\u00e8me est qu\u2019apr\u00e8s avoir affirm\u00e9 son respect pour le droit international, le Canada estime que la solution sera r\u00e9alis\u00e9e par \u00ab&nbsp;la n\u00e9gociation directe entre les parties&nbsp;\u00bb. Or, compte tenu de l\u2019\u00e9norme diff\u00e9rence de pouvoir politique, \u00e9conomique et militaire entre les deux parties, sans pressions directes et fortes sur Isra\u00ebl par ses alli\u00e9s et amis, ce n\u2019est pas le droit international qui va \u00eatre appliqu\u00e9. C\u2019est le rapport de force brut qui va dicter les termes de la solution. Les Palestiniens n\u2019ont pas le pouvoir d\u2019imposer une solution juste. Mais ils ont juste celui de refuser de signer des accords qui consacrent l\u2019injustice. Ils ont le droit international de leur c\u00f4t\u00e9, mais ils n\u2019ont ni la force de le faire appliquer ni les alli\u00e9s qui peuvent les aider.<\/p>\n\n\n\n<p>Aucun gouvernement canadien n\u2019a jamais pos\u00e9 le moindre geste concret qui pousserait la puissance occupante \u00e0 se retirer des territoires occup\u00e9s. Un bras de fer non sym\u00e9trique oppose depuis 30&nbsp;ans un \u00c9tat qui intensifie ses politiques d\u2019occupation avec l\u2019appui direct des puissances occidentales, et une Autorit\u00e9 palestinienne d\u00e9pourvue de moyens. La strat\u00e9gie choisie consiste plut\u00f4t \u00e0 exercer toutes les pressions possibles sur les Palestiniens pour qu\u2019ils signent des accords dits \u00ab&nbsp;de paix&nbsp;\u00bb qui consacrent et l\u00e9gitiment leur d\u00e9possession, en corrompant leurs \u00e9lites si n\u00e9cessaire.<\/p>\n\n\n\n<p>De cette fa\u00e7on, la fiction du respect du Canada envers le droit international est pr\u00e9serv\u00e9e, mais la situation d\u2019apartheid se perp\u00e9tue. Les deux principaux partis qui se partagent le pouvoir au f\u00e9d\u00e9ral multiplient les gestes d\u2019amiti\u00e9 et d\u2019\u00e9loge envers la puissance occupante. Le silence du gouvernement canadien sur la Nakba \u00e0 l\u2019occasion de la c\u00e9l\u00e9bration du 75<sup>e<\/sup>&nbsp;anniversaire de la cr\u00e9ation de ce qui est devenu un \u00c9tat d\u2019apartheid est tr\u00e8s significatif \u00e0 cet \u00e9gard.<\/p>\n\n\n\n<p>Tant que cette strat\u00e9gie de courte vue n\u2019est pas remise en question, il n\u2019y a rien \u00e0 attendre de positif du gouvernement canadien sur cette question. Sans une strat\u00e9gie de sanctions r\u00e9elles et d\u2019arr\u00eat de la coop\u00e9ration politique, \u00e9conomique, scientifique, industrielle et s\u00e9curitaire avec Isra\u00ebl, la situation politique ne fera qu\u2019empirer, avec des cons\u00e9quences probables d\u00e9sastreuses pour l\u2019ensemble des peuples de la r\u00e9gion. \u00c0 long terme, ce sont aussi les int\u00e9r\u00eats du Canada et sa cr\u00e9dibilit\u00e9 internationale qui sont menac\u00e9s.<\/p>\n\n\n\n<h3 class=\"wp-block-heading\">*Rachad Antonius<\/h3>\n\n\n\n<p><strong><em>L\u2019auteur est professeur honoraire (UQAM). Il a publi\u00e9 cette ann\u00e9e aux PUM l\u2019essai <u>Islam et islamisme en Occident <\/u>avec&nbsp;Ali Belaidi.<\/em><\/strong><\/p>\n\n\n\n<p><strong>Source&nbsp;:<\/strong> <strong><a href=\"https:\/\/www.ledevoir.com\/opinion\/idees\/791833\/idees-canada-et-palestine-une-profonde-illusion\">https:\/\/www.ledevoir.com\/opinion\/idees\/791833\/idees-canada-et-palestine-une-profonde-illusion<\/a><\/strong><\/p>\n","protected":false},"excerpt":{"rendered":"<p>Canada et Palestine, une profonde illusion Rachad Antonius* Le Canada se pr\u00e9sente toujours comme un acteur honn\u00eate qui respecte le droit international et les droits de la personne. En ce [&hellip;]<\/p>\n","protected":false},"author":4,"featured_media":248538,"comment_status":"closed","ping_status":"closed","sticky":false,"template":"","format":"standard","meta":{"_acf_changed":false,"_et_pb_use_builder":"","_et_pb_old_content":"","_et_gb_content_width":"","footnotes":""},"categories":[94],"tags":[],"class_list":["post-248542","post","type-post","status-publish","format-standard","has-post-thumbnail","hentry","category-bulletin-fr"],"acf":[],"yoast_head":"<!-- This site is optimized with the Yoast SEO plugin v25.8 - https:\/\/yoast.com\/wordpress\/plugins\/seo\/ -->\n<title>Canada et Palestine, une profonde illusion - PAJU<\/title>\n<meta name=\"robots\" content=\"index, follow, max-snippet:-1, max-image-preview:large, max-video-preview:-1\" \/>\n<link rel=\"canonical\" href=\"https:\/\/paju.org\/fr\/canada-et-palestine-une-profonde-illusion\/\" \/>\n<meta property=\"og:locale\" content=\"fr_FR\" \/>\n<meta property=\"og:type\" content=\"article\" \/>\n<meta property=\"og:title\" content=\"Canada et Palestine, une profonde illusion - PAJU\" \/>\n<meta property=\"og:description\" content=\"Canada et Palestine, une profonde illusion Rachad Antonius* Le Canada se pr\u00e9sente toujours comme un acteur honn\u00eate qui respecte le droit international et les droits de la personne. En ce [&hellip;]\" \/>\n<meta property=\"og:site_name\" content=\"PAJU\" \/>\n<meta property=\"article:publisher\" content=\"https:\/\/www.facebook.com\/pajumontreal\" \/>\n<meta property=\"article:published_time\" content=\"2023-06-01T17:42:39+00:00\" \/>\n<meta property=\"article:modified_time\" content=\"2023-06-01T17:47:52+00:00\" \/>\n<meta property=\"og:image\" content=\"https:\/\/paju.org\/wp-content\/uploads\/2023\/06\/Photo-Ahmad-Gharabli-Agence-France-Presse.webp\" \/>\n\t<meta property=\"og:image:width\" content=\"1656\" \/>\n\t<meta property=\"og:image:height\" content=\"1060\" \/>\n\t<meta property=\"og:image:type\" content=\"image\/webp\" \/>\n<meta name=\"author\" content=\"Bruce Katz\" \/>\n<meta name=\"twitter:card\" content=\"summary_large_image\" \/>\n<meta name=\"twitter:label1\" content=\"\u00c9crit par\" \/>\n\t<meta name=\"twitter:data1\" content=\"Bruce Katz\" \/>\n\t<meta name=\"twitter:label2\" content=\"Dur\u00e9e de lecture estim\u00e9e\" \/>\n\t<meta name=\"twitter:data2\" content=\"5 minutes\" \/>\n<script type=\"application\/ld+json\" class=\"yoast-schema-graph\">{\"@context\":\"https:\/\/schema.org\",\"@graph\":[{\"@type\":\"Article\",\"@id\":\"https:\/\/paju.org\/fr\/canada-et-palestine-une-profonde-illusion\/#article\",\"isPartOf\":{\"@id\":\"https:\/\/paju.org\/fr\/canada-et-palestine-une-profonde-illusion\/\"},\"author\":{\"name\":\"Bruce Katz\",\"@id\":\"https:\/\/paju.org\/fr\/#\/schema\/person\/6d8aed1579a1f4a97e1c552a5f2a891d\"},\"headline\":\"Canada et Palestine, une profonde illusion\",\"datePublished\":\"2023-06-01T17:42:39+00:00\",\"dateModified\":\"2023-06-01T17:47:52+00:00\",\"mainEntityOfPage\":{\"@id\":\"https:\/\/paju.org\/fr\/canada-et-palestine-une-profonde-illusion\/\"},\"wordCount\":1259,\"publisher\":{\"@id\":\"https:\/\/paju.org\/fr\/#organization\"},\"image\":{\"@id\":\"https:\/\/paju.org\/fr\/canada-et-palestine-une-profonde-illusion\/#primaryimage\"},\"thumbnailUrl\":\"https:\/\/paju.org\/wp-content\/uploads\/2023\/06\/Photo-Ahmad-Gharabli-Agence-France-Presse.webp\",\"articleSection\":[\"Notre bulletin\"],\"inLanguage\":\"fr-FR\"},{\"@type\":\"WebPage\",\"@id\":\"https:\/\/paju.org\/fr\/canada-et-palestine-une-profonde-illusion\/\",\"url\":\"https:\/\/paju.org\/fr\/canada-et-palestine-une-profonde-illusion\/\",\"name\":\"Canada et Palestine, une profonde illusion - PAJU\",\"isPartOf\":{\"@id\":\"https:\/\/paju.org\/fr\/#website\"},\"primaryImageOfPage\":{\"@id\":\"https:\/\/paju.org\/fr\/canada-et-palestine-une-profonde-illusion\/#primaryimage\"},\"image\":{\"@id\":\"https:\/\/paju.org\/fr\/canada-et-palestine-une-profonde-illusion\/#primaryimage\"},\"thumbnailUrl\":\"https:\/\/paju.org\/wp-content\/uploads\/2023\/06\/Photo-Ahmad-Gharabli-Agence-France-Presse.webp\",\"datePublished\":\"2023-06-01T17:42:39+00:00\",\"dateModified\":\"2023-06-01T17:47:52+00:00\",\"breadcrumb\":{\"@id\":\"https:\/\/paju.org\/fr\/canada-et-palestine-une-profonde-illusion\/#breadcrumb\"},\"inLanguage\":\"fr-FR\",\"potentialAction\":[{\"@type\":\"ReadAction\",\"target\":[\"https:\/\/paju.org\/fr\/canada-et-palestine-une-profonde-illusion\/\"]}]},{\"@type\":\"ImageObject\",\"inLanguage\":\"fr-FR\",\"@id\":\"https:\/\/paju.org\/fr\/canada-et-palestine-une-profonde-illusion\/#primaryimage\",\"url\":\"https:\/\/paju.org\/wp-content\/uploads\/2023\/06\/Photo-Ahmad-Gharabli-Agence-France-Presse.webp\",\"contentUrl\":\"https:\/\/paju.org\/wp-content\/uploads\/2023\/06\/Photo-Ahmad-Gharabli-Agence-France-Presse.webp\",\"width\":1656,\"height\":1060},{\"@type\":\"BreadcrumbList\",\"@id\":\"https:\/\/paju.org\/fr\/canada-et-palestine-une-profonde-illusion\/#breadcrumb\",\"itemListElement\":[{\"@type\":\"ListItem\",\"position\":1,\"name\":\"Home\",\"item\":\"https:\/\/paju.org\/fr\/\"},{\"@type\":\"ListItem\",\"position\":2,\"name\":\"Canada et Palestine, une profonde illusion\"}]},{\"@type\":\"WebSite\",\"@id\":\"https:\/\/paju.org\/fr\/#website\",\"url\":\"https:\/\/paju.org\/fr\/\",\"name\":\"PAJU\",\"description\":\"\",\"publisher\":{\"@id\":\"https:\/\/paju.org\/fr\/#organization\"},\"potentialAction\":[{\"@type\":\"SearchAction\",\"target\":{\"@type\":\"EntryPoint\",\"urlTemplate\":\"https:\/\/paju.org\/fr\/?s={search_term_string}\"},\"query-input\":{\"@type\":\"PropertyValueSpecification\",\"valueRequired\":true,\"valueName\":\"search_term_string\"}}],\"inLanguage\":\"fr-FR\"},{\"@type\":\"Organization\",\"@id\":\"https:\/\/paju.org\/fr\/#organization\",\"name\":\"Palestinian and Jewish Unity\",\"url\":\"https:\/\/paju.org\/fr\/\",\"logo\":{\"@type\":\"ImageObject\",\"inLanguage\":\"fr-FR\",\"@id\":\"https:\/\/paju.org\/fr\/#\/schema\/logo\/image\/\",\"url\":\"https:\/\/paju.org\/wp-content\/uploads\/PAJU-Logo.png\",\"contentUrl\":\"https:\/\/paju.org\/wp-content\/uploads\/PAJU-Logo.png\",\"width\":696,\"height\":293,\"caption\":\"Palestinian and Jewish Unity\"},\"image\":{\"@id\":\"https:\/\/paju.org\/fr\/#\/schema\/logo\/image\/\"},\"sameAs\":[\"https:\/\/www.facebook.com\/pajumontreal\",\"https:\/\/www.instagram.com\/pajumontreal\/\"]},{\"@type\":\"Person\",\"@id\":\"https:\/\/paju.org\/fr\/#\/schema\/person\/6d8aed1579a1f4a97e1c552a5f2a891d\",\"name\":\"Bruce Katz\",\"image\":{\"@type\":\"ImageObject\",\"inLanguage\":\"fr-FR\",\"@id\":\"https:\/\/paju.org\/fr\/#\/schema\/person\/image\/\",\"url\":\"https:\/\/secure.gravatar.com\/avatar\/4c65b2117dbb672d0bda009f0367a4721c9271f1f68b1747fb53d7333079d0f1?s=96&d=mm&r=g\",\"contentUrl\":\"https:\/\/secure.gravatar.com\/avatar\/4c65b2117dbb672d0bda009f0367a4721c9271f1f68b1747fb53d7333079d0f1?s=96&d=mm&r=g\",\"caption\":\"Bruce Katz\"},\"url\":\"https:\/\/paju.org\/fr\/author\/chadi\/\"}]}<\/script>\n<!-- \/ Yoast SEO plugin. -->","yoast_head_json":{"title":"Canada et Palestine, une profonde illusion - PAJU","robots":{"index":"index","follow":"follow","max-snippet":"max-snippet:-1","max-image-preview":"max-image-preview:large","max-video-preview":"max-video-preview:-1"},"canonical":"https:\/\/paju.org\/fr\/canada-et-palestine-une-profonde-illusion\/","og_locale":"fr_FR","og_type":"article","og_title":"Canada et Palestine, une profonde illusion - PAJU","og_description":"Canada et Palestine, une profonde illusion Rachad Antonius* Le Canada se pr\u00e9sente toujours comme un acteur honn\u00eate qui respecte le droit international et les droits de la personne. En ce [&hellip;]","og_site_name":"PAJU","article_publisher":"https:\/\/www.facebook.com\/pajumontreal","article_published_time":"2023-06-01T17:42:39+00:00","article_modified_time":"2023-06-01T17:47:52+00:00","og_image":[{"width":1656,"height":1060,"url":"https:\/\/paju.org\/wp-content\/uploads\/2023\/06\/Photo-Ahmad-Gharabli-Agence-France-Presse.webp","type":"image\/webp"}],"author":"Bruce Katz","twitter_card":"summary_large_image","twitter_misc":{"\u00c9crit par":"Bruce Katz","Dur\u00e9e de lecture estim\u00e9e":"5 minutes"},"schema":{"@context":"https:\/\/schema.org","@graph":[{"@type":"Article","@id":"https:\/\/paju.org\/fr\/canada-et-palestine-une-profonde-illusion\/#article","isPartOf":{"@id":"https:\/\/paju.org\/fr\/canada-et-palestine-une-profonde-illusion\/"},"author":{"name":"Bruce Katz","@id":"https:\/\/paju.org\/fr\/#\/schema\/person\/6d8aed1579a1f4a97e1c552a5f2a891d"},"headline":"Canada et Palestine, une profonde illusion","datePublished":"2023-06-01T17:42:39+00:00","dateModified":"2023-06-01T17:47:52+00:00","mainEntityOfPage":{"@id":"https:\/\/paju.org\/fr\/canada-et-palestine-une-profonde-illusion\/"},"wordCount":1259,"publisher":{"@id":"https:\/\/paju.org\/fr\/#organization"},"image":{"@id":"https:\/\/paju.org\/fr\/canada-et-palestine-une-profonde-illusion\/#primaryimage"},"thumbnailUrl":"https:\/\/paju.org\/wp-content\/uploads\/2023\/06\/Photo-Ahmad-Gharabli-Agence-France-Presse.webp","articleSection":["Notre bulletin"],"inLanguage":"fr-FR"},{"@type":"WebPage","@id":"https:\/\/paju.org\/fr\/canada-et-palestine-une-profonde-illusion\/","url":"https:\/\/paju.org\/fr\/canada-et-palestine-une-profonde-illusion\/","name":"Canada et Palestine, une profonde illusion - PAJU","isPartOf":{"@id":"https:\/\/paju.org\/fr\/#website"},"primaryImageOfPage":{"@id":"https:\/\/paju.org\/fr\/canada-et-palestine-une-profonde-illusion\/#primaryimage"},"image":{"@id":"https:\/\/paju.org\/fr\/canada-et-palestine-une-profonde-illusion\/#primaryimage"},"thumbnailUrl":"https:\/\/paju.org\/wp-content\/uploads\/2023\/06\/Photo-Ahmad-Gharabli-Agence-France-Presse.webp","datePublished":"2023-06-01T17:42:39+00:00","dateModified":"2023-06-01T17:47:52+00:00","breadcrumb":{"@id":"https:\/\/paju.org\/fr\/canada-et-palestine-une-profonde-illusion\/#breadcrumb"},"inLanguage":"fr-FR","potentialAction":[{"@type":"ReadAction","target":["https:\/\/paju.org\/fr\/canada-et-palestine-une-profonde-illusion\/"]}]},{"@type":"ImageObject","inLanguage":"fr-FR","@id":"https:\/\/paju.org\/fr\/canada-et-palestine-une-profonde-illusion\/#primaryimage","url":"https:\/\/paju.org\/wp-content\/uploads\/2023\/06\/Photo-Ahmad-Gharabli-Agence-France-Presse.webp","contentUrl":"https:\/\/paju.org\/wp-content\/uploads\/2023\/06\/Photo-Ahmad-Gharabli-Agence-France-Presse.webp","width":1656,"height":1060},{"@type":"BreadcrumbList","@id":"https:\/\/paju.org\/fr\/canada-et-palestine-une-profonde-illusion\/#breadcrumb","itemListElement":[{"@type":"ListItem","position":1,"name":"Home","item":"https:\/\/paju.org\/fr\/"},{"@type":"ListItem","position":2,"name":"Canada et Palestine, une profonde illusion"}]},{"@type":"WebSite","@id":"https:\/\/paju.org\/fr\/#website","url":"https:\/\/paju.org\/fr\/","name":"PAJU","description":"","publisher":{"@id":"https:\/\/paju.org\/fr\/#organization"},"potentialAction":[{"@type":"SearchAction","target":{"@type":"EntryPoint","urlTemplate":"https:\/\/paju.org\/fr\/?s={search_term_string}"},"query-input":{"@type":"PropertyValueSpecification","valueRequired":true,"valueName":"search_term_string"}}],"inLanguage":"fr-FR"},{"@type":"Organization","@id":"https:\/\/paju.org\/fr\/#organization","name":"Palestinian and Jewish Unity","url":"https:\/\/paju.org\/fr\/","logo":{"@type":"ImageObject","inLanguage":"fr-FR","@id":"https:\/\/paju.org\/fr\/#\/schema\/logo\/image\/","url":"https:\/\/paju.org\/wp-content\/uploads\/PAJU-Logo.png","contentUrl":"https:\/\/paju.org\/wp-content\/uploads\/PAJU-Logo.png","width":696,"height":293,"caption":"Palestinian and Jewish Unity"},"image":{"@id":"https:\/\/paju.org\/fr\/#\/schema\/logo\/image\/"},"sameAs":["https:\/\/www.facebook.com\/pajumontreal","https:\/\/www.instagram.com\/pajumontreal\/"]},{"@type":"Person","@id":"https:\/\/paju.org\/fr\/#\/schema\/person\/6d8aed1579a1f4a97e1c552a5f2a891d","name":"Bruce Katz","image":{"@type":"ImageObject","inLanguage":"fr-FR","@id":"https:\/\/paju.org\/fr\/#\/schema\/person\/image\/","url":"https:\/\/secure.gravatar.com\/avatar\/4c65b2117dbb672d0bda009f0367a4721c9271f1f68b1747fb53d7333079d0f1?s=96&d=mm&r=g","contentUrl":"https:\/\/secure.gravatar.com\/avatar\/4c65b2117dbb672d0bda009f0367a4721c9271f1f68b1747fb53d7333079d0f1?s=96&d=mm&r=g","caption":"Bruce Katz"},"url":"https:\/\/paju.org\/fr\/author\/chadi\/"}]}},"_links":{"self":[{"href":"https:\/\/paju.org\/fr\/wp-json\/wp\/v2\/posts\/248542","targetHints":{"allow":["GET"]}}],"collection":[{"href":"https:\/\/paju.org\/fr\/wp-json\/wp\/v2\/posts"}],"about":[{"href":"https:\/\/paju.org\/fr\/wp-json\/wp\/v2\/types\/post"}],"author":[{"embeddable":true,"href":"https:\/\/paju.org\/fr\/wp-json\/wp\/v2\/users\/4"}],"replies":[{"embeddable":true,"href":"https:\/\/paju.org\/fr\/wp-json\/wp\/v2\/comments?post=248542"}],"version-history":[{"count":2,"href":"https:\/\/paju.org\/fr\/wp-json\/wp\/v2\/posts\/248542\/revisions"}],"predecessor-version":[{"id":248545,"href":"https:\/\/paju.org\/fr\/wp-json\/wp\/v2\/posts\/248542\/revisions\/248545"}],"wp:featuredmedia":[{"embeddable":true,"href":"https:\/\/paju.org\/fr\/wp-json\/wp\/v2\/media\/248538"}],"wp:attachment":[{"href":"https:\/\/paju.org\/fr\/wp-json\/wp\/v2\/media?parent=248542"}],"wp:term":[{"taxonomy":"category","embeddable":true,"href":"https:\/\/paju.org\/fr\/wp-json\/wp\/v2\/categories?post=248542"},{"taxonomy":"post_tag","embeddable":true,"href":"https:\/\/paju.org\/fr\/wp-json\/wp\/v2\/tags?post=248542"}],"curies":[{"name":"wp","href":"https:\/\/api.w.org\/{rel}","templated":true}]}}