{"id":248498,"date":"2023-05-28T21:33:56","date_gmt":"2023-05-29T01:33:56","guid":{"rendered":"https:\/\/paju.org\/?p=248498"},"modified":"2023-05-28T21:37:17","modified_gmt":"2023-05-29T01:37:17","slug":"le-peuple-elude-a-lassaut-du-peuple-elu","status":"publish","type":"post","link":"https:\/\/paju.org\/fr\/le-peuple-elude-a-lassaut-du-peuple-elu\/","title":{"rendered":"LE PEUPLE \u00c9LUD\u00c9 \u00c0 L&#8217;ASSAUT DU PEUPLE \u00c9LU"},"content":{"rendered":"\n<p><strong>LE PEUPLE \u00c9LUD\u00c9 \u00c0 L&#8217;ASSAUT DU PEUPLE \u00c9LU<\/strong><\/p>\n\n\n\n<p><strong>Michel Regnier<\/strong><\/p>\n\n\n\n<p><em>R\u00e9plique de Michel Regnier \u00e0 l\u2019article de Joseph Facal (voir le lien de l\u2019article de Joseph Facal au bas de la page).<\/em><\/p>\n\n\n\n<p>Heureusement que les autorit\u00e9s canadiennes respectent, v\u00e9n\u00e8rent et m\u00eame dorlotent tous les descendants des populations autochtones n&#8217;est-ce pas, ces indig\u00e8nes de l&#8217;\u00e9poque qui furent \u00e9pargn\u00e9s principalement \u00e0 cause du co\u00fbt exorbitant des munitions&#8230;<\/p>\n\n\n\n<p>Tout comme leurs homologues et voisins \u00e9tasuniens qui jusqu&#8217;\u00e0 aujourd&#8217;hui, vouent aux am\u00e9rindiens d&#8217;origine un v\u00e9ritable culte, confinant \u00e0 la d\u00e9ification pure et simple. Mais \u00e0 leur d\u00e9charge, les locataires successifs de la Maison-Blanche ont toujours beaucoup d&#8217;autres chats \u00e0 fouetter et notamment slaves, persans ainsi que mandarins&#8230;<\/p>\n\n\n\n<p>H\u00e9las, il semblerait bien que l&#8217;ingratitude r\u00e8gne en ma\u00eetre au sein de toutes ces tribus ancestrales de sauvages barbares cruellement arri\u00e9r\u00e9s, pourtant si d\u00e9licatement abord\u00e9s, civilement rencontr\u00e9s puis \u00e9vang\u00e9lis\u00e9s avec soin, tact et altruisme par leurs bienveillants visiteurs occidentaux caucasiens, tout cela par philanthropie et pour leur plus grand bien&#8230;<\/p>\n\n\n\n<p>Ce qui bien s\u00fbr, vaut \u00e9galement pour la minuscule poign\u00e9e de nomades palestiniens qui en 1948, infestaient d\u00e9j\u00e0 impun\u00e9ment l&#8217;immense jach\u00e8re de Jud\u00e9e-Samarie, bibliquement nomm\u00e9e &#8220;Terre promise&#8221;. Aussi incultes que atrabilaires, ces furieux b\u00e9douins analphab\u00e8tes, hostiles \u00e0 tout voisinage de diversit\u00e9 d\u00e9sert\u00e8rent sur le champ, sans m\u00eame souhaiter la bienvenue \u00e0 leurs h\u00f4tes l\u00e9gitimes ni surtout les aider \u00e0 s&#8217;installer dignement. Ensuite, l&#8217;instinct vindicatif palestinien prit le dessus et ils rappliqu\u00e8rent en masse sur ce territoire aride qualifi\u00e9 de &#8220;Terre sans Peuple&#8221; (d\u00e9sormais &#8220;Terre Sainte&#8221; sanctifi\u00e9e par Yahv\u00e9 en personne), tous habit\u00e9s de haine revancharde antis\u00e9mite, oubliant sans doute leur propre s\u00e9mitisme. Et cependant que les nouveaux venus avaient d\u00e9j\u00e0 m\u00e9tamorphos\u00e9 ces ergs-regs strictement invivables en un merveilleux \u00e9den regorgeant d&#8217;oliviers, orangers, fruitiers divers, jardins fleuris et cultures vivri\u00e8res de toute nature&#8230;<\/p>\n\n\n\n<p>Qu&#8217;ils soient nonag\u00e9naires s\u00e9niles aussi perclus que d\u00e9sorient\u00e9s, hommes, femmes, adolescents ou enfants en bas \u00e2ge et m\u00eame ceux encore en gestation, tout palestinien et toute palestinienne est forc\u00e9ment, automatiquement et intrins\u00e8quement TERRORISTE ! En effet, ils apprennent d\u00e8s le plus jeune \u00e2ge \u00e0 lancer des cailloux sur les co\u00fbteux chars dernier cri de Tsahal (l&#8217;arm\u00e9e la plus morale du monde &#8211;&nbsp;<em>NDLR<\/em>), ce qui ab\u00eeme terriblement leur peinture et entra\u00eene donc d&#8217;insupportables frais de carrosserie pour l&#8217;\u00c9tat d&#8217;Isra\u00ebl&#8230; Alors \u00e9videmment, il arrive parfois que le pilote exc\u00e9d\u00e9 dudit char honteusement scarifi\u00e9 envoie quelques obus bien sentis vers des cibles &#8220;du camp adverse&#8221; ; rasant parfois tout un village et tous ses habitants&#8230; Quoi de plus logique, n&#8217;est-il pas ?<\/p>\n\n\n\n<p>Est-il vraiment n\u00e9cessaire d&#8217;\u00e9voquer aussi le radicalisme islamique de ces fous furieux agresseurs arabes, notamment et sp\u00e9cialement ceux casern\u00e9s dans leur imprenable citadelle fortifi\u00e9e de Gaza ; les milliers de mortiers meurtriers, tous point\u00e9s en direction des villes juives et crachant jour et nuit sans rel\u00e2che, des millions de roquettes qui d\u00e9ciment impitoyablement la population isra\u00e9lienne&#8230;<\/p>\n\n\n\n<p>Etc. etc. n&#8217;est-ce pas Monsieur Facal. Je me permets de supposer et j&#8217;esp\u00e8re ardemment que vous aurez saisi l&#8217;ironie assassine, outranci\u00e8re et absurde de tout ce qui pr\u00e9c\u00e8de. Plut\u00f4t que de vous r\u00e9jouir \u00e0 l&#8217;id\u00e9e d&#8217;utiliser telle quelle cette argumentation inepte pour justifier, glorifier voire encenser le sionisme (comme vous semblez le faire), cette politique absolument immonde que le pouvoir isra\u00e9lien r\u00e9serve aux Palestiniens, qualifi\u00e9e \u00e0 juste titre d&#8217;apartheid par de plus en plus d&#8217;organisations humanitaires dont Amnesty International&#8230;<\/p>\n\n\n\n<p>Avez-vous jamais essay\u00e9, ne serait-ce qu&#8217;une seule minute, de vous mettre dans la peau d&#8217;un citoyen non blanc-bl\u00eame (comme vous et moi) mais \u00e0 la peau mate ou &#8220;basan\u00e9e&#8221; enfin, d&#8217;ascendance arabe ou assimil\u00e9e, portant nom et pr\u00e9nom idoine \u00e0 cette consonance ethnique et tout en vivant dans un pays occidental \u00e0 l&#8217;instar du Canada, des \u00c9tats-Unis voire de l&#8217;Europe ? Avez-vous la moindre id\u00e9e du confort inestimable que cela procure d\u00e9j\u00e0 en mati\u00e8re de racisme ? Ensuite et qui plus est, prenant le cas encore plus enviable d&#8217;\u00eatre palestinien et habitant entre la mer et le Jourdain : \u00eates-vous responsable-coupable de la Shoah ? Est-ce vous qui avez particip\u00e9 \u00e0 l&#8217;extermination de six millions de juifs ? Que diable avez-vous donc fait pour m\u00e9riter tout cela au quotidien ?<\/p>\n\n\n\n<p>Apr\u00e8s avoir parcouru votre biographie sur Wikip\u00e9dia, je ne peux me r\u00e9soudre \u00e0 croire que vous ignorez b\u00e9atement la situation r\u00e9voltante en vigueur dans les territoires occup\u00e9s, J\u00e9rusalem et la bande de Gaza bref, l&#8217;ancien protectorat britannique ; d\u00e9j\u00e0 pas le &#8220;Paradis sur Terre&#8221; pour les autochtones de l&#8217;\u00e9poque. Ensuite trois quarts de si\u00e8cle de colonisation violente, expulsions, massacres, spoliations, destructions et autres exactions commises par le pouvoir sioniste, avec l&#8217;assentiment tacite mais collaboratif de la &#8220;<em>Communaut\u00e9 internationale<\/em>&#8221; en g\u00e9n\u00e9ral et des \u00c9tat-Unis en particulier&#8230;<\/p>\n\n\n\n<p>Et puis les dispositions l\u00e9gislatives iniques prises par la Knesset, comme celle dite de &#8220;l&#8217;\u00c9tat-Nation&#8221; ; l&#8217;ind\u00e9niable attrait architectural du magnifique Mur de S\u00e9paration ; les innombrables points de passage ou &#8220;check points&#8221;, l&#8217;expansion continue des colonies, toutes ill\u00e9gales selon l&#8217;ONU et le Droit international, sans oublier la violence de certains colons avec l&#8217;appui de l&#8217;arm\u00e9e&#8230; Etc. etc.<\/p>\n\n\n\n<p>En fin de compte, faut-il conclure que la &#8220;D\u00e9mocratie&#8221; et les &#8220;Droits de l&#8217;Homme&#8221; ne sont d\u00e9finitivement que des variables d&#8217;ajustement arbitraires, d\u00e9finies par le grand logiciel de management du Monde (capitaliste comme il se doit), ou bien juste des slogans de propagande ? L&#8217;h\u00e9g\u00e9monie absolue de quelques uns et l\u00e9g\u00e8re monnaie pour tous les autres, qui ne peuvent plus choisir entre Tariq Car\u00eame et Maurice Ramadan ?<\/p>\n\n\n\n<p>Veuillez recevoir, Monsieur Facal, mes salutations vaguement respectueuses mais n\u00e9anmoins indign\u00e9es,<\/p>\n\n\n\n<p><strong>Michel Regnier<\/strong><\/p>\n\n\n\n<p>Artiste, travailleur manuel autodidacte et retrait\u00e9<\/p>\n\n\n\n<p>Verviers, Belgique<\/p>\n\n\n\n<p><em><u>Les pens\u00e9es et opinions exprim\u00e9es dans le texte sont celles de l&#8217;auteur<\/u><\/em><\/p>\n\n\n\n<p><strong>Article de Joseph Facal<\/strong><\/p>\n\n\n\n<p><strong>Isra\u00ebl souligne cette ann\u00e9e ses 75 ans d\u2019existence.&nbsp;Une Improbable et exceptionnelle r\u00e9ussite.<\/strong><\/p>\n\n\n\n<figure class=\"wp-block-embed\"><div class=\"wp-block-embed__wrapper\">\nhttps:\/\/www.journaldemontreal.com\/2023\/05\/25\/israel-une-improbable-et-exceptionnelle-reussite\n<\/div><\/figure>\n","protected":false},"excerpt":{"rendered":"<p>LE PEUPLE \u00c9LUD\u00c9 \u00c0 L&#8217;ASSAUT DU PEUPLE \u00c9LU Michel Regnier R\u00e9plique de Michel Regnier \u00e0 l\u2019article de Joseph Facal (voir le lien de l\u2019article de Joseph Facal au bas de [&hellip;]<\/p>\n","protected":false},"author":4,"featured_media":248499,"comment_status":"closed","ping_status":"closed","sticky":false,"template":"","format":"standard","meta":{"_acf_changed":false,"_et_pb_use_builder":"","_et_pb_old_content":"","_et_gb_content_width":"","footnotes":""},"categories":[208],"tags":[],"class_list":["post-248498","post","type-post","status-publish","format-standard","has-post-thumbnail","hentry","category-article"],"acf":[],"yoast_head":"<!-- This site is optimized with the Yoast SEO plugin v25.8 - https:\/\/yoast.com\/wordpress\/plugins\/seo\/ -->\n<title>LE PEUPLE \u00c9LUD\u00c9 \u00c0 L&#039;ASSAUT DU PEUPLE \u00c9LU - PAJU<\/title>\n<meta name=\"robots\" content=\"index, follow, max-snippet:-1, max-image-preview:large, max-video-preview:-1\" \/>\n<link rel=\"canonical\" href=\"https:\/\/paju.org\/fr\/le-peuple-elude-a-lassaut-du-peuple-elu\/\" \/>\n<meta property=\"og:locale\" content=\"fr_FR\" \/>\n<meta property=\"og:type\" content=\"article\" \/>\n<meta property=\"og:title\" content=\"LE PEUPLE \u00c9LUD\u00c9 \u00c0 L&#039;ASSAUT DU PEUPLE \u00c9LU - PAJU\" \/>\n<meta property=\"og:description\" content=\"LE PEUPLE \u00c9LUD\u00c9 \u00c0 L&#8217;ASSAUT DU PEUPLE \u00c9LU Michel Regnier R\u00e9plique de Michel Regnier \u00e0 l\u2019article de Joseph Facal (voir le lien de l\u2019article de Joseph Facal au bas de [&hellip;]\" \/>\n<meta property=\"og:site_name\" content=\"PAJU\" \/>\n<meta property=\"article:publisher\" content=\"https:\/\/www.facebook.com\/pajumontreal\" \/>\n<meta property=\"article:published_time\" content=\"2023-05-29T01:33:56+00:00\" \/>\n<meta property=\"article:modified_time\" content=\"2023-05-29T01:37:17+00:00\" \/>\n<meta property=\"og:image\" content=\"https:\/\/paju.org\/wp-content\/uploads\/2023\/05\/Palestinian-Loss-Of-Land.jpg\" \/>\n\t<meta property=\"og:image:width\" content=\"308\" \/>\n\t<meta property=\"og:image:height\" content=\"163\" \/>\n\t<meta property=\"og:image:type\" content=\"image\/jpeg\" \/>\n<meta name=\"author\" content=\"Bruce Katz\" \/>\n<meta name=\"twitter:card\" content=\"summary_large_image\" \/>\n<meta name=\"twitter:label1\" content=\"\u00c9crit par\" \/>\n\t<meta name=\"twitter:data1\" content=\"Bruce Katz\" \/>\n\t<meta name=\"twitter:label2\" content=\"Dur\u00e9e de lecture estim\u00e9e\" \/>\n\t<meta name=\"twitter:data2\" content=\"5 minutes\" \/>\n<script type=\"application\/ld+json\" class=\"yoast-schema-graph\">{\"@context\":\"https:\/\/schema.org\",\"@graph\":[{\"@type\":\"Article\",\"@id\":\"https:\/\/paju.org\/fr\/le-peuple-elude-a-lassaut-du-peuple-elu\/#article\",\"isPartOf\":{\"@id\":\"https:\/\/paju.org\/fr\/le-peuple-elude-a-lassaut-du-peuple-elu\/\"},\"author\":{\"name\":\"Bruce Katz\",\"@id\":\"https:\/\/paju.org\/fr\/#\/schema\/person\/6d8aed1579a1f4a97e1c552a5f2a891d\"},\"headline\":\"LE PEUPLE \u00c9LUD\u00c9 \u00c0 L&#8217;ASSAUT DU PEUPLE \u00c9LU\",\"datePublished\":\"2023-05-29T01:33:56+00:00\",\"dateModified\":\"2023-05-29T01:37:17+00:00\",\"mainEntityOfPage\":{\"@id\":\"https:\/\/paju.org\/fr\/le-peuple-elude-a-lassaut-du-peuple-elu\/\"},\"wordCount\":1086,\"publisher\":{\"@id\":\"https:\/\/paju.org\/fr\/#organization\"},\"image\":{\"@id\":\"https:\/\/paju.org\/fr\/le-peuple-elude-a-lassaut-du-peuple-elu\/#primaryimage\"},\"thumbnailUrl\":\"https:\/\/paju.org\/wp-content\/uploads\/2023\/05\/Palestinian-Loss-Of-Land.jpg\",\"articleSection\":[\"Article\"],\"inLanguage\":\"fr-FR\"},{\"@type\":\"WebPage\",\"@id\":\"https:\/\/paju.org\/fr\/le-peuple-elude-a-lassaut-du-peuple-elu\/\",\"url\":\"https:\/\/paju.org\/fr\/le-peuple-elude-a-lassaut-du-peuple-elu\/\",\"name\":\"LE PEUPLE \u00c9LUD\u00c9 \u00c0 L'ASSAUT DU PEUPLE \u00c9LU - PAJU\",\"isPartOf\":{\"@id\":\"https:\/\/paju.org\/fr\/#website\"},\"primaryImageOfPage\":{\"@id\":\"https:\/\/paju.org\/fr\/le-peuple-elude-a-lassaut-du-peuple-elu\/#primaryimage\"},\"image\":{\"@id\":\"https:\/\/paju.org\/fr\/le-peuple-elude-a-lassaut-du-peuple-elu\/#primaryimage\"},\"thumbnailUrl\":\"https:\/\/paju.org\/wp-content\/uploads\/2023\/05\/Palestinian-Loss-Of-Land.jpg\",\"datePublished\":\"2023-05-29T01:33:56+00:00\",\"dateModified\":\"2023-05-29T01:37:17+00:00\",\"breadcrumb\":{\"@id\":\"https:\/\/paju.org\/fr\/le-peuple-elude-a-lassaut-du-peuple-elu\/#breadcrumb\"},\"inLanguage\":\"fr-FR\",\"potentialAction\":[{\"@type\":\"ReadAction\",\"target\":[\"https:\/\/paju.org\/fr\/le-peuple-elude-a-lassaut-du-peuple-elu\/\"]}]},{\"@type\":\"ImageObject\",\"inLanguage\":\"fr-FR\",\"@id\":\"https:\/\/paju.org\/fr\/le-peuple-elude-a-lassaut-du-peuple-elu\/#primaryimage\",\"url\":\"https:\/\/paju.org\/wp-content\/uploads\/2023\/05\/Palestinian-Loss-Of-Land.jpg\",\"contentUrl\":\"https:\/\/paju.org\/wp-content\/uploads\/2023\/05\/Palestinian-Loss-Of-Land.jpg\",\"width\":308,\"height\":163},{\"@type\":\"BreadcrumbList\",\"@id\":\"https:\/\/paju.org\/fr\/le-peuple-elude-a-lassaut-du-peuple-elu\/#breadcrumb\",\"itemListElement\":[{\"@type\":\"ListItem\",\"position\":1,\"name\":\"Home\",\"item\":\"https:\/\/paju.org\/fr\/\"},{\"@type\":\"ListItem\",\"position\":2,\"name\":\"LE PEUPLE \u00c9LUD\u00c9 \u00c0 L&#8217;ASSAUT DU PEUPLE \u00c9LU\"}]},{\"@type\":\"WebSite\",\"@id\":\"https:\/\/paju.org\/fr\/#website\",\"url\":\"https:\/\/paju.org\/fr\/\",\"name\":\"PAJU\",\"description\":\"\",\"publisher\":{\"@id\":\"https:\/\/paju.org\/fr\/#organization\"},\"potentialAction\":[{\"@type\":\"SearchAction\",\"target\":{\"@type\":\"EntryPoint\",\"urlTemplate\":\"https:\/\/paju.org\/fr\/?s={search_term_string}\"},\"query-input\":{\"@type\":\"PropertyValueSpecification\",\"valueRequired\":true,\"valueName\":\"search_term_string\"}}],\"inLanguage\":\"fr-FR\"},{\"@type\":\"Organization\",\"@id\":\"https:\/\/paju.org\/fr\/#organization\",\"name\":\"Palestinian and Jewish Unity\",\"url\":\"https:\/\/paju.org\/fr\/\",\"logo\":{\"@type\":\"ImageObject\",\"inLanguage\":\"fr-FR\",\"@id\":\"https:\/\/paju.org\/fr\/#\/schema\/logo\/image\/\",\"url\":\"https:\/\/paju.org\/wp-content\/uploads\/PAJU-Logo.png\",\"contentUrl\":\"https:\/\/paju.org\/wp-content\/uploads\/PAJU-Logo.png\",\"width\":696,\"height\":293,\"caption\":\"Palestinian and Jewish Unity\"},\"image\":{\"@id\":\"https:\/\/paju.org\/fr\/#\/schema\/logo\/image\/\"},\"sameAs\":[\"https:\/\/www.facebook.com\/pajumontreal\",\"https:\/\/www.instagram.com\/pajumontreal\/\"]},{\"@type\":\"Person\",\"@id\":\"https:\/\/paju.org\/fr\/#\/schema\/person\/6d8aed1579a1f4a97e1c552a5f2a891d\",\"name\":\"Bruce Katz\",\"image\":{\"@type\":\"ImageObject\",\"inLanguage\":\"fr-FR\",\"@id\":\"https:\/\/paju.org\/fr\/#\/schema\/person\/image\/\",\"url\":\"https:\/\/secure.gravatar.com\/avatar\/4c65b2117dbb672d0bda009f0367a4721c9271f1f68b1747fb53d7333079d0f1?s=96&d=mm&r=g\",\"contentUrl\":\"https:\/\/secure.gravatar.com\/avatar\/4c65b2117dbb672d0bda009f0367a4721c9271f1f68b1747fb53d7333079d0f1?s=96&d=mm&r=g\",\"caption\":\"Bruce Katz\"},\"url\":\"https:\/\/paju.org\/fr\/author\/chadi\/\"}]}<\/script>\n<!-- \/ Yoast SEO plugin. -->","yoast_head_json":{"title":"LE PEUPLE \u00c9LUD\u00c9 \u00c0 L'ASSAUT DU PEUPLE \u00c9LU - PAJU","robots":{"index":"index","follow":"follow","max-snippet":"max-snippet:-1","max-image-preview":"max-image-preview:large","max-video-preview":"max-video-preview:-1"},"canonical":"https:\/\/paju.org\/fr\/le-peuple-elude-a-lassaut-du-peuple-elu\/","og_locale":"fr_FR","og_type":"article","og_title":"LE PEUPLE \u00c9LUD\u00c9 \u00c0 L'ASSAUT DU PEUPLE \u00c9LU - PAJU","og_description":"LE PEUPLE \u00c9LUD\u00c9 \u00c0 L&#8217;ASSAUT DU PEUPLE \u00c9LU Michel Regnier R\u00e9plique de Michel Regnier \u00e0 l\u2019article de Joseph Facal (voir le lien de l\u2019article de Joseph Facal au bas de [&hellip;]","og_site_name":"PAJU","article_publisher":"https:\/\/www.facebook.com\/pajumontreal","article_published_time":"2023-05-29T01:33:56+00:00","article_modified_time":"2023-05-29T01:37:17+00:00","og_image":[{"width":308,"height":163,"url":"https:\/\/paju.org\/wp-content\/uploads\/2023\/05\/Palestinian-Loss-Of-Land.jpg","type":"image\/jpeg"}],"author":"Bruce Katz","twitter_card":"summary_large_image","twitter_misc":{"\u00c9crit par":"Bruce Katz","Dur\u00e9e de lecture estim\u00e9e":"5 minutes"},"schema":{"@context":"https:\/\/schema.org","@graph":[{"@type":"Article","@id":"https:\/\/paju.org\/fr\/le-peuple-elude-a-lassaut-du-peuple-elu\/#article","isPartOf":{"@id":"https:\/\/paju.org\/fr\/le-peuple-elude-a-lassaut-du-peuple-elu\/"},"author":{"name":"Bruce Katz","@id":"https:\/\/paju.org\/fr\/#\/schema\/person\/6d8aed1579a1f4a97e1c552a5f2a891d"},"headline":"LE PEUPLE \u00c9LUD\u00c9 \u00c0 L&#8217;ASSAUT DU PEUPLE \u00c9LU","datePublished":"2023-05-29T01:33:56+00:00","dateModified":"2023-05-29T01:37:17+00:00","mainEntityOfPage":{"@id":"https:\/\/paju.org\/fr\/le-peuple-elude-a-lassaut-du-peuple-elu\/"},"wordCount":1086,"publisher":{"@id":"https:\/\/paju.org\/fr\/#organization"},"image":{"@id":"https:\/\/paju.org\/fr\/le-peuple-elude-a-lassaut-du-peuple-elu\/#primaryimage"},"thumbnailUrl":"https:\/\/paju.org\/wp-content\/uploads\/2023\/05\/Palestinian-Loss-Of-Land.jpg","articleSection":["Article"],"inLanguage":"fr-FR"},{"@type":"WebPage","@id":"https:\/\/paju.org\/fr\/le-peuple-elude-a-lassaut-du-peuple-elu\/","url":"https:\/\/paju.org\/fr\/le-peuple-elude-a-lassaut-du-peuple-elu\/","name":"LE PEUPLE \u00c9LUD\u00c9 \u00c0 L'ASSAUT DU PEUPLE \u00c9LU - PAJU","isPartOf":{"@id":"https:\/\/paju.org\/fr\/#website"},"primaryImageOfPage":{"@id":"https:\/\/paju.org\/fr\/le-peuple-elude-a-lassaut-du-peuple-elu\/#primaryimage"},"image":{"@id":"https:\/\/paju.org\/fr\/le-peuple-elude-a-lassaut-du-peuple-elu\/#primaryimage"},"thumbnailUrl":"https:\/\/paju.org\/wp-content\/uploads\/2023\/05\/Palestinian-Loss-Of-Land.jpg","datePublished":"2023-05-29T01:33:56+00:00","dateModified":"2023-05-29T01:37:17+00:00","breadcrumb":{"@id":"https:\/\/paju.org\/fr\/le-peuple-elude-a-lassaut-du-peuple-elu\/#breadcrumb"},"inLanguage":"fr-FR","potentialAction":[{"@type":"ReadAction","target":["https:\/\/paju.org\/fr\/le-peuple-elude-a-lassaut-du-peuple-elu\/"]}]},{"@type":"ImageObject","inLanguage":"fr-FR","@id":"https:\/\/paju.org\/fr\/le-peuple-elude-a-lassaut-du-peuple-elu\/#primaryimage","url":"https:\/\/paju.org\/wp-content\/uploads\/2023\/05\/Palestinian-Loss-Of-Land.jpg","contentUrl":"https:\/\/paju.org\/wp-content\/uploads\/2023\/05\/Palestinian-Loss-Of-Land.jpg","width":308,"height":163},{"@type":"BreadcrumbList","@id":"https:\/\/paju.org\/fr\/le-peuple-elude-a-lassaut-du-peuple-elu\/#breadcrumb","itemListElement":[{"@type":"ListItem","position":1,"name":"Home","item":"https:\/\/paju.org\/fr\/"},{"@type":"ListItem","position":2,"name":"LE PEUPLE \u00c9LUD\u00c9 \u00c0 L&#8217;ASSAUT DU PEUPLE \u00c9LU"}]},{"@type":"WebSite","@id":"https:\/\/paju.org\/fr\/#website","url":"https:\/\/paju.org\/fr\/","name":"PAJU","description":"","publisher":{"@id":"https:\/\/paju.org\/fr\/#organization"},"potentialAction":[{"@type":"SearchAction","target":{"@type":"EntryPoint","urlTemplate":"https:\/\/paju.org\/fr\/?s={search_term_string}"},"query-input":{"@type":"PropertyValueSpecification","valueRequired":true,"valueName":"search_term_string"}}],"inLanguage":"fr-FR"},{"@type":"Organization","@id":"https:\/\/paju.org\/fr\/#organization","name":"Palestinian and Jewish Unity","url":"https:\/\/paju.org\/fr\/","logo":{"@type":"ImageObject","inLanguage":"fr-FR","@id":"https:\/\/paju.org\/fr\/#\/schema\/logo\/image\/","url":"https:\/\/paju.org\/wp-content\/uploads\/PAJU-Logo.png","contentUrl":"https:\/\/paju.org\/wp-content\/uploads\/PAJU-Logo.png","width":696,"height":293,"caption":"Palestinian and Jewish Unity"},"image":{"@id":"https:\/\/paju.org\/fr\/#\/schema\/logo\/image\/"},"sameAs":["https:\/\/www.facebook.com\/pajumontreal","https:\/\/www.instagram.com\/pajumontreal\/"]},{"@type":"Person","@id":"https:\/\/paju.org\/fr\/#\/schema\/person\/6d8aed1579a1f4a97e1c552a5f2a891d","name":"Bruce Katz","image":{"@type":"ImageObject","inLanguage":"fr-FR","@id":"https:\/\/paju.org\/fr\/#\/schema\/person\/image\/","url":"https:\/\/secure.gravatar.com\/avatar\/4c65b2117dbb672d0bda009f0367a4721c9271f1f68b1747fb53d7333079d0f1?s=96&d=mm&r=g","contentUrl":"https:\/\/secure.gravatar.com\/avatar\/4c65b2117dbb672d0bda009f0367a4721c9271f1f68b1747fb53d7333079d0f1?s=96&d=mm&r=g","caption":"Bruce Katz"},"url":"https:\/\/paju.org\/fr\/author\/chadi\/"}]}},"_links":{"self":[{"href":"https:\/\/paju.org\/fr\/wp-json\/wp\/v2\/posts\/248498","targetHints":{"allow":["GET"]}}],"collection":[{"href":"https:\/\/paju.org\/fr\/wp-json\/wp\/v2\/posts"}],"about":[{"href":"https:\/\/paju.org\/fr\/wp-json\/wp\/v2\/types\/post"}],"author":[{"embeddable":true,"href":"https:\/\/paju.org\/fr\/wp-json\/wp\/v2\/users\/4"}],"replies":[{"embeddable":true,"href":"https:\/\/paju.org\/fr\/wp-json\/wp\/v2\/comments?post=248498"}],"version-history":[{"count":1,"href":"https:\/\/paju.org\/fr\/wp-json\/wp\/v2\/posts\/248498\/revisions"}],"predecessor-version":[{"id":248501,"href":"https:\/\/paju.org\/fr\/wp-json\/wp\/v2\/posts\/248498\/revisions\/248501"}],"wp:featuredmedia":[{"embeddable":true,"href":"https:\/\/paju.org\/fr\/wp-json\/wp\/v2\/media\/248499"}],"wp:attachment":[{"href":"https:\/\/paju.org\/fr\/wp-json\/wp\/v2\/media?parent=248498"}],"wp:term":[{"taxonomy":"category","embeddable":true,"href":"https:\/\/paju.org\/fr\/wp-json\/wp\/v2\/categories?post=248498"},{"taxonomy":"post_tag","embeddable":true,"href":"https:\/\/paju.org\/fr\/wp-json\/wp\/v2\/tags?post=248498"}],"curies":[{"name":"wp","href":"https:\/\/api.w.org\/{rel}","templated":true}]}}