{"id":248493,"date":"2023-05-28T21:27:44","date_gmt":"2023-05-29T01:27:44","guid":{"rendered":"https:\/\/paju.org\/?p=248493"},"modified":"2023-05-28T21:27:48","modified_gmt":"2023-05-29T01:27:48","slug":"immense-honte-sur-hec-montreal","status":"publish","type":"post","link":"https:\/\/paju.org\/fr\/immense-honte-sur-hec-montreal\/","title":{"rendered":"Immense Honte sur HEC Montr\u00e9al"},"content":{"rendered":"\n<p><strong>Immense Honte sur HEC Montr\u00e9al<\/strong><\/p>\n\n\n\n<p><strong>Professeur Omar Aktouf*<\/strong><\/p>\n\n\n\n<p><strong><em>R\u00e9plique du Professeur Omar Aktouf \u00e0 l\u2019article de Joseph Facal (voir le lien de l\u2019article de Joseph Facal au bas de la page).<\/em><\/strong><\/p>\n\n\n\n<p>Bonjour tout le monde et particuli\u00e8rement \u201ccoll\u00e8gues et Cie\u201d en CCI&nbsp;<\/p>\n\n\n\n<p>J\u2019esp\u00e8re que tout va bien pour tous.&nbsp;<\/p>\n\n\n\n<p>Excuses aupr\u00e8s de celles et ceux qui recevraient en doublons&nbsp;: cette pr\u00e9sente version <strong>est destin\u00e9e \u00e0 \u00eatre plus pr\u00e9cise, plus factuelle, pour atteindre un lectorat plus large, et \u00eatre aussi un peu plus compl\u00e8te. Merci par avance \u00e0 celles et ceux qui voudraient se donner la peine de lire&nbsp;: l\u2019affaire est GRAVE. Encore plus grand merci pour toute r\u00e9action, quelle qu\u2019elle soit.<\/strong><\/p>\n\n\n\n<p>Ci joints lien et texte du GRAND super professeur Joseph Facal de HEC Montr\u00e9al : un honteux et ignoble texte de parti pris ignare, et preuve d\u2019ignorance crasse\u2026 torchon produit dans le non moins torchon dit Journal de Montr\u00e9al.&nbsp;<\/p>\n\n\n\n<p>Voil\u00e0 donc le niveau des plus \u201cprestigieux\u201d enseignants de HEC Montr\u00e9al !!! Doctorat en sociologie, \u00e9m\u00e9rite, ex-ministre etc., etc. \u2026<\/p>\n\n\n\n<p>Ce texte qui d\u00e9montre une telle SUPER IGNORANCE CRASSE de l\u2019histoire du Moyen Orient,<\/p>\n\n\n\n<p>Et PARTICULI\u00c8REMENT D\u2019ISRAEL est tout simplement ignoble et indigne, autant intellectuellement qu\u2019humainement et acad\u00e9miquement !<\/p>\n\n\n\n<p>(Quelques clics sur le Net suffisent largement pour en savoir un minimum de s\u00e9rieux sur ces questions)&nbsp;<\/p>\n\n\n\n<p>N\u2019importe quel crapaud ou rat d\u2019\u00e9gout de Gaza ou de Ramallah ferait une le\u00e7on magistrale et hyper giflante de la vraie histoire de cette r\u00e9gion \u00e0 M. Le Professeur Facal. \u00c0 commencer par celle du premier grand congr\u00e8s sioniste de Bale en Suisse avec Th\u00e9odore Hertzl en 1897 ET QUI DESIGNAIT COMME TERRE PROMISE POUR LA PREMI\u00c8RE FOIS LA PALESTINE\u2026 AU MOUVEMENT SIONISTE, QUI ORIGINALEMENT, PARLAIT DE\u2026 LA PATAGONIE OU L\u2019ANGOLA !!!<\/p>\n\n\n\n<p>Est-ce que M. Facal sait combien d\u2019innombrables Juifs dans le monde sont &nbsp;ANTI-SIONISTES ?<\/p>\n\n\n\n<p>A-t-il lu le magistral livre du Professeur Juif (en Histoire des sciences \u00e0 l\u2019Universit\u00e9 de Montr\u00e9al) M. RABKIN YAKOV intitul\u00e9 : \u201cAU NOM DE LA TORAH, L\u2019HISTOIRE DE LA RESISTANCE JUIVE AU SIONISME\u201d !!??<\/p>\n\n\n\n<p>Ce n\u2019est que bien apr\u00e8s l\u2019id\u00e9e de l\u2019Angola \/ Patagonie qu\u2019on fabriqua de toute pi\u00e8ce l\u2019id\u00e9e de Palestine comme terre promise. Et ce, coupl\u00e9 aux trahisons envers les Arabes apr\u00e8s s\u2019en \u00eatre servi pour en finir avec l\u2019Empire Ottoman (voir ne serait-ce que le film Lawrence d\u2019Arabie) \u2026 Ou maints livres \u00e0 commencer par celui intitul\u00e9 tout simplement \u00ab&nbsp;Les Palestiniens&nbsp;\u00bb, et j\u2019en passe et des centaines&nbsp;!<\/p>\n\n\n\n<p>Les d\u00e9couvertes du p\u00e9trole de la r\u00e9gion d\u00e8s 1855 en Iran, puis peu \u00e0 peu les r\u00e9gions adjacentes, ont \u00e9t\u00e9 un facteur hyper d\u00e9terminant dans le \u201cchoix\u201d de la terre palestinienne comme future Terre Promise (NB&nbsp;: j\u2019ai eu \u00e0 lire ou \u00e9couter les dires d\u2019une dame sioniste Am\u00e9ricaine que \u00ab&nbsp;Cette terre est aux Juifs depuis l\u2019antiquit\u00e9 et que cela fait 2000 ans qu\u2019ils attendent&nbsp;\u00bb \u2026 Et les Am\u00e9rindiens ch\u00e8re madame&nbsp;!? <strong>Cela fait 20&nbsp;000 ans. Alors d\u00e9gagez des USA&nbsp;!<\/strong>)<\/p>\n\n\n\n<p>Par ailleurs notre grand professeur, docteur, ex politicien de tr\u00e8s niveau\u2026 aurait-il id\u00e9e de la raison pour laquelle la \u201cD\u00e9claration Balfour\u201d du 2 novembre 1917 qui, elle, offrait sur un plateau d\u2019argent, aux Juifs Sionistes la Palestine a-t-elle \u00e9t\u00e9 adress\u00e9e aux Rothschild (!?). D\u00e9claration qui, en sous-main \u00e9tait en r\u00e9alit\u00e9 destin\u00e9e \u00e0 presser le pr\u00e9sident Wilson, qui tra\u00eenait la patte, d\u2019intervenir -enfin- dans la Grande guerre &#8211; et du m\u00eame coup \u201coffrir\u201d, la terre palestinienne, alors sous \u201cmandat\u201d britannique, comme \u00ab&nbsp;monnaie d\u2019\u00e9change&nbsp;\u00bb pour cette pression sur l\u2019entr\u00e9e en guerre des USA devenue vitale, particuli\u00e8rement pour les int\u00e9r\u00eats anglais !?&nbsp;<\/p>\n\n\n\n<p>Pourquoi, dites-moi donc Pr Facal, notre Premier Ministre Justin Trudeau s\u2019est-il excus\u00e9 aupr\u00e8s des Juifs r\u00e9cemment (son 1er mandat) pour le fait que le Canada eut refoul\u00e9 durant la fureur nazie des bateaux entiers de Juifs fuyant ses horreurs ? A -t-il expliqu\u00e9 \u201cpourquoi\u201d ? Il suffit de lire le tonitruant livre de Viviane Forrester (qui a aussi \u00e9crit \u00ab&nbsp;L\u2019horreur \u00e9conomique&nbsp;\u00bb \u00e0 propos de ce que vous contribuez \u00e0 enseigner dans votre Grande \u00c9cole, et qui ne peut \u00eatre tax\u00e9e \u2018d\u2019Islamo Gauchisme\u2019, n\u2019est-ce pas&nbsp;?) <strong>terriblement intitul\u00e9 \u201cLe Crime Occidental\u201d<\/strong>.<\/p>\n\n\n\n<p>Je vous le conseille instamment, ce livre, entre des centaines d\u2019autres du m\u00eame acabit&nbsp;; pour vous instruire sur comment Juifs<strong> et<\/strong> Palestiniens ont \u00e9t\u00e9 les dindons de la farce d\u2019un Occident obnubil\u00e9 par le p\u00e9trole moyen oriental. LES JUIFS FURENT ABANDONN\u00c9S \u00e0 leur sort et AUX NAZIS PAR L\u2019OCCIDENT QUI, CANADA ET USA INCLUS, LES REFOULAIT SCIEMMENT POUR LES POUSSER EN TERRE PALESTINIENNE (but&nbsp;: \u00e9tablissement d\u2019une future t\u00eate de pont \u00e9ternellement conflictuelle, pr\u00e9texte indispensable au contr\u00f4le des plus immenses r\u00e9serves p\u00e9troli\u00e8res du monde.<\/p>\n\n\n\n<p>Voil\u00e0 l\u2019acte de naissance du futur Isra\u00ebl &nbsp;&nbsp;\u2026 Une ignominieuse \u201ccr\u00e9ation\u201d de toute pi\u00e8ce par le \u201cmachin\u201d (De Gaulle, n\u2019est-ce pas&nbsp;?) valet des USA, d\u00e9nomm\u00e9 ONU, d\u2019un purement fictif et artificiel \u00c9TAT D\u2019Isra\u00ebl.&nbsp;Avec en prime les atrocit\u00e9s de populations spoli\u00e9es, d\u00e9plac\u00e9es, massacr\u00e9es\u2026 par les groupes terroristes arm\u00e9s jusqu\u2019aux cheveux par l\u2019Occident, et men\u00e9s par les Ben Gourion (oubliez-vous la pulv\u00e9risation du grand Hotel du Roi David&nbsp;?), les groupes Stern, la Haganah et j\u2019en passe&nbsp;!<\/p>\n\n\n\n<p>La suite est connue ainsi que ses raisons exactes jusqu\u2019au Mur de Sharon\u2026<\/p>\n\n\n\n<p>SVP LISEZ \u201cISRA\u00cbL EN DANGER DE PAIX\u201d de Marc Hillel ! Plus celui de Charles Enderlin \u201cLe r\u00eave bris\u00e9\u201d\u2026 de ce tr\u00e8s long envoy\u00e9 sp\u00e9cial en Palestine, plus\u2026. Plus\u2026 Connaissez-vous au moins leur existence&nbsp;?<\/p>\n\n\n\n<p>VOIR SVP AUSSI LE FILM TR\u00c8S R\u00c9CENT \u201cLansky Meyer\u201d, ce GRAND chef de maffia juive, qui servit avec Batista de Cuba et les USA et la mafia US en g\u00e9n\u00e9ral \u2026 de portes valises de milliards et de milliards de $ issus notamment de la drogue et de l\u2019expansion fulgurante de sa distribution \u00e8a l\u2019\u00e9poque. Et cela sur le dos des latinos \u2013 particuli\u00e8rement les Mexicains qui \u00e9taient OBLIG\u00c9S de cultiver de la marijuana, et autre pavot, pour alimenter la \u00ab&nbsp;stimulation&nbsp;\u00bb des G.I. US en guerre un peu partout&nbsp;!- &nbsp;et sur celui des millions de victimes et d\u2019addicts&nbsp;: jeunes et ados et Noirs\u2026 US en particulier \u2026 pour financer Isra\u00ebl ! (Bel exemple de seule d\u00e9mocratie \u201cpropre\u201d et \u00e9thique du Moyen Orient).&nbsp;<\/p>\n\n\n\n<p>M\u00eame sur le plan \u00e9conomique, monsieur M Facal sait-il <strong>les sommes mirobolantes annuelles que cet \u00c9tat re\u00e7oit de l\u2019Allemagne (c\u2019est officiellement en 2010 que ce pays a fini de payer les \u00ab&nbsp;r\u00e9parations&nbsp;\u00bb de \u2026 la guerre 14-18&nbsp;!!! \u2026 pour 39-40 c\u2019est encore vague et n\u00e9buleux&nbsp;: chacun sait comment \u00ab&nbsp;les vainqueurs \u00e9crivent l\u2019Histoire&nbsp;\u00bb) ? de l\u2019U. E. ? Des USA ?&nbsp;des lobbies multi-tentaculaires de la diaspora au vu et au su de tous&nbsp;? Sait-il, un exemple \u00ab&nbsp;occulte&nbsp;\u00bb parmi mille, quels pourcentages, pour ne parler que de cela, des r\u00e9coltes des campagnes \u00ab&nbsp;Centraide&nbsp;\u00bb vont par multiples voies plus ou moins sinueuses, directement vers Isra\u00ebl&nbsp;?<\/strong><\/p>\n\n\n\n<p>Voulez-vous des r\u00e9f\u00e9rences suppl\u00e9mentaires M. Facal ? J\u2019en ai des dizaines&nbsp;! et m\u00eame plusieurs diaporamas de conf\u00e9rences que j\u2019ai donn\u00e9es avec toutes les r\u00e9f\u00e9rences et documentations historiques voulues. \u00c0 votre disposition.&nbsp;<\/p>\n\n\n\n<p>Conf\u00e9rences pour lesquelles j\u2019ai \u00e9t\u00e9 officiellement <strong>censur\u00e9<\/strong> \u00e0 HEC et \u00e0 Mc Gill en 2004&nbsp;! Vive la grande d\u00e9mocratie canadienne, et vive la libert\u00e9 d\u2019expression et acad\u00e9mique&nbsp;! &#8211; &nbsp;<\/p>\n\n\n\n<p>En attendant bravo pour le niveau de culture et d\u2019objectivit\u00e9 historique et scientifique de l\u2019un des plus prestigieux professeurs de HEC Montr\u00e9al.&nbsp;<\/p>\n\n\n\n<p>Voir ci-dessous l\u2019incroyable texte de M. Facal. Et le lien. HONTE \u00c0 HEC MONTR\u00c9AL.&nbsp;<\/p>\n\n\n\n<p>\u00c9VIDEMMENT je ne m\u2019en tiendrai pas qu\u2019\u00e0 ce courrier ! Tout mes r\u00e9seaux mondiaux et les journaux qui auront le courage de me publier en seront destinataires et bien plus en d\u00e9tails.&nbsp;<\/p>\n\n\n\n<p>Par ailleurs HEC Montr\u00e9al a l\u2019obligation, si elle veut conserver un minimum de cr\u00e9dibilit\u00e9, de se d\u00e9solidariser publiquement de ce \u201cprofesseur\u201d et de ses dires. Ainsi que celle de prendre les mesures administratives, acad\u00e9miques minimalistes qui s\u2019imposent, devant de telles publications qui d\u00e9tournent sans vergogne les \u00e9l\u00e9mentaires v\u00e9rit\u00e9s historiques, qui ne sont que fausses, mensong\u00e8res et anti-intellectuelles balivernes, venant d\u2019un de ses officiants les plus en vue !!&nbsp;<\/p>\n\n\n\n<p>*<strong>Dr. Omar Aktouf<\/strong><\/p>\n\n\n\n<p><em>Omar Aktouf, intellectuel alg\u00e9rien install\u00e9 au Canada, est professeur<\/em> <em>titulaire de management \u00e0 HEC Montr\u00e9al. D\u00e9tenteur de plusieurs hauts dipl\u00f4mes dont Ms. Psy ; Ms. Gestion-\u00c9co du d\u00e9veloppement ; MBA et PhD en \u00e9conomie-management, il enseigne autant au Canada que dans diff\u00e9rents pays, \u00e0 travers trois continents et en diff\u00e9rentes langues.<\/em><\/p>\n\n\n\n<p><em>&nbsp;Il cumule une carri\u00e8re de cadre dirigeant en entreprises durant une quinzaine d\u2019ann\u00e9es, puis de professeur, chercheur et consultant international. Il a \u00e0 son actif pr\u00e8s d\u2019une centaine de publications en revues scientifiques en plusieurs langues, plus d\u2019une dizaine de livres dont certains traduits en anglais, espagnol, portugais\u2026 plus d\u2019une trentaine de livres en collaboration, dont en allemand, italien, su\u00e9dois\u2026 Il est conf\u00e9rencier (\u00ab&nbsp;keynote&nbsp;\u00bb) et professeur sp\u00e9cial r\u00e9guli\u00e8rement invit\u00e9 \u00e0 travers le monde.<\/em><\/p>\n\n\n\n<p><em>Il a \u00e9galement \u00e9t\u00e9 r\u00e9cipiendaire de nombreux prix et distinctions, dont&nbsp;: Prix de la Recherche Universit\u00e9 de Montr\u00e9al 1987 ; Prix du \u00ab&nbsp;meilleur livre d\u2019affaires&nbsp;\u00bb Qu\u00e9bec 2003 ; Prix du meilleur article en formation en management de la Canadian Administrative Sciences Association 2005 ; M\u00e9daille de contribution sp\u00e9ciale \u00e0 l\u2019avancement des connaissances, Universit\u00e9 Univalle, Colombie 2012&nbsp;; Intronis\u00e9 \u00ab&nbsp;personnalit\u00e9 marquante de l\u2019histoire r\u00e9cente du Canada&nbsp;\u00bb par Biblioth\u00e8que Nationale et Archives Canada, 2011&nbsp;; Cass\u00e9 parmi les 10 meilleurs auteurs en \u00e9conomie-gestion des 20 derni\u00e8res ann\u00e9es du si\u00e8cle pass\u00e9, Berlin \u00ab&nbsp;Organisations Entwincklung&nbsp;\u00bb 2000 ; Laur\u00e9at du discours de \u00ab&nbsp;Le\u00e7on Inaugurale&nbsp;\u00bb ann\u00e9e acad\u00e9mique 2015 Bogota ; Prix du meilleur parcours d\u2019expert GRH de l\u2019Association GRH Maghreb-France en 1996 ;<\/em> \u2026&nbsp;<\/p>\n\n\n\n<p><em><u>Les pens\u00e9es et opinions exprim\u00e9es dans le texte sont celles de l&#8217;auteur<\/u><\/em><\/p>\n\n\n\n<p><\/p>\n\n\n\n<p><strong>Article de Joseph Facal<\/strong><\/p>\n\n\n\n<p><strong>Isra\u00ebl souligne cette ann\u00e9e ses 75 ans d\u2019existence.&nbsp;Une Improbable et exceptionnelle r\u00e9ussite.<\/strong><\/p>\n\n\n\n<figure class=\"wp-block-embed\"><div class=\"wp-block-embed__wrapper\">\nhttps:\/\/www.journaldemontreal.com\/2023\/05\/25\/israel-une-improbable-et-exceptionnelle-reussite\n<\/div><\/figure>\n","protected":false},"excerpt":{"rendered":"<p>Immense Honte sur HEC Montr\u00e9al Professeur Omar Aktouf* R\u00e9plique du Professeur Omar Aktouf \u00e0 l\u2019article de Joseph Facal (voir le lien de l\u2019article de Joseph Facal au bas de la [&hellip;]<\/p>\n","protected":false},"author":4,"featured_media":248494,"comment_status":"closed","ping_status":"closed","sticky":false,"template":"","format":"standard","meta":{"_acf_changed":false,"_et_pb_use_builder":"","_et_pb_old_content":"","_et_gb_content_width":"","footnotes":""},"categories":[208],"tags":[],"class_list":["post-248493","post","type-post","status-publish","format-standard","has-post-thumbnail","hentry","category-article"],"acf":[],"yoast_head":"<!-- This site is optimized with the Yoast SEO plugin v25.8 - https:\/\/yoast.com\/wordpress\/plugins\/seo\/ -->\n<title>Immense Honte sur HEC Montr\u00e9al - PAJU<\/title>\n<meta name=\"robots\" content=\"index, follow, max-snippet:-1, max-image-preview:large, max-video-preview:-1\" \/>\n<link rel=\"canonical\" href=\"https:\/\/paju.org\/fr\/immense-honte-sur-hec-montreal\/\" \/>\n<meta property=\"og:locale\" content=\"fr_FR\" \/>\n<meta property=\"og:type\" content=\"article\" \/>\n<meta property=\"og:title\" content=\"Immense Honte sur HEC Montr\u00e9al - PAJU\" \/>\n<meta property=\"og:description\" content=\"Immense Honte sur HEC Montr\u00e9al Professeur Omar Aktouf* R\u00e9plique du Professeur Omar Aktouf \u00e0 l\u2019article de Joseph Facal (voir le lien de l\u2019article de Joseph Facal au bas de la [&hellip;]\" \/>\n<meta property=\"og:site_name\" content=\"PAJU\" \/>\n<meta property=\"article:publisher\" content=\"https:\/\/www.facebook.com\/pajumontreal\" \/>\n<meta property=\"article:published_time\" content=\"2023-05-29T01:27:44+00:00\" \/>\n<meta property=\"article:modified_time\" content=\"2023-05-29T01:27:48+00:00\" \/>\n<meta property=\"og:image\" content=\"https:\/\/paju.org\/wp-content\/uploads\/2023\/05\/Professeur-Omar-Aktouf.jpg\" \/>\n\t<meta property=\"og:image:width\" content=\"1024\" \/>\n\t<meta property=\"og:image:height\" content=\"683\" \/>\n\t<meta property=\"og:image:type\" content=\"image\/jpeg\" \/>\n<meta name=\"author\" content=\"Bruce Katz\" \/>\n<meta name=\"twitter:card\" content=\"summary_large_image\" \/>\n<meta name=\"twitter:label1\" content=\"\u00c9crit par\" \/>\n\t<meta name=\"twitter:data1\" content=\"Bruce Katz\" \/>\n\t<meta name=\"twitter:label2\" content=\"Dur\u00e9e de lecture estim\u00e9e\" \/>\n\t<meta name=\"twitter:data2\" content=\"7 minutes\" \/>\n<script type=\"application\/ld+json\" class=\"yoast-schema-graph\">{\"@context\":\"https:\/\/schema.org\",\"@graph\":[{\"@type\":\"Article\",\"@id\":\"https:\/\/paju.org\/fr\/immense-honte-sur-hec-montreal\/#article\",\"isPartOf\":{\"@id\":\"https:\/\/paju.org\/fr\/immense-honte-sur-hec-montreal\/\"},\"author\":{\"name\":\"Bruce Katz\",\"@id\":\"https:\/\/paju.org\/fr\/#\/schema\/person\/6d8aed1579a1f4a97e1c552a5f2a891d\"},\"headline\":\"Immense Honte sur HEC Montr\u00e9al\",\"datePublished\":\"2023-05-29T01:27:44+00:00\",\"dateModified\":\"2023-05-29T01:27:48+00:00\",\"mainEntityOfPage\":{\"@id\":\"https:\/\/paju.org\/fr\/immense-honte-sur-hec-montreal\/\"},\"wordCount\":1807,\"publisher\":{\"@id\":\"https:\/\/paju.org\/fr\/#organization\"},\"image\":{\"@id\":\"https:\/\/paju.org\/fr\/immense-honte-sur-hec-montreal\/#primaryimage\"},\"thumbnailUrl\":\"https:\/\/paju.org\/wp-content\/uploads\/2023\/05\/Professeur-Omar-Aktouf.jpg\",\"articleSection\":[\"Article\"],\"inLanguage\":\"fr-FR\"},{\"@type\":\"WebPage\",\"@id\":\"https:\/\/paju.org\/fr\/immense-honte-sur-hec-montreal\/\",\"url\":\"https:\/\/paju.org\/fr\/immense-honte-sur-hec-montreal\/\",\"name\":\"Immense Honte sur HEC Montr\u00e9al - PAJU\",\"isPartOf\":{\"@id\":\"https:\/\/paju.org\/fr\/#website\"},\"primaryImageOfPage\":{\"@id\":\"https:\/\/paju.org\/fr\/immense-honte-sur-hec-montreal\/#primaryimage\"},\"image\":{\"@id\":\"https:\/\/paju.org\/fr\/immense-honte-sur-hec-montreal\/#primaryimage\"},\"thumbnailUrl\":\"https:\/\/paju.org\/wp-content\/uploads\/2023\/05\/Professeur-Omar-Aktouf.jpg\",\"datePublished\":\"2023-05-29T01:27:44+00:00\",\"dateModified\":\"2023-05-29T01:27:48+00:00\",\"breadcrumb\":{\"@id\":\"https:\/\/paju.org\/fr\/immense-honte-sur-hec-montreal\/#breadcrumb\"},\"inLanguage\":\"fr-FR\",\"potentialAction\":[{\"@type\":\"ReadAction\",\"target\":[\"https:\/\/paju.org\/fr\/immense-honte-sur-hec-montreal\/\"]}]},{\"@type\":\"ImageObject\",\"inLanguage\":\"fr-FR\",\"@id\":\"https:\/\/paju.org\/fr\/immense-honte-sur-hec-montreal\/#primaryimage\",\"url\":\"https:\/\/paju.org\/wp-content\/uploads\/2023\/05\/Professeur-Omar-Aktouf.jpg\",\"contentUrl\":\"https:\/\/paju.org\/wp-content\/uploads\/2023\/05\/Professeur-Omar-Aktouf.jpg\",\"width\":1024,\"height\":683},{\"@type\":\"BreadcrumbList\",\"@id\":\"https:\/\/paju.org\/fr\/immense-honte-sur-hec-montreal\/#breadcrumb\",\"itemListElement\":[{\"@type\":\"ListItem\",\"position\":1,\"name\":\"Home\",\"item\":\"https:\/\/paju.org\/fr\/\"},{\"@type\":\"ListItem\",\"position\":2,\"name\":\"Immense Honte sur HEC Montr\u00e9al\"}]},{\"@type\":\"WebSite\",\"@id\":\"https:\/\/paju.org\/fr\/#website\",\"url\":\"https:\/\/paju.org\/fr\/\",\"name\":\"PAJU\",\"description\":\"\",\"publisher\":{\"@id\":\"https:\/\/paju.org\/fr\/#organization\"},\"potentialAction\":[{\"@type\":\"SearchAction\",\"target\":{\"@type\":\"EntryPoint\",\"urlTemplate\":\"https:\/\/paju.org\/fr\/?s={search_term_string}\"},\"query-input\":{\"@type\":\"PropertyValueSpecification\",\"valueRequired\":true,\"valueName\":\"search_term_string\"}}],\"inLanguage\":\"fr-FR\"},{\"@type\":\"Organization\",\"@id\":\"https:\/\/paju.org\/fr\/#organization\",\"name\":\"Palestinian and Jewish Unity\",\"url\":\"https:\/\/paju.org\/fr\/\",\"logo\":{\"@type\":\"ImageObject\",\"inLanguage\":\"fr-FR\",\"@id\":\"https:\/\/paju.org\/fr\/#\/schema\/logo\/image\/\",\"url\":\"https:\/\/paju.org\/wp-content\/uploads\/PAJU-Logo.png\",\"contentUrl\":\"https:\/\/paju.org\/wp-content\/uploads\/PAJU-Logo.png\",\"width\":696,\"height\":293,\"caption\":\"Palestinian and Jewish Unity\"},\"image\":{\"@id\":\"https:\/\/paju.org\/fr\/#\/schema\/logo\/image\/\"},\"sameAs\":[\"https:\/\/www.facebook.com\/pajumontreal\",\"https:\/\/www.instagram.com\/pajumontreal\/\"]},{\"@type\":\"Person\",\"@id\":\"https:\/\/paju.org\/fr\/#\/schema\/person\/6d8aed1579a1f4a97e1c552a5f2a891d\",\"name\":\"Bruce Katz\",\"image\":{\"@type\":\"ImageObject\",\"inLanguage\":\"fr-FR\",\"@id\":\"https:\/\/paju.org\/fr\/#\/schema\/person\/image\/\",\"url\":\"https:\/\/secure.gravatar.com\/avatar\/4c65b2117dbb672d0bda009f0367a4721c9271f1f68b1747fb53d7333079d0f1?s=96&d=mm&r=g\",\"contentUrl\":\"https:\/\/secure.gravatar.com\/avatar\/4c65b2117dbb672d0bda009f0367a4721c9271f1f68b1747fb53d7333079d0f1?s=96&d=mm&r=g\",\"caption\":\"Bruce Katz\"},\"url\":\"https:\/\/paju.org\/fr\/author\/chadi\/\"}]}<\/script>\n<!-- \/ Yoast SEO plugin. -->","yoast_head_json":{"title":"Immense Honte sur HEC Montr\u00e9al - PAJU","robots":{"index":"index","follow":"follow","max-snippet":"max-snippet:-1","max-image-preview":"max-image-preview:large","max-video-preview":"max-video-preview:-1"},"canonical":"https:\/\/paju.org\/fr\/immense-honte-sur-hec-montreal\/","og_locale":"fr_FR","og_type":"article","og_title":"Immense Honte sur HEC Montr\u00e9al - PAJU","og_description":"Immense Honte sur HEC Montr\u00e9al Professeur Omar Aktouf* R\u00e9plique du Professeur Omar Aktouf \u00e0 l\u2019article de Joseph Facal (voir le lien de l\u2019article de Joseph Facal au bas de la [&hellip;]","og_site_name":"PAJU","article_publisher":"https:\/\/www.facebook.com\/pajumontreal","article_published_time":"2023-05-29T01:27:44+00:00","article_modified_time":"2023-05-29T01:27:48+00:00","og_image":[{"width":1024,"height":683,"url":"https:\/\/paju.org\/wp-content\/uploads\/2023\/05\/Professeur-Omar-Aktouf.jpg","type":"image\/jpeg"}],"author":"Bruce Katz","twitter_card":"summary_large_image","twitter_misc":{"\u00c9crit par":"Bruce Katz","Dur\u00e9e de lecture estim\u00e9e":"7 minutes"},"schema":{"@context":"https:\/\/schema.org","@graph":[{"@type":"Article","@id":"https:\/\/paju.org\/fr\/immense-honte-sur-hec-montreal\/#article","isPartOf":{"@id":"https:\/\/paju.org\/fr\/immense-honte-sur-hec-montreal\/"},"author":{"name":"Bruce Katz","@id":"https:\/\/paju.org\/fr\/#\/schema\/person\/6d8aed1579a1f4a97e1c552a5f2a891d"},"headline":"Immense Honte sur HEC Montr\u00e9al","datePublished":"2023-05-29T01:27:44+00:00","dateModified":"2023-05-29T01:27:48+00:00","mainEntityOfPage":{"@id":"https:\/\/paju.org\/fr\/immense-honte-sur-hec-montreal\/"},"wordCount":1807,"publisher":{"@id":"https:\/\/paju.org\/fr\/#organization"},"image":{"@id":"https:\/\/paju.org\/fr\/immense-honte-sur-hec-montreal\/#primaryimage"},"thumbnailUrl":"https:\/\/paju.org\/wp-content\/uploads\/2023\/05\/Professeur-Omar-Aktouf.jpg","articleSection":["Article"],"inLanguage":"fr-FR"},{"@type":"WebPage","@id":"https:\/\/paju.org\/fr\/immense-honte-sur-hec-montreal\/","url":"https:\/\/paju.org\/fr\/immense-honte-sur-hec-montreal\/","name":"Immense Honte sur HEC Montr\u00e9al - PAJU","isPartOf":{"@id":"https:\/\/paju.org\/fr\/#website"},"primaryImageOfPage":{"@id":"https:\/\/paju.org\/fr\/immense-honte-sur-hec-montreal\/#primaryimage"},"image":{"@id":"https:\/\/paju.org\/fr\/immense-honte-sur-hec-montreal\/#primaryimage"},"thumbnailUrl":"https:\/\/paju.org\/wp-content\/uploads\/2023\/05\/Professeur-Omar-Aktouf.jpg","datePublished":"2023-05-29T01:27:44+00:00","dateModified":"2023-05-29T01:27:48+00:00","breadcrumb":{"@id":"https:\/\/paju.org\/fr\/immense-honte-sur-hec-montreal\/#breadcrumb"},"inLanguage":"fr-FR","potentialAction":[{"@type":"ReadAction","target":["https:\/\/paju.org\/fr\/immense-honte-sur-hec-montreal\/"]}]},{"@type":"ImageObject","inLanguage":"fr-FR","@id":"https:\/\/paju.org\/fr\/immense-honte-sur-hec-montreal\/#primaryimage","url":"https:\/\/paju.org\/wp-content\/uploads\/2023\/05\/Professeur-Omar-Aktouf.jpg","contentUrl":"https:\/\/paju.org\/wp-content\/uploads\/2023\/05\/Professeur-Omar-Aktouf.jpg","width":1024,"height":683},{"@type":"BreadcrumbList","@id":"https:\/\/paju.org\/fr\/immense-honte-sur-hec-montreal\/#breadcrumb","itemListElement":[{"@type":"ListItem","position":1,"name":"Home","item":"https:\/\/paju.org\/fr\/"},{"@type":"ListItem","position":2,"name":"Immense Honte sur HEC Montr\u00e9al"}]},{"@type":"WebSite","@id":"https:\/\/paju.org\/fr\/#website","url":"https:\/\/paju.org\/fr\/","name":"PAJU","description":"","publisher":{"@id":"https:\/\/paju.org\/fr\/#organization"},"potentialAction":[{"@type":"SearchAction","target":{"@type":"EntryPoint","urlTemplate":"https:\/\/paju.org\/fr\/?s={search_term_string}"},"query-input":{"@type":"PropertyValueSpecification","valueRequired":true,"valueName":"search_term_string"}}],"inLanguage":"fr-FR"},{"@type":"Organization","@id":"https:\/\/paju.org\/fr\/#organization","name":"Palestinian and Jewish Unity","url":"https:\/\/paju.org\/fr\/","logo":{"@type":"ImageObject","inLanguage":"fr-FR","@id":"https:\/\/paju.org\/fr\/#\/schema\/logo\/image\/","url":"https:\/\/paju.org\/wp-content\/uploads\/PAJU-Logo.png","contentUrl":"https:\/\/paju.org\/wp-content\/uploads\/PAJU-Logo.png","width":696,"height":293,"caption":"Palestinian and Jewish Unity"},"image":{"@id":"https:\/\/paju.org\/fr\/#\/schema\/logo\/image\/"},"sameAs":["https:\/\/www.facebook.com\/pajumontreal","https:\/\/www.instagram.com\/pajumontreal\/"]},{"@type":"Person","@id":"https:\/\/paju.org\/fr\/#\/schema\/person\/6d8aed1579a1f4a97e1c552a5f2a891d","name":"Bruce Katz","image":{"@type":"ImageObject","inLanguage":"fr-FR","@id":"https:\/\/paju.org\/fr\/#\/schema\/person\/image\/","url":"https:\/\/secure.gravatar.com\/avatar\/4c65b2117dbb672d0bda009f0367a4721c9271f1f68b1747fb53d7333079d0f1?s=96&d=mm&r=g","contentUrl":"https:\/\/secure.gravatar.com\/avatar\/4c65b2117dbb672d0bda009f0367a4721c9271f1f68b1747fb53d7333079d0f1?s=96&d=mm&r=g","caption":"Bruce Katz"},"url":"https:\/\/paju.org\/fr\/author\/chadi\/"}]}},"_links":{"self":[{"href":"https:\/\/paju.org\/fr\/wp-json\/wp\/v2\/posts\/248493","targetHints":{"allow":["GET"]}}],"collection":[{"href":"https:\/\/paju.org\/fr\/wp-json\/wp\/v2\/posts"}],"about":[{"href":"https:\/\/paju.org\/fr\/wp-json\/wp\/v2\/types\/post"}],"author":[{"embeddable":true,"href":"https:\/\/paju.org\/fr\/wp-json\/wp\/v2\/users\/4"}],"replies":[{"embeddable":true,"href":"https:\/\/paju.org\/fr\/wp-json\/wp\/v2\/comments?post=248493"}],"version-history":[{"count":1,"href":"https:\/\/paju.org\/fr\/wp-json\/wp\/v2\/posts\/248493\/revisions"}],"predecessor-version":[{"id":248497,"href":"https:\/\/paju.org\/fr\/wp-json\/wp\/v2\/posts\/248493\/revisions\/248497"}],"wp:featuredmedia":[{"embeddable":true,"href":"https:\/\/paju.org\/fr\/wp-json\/wp\/v2\/media\/248494"}],"wp:attachment":[{"href":"https:\/\/paju.org\/fr\/wp-json\/wp\/v2\/media?parent=248493"}],"wp:term":[{"taxonomy":"category","embeddable":true,"href":"https:\/\/paju.org\/fr\/wp-json\/wp\/v2\/categories?post=248493"},{"taxonomy":"post_tag","embeddable":true,"href":"https:\/\/paju.org\/fr\/wp-json\/wp\/v2\/tags?post=248493"}],"curies":[{"name":"wp","href":"https:\/\/api.w.org\/{rel}","templated":true}]}}