{"id":248487,"date":"2023-05-27T15:38:12","date_gmt":"2023-05-27T19:38:12","guid":{"rendered":"https:\/\/paju.org\/?p=248487"},"modified":"2023-05-27T15:41:33","modified_gmt":"2023-05-27T19:41:33","slug":"le-times-of-israel-publie-et-supprime-rapidement-un-article-appelant-a-leffacement-de-la-palestine","status":"publish","type":"post","link":"https:\/\/paju.org\/fr\/le-times-of-israel-publie-et-supprime-rapidement-un-article-appelant-a-leffacement-de-la-palestine\/","title":{"rendered":"Le Times of Israel publie et supprime rapidement un article appelant \u00e0 \u00abl&#8217;effacement de la Palestine\u00bb"},"content":{"rendered":"\n<p><strong>Le Times of Israel publie et supprime rapidement un article appelant \u00e0 \u00abl&#8217;effacement de la Palestine\u00bb<\/strong><\/p>\n\n\n\n<p><em>Le message incendiaire est r\u00e9v\u00e9lateur des appels croissants de la soci\u00e9t\u00e9 isra\u00e9lienne \u00e0 r\u00e9p\u00e9ter les massacres et le nettoyage ethnique des Palestiniens observ\u00e9s lors de la \u00ab Nakba \u00bb il y a 75 ans<\/em><\/p>\n\n\n\n<p><strong>Par News Desk &#8211; 20 mai 2023<\/strong><\/p>\n\n\n\n<p>Le 18 mai, le journal <em>Times of Israel<\/em> a <a href=\"https:\/\/web.archive.org\/web\/20230518125244\/https:\/blogs.timesofisrael.com\/moving-forward-on-palestine\/\">publi\u00e9<\/a> un article de blog pr\u00e9conisant que la Palestine \u00ab soit an\u00e9antie \u00bb. Le message a ensuite \u00e9t\u00e9 <a href=\"https:\/\/twitter.com\/abgutman\/status\/1659579883486343168?s=20\">supprim\u00e9<\/a>, mais reste n\u00e9anmoins une indication d&#8217;une incitation croissante \u00e0 la violence contre les Palestiniens, tant parmi les Isra\u00e9liens que parmi les partisans de l&#8217;\u00c9tat juif \u00e0 l&#8217;\u00e9tranger.<\/p>\n\n\n\n<p>\u00ab Pour r\u00e9parer un tort, pour faire la paix et aller de l&#8217;avant, la Palestine doit \u00eatre an\u00e9antie. C&#8217;est une fa\u00e7ade \u00e0 la soci\u00e9t\u00e9, \u00e0 la morale, \u00e0 l&#8217;humanit\u00e9. Il repr\u00e9sente le mensonge et l&#8217;antis\u00e9mitisme, l&#8217;oppression et la terreur. Rien de plus \u00bb, a \u00e9crit Jeffrey Camras, un juif am\u00e9ricain vivant \u00e0 Chicago, dans l&#8217;Illinois, qui a v\u00e9cu pendant un certain temps en Isra\u00ebl \u00e0 l&#8217;\u00e2ge adulte.<\/p>\n\n\n\n<p>Apr\u00e8s avoir reconnu les millions de r\u00e9fugi\u00e9s palestiniens dispers\u00e9s dans des camps \u00e0 travers le Liban, la Syrie et la Jordanie apr\u00e8s l&#8217;\u00e9tablissement d&#8217;Isra\u00ebl en 1948, Camras \u00e9crit plus loin : \u00ab Comment dire cela simplement. Ils ont perdu! Ils ne peuvent dicter aucune condition. Dans quel monde vivons-nous dans lequel chaque pays \u00e0 travers l&#8217;histoire a \u00e9tabli ses fronti\u00e8res et conquis des terres par la guerre, et nous d\u00e9cidons collectivement de ne plus faire cela avec Isra\u00ebl en 1948 ? \u00bb<\/p>\n\n\n\n<p>Camras sugg\u00e8re \u00e9galement dans son article d&#8217;opinion qu&#8217;Isra\u00ebl \u00ab Conqu\u00e9rir les terres bibliques restantes au Liban, en Syrie et en Jordanie. Faites-le diplomatiquement ou militairement. Ne soyez pas faible avec vos ennemis. Expulsez quiconque n&#8217;accepte pas la souverainet\u00e9 d&#8217;Hachem, dont la reconnaissance de la souverainet\u00e9 juive est le test d\u00e9cisif. \u00bb<\/p>\n\n\n\n<p>Camras r\u00e9pudie ainsi les le\u00e7ons apprises par la communaut\u00e9 internationale apr\u00e8s la Seconde Guerre mondiale, quand Adolf Hitler et les dirigeants nazis ont cherch\u00e9 \u00e0 conqu\u00e9rir des parties de la Tch\u00e9coslovaquie et de la Pologne sous pr\u00e9texte de cr\u00e9er une Grande Allemagne.<\/p>\n\n\n\n<p>L&#8217;id\u00e9ologie nationaliste ethnique nazie soutenait que toutes les terres o\u00f9 les Allemands de souche avaient historiquement v\u00e9cu \u00e9taient li\u00e9es \u00e0 la nation allemande par \u00ab le sang et le sol \u00bb, et que le gouvernement nazi avait donc le droit de conqu\u00e9rir ces terres.<\/p>\n\n\n\n<p>Suite \u00e0 la d\u00e9faite des nazis par les Sovi\u00e9tiques en 1945, et dans un effort pour emp\u00eacher le type de meurtres et d&#8217;effusions de sang caus\u00e9s par la guerre \u00e0 l&#8217;avenir &#8211; y compris le meurtre par les nazis de millions de Juifs pendant l&#8217;Holocauste &#8211; la charte des Nations Unies a <a href=\"https:\/\/www.ohchr.org\/en\/press-releases\/2019\/06\/annexation-flagrant-violation-international-law-says-un-human-rights-expert\">adopt\u00e9<\/a> le principe que l&#8217;annexion et la conqu\u00eate territoriale par la violence sont interdites et ill\u00e9gales en vertu du droit international.<\/p>\n\n\n\n<p>Cependant, l&#8217;histoire s&#8217;est rapidement r\u00e9p\u00e9t\u00e9e, alors que le mouvement sioniste cherchait \u00e0 conqu\u00e9rir les terres n\u00e9cessaires \u00e0 l&#8217;\u00e9tablissement de l&#8217;\u00c9tat d&#8217;Isra\u00ebl, notamment en nettoyant ethniquement la population palestinienne indig\u00e8ne, dont les droits individuels \u00e0 la vie et \u00e0 la propri\u00e9t\u00e9 auraient d\u00fb \u00eatre prot\u00e9g\u00e9s par la charte des Nations Unies.<\/p>\n\n\n\n<p>\u00c0 partir de 1947, les milices pr\u00e9-\u00e9tatiques du mouvement sioniste ont lanc\u00e9 une politique de \u00abtransfert\u00bb pour expulser de force quelque 750 000 Palestiniens de leurs maisons.<\/p>\n\n\n\n<p>Ce processus de nettoyage ethnique, connu par les Palestiniens sous le nom de Catastrophe, ou Nakba, a non seulement permis aux dirigeants sionistes d&#8217;acqu\u00e9rir le territoire n\u00e9cessaire \u00e0 la cr\u00e9ation d&#8217;un nouvel \u00c9tat, mais aussi de se d\u00e9barrasser de la population indig\u00e8ne musulmane et chr\u00e9tienne ind\u00e9sirable et d&#8217;\u00e9tablir un majorit\u00e9 juive \u00e0 leur place.<\/p>\n\n\n\n<p>Comme l&#8217;a montr\u00e9 l&#8217;historien isra\u00e9lien Benny Morris, <a href=\"https:\/\/historynewsnetwork.org\/article\/3166\">la campagne de transfert<\/a> n&#8217;\u00e9tait pas seulement d\u00e9lib\u00e9r\u00e9e mais accompagn\u00e9e de nombreux massacres et viols aux mains des milices sionistes.<\/p>\n\n\n\n<p>Dans son article de blog du <em>Times of Israel<\/em>, Jeffrey Camras lui-m\u00eame reconna\u00eet le statut indig\u00e8ne des chr\u00e9tiens et musulmans palestiniens, notant que \u00ab enterr\u00e9s profond\u00e9ment en Palestine se trouvent les descendants de juifs qui se sont soit convertis \u00e0 l&#8217;islam ou au christianisme, soit ont \u00e9t\u00e9 forc\u00e9s de se convertir \u00e0 l&#8217;islam et au christianisme \u00bb. .<\/p>\n\n\n\n<p>Il sugg\u00e8re alors que ces Palestiniens pourraient \u00eatre reconvertis au juda\u00efsme.<\/p>\n\n\n\n<p>Avant que Benny Morris ne publie ses conclusions, les historiens isra\u00e9liens ont souvent affirm\u00e9 qu&#8217;aucune campagne de nettoyage ethnique d\u00e9lib\u00e9r\u00e9e n&#8217;avait eu lieu et que les Palestiniens avaient volontairement quitt\u00e9 leurs maisons lorsque des combats ont \u00e9clat\u00e9 entre les milices sionistes pr\u00e9-\u00e9tatiques et les arm\u00e9es arabes voisines en 1948.<\/p>\n\n\n\n<p>En quittant leurs foyers, la majorit\u00e9 des Palestiniens sont devenus des r\u00e9fugi\u00e9s dans les pays arabes voisins, en Cisjordanie (alors sous contr\u00f4le jordanien) et \u00e0 Gaza (alors sous contr\u00f4le \u00e9gyptien).<\/p>\n\n\n\n<p>Lorsqu&#8217;Isra\u00ebl a conquis la Cisjordanie et Gaza pendant la guerre des Six Jours en 1967, l&#8217;arm\u00e9e isra\u00e9lienne n&#8217;a pas \u00e9t\u00e9 en mesure de mener une campagne de transfert de masse similaire pour expulser la population palestinienne indig\u00e8ne restante. Au lieu de cela, la Cisjordanie et Gaza ont \u00e9t\u00e9 plac\u00e9es sous occupation militaire isra\u00e9lienne et les Palestiniens se sont vu refuser les droits civiques fondamentaux.<\/p>\n\n\n\n<p>La conqu\u00eate par Isra\u00ebl du territoire palestinien en 1967 a \u00e9t\u00e9 condamn\u00e9e par l&#8217;ONU, qui a <a href=\"https:\/\/peacemaker.un.org\/sites\/peacemaker.un.org\/files\/SCRes242%281967%29.pdf\">adopt\u00e9<\/a> la r\u00e9solution 242, exigeant qu&#8217;Isra\u00ebl retire son arm\u00e9e des territoires conquis lors du r\u00e9cent conflit, tout en soulignant \u00abl&#8217;inadmissibilit\u00e9 de l&#8217;acquisition de territoire par la guerre\u00bb, conform\u00e9ment \u00e0 l&#8217;ONU. Charte.<\/p>\n\n\n\n<p>Depuis lors, une campagne au ralenti de nettoyage ethnique et d&#8217;apartheid s&#8217;est poursuivie, alors que de plus en plus de terres palestiniennes ont \u00e9t\u00e9 progressivement confisqu\u00e9es par les autorit\u00e9s militaires isra\u00e9liennes pour ouvrir la voie \u00e0 l&#8217;expansion ill\u00e9gale des colonies pour accueillir de nouveaux immigrants juifs, dont beaucoup de Russie et les \u00c9tats-Unis, comme Camras lui-m\u00eame.<\/p>\n\n\n\n<p>Les appels au gouvernement isra\u00e9lien non seulement pour confisquer et coloniser les terres palestiniennes actuellement sous occupation militaire isra\u00e9lienne, mais aussi pour annexer officiellement ces territoires, se sont multipli\u00e9s au cours de l&#8217;ann\u00e9e \u00e9coul\u00e9e, d&#8217;autant plus que les d\u00e9fenseurs des colons Bezalel Smotrich et Itamar Ben Gvir ont pris le pouvoir dans le gouvernement isra\u00e9lien apr\u00e8s le r\u00e9cent retour de Benjamin Netanyahu au poste de Premier ministre.<\/p>\n\n\n\n<p>Le <em>Israeli Policy Forum<\/em>&nbsp; &nbsp;(Forum politique isra\u00e9lien) a <a href=\"https:\/\/israelpolicyforum.org\/2023\/01\/04\/an-extreme-new-flavor-of-annexationism\/\">not\u00e9<\/a> en janvier de cette ann\u00e9e que \u00ab Plut\u00f4t que de pr\u00e9senter leur id\u00e9ologie d&#8217;un seul \u00c9tat dans le langage de la d\u00e9mocratie et des droits de l&#8217;homme ou du moins de faire semblant de respecter ces valeurs, Smotrich et Ben Gvir les ignorent ouvertement. Les plans politiques substantiels de Smotrich pour la Cisjordanie visant \u00e0 effacer les distinctions bureaucratiques entre les colonies et l&#8217;Isra\u00ebl souverain sont associ\u00e9s aux slogans populistes de Ben Gvir, employant et encourageant des chants racistes et des sifflets de chien comme &nbsp;\u00abQue votre village br\u00fble \u00bb ou \u00abMort aux terroristes\u00bb &nbsp;au lieu de \u00abMort aux Arabes \u00bb.<\/p>\n\n\n\n<p>En outre, \u00ab leurs propositions incluent des serments de loyaut\u00e9, l&#8217;expulsion des r\u00e9sidents et citoyens &nbsp;\u00abd\u00e9loyaux \u00bb &nbsp;et la modification des r\u00e8gles d&#8217;engagement pour supprimer toute restriction \u00e0 l&#8217;utilisation de la force l\u00e9tale contre les manifestants palestiniens \u00bb.<\/p>\n\n\n\n<p><strong>Source:<\/strong> <a href=\"https:\/\/thecradle.co\/article-view\/25066\/times-of-israel-publishes-promptly-deletes-piece-calling-for-obliteration-of-palestine\">Times of Israel publishes, promptly deletes piece calling for \u2018obliteration of Palestine\u2019 (thecradle.co)<\/a><\/p>\n","protected":false},"excerpt":{"rendered":"<p>Le Times of Israel publie et supprime rapidement un article appelant \u00e0 \u00abl&#8217;effacement de la Palestine\u00bb Le message incendiaire est r\u00e9v\u00e9lateur des appels croissants de la soci\u00e9t\u00e9 isra\u00e9lienne \u00e0 r\u00e9p\u00e9ter [&hellip;]<\/p>\n","protected":false},"author":4,"featured_media":248483,"comment_status":"closed","ping_status":"closed","sticky":false,"template":"","format":"standard","meta":{"_acf_changed":false,"_et_pb_use_builder":"","_et_pb_old_content":"","_et_gb_content_width":"","footnotes":""},"categories":[94],"tags":[],"class_list":["post-248487","post","type-post","status-publish","format-standard","has-post-thumbnail","hentry","category-bulletin-fr"],"acf":[],"yoast_head":"<!-- This site is optimized with the Yoast SEO plugin v25.8 - https:\/\/yoast.com\/wordpress\/plugins\/seo\/ -->\n<title>Le Times of Israel publie et supprime rapidement un article appelant \u00e0 \u00abl&#039;effacement de la Palestine\u00bb - PAJU<\/title>\n<meta name=\"robots\" content=\"index, follow, max-snippet:-1, max-image-preview:large, max-video-preview:-1\" \/>\n<link rel=\"canonical\" href=\"https:\/\/paju.org\/fr\/le-times-of-israel-publie-et-supprime-rapidement-un-article-appelant-a-leffacement-de-la-palestine\/\" \/>\n<meta property=\"og:locale\" content=\"fr_FR\" \/>\n<meta property=\"og:type\" content=\"article\" \/>\n<meta property=\"og:title\" content=\"Le Times of Israel publie et supprime rapidement un article appelant \u00e0 \u00abl&#039;effacement de la Palestine\u00bb - PAJU\" \/>\n<meta property=\"og:description\" content=\"Le Times of Israel publie et supprime rapidement un article appelant \u00e0 \u00abl&#8217;effacement de la Palestine\u00bb Le message incendiaire est r\u00e9v\u00e9lateur des appels croissants de la soci\u00e9t\u00e9 isra\u00e9lienne \u00e0 r\u00e9p\u00e9ter [&hellip;]\" \/>\n<meta property=\"og:site_name\" content=\"PAJU\" \/>\n<meta property=\"article:publisher\" content=\"https:\/\/www.facebook.com\/pajumontreal\" \/>\n<meta property=\"article:published_time\" content=\"2023-05-27T19:38:12+00:00\" \/>\n<meta property=\"article:modified_time\" content=\"2023-05-27T19:41:33+00:00\" \/>\n<meta property=\"og:image\" content=\"https:\/\/paju.org\/wp-content\/uploads\/2023\/05\/ronen.jpg-The-Times-of-Israel-Obliteration-of-Palestinians.jpg\" \/>\n\t<meta property=\"og:image:width\" content=\"1280\" \/>\n\t<meta property=\"og:image:height\" content=\"801\" \/>\n\t<meta property=\"og:image:type\" content=\"image\/jpeg\" \/>\n<meta name=\"author\" content=\"Bruce Katz\" \/>\n<meta name=\"twitter:card\" content=\"summary_large_image\" \/>\n<meta name=\"twitter:label1\" content=\"\u00c9crit par\" \/>\n\t<meta name=\"twitter:data1\" content=\"Bruce Katz\" \/>\n\t<meta name=\"twitter:label2\" content=\"Dur\u00e9e de lecture estim\u00e9e\" \/>\n\t<meta name=\"twitter:data2\" content=\"6 minutes\" \/>\n<script type=\"application\/ld+json\" class=\"yoast-schema-graph\">{\"@context\":\"https:\/\/schema.org\",\"@graph\":[{\"@type\":\"Article\",\"@id\":\"https:\/\/paju.org\/fr\/le-times-of-israel-publie-et-supprime-rapidement-un-article-appelant-a-leffacement-de-la-palestine\/#article\",\"isPartOf\":{\"@id\":\"https:\/\/paju.org\/fr\/le-times-of-israel-publie-et-supprime-rapidement-un-article-appelant-a-leffacement-de-la-palestine\/\"},\"author\":{\"name\":\"Bruce Katz\",\"@id\":\"https:\/\/paju.org\/fr\/#\/schema\/person\/6d8aed1579a1f4a97e1c552a5f2a891d\"},\"headline\":\"Le Times of Israel publie et supprime rapidement un article appelant \u00e0 \u00abl&#8217;effacement de la Palestine\u00bb\",\"datePublished\":\"2023-05-27T19:38:12+00:00\",\"dateModified\":\"2023-05-27T19:41:33+00:00\",\"mainEntityOfPage\":{\"@id\":\"https:\/\/paju.org\/fr\/le-times-of-israel-publie-et-supprime-rapidement-un-article-appelant-a-leffacement-de-la-palestine\/\"},\"wordCount\":1322,\"publisher\":{\"@id\":\"https:\/\/paju.org\/fr\/#organization\"},\"image\":{\"@id\":\"https:\/\/paju.org\/fr\/le-times-of-israel-publie-et-supprime-rapidement-un-article-appelant-a-leffacement-de-la-palestine\/#primaryimage\"},\"thumbnailUrl\":\"https:\/\/paju.org\/wp-content\/uploads\/2023\/05\/ronen.jpg-The-Times-of-Israel-Obliteration-of-Palestinians.jpg\",\"articleSection\":[\"Notre bulletin\"],\"inLanguage\":\"fr-FR\"},{\"@type\":\"WebPage\",\"@id\":\"https:\/\/paju.org\/fr\/le-times-of-israel-publie-et-supprime-rapidement-un-article-appelant-a-leffacement-de-la-palestine\/\",\"url\":\"https:\/\/paju.org\/fr\/le-times-of-israel-publie-et-supprime-rapidement-un-article-appelant-a-leffacement-de-la-palestine\/\",\"name\":\"Le Times of Israel publie et supprime rapidement un article appelant \u00e0 \u00abl'effacement de la Palestine\u00bb - PAJU\",\"isPartOf\":{\"@id\":\"https:\/\/paju.org\/fr\/#website\"},\"primaryImageOfPage\":{\"@id\":\"https:\/\/paju.org\/fr\/le-times-of-israel-publie-et-supprime-rapidement-un-article-appelant-a-leffacement-de-la-palestine\/#primaryimage\"},\"image\":{\"@id\":\"https:\/\/paju.org\/fr\/le-times-of-israel-publie-et-supprime-rapidement-un-article-appelant-a-leffacement-de-la-palestine\/#primaryimage\"},\"thumbnailUrl\":\"https:\/\/paju.org\/wp-content\/uploads\/2023\/05\/ronen.jpg-The-Times-of-Israel-Obliteration-of-Palestinians.jpg\",\"datePublished\":\"2023-05-27T19:38:12+00:00\",\"dateModified\":\"2023-05-27T19:41:33+00:00\",\"breadcrumb\":{\"@id\":\"https:\/\/paju.org\/fr\/le-times-of-israel-publie-et-supprime-rapidement-un-article-appelant-a-leffacement-de-la-palestine\/#breadcrumb\"},\"inLanguage\":\"fr-FR\",\"potentialAction\":[{\"@type\":\"ReadAction\",\"target\":[\"https:\/\/paju.org\/fr\/le-times-of-israel-publie-et-supprime-rapidement-un-article-appelant-a-leffacement-de-la-palestine\/\"]}]},{\"@type\":\"ImageObject\",\"inLanguage\":\"fr-FR\",\"@id\":\"https:\/\/paju.org\/fr\/le-times-of-israel-publie-et-supprime-rapidement-un-article-appelant-a-leffacement-de-la-palestine\/#primaryimage\",\"url\":\"https:\/\/paju.org\/wp-content\/uploads\/2023\/05\/ronen.jpg-The-Times-of-Israel-Obliteration-of-Palestinians.jpg\",\"contentUrl\":\"https:\/\/paju.org\/wp-content\/uploads\/2023\/05\/ronen.jpg-The-Times-of-Israel-Obliteration-of-Palestinians.jpg\",\"width\":1280,\"height\":801},{\"@type\":\"BreadcrumbList\",\"@id\":\"https:\/\/paju.org\/fr\/le-times-of-israel-publie-et-supprime-rapidement-un-article-appelant-a-leffacement-de-la-palestine\/#breadcrumb\",\"itemListElement\":[{\"@type\":\"ListItem\",\"position\":1,\"name\":\"Home\",\"item\":\"https:\/\/paju.org\/fr\/\"},{\"@type\":\"ListItem\",\"position\":2,\"name\":\"Le Times of Israel publie et supprime rapidement un article appelant \u00e0 \u00abl&#8217;effacement de la Palestine\u00bb\"}]},{\"@type\":\"WebSite\",\"@id\":\"https:\/\/paju.org\/fr\/#website\",\"url\":\"https:\/\/paju.org\/fr\/\",\"name\":\"PAJU\",\"description\":\"\",\"publisher\":{\"@id\":\"https:\/\/paju.org\/fr\/#organization\"},\"potentialAction\":[{\"@type\":\"SearchAction\",\"target\":{\"@type\":\"EntryPoint\",\"urlTemplate\":\"https:\/\/paju.org\/fr\/?s={search_term_string}\"},\"query-input\":{\"@type\":\"PropertyValueSpecification\",\"valueRequired\":true,\"valueName\":\"search_term_string\"}}],\"inLanguage\":\"fr-FR\"},{\"@type\":\"Organization\",\"@id\":\"https:\/\/paju.org\/fr\/#organization\",\"name\":\"Palestinian and Jewish Unity\",\"url\":\"https:\/\/paju.org\/fr\/\",\"logo\":{\"@type\":\"ImageObject\",\"inLanguage\":\"fr-FR\",\"@id\":\"https:\/\/paju.org\/fr\/#\/schema\/logo\/image\/\",\"url\":\"https:\/\/paju.org\/wp-content\/uploads\/PAJU-Logo.png\",\"contentUrl\":\"https:\/\/paju.org\/wp-content\/uploads\/PAJU-Logo.png\",\"width\":696,\"height\":293,\"caption\":\"Palestinian and Jewish Unity\"},\"image\":{\"@id\":\"https:\/\/paju.org\/fr\/#\/schema\/logo\/image\/\"},\"sameAs\":[\"https:\/\/www.facebook.com\/pajumontreal\",\"https:\/\/www.instagram.com\/pajumontreal\/\"]},{\"@type\":\"Person\",\"@id\":\"https:\/\/paju.org\/fr\/#\/schema\/person\/6d8aed1579a1f4a97e1c552a5f2a891d\",\"name\":\"Bruce Katz\",\"image\":{\"@type\":\"ImageObject\",\"inLanguage\":\"fr-FR\",\"@id\":\"https:\/\/paju.org\/fr\/#\/schema\/person\/image\/\",\"url\":\"https:\/\/secure.gravatar.com\/avatar\/4c65b2117dbb672d0bda009f0367a4721c9271f1f68b1747fb53d7333079d0f1?s=96&d=mm&r=g\",\"contentUrl\":\"https:\/\/secure.gravatar.com\/avatar\/4c65b2117dbb672d0bda009f0367a4721c9271f1f68b1747fb53d7333079d0f1?s=96&d=mm&r=g\",\"caption\":\"Bruce Katz\"},\"url\":\"https:\/\/paju.org\/fr\/author\/chadi\/\"}]}<\/script>\n<!-- \/ Yoast SEO plugin. -->","yoast_head_json":{"title":"Le Times of Israel publie et supprime rapidement un article appelant \u00e0 \u00abl'effacement de la Palestine\u00bb - PAJU","robots":{"index":"index","follow":"follow","max-snippet":"max-snippet:-1","max-image-preview":"max-image-preview:large","max-video-preview":"max-video-preview:-1"},"canonical":"https:\/\/paju.org\/fr\/le-times-of-israel-publie-et-supprime-rapidement-un-article-appelant-a-leffacement-de-la-palestine\/","og_locale":"fr_FR","og_type":"article","og_title":"Le Times of Israel publie et supprime rapidement un article appelant \u00e0 \u00abl'effacement de la Palestine\u00bb - PAJU","og_description":"Le Times of Israel publie et supprime rapidement un article appelant \u00e0 \u00abl&#8217;effacement de la Palestine\u00bb Le message incendiaire est r\u00e9v\u00e9lateur des appels croissants de la soci\u00e9t\u00e9 isra\u00e9lienne \u00e0 r\u00e9p\u00e9ter [&hellip;]","og_site_name":"PAJU","article_publisher":"https:\/\/www.facebook.com\/pajumontreal","article_published_time":"2023-05-27T19:38:12+00:00","article_modified_time":"2023-05-27T19:41:33+00:00","og_image":[{"width":1280,"height":801,"url":"https:\/\/paju.org\/wp-content\/uploads\/2023\/05\/ronen.jpg-The-Times-of-Israel-Obliteration-of-Palestinians.jpg","type":"image\/jpeg"}],"author":"Bruce Katz","twitter_card":"summary_large_image","twitter_misc":{"\u00c9crit par":"Bruce Katz","Dur\u00e9e de lecture estim\u00e9e":"6 minutes"},"schema":{"@context":"https:\/\/schema.org","@graph":[{"@type":"Article","@id":"https:\/\/paju.org\/fr\/le-times-of-israel-publie-et-supprime-rapidement-un-article-appelant-a-leffacement-de-la-palestine\/#article","isPartOf":{"@id":"https:\/\/paju.org\/fr\/le-times-of-israel-publie-et-supprime-rapidement-un-article-appelant-a-leffacement-de-la-palestine\/"},"author":{"name":"Bruce Katz","@id":"https:\/\/paju.org\/fr\/#\/schema\/person\/6d8aed1579a1f4a97e1c552a5f2a891d"},"headline":"Le Times of Israel publie et supprime rapidement un article appelant \u00e0 \u00abl&#8217;effacement de la Palestine\u00bb","datePublished":"2023-05-27T19:38:12+00:00","dateModified":"2023-05-27T19:41:33+00:00","mainEntityOfPage":{"@id":"https:\/\/paju.org\/fr\/le-times-of-israel-publie-et-supprime-rapidement-un-article-appelant-a-leffacement-de-la-palestine\/"},"wordCount":1322,"publisher":{"@id":"https:\/\/paju.org\/fr\/#organization"},"image":{"@id":"https:\/\/paju.org\/fr\/le-times-of-israel-publie-et-supprime-rapidement-un-article-appelant-a-leffacement-de-la-palestine\/#primaryimage"},"thumbnailUrl":"https:\/\/paju.org\/wp-content\/uploads\/2023\/05\/ronen.jpg-The-Times-of-Israel-Obliteration-of-Palestinians.jpg","articleSection":["Notre bulletin"],"inLanguage":"fr-FR"},{"@type":"WebPage","@id":"https:\/\/paju.org\/fr\/le-times-of-israel-publie-et-supprime-rapidement-un-article-appelant-a-leffacement-de-la-palestine\/","url":"https:\/\/paju.org\/fr\/le-times-of-israel-publie-et-supprime-rapidement-un-article-appelant-a-leffacement-de-la-palestine\/","name":"Le Times of Israel publie et supprime rapidement un article appelant \u00e0 \u00abl'effacement de la Palestine\u00bb - PAJU","isPartOf":{"@id":"https:\/\/paju.org\/fr\/#website"},"primaryImageOfPage":{"@id":"https:\/\/paju.org\/fr\/le-times-of-israel-publie-et-supprime-rapidement-un-article-appelant-a-leffacement-de-la-palestine\/#primaryimage"},"image":{"@id":"https:\/\/paju.org\/fr\/le-times-of-israel-publie-et-supprime-rapidement-un-article-appelant-a-leffacement-de-la-palestine\/#primaryimage"},"thumbnailUrl":"https:\/\/paju.org\/wp-content\/uploads\/2023\/05\/ronen.jpg-The-Times-of-Israel-Obliteration-of-Palestinians.jpg","datePublished":"2023-05-27T19:38:12+00:00","dateModified":"2023-05-27T19:41:33+00:00","breadcrumb":{"@id":"https:\/\/paju.org\/fr\/le-times-of-israel-publie-et-supprime-rapidement-un-article-appelant-a-leffacement-de-la-palestine\/#breadcrumb"},"inLanguage":"fr-FR","potentialAction":[{"@type":"ReadAction","target":["https:\/\/paju.org\/fr\/le-times-of-israel-publie-et-supprime-rapidement-un-article-appelant-a-leffacement-de-la-palestine\/"]}]},{"@type":"ImageObject","inLanguage":"fr-FR","@id":"https:\/\/paju.org\/fr\/le-times-of-israel-publie-et-supprime-rapidement-un-article-appelant-a-leffacement-de-la-palestine\/#primaryimage","url":"https:\/\/paju.org\/wp-content\/uploads\/2023\/05\/ronen.jpg-The-Times-of-Israel-Obliteration-of-Palestinians.jpg","contentUrl":"https:\/\/paju.org\/wp-content\/uploads\/2023\/05\/ronen.jpg-The-Times-of-Israel-Obliteration-of-Palestinians.jpg","width":1280,"height":801},{"@type":"BreadcrumbList","@id":"https:\/\/paju.org\/fr\/le-times-of-israel-publie-et-supprime-rapidement-un-article-appelant-a-leffacement-de-la-palestine\/#breadcrumb","itemListElement":[{"@type":"ListItem","position":1,"name":"Home","item":"https:\/\/paju.org\/fr\/"},{"@type":"ListItem","position":2,"name":"Le Times of Israel publie et supprime rapidement un article appelant \u00e0 \u00abl&#8217;effacement de la Palestine\u00bb"}]},{"@type":"WebSite","@id":"https:\/\/paju.org\/fr\/#website","url":"https:\/\/paju.org\/fr\/","name":"PAJU","description":"","publisher":{"@id":"https:\/\/paju.org\/fr\/#organization"},"potentialAction":[{"@type":"SearchAction","target":{"@type":"EntryPoint","urlTemplate":"https:\/\/paju.org\/fr\/?s={search_term_string}"},"query-input":{"@type":"PropertyValueSpecification","valueRequired":true,"valueName":"search_term_string"}}],"inLanguage":"fr-FR"},{"@type":"Organization","@id":"https:\/\/paju.org\/fr\/#organization","name":"Palestinian and Jewish Unity","url":"https:\/\/paju.org\/fr\/","logo":{"@type":"ImageObject","inLanguage":"fr-FR","@id":"https:\/\/paju.org\/fr\/#\/schema\/logo\/image\/","url":"https:\/\/paju.org\/wp-content\/uploads\/PAJU-Logo.png","contentUrl":"https:\/\/paju.org\/wp-content\/uploads\/PAJU-Logo.png","width":696,"height":293,"caption":"Palestinian and Jewish Unity"},"image":{"@id":"https:\/\/paju.org\/fr\/#\/schema\/logo\/image\/"},"sameAs":["https:\/\/www.facebook.com\/pajumontreal","https:\/\/www.instagram.com\/pajumontreal\/"]},{"@type":"Person","@id":"https:\/\/paju.org\/fr\/#\/schema\/person\/6d8aed1579a1f4a97e1c552a5f2a891d","name":"Bruce Katz","image":{"@type":"ImageObject","inLanguage":"fr-FR","@id":"https:\/\/paju.org\/fr\/#\/schema\/person\/image\/","url":"https:\/\/secure.gravatar.com\/avatar\/4c65b2117dbb672d0bda009f0367a4721c9271f1f68b1747fb53d7333079d0f1?s=96&d=mm&r=g","contentUrl":"https:\/\/secure.gravatar.com\/avatar\/4c65b2117dbb672d0bda009f0367a4721c9271f1f68b1747fb53d7333079d0f1?s=96&d=mm&r=g","caption":"Bruce Katz"},"url":"https:\/\/paju.org\/fr\/author\/chadi\/"}]}},"_links":{"self":[{"href":"https:\/\/paju.org\/fr\/wp-json\/wp\/v2\/posts\/248487","targetHints":{"allow":["GET"]}}],"collection":[{"href":"https:\/\/paju.org\/fr\/wp-json\/wp\/v2\/posts"}],"about":[{"href":"https:\/\/paju.org\/fr\/wp-json\/wp\/v2\/types\/post"}],"author":[{"embeddable":true,"href":"https:\/\/paju.org\/fr\/wp-json\/wp\/v2\/users\/4"}],"replies":[{"embeddable":true,"href":"https:\/\/paju.org\/fr\/wp-json\/wp\/v2\/comments?post=248487"}],"version-history":[{"count":2,"href":"https:\/\/paju.org\/fr\/wp-json\/wp\/v2\/posts\/248487\/revisions"}],"predecessor-version":[{"id":248490,"href":"https:\/\/paju.org\/fr\/wp-json\/wp\/v2\/posts\/248487\/revisions\/248490"}],"wp:featuredmedia":[{"embeddable":true,"href":"https:\/\/paju.org\/fr\/wp-json\/wp\/v2\/media\/248483"}],"wp:attachment":[{"href":"https:\/\/paju.org\/fr\/wp-json\/wp\/v2\/media?parent=248487"}],"wp:term":[{"taxonomy":"category","embeddable":true,"href":"https:\/\/paju.org\/fr\/wp-json\/wp\/v2\/categories?post=248487"},{"taxonomy":"post_tag","embeddable":true,"href":"https:\/\/paju.org\/fr\/wp-json\/wp\/v2\/tags?post=248487"}],"curies":[{"name":"wp","href":"https:\/\/api.w.org\/{rel}","templated":true}]}}