{"id":248357,"date":"2023-05-17T12:24:35","date_gmt":"2023-05-17T16:24:35","guid":{"rendered":"https:\/\/paju.org\/?p=248357"},"modified":"2023-05-17T12:24:41","modified_gmt":"2023-05-17T16:24:41","slug":"israel-threatens-violence-if-flag-march-disrupted","status":"publish","type":"post","link":"https:\/\/paju.org\/fr\/israel-threatens-violence-if-flag-march-disrupted\/","title":{"rendered":"Israel threatens violence if \u2018Flag March\u2019 disrupted"},"content":{"rendered":"\n<p>Israel threatens violence if \u2018Flag March\u2019 disrupted<\/p>\n\n\n\n<p>In an interview with Channel 14 on Monday evening, Israeli Prime Minister Benjamin Netanyahu vowed that Israel would assassinate anybody who poses a threat to the upcoming&nbsp;<a href=\"https:\/\/www.timesofisrael.com\/netanyahu-vows-contentious-jerusalem-flag-march-will-again-go-through-muslim-quarter\/\">flag march<\/a>&nbsp;in occupied Jerusalem this week.<\/p>\n\n\n\n<p>\u201cWe carried out assassinations not only in the Gaza Strip, but also in other places,\u201d the prime minister told the Hebrew outlet, adding that \u201cwhoever provokes us on Jerusalem Day \u2013 his blood will be spilled.\u201d<\/p>\n\n\n\n<p>\u201cWe carried out assassinations in several arenas. All I can say is that we will not back down from this policy, but we will implement it at the appropriate time,\u201d he added.<\/p>\n\n\n\n<p>Netanyahu\u2019s comments come despite the fact that Israel was said to have agreed to the resistance\u2019s main term for the&nbsp;<a href=\"https:\/\/thecradle.co\/article-view\/24761\">ceasefire<\/a>&nbsp;announced on Saturday evening, an end to the Israeli \u2018assassination policy\u2019 against leaders of the Palestinian Islamic Jihad (PIJ) movement and other groups.<\/p>\n\n\n\n<p>However, contradicting the alleged Egyptian, Qatari, and UN-drafted truce document \u2013 Israeli officials continue to claim that they made no such agreement.<\/p>\n\n\n\n<p>\u201cWe will have zero tolerance for those who launch attacks against [us] \u2026 we will take direct and very painful measures directly against the heads of all organizations,\u201d Netanyahu said.<\/p>\n\n\n\n<p>Earlier on Monday, a member of Netanyahu\u2019s government, Intelligence Minister Yisrael Katz, said: \u201cThe&nbsp;<a href=\"https:\/\/thecradle.co\/article-view\/24768\">march<\/a>&nbsp;of the flags will take place, as usual, every year without change, and that any organization that tries to harm it and fire missiles at us to prevent it, all its leaders will be on the elimination table, as we did with Islamic Jihad.\u201d<\/p>\n\n\n\n<p>This came after Palestinian sources told&nbsp;<a href=\"https:\/\/www.al-akhbar.com\/Palestine\/362614\/%D8%AB%D8%A3%D8%B1-%D8%A7%D9%84%D8%A3%D8%AD%D8%B1%D8%A7%D8%B1-%D8%AA%D8%AB%D9%85%D8%B1-%D8%A7%D8%AA%D9%81%D8%A7%D9%82%D8%A7-%D9%85%D8%AA%D9%86%D8%A7%D8%B3%D8%A8%D8%A7-%D8%A7%D9%84%D9%85%D9%82%D8%A7%D9%88%D9%85%D8%A9-%D9%81%D9%8A-%D8%A7%D9%84%D9%8A%D9%88%D9%85-%D8%A7%D9%84%D8%AA%D8%A7%D9%84%D9%8A-%D8%A7%D9%84%D8%B9%D9%8A%D9%86-%D8%B9%D9%84%D9%89-%D8%A7%D9%84%D9%82%D8%AF\"><em>Al-Akhbar<\/em><\/a>&nbsp;daily that \u2013 while a change in the course of the flag march was not included in the ceasefire terms as the PIJ had initially announced \u2013 the&nbsp;<a href=\"https:\/\/thecradle.co\/article-view\/24836\">resistance<\/a>&nbsp;would be keeping a watchful eye over Jerusalem and would respond appropriately to any provocation by \u201cthe occupation government and its extremists\u201d during the flag march.<\/p>\n\n\n\n<p>A journalist with close ties to Hamas, Mustafa al-Sawwaf, told&nbsp;<em>Al-Akhbar<\/em>&nbsp;that \u201cthings will turn upside down\u201d if Israel goes ahead with Thursday\u2019s ultra-nationalist march as planned.<\/p>\n\n\n\n<p>Every year, the flag march falls on \u2018Jerusalem Day,\u2019 during which Israelis commemorate the illegal annexation of east Jerusalem during the 1967 war. The march is highly&nbsp;<a href=\"https:\/\/www.newarab.com\/news\/what-israels-flag-march-and-why-it-controversial\">provocative<\/a>&nbsp;given that it passes through the Muslim quarters of Jerusalem\u2019s Old City where&nbsp;<a href=\"https:\/\/thecradle.co\/Article\/news\/23302\">Al-Aqsa<\/a>&nbsp;Mosque compound is located \u2013 with Israelis carrying their flags and chanting racist and derogatory slogans.<\/p>\n\n\n\n<p>Acts of violence against Palestinians by settlers and accompanying Israeli troops are highly common throughout the annual flag march. During last year\u2019s flag march, over 160 Palestinians were injured by Israeli troops and settlers.<\/p>\n\n\n\n<p>Israel\u2019s National Security Minister Itamar Ben Gvir \u2013 known for storming Al-Aqsa Mosque and aiming pistols at Palestinians in the street \u2013 will be attending the flag march.<\/p>\n\n\n\n<p><a href=\"https:\/\/thecradle.co\/article-view\/24853\/israel-threatens-violence-if-flag-march-disrupted\">Israel threatens violence if \u2018Flag March\u2019 disrupted (thecradle.co)<\/a><\/p>\n","protected":false},"excerpt":{"rendered":"<p>Israel threatens violence if \u2018Flag March\u2019 disrupted In an interview with Channel 14 on Monday evening, Israeli Prime Minister Benjamin Netanyahu vowed that Israel would assassinate anybody who poses a [&hellip;]<\/p>\n","protected":false},"author":4,"featured_media":248358,"comment_status":"closed","ping_status":"closed","sticky":false,"template":"","format":"standard","meta":{"_acf_changed":false,"_et_pb_use_builder":"","_et_pb_old_content":"","_et_gb_content_width":"","footnotes":""},"categories":[95],"tags":[],"class_list":["post-248357","post","type-post","status-publish","format-standard","has-post-thumbnail","hentry","category-articles-en"],"acf":[],"yoast_head":"<!-- This site is optimized with the Yoast SEO plugin v27.5 - https:\/\/yoast.com\/product\/yoast-seo-wordpress\/ -->\n<title>Israel threatens violence if \u2018Flag March\u2019 disrupted - PAJU<\/title>\n<meta name=\"robots\" content=\"index, follow, max-snippet:-1, max-image-preview:large, max-video-preview:-1\" \/>\n<link rel=\"canonical\" href=\"https:\/\/paju.org\/fr\/israel-threatens-violence-if-flag-march-disrupted\/\" \/>\n<meta property=\"og:locale\" content=\"fr_FR\" \/>\n<meta property=\"og:type\" content=\"article\" \/>\n<meta property=\"og:title\" content=\"Israel threatens violence if \u2018Flag March\u2019 disrupted - PAJU\" \/>\n<meta property=\"og:description\" content=\"Israel threatens violence if \u2018Flag March\u2019 disrupted In an interview with Channel 14 on Monday evening, Israeli Prime Minister Benjamin Netanyahu vowed that Israel would assassinate anybody who poses a [&hellip;]\" \/>\n<meta property=\"og:site_name\" content=\"PAJU\" \/>\n<meta property=\"article:publisher\" content=\"https:\/\/www.facebook.com\/pajumontreal\" \/>\n<meta property=\"article:published_time\" content=\"2023-05-17T16:24:35+00:00\" \/>\n<meta property=\"article:modified_time\" content=\"2023-05-17T16:24:41+00:00\" \/>\n<meta property=\"og:image\" content=\"https:\/\/paju.org\/wp-content\/uploads\/2023\/05\/AP22149455185799.jpg-Israeli-extremists-under-the-protection-of-occupation-troops-assault-Palestinians.jpg\" \/>\n\t<meta property=\"og:image:width\" content=\"2048\" \/>\n\t<meta property=\"og:image:height\" content=\"1152\" \/>\n\t<meta property=\"og:image:type\" content=\"image\/jpeg\" \/>\n<meta name=\"author\" content=\"Bruce Katz\" \/>\n<meta name=\"twitter:card\" content=\"summary_large_image\" \/>\n<meta name=\"twitter:label1\" content=\"\u00c9crit par\" \/>\n\t<meta name=\"twitter:data1\" content=\"Bruce Katz\" \/>\n\t<meta name=\"twitter:label2\" content=\"Dur\u00e9e de lecture estim\u00e9e\" \/>\n\t<meta name=\"twitter:data2\" content=\"3 minutes\" \/>\n<script type=\"application\/ld+json\" class=\"yoast-schema-graph\">{\"@context\":\"https:\\\/\\\/schema.org\",\"@graph\":[{\"@type\":\"Article\",\"@id\":\"https:\\\/\\\/paju.org\\\/fr\\\/israel-threatens-violence-if-flag-march-disrupted\\\/#article\",\"isPartOf\":{\"@id\":\"https:\\\/\\\/paju.org\\\/fr\\\/israel-threatens-violence-if-flag-march-disrupted\\\/\"},\"author\":{\"name\":\"Bruce Katz\",\"@id\":\"https:\\\/\\\/paju.org\\\/fr\\\/#\\\/schema\\\/person\\\/6d8aed1579a1f4a97e1c552a5f2a891d\"},\"headline\":\"Israel threatens violence if \u2018Flag March\u2019 disrupted\",\"datePublished\":\"2023-05-17T16:24:35+00:00\",\"dateModified\":\"2023-05-17T16:24:41+00:00\",\"mainEntityOfPage\":{\"@id\":\"https:\\\/\\\/paju.org\\\/fr\\\/israel-threatens-violence-if-flag-march-disrupted\\\/\"},\"wordCount\":501,\"publisher\":{\"@id\":\"https:\\\/\\\/paju.org\\\/fr\\\/#organization\"},\"image\":{\"@id\":\"https:\\\/\\\/paju.org\\\/fr\\\/israel-threatens-violence-if-flag-march-disrupted\\\/#primaryimage\"},\"thumbnailUrl\":\"https:\\\/\\\/paju.org\\\/wp-content\\\/uploads\\\/2023\\\/05\\\/AP22149455185799.jpg-Israeli-extremists-under-the-protection-of-occupation-troops-assault-Palestinians.jpg\",\"articleSection\":[\"Features\"],\"inLanguage\":\"fr-FR\"},{\"@type\":\"WebPage\",\"@id\":\"https:\\\/\\\/paju.org\\\/fr\\\/israel-threatens-violence-if-flag-march-disrupted\\\/\",\"url\":\"https:\\\/\\\/paju.org\\\/fr\\\/israel-threatens-violence-if-flag-march-disrupted\\\/\",\"name\":\"Israel threatens violence if \u2018Flag March\u2019 disrupted - PAJU\",\"isPartOf\":{\"@id\":\"https:\\\/\\\/paju.org\\\/fr\\\/#website\"},\"primaryImageOfPage\":{\"@id\":\"https:\\\/\\\/paju.org\\\/fr\\\/israel-threatens-violence-if-flag-march-disrupted\\\/#primaryimage\"},\"image\":{\"@id\":\"https:\\\/\\\/paju.org\\\/fr\\\/israel-threatens-violence-if-flag-march-disrupted\\\/#primaryimage\"},\"thumbnailUrl\":\"https:\\\/\\\/paju.org\\\/wp-content\\\/uploads\\\/2023\\\/05\\\/AP22149455185799.jpg-Israeli-extremists-under-the-protection-of-occupation-troops-assault-Palestinians.jpg\",\"datePublished\":\"2023-05-17T16:24:35+00:00\",\"dateModified\":\"2023-05-17T16:24:41+00:00\",\"breadcrumb\":{\"@id\":\"https:\\\/\\\/paju.org\\\/fr\\\/israel-threatens-violence-if-flag-march-disrupted\\\/#breadcrumb\"},\"inLanguage\":\"fr-FR\",\"potentialAction\":[{\"@type\":\"ReadAction\",\"target\":[\"https:\\\/\\\/paju.org\\\/fr\\\/israel-threatens-violence-if-flag-march-disrupted\\\/\"]}]},{\"@type\":\"ImageObject\",\"inLanguage\":\"fr-FR\",\"@id\":\"https:\\\/\\\/paju.org\\\/fr\\\/israel-threatens-violence-if-flag-march-disrupted\\\/#primaryimage\",\"url\":\"https:\\\/\\\/paju.org\\\/wp-content\\\/uploads\\\/2023\\\/05\\\/AP22149455185799.jpg-Israeli-extremists-under-the-protection-of-occupation-troops-assault-Palestinians.jpg\",\"contentUrl\":\"https:\\\/\\\/paju.org\\\/wp-content\\\/uploads\\\/2023\\\/05\\\/AP22149455185799.jpg-Israeli-extremists-under-the-protection-of-occupation-troops-assault-Palestinians.jpg\",\"width\":2048,\"height\":1152,\"caption\":\"Israel Palestinians\"},{\"@type\":\"BreadcrumbList\",\"@id\":\"https:\\\/\\\/paju.org\\\/fr\\\/israel-threatens-violence-if-flag-march-disrupted\\\/#breadcrumb\",\"itemListElement\":[{\"@type\":\"ListItem\",\"position\":1,\"name\":\"Home\",\"item\":\"https:\\\/\\\/paju.org\\\/fr\\\/\"},{\"@type\":\"ListItem\",\"position\":2,\"name\":\"Israel threatens violence if \u2018Flag March\u2019 disrupted\"}]},{\"@type\":\"WebSite\",\"@id\":\"https:\\\/\\\/paju.org\\\/fr\\\/#website\",\"url\":\"https:\\\/\\\/paju.org\\\/fr\\\/\",\"name\":\"PAJU\",\"description\":\"\",\"publisher\":{\"@id\":\"https:\\\/\\\/paju.org\\\/fr\\\/#organization\"},\"potentialAction\":[{\"@type\":\"SearchAction\",\"target\":{\"@type\":\"EntryPoint\",\"urlTemplate\":\"https:\\\/\\\/paju.org\\\/fr\\\/?s={search_term_string}\"},\"query-input\":{\"@type\":\"PropertyValueSpecification\",\"valueRequired\":true,\"valueName\":\"search_term_string\"}}],\"inLanguage\":\"fr-FR\"},{\"@type\":\"Organization\",\"@id\":\"https:\\\/\\\/paju.org\\\/fr\\\/#organization\",\"name\":\"Palestinian and Jewish Unity\",\"url\":\"https:\\\/\\\/paju.org\\\/fr\\\/\",\"logo\":{\"@type\":\"ImageObject\",\"inLanguage\":\"fr-FR\",\"@id\":\"https:\\\/\\\/paju.org\\\/fr\\\/#\\\/schema\\\/logo\\\/image\\\/\",\"url\":\"https:\\\/\\\/paju.org\\\/wp-content\\\/uploads\\\/PAJU-Logo.png\",\"contentUrl\":\"https:\\\/\\\/paju.org\\\/wp-content\\\/uploads\\\/PAJU-Logo.png\",\"width\":696,\"height\":293,\"caption\":\"Palestinian and Jewish Unity\"},\"image\":{\"@id\":\"https:\\\/\\\/paju.org\\\/fr\\\/#\\\/schema\\\/logo\\\/image\\\/\"},\"sameAs\":[\"https:\\\/\\\/www.facebook.com\\\/pajumontreal\",\"https:\\\/\\\/www.instagram.com\\\/pajumontreal\\\/\"]},{\"@type\":\"Person\",\"@id\":\"https:\\\/\\\/paju.org\\\/fr\\\/#\\\/schema\\\/person\\\/6d8aed1579a1f4a97e1c552a5f2a891d\",\"name\":\"Bruce Katz\",\"image\":{\"@type\":\"ImageObject\",\"inLanguage\":\"fr-FR\",\"@id\":\"https:\\\/\\\/secure.gravatar.com\\\/avatar\\\/4c65b2117dbb672d0bda009f0367a4721c9271f1f68b1747fb53d7333079d0f1?s=96&d=mm&r=g\",\"url\":\"https:\\\/\\\/secure.gravatar.com\\\/avatar\\\/4c65b2117dbb672d0bda009f0367a4721c9271f1f68b1747fb53d7333079d0f1?s=96&d=mm&r=g\",\"contentUrl\":\"https:\\\/\\\/secure.gravatar.com\\\/avatar\\\/4c65b2117dbb672d0bda009f0367a4721c9271f1f68b1747fb53d7333079d0f1?s=96&d=mm&r=g\",\"caption\":\"Bruce Katz\"},\"url\":\"https:\\\/\\\/paju.org\\\/fr\\\/author\\\/chadi\\\/\"}]}<\/script>\n<!-- \/ Yoast SEO plugin. -->","yoast_head_json":{"title":"Israel threatens violence if \u2018Flag March\u2019 disrupted - PAJU","robots":{"index":"index","follow":"follow","max-snippet":"max-snippet:-1","max-image-preview":"max-image-preview:large","max-video-preview":"max-video-preview:-1"},"canonical":"https:\/\/paju.org\/fr\/israel-threatens-violence-if-flag-march-disrupted\/","og_locale":"fr_FR","og_type":"article","og_title":"Israel threatens violence if \u2018Flag March\u2019 disrupted - PAJU","og_description":"Israel threatens violence if \u2018Flag March\u2019 disrupted In an interview with Channel 14 on Monday evening, Israeli Prime Minister Benjamin Netanyahu vowed that Israel would assassinate anybody who poses a [&hellip;]","og_site_name":"PAJU","article_publisher":"https:\/\/www.facebook.com\/pajumontreal","article_published_time":"2023-05-17T16:24:35+00:00","article_modified_time":"2023-05-17T16:24:41+00:00","og_image":[{"width":2048,"height":1152,"url":"https:\/\/paju.org\/wp-content\/uploads\/2023\/05\/AP22149455185799.jpg-Israeli-extremists-under-the-protection-of-occupation-troops-assault-Palestinians.jpg","type":"image\/jpeg"}],"author":"Bruce Katz","twitter_card":"summary_large_image","twitter_misc":{"\u00c9crit par":"Bruce Katz","Dur\u00e9e de lecture estim\u00e9e":"3 minutes"},"schema":{"@context":"https:\/\/schema.org","@graph":[{"@type":"Article","@id":"https:\/\/paju.org\/fr\/israel-threatens-violence-if-flag-march-disrupted\/#article","isPartOf":{"@id":"https:\/\/paju.org\/fr\/israel-threatens-violence-if-flag-march-disrupted\/"},"author":{"name":"Bruce Katz","@id":"https:\/\/paju.org\/fr\/#\/schema\/person\/6d8aed1579a1f4a97e1c552a5f2a891d"},"headline":"Israel threatens violence if \u2018Flag March\u2019 disrupted","datePublished":"2023-05-17T16:24:35+00:00","dateModified":"2023-05-17T16:24:41+00:00","mainEntityOfPage":{"@id":"https:\/\/paju.org\/fr\/israel-threatens-violence-if-flag-march-disrupted\/"},"wordCount":501,"publisher":{"@id":"https:\/\/paju.org\/fr\/#organization"},"image":{"@id":"https:\/\/paju.org\/fr\/israel-threatens-violence-if-flag-march-disrupted\/#primaryimage"},"thumbnailUrl":"https:\/\/paju.org\/wp-content\/uploads\/2023\/05\/AP22149455185799.jpg-Israeli-extremists-under-the-protection-of-occupation-troops-assault-Palestinians.jpg","articleSection":["Features"],"inLanguage":"fr-FR"},{"@type":"WebPage","@id":"https:\/\/paju.org\/fr\/israel-threatens-violence-if-flag-march-disrupted\/","url":"https:\/\/paju.org\/fr\/israel-threatens-violence-if-flag-march-disrupted\/","name":"Israel threatens violence if \u2018Flag March\u2019 disrupted - PAJU","isPartOf":{"@id":"https:\/\/paju.org\/fr\/#website"},"primaryImageOfPage":{"@id":"https:\/\/paju.org\/fr\/israel-threatens-violence-if-flag-march-disrupted\/#primaryimage"},"image":{"@id":"https:\/\/paju.org\/fr\/israel-threatens-violence-if-flag-march-disrupted\/#primaryimage"},"thumbnailUrl":"https:\/\/paju.org\/wp-content\/uploads\/2023\/05\/AP22149455185799.jpg-Israeli-extremists-under-the-protection-of-occupation-troops-assault-Palestinians.jpg","datePublished":"2023-05-17T16:24:35+00:00","dateModified":"2023-05-17T16:24:41+00:00","breadcrumb":{"@id":"https:\/\/paju.org\/fr\/israel-threatens-violence-if-flag-march-disrupted\/#breadcrumb"},"inLanguage":"fr-FR","potentialAction":[{"@type":"ReadAction","target":["https:\/\/paju.org\/fr\/israel-threatens-violence-if-flag-march-disrupted\/"]}]},{"@type":"ImageObject","inLanguage":"fr-FR","@id":"https:\/\/paju.org\/fr\/israel-threatens-violence-if-flag-march-disrupted\/#primaryimage","url":"https:\/\/paju.org\/wp-content\/uploads\/2023\/05\/AP22149455185799.jpg-Israeli-extremists-under-the-protection-of-occupation-troops-assault-Palestinians.jpg","contentUrl":"https:\/\/paju.org\/wp-content\/uploads\/2023\/05\/AP22149455185799.jpg-Israeli-extremists-under-the-protection-of-occupation-troops-assault-Palestinians.jpg","width":2048,"height":1152,"caption":"Israel Palestinians"},{"@type":"BreadcrumbList","@id":"https:\/\/paju.org\/fr\/israel-threatens-violence-if-flag-march-disrupted\/#breadcrumb","itemListElement":[{"@type":"ListItem","position":1,"name":"Home","item":"https:\/\/paju.org\/fr\/"},{"@type":"ListItem","position":2,"name":"Israel threatens violence if \u2018Flag March\u2019 disrupted"}]},{"@type":"WebSite","@id":"https:\/\/paju.org\/fr\/#website","url":"https:\/\/paju.org\/fr\/","name":"PAJU","description":"","publisher":{"@id":"https:\/\/paju.org\/fr\/#organization"},"potentialAction":[{"@type":"SearchAction","target":{"@type":"EntryPoint","urlTemplate":"https:\/\/paju.org\/fr\/?s={search_term_string}"},"query-input":{"@type":"PropertyValueSpecification","valueRequired":true,"valueName":"search_term_string"}}],"inLanguage":"fr-FR"},{"@type":"Organization","@id":"https:\/\/paju.org\/fr\/#organization","name":"Palestinian and Jewish Unity","url":"https:\/\/paju.org\/fr\/","logo":{"@type":"ImageObject","inLanguage":"fr-FR","@id":"https:\/\/paju.org\/fr\/#\/schema\/logo\/image\/","url":"https:\/\/paju.org\/wp-content\/uploads\/PAJU-Logo.png","contentUrl":"https:\/\/paju.org\/wp-content\/uploads\/PAJU-Logo.png","width":696,"height":293,"caption":"Palestinian and Jewish Unity"},"image":{"@id":"https:\/\/paju.org\/fr\/#\/schema\/logo\/image\/"},"sameAs":["https:\/\/www.facebook.com\/pajumontreal","https:\/\/www.instagram.com\/pajumontreal\/"]},{"@type":"Person","@id":"https:\/\/paju.org\/fr\/#\/schema\/person\/6d8aed1579a1f4a97e1c552a5f2a891d","name":"Bruce Katz","image":{"@type":"ImageObject","inLanguage":"fr-FR","@id":"https:\/\/secure.gravatar.com\/avatar\/4c65b2117dbb672d0bda009f0367a4721c9271f1f68b1747fb53d7333079d0f1?s=96&d=mm&r=g","url":"https:\/\/secure.gravatar.com\/avatar\/4c65b2117dbb672d0bda009f0367a4721c9271f1f68b1747fb53d7333079d0f1?s=96&d=mm&r=g","contentUrl":"https:\/\/secure.gravatar.com\/avatar\/4c65b2117dbb672d0bda009f0367a4721c9271f1f68b1747fb53d7333079d0f1?s=96&d=mm&r=g","caption":"Bruce Katz"},"url":"https:\/\/paju.org\/fr\/author\/chadi\/"}]}},"_links":{"self":[{"href":"https:\/\/paju.org\/fr\/wp-json\/wp\/v2\/posts\/248357","targetHints":{"allow":["GET"]}}],"collection":[{"href":"https:\/\/paju.org\/fr\/wp-json\/wp\/v2\/posts"}],"about":[{"href":"https:\/\/paju.org\/fr\/wp-json\/wp\/v2\/types\/post"}],"author":[{"embeddable":true,"href":"https:\/\/paju.org\/fr\/wp-json\/wp\/v2\/users\/4"}],"replies":[{"embeddable":true,"href":"https:\/\/paju.org\/fr\/wp-json\/wp\/v2\/comments?post=248357"}],"version-history":[{"count":1,"href":"https:\/\/paju.org\/fr\/wp-json\/wp\/v2\/posts\/248357\/revisions"}],"predecessor-version":[{"id":248361,"href":"https:\/\/paju.org\/fr\/wp-json\/wp\/v2\/posts\/248357\/revisions\/248361"}],"wp:featuredmedia":[{"embeddable":true,"href":"https:\/\/paju.org\/fr\/wp-json\/wp\/v2\/media\/248358"}],"wp:attachment":[{"href":"https:\/\/paju.org\/fr\/wp-json\/wp\/v2\/media?parent=248357"}],"wp:term":[{"taxonomy":"category","embeddable":true,"href":"https:\/\/paju.org\/fr\/wp-json\/wp\/v2\/categories?post=248357"},{"taxonomy":"post_tag","embeddable":true,"href":"https:\/\/paju.org\/fr\/wp-json\/wp\/v2\/tags?post=248357"}],"curies":[{"name":"wp","href":"https:\/\/api.w.org\/{rel}","templated":true}]}}