{"id":248110,"date":"2022-11-04T19:08:09","date_gmt":"2022-11-04T23:08:09","guid":{"rendered":"https:\/\/paju.org\/?p=248110"},"modified":"2023-05-01T19:19:47","modified_gmt":"2023-05-01T23:19:47","slug":"un-responsable-israelien-suggere-dimposer-une-amende-aux-palestiniens-pour-avoir-plus-de-quatre-enfants","status":"publish","type":"post","link":"https:\/\/paju.org\/fr\/un-responsable-israelien-suggere-dimposer-une-amende-aux-palestiniens-pour-avoir-plus-de-quatre-enfants\/","title":{"rendered":"Un responsable isra\u00e9lien sugg\u00e8re d&#8217;imposer une amende aux Palestiniens pour avoir plus de quatre enfants"},"content":{"rendered":"\n<p><strong>Un responsable isra\u00e9lien sugg\u00e8re d&#8217;imposer une amende aux Palestiniens pour avoir plus de quatre enfants<\/strong><\/p>\n\n\n\n<p><em>Les remarques de Sahar ont envoy\u00e9 une onde de choc dans la communaut\u00e9 m\u00e9dicale palestinienne en Isra\u00ebl<\/em><\/p>\n\n\n\n<p>Le chef de la chirurgie cardio-thoracique du centre m\u00e9dical Soroka \u00e0 Beersheba, le professeur Gideon Sahar, a \u00e9t\u00e9 vivement critiqu\u00e9 le 24 octobre, apr\u00e8s avoir fait part de ses inqui\u00e9tudes concernant le taux de natalit\u00e9 \u00e9lev\u00e9 parmi la population b\u00e9douine lors d&#8217;une r\u00e9union entre factions dans le sud d&#8217;Omer avec le ministre de l&#8217;Int\u00e9rieur Ayelet Secou\u00e9, selon <em>Middle East Eye<\/em>.<\/p>\n\n\n\n<p>\u00ab D&#8217;une part, nous comprenons que le taux de natalit\u00e9 est d\u00e9cisif \u2013 le ventre arabe ; et d&#8217;autre part, nous l&#8217;encourageons avec toutes les allocations familiales. C&#8217;est pourquoi je pense qu&#8217;il faut envisager une allocation pour enfant qui soit r\u00e9gressive : le premier enfant en re\u00e7oit une, le deuxi\u00e8me enfant en re\u00e7oit une, peut-\u00eatre le troisi\u00e8me enfant ; le quatri\u00e8me enfant ne le fait pas, et le cinqui\u00e8me enfant d\u00e9clenche peut-\u00eatre une amende. Nous devons trouver quelque chose \u00bb, a d\u00e9clar\u00e9 le professeur Gideon Sahar.<\/p>\n\n\n\n<p>Sahar a sugg\u00e9r\u00e9 d&#8217;imposer une amende aux familles b\u00e9douines \u00e0 la naissance d&#8217;un cinqui\u00e8me enfant. Shaked a r\u00e9pondu qu&#8217;une telle politique \u00ab ne fonctionnera pas \u00bb, citant son programme de lutte contre la polygamie au sein de la communaut\u00e9 b\u00e9douine, dans lequel \u00ab l&#8217;occidentalisation \u00bb encourage les femmes \u00e0 avoir moins d&#8217;enfants.<\/p>\n\n\n\n<p>\u00abLa meilleure solution serait simplement de les occidentaliser, d&#8217;\u00e9manciper les femmes b\u00e9douines\u00bb, a-t-elle d\u00e9clar\u00e9. \u00abPlus ils \u00e9tudient et plus ils travaillent, plus ils vivront une vie occidentale &#8211; et dans cette vie, il y aura moins de place pour les enfants. \u00bb<\/p>\n\n\n\n<p>D&#8217;autre part, un groupe repr\u00e9sentant les m\u00e9decins arabes du Naqab a d\u00e9pos\u00e9 une plainte officielle aupr\u00e8s de l&#8217;administration de l&#8217;h\u00f4pital de Soroka, exprimant son indignation face \u00e0 la description par Sahar des Palestiniens et du \u00ab ventre arabe \u00bb comme \u00ab probl\u00e9matiques \u00bb, selon <em>Middle East Eye<\/em>.<\/p>\n\n\n\n<p>L&#8217;Association des m\u00e9decins arabes du N\u00e9guev a exig\u00e9 que Sahar soit \u00ablimog\u00e9 imm\u00e9diatement\u00bb. Dans une lettre, le groupe a d\u00e9clar\u00e9 que \u00abquiconque consid\u00e8re le \u00abventre des femmes arabes\u00bb comme une menace n&#8217;a pas sa place dans le syst\u00e8me de sant\u00e9 et qu&#8217;il ne devrait en aucun cas \u00eatre en mesure de prendre en charge les probl\u00e8mes cardiaques des Arabes\u00bb.<\/p>\n\n\n\n<p>Entre-temps, un rapport publi\u00e9 le 18 octobre par le <a href=\"https:\/\/thecradle.co\/Article\/News\/17110\">rapporteur sp\u00e9cial<\/a> de l&#8217;ONU sur les droits de l&#8217;homme dans les territoires palestiniens occup\u00e9s, a recommand\u00e9 que les <a href=\"https:\/\/thecradle.co\/Article\/News\/17110\">\u00c9tats membres de l&#8217;ONU<\/a> \u00e9laborent \u00abun plan pour mettre fin \u00e0 l&#8217;occupation coloniale isra\u00e9lienne et au r\u00e9gime d&#8217;apartheid\u00bb.<\/p>\n\n\n\n<p>\u00ab La r\u00e9alisation du droit inali\u00e9nable du peuple palestinien \u00e0 l&#8217;autod\u00e9termination n\u00e9cessite le d\u00e9mant\u00e8lement d\u00e9finitif de l&#8217;occupation coloniale et des pratiques d&#8217;apartheid d&#8217;Isra\u00ebl \u00bb, a \u00e9crit <a href=\"https:\/\/thecradle.co\/Article\/News\/17110\">Francesca Albanese<\/a>, rapporteuse sp\u00e9ciale de l&#8217;ONU.<\/p>\n\n\n\n<p>Selon le rapport, pr\u00e8s de <a href=\"https:\/\/thecradle.co\/Article\/News\/17110\">4 500 Palestiniens<\/a> sont actuellement d\u00e9tenus, dont 730 sont d\u00e9tenus sans inculpation et en grande partie sur la base de preuves secr\u00e8tes, tandis que des enfants aussi jeunes que 12 ans sont soumis \u00e0 des arrestations et des mesures de d\u00e9tention arbitraires &#8211; entre 500 et 700 mineurs sont d\u00e9tenus par le gouvernement isra\u00e9lien chaque ann\u00e9e.<\/p>\n\n\n\n<p><strong>Source&nbsp;:<\/strong> <a href=\"https:\/\/thecradle.co\/Article\/News\/17510\">https:\/\/thecradle.co\/Article\/News\/17510<\/a><\/p>\n","protected":false},"excerpt":{"rendered":"<p>Un responsable isra\u00e9lien sugg\u00e8re d&#8217;imposer une amende aux Palestiniens pour avoir plus de quatre enfants Les remarques de Sahar ont envoy\u00e9 une onde de choc dans la communaut\u00e9 m\u00e9dicale palestinienne [&hellip;]<\/p>\n","protected":false},"author":4,"featured_media":248107,"comment_status":"closed","ping_status":"closed","sticky":false,"template":"","format":"standard","meta":{"_acf_changed":false,"_et_pb_use_builder":"","_et_pb_old_content":"","_et_gb_content_width":"","footnotes":""},"categories":[94],"tags":[],"class_list":["post-248110","post","type-post","status-publish","format-standard","has-post-thumbnail","hentry","category-bulletin-fr"],"acf":[],"yoast_head":"<!-- This site is optimized with the Yoast SEO plugin v25.8 - https:\/\/yoast.com\/wordpress\/plugins\/seo\/ -->\n<title>Un responsable isra\u00e9lien sugg\u00e8re d&#039;imposer une amende aux Palestiniens pour avoir plus de quatre enfants - PAJU<\/title>\n<meta name=\"robots\" content=\"index, follow, max-snippet:-1, max-image-preview:large, max-video-preview:-1\" \/>\n<link rel=\"canonical\" href=\"https:\/\/paju.org\/fr\/un-responsable-israelien-suggere-dimposer-une-amende-aux-palestiniens-pour-avoir-plus-de-quatre-enfants\/\" \/>\n<meta property=\"og:locale\" content=\"fr_FR\" \/>\n<meta property=\"og:type\" content=\"article\" \/>\n<meta property=\"og:title\" content=\"Un responsable isra\u00e9lien sugg\u00e8re d&#039;imposer une amende aux Palestiniens pour avoir plus de quatre enfants - PAJU\" \/>\n<meta property=\"og:description\" content=\"Un responsable isra\u00e9lien sugg\u00e8re d&#8217;imposer une amende aux Palestiniens pour avoir plus de quatre enfants Les remarques de Sahar ont envoy\u00e9 une onde de choc dans la communaut\u00e9 m\u00e9dicale palestinienne [&hellip;]\" \/>\n<meta property=\"og:site_name\" content=\"PAJU\" \/>\n<meta property=\"article:publisher\" content=\"https:\/\/www.facebook.com\/pajumontreal\" \/>\n<meta property=\"article:published_time\" content=\"2022-11-04T23:08:09+00:00\" \/>\n<meta property=\"article:modified_time\" content=\"2023-05-01T23:19:47+00:00\" \/>\n<meta property=\"og:image\" content=\"https:\/\/paju.org\/wp-content\/uploads\/2023\/05\/Photo-Credit-UNICEF-SOP-Ahed-Izhiman.jpeg\" \/>\n\t<meta property=\"og:image:width\" content=\"1440\" \/>\n\t<meta property=\"og:image:height\" content=\"960\" \/>\n\t<meta property=\"og:image:type\" content=\"image\/jpeg\" \/>\n<meta name=\"author\" content=\"Bruce Katz\" \/>\n<meta name=\"twitter:card\" content=\"summary_large_image\" \/>\n<meta name=\"twitter:label1\" content=\"\u00c9crit par\" \/>\n\t<meta name=\"twitter:data1\" content=\"Bruce Katz\" \/>\n\t<meta name=\"twitter:label2\" content=\"Dur\u00e9e de lecture estim\u00e9e\" \/>\n\t<meta name=\"twitter:data2\" content=\"3 minutes\" \/>\n<script type=\"application\/ld+json\" class=\"yoast-schema-graph\">{\"@context\":\"https:\/\/schema.org\",\"@graph\":[{\"@type\":\"Article\",\"@id\":\"https:\/\/paju.org\/fr\/un-responsable-israelien-suggere-dimposer-une-amende-aux-palestiniens-pour-avoir-plus-de-quatre-enfants\/#article\",\"isPartOf\":{\"@id\":\"https:\/\/paju.org\/fr\/un-responsable-israelien-suggere-dimposer-une-amende-aux-palestiniens-pour-avoir-plus-de-quatre-enfants\/\"},\"author\":{\"name\":\"Bruce Katz\",\"@id\":\"https:\/\/paju.org\/fr\/#\/schema\/person\/6d8aed1579a1f4a97e1c552a5f2a891d\"},\"headline\":\"Un responsable isra\u00e9lien sugg\u00e8re d&#8217;imposer une amende aux Palestiniens pour avoir plus de quatre enfants\",\"datePublished\":\"2022-11-04T23:08:09+00:00\",\"dateModified\":\"2023-05-01T23:19:47+00:00\",\"mainEntityOfPage\":{\"@id\":\"https:\/\/paju.org\/fr\/un-responsable-israelien-suggere-dimposer-une-amende-aux-palestiniens-pour-avoir-plus-de-quatre-enfants\/\"},\"wordCount\":603,\"publisher\":{\"@id\":\"https:\/\/paju.org\/fr\/#organization\"},\"image\":{\"@id\":\"https:\/\/paju.org\/fr\/un-responsable-israelien-suggere-dimposer-une-amende-aux-palestiniens-pour-avoir-plus-de-quatre-enfants\/#primaryimage\"},\"thumbnailUrl\":\"https:\/\/paju.org\/wp-content\/uploads\/2023\/05\/Photo-Credit-UNICEF-SOP-Ahed-Izhiman.jpeg\",\"articleSection\":[\"Notre bulletin\"],\"inLanguage\":\"fr-FR\"},{\"@type\":\"WebPage\",\"@id\":\"https:\/\/paju.org\/fr\/un-responsable-israelien-suggere-dimposer-une-amende-aux-palestiniens-pour-avoir-plus-de-quatre-enfants\/\",\"url\":\"https:\/\/paju.org\/fr\/un-responsable-israelien-suggere-dimposer-une-amende-aux-palestiniens-pour-avoir-plus-de-quatre-enfants\/\",\"name\":\"Un responsable isra\u00e9lien sugg\u00e8re d'imposer une amende aux Palestiniens pour avoir plus de quatre enfants - PAJU\",\"isPartOf\":{\"@id\":\"https:\/\/paju.org\/fr\/#website\"},\"primaryImageOfPage\":{\"@id\":\"https:\/\/paju.org\/fr\/un-responsable-israelien-suggere-dimposer-une-amende-aux-palestiniens-pour-avoir-plus-de-quatre-enfants\/#primaryimage\"},\"image\":{\"@id\":\"https:\/\/paju.org\/fr\/un-responsable-israelien-suggere-dimposer-une-amende-aux-palestiniens-pour-avoir-plus-de-quatre-enfants\/#primaryimage\"},\"thumbnailUrl\":\"https:\/\/paju.org\/wp-content\/uploads\/2023\/05\/Photo-Credit-UNICEF-SOP-Ahed-Izhiman.jpeg\",\"datePublished\":\"2022-11-04T23:08:09+00:00\",\"dateModified\":\"2023-05-01T23:19:47+00:00\",\"breadcrumb\":{\"@id\":\"https:\/\/paju.org\/fr\/un-responsable-israelien-suggere-dimposer-une-amende-aux-palestiniens-pour-avoir-plus-de-quatre-enfants\/#breadcrumb\"},\"inLanguage\":\"fr-FR\",\"potentialAction\":[{\"@type\":\"ReadAction\",\"target\":[\"https:\/\/paju.org\/fr\/un-responsable-israelien-suggere-dimposer-une-amende-aux-palestiniens-pour-avoir-plus-de-quatre-enfants\/\"]}]},{\"@type\":\"ImageObject\",\"inLanguage\":\"fr-FR\",\"@id\":\"https:\/\/paju.org\/fr\/un-responsable-israelien-suggere-dimposer-une-amende-aux-palestiniens-pour-avoir-plus-de-quatre-enfants\/#primaryimage\",\"url\":\"https:\/\/paju.org\/wp-content\/uploads\/2023\/05\/Photo-Credit-UNICEF-SOP-Ahed-Izhiman.jpeg\",\"contentUrl\":\"https:\/\/paju.org\/wp-content\/uploads\/2023\/05\/Photo-Credit-UNICEF-SOP-Ahed-Izhiman.jpeg\",\"width\":1440,\"height\":960},{\"@type\":\"BreadcrumbList\",\"@id\":\"https:\/\/paju.org\/fr\/un-responsable-israelien-suggere-dimposer-une-amende-aux-palestiniens-pour-avoir-plus-de-quatre-enfants\/#breadcrumb\",\"itemListElement\":[{\"@type\":\"ListItem\",\"position\":1,\"name\":\"Home\",\"item\":\"https:\/\/paju.org\/fr\/\"},{\"@type\":\"ListItem\",\"position\":2,\"name\":\"Un responsable isra\u00e9lien sugg\u00e8re d&#8217;imposer une amende aux Palestiniens pour avoir plus de quatre enfants\"}]},{\"@type\":\"WebSite\",\"@id\":\"https:\/\/paju.org\/fr\/#website\",\"url\":\"https:\/\/paju.org\/fr\/\",\"name\":\"PAJU\",\"description\":\"\",\"publisher\":{\"@id\":\"https:\/\/paju.org\/fr\/#organization\"},\"potentialAction\":[{\"@type\":\"SearchAction\",\"target\":{\"@type\":\"EntryPoint\",\"urlTemplate\":\"https:\/\/paju.org\/fr\/?s={search_term_string}\"},\"query-input\":{\"@type\":\"PropertyValueSpecification\",\"valueRequired\":true,\"valueName\":\"search_term_string\"}}],\"inLanguage\":\"fr-FR\"},{\"@type\":\"Organization\",\"@id\":\"https:\/\/paju.org\/fr\/#organization\",\"name\":\"Palestinian and Jewish Unity\",\"url\":\"https:\/\/paju.org\/fr\/\",\"logo\":{\"@type\":\"ImageObject\",\"inLanguage\":\"fr-FR\",\"@id\":\"https:\/\/paju.org\/fr\/#\/schema\/logo\/image\/\",\"url\":\"https:\/\/paju.org\/wp-content\/uploads\/PAJU-Logo.png\",\"contentUrl\":\"https:\/\/paju.org\/wp-content\/uploads\/PAJU-Logo.png\",\"width\":696,\"height\":293,\"caption\":\"Palestinian and Jewish Unity\"},\"image\":{\"@id\":\"https:\/\/paju.org\/fr\/#\/schema\/logo\/image\/\"},\"sameAs\":[\"https:\/\/www.facebook.com\/pajumontreal\",\"https:\/\/www.instagram.com\/pajumontreal\/\"]},[{\"@type\":[\"Person\"],\"@id\":\"https:\/\/paju.org\/fr\/#\/schema\/person\/6d8aed1579a1f4a97e1c552a5f2a891d\",\"name\":\"Bruce Katz\",\"image\":{\"@type\":\"ImageObject\",\"@id\":\"https:\/\/paju.org\/fr\/#\/schema\/person\/image\/\",\"inLanguage\":\"fr_FR\",\"url\":\"\",\"caption\":\"Bruce Katz\"}},{\"@type\":[\"Person\"],\"@id\":\"https:\/\/paju.org\/fr\/#\/schema\/person\/6d8aed1579a1f4a97e1c552a5f2a891d\",\"name\":\"News Desk\",\"image\":{\"@type\":\"ImageObject\",\"@id\":\"https:\/\/paju.org\/fr\/#\/schema\/person\/image\/\",\"inLanguage\":\"fr_FR\",\"url\":\"\",\"caption\":\"News Desk\"}}]]}<\/script>\n<!-- \/ Yoast SEO plugin. -->","yoast_head_json":{"title":"Un responsable isra\u00e9lien sugg\u00e8re d'imposer une amende aux Palestiniens pour avoir plus de quatre enfants - PAJU","robots":{"index":"index","follow":"follow","max-snippet":"max-snippet:-1","max-image-preview":"max-image-preview:large","max-video-preview":"max-video-preview:-1"},"canonical":"https:\/\/paju.org\/fr\/un-responsable-israelien-suggere-dimposer-une-amende-aux-palestiniens-pour-avoir-plus-de-quatre-enfants\/","og_locale":"fr_FR","og_type":"article","og_title":"Un responsable isra\u00e9lien sugg\u00e8re d'imposer une amende aux Palestiniens pour avoir plus de quatre enfants - PAJU","og_description":"Un responsable isra\u00e9lien sugg\u00e8re d&#8217;imposer une amende aux Palestiniens pour avoir plus de quatre enfants Les remarques de Sahar ont envoy\u00e9 une onde de choc dans la communaut\u00e9 m\u00e9dicale palestinienne [&hellip;]","og_site_name":"PAJU","article_publisher":"https:\/\/www.facebook.com\/pajumontreal","article_published_time":"2022-11-04T23:08:09+00:00","article_modified_time":"2023-05-01T23:19:47+00:00","og_image":[{"width":1440,"height":960,"url":"https:\/\/paju.org\/wp-content\/uploads\/2023\/05\/Photo-Credit-UNICEF-SOP-Ahed-Izhiman.jpeg","type":"image\/jpeg"}],"author":"Bruce Katz","twitter_card":"summary_large_image","twitter_misc":{"\u00c9crit par":"Bruce Katz","Dur\u00e9e de lecture estim\u00e9e":"3 minutes"},"schema":{"@context":"https:\/\/schema.org","@graph":[{"@type":"Article","@id":"https:\/\/paju.org\/fr\/un-responsable-israelien-suggere-dimposer-une-amende-aux-palestiniens-pour-avoir-plus-de-quatre-enfants\/#article","isPartOf":{"@id":"https:\/\/paju.org\/fr\/un-responsable-israelien-suggere-dimposer-une-amende-aux-palestiniens-pour-avoir-plus-de-quatre-enfants\/"},"author":{"name":"Bruce Katz","@id":"https:\/\/paju.org\/fr\/#\/schema\/person\/6d8aed1579a1f4a97e1c552a5f2a891d"},"headline":"Un responsable isra\u00e9lien sugg\u00e8re d&#8217;imposer une amende aux Palestiniens pour avoir plus de quatre enfants","datePublished":"2022-11-04T23:08:09+00:00","dateModified":"2023-05-01T23:19:47+00:00","mainEntityOfPage":{"@id":"https:\/\/paju.org\/fr\/un-responsable-israelien-suggere-dimposer-une-amende-aux-palestiniens-pour-avoir-plus-de-quatre-enfants\/"},"wordCount":603,"publisher":{"@id":"https:\/\/paju.org\/fr\/#organization"},"image":{"@id":"https:\/\/paju.org\/fr\/un-responsable-israelien-suggere-dimposer-une-amende-aux-palestiniens-pour-avoir-plus-de-quatre-enfants\/#primaryimage"},"thumbnailUrl":"https:\/\/paju.org\/wp-content\/uploads\/2023\/05\/Photo-Credit-UNICEF-SOP-Ahed-Izhiman.jpeg","articleSection":["Notre bulletin"],"inLanguage":"fr-FR"},{"@type":"WebPage","@id":"https:\/\/paju.org\/fr\/un-responsable-israelien-suggere-dimposer-une-amende-aux-palestiniens-pour-avoir-plus-de-quatre-enfants\/","url":"https:\/\/paju.org\/fr\/un-responsable-israelien-suggere-dimposer-une-amende-aux-palestiniens-pour-avoir-plus-de-quatre-enfants\/","name":"Un responsable isra\u00e9lien sugg\u00e8re d'imposer une amende aux Palestiniens pour avoir plus de quatre enfants - PAJU","isPartOf":{"@id":"https:\/\/paju.org\/fr\/#website"},"primaryImageOfPage":{"@id":"https:\/\/paju.org\/fr\/un-responsable-israelien-suggere-dimposer-une-amende-aux-palestiniens-pour-avoir-plus-de-quatre-enfants\/#primaryimage"},"image":{"@id":"https:\/\/paju.org\/fr\/un-responsable-israelien-suggere-dimposer-une-amende-aux-palestiniens-pour-avoir-plus-de-quatre-enfants\/#primaryimage"},"thumbnailUrl":"https:\/\/paju.org\/wp-content\/uploads\/2023\/05\/Photo-Credit-UNICEF-SOP-Ahed-Izhiman.jpeg","datePublished":"2022-11-04T23:08:09+00:00","dateModified":"2023-05-01T23:19:47+00:00","breadcrumb":{"@id":"https:\/\/paju.org\/fr\/un-responsable-israelien-suggere-dimposer-une-amende-aux-palestiniens-pour-avoir-plus-de-quatre-enfants\/#breadcrumb"},"inLanguage":"fr-FR","potentialAction":[{"@type":"ReadAction","target":["https:\/\/paju.org\/fr\/un-responsable-israelien-suggere-dimposer-une-amende-aux-palestiniens-pour-avoir-plus-de-quatre-enfants\/"]}]},{"@type":"ImageObject","inLanguage":"fr-FR","@id":"https:\/\/paju.org\/fr\/un-responsable-israelien-suggere-dimposer-une-amende-aux-palestiniens-pour-avoir-plus-de-quatre-enfants\/#primaryimage","url":"https:\/\/paju.org\/wp-content\/uploads\/2023\/05\/Photo-Credit-UNICEF-SOP-Ahed-Izhiman.jpeg","contentUrl":"https:\/\/paju.org\/wp-content\/uploads\/2023\/05\/Photo-Credit-UNICEF-SOP-Ahed-Izhiman.jpeg","width":1440,"height":960},{"@type":"BreadcrumbList","@id":"https:\/\/paju.org\/fr\/un-responsable-israelien-suggere-dimposer-une-amende-aux-palestiniens-pour-avoir-plus-de-quatre-enfants\/#breadcrumb","itemListElement":[{"@type":"ListItem","position":1,"name":"Home","item":"https:\/\/paju.org\/fr\/"},{"@type":"ListItem","position":2,"name":"Un responsable isra\u00e9lien sugg\u00e8re d&#8217;imposer une amende aux Palestiniens pour avoir plus de quatre enfants"}]},{"@type":"WebSite","@id":"https:\/\/paju.org\/fr\/#website","url":"https:\/\/paju.org\/fr\/","name":"PAJU","description":"","publisher":{"@id":"https:\/\/paju.org\/fr\/#organization"},"potentialAction":[{"@type":"SearchAction","target":{"@type":"EntryPoint","urlTemplate":"https:\/\/paju.org\/fr\/?s={search_term_string}"},"query-input":{"@type":"PropertyValueSpecification","valueRequired":true,"valueName":"search_term_string"}}],"inLanguage":"fr-FR"},{"@type":"Organization","@id":"https:\/\/paju.org\/fr\/#organization","name":"Palestinian and Jewish Unity","url":"https:\/\/paju.org\/fr\/","logo":{"@type":"ImageObject","inLanguage":"fr-FR","@id":"https:\/\/paju.org\/fr\/#\/schema\/logo\/image\/","url":"https:\/\/paju.org\/wp-content\/uploads\/PAJU-Logo.png","contentUrl":"https:\/\/paju.org\/wp-content\/uploads\/PAJU-Logo.png","width":696,"height":293,"caption":"Palestinian and Jewish Unity"},"image":{"@id":"https:\/\/paju.org\/fr\/#\/schema\/logo\/image\/"},"sameAs":["https:\/\/www.facebook.com\/pajumontreal","https:\/\/www.instagram.com\/pajumontreal\/"]},[{"@type":["Person"],"@id":"https:\/\/paju.org\/fr\/#\/schema\/person\/6d8aed1579a1f4a97e1c552a5f2a891d","name":"Bruce Katz","image":{"@type":"ImageObject","@id":"https:\/\/paju.org\/fr\/#\/schema\/person\/image\/","inLanguage":"fr_FR","url":"","caption":"Bruce Katz"}},{"@type":["Person"],"@id":"https:\/\/paju.org\/fr\/#\/schema\/person\/6d8aed1579a1f4a97e1c552a5f2a891d","name":"News Desk","image":{"@type":"ImageObject","@id":"https:\/\/paju.org\/fr\/#\/schema\/person\/image\/","inLanguage":"fr_FR","url":"","caption":"News Desk"}}]]}},"_links":{"self":[{"href":"https:\/\/paju.org\/fr\/wp-json\/wp\/v2\/posts\/248110","targetHints":{"allow":["GET"]}}],"collection":[{"href":"https:\/\/paju.org\/fr\/wp-json\/wp\/v2\/posts"}],"about":[{"href":"https:\/\/paju.org\/fr\/wp-json\/wp\/v2\/types\/post"}],"author":[{"embeddable":true,"href":"https:\/\/paju.org\/fr\/wp-json\/wp\/v2\/users\/4"}],"replies":[{"embeddable":true,"href":"https:\/\/paju.org\/fr\/wp-json\/wp\/v2\/comments?post=248110"}],"version-history":[{"count":2,"href":"https:\/\/paju.org\/fr\/wp-json\/wp\/v2\/posts\/248110\/revisions"}],"predecessor-version":[{"id":248113,"href":"https:\/\/paju.org\/fr\/wp-json\/wp\/v2\/posts\/248110\/revisions\/248113"}],"wp:featuredmedia":[{"embeddable":true,"href":"https:\/\/paju.org\/fr\/wp-json\/wp\/v2\/media\/248107"}],"wp:attachment":[{"href":"https:\/\/paju.org\/fr\/wp-json\/wp\/v2\/media?parent=248110"}],"wp:term":[{"taxonomy":"category","embeddable":true,"href":"https:\/\/paju.org\/fr\/wp-json\/wp\/v2\/categories?post=248110"},{"taxonomy":"post_tag","embeddable":true,"href":"https:\/\/paju.org\/fr\/wp-json\/wp\/v2\/tags?post=248110"}],"curies":[{"name":"wp","href":"https:\/\/api.w.org\/{rel}","templated":true}]}}