{"id":2209,"date":"2019-08-16T13:27:21","date_gmt":"2019-08-16T13:27:21","guid":{"rendered":"http:\/\/paju.org\/?p=2209"},"modified":"2019-08-17T13:43:29","modified_gmt":"2019-08-17T13:43:29","slug":"end-of-occupation-no-966","status":"publish","type":"post","link":"https:\/\/paju.org\/fr\/end-of-occupation-no-966\/","title":{"rendered":"\u00ab End of Occupation \u00bb No 966"},"content":{"rendered":"<h3>Israeli Authorities Summon 3-Year Old Child for Interrogation<\/h3>\n<p><img loading=\"lazy\" decoding=\"async\" class=\"alignright wp-image-2222 size-thumbnail\" src=\"http:\/\/paju.org\/wp-content\/uploads\/2019\/08\/966-150x150.jpg\" alt=\"\" width=\"150\" height=\"150\">In the latest violation of the International Convention on the Rights of the Child, Israeli authorities issued a summons for a 3-year-old child to be brought to the Jerusalem police station for interrogation.<\/p>\n<p>During an invasion of the East Jerusalem neighborhood of al-\u2018Isawiya, Israeli forces stormed the home of 3-year old Mohammad Rabi \u2018Alian, and handed a summons to his parents for him to appear the following day for interrogation about possible stone throwing.<!--more--><\/p>\n<p>At the time of the summons, dozens of Palestinian residents of al-\u2018Isawiya accompanied the small boy to the interrogation center, holding a protest outside while he headed in to be interrogated by the Israeli police.<\/p>\n<p>The Palestinian Prisoners Society called for an investigation into the incident, which they called a blatant example of the occupation\u2019s criminality against children.<\/p>\n<p>The head of the Commission, Maj. Gen. Kadri Abu Bakr, condemned the Israeli occupation authorities for summoning the 3-year old child, stressing that the occupation is committing open and clear crimes against minors.<\/p>\n<p>Abu Bakr added that Palestinian childhood is in grave and constant danger in light of the silence of the international community towards Israeli violations of international law and the global convention on childrens\u2019 rights.<\/p>\n<p>He stressed that the Israeli occupation authorities have stepped up their targeting of East Jerusalem during the last few years. It was noted that there is an organized campaign against Jerusalemites in particular, and the arrests of Jerusalemites have escalated.<\/p>\n<p>This is in the context of the Israeli E1 Jerusalem Plan, which outlines the planned expansion of Israeli colonial settlements in a ring around East Jerusalem, in an attempt to depopulate Palestinian neighborhoods in East Jerusalem, and annex the entire area into what is now Israel by using military force and the forced transfer of the indigenous population. This plan was announced in 2003, and has been carried out in the 16 years since then using numerous violent tactics.<\/p>\n<p><strong>Adapted from:<\/strong> <a href=\"https:\/\/israelpalestinenews.org\/israeli-authorities-summon-3-year-old-child-for-interrogation\/?utm_source=mailpoet&amp;utm_medium=email&amp;utm_campaign=Daily+Updates\">https:\/\/israelpalestinenews.org\/israeli-authorities-summon-3-year-old-child-for-interrogation\/?utm_source=mailpoet&amp;utm_medium=email&amp;utm_campaign=Daily+Updates<\/a><\/p>\n<p><strong>See also:<\/strong> <strong>Israeli Soldiers Demolish A Kindergarten And A Women\u2019s Center Near Jerusalem<\/strong> <a href=\"https:\/\/israelpalestinenews.org\/israeli-soldiers-demolish-a-kindergarten-and-a-womens-center-near-jerusalem\">https:\/\/israelpalestinenews.org\/israeli-soldiers-demolish-a-kindergarten-and-a-womens-center-near-jerusalem<\/a><\/p>\n<p><strong>Distributed by PAJU (<\/strong><strong>Palestinian and Jewish Unity<\/strong><strong>)<\/strong><\/p>\n<p><strong><a href=\"HTTPS:\/\/PAJUMONTREAL.ORG.EN\">HTTPS:\/\/PAJUMONTREAL.ORG.EN<\/a><\/strong><\/p>\n","protected":false},"excerpt":{"rendered":"<p>Israeli Authorities Summon 3-Year Old Child for Interrogation In the latest violation of the International Convention on the Rights of the Child, Israeli authorities issued a summons for a 3-year-old [&hellip;]<\/p>\n","protected":false},"author":1,"featured_media":0,"comment_status":"closed","ping_status":"closed","sticky":false,"template":"","format":"standard","meta":{"_acf_changed":false,"_et_pb_use_builder":"","_et_pb_old_content":"","_et_gb_content_width":"","footnotes":""},"categories":[1,7],"tags":[],"class_list":["post-2209","post","type-post","status-publish","format-standard","hentry","category-bulletin","category-non-classifiee"],"acf":[],"yoast_head":"<!-- This site is optimized with the Yoast SEO plugin v25.8 - https:\/\/yoast.com\/wordpress\/plugins\/seo\/ -->\n<title>\u00ab End of Occupation \u00bb No 966 - PAJU<\/title>\n<meta name=\"robots\" content=\"index, follow, max-snippet:-1, max-image-preview:large, max-video-preview:-1\" \/>\n<link rel=\"canonical\" href=\"https:\/\/paju.org\/fr\/end-of-occupation-no-966\/\" \/>\n<meta property=\"og:locale\" content=\"fr_FR\" \/>\n<meta property=\"og:type\" content=\"article\" \/>\n<meta property=\"og:title\" content=\"\u00ab End of Occupation \u00bb No 966 - PAJU\" \/>\n<meta property=\"og:description\" content=\"Israeli Authorities Summon 3-Year Old Child for Interrogation In the latest violation of the International Convention on the Rights of the Child, Israeli authorities issued a summons for a 3-year-old [&hellip;]\" \/>\n<meta property=\"og:site_name\" content=\"PAJU\" \/>\n<meta property=\"article:publisher\" content=\"https:\/\/www.facebook.com\/pajumontreal\" \/>\n<meta property=\"article:published_time\" content=\"2019-08-16T13:27:21+00:00\" \/>\n<meta property=\"article:modified_time\" content=\"2019-08-17T13:43:29+00:00\" \/>\n<meta property=\"og:image\" content=\"https:\/\/paju.org\/wp-content\/uploads\/2022\/02\/tract-picket.jpg\" \/>\n\t<meta property=\"og:image:width\" content=\"960\" \/>\n\t<meta property=\"og:image:height\" content=\"720\" \/>\n\t<meta property=\"og:image:type\" content=\"image\/jpeg\" \/>\n<meta name=\"author\" content=\"PAJU\" \/>\n<meta name=\"twitter:card\" content=\"summary_large_image\" \/>\n<meta name=\"twitter:label1\" content=\"\u00c9crit par\" \/>\n\t<meta name=\"twitter:data1\" content=\"PAJU\" \/>\n\t<meta name=\"twitter:label2\" content=\"Dur\u00e9e de lecture estim\u00e9e\" \/>\n\t<meta name=\"twitter:data2\" content=\"2 minutes\" \/>\n<script type=\"application\/ld+json\" class=\"yoast-schema-graph\">{\"@context\":\"https:\/\/schema.org\",\"@graph\":[{\"@type\":\"Article\",\"@id\":\"https:\/\/paju.org\/fr\/end-of-occupation-no-966\/#article\",\"isPartOf\":{\"@id\":\"https:\/\/paju.org\/fr\/end-of-occupation-no-966\/\"},\"author\":{\"name\":\"PAJU\",\"@id\":\"https:\/\/paju.org\/fr\/#\/schema\/person\/329c80ae8a3b11562a4f709eaa6ebfc6\"},\"headline\":\"\u00ab End of Occupation \u00bb No 966\",\"datePublished\":\"2019-08-16T13:27:21+00:00\",\"dateModified\":\"2019-08-17T13:43:29+00:00\",\"mainEntityOfPage\":{\"@id\":\"https:\/\/paju.org\/fr\/end-of-occupation-no-966\/\"},\"wordCount\":379,\"publisher\":{\"@id\":\"https:\/\/paju.org\/fr\/#organization\"},\"image\":{\"@id\":\"https:\/\/paju.org\/fr\/end-of-occupation-no-966\/#primaryimage\"},\"thumbnailUrl\":\"http:\/\/paju.org\/wp-content\/uploads\/2019\/08\/966-150x150.jpg\",\"articleSection\":[\"Bulletin\",\"Non classifi\u00e9(e)\"],\"inLanguage\":\"fr-FR\"},{\"@type\":\"WebPage\",\"@id\":\"https:\/\/paju.org\/fr\/end-of-occupation-no-966\/\",\"url\":\"https:\/\/paju.org\/fr\/end-of-occupation-no-966\/\",\"name\":\"\u00ab End of Occupation \u00bb No 966 - PAJU\",\"isPartOf\":{\"@id\":\"https:\/\/paju.org\/fr\/#website\"},\"primaryImageOfPage\":{\"@id\":\"https:\/\/paju.org\/fr\/end-of-occupation-no-966\/#primaryimage\"},\"image\":{\"@id\":\"https:\/\/paju.org\/fr\/end-of-occupation-no-966\/#primaryimage\"},\"thumbnailUrl\":\"http:\/\/paju.org\/wp-content\/uploads\/2019\/08\/966-150x150.jpg\",\"datePublished\":\"2019-08-16T13:27:21+00:00\",\"dateModified\":\"2019-08-17T13:43:29+00:00\",\"breadcrumb\":{\"@id\":\"https:\/\/paju.org\/fr\/end-of-occupation-no-966\/#breadcrumb\"},\"inLanguage\":\"fr-FR\",\"potentialAction\":[{\"@type\":\"ReadAction\",\"target\":[\"https:\/\/paju.org\/fr\/end-of-occupation-no-966\/\"]}]},{\"@type\":\"ImageObject\",\"inLanguage\":\"fr-FR\",\"@id\":\"https:\/\/paju.org\/fr\/end-of-occupation-no-966\/#primaryimage\",\"url\":\"http:\/\/paju.org\/wp-content\/uploads\/2019\/08\/966-150x150.jpg\",\"contentUrl\":\"http:\/\/paju.org\/wp-content\/uploads\/2019\/08\/966-150x150.jpg\"},{\"@type\":\"BreadcrumbList\",\"@id\":\"https:\/\/paju.org\/fr\/end-of-occupation-no-966\/#breadcrumb\",\"itemListElement\":[{\"@type\":\"ListItem\",\"position\":1,\"name\":\"Home\",\"item\":\"https:\/\/paju.org\/fr\/\"},{\"@type\":\"ListItem\",\"position\":2,\"name\":\"\u00ab End of Occupation \u00bb No 966\"}]},{\"@type\":\"WebSite\",\"@id\":\"https:\/\/paju.org\/fr\/#website\",\"url\":\"https:\/\/paju.org\/fr\/\",\"name\":\"PAJU\",\"description\":\"\",\"publisher\":{\"@id\":\"https:\/\/paju.org\/fr\/#organization\"},\"potentialAction\":[{\"@type\":\"SearchAction\",\"target\":{\"@type\":\"EntryPoint\",\"urlTemplate\":\"https:\/\/paju.org\/fr\/?s={search_term_string}\"},\"query-input\":{\"@type\":\"PropertyValueSpecification\",\"valueRequired\":true,\"valueName\":\"search_term_string\"}}],\"inLanguage\":\"fr-FR\"},{\"@type\":\"Organization\",\"@id\":\"https:\/\/paju.org\/fr\/#organization\",\"name\":\"Palestinian and Jewish Unity\",\"url\":\"https:\/\/paju.org\/fr\/\",\"logo\":{\"@type\":\"ImageObject\",\"inLanguage\":\"fr-FR\",\"@id\":\"https:\/\/paju.org\/fr\/#\/schema\/logo\/image\/\",\"url\":\"https:\/\/paju.org\/wp-content\/uploads\/PAJU-Logo.png\",\"contentUrl\":\"https:\/\/paju.org\/wp-content\/uploads\/PAJU-Logo.png\",\"width\":696,\"height\":293,\"caption\":\"Palestinian and Jewish Unity\"},\"image\":{\"@id\":\"https:\/\/paju.org\/fr\/#\/schema\/logo\/image\/\"},\"sameAs\":[\"https:\/\/www.facebook.com\/pajumontreal\",\"https:\/\/www.instagram.com\/pajumontreal\/\"]},{\"@type\":\"Person\",\"@id\":\"https:\/\/paju.org\/fr\/#\/schema\/person\/329c80ae8a3b11562a4f709eaa6ebfc6\",\"name\":\"PAJU\",\"image\":{\"@type\":\"ImageObject\",\"inLanguage\":\"fr-FR\",\"@id\":\"https:\/\/paju.org\/fr\/#\/schema\/person\/image\/\",\"url\":\"https:\/\/secure.gravatar.com\/avatar\/add00ab44460a1b9b8dcff1854bb07dba0ac5e3135473daf39201d280ad20f18?s=96&d=mm&r=g\",\"contentUrl\":\"https:\/\/secure.gravatar.com\/avatar\/add00ab44460a1b9b8dcff1854bb07dba0ac5e3135473daf39201d280ad20f18?s=96&d=mm&r=g\",\"caption\":\"PAJU\"},\"url\":\"https:\/\/paju.org\/fr\/author\/chadi\/\"}]}<\/script>\n<!-- \/ Yoast SEO plugin. -->","yoast_head_json":{"title":"\u00ab End of Occupation \u00bb No 966 - PAJU","robots":{"index":"index","follow":"follow","max-snippet":"max-snippet:-1","max-image-preview":"max-image-preview:large","max-video-preview":"max-video-preview:-1"},"canonical":"https:\/\/paju.org\/fr\/end-of-occupation-no-966\/","og_locale":"fr_FR","og_type":"article","og_title":"\u00ab End of Occupation \u00bb No 966 - PAJU","og_description":"Israeli Authorities Summon 3-Year Old Child for Interrogation In the latest violation of the International Convention on the Rights of the Child, Israeli authorities issued a summons for a 3-year-old [&hellip;]","og_site_name":"PAJU","article_publisher":"https:\/\/www.facebook.com\/pajumontreal","article_published_time":"2019-08-16T13:27:21+00:00","article_modified_time":"2019-08-17T13:43:29+00:00","og_image":[{"width":960,"height":720,"url":"https:\/\/paju.org\/wp-content\/uploads\/2022\/02\/tract-picket.jpg","type":"image\/jpeg"}],"author":"PAJU","twitter_card":"summary_large_image","twitter_misc":{"\u00c9crit par":"PAJU","Dur\u00e9e de lecture estim\u00e9e":"2 minutes"},"schema":{"@context":"https:\/\/schema.org","@graph":[{"@type":"Article","@id":"https:\/\/paju.org\/fr\/end-of-occupation-no-966\/#article","isPartOf":{"@id":"https:\/\/paju.org\/fr\/end-of-occupation-no-966\/"},"author":{"name":"PAJU","@id":"https:\/\/paju.org\/fr\/#\/schema\/person\/329c80ae8a3b11562a4f709eaa6ebfc6"},"headline":"\u00ab End of Occupation \u00bb No 966","datePublished":"2019-08-16T13:27:21+00:00","dateModified":"2019-08-17T13:43:29+00:00","mainEntityOfPage":{"@id":"https:\/\/paju.org\/fr\/end-of-occupation-no-966\/"},"wordCount":379,"publisher":{"@id":"https:\/\/paju.org\/fr\/#organization"},"image":{"@id":"https:\/\/paju.org\/fr\/end-of-occupation-no-966\/#primaryimage"},"thumbnailUrl":"http:\/\/paju.org\/wp-content\/uploads\/2019\/08\/966-150x150.jpg","articleSection":["Bulletin","Non classifi\u00e9(e)"],"inLanguage":"fr-FR"},{"@type":"WebPage","@id":"https:\/\/paju.org\/fr\/end-of-occupation-no-966\/","url":"https:\/\/paju.org\/fr\/end-of-occupation-no-966\/","name":"\u00ab End of Occupation \u00bb No 966 - PAJU","isPartOf":{"@id":"https:\/\/paju.org\/fr\/#website"},"primaryImageOfPage":{"@id":"https:\/\/paju.org\/fr\/end-of-occupation-no-966\/#primaryimage"},"image":{"@id":"https:\/\/paju.org\/fr\/end-of-occupation-no-966\/#primaryimage"},"thumbnailUrl":"http:\/\/paju.org\/wp-content\/uploads\/2019\/08\/966-150x150.jpg","datePublished":"2019-08-16T13:27:21+00:00","dateModified":"2019-08-17T13:43:29+00:00","breadcrumb":{"@id":"https:\/\/paju.org\/fr\/end-of-occupation-no-966\/#breadcrumb"},"inLanguage":"fr-FR","potentialAction":[{"@type":"ReadAction","target":["https:\/\/paju.org\/fr\/end-of-occupation-no-966\/"]}]},{"@type":"ImageObject","inLanguage":"fr-FR","@id":"https:\/\/paju.org\/fr\/end-of-occupation-no-966\/#primaryimage","url":"http:\/\/paju.org\/wp-content\/uploads\/2019\/08\/966-150x150.jpg","contentUrl":"http:\/\/paju.org\/wp-content\/uploads\/2019\/08\/966-150x150.jpg"},{"@type":"BreadcrumbList","@id":"https:\/\/paju.org\/fr\/end-of-occupation-no-966\/#breadcrumb","itemListElement":[{"@type":"ListItem","position":1,"name":"Home","item":"https:\/\/paju.org\/fr\/"},{"@type":"ListItem","position":2,"name":"\u00ab End of Occupation \u00bb No 966"}]},{"@type":"WebSite","@id":"https:\/\/paju.org\/fr\/#website","url":"https:\/\/paju.org\/fr\/","name":"PAJU","description":"","publisher":{"@id":"https:\/\/paju.org\/fr\/#organization"},"potentialAction":[{"@type":"SearchAction","target":{"@type":"EntryPoint","urlTemplate":"https:\/\/paju.org\/fr\/?s={search_term_string}"},"query-input":{"@type":"PropertyValueSpecification","valueRequired":true,"valueName":"search_term_string"}}],"inLanguage":"fr-FR"},{"@type":"Organization","@id":"https:\/\/paju.org\/fr\/#organization","name":"Palestinian and Jewish Unity","url":"https:\/\/paju.org\/fr\/","logo":{"@type":"ImageObject","inLanguage":"fr-FR","@id":"https:\/\/paju.org\/fr\/#\/schema\/logo\/image\/","url":"https:\/\/paju.org\/wp-content\/uploads\/PAJU-Logo.png","contentUrl":"https:\/\/paju.org\/wp-content\/uploads\/PAJU-Logo.png","width":696,"height":293,"caption":"Palestinian and Jewish Unity"},"image":{"@id":"https:\/\/paju.org\/fr\/#\/schema\/logo\/image\/"},"sameAs":["https:\/\/www.facebook.com\/pajumontreal","https:\/\/www.instagram.com\/pajumontreal\/"]},{"@type":"Person","@id":"https:\/\/paju.org\/fr\/#\/schema\/person\/329c80ae8a3b11562a4f709eaa6ebfc6","name":"PAJU","image":{"@type":"ImageObject","inLanguage":"fr-FR","@id":"https:\/\/paju.org\/fr\/#\/schema\/person\/image\/","url":"https:\/\/secure.gravatar.com\/avatar\/add00ab44460a1b9b8dcff1854bb07dba0ac5e3135473daf39201d280ad20f18?s=96&d=mm&r=g","contentUrl":"https:\/\/secure.gravatar.com\/avatar\/add00ab44460a1b9b8dcff1854bb07dba0ac5e3135473daf39201d280ad20f18?s=96&d=mm&r=g","caption":"PAJU"},"url":"https:\/\/paju.org\/fr\/author\/chadi\/"}]}},"_links":{"self":[{"href":"https:\/\/paju.org\/fr\/wp-json\/wp\/v2\/posts\/2209","targetHints":{"allow":["GET"]}}],"collection":[{"href":"https:\/\/paju.org\/fr\/wp-json\/wp\/v2\/posts"}],"about":[{"href":"https:\/\/paju.org\/fr\/wp-json\/wp\/v2\/types\/post"}],"author":[{"embeddable":true,"href":"https:\/\/paju.org\/fr\/wp-json\/wp\/v2\/users\/1"}],"replies":[{"embeddable":true,"href":"https:\/\/paju.org\/fr\/wp-json\/wp\/v2\/comments?post=2209"}],"version-history":[{"count":3,"href":"https:\/\/paju.org\/fr\/wp-json\/wp\/v2\/posts\/2209\/revisions"}],"predecessor-version":[{"id":2225,"href":"https:\/\/paju.org\/fr\/wp-json\/wp\/v2\/posts\/2209\/revisions\/2225"}],"wp:attachment":[{"href":"https:\/\/paju.org\/fr\/wp-json\/wp\/v2\/media?parent=2209"}],"wp:term":[{"taxonomy":"category","embeddable":true,"href":"https:\/\/paju.org\/fr\/wp-json\/wp\/v2\/categories?post=2209"},{"taxonomy":"post_tag","embeddable":true,"href":"https:\/\/paju.org\/fr\/wp-json\/wp\/v2\/tags?post=2209"}],"curies":[{"name":"wp","href":"https:\/\/api.w.org\/{rel}","templated":true}]}}