{"id":205,"date":"2019-01-11T20:40:14","date_gmt":"2019-01-11T20:40:14","guid":{"rendered":"http:\/\/paju.org\/?p=205"},"modified":"2022-03-02T15:59:03","modified_gmt":"2022-03-02T15:59:03","slug":"que-cesse-loccupation-no-935","status":"publish","type":"post","link":"https:\/\/paju.org\/fr\/que-cesse-loccupation-no-935\/","title":{"rendered":"\u00ab QUE CESSE L\u2019OCCUPATION ! \u00bb No. 935"},"content":{"rendered":"<h3>Rupture entre Juifs am\u00e9ricains et Juifs isra\u00e9liens<img loading=\"lazy\" decoding=\"async\" class=\"size-medium wp-image-202 alignright\" src=\"http:\/\/paju.org\/wp-content\/uploads\/2019\/01\/935-300x252.jpg\" alt=\"\" width=\"300\" height=\"252\" srcset=\"https:\/\/paju.org\/wp-content\/uploads\/2019\/01\/935-300x252.jpg 300w, https:\/\/paju.org\/wp-content\/uploads\/2019\/01\/935.jpg 600w\" sizes=\"(max-width: 300px) 100vw, 300px\" \/><\/h3>\n<p>Le <em>New York Times<\/em> contient un long article ayant comme titre \u00ab American Jews and Israeli Jews Break Up \u00bb (\u00ab Juifs isra\u00e9liens et juifs am\u00e9ricains se s\u00e9parent \u00bb) que beaucoup de gens partagent entre eux. L&#8217;auteur Jonathan Weisman, r\u00e9dacteur en chef adjoint \u00e0 Washington du <em>New York Times<\/em>, affirme que de plus en plus de Juifs am\u00e9ricains consid\u00e8rent Isra\u00ebl tout simplement comme un autre pays \u00e9tranger de droite align\u00e9 sur \u00ab leur menace existentielle \u00bb&nbsp;: Donald Trump; et ainsi le lobby isra\u00e9lien est en train de perdre son emprise sur la vie juive.<\/p>\n<p>Certaines des r\u00e9v\u00e9lations de Weisman dans la pi\u00e8ce, frappantes pour un lectorat de journal nourri habituellement par la propagande sioniste, sont les suivantes:<\/p>\n<p><em>L e mouvement pour le boycott, le d\u00e9sinvestissement et la sanction d&#8217;Isra\u00ebl (BDS) se renforce sur les campus am\u00e9ricains et de nouvelles voix voient le jour au sein du parti d\u00e9mocrate, tels les repr\u00e9sentants Ilhan Omar du Minnesota et Rashida Tlaib du Michigan, pr\u00eats \u00e0 prendre la parole ouvertement sur les droits et l&#8217;autonomie des Palestiniens, l\u00e0 o\u00f9 d&#8217;autres l\u00e9gislateurs ont refus\u00e9 de le faire.<\/em><\/p>\n<p>Et<\/p>\n<p><em>La solution des deux \u00c9tats ressemble de plus en plus \u00e0 une blague cruelle. Les rabbins et les dirigeants la\u00efcs juifs am\u00e9ricains leur conseillent (<\/em>aux Juifs)<em> de faire preuve de vigilance \u00e0 l\u2019\u00e9gard de toute autre solution, comme l\u2019octroi aux Palestiniens de tous les droits dans un Isra\u00ebl plus grand, car ces solutions dilueraient ou d\u00e9truiraient l\u2019identit\u00e9 d\u2019Isra\u00ebl en tant qu\u2019\u00c9tat juif.<\/em><\/p>\n<p>Donc: l&#8217;\u00e9galit\u00e9 des droits pourrait \u00eatre une solution! Beaucoup de commentaires sur l&#8217;article sont critiques envers Isra\u00ebl, et beaucoup viennent de Juifs.<\/p>\n<p>Weisman dit m\u00eame un mot sur les conditions palestiniennes (!) et d\u00e9clare avec pr\u00e9cision que les jeunes Juifs consid\u00e8rent Isra\u00ebl comme un tyran.<\/p>\n<p><em>Les Juifs am\u00e9ricains plus \u00e2g\u00e9s, plus conscients de l&#8217;holocauste et li\u00e9s \u00e0 l&#8217;histoire vivante de l&#8217;\u00c9tat juif, sont g\u00e9n\u00e9ralement dispos\u00e9s \u00e0 regarder au-del\u00e0 des actions du gouvernement isra\u00e9lien qui d\u00e9fient leurs valeurs. Ou ils embrassent ces actions. Les jeunes Juifs am\u00e9ricains ne se souviennent g\u00e9n\u00e9ralement pas d\u2019Isra\u00ebl en tant que David contre les Goliaths r\u00e9gionaux. Ils y voient un tyran, arm\u00e9 et indiff\u00e9rent, 45 ans apr\u00e8s la guerre de Yom Kippour, le dernier conflit qui a menac\u00e9 l\u2019existence d\u2019Isra\u00ebl.<\/em><\/p>\n<p>Il raconte l\u2019appel lanc\u00e9 par le rabbin Daniel Zemel aux Juifs am\u00e9ricains pour qu\u2019ils agissent contre le nationalisme et le racisme en Isra\u00ebl avant qu\u2019il ne soit trop tard. Mais les Juifs am\u00e9ricains ne s\u2019en soucient pas, dit Weisman. Tout le monde n&#8217;est pas sioniste!<\/p>\n<p><em>Le sionisme a divis\u00e9 le juda\u00efsme am\u00e9ricain pendant une grande partie du 19\u00e8me si\u00e8cle et de la premi\u00e8re moiti\u00e9 du 20\u00e8me si\u00e8cle. Ces divisions ont persist\u00e9 dans les premi\u00e8res d\u00e9cennies de l&#8217;\u00c9tat juif, ne s&#8217;effa\u00e7ant qu&#8217;avec le triomphe de la guerre arabo-isra\u00e9lienne de 1967 et le danger de la guerre de Yom Kippour.<\/em><\/p>\n<p><em>Maintenant, beaucoup de Juifs am\u00e9ricains, en particulier de jeunes Juifs am\u00e9ricains, diraient qu\u2019Isra\u00ebl s\u2019av\u00e8re \u00eatre son propre probl\u00e8me. Nous avons les n\u00f4tres, disent-ils.<\/em><\/p>\n<p><em>Il y a environ 6,5 millions de Juifs en Isra\u00ebl. Il y a environ 5,7 millions de Juifs aux \u00c9tats-Unis. De plus en plus, ils voient le monde de mani\u00e8re totalement diff\u00e9rente.<\/em><\/p>\n<p><em>Le Grand Schisme est sur nous.<\/em><\/p>\n<p>Le rapport de Weisman est repris par l\u2019Union pour le juda\u00efsme r\u00e9form\u00e9, dont la lettre annuelle au Congr\u00e8s n\u2019a presque rien \u00e0 dire sur Isra\u00ebl. R\u00e9fugi\u00e9s, soins de sant\u00e9, suppression des \u00e9lecteurs, droits des personnes LGBTQ, musulmans Rohingya, les droits des femmes sont les bonnes questions des lib\u00e9raux, et il n\u2019y a qu\u2019une phrase sur \u00ab la s\u00e9curit\u00e9 d\u2019un \u00c9tat juif en Isra\u00ebl \u00bb et la solution \u00e0 deux \u00c9tats. Les r\u00e9formistes savent que les jeunes Juifs ne sont pas f\u00e9rus de sionisme.<\/p>\n<p>L\u2019article de Weisman est particuli\u00e8rement remarquable en tant que partenaire de la r\u00e9cente publication de Michelle Goldberg selon laquelle l\u2019antisionisme n\u2019est pas de l\u2019antis\u00e9mitisme. Il existe un bloc non sioniste dans le New York Times, tr\u00e8s pro-isra\u00e9lien, qui remet enfin sa t\u00eate au-dessus des tranch\u00e9es. L&#8217;antisionisme est finalement mentionn\u00e9 par la presse traditionnelle.<\/p>\n<p><strong>Adapt\u00e9 de&nbsp;:<\/strong> <a href=\"https:\/\/mondoweiss.net\/2019\/01\/article-abandoning-solution\/?utm_source=Mondoweiss+List&amp;utm_campaign=7d79d0ef54-RSS_EMAIL_CAMPAIGN&amp;utm_medium=email&amp;utm_term=0_b86bace129-7d79d0ef54-398526217&amp;mc_cid=7d79d0ef54&amp;mc_eid=db022c7307\">https:\/\/mondoweiss.net\/2019\/01\/article-abandoning-solution\/?utm_source=Mondoweiss+List&amp;utm_campaign=7d79d0ef54-RSS_EMAIL_CAMPAIGN&amp;utm_medium=email&amp;utm_term=0_b86bace129-7d79d0ef54-398526217&amp;mc_cid=7d79d0ef54&amp;mc_eid=db022c7307<\/a><\/p>\n<p><strong>DISTRIBU\u00c9 PAR PAJU (PALESTINIENS ET JUIFS UNIS)<\/strong><\/p>\n<p><strong>WWW.PAJUMONTREAL.ORG<\/strong><\/p>\n","protected":false},"excerpt":{"rendered":"<p>Rupture entre Juifs am\u00e9ricains et Juifs isra\u00e9liens Le New York Times contient un long article ayant comme titre \u00ab American Jews and Israeli Jews Break Up \u00bb (\u00ab Juifs isra\u00e9liens [&hellip;]<\/p>\n","protected":false},"author":1,"featured_media":0,"comment_status":"closed","ping_status":"closed","sticky":false,"template":"","format":"standard","meta":{"_acf_changed":false,"_et_pb_use_builder":"","_et_pb_old_content":"","_et_gb_content_width":"","footnotes":""},"categories":[94],"tags":[],"class_list":["post-205","post","type-post","status-publish","format-standard","hentry","category-bulletin-fr"],"acf":[],"yoast_head":"<!-- This site is optimized with the Yoast SEO plugin v25.8 - https:\/\/yoast.com\/wordpress\/plugins\/seo\/ -->\n<title>\u00ab QUE CESSE L\u2019OCCUPATION ! \u00bb No. 935 - PAJU<\/title>\n<meta name=\"robots\" content=\"index, follow, max-snippet:-1, max-image-preview:large, max-video-preview:-1\" \/>\n<link rel=\"canonical\" href=\"https:\/\/paju.org\/fr\/que-cesse-loccupation-no-935\/\" \/>\n<meta property=\"og:locale\" content=\"fr_FR\" \/>\n<meta property=\"og:type\" content=\"article\" \/>\n<meta property=\"og:title\" content=\"\u00ab QUE CESSE L\u2019OCCUPATION ! \u00bb No. 935 - PAJU\" \/>\n<meta property=\"og:description\" content=\"Rupture entre Juifs am\u00e9ricains et Juifs isra\u00e9liens Le New York Times contient un long article ayant comme titre \u00ab American Jews and Israeli Jews Break Up \u00bb (\u00ab Juifs isra\u00e9liens [&hellip;]\" \/>\n<meta property=\"og:site_name\" content=\"PAJU\" \/>\n<meta property=\"article:publisher\" content=\"https:\/\/www.facebook.com\/pajumontreal\" \/>\n<meta property=\"article:published_time\" content=\"2019-01-11T20:40:14+00:00\" \/>\n<meta property=\"article:modified_time\" content=\"2022-03-02T15:59:03+00:00\" \/>\n<meta property=\"og:image\" content=\"https:\/\/paju.org\/wp-content\/uploads\/2022\/02\/tract-picket.jpg\" \/>\n\t<meta property=\"og:image:width\" content=\"960\" \/>\n\t<meta property=\"og:image:height\" content=\"720\" \/>\n\t<meta property=\"og:image:type\" content=\"image\/jpeg\" \/>\n<meta name=\"author\" content=\"PAJU\" \/>\n<meta name=\"twitter:card\" content=\"summary_large_image\" \/>\n<meta name=\"twitter:label1\" content=\"\u00c9crit par\" \/>\n\t<meta name=\"twitter:data1\" content=\"PAJU\" \/>\n\t<meta name=\"twitter:label2\" content=\"Dur\u00e9e de lecture estim\u00e9e\" \/>\n\t<meta name=\"twitter:data2\" content=\"4 minutes\" \/>\n<script type=\"application\/ld+json\" class=\"yoast-schema-graph\">{\"@context\":\"https:\/\/schema.org\",\"@graph\":[{\"@type\":\"Article\",\"@id\":\"https:\/\/paju.org\/fr\/que-cesse-loccupation-no-935\/#article\",\"isPartOf\":{\"@id\":\"https:\/\/paju.org\/fr\/que-cesse-loccupation-no-935\/\"},\"author\":{\"name\":\"PAJU\",\"@id\":\"https:\/\/paju.org\/fr\/#\/schema\/person\/329c80ae8a3b11562a4f709eaa6ebfc6\"},\"headline\":\"\u00ab QUE CESSE L\u2019OCCUPATION ! \u00bb No. 935\",\"datePublished\":\"2019-01-11T20:40:14+00:00\",\"dateModified\":\"2022-03-02T15:59:03+00:00\",\"mainEntityOfPage\":{\"@id\":\"https:\/\/paju.org\/fr\/que-cesse-loccupation-no-935\/\"},\"wordCount\":834,\"publisher\":{\"@id\":\"https:\/\/paju.org\/fr\/#organization\"},\"image\":{\"@id\":\"https:\/\/paju.org\/fr\/que-cesse-loccupation-no-935\/#primaryimage\"},\"thumbnailUrl\":\"http:\/\/paju.org\/wp-content\/uploads\/2019\/01\/935-300x252.jpg\",\"articleSection\":[\"Notre bulletin\"],\"inLanguage\":\"fr-FR\"},{\"@type\":\"WebPage\",\"@id\":\"https:\/\/paju.org\/fr\/que-cesse-loccupation-no-935\/\",\"url\":\"https:\/\/paju.org\/fr\/que-cesse-loccupation-no-935\/\",\"name\":\"\u00ab QUE CESSE L\u2019OCCUPATION ! \u00bb No. 935 - PAJU\",\"isPartOf\":{\"@id\":\"https:\/\/paju.org\/fr\/#website\"},\"primaryImageOfPage\":{\"@id\":\"https:\/\/paju.org\/fr\/que-cesse-loccupation-no-935\/#primaryimage\"},\"image\":{\"@id\":\"https:\/\/paju.org\/fr\/que-cesse-loccupation-no-935\/#primaryimage\"},\"thumbnailUrl\":\"http:\/\/paju.org\/wp-content\/uploads\/2019\/01\/935-300x252.jpg\",\"datePublished\":\"2019-01-11T20:40:14+00:00\",\"dateModified\":\"2022-03-02T15:59:03+00:00\",\"breadcrumb\":{\"@id\":\"https:\/\/paju.org\/fr\/que-cesse-loccupation-no-935\/#breadcrumb\"},\"inLanguage\":\"fr-FR\",\"potentialAction\":[{\"@type\":\"ReadAction\",\"target\":[\"https:\/\/paju.org\/fr\/que-cesse-loccupation-no-935\/\"]}]},{\"@type\":\"ImageObject\",\"inLanguage\":\"fr-FR\",\"@id\":\"https:\/\/paju.org\/fr\/que-cesse-loccupation-no-935\/#primaryimage\",\"url\":\"http:\/\/paju.org\/wp-content\/uploads\/2019\/01\/935-300x252.jpg\",\"contentUrl\":\"http:\/\/paju.org\/wp-content\/uploads\/2019\/01\/935-300x252.jpg\"},{\"@type\":\"BreadcrumbList\",\"@id\":\"https:\/\/paju.org\/fr\/que-cesse-loccupation-no-935\/#breadcrumb\",\"itemListElement\":[{\"@type\":\"ListItem\",\"position\":1,\"name\":\"Home\",\"item\":\"https:\/\/paju.org\/fr\/\"},{\"@type\":\"ListItem\",\"position\":2,\"name\":\"\u00ab QUE CESSE L\u2019OCCUPATION ! \u00bb No. 935\"}]},{\"@type\":\"WebSite\",\"@id\":\"https:\/\/paju.org\/fr\/#website\",\"url\":\"https:\/\/paju.org\/fr\/\",\"name\":\"PAJU\",\"description\":\"\",\"publisher\":{\"@id\":\"https:\/\/paju.org\/fr\/#organization\"},\"potentialAction\":[{\"@type\":\"SearchAction\",\"target\":{\"@type\":\"EntryPoint\",\"urlTemplate\":\"https:\/\/paju.org\/fr\/?s={search_term_string}\"},\"query-input\":{\"@type\":\"PropertyValueSpecification\",\"valueRequired\":true,\"valueName\":\"search_term_string\"}}],\"inLanguage\":\"fr-FR\"},{\"@type\":\"Organization\",\"@id\":\"https:\/\/paju.org\/fr\/#organization\",\"name\":\"Palestinian and Jewish Unity\",\"url\":\"https:\/\/paju.org\/fr\/\",\"logo\":{\"@type\":\"ImageObject\",\"inLanguage\":\"fr-FR\",\"@id\":\"https:\/\/paju.org\/fr\/#\/schema\/logo\/image\/\",\"url\":\"https:\/\/paju.org\/wp-content\/uploads\/PAJU-Logo.png\",\"contentUrl\":\"https:\/\/paju.org\/wp-content\/uploads\/PAJU-Logo.png\",\"width\":696,\"height\":293,\"caption\":\"Palestinian and Jewish Unity\"},\"image\":{\"@id\":\"https:\/\/paju.org\/fr\/#\/schema\/logo\/image\/\"},\"sameAs\":[\"https:\/\/www.facebook.com\/pajumontreal\",\"https:\/\/www.instagram.com\/pajumontreal\/\"]},{\"@type\":\"Person\",\"@id\":\"https:\/\/paju.org\/fr\/#\/schema\/person\/329c80ae8a3b11562a4f709eaa6ebfc6\",\"name\":\"PAJU\",\"image\":{\"@type\":\"ImageObject\",\"inLanguage\":\"fr-FR\",\"@id\":\"https:\/\/paju.org\/fr\/#\/schema\/person\/image\/\",\"url\":\"https:\/\/secure.gravatar.com\/avatar\/add00ab44460a1b9b8dcff1854bb07dba0ac5e3135473daf39201d280ad20f18?s=96&d=mm&r=g\",\"contentUrl\":\"https:\/\/secure.gravatar.com\/avatar\/add00ab44460a1b9b8dcff1854bb07dba0ac5e3135473daf39201d280ad20f18?s=96&d=mm&r=g\",\"caption\":\"PAJU\"},\"url\":\"https:\/\/paju.org\/fr\/author\/chadi\/\"}]}<\/script>\n<!-- \/ Yoast SEO plugin. -->","yoast_head_json":{"title":"\u00ab QUE CESSE L\u2019OCCUPATION ! \u00bb No. 935 - PAJU","robots":{"index":"index","follow":"follow","max-snippet":"max-snippet:-1","max-image-preview":"max-image-preview:large","max-video-preview":"max-video-preview:-1"},"canonical":"https:\/\/paju.org\/fr\/que-cesse-loccupation-no-935\/","og_locale":"fr_FR","og_type":"article","og_title":"\u00ab QUE CESSE L\u2019OCCUPATION ! \u00bb No. 935 - PAJU","og_description":"Rupture entre Juifs am\u00e9ricains et Juifs isra\u00e9liens Le New York Times contient un long article ayant comme titre \u00ab American Jews and Israeli Jews Break Up \u00bb (\u00ab Juifs isra\u00e9liens [&hellip;]","og_site_name":"PAJU","article_publisher":"https:\/\/www.facebook.com\/pajumontreal","article_published_time":"2019-01-11T20:40:14+00:00","article_modified_time":"2022-03-02T15:59:03+00:00","og_image":[{"width":960,"height":720,"url":"https:\/\/paju.org\/wp-content\/uploads\/2022\/02\/tract-picket.jpg","type":"image\/jpeg"}],"author":"PAJU","twitter_card":"summary_large_image","twitter_misc":{"\u00c9crit par":"PAJU","Dur\u00e9e de lecture estim\u00e9e":"4 minutes"},"schema":{"@context":"https:\/\/schema.org","@graph":[{"@type":"Article","@id":"https:\/\/paju.org\/fr\/que-cesse-loccupation-no-935\/#article","isPartOf":{"@id":"https:\/\/paju.org\/fr\/que-cesse-loccupation-no-935\/"},"author":{"name":"PAJU","@id":"https:\/\/paju.org\/fr\/#\/schema\/person\/329c80ae8a3b11562a4f709eaa6ebfc6"},"headline":"\u00ab QUE CESSE L\u2019OCCUPATION ! \u00bb No. 935","datePublished":"2019-01-11T20:40:14+00:00","dateModified":"2022-03-02T15:59:03+00:00","mainEntityOfPage":{"@id":"https:\/\/paju.org\/fr\/que-cesse-loccupation-no-935\/"},"wordCount":834,"publisher":{"@id":"https:\/\/paju.org\/fr\/#organization"},"image":{"@id":"https:\/\/paju.org\/fr\/que-cesse-loccupation-no-935\/#primaryimage"},"thumbnailUrl":"http:\/\/paju.org\/wp-content\/uploads\/2019\/01\/935-300x252.jpg","articleSection":["Notre bulletin"],"inLanguage":"fr-FR"},{"@type":"WebPage","@id":"https:\/\/paju.org\/fr\/que-cesse-loccupation-no-935\/","url":"https:\/\/paju.org\/fr\/que-cesse-loccupation-no-935\/","name":"\u00ab QUE CESSE L\u2019OCCUPATION ! \u00bb No. 935 - PAJU","isPartOf":{"@id":"https:\/\/paju.org\/fr\/#website"},"primaryImageOfPage":{"@id":"https:\/\/paju.org\/fr\/que-cesse-loccupation-no-935\/#primaryimage"},"image":{"@id":"https:\/\/paju.org\/fr\/que-cesse-loccupation-no-935\/#primaryimage"},"thumbnailUrl":"http:\/\/paju.org\/wp-content\/uploads\/2019\/01\/935-300x252.jpg","datePublished":"2019-01-11T20:40:14+00:00","dateModified":"2022-03-02T15:59:03+00:00","breadcrumb":{"@id":"https:\/\/paju.org\/fr\/que-cesse-loccupation-no-935\/#breadcrumb"},"inLanguage":"fr-FR","potentialAction":[{"@type":"ReadAction","target":["https:\/\/paju.org\/fr\/que-cesse-loccupation-no-935\/"]}]},{"@type":"ImageObject","inLanguage":"fr-FR","@id":"https:\/\/paju.org\/fr\/que-cesse-loccupation-no-935\/#primaryimage","url":"http:\/\/paju.org\/wp-content\/uploads\/2019\/01\/935-300x252.jpg","contentUrl":"http:\/\/paju.org\/wp-content\/uploads\/2019\/01\/935-300x252.jpg"},{"@type":"BreadcrumbList","@id":"https:\/\/paju.org\/fr\/que-cesse-loccupation-no-935\/#breadcrumb","itemListElement":[{"@type":"ListItem","position":1,"name":"Home","item":"https:\/\/paju.org\/fr\/"},{"@type":"ListItem","position":2,"name":"\u00ab QUE CESSE L\u2019OCCUPATION ! \u00bb No. 935"}]},{"@type":"WebSite","@id":"https:\/\/paju.org\/fr\/#website","url":"https:\/\/paju.org\/fr\/","name":"PAJU","description":"","publisher":{"@id":"https:\/\/paju.org\/fr\/#organization"},"potentialAction":[{"@type":"SearchAction","target":{"@type":"EntryPoint","urlTemplate":"https:\/\/paju.org\/fr\/?s={search_term_string}"},"query-input":{"@type":"PropertyValueSpecification","valueRequired":true,"valueName":"search_term_string"}}],"inLanguage":"fr-FR"},{"@type":"Organization","@id":"https:\/\/paju.org\/fr\/#organization","name":"Palestinian and Jewish Unity","url":"https:\/\/paju.org\/fr\/","logo":{"@type":"ImageObject","inLanguage":"fr-FR","@id":"https:\/\/paju.org\/fr\/#\/schema\/logo\/image\/","url":"https:\/\/paju.org\/wp-content\/uploads\/PAJU-Logo.png","contentUrl":"https:\/\/paju.org\/wp-content\/uploads\/PAJU-Logo.png","width":696,"height":293,"caption":"Palestinian and Jewish Unity"},"image":{"@id":"https:\/\/paju.org\/fr\/#\/schema\/logo\/image\/"},"sameAs":["https:\/\/www.facebook.com\/pajumontreal","https:\/\/www.instagram.com\/pajumontreal\/"]},{"@type":"Person","@id":"https:\/\/paju.org\/fr\/#\/schema\/person\/329c80ae8a3b11562a4f709eaa6ebfc6","name":"PAJU","image":{"@type":"ImageObject","inLanguage":"fr-FR","@id":"https:\/\/paju.org\/fr\/#\/schema\/person\/image\/","url":"https:\/\/secure.gravatar.com\/avatar\/add00ab44460a1b9b8dcff1854bb07dba0ac5e3135473daf39201d280ad20f18?s=96&d=mm&r=g","contentUrl":"https:\/\/secure.gravatar.com\/avatar\/add00ab44460a1b9b8dcff1854bb07dba0ac5e3135473daf39201d280ad20f18?s=96&d=mm&r=g","caption":"PAJU"},"url":"https:\/\/paju.org\/fr\/author\/chadi\/"}]}},"_links":{"self":[{"href":"https:\/\/paju.org\/fr\/wp-json\/wp\/v2\/posts\/205","targetHints":{"allow":["GET"]}}],"collection":[{"href":"https:\/\/paju.org\/fr\/wp-json\/wp\/v2\/posts"}],"about":[{"href":"https:\/\/paju.org\/fr\/wp-json\/wp\/v2\/types\/post"}],"author":[{"embeddable":true,"href":"https:\/\/paju.org\/fr\/wp-json\/wp\/v2\/users\/1"}],"replies":[{"embeddable":true,"href":"https:\/\/paju.org\/fr\/wp-json\/wp\/v2\/comments?post=205"}],"version-history":[{"count":3,"href":"https:\/\/paju.org\/fr\/wp-json\/wp\/v2\/posts\/205\/revisions"}],"predecessor-version":[{"id":1832,"href":"https:\/\/paju.org\/fr\/wp-json\/wp\/v2\/posts\/205\/revisions\/1832"}],"wp:attachment":[{"href":"https:\/\/paju.org\/fr\/wp-json\/wp\/v2\/media?parent=205"}],"wp:term":[{"taxonomy":"category","embeddable":true,"href":"https:\/\/paju.org\/fr\/wp-json\/wp\/v2\/categories?post=205"},{"taxonomy":"post_tag","embeddable":true,"href":"https:\/\/paju.org\/fr\/wp-json\/wp\/v2\/tags?post=205"}],"curies":[{"name":"wp","href":"https:\/\/api.w.org\/{rel}","templated":true}]}}