{"id":201,"date":"2019-01-11T20:34:55","date_gmt":"2019-01-11T20:34:55","guid":{"rendered":"http:\/\/paju.org\/?p=201"},"modified":"2019-01-31T20:44:20","modified_gmt":"2019-01-31T20:44:20","slug":"end-of-occupation-no-935","status":"publish","type":"post","link":"https:\/\/paju.org\/fr\/end-of-occupation-no-935\/","title":{"rendered":"End of Occupation No 935"},"content":{"rendered":"<h3>American Jews and Israeli Jews Break Up<img loading=\"lazy\" decoding=\"async\" class=\"size-medium wp-image-202 alignright\" src=\"http:\/\/paju.org\/wp-content\/uploads\/2019\/01\/935-300x252.jpg\" alt=\"\" width=\"300\" height=\"252\" srcset=\"https:\/\/paju.org\/wp-content\/uploads\/2019\/01\/935-300x252.jpg 300w, https:\/\/paju.org\/wp-content\/uploads\/2019\/01\/935.jpg 600w\" sizes=\"(max-width: 300px) 100vw, 300px\" \/><\/h3>\n<p>The <em>New York Times<\/em> contains a long article (<a href=\"https:\/\/www.nytimes.com\/2019\/01\/04\/opinion\/sunday\/israeli-jews-american-jews-divide.html\">https:\/\/www.nytimes.com\/2019\/01\/04\/opinion\/sunday\/israeli-jews-american-jews-divide.html<\/a>) titled &nbsp;\u201cAmerican Jews and Israeli Jews Break Up,\u201d that lots of people are passing around. Author Jonathan Weisman, deputy Washington editor, avers that increasingly American Jews regard Israel as another rightwing foreign country that is aligned with \u201ctheir existential threat\u201d Donald Trump; and so the Israel lobby is losing its hold in Jewish life.<\/p>\n<p>Some of Weisman\u2019s revelations in the piece \u2014 stark for a newspaper readership that is usually fed Zionist propaganda \u2014 are:<\/p>\n<p><em>[T]he movement to boycott, divest from and sanction Israel (BDS) grows stronger on American campuses, and new voices are emerging in the Democratic Party, such as Representatives Ilhan Omar of Minnesota and Rashida Tlaib of Michigan, who are willing to speak openly about Palestinian rights and autonomy where other lawmakers have declined to do so.<\/em><\/p>\n<p>and<\/p>\n<p><em>[by] scuttling the Obama-era Iran nuclear deal\u2026&nbsp; in moving the American Embassy from Tel Aviv to Jerusalem, [Donald Trump is] basically doing whatever the government of Benjamin Netanyahu asks<\/em><\/p>\n<p>and<\/p>\n<p><em>The two-state solution is increasingly feeling like a cruel joke.&nbsp;American Jews\u2019 rabbis and lay leaders counsel them to be vigilant against any other solution, such as granting Palestinians full rights in a greater Israel, because those solutions would dilute or destroy Israel\u2019s identity as a Jewish state.<\/em><\/p>\n<p>So: equal rights might be a solution! Many of the comments on the piece are critical of Israel, and many are from Jews.<\/p>\n<p>Weisman even says a word about Palestinian conditions (!) and states accurately that younger Jews see Israel as a bully.<\/p>\n<p><em>Older American Jews, more viscerally aware of the Holocaust and connected to the living history of the Jewish state, are generally willing to look past Israeli government actions that challenge their values. Or they embrace those actions. Younger American Jews do not typically remember Israel as the David against regional Goliaths. They see a bully, armed and indifferent, 45 years past the Yom Kippur War, the last conflict that threatened Israel\u2019s existence.<\/em><\/p>\n<p>He relates Rabbi Daniel Zemel\u2019s&nbsp;<a href=\"https:\/\/mondoweiss.net\/2018\/09\/understand-leading-israelists\/\">appeal to American Jews to act<\/a>&nbsp;to counter nationalism and racism in Israel before it is too late. But American Jews don\u2019t care, Weisman says. Not everyone is a Zionist!<\/p>\n<p><em>Zionism divided American Jewry for much of the latter 19th century and the first half of the 20th century. Those divisions remained in the early decades of the Jewish state, fading only with the triumph of the Arab-Israeli War of 1967 and the peril of the Yom Kippur War.<\/em><\/p>\n<p><em>Now many American Jews, especially young American Jews, would say, Israel is Israel\u2019s problem. We have our own.<\/em><\/p>\n<p><em>There are roughly 6.5 million Jews in Israel. There are roughly 5.7 million Jews in America. Increasingly, they see the world in starkly different ways.<\/em><\/p>\n<p><em>The Great Schism is upon us.<\/em><\/p>\n<p>Weisman\u2019s report is echoed by the Union for Reform Judaism,&nbsp;<a href=\"https:\/\/reformjudaism.org\/blog\/2019\/01\/03\/together-we-can-letter-116th-congress-0\">whose annual letter to the Congress<\/a>&nbsp;has almost nothing to say about Israel. Refugees, health care, voter suppression, LGBTQ rights, the Rohingya Muslims, women\u2019s rights are the good liberal Asks, and there is just one line about \u201cthe security of a Jewish state in Israel\u201d and the two-state solution. The Reforms know the young Jews are not keen on Zionism.<\/p>\n<p>Weisman\u2019s article is most noteworthy as a mate&nbsp;<a href=\"https:\/\/mondoweiss.net\/2018\/12\/israel-delegitimized-last\/\">to Michelle Goldberg\u2019s recent column<\/a> saying that anti-Zionism is not anti-Semitism. There is a non-Zionist bloc at the very-pro-Israel New York Times, and it\u2019s putting its head above the trenches at last. Anti-Zionism is finally getting mentioned by the mainstream press.<\/p>\n<p><strong>Adapted from:<\/strong> <a href=\"https:\/\/mondoweiss.net\/2019\/01\/article-abandoning-solution\/?utm_source=Mondoweiss+List&amp;utm_campaign=7d79d0ef54-RSS_EMAIL_CAMPAIGN&amp;utm_medium=email&amp;utm_term=0_b86bace129-7d79d0ef54-398526217&amp;mc_cid=7d79d0ef54&amp;mc_eid=db022c7307\">https:\/\/mondoweiss.net\/2019\/01\/article-abandoning-solution\/?utm_source=Mondoweiss+List&amp;utm_campaign=7d79d0ef54-RSS_EMAIL_CAMPAIGN&amp;utm_medium=email&amp;utm_term=0_b86bace129-7d79d0ef54-398526217&amp;mc_cid=7d79d0ef54&amp;mc_eid=db022c7307<\/a><\/p>\n<p><strong>DISTRIBUTED BY PAJU (PALESTINIAN AND JEWISH UNITY)<\/strong><\/p>\n<p><strong>WWW.PAJUMONTREAL.ORG<\/strong><\/p>\n","protected":false},"excerpt":{"rendered":"<p>American Jews and Israeli Jews Break Up The New York Times contains a long article (https:\/\/www.nytimes.com\/2019\/01\/04\/opinion\/sunday\/israeli-jews-american-jews-divide.html) titled &nbsp;\u201cAmerican Jews and Israeli Jews Break Up,\u201d that lots of people are passing [&hellip;]<\/p>\n","protected":false},"author":1,"featured_media":0,"comment_status":"closed","ping_status":"closed","sticky":false,"template":"","format":"standard","meta":{"_acf_changed":false,"_et_pb_use_builder":"","_et_pb_old_content":"","_et_gb_content_width":"","footnotes":""},"categories":[7],"tags":[],"class_list":["post-201","post","type-post","status-publish","format-standard","hentry","category-non-classifiee"],"acf":[],"yoast_head":"<!-- This site is optimized with the Yoast SEO plugin v25.8 - https:\/\/yoast.com\/wordpress\/plugins\/seo\/ -->\n<title>End of Occupation No 935 - PAJU<\/title>\n<meta name=\"robots\" content=\"index, follow, max-snippet:-1, max-image-preview:large, max-video-preview:-1\" \/>\n<link rel=\"canonical\" href=\"https:\/\/paju.org\/fr\/end-of-occupation-no-935\/\" \/>\n<meta property=\"og:locale\" content=\"fr_FR\" \/>\n<meta property=\"og:type\" content=\"article\" \/>\n<meta property=\"og:title\" content=\"End of Occupation No 935 - PAJU\" \/>\n<meta property=\"og:description\" content=\"American Jews and Israeli Jews Break Up The New York Times contains a long article (https:\/\/www.nytimes.com\/2019\/01\/04\/opinion\/sunday\/israeli-jews-american-jews-divide.html) titled &nbsp;\u201cAmerican Jews and Israeli Jews Break Up,\u201d that lots of people are passing [&hellip;]\" \/>\n<meta property=\"og:site_name\" content=\"PAJU\" \/>\n<meta property=\"article:publisher\" content=\"https:\/\/www.facebook.com\/pajumontreal\" \/>\n<meta property=\"article:published_time\" content=\"2019-01-11T20:34:55+00:00\" \/>\n<meta property=\"article:modified_time\" content=\"2019-01-31T20:44:20+00:00\" \/>\n<meta property=\"og:image\" content=\"https:\/\/paju.org\/wp-content\/uploads\/2022\/02\/tract-picket.jpg\" \/>\n\t<meta property=\"og:image:width\" content=\"960\" \/>\n\t<meta property=\"og:image:height\" content=\"720\" \/>\n\t<meta property=\"og:image:type\" content=\"image\/jpeg\" \/>\n<meta name=\"author\" content=\"PAJU\" \/>\n<meta name=\"twitter:card\" content=\"summary_large_image\" \/>\n<meta name=\"twitter:label1\" content=\"\u00c9crit par\" \/>\n\t<meta name=\"twitter:data1\" content=\"PAJU\" \/>\n\t<meta name=\"twitter:label2\" content=\"Dur\u00e9e de lecture estim\u00e9e\" \/>\n\t<meta name=\"twitter:data2\" content=\"3 minutes\" \/>\n<script type=\"application\/ld+json\" class=\"yoast-schema-graph\">{\"@context\":\"https:\/\/schema.org\",\"@graph\":[{\"@type\":\"Article\",\"@id\":\"https:\/\/paju.org\/fr\/end-of-occupation-no-935\/#article\",\"isPartOf\":{\"@id\":\"https:\/\/paju.org\/fr\/end-of-occupation-no-935\/\"},\"author\":{\"name\":\"PAJU\",\"@id\":\"https:\/\/paju.org\/fr\/#\/schema\/person\/329c80ae8a3b11562a4f709eaa6ebfc6\"},\"headline\":\"End of Occupation No 935\",\"datePublished\":\"2019-01-11T20:34:55+00:00\",\"dateModified\":\"2019-01-31T20:44:20+00:00\",\"mainEntityOfPage\":{\"@id\":\"https:\/\/paju.org\/fr\/end-of-occupation-no-935\/\"},\"wordCount\":670,\"publisher\":{\"@id\":\"https:\/\/paju.org\/fr\/#organization\"},\"image\":{\"@id\":\"https:\/\/paju.org\/fr\/end-of-occupation-no-935\/#primaryimage\"},\"thumbnailUrl\":\"http:\/\/paju.org\/wp-content\/uploads\/2019\/01\/935-300x252.jpg\",\"articleSection\":[\"Non classifi\u00e9(e)\"],\"inLanguage\":\"fr-FR\"},{\"@type\":\"WebPage\",\"@id\":\"https:\/\/paju.org\/fr\/end-of-occupation-no-935\/\",\"url\":\"https:\/\/paju.org\/fr\/end-of-occupation-no-935\/\",\"name\":\"End of Occupation No 935 - PAJU\",\"isPartOf\":{\"@id\":\"https:\/\/paju.org\/fr\/#website\"},\"primaryImageOfPage\":{\"@id\":\"https:\/\/paju.org\/fr\/end-of-occupation-no-935\/#primaryimage\"},\"image\":{\"@id\":\"https:\/\/paju.org\/fr\/end-of-occupation-no-935\/#primaryimage\"},\"thumbnailUrl\":\"http:\/\/paju.org\/wp-content\/uploads\/2019\/01\/935-300x252.jpg\",\"datePublished\":\"2019-01-11T20:34:55+00:00\",\"dateModified\":\"2019-01-31T20:44:20+00:00\",\"breadcrumb\":{\"@id\":\"https:\/\/paju.org\/fr\/end-of-occupation-no-935\/#breadcrumb\"},\"inLanguage\":\"fr-FR\",\"potentialAction\":[{\"@type\":\"ReadAction\",\"target\":[\"https:\/\/paju.org\/fr\/end-of-occupation-no-935\/\"]}]},{\"@type\":\"ImageObject\",\"inLanguage\":\"fr-FR\",\"@id\":\"https:\/\/paju.org\/fr\/end-of-occupation-no-935\/#primaryimage\",\"url\":\"http:\/\/paju.org\/wp-content\/uploads\/2019\/01\/935-300x252.jpg\",\"contentUrl\":\"http:\/\/paju.org\/wp-content\/uploads\/2019\/01\/935-300x252.jpg\"},{\"@type\":\"BreadcrumbList\",\"@id\":\"https:\/\/paju.org\/fr\/end-of-occupation-no-935\/#breadcrumb\",\"itemListElement\":[{\"@type\":\"ListItem\",\"position\":1,\"name\":\"Home\",\"item\":\"https:\/\/paju.org\/fr\/\"},{\"@type\":\"ListItem\",\"position\":2,\"name\":\"End of Occupation No 935\"}]},{\"@type\":\"WebSite\",\"@id\":\"https:\/\/paju.org\/fr\/#website\",\"url\":\"https:\/\/paju.org\/fr\/\",\"name\":\"PAJU\",\"description\":\"\",\"publisher\":{\"@id\":\"https:\/\/paju.org\/fr\/#organization\"},\"potentialAction\":[{\"@type\":\"SearchAction\",\"target\":{\"@type\":\"EntryPoint\",\"urlTemplate\":\"https:\/\/paju.org\/fr\/?s={search_term_string}\"},\"query-input\":{\"@type\":\"PropertyValueSpecification\",\"valueRequired\":true,\"valueName\":\"search_term_string\"}}],\"inLanguage\":\"fr-FR\"},{\"@type\":\"Organization\",\"@id\":\"https:\/\/paju.org\/fr\/#organization\",\"name\":\"Palestinian and Jewish Unity\",\"url\":\"https:\/\/paju.org\/fr\/\",\"logo\":{\"@type\":\"ImageObject\",\"inLanguage\":\"fr-FR\",\"@id\":\"https:\/\/paju.org\/fr\/#\/schema\/logo\/image\/\",\"url\":\"https:\/\/paju.org\/wp-content\/uploads\/PAJU-Logo.png\",\"contentUrl\":\"https:\/\/paju.org\/wp-content\/uploads\/PAJU-Logo.png\",\"width\":696,\"height\":293,\"caption\":\"Palestinian and Jewish Unity\"},\"image\":{\"@id\":\"https:\/\/paju.org\/fr\/#\/schema\/logo\/image\/\"},\"sameAs\":[\"https:\/\/www.facebook.com\/pajumontreal\",\"https:\/\/www.instagram.com\/pajumontreal\/\"]},{\"@type\":\"Person\",\"@id\":\"https:\/\/paju.org\/fr\/#\/schema\/person\/329c80ae8a3b11562a4f709eaa6ebfc6\",\"name\":\"PAJU\",\"image\":{\"@type\":\"ImageObject\",\"inLanguage\":\"fr-FR\",\"@id\":\"https:\/\/paju.org\/fr\/#\/schema\/person\/image\/\",\"url\":\"https:\/\/secure.gravatar.com\/avatar\/add00ab44460a1b9b8dcff1854bb07dba0ac5e3135473daf39201d280ad20f18?s=96&d=mm&r=g\",\"contentUrl\":\"https:\/\/secure.gravatar.com\/avatar\/add00ab44460a1b9b8dcff1854bb07dba0ac5e3135473daf39201d280ad20f18?s=96&d=mm&r=g\",\"caption\":\"PAJU\"},\"url\":\"https:\/\/paju.org\/fr\/author\/chadi\/\"}]}<\/script>\n<!-- \/ Yoast SEO plugin. -->","yoast_head_json":{"title":"End of Occupation No 935 - PAJU","robots":{"index":"index","follow":"follow","max-snippet":"max-snippet:-1","max-image-preview":"max-image-preview:large","max-video-preview":"max-video-preview:-1"},"canonical":"https:\/\/paju.org\/fr\/end-of-occupation-no-935\/","og_locale":"fr_FR","og_type":"article","og_title":"End of Occupation No 935 - PAJU","og_description":"American Jews and Israeli Jews Break Up The New York Times contains a long article (https:\/\/www.nytimes.com\/2019\/01\/04\/opinion\/sunday\/israeli-jews-american-jews-divide.html) titled &nbsp;\u201cAmerican Jews and Israeli Jews Break Up,\u201d that lots of people are passing [&hellip;]","og_site_name":"PAJU","article_publisher":"https:\/\/www.facebook.com\/pajumontreal","article_published_time":"2019-01-11T20:34:55+00:00","article_modified_time":"2019-01-31T20:44:20+00:00","og_image":[{"width":960,"height":720,"url":"https:\/\/paju.org\/wp-content\/uploads\/2022\/02\/tract-picket.jpg","type":"image\/jpeg"}],"author":"PAJU","twitter_card":"summary_large_image","twitter_misc":{"\u00c9crit par":"PAJU","Dur\u00e9e de lecture estim\u00e9e":"3 minutes"},"schema":{"@context":"https:\/\/schema.org","@graph":[{"@type":"Article","@id":"https:\/\/paju.org\/fr\/end-of-occupation-no-935\/#article","isPartOf":{"@id":"https:\/\/paju.org\/fr\/end-of-occupation-no-935\/"},"author":{"name":"PAJU","@id":"https:\/\/paju.org\/fr\/#\/schema\/person\/329c80ae8a3b11562a4f709eaa6ebfc6"},"headline":"End of Occupation No 935","datePublished":"2019-01-11T20:34:55+00:00","dateModified":"2019-01-31T20:44:20+00:00","mainEntityOfPage":{"@id":"https:\/\/paju.org\/fr\/end-of-occupation-no-935\/"},"wordCount":670,"publisher":{"@id":"https:\/\/paju.org\/fr\/#organization"},"image":{"@id":"https:\/\/paju.org\/fr\/end-of-occupation-no-935\/#primaryimage"},"thumbnailUrl":"http:\/\/paju.org\/wp-content\/uploads\/2019\/01\/935-300x252.jpg","articleSection":["Non classifi\u00e9(e)"],"inLanguage":"fr-FR"},{"@type":"WebPage","@id":"https:\/\/paju.org\/fr\/end-of-occupation-no-935\/","url":"https:\/\/paju.org\/fr\/end-of-occupation-no-935\/","name":"End of Occupation No 935 - PAJU","isPartOf":{"@id":"https:\/\/paju.org\/fr\/#website"},"primaryImageOfPage":{"@id":"https:\/\/paju.org\/fr\/end-of-occupation-no-935\/#primaryimage"},"image":{"@id":"https:\/\/paju.org\/fr\/end-of-occupation-no-935\/#primaryimage"},"thumbnailUrl":"http:\/\/paju.org\/wp-content\/uploads\/2019\/01\/935-300x252.jpg","datePublished":"2019-01-11T20:34:55+00:00","dateModified":"2019-01-31T20:44:20+00:00","breadcrumb":{"@id":"https:\/\/paju.org\/fr\/end-of-occupation-no-935\/#breadcrumb"},"inLanguage":"fr-FR","potentialAction":[{"@type":"ReadAction","target":["https:\/\/paju.org\/fr\/end-of-occupation-no-935\/"]}]},{"@type":"ImageObject","inLanguage":"fr-FR","@id":"https:\/\/paju.org\/fr\/end-of-occupation-no-935\/#primaryimage","url":"http:\/\/paju.org\/wp-content\/uploads\/2019\/01\/935-300x252.jpg","contentUrl":"http:\/\/paju.org\/wp-content\/uploads\/2019\/01\/935-300x252.jpg"},{"@type":"BreadcrumbList","@id":"https:\/\/paju.org\/fr\/end-of-occupation-no-935\/#breadcrumb","itemListElement":[{"@type":"ListItem","position":1,"name":"Home","item":"https:\/\/paju.org\/fr\/"},{"@type":"ListItem","position":2,"name":"End of Occupation No 935"}]},{"@type":"WebSite","@id":"https:\/\/paju.org\/fr\/#website","url":"https:\/\/paju.org\/fr\/","name":"PAJU","description":"","publisher":{"@id":"https:\/\/paju.org\/fr\/#organization"},"potentialAction":[{"@type":"SearchAction","target":{"@type":"EntryPoint","urlTemplate":"https:\/\/paju.org\/fr\/?s={search_term_string}"},"query-input":{"@type":"PropertyValueSpecification","valueRequired":true,"valueName":"search_term_string"}}],"inLanguage":"fr-FR"},{"@type":"Organization","@id":"https:\/\/paju.org\/fr\/#organization","name":"Palestinian and Jewish Unity","url":"https:\/\/paju.org\/fr\/","logo":{"@type":"ImageObject","inLanguage":"fr-FR","@id":"https:\/\/paju.org\/fr\/#\/schema\/logo\/image\/","url":"https:\/\/paju.org\/wp-content\/uploads\/PAJU-Logo.png","contentUrl":"https:\/\/paju.org\/wp-content\/uploads\/PAJU-Logo.png","width":696,"height":293,"caption":"Palestinian and Jewish Unity"},"image":{"@id":"https:\/\/paju.org\/fr\/#\/schema\/logo\/image\/"},"sameAs":["https:\/\/www.facebook.com\/pajumontreal","https:\/\/www.instagram.com\/pajumontreal\/"]},{"@type":"Person","@id":"https:\/\/paju.org\/fr\/#\/schema\/person\/329c80ae8a3b11562a4f709eaa6ebfc6","name":"PAJU","image":{"@type":"ImageObject","inLanguage":"fr-FR","@id":"https:\/\/paju.org\/fr\/#\/schema\/person\/image\/","url":"https:\/\/secure.gravatar.com\/avatar\/add00ab44460a1b9b8dcff1854bb07dba0ac5e3135473daf39201d280ad20f18?s=96&d=mm&r=g","contentUrl":"https:\/\/secure.gravatar.com\/avatar\/add00ab44460a1b9b8dcff1854bb07dba0ac5e3135473daf39201d280ad20f18?s=96&d=mm&r=g","caption":"PAJU"},"url":"https:\/\/paju.org\/fr\/author\/chadi\/"}]}},"_links":{"self":[{"href":"https:\/\/paju.org\/fr\/wp-json\/wp\/v2\/posts\/201","targetHints":{"allow":["GET"]}}],"collection":[{"href":"https:\/\/paju.org\/fr\/wp-json\/wp\/v2\/posts"}],"about":[{"href":"https:\/\/paju.org\/fr\/wp-json\/wp\/v2\/types\/post"}],"author":[{"embeddable":true,"href":"https:\/\/paju.org\/fr\/wp-json\/wp\/v2\/users\/1"}],"replies":[{"embeddable":true,"href":"https:\/\/paju.org\/fr\/wp-json\/wp\/v2\/comments?post=201"}],"version-history":[{"count":3,"href":"https:\/\/paju.org\/fr\/wp-json\/wp\/v2\/posts\/201\/revisions"}],"predecessor-version":[{"id":208,"href":"https:\/\/paju.org\/fr\/wp-json\/wp\/v2\/posts\/201\/revisions\/208"}],"wp:attachment":[{"href":"https:\/\/paju.org\/fr\/wp-json\/wp\/v2\/media?parent=201"}],"wp:term":[{"taxonomy":"category","embeddable":true,"href":"https:\/\/paju.org\/fr\/wp-json\/wp\/v2\/categories?post=201"},{"taxonomy":"post_tag","embeddable":true,"href":"https:\/\/paju.org\/fr\/wp-json\/wp\/v2\/tags?post=201"}],"curies":[{"name":"wp","href":"https:\/\/api.w.org\/{rel}","templated":true}]}}