{"id":1786,"date":"2019-02-15T21:39:11","date_gmt":"2019-02-15T21:39:11","guid":{"rendered":"http:\/\/paju.org\/?p=1786"},"modified":"2019-02-21T18:52:28","modified_gmt":"2019-02-21T18:52:28","slug":"eurovision-peter-gabriel-vivienne-westwood-and-more-urge-bbc-to-move-the-competition-from-israel","status":"publish","type":"post","link":"https:\/\/paju.org\/fr\/eurovision-peter-gabriel-vivienne-westwood-and-more-urge-bbc-to-move-the-competition-from-israel\/","title":{"rendered":"&#8220;END OF OCCUPATION!&#8221; No 940"},"content":{"rendered":"<h3><a href=\"https:\/\/www.independent.co.uk\/topic\/PeterGabriel\">Eurovision: Peter Gabriel, Vivienne Westwood and more urge BBC to move the competition from Israel<\/a><\/h3>\n<p><a href=\"https:\/\/www.independent.co.uk\/topic\/PeterGabriel\">Peter Gabriel<\/a>, <a href=\"https:\/\/www.independent.co.uk\/topic\/VivienneWestwood\">Vivienne Westwood <\/a>and <a href=\"https:\/\/www.independent.co.uk\/topic\/roger-waters\">Roger Waters<\/a> are among those British cultural figures to sign an open letter asking the BBC to push <a href=\"https:\/\/www.independent.co.uk\/topic\/eurovision\"><em>Eurovision<\/em><\/a> on moving the competition from Israel. \u201cEurovision may be light entertainment,\u201d the letter published in <em><a href=\"https:\/\/www.theguardian.com\/tv-and-radio\/2019\/jan\/29\/the-bbc-should-press-for-eurovision-to-be-moved-from-israel\">The Guardian<\/a><\/em> reads, \u201dbut it is not exempt from human rights considerations \u2013 and we cannot ignore Israel\u2019s systematic violation of Palestinian human rights.\u201d Israel are set to host the singing competition after the country\u2019s entry \u2013 Netta, with the song \u201cToy\u201d \u2013 won the 2018 edition. <img loading=\"lazy\" decoding=\"async\" class=\"size-medium wp-image-1782 alignright\" src=\"http:\/\/paju.org\/wp-content\/uploads\/2019\/02\/940-300x158.png\" alt=\"\" width=\"300\" height=\"158\" srcset=\"https:\/\/paju.org\/wp-content\/uploads\/2019\/02\/940-300x158.png 300w, https:\/\/paju.org\/wp-content\/uploads\/2019\/02\/940-768x403.png 768w, https:\/\/paju.org\/wp-content\/uploads\/2019\/02\/940-1024x538.png 1024w, https:\/\/paju.org\/wp-content\/uploads\/2019\/02\/940.png 1200w\" sizes=\"(max-width: 300px) 100vw, 300px\" \/>The Prime Minister of Israel, Benjamin Netanyahu, had wanted to hold the 2019 competition in Jerusalem, but the city\u2019s nationality has been heavily disputed, with Palestine claiming ownership over the Israeli-occupied area. The competition will instead take place in Tel Aviv. The letter, also signed by the band Wolf Alice and director Mike Leigh, continues: \u201cThe European Broadcasting Union chose Tel Aviv as the venue over occupied Jerusalem \u2013 but this does nothing to protect.&#8221;<!--more--><\/p>\n<p>Palestinians from land theft, evictions, shootings, beatings and more by Israel\u2019s security forces. \u201cWhen discrimination and exclusion are so deeply embedded, Eurovision 2019\u2019s claim to celebrate diversity and inclusion must ring hollow. Much more in tune with \u2018inclusivity\u2019 is the outpouring of support across Europe for the Palestinian call for artists and broadcasters not to go to Tel Aviv. \u201cThe BBC is bound by its charter to \u2018champion freedom of expression\u2019. It should act on its principles and press for Eurovision to be relocated to a country where crimes against that freedom are not being committed.\u201d Others to have signed the letter include actor Maxine Peake, director Ken Loach and the writer AL Kennedy.<\/p>\n<p>The BBC spokesperson told<em> <u>The Independent<\/u><\/em> that they would still be showing this year&#8217;s <em>Eurovision<\/em>. \u201cThe<em> Eurovision Song Contest <\/em>is not a political event and does not endorse any political message or campaign,&#8221; &#8220;The competition has always supported the values of friendship, inclusion, tolerance and diversity.\u201d<\/p>\n<p>Adapted from:https:\/\/uk.news.yahoo.com\/eurovision-peter-gabriel-vivienne-westwood- Jack Shepherd <a href=\"http:\/\/www.independent.co.uk\/\">The Independent<\/a> 30 \/01\/2019<\/p>\n<p>Distributed by PAJU (Palestinian and Jewish Unity)<\/p>\n<p><a href=\"http:\/\/WWW.PAJUMONTREAL.ORG\/\">WWW.PAJUMONTREAL.ORG<\/a><\/p>\n","protected":false},"excerpt":{"rendered":"<p>Eurovision: Peter Gabriel, Vivienne Westwood and more urge BBC to move the competition from Israel Peter Gabriel, Vivienne Westwood and Roger Waters are among those British cultural figures to sign [&hellip;]<\/p>\n","protected":false},"author":1,"featured_media":0,"comment_status":"closed","ping_status":"closed","sticky":false,"template":"","format":"standard","meta":{"_acf_changed":false,"_et_pb_use_builder":"","_et_pb_old_content":"","_et_gb_content_width":"","footnotes":""},"categories":[1,7],"tags":[],"class_list":["post-1786","post","type-post","status-publish","format-standard","hentry","category-bulletin","category-non-classifiee"],"acf":[],"yoast_head":"<!-- This site is optimized with the Yoast SEO plugin v25.8 - https:\/\/yoast.com\/wordpress\/plugins\/seo\/ -->\n<title>&quot;END OF OCCUPATION!&quot; No 940 - PAJU<\/title>\n<meta name=\"robots\" content=\"index, follow, max-snippet:-1, max-image-preview:large, max-video-preview:-1\" \/>\n<link rel=\"canonical\" href=\"https:\/\/paju.org\/fr\/eurovision-peter-gabriel-vivienne-westwood-and-more-urge-bbc-to-move-the-competition-from-israel\/\" \/>\n<meta property=\"og:locale\" content=\"fr_FR\" \/>\n<meta property=\"og:type\" content=\"article\" \/>\n<meta property=\"og:title\" content=\"&quot;END OF OCCUPATION!&quot; No 940 - PAJU\" \/>\n<meta property=\"og:description\" content=\"Eurovision: Peter Gabriel, Vivienne Westwood and more urge BBC to move the competition from Israel Peter Gabriel, Vivienne Westwood and Roger Waters are among those British cultural figures to sign [&hellip;]\" \/>\n<meta property=\"og:site_name\" content=\"PAJU\" \/>\n<meta property=\"article:publisher\" content=\"https:\/\/www.facebook.com\/pajumontreal\" \/>\n<meta property=\"article:published_time\" content=\"2019-02-15T21:39:11+00:00\" \/>\n<meta property=\"article:modified_time\" content=\"2019-02-21T18:52:28+00:00\" \/>\n<meta property=\"og:image\" content=\"https:\/\/paju.org\/wp-content\/uploads\/2022\/02\/tract-picket.jpg\" \/>\n\t<meta property=\"og:image:width\" content=\"960\" \/>\n\t<meta property=\"og:image:height\" content=\"720\" \/>\n\t<meta property=\"og:image:type\" content=\"image\/jpeg\" \/>\n<meta name=\"author\" content=\"PAJU\" \/>\n<meta name=\"twitter:card\" content=\"summary_large_image\" \/>\n<meta name=\"twitter:label1\" content=\"\u00c9crit par\" \/>\n\t<meta name=\"twitter:data1\" content=\"PAJU\" \/>\n\t<meta name=\"twitter:label2\" content=\"Dur\u00e9e de lecture estim\u00e9e\" \/>\n\t<meta name=\"twitter:data2\" content=\"2 minutes\" \/>\n<script type=\"application\/ld+json\" class=\"yoast-schema-graph\">{\"@context\":\"https:\/\/schema.org\",\"@graph\":[{\"@type\":\"Article\",\"@id\":\"https:\/\/paju.org\/fr\/eurovision-peter-gabriel-vivienne-westwood-and-more-urge-bbc-to-move-the-competition-from-israel\/#article\",\"isPartOf\":{\"@id\":\"https:\/\/paju.org\/fr\/eurovision-peter-gabriel-vivienne-westwood-and-more-urge-bbc-to-move-the-competition-from-israel\/\"},\"author\":{\"name\":\"PAJU\",\"@id\":\"https:\/\/paju.org\/fr\/#\/schema\/person\/329c80ae8a3b11562a4f709eaa6ebfc6\"},\"headline\":\"&#8220;END OF OCCUPATION!&#8221; No 940\",\"datePublished\":\"2019-02-15T21:39:11+00:00\",\"dateModified\":\"2019-02-21T18:52:28+00:00\",\"mainEntityOfPage\":{\"@id\":\"https:\/\/paju.org\/fr\/eurovision-peter-gabriel-vivienne-westwood-and-more-urge-bbc-to-move-the-competition-from-israel\/\"},\"wordCount\":361,\"publisher\":{\"@id\":\"https:\/\/paju.org\/fr\/#organization\"},\"image\":{\"@id\":\"https:\/\/paju.org\/fr\/eurovision-peter-gabriel-vivienne-westwood-and-more-urge-bbc-to-move-the-competition-from-israel\/#primaryimage\"},\"thumbnailUrl\":\"http:\/\/paju.org\/wp-content\/uploads\/2019\/02\/940-300x158.png\",\"articleSection\":[\"Bulletin\",\"Non classifi\u00e9(e)\"],\"inLanguage\":\"fr-FR\"},{\"@type\":\"WebPage\",\"@id\":\"https:\/\/paju.org\/fr\/eurovision-peter-gabriel-vivienne-westwood-and-more-urge-bbc-to-move-the-competition-from-israel\/\",\"url\":\"https:\/\/paju.org\/fr\/eurovision-peter-gabriel-vivienne-westwood-and-more-urge-bbc-to-move-the-competition-from-israel\/\",\"name\":\"\\\"END OF OCCUPATION!\\\" No 940 - PAJU\",\"isPartOf\":{\"@id\":\"https:\/\/paju.org\/fr\/#website\"},\"primaryImageOfPage\":{\"@id\":\"https:\/\/paju.org\/fr\/eurovision-peter-gabriel-vivienne-westwood-and-more-urge-bbc-to-move-the-competition-from-israel\/#primaryimage\"},\"image\":{\"@id\":\"https:\/\/paju.org\/fr\/eurovision-peter-gabriel-vivienne-westwood-and-more-urge-bbc-to-move-the-competition-from-israel\/#primaryimage\"},\"thumbnailUrl\":\"http:\/\/paju.org\/wp-content\/uploads\/2019\/02\/940-300x158.png\",\"datePublished\":\"2019-02-15T21:39:11+00:00\",\"dateModified\":\"2019-02-21T18:52:28+00:00\",\"breadcrumb\":{\"@id\":\"https:\/\/paju.org\/fr\/eurovision-peter-gabriel-vivienne-westwood-and-more-urge-bbc-to-move-the-competition-from-israel\/#breadcrumb\"},\"inLanguage\":\"fr-FR\",\"potentialAction\":[{\"@type\":\"ReadAction\",\"target\":[\"https:\/\/paju.org\/fr\/eurovision-peter-gabriel-vivienne-westwood-and-more-urge-bbc-to-move-the-competition-from-israel\/\"]}]},{\"@type\":\"ImageObject\",\"inLanguage\":\"fr-FR\",\"@id\":\"https:\/\/paju.org\/fr\/eurovision-peter-gabriel-vivienne-westwood-and-more-urge-bbc-to-move-the-competition-from-israel\/#primaryimage\",\"url\":\"http:\/\/paju.org\/wp-content\/uploads\/2019\/02\/940-300x158.png\",\"contentUrl\":\"http:\/\/paju.org\/wp-content\/uploads\/2019\/02\/940-300x158.png\"},{\"@type\":\"BreadcrumbList\",\"@id\":\"https:\/\/paju.org\/fr\/eurovision-peter-gabriel-vivienne-westwood-and-more-urge-bbc-to-move-the-competition-from-israel\/#breadcrumb\",\"itemListElement\":[{\"@type\":\"ListItem\",\"position\":1,\"name\":\"Home\",\"item\":\"https:\/\/paju.org\/fr\/\"},{\"@type\":\"ListItem\",\"position\":2,\"name\":\"\u00ab\u00a0END OF OCCUPATION!\u00a0\u00bb No 940\"}]},{\"@type\":\"WebSite\",\"@id\":\"https:\/\/paju.org\/fr\/#website\",\"url\":\"https:\/\/paju.org\/fr\/\",\"name\":\"PAJU\",\"description\":\"\",\"publisher\":{\"@id\":\"https:\/\/paju.org\/fr\/#organization\"},\"potentialAction\":[{\"@type\":\"SearchAction\",\"target\":{\"@type\":\"EntryPoint\",\"urlTemplate\":\"https:\/\/paju.org\/fr\/?s={search_term_string}\"},\"query-input\":{\"@type\":\"PropertyValueSpecification\",\"valueRequired\":true,\"valueName\":\"search_term_string\"}}],\"inLanguage\":\"fr-FR\"},{\"@type\":\"Organization\",\"@id\":\"https:\/\/paju.org\/fr\/#organization\",\"name\":\"Palestinian and Jewish Unity\",\"url\":\"https:\/\/paju.org\/fr\/\",\"logo\":{\"@type\":\"ImageObject\",\"inLanguage\":\"fr-FR\",\"@id\":\"https:\/\/paju.org\/fr\/#\/schema\/logo\/image\/\",\"url\":\"https:\/\/paju.org\/wp-content\/uploads\/PAJU-Logo.png\",\"contentUrl\":\"https:\/\/paju.org\/wp-content\/uploads\/PAJU-Logo.png\",\"width\":696,\"height\":293,\"caption\":\"Palestinian and Jewish Unity\"},\"image\":{\"@id\":\"https:\/\/paju.org\/fr\/#\/schema\/logo\/image\/\"},\"sameAs\":[\"https:\/\/www.facebook.com\/pajumontreal\",\"https:\/\/www.instagram.com\/pajumontreal\/\"]},{\"@type\":\"Person\",\"@id\":\"https:\/\/paju.org\/fr\/#\/schema\/person\/329c80ae8a3b11562a4f709eaa6ebfc6\",\"name\":\"PAJU\",\"image\":{\"@type\":\"ImageObject\",\"inLanguage\":\"fr-FR\",\"@id\":\"https:\/\/paju.org\/fr\/#\/schema\/person\/image\/\",\"url\":\"https:\/\/secure.gravatar.com\/avatar\/add00ab44460a1b9b8dcff1854bb07dba0ac5e3135473daf39201d280ad20f18?s=96&d=mm&r=g\",\"contentUrl\":\"https:\/\/secure.gravatar.com\/avatar\/add00ab44460a1b9b8dcff1854bb07dba0ac5e3135473daf39201d280ad20f18?s=96&d=mm&r=g\",\"caption\":\"PAJU\"},\"url\":\"https:\/\/paju.org\/fr\/author\/chadi\/\"}]}<\/script>\n<!-- \/ Yoast SEO plugin. -->","yoast_head_json":{"title":"\"END OF OCCUPATION!\" No 940 - PAJU","robots":{"index":"index","follow":"follow","max-snippet":"max-snippet:-1","max-image-preview":"max-image-preview:large","max-video-preview":"max-video-preview:-1"},"canonical":"https:\/\/paju.org\/fr\/eurovision-peter-gabriel-vivienne-westwood-and-more-urge-bbc-to-move-the-competition-from-israel\/","og_locale":"fr_FR","og_type":"article","og_title":"\"END OF OCCUPATION!\" No 940 - PAJU","og_description":"Eurovision: Peter Gabriel, Vivienne Westwood and more urge BBC to move the competition from Israel Peter Gabriel, Vivienne Westwood and Roger Waters are among those British cultural figures to sign [&hellip;]","og_site_name":"PAJU","article_publisher":"https:\/\/www.facebook.com\/pajumontreal","article_published_time":"2019-02-15T21:39:11+00:00","article_modified_time":"2019-02-21T18:52:28+00:00","og_image":[{"width":960,"height":720,"url":"https:\/\/paju.org\/wp-content\/uploads\/2022\/02\/tract-picket.jpg","type":"image\/jpeg"}],"author":"PAJU","twitter_card":"summary_large_image","twitter_misc":{"\u00c9crit par":"PAJU","Dur\u00e9e de lecture estim\u00e9e":"2 minutes"},"schema":{"@context":"https:\/\/schema.org","@graph":[{"@type":"Article","@id":"https:\/\/paju.org\/fr\/eurovision-peter-gabriel-vivienne-westwood-and-more-urge-bbc-to-move-the-competition-from-israel\/#article","isPartOf":{"@id":"https:\/\/paju.org\/fr\/eurovision-peter-gabriel-vivienne-westwood-and-more-urge-bbc-to-move-the-competition-from-israel\/"},"author":{"name":"PAJU","@id":"https:\/\/paju.org\/fr\/#\/schema\/person\/329c80ae8a3b11562a4f709eaa6ebfc6"},"headline":"&#8220;END OF OCCUPATION!&#8221; No 940","datePublished":"2019-02-15T21:39:11+00:00","dateModified":"2019-02-21T18:52:28+00:00","mainEntityOfPage":{"@id":"https:\/\/paju.org\/fr\/eurovision-peter-gabriel-vivienne-westwood-and-more-urge-bbc-to-move-the-competition-from-israel\/"},"wordCount":361,"publisher":{"@id":"https:\/\/paju.org\/fr\/#organization"},"image":{"@id":"https:\/\/paju.org\/fr\/eurovision-peter-gabriel-vivienne-westwood-and-more-urge-bbc-to-move-the-competition-from-israel\/#primaryimage"},"thumbnailUrl":"http:\/\/paju.org\/wp-content\/uploads\/2019\/02\/940-300x158.png","articleSection":["Bulletin","Non classifi\u00e9(e)"],"inLanguage":"fr-FR"},{"@type":"WebPage","@id":"https:\/\/paju.org\/fr\/eurovision-peter-gabriel-vivienne-westwood-and-more-urge-bbc-to-move-the-competition-from-israel\/","url":"https:\/\/paju.org\/fr\/eurovision-peter-gabriel-vivienne-westwood-and-more-urge-bbc-to-move-the-competition-from-israel\/","name":"\"END OF OCCUPATION!\" No 940 - PAJU","isPartOf":{"@id":"https:\/\/paju.org\/fr\/#website"},"primaryImageOfPage":{"@id":"https:\/\/paju.org\/fr\/eurovision-peter-gabriel-vivienne-westwood-and-more-urge-bbc-to-move-the-competition-from-israel\/#primaryimage"},"image":{"@id":"https:\/\/paju.org\/fr\/eurovision-peter-gabriel-vivienne-westwood-and-more-urge-bbc-to-move-the-competition-from-israel\/#primaryimage"},"thumbnailUrl":"http:\/\/paju.org\/wp-content\/uploads\/2019\/02\/940-300x158.png","datePublished":"2019-02-15T21:39:11+00:00","dateModified":"2019-02-21T18:52:28+00:00","breadcrumb":{"@id":"https:\/\/paju.org\/fr\/eurovision-peter-gabriel-vivienne-westwood-and-more-urge-bbc-to-move-the-competition-from-israel\/#breadcrumb"},"inLanguage":"fr-FR","potentialAction":[{"@type":"ReadAction","target":["https:\/\/paju.org\/fr\/eurovision-peter-gabriel-vivienne-westwood-and-more-urge-bbc-to-move-the-competition-from-israel\/"]}]},{"@type":"ImageObject","inLanguage":"fr-FR","@id":"https:\/\/paju.org\/fr\/eurovision-peter-gabriel-vivienne-westwood-and-more-urge-bbc-to-move-the-competition-from-israel\/#primaryimage","url":"http:\/\/paju.org\/wp-content\/uploads\/2019\/02\/940-300x158.png","contentUrl":"http:\/\/paju.org\/wp-content\/uploads\/2019\/02\/940-300x158.png"},{"@type":"BreadcrumbList","@id":"https:\/\/paju.org\/fr\/eurovision-peter-gabriel-vivienne-westwood-and-more-urge-bbc-to-move-the-competition-from-israel\/#breadcrumb","itemListElement":[{"@type":"ListItem","position":1,"name":"Home","item":"https:\/\/paju.org\/fr\/"},{"@type":"ListItem","position":2,"name":"\u00ab\u00a0END OF OCCUPATION!\u00a0\u00bb No 940"}]},{"@type":"WebSite","@id":"https:\/\/paju.org\/fr\/#website","url":"https:\/\/paju.org\/fr\/","name":"PAJU","description":"","publisher":{"@id":"https:\/\/paju.org\/fr\/#organization"},"potentialAction":[{"@type":"SearchAction","target":{"@type":"EntryPoint","urlTemplate":"https:\/\/paju.org\/fr\/?s={search_term_string}"},"query-input":{"@type":"PropertyValueSpecification","valueRequired":true,"valueName":"search_term_string"}}],"inLanguage":"fr-FR"},{"@type":"Organization","@id":"https:\/\/paju.org\/fr\/#organization","name":"Palestinian and Jewish Unity","url":"https:\/\/paju.org\/fr\/","logo":{"@type":"ImageObject","inLanguage":"fr-FR","@id":"https:\/\/paju.org\/fr\/#\/schema\/logo\/image\/","url":"https:\/\/paju.org\/wp-content\/uploads\/PAJU-Logo.png","contentUrl":"https:\/\/paju.org\/wp-content\/uploads\/PAJU-Logo.png","width":696,"height":293,"caption":"Palestinian and Jewish Unity"},"image":{"@id":"https:\/\/paju.org\/fr\/#\/schema\/logo\/image\/"},"sameAs":["https:\/\/www.facebook.com\/pajumontreal","https:\/\/www.instagram.com\/pajumontreal\/"]},{"@type":"Person","@id":"https:\/\/paju.org\/fr\/#\/schema\/person\/329c80ae8a3b11562a4f709eaa6ebfc6","name":"PAJU","image":{"@type":"ImageObject","inLanguage":"fr-FR","@id":"https:\/\/paju.org\/fr\/#\/schema\/person\/image\/","url":"https:\/\/secure.gravatar.com\/avatar\/add00ab44460a1b9b8dcff1854bb07dba0ac5e3135473daf39201d280ad20f18?s=96&d=mm&r=g","contentUrl":"https:\/\/secure.gravatar.com\/avatar\/add00ab44460a1b9b8dcff1854bb07dba0ac5e3135473daf39201d280ad20f18?s=96&d=mm&r=g","caption":"PAJU"},"url":"https:\/\/paju.org\/fr\/author\/chadi\/"}]}},"_links":{"self":[{"href":"https:\/\/paju.org\/fr\/wp-json\/wp\/v2\/posts\/1786","targetHints":{"allow":["GET"]}}],"collection":[{"href":"https:\/\/paju.org\/fr\/wp-json\/wp\/v2\/posts"}],"about":[{"href":"https:\/\/paju.org\/fr\/wp-json\/wp\/v2\/types\/post"}],"author":[{"embeddable":true,"href":"https:\/\/paju.org\/fr\/wp-json\/wp\/v2\/users\/1"}],"replies":[{"embeddable":true,"href":"https:\/\/paju.org\/fr\/wp-json\/wp\/v2\/comments?post=1786"}],"version-history":[{"count":5,"href":"https:\/\/paju.org\/fr\/wp-json\/wp\/v2\/posts\/1786\/revisions"}],"predecessor-version":[{"id":1820,"href":"https:\/\/paju.org\/fr\/wp-json\/wp\/v2\/posts\/1786\/revisions\/1820"}],"wp:attachment":[{"href":"https:\/\/paju.org\/fr\/wp-json\/wp\/v2\/media?parent=1786"}],"wp:term":[{"taxonomy":"category","embeddable":true,"href":"https:\/\/paju.org\/fr\/wp-json\/wp\/v2\/categories?post=1786"},{"taxonomy":"post_tag","embeddable":true,"href":"https:\/\/paju.org\/fr\/wp-json\/wp\/v2\/tags?post=1786"}],"curies":[{"name":"wp","href":"https:\/\/api.w.org\/{rel}","templated":true}]}}