{"id":1783,"date":"2019-02-15T21:35:32","date_gmt":"2019-02-15T21:35:32","guid":{"rendered":"http:\/\/paju.org\/?p=1783"},"modified":"2022-03-02T15:59:03","modified_gmt":"2022-03-02T15:59:03","slug":"eurovision-peter-gabriel-vivienne-westwood-entre-autres-demandent-de-deplacer-une-competition-de-chant-hors-disrael","status":"publish","type":"post","link":"https:\/\/paju.org\/fr\/eurovision-peter-gabriel-vivienne-westwood-entre-autres-demandent-de-deplacer-une-competition-de-chant-hors-disrael\/","title":{"rendered":"\u00ab QUE CESSE L\u2019OCCUPATION !\u00bb No. 940"},"content":{"rendered":"<h3><a href=\"https:\/\/www.independent.co.uk\/topic\/PeterGabriel\">Eurovision: Peter Gabriel, Vivienne Westwood entre autres, demandent de d\u00e9placer une comp\u00e9tition de chant hors d\u2019Isra\u00ebl<\/a><\/h3>\n<p><a href=\"https:\/\/www.independent.co.uk\/topic\/PeterGabriel\">Peter Gabriel<\/a>, <a href=\"https:\/\/www.independent.co.uk\/topic\/VivienneWestwood\">Vivienne Westwood <\/a>et <a href=\"https:\/\/www.independent.co.uk\/topic\/roger-waters\">Roger Waters<\/a>, des repr\u00e9sentants illustres de\u00a0 la culture britannique, ont sign\u00e9 une lettre ouverte \u00e0 la BBC lui demandant de faire pression sur Eurovision pour que cette comp\u00e9tition de chant n\u2019aie pas lieu en Isra\u00ebl. Voici quelques extraits de la lettre publi\u00e9e dans The Guardian\u00a0: \u00ab\u00a0<em>Eurovision est certes une \u00e9mission de vari\u00e9t\u00e9s qui pour autant n\u2019ignore pas les droits humains. Nous ne pouvons ignorer qu\u2019<\/em>Isra\u00ebl commet<em> syst\u00e9matiquement des actes qui violent les droits humains des Palestiniens<\/em>.\u00a0\u00bb<img loading=\"lazy\" decoding=\"async\" class=\"size-medium wp-image-1782 alignright\" src=\"http:\/\/paju.org\/wp-content\/uploads\/2019\/02\/940-300x158.png\" alt=\"\" width=\"300\" height=\"158\" srcset=\"https:\/\/paju.org\/wp-content\/uploads\/2019\/02\/940-300x158.png 300w, https:\/\/paju.org\/wp-content\/uploads\/2019\/02\/940-768x403.png 768w, https:\/\/paju.org\/wp-content\/uploads\/2019\/02\/940-1024x538.png 1024w, https:\/\/paju.org\/wp-content\/uploads\/2019\/02\/940.png 1200w\" sizes=\"(max-width: 300px) 100vw, 300px\" \/><\/p>\n<p style=\"padding-left: 30px;\">Isra\u00ebl doit \u00eatre l\u2019h\u00f4te de la comp\u00e9tition de chant suite \u00e0 la victoire de la chanson Toy en 1998. Benjamin Netanyahu, le premier ministre d\u2019Isra\u00ebl voulait que cette comp\u00e9tition de 2019 ait lieu \u00e0 J\u00e9rusalem, mais comme le statut de la ville est un sujet d\u00e9licat, c\u2019est Tel-Aviv qui a \u00e9t\u00e9 choisi. Les Palestiniens se d\u00e9clarent les seuls possesseurs des territoires occup\u00e9s par les Isra\u00e9liens. La lettre poursuit en disant\u00a0: \u00ab\u00a0Ceci ne prot\u00e8ge en rien les Palestiniens au quotidien : vol de leur terres, expulsions, coups de feu mortels, ratonnades qui sont les faits des forces isra\u00e9liennes de s\u00e9curit\u00e9.<!--more--><\/p>\n<p>Quand la discrimination et l\u2019exclusion sont si enracin\u00e9es, les d\u00e9clarations d\u2019Eurovision qui se dit c\u00e9l\u00e9brer la diversit\u00e9 et l\u2019inclusion semblent creuses.\u00a0\u00bb Au contraire, ce qui compte ce sont les messages de soutien pour les Palestiniens qui affluent de toute l\u2019Europe et les exhortations aux artistes et personnel de t\u00e9l\u00e9vision de ne pas aller \u00e0 Tel-Aviv. La charte de la BBC est championne de la libert\u00e9 d\u2019expression. La BBC devrait agir selon ses principes et demander \u00e0 Eurovision de se d\u00e9placer dans un pays o\u00f9 on ne commet pas de crimes contre la libert\u00e9. D\u2019autres tel l\u2019acteur Maxine Peake, le directeur Ken Loach et l\u2019\u00e9crivain AL Kennedy ont sign\u00e9 la lettre. Le porte-parole de la BBC a dit au journal <u>The Independent <\/u>qu\u2019elle pr\u00e9sentera tout de m\u00eame Eurovision en 2019 car ce \u00ab\u00a0concours de chant d\u2019Eurovision n\u2019a rien de politique mais soutient les principes universels de tol\u00e9rance, d\u2019inclusion, d\u2019amiti\u00e9 et de diversit\u00e9.\u00a0\u00bb<\/p>\n<p><u>Adapt\u00e9 de<\/u> : https:\/\/uk.news.yahoo.com\/eurovision-peter-gabriel-vivienne-westwood- Jack Shepherd <a href=\"http:\/\/www.independent.co.uk\/\">The Independent<\/a><\/p>\n<p>Distribu\u00e9 par PAJU (Palestiniens et Juifs unis)<\/p>\n<p><a href=\"http:\/\/WWW.PAJUMONTREAL.ORG\">WWW.PAJUMONTREAL.ORG<\/a><\/p>\n","protected":false},"excerpt":{"rendered":"<p>Eurovision: Peter Gabriel, Vivienne Westwood entre autres, demandent de d\u00e9placer une comp\u00e9tition de chant hors d\u2019Isra\u00ebl Peter Gabriel, Vivienne Westwood et Roger Waters, des repr\u00e9sentants illustres de\u00a0 la culture britannique, [&hellip;]<\/p>\n","protected":false},"author":1,"featured_media":0,"comment_status":"closed","ping_status":"closed","sticky":false,"template":"","format":"standard","meta":{"_acf_changed":false,"_et_pb_use_builder":"","_et_pb_old_content":"","_et_gb_content_width":"","footnotes":""},"categories":[94],"tags":[],"class_list":["post-1783","post","type-post","status-publish","format-standard","hentry","category-bulletin-fr"],"acf":[],"yoast_head":"<!-- This site is optimized with the Yoast SEO plugin v25.8 - https:\/\/yoast.com\/wordpress\/plugins\/seo\/ -->\n<title>\u00ab QUE CESSE L\u2019OCCUPATION !\u00bb No. 940 - PAJU<\/title>\n<meta name=\"robots\" content=\"index, follow, max-snippet:-1, max-image-preview:large, max-video-preview:-1\" \/>\n<link rel=\"canonical\" href=\"https:\/\/paju.org\/fr\/eurovision-peter-gabriel-vivienne-westwood-entre-autres-demandent-de-deplacer-une-competition-de-chant-hors-disrael\/\" \/>\n<meta property=\"og:locale\" content=\"fr_FR\" \/>\n<meta property=\"og:type\" content=\"article\" \/>\n<meta property=\"og:title\" content=\"\u00ab QUE CESSE L\u2019OCCUPATION !\u00bb No. 940 - PAJU\" \/>\n<meta property=\"og:description\" content=\"Eurovision: Peter Gabriel, Vivienne Westwood entre autres, demandent de d\u00e9placer une comp\u00e9tition de chant hors d\u2019Isra\u00ebl Peter Gabriel, Vivienne Westwood et Roger Waters, des repr\u00e9sentants illustres de\u00a0 la culture britannique, [&hellip;]\" \/>\n<meta property=\"og:site_name\" content=\"PAJU\" \/>\n<meta property=\"article:publisher\" content=\"https:\/\/www.facebook.com\/pajumontreal\" \/>\n<meta property=\"article:published_time\" content=\"2019-02-15T21:35:32+00:00\" \/>\n<meta property=\"article:modified_time\" content=\"2022-03-02T15:59:03+00:00\" \/>\n<meta property=\"og:image\" content=\"https:\/\/paju.org\/wp-content\/uploads\/2022\/02\/tract-picket.jpg\" \/>\n\t<meta property=\"og:image:width\" content=\"960\" \/>\n\t<meta property=\"og:image:height\" content=\"720\" \/>\n\t<meta property=\"og:image:type\" content=\"image\/jpeg\" \/>\n<meta name=\"author\" content=\"PAJU\" \/>\n<meta name=\"twitter:card\" content=\"summary_large_image\" \/>\n<meta name=\"twitter:label1\" content=\"\u00c9crit par\" \/>\n\t<meta name=\"twitter:data1\" content=\"PAJU\" \/>\n\t<meta name=\"twitter:label2\" content=\"Dur\u00e9e de lecture estim\u00e9e\" \/>\n\t<meta name=\"twitter:data2\" content=\"2 minutes\" \/>\n<script type=\"application\/ld+json\" class=\"yoast-schema-graph\">{\"@context\":\"https:\/\/schema.org\",\"@graph\":[{\"@type\":\"Article\",\"@id\":\"https:\/\/paju.org\/fr\/eurovision-peter-gabriel-vivienne-westwood-entre-autres-demandent-de-deplacer-une-competition-de-chant-hors-disrael\/#article\",\"isPartOf\":{\"@id\":\"https:\/\/paju.org\/fr\/eurovision-peter-gabriel-vivienne-westwood-entre-autres-demandent-de-deplacer-une-competition-de-chant-hors-disrael\/\"},\"author\":{\"name\":\"PAJU\",\"@id\":\"https:\/\/paju.org\/fr\/#\/schema\/person\/329c80ae8a3b11562a4f709eaa6ebfc6\"},\"headline\":\"\u00ab QUE CESSE L\u2019OCCUPATION !\u00bb No. 940\",\"datePublished\":\"2019-02-15T21:35:32+00:00\",\"dateModified\":\"2022-03-02T15:59:03+00:00\",\"mainEntityOfPage\":{\"@id\":\"https:\/\/paju.org\/fr\/eurovision-peter-gabriel-vivienne-westwood-entre-autres-demandent-de-deplacer-une-competition-de-chant-hors-disrael\/\"},\"wordCount\":419,\"publisher\":{\"@id\":\"https:\/\/paju.org\/fr\/#organization\"},\"image\":{\"@id\":\"https:\/\/paju.org\/fr\/eurovision-peter-gabriel-vivienne-westwood-entre-autres-demandent-de-deplacer-une-competition-de-chant-hors-disrael\/#primaryimage\"},\"thumbnailUrl\":\"http:\/\/paju.org\/wp-content\/uploads\/2019\/02\/940-300x158.png\",\"articleSection\":[\"Notre bulletin\"],\"inLanguage\":\"fr-FR\"},{\"@type\":\"WebPage\",\"@id\":\"https:\/\/paju.org\/fr\/eurovision-peter-gabriel-vivienne-westwood-entre-autres-demandent-de-deplacer-une-competition-de-chant-hors-disrael\/\",\"url\":\"https:\/\/paju.org\/fr\/eurovision-peter-gabriel-vivienne-westwood-entre-autres-demandent-de-deplacer-une-competition-de-chant-hors-disrael\/\",\"name\":\"\u00ab QUE CESSE L\u2019OCCUPATION !\u00bb No. 940 - PAJU\",\"isPartOf\":{\"@id\":\"https:\/\/paju.org\/fr\/#website\"},\"primaryImageOfPage\":{\"@id\":\"https:\/\/paju.org\/fr\/eurovision-peter-gabriel-vivienne-westwood-entre-autres-demandent-de-deplacer-une-competition-de-chant-hors-disrael\/#primaryimage\"},\"image\":{\"@id\":\"https:\/\/paju.org\/fr\/eurovision-peter-gabriel-vivienne-westwood-entre-autres-demandent-de-deplacer-une-competition-de-chant-hors-disrael\/#primaryimage\"},\"thumbnailUrl\":\"http:\/\/paju.org\/wp-content\/uploads\/2019\/02\/940-300x158.png\",\"datePublished\":\"2019-02-15T21:35:32+00:00\",\"dateModified\":\"2022-03-02T15:59:03+00:00\",\"breadcrumb\":{\"@id\":\"https:\/\/paju.org\/fr\/eurovision-peter-gabriel-vivienne-westwood-entre-autres-demandent-de-deplacer-une-competition-de-chant-hors-disrael\/#breadcrumb\"},\"inLanguage\":\"fr-FR\",\"potentialAction\":[{\"@type\":\"ReadAction\",\"target\":[\"https:\/\/paju.org\/fr\/eurovision-peter-gabriel-vivienne-westwood-entre-autres-demandent-de-deplacer-une-competition-de-chant-hors-disrael\/\"]}]},{\"@type\":\"ImageObject\",\"inLanguage\":\"fr-FR\",\"@id\":\"https:\/\/paju.org\/fr\/eurovision-peter-gabriel-vivienne-westwood-entre-autres-demandent-de-deplacer-une-competition-de-chant-hors-disrael\/#primaryimage\",\"url\":\"http:\/\/paju.org\/wp-content\/uploads\/2019\/02\/940-300x158.png\",\"contentUrl\":\"http:\/\/paju.org\/wp-content\/uploads\/2019\/02\/940-300x158.png\"},{\"@type\":\"BreadcrumbList\",\"@id\":\"https:\/\/paju.org\/fr\/eurovision-peter-gabriel-vivienne-westwood-entre-autres-demandent-de-deplacer-une-competition-de-chant-hors-disrael\/#breadcrumb\",\"itemListElement\":[{\"@type\":\"ListItem\",\"position\":1,\"name\":\"Home\",\"item\":\"https:\/\/paju.org\/fr\/\"},{\"@type\":\"ListItem\",\"position\":2,\"name\":\"\u00ab QUE CESSE L\u2019OCCUPATION !\u00bb No. 940\"}]},{\"@type\":\"WebSite\",\"@id\":\"https:\/\/paju.org\/fr\/#website\",\"url\":\"https:\/\/paju.org\/fr\/\",\"name\":\"PAJU\",\"description\":\"\",\"publisher\":{\"@id\":\"https:\/\/paju.org\/fr\/#organization\"},\"potentialAction\":[{\"@type\":\"SearchAction\",\"target\":{\"@type\":\"EntryPoint\",\"urlTemplate\":\"https:\/\/paju.org\/fr\/?s={search_term_string}\"},\"query-input\":{\"@type\":\"PropertyValueSpecification\",\"valueRequired\":true,\"valueName\":\"search_term_string\"}}],\"inLanguage\":\"fr-FR\"},{\"@type\":\"Organization\",\"@id\":\"https:\/\/paju.org\/fr\/#organization\",\"name\":\"Palestinian and Jewish Unity\",\"url\":\"https:\/\/paju.org\/fr\/\",\"logo\":{\"@type\":\"ImageObject\",\"inLanguage\":\"fr-FR\",\"@id\":\"https:\/\/paju.org\/fr\/#\/schema\/logo\/image\/\",\"url\":\"https:\/\/paju.org\/wp-content\/uploads\/PAJU-Logo.png\",\"contentUrl\":\"https:\/\/paju.org\/wp-content\/uploads\/PAJU-Logo.png\",\"width\":696,\"height\":293,\"caption\":\"Palestinian and Jewish Unity\"},\"image\":{\"@id\":\"https:\/\/paju.org\/fr\/#\/schema\/logo\/image\/\"},\"sameAs\":[\"https:\/\/www.facebook.com\/pajumontreal\",\"https:\/\/www.instagram.com\/pajumontreal\/\"]},{\"@type\":\"Person\",\"@id\":\"https:\/\/paju.org\/fr\/#\/schema\/person\/329c80ae8a3b11562a4f709eaa6ebfc6\",\"name\":\"PAJU\",\"image\":{\"@type\":\"ImageObject\",\"inLanguage\":\"fr-FR\",\"@id\":\"https:\/\/paju.org\/fr\/#\/schema\/person\/image\/\",\"url\":\"https:\/\/secure.gravatar.com\/avatar\/add00ab44460a1b9b8dcff1854bb07dba0ac5e3135473daf39201d280ad20f18?s=96&d=mm&r=g\",\"contentUrl\":\"https:\/\/secure.gravatar.com\/avatar\/add00ab44460a1b9b8dcff1854bb07dba0ac5e3135473daf39201d280ad20f18?s=96&d=mm&r=g\",\"caption\":\"PAJU\"},\"url\":\"https:\/\/paju.org\/fr\/author\/chadi\/\"}]}<\/script>\n<!-- \/ Yoast SEO plugin. -->","yoast_head_json":{"title":"\u00ab QUE CESSE L\u2019OCCUPATION !\u00bb No. 940 - PAJU","robots":{"index":"index","follow":"follow","max-snippet":"max-snippet:-1","max-image-preview":"max-image-preview:large","max-video-preview":"max-video-preview:-1"},"canonical":"https:\/\/paju.org\/fr\/eurovision-peter-gabriel-vivienne-westwood-entre-autres-demandent-de-deplacer-une-competition-de-chant-hors-disrael\/","og_locale":"fr_FR","og_type":"article","og_title":"\u00ab QUE CESSE L\u2019OCCUPATION !\u00bb No. 940 - PAJU","og_description":"Eurovision: Peter Gabriel, Vivienne Westwood entre autres, demandent de d\u00e9placer une comp\u00e9tition de chant hors d\u2019Isra\u00ebl Peter Gabriel, Vivienne Westwood et Roger Waters, des repr\u00e9sentants illustres de\u00a0 la culture britannique, [&hellip;]","og_site_name":"PAJU","article_publisher":"https:\/\/www.facebook.com\/pajumontreal","article_published_time":"2019-02-15T21:35:32+00:00","article_modified_time":"2022-03-02T15:59:03+00:00","og_image":[{"width":960,"height":720,"url":"https:\/\/paju.org\/wp-content\/uploads\/2022\/02\/tract-picket.jpg","type":"image\/jpeg"}],"author":"PAJU","twitter_card":"summary_large_image","twitter_misc":{"\u00c9crit par":"PAJU","Dur\u00e9e de lecture estim\u00e9e":"2 minutes"},"schema":{"@context":"https:\/\/schema.org","@graph":[{"@type":"Article","@id":"https:\/\/paju.org\/fr\/eurovision-peter-gabriel-vivienne-westwood-entre-autres-demandent-de-deplacer-une-competition-de-chant-hors-disrael\/#article","isPartOf":{"@id":"https:\/\/paju.org\/fr\/eurovision-peter-gabriel-vivienne-westwood-entre-autres-demandent-de-deplacer-une-competition-de-chant-hors-disrael\/"},"author":{"name":"PAJU","@id":"https:\/\/paju.org\/fr\/#\/schema\/person\/329c80ae8a3b11562a4f709eaa6ebfc6"},"headline":"\u00ab QUE CESSE L\u2019OCCUPATION !\u00bb No. 940","datePublished":"2019-02-15T21:35:32+00:00","dateModified":"2022-03-02T15:59:03+00:00","mainEntityOfPage":{"@id":"https:\/\/paju.org\/fr\/eurovision-peter-gabriel-vivienne-westwood-entre-autres-demandent-de-deplacer-une-competition-de-chant-hors-disrael\/"},"wordCount":419,"publisher":{"@id":"https:\/\/paju.org\/fr\/#organization"},"image":{"@id":"https:\/\/paju.org\/fr\/eurovision-peter-gabriel-vivienne-westwood-entre-autres-demandent-de-deplacer-une-competition-de-chant-hors-disrael\/#primaryimage"},"thumbnailUrl":"http:\/\/paju.org\/wp-content\/uploads\/2019\/02\/940-300x158.png","articleSection":["Notre bulletin"],"inLanguage":"fr-FR"},{"@type":"WebPage","@id":"https:\/\/paju.org\/fr\/eurovision-peter-gabriel-vivienne-westwood-entre-autres-demandent-de-deplacer-une-competition-de-chant-hors-disrael\/","url":"https:\/\/paju.org\/fr\/eurovision-peter-gabriel-vivienne-westwood-entre-autres-demandent-de-deplacer-une-competition-de-chant-hors-disrael\/","name":"\u00ab QUE CESSE L\u2019OCCUPATION !\u00bb No. 940 - PAJU","isPartOf":{"@id":"https:\/\/paju.org\/fr\/#website"},"primaryImageOfPage":{"@id":"https:\/\/paju.org\/fr\/eurovision-peter-gabriel-vivienne-westwood-entre-autres-demandent-de-deplacer-une-competition-de-chant-hors-disrael\/#primaryimage"},"image":{"@id":"https:\/\/paju.org\/fr\/eurovision-peter-gabriel-vivienne-westwood-entre-autres-demandent-de-deplacer-une-competition-de-chant-hors-disrael\/#primaryimage"},"thumbnailUrl":"http:\/\/paju.org\/wp-content\/uploads\/2019\/02\/940-300x158.png","datePublished":"2019-02-15T21:35:32+00:00","dateModified":"2022-03-02T15:59:03+00:00","breadcrumb":{"@id":"https:\/\/paju.org\/fr\/eurovision-peter-gabriel-vivienne-westwood-entre-autres-demandent-de-deplacer-une-competition-de-chant-hors-disrael\/#breadcrumb"},"inLanguage":"fr-FR","potentialAction":[{"@type":"ReadAction","target":["https:\/\/paju.org\/fr\/eurovision-peter-gabriel-vivienne-westwood-entre-autres-demandent-de-deplacer-une-competition-de-chant-hors-disrael\/"]}]},{"@type":"ImageObject","inLanguage":"fr-FR","@id":"https:\/\/paju.org\/fr\/eurovision-peter-gabriel-vivienne-westwood-entre-autres-demandent-de-deplacer-une-competition-de-chant-hors-disrael\/#primaryimage","url":"http:\/\/paju.org\/wp-content\/uploads\/2019\/02\/940-300x158.png","contentUrl":"http:\/\/paju.org\/wp-content\/uploads\/2019\/02\/940-300x158.png"},{"@type":"BreadcrumbList","@id":"https:\/\/paju.org\/fr\/eurovision-peter-gabriel-vivienne-westwood-entre-autres-demandent-de-deplacer-une-competition-de-chant-hors-disrael\/#breadcrumb","itemListElement":[{"@type":"ListItem","position":1,"name":"Home","item":"https:\/\/paju.org\/fr\/"},{"@type":"ListItem","position":2,"name":"\u00ab QUE CESSE L\u2019OCCUPATION !\u00bb No. 940"}]},{"@type":"WebSite","@id":"https:\/\/paju.org\/fr\/#website","url":"https:\/\/paju.org\/fr\/","name":"PAJU","description":"","publisher":{"@id":"https:\/\/paju.org\/fr\/#organization"},"potentialAction":[{"@type":"SearchAction","target":{"@type":"EntryPoint","urlTemplate":"https:\/\/paju.org\/fr\/?s={search_term_string}"},"query-input":{"@type":"PropertyValueSpecification","valueRequired":true,"valueName":"search_term_string"}}],"inLanguage":"fr-FR"},{"@type":"Organization","@id":"https:\/\/paju.org\/fr\/#organization","name":"Palestinian and Jewish Unity","url":"https:\/\/paju.org\/fr\/","logo":{"@type":"ImageObject","inLanguage":"fr-FR","@id":"https:\/\/paju.org\/fr\/#\/schema\/logo\/image\/","url":"https:\/\/paju.org\/wp-content\/uploads\/PAJU-Logo.png","contentUrl":"https:\/\/paju.org\/wp-content\/uploads\/PAJU-Logo.png","width":696,"height":293,"caption":"Palestinian and Jewish Unity"},"image":{"@id":"https:\/\/paju.org\/fr\/#\/schema\/logo\/image\/"},"sameAs":["https:\/\/www.facebook.com\/pajumontreal","https:\/\/www.instagram.com\/pajumontreal\/"]},{"@type":"Person","@id":"https:\/\/paju.org\/fr\/#\/schema\/person\/329c80ae8a3b11562a4f709eaa6ebfc6","name":"PAJU","image":{"@type":"ImageObject","inLanguage":"fr-FR","@id":"https:\/\/paju.org\/fr\/#\/schema\/person\/image\/","url":"https:\/\/secure.gravatar.com\/avatar\/add00ab44460a1b9b8dcff1854bb07dba0ac5e3135473daf39201d280ad20f18?s=96&d=mm&r=g","contentUrl":"https:\/\/secure.gravatar.com\/avatar\/add00ab44460a1b9b8dcff1854bb07dba0ac5e3135473daf39201d280ad20f18?s=96&d=mm&r=g","caption":"PAJU"},"url":"https:\/\/paju.org\/fr\/author\/chadi\/"}]}},"_links":{"self":[{"href":"https:\/\/paju.org\/fr\/wp-json\/wp\/v2\/posts\/1783","targetHints":{"allow":["GET"]}}],"collection":[{"href":"https:\/\/paju.org\/fr\/wp-json\/wp\/v2\/posts"}],"about":[{"href":"https:\/\/paju.org\/fr\/wp-json\/wp\/v2\/types\/post"}],"author":[{"embeddable":true,"href":"https:\/\/paju.org\/fr\/wp-json\/wp\/v2\/users\/1"}],"replies":[{"embeddable":true,"href":"https:\/\/paju.org\/fr\/wp-json\/wp\/v2\/comments?post=1783"}],"version-history":[{"count":6,"href":"https:\/\/paju.org\/fr\/wp-json\/wp\/v2\/posts\/1783\/revisions"}],"predecessor-version":[{"id":1806,"href":"https:\/\/paju.org\/fr\/wp-json\/wp\/v2\/posts\/1783\/revisions\/1806"}],"wp:attachment":[{"href":"https:\/\/paju.org\/fr\/wp-json\/wp\/v2\/media?parent=1783"}],"wp:term":[{"taxonomy":"category","embeddable":true,"href":"https:\/\/paju.org\/fr\/wp-json\/wp\/v2\/categories?post=1783"},{"taxonomy":"post_tag","embeddable":true,"href":"https:\/\/paju.org\/fr\/wp-json\/wp\/v2\/tags?post=1783"}],"curies":[{"name":"wp","href":"https:\/\/api.w.org\/{rel}","templated":true}]}}