{"id":1773,"date":"2019-02-08T20:49:27","date_gmt":"2019-02-08T20:49:27","guid":{"rendered":"http:\/\/paju.org\/?p=1773"},"modified":"2022-03-02T15:59:03","modified_gmt":"2022-03-02T15:59:03","slug":"les-ethiopiens-ont-ferme-tel-aviv-pour-protester-contre-les-brutalites-policieres","status":"publish","type":"post","link":"https:\/\/paju.org\/fr\/les-ethiopiens-ont-ferme-tel-aviv-pour-protester-contre-les-brutalites-policieres\/","title":{"rendered":"\u00ab QUE CESSE L\u2019OCCUPATION ! \u00bb No. 939"},"content":{"rendered":"<h3>Les Ethiopiens ont ferm\u00e9 Tel Aviv pour protester contre les brutalit\u00e9s polici\u00e8res<\/h3>\n<h5>Amir Alon, Itay Blumenthal|<\/h5>\n<p>Le 30 janvier dernier une marche a d\u00e9but\u00e9 \u00e0 Ezrieli Junction, pour se rendre sur l\u2019autoroute Ayalon et s\u2019est termin\u00e9e sur la place Rabin o\u00f9 des milliers d\u2019\u00c9thiopiens se sont rassembl\u00e9s pour manifester contre les brutalit\u00e9s polici\u00e8res \u00e0 Tel-Aviv. De nombreuses rues de Tel-Aviv ont \u00e9galement \u00e9t\u00e9 bloqu\u00e9es, provoquant d&#8217;\u00e9normes ralentissements et retards dans toute la ville et dans la r\u00e9gion plus vaste du Gush Dan.<img loading=\"lazy\" decoding=\"async\" class=\"size-medium wp-image-1770 alignright\" src=\"http:\/\/paju.org\/wp-content\/uploads\/2019\/02\/939-1-300x169.jpg\" alt=\"\" width=\"300\" height=\"169\" srcset=\"https:\/\/paju.org\/wp-content\/uploads\/2019\/02\/939-1-300x169.jpg 300w, https:\/\/paju.org\/wp-content\/uploads\/2019\/02\/939-1.jpg 640w\" sizes=\"(max-width: 300px) 100vw, 300px\" \/><\/p>\n<p>Cette manifestation fait suite au meurtre de Yehuda Biadga, 24 ans, tu\u00e9 par la police \u00e0 Bat Yam, il y a deux semaines alors qu&#8217;il brandissait un couteau. Selon des t\u00e9moins, le jeune homme ne repr\u00e9sentait pas un danger direct pour la vie des agents. L\u2019incident fait toujours l\u2019objet d\u2019une enqu\u00eate.<!--more--><\/p>\n<p>La famille de Biadga a accus\u00e9 la police de force excessive et les organisateurs de la manifestation ont qualifi\u00e9 l&#8217;incident de &#8221; goutte d&#8217;eau qui a fait d\u00e9border le vase &#8221; apr\u00e8s des ann\u00e9es de discrimination pr\u00e9sum\u00e9e de la part des autorit\u00e9s isra\u00e9liennes.<\/p>\n<p>Les manifestants portaient des drapeaux isra\u00e9liens et des pancartes disant: &#8221; La police tue Beta Israel &#8221; et &#8221; \u00c9tat policier &#8220;. Ils ont scand\u00e9 des slogans contre la police et appel\u00e9 \u00e0 l&#8217;incarc\u00e9ration des policiers qui r\u00e9agissent avec une violence excessive plut\u00f4t que de d\u00e9samorcer la situation.<\/p>\n<p>Le centre commercial Ezrieli a \u00e9t\u00e9 ferm\u00e9 au d\u00e9but de la manifestation, un geste sans pr\u00e9c\u00e9dent, apparemment sur ordre de la police qui craignait des troubles. Apr\u00e8s la manifestation, les participants se sont dirig\u00e9s vers la place Rabin, o\u00f9 les anciens religieux de la communaut\u00e9 \u00e9thiopienne ont prononc\u00e9 des discours, o\u00f9 des bougies ont \u00e9t\u00e9 allum\u00e9es et o\u00f9 les noms des personnes tu\u00e9es par la police ont \u00e9t\u00e9 lus \u00e0 haute voix.<img loading=\"lazy\" decoding=\"async\" class=\"size-medium wp-image-1772 alignleft\" src=\"http:\/\/paju.org\/wp-content\/uploads\/2019\/02\/939.2-1-300x169.jpg\" alt=\"\" width=\"300\" height=\"169\" srcset=\"https:\/\/paju.org\/wp-content\/uploads\/2019\/02\/939.2-1-300x169.jpg 300w, https:\/\/paju.org\/wp-content\/uploads\/2019\/02\/939.2-1.jpg 640w\" sizes=\"(max-width: 300px) 100vw, 300px\" \/><\/p>\n<p>Tandis que la foule se rassemblait sur la place, un petit groupe de manifestants s\u2019est s\u00e9par\u00e9 et est devenu violent, jetant des chaises et renversant des tables dans un glacier situ\u00e9 le long de la rue Even Gvirol, bloqu\u00e9 \u00e0 la circulation.<\/p>\n<p>Atlai Biadga, le p\u00e8re de Yehuda, a pris la parole lors du rassemblement en amharique: \u00ab Ils ont emmen\u00e9 mon fils. Je suis \u00e0 la fois triste et heureux de vous voir tous ici, de voir \u00e0 quel point mon fils est aim\u00e9. \u00bb Il a ajout\u00e9 qu&#8217;il esp\u00e9rait que l&#8217;officier qui a tir\u00e9 sur son fils soit jug\u00e9.<\/p>\n<p>La famille de Yosef Salamsa, qui s&#8217;est suicid\u00e9e en 2014 apr\u00e8s avoir \u00e9t\u00e9 agress\u00e9e par la police \u00e0 l&#8217;aide d&#8217;un pistolet Taser, a \u00e9galement pris la parole lors de l&#8217;\u00e9v\u00e9nement pour exprimer son indignation devant le comportement de la police.<\/p>\n<p>Dasli Takala, l&#8217;un des organisateurs, a d\u00e9clar\u00e9 aux journalistes: \u00ab Nous traitons avec la police isra\u00e9lienne, qui est une organisation criminelle\u2026 De la violence ils sont pass\u00e9s au meurtre; ils ont d\u00e9j\u00e0 tu\u00e9 10 personnes (Ethiopiens non arm\u00e9s). Nous sommes une communaut\u00e9 de militants. Le gouvernement d&#8217;Isra\u00ebl interpr\u00e8te notre politesse comme de la peur, mais c&#8217;est notre force. &#8221;<\/p>\n<p>Un autre organisateur, Shahar Mulla, a d\u00e9clar\u00e9: \u00ab Nous ne sommes pas diff\u00e9rents des autres citoyens d\u2019Isra\u00ebl. La police nous d\u00e9crit comme des criminels violents mais nous ne les laisserons pas faire du mal \u00e0 nos enfants. Nous luttons contre cette violence qui nuit \u00e0 nos enfants. Nous ne voulons plus de m\u00e8res qui pleurent, ni de familles endeuill\u00e9es. Nous ne cherchons pas du sang en \u00e9change de sang. C&#8217;est un combat pour notre existence m\u00eame. &#8220;<img loading=\"lazy\" decoding=\"async\" class=\"size-medium wp-image-1771 alignright\" src=\"http:\/\/paju.org\/wp-content\/uploads\/2019\/02\/939.1-1-300x169.jpg\" alt=\"\" width=\"300\" height=\"169\" srcset=\"https:\/\/paju.org\/wp-content\/uploads\/2019\/02\/939.1-1-300x169.jpg 300w, https:\/\/paju.org\/wp-content\/uploads\/2019\/02\/939.1-1.jpg 640w\" sizes=\"(max-width: 300px) 100vw, 300px\" \/><\/p>\n<p>Un autre manifestant a d\u00e9clar\u00e9: \u00ab Nous sommes noirs, mais nous refusons d&#8217;\u00eatre le mouton noir de l\u2019\u00c9tat \u00bb.\u00a0 \u00ab Nous ne voulions pas bloquer l\u2019autoroute Ayalon, mais la police ne nous a laiss\u00e9 aucun choix, avec leurs armes et leurs pistolets mitrailleurs \u00bb, a d\u00e9clar\u00e9 un manifestant.<\/p>\n<p>\u00ab La r\u00e9alit\u00e9 nous a de nouveau saut\u00e9 aux visages. Apr\u00e8s la manifestation de 2015, nous pensions que ces quatre ann\u00e9es nous auraient rapproch\u00e9s de la soci\u00e9t\u00e9 isra\u00e9lienne, mais apparemment pas. Nous sommes toujours des parias \u00bb, a d\u00e9plor\u00e9 un autre participant.<\/p>\n<p>Elias Inbram, l&#8217;un des organisateurs, a d\u00e9clar\u00e9 \u00e0 Ynet qu&#8217;aucun dirigeant national n&#8217;avait condamn\u00e9 le meurtre de Yehuda Biadga. &#8221; Cela ne les int\u00e9resse apparemment pas, mais peut-\u00eatre que lorsque les routes seront bloqu\u00e9es et la place Rabin bond\u00e9e, ils feront attention &#8220;.<\/p>\n<p>Inbram a adress\u00e9 la mise en garde de la police contre une manifestation violente en disant: \u00ab Que dirions-nous quand nous sommes confront\u00e9s \u00e0 l\u2019\u00e9tranger \u00e0 des accusations selon lesquelles Isra\u00ebl tue des enfants palestiniens et appelle \u00e0 la d\u00e9l\u00e9gitimisation d\u2019Isra\u00ebl? Assez de la psychologie inverse. Nous sommes toujours d\u00e9crits comme une communaut\u00e9 calme et douce et soudain nous sommes les agresseurs. \u00a0Qu\u2019est-ce qui s&#8217;est pass\u00e9?<\/p>\n<p><em>Voir les vid\u00e9os d&#8217;accompagnement en ligne en cliquant sur le lien ci-dessous<\/em><\/p>\n<p>Adapt\u00e9 de\u00a0: <a href=\"https:\/\/www.ynetnews.com\/articles\/0,7340,L-5455315,00.html?utm_campaign=20190131&amp;utm_source=sailthru&amp;utm_medium=email&amp;utm_term=Middle%20East%20Minute\">https:\/\/www.ynetnews.com\/articles\/0,7340,L-5455315,00.html?utm_campaign=20190131&amp;utm_source=sailthru&amp;utm_medium=email&amp;utm_term=Middle%20East%20Minute<\/a><\/p>\n<p>Voir aussi: \u00ab<em>Israel: no country for black people<\/em>\u00bb <em>(<\/em>IOL NEWS (South Africa)\u00a0 \u00a0 \u00a0 \u00a0 \u00a0\u00a0 24 JANUARY 2018) <a href=\"https:\/\/www.iol.co.za\/news\/opinion\/israel-no-country-for-black-people-12900274\">https:\/\/www.iol.co.za\/news\/opinion\/israel-no-country-for-black-people-12900274<\/a><\/p>\n<p>DISTRIBU\u00c9 PAR PAJU (PALESTINIENS ET JUIFS UNIS)<\/p>\n<p>WWW.PAJUMONTREAL.ORG<\/p>\n","protected":false},"excerpt":{"rendered":"<p>Les Ethiopiens ont ferm\u00e9 Tel Aviv pour protester contre les brutalit\u00e9s polici\u00e8res Amir Alon, Itay Blumenthal| Le 30 janvier dernier une marche a d\u00e9but\u00e9 \u00e0 Ezrieli Junction, pour se rendre [&hellip;]<\/p>\n","protected":false},"author":1,"featured_media":0,"comment_status":"closed","ping_status":"closed","sticky":false,"template":"","format":"standard","meta":{"_acf_changed":false,"_et_pb_use_builder":"","_et_pb_old_content":"","_et_gb_content_width":"","footnotes":""},"categories":[94],"tags":[],"class_list":["post-1773","post","type-post","status-publish","format-standard","hentry","category-bulletin-fr"],"acf":[],"yoast_head":"<!-- This site is optimized with the Yoast SEO plugin v25.8 - https:\/\/yoast.com\/wordpress\/plugins\/seo\/ -->\n<title>\u00ab QUE CESSE L\u2019OCCUPATION ! \u00bb No. 939 - PAJU<\/title>\n<meta name=\"robots\" content=\"index, follow, max-snippet:-1, max-image-preview:large, max-video-preview:-1\" \/>\n<link rel=\"canonical\" href=\"https:\/\/paju.org\/fr\/les-ethiopiens-ont-ferme-tel-aviv-pour-protester-contre-les-brutalites-policieres\/\" \/>\n<meta property=\"og:locale\" content=\"fr_FR\" \/>\n<meta property=\"og:type\" content=\"article\" \/>\n<meta property=\"og:title\" content=\"\u00ab QUE CESSE L\u2019OCCUPATION ! \u00bb No. 939 - PAJU\" \/>\n<meta property=\"og:description\" content=\"Les Ethiopiens ont ferm\u00e9 Tel Aviv pour protester contre les brutalit\u00e9s polici\u00e8res Amir Alon, Itay Blumenthal| Le 30 janvier dernier une marche a d\u00e9but\u00e9 \u00e0 Ezrieli Junction, pour se rendre [&hellip;]\" \/>\n<meta property=\"og:site_name\" content=\"PAJU\" \/>\n<meta property=\"article:publisher\" content=\"https:\/\/www.facebook.com\/pajumontreal\" \/>\n<meta property=\"article:published_time\" content=\"2019-02-08T20:49:27+00:00\" \/>\n<meta property=\"article:modified_time\" content=\"2022-03-02T15:59:03+00:00\" \/>\n<meta property=\"og:image\" content=\"https:\/\/paju.org\/wp-content\/uploads\/2022\/02\/tract-picket.jpg\" \/>\n\t<meta property=\"og:image:width\" content=\"960\" \/>\n\t<meta property=\"og:image:height\" content=\"720\" \/>\n\t<meta property=\"og:image:type\" content=\"image\/jpeg\" \/>\n<meta name=\"author\" content=\"PAJU\" \/>\n<meta name=\"twitter:card\" content=\"summary_large_image\" \/>\n<meta name=\"twitter:label1\" content=\"\u00c9crit par\" \/>\n\t<meta name=\"twitter:data1\" content=\"PAJU\" \/>\n\t<meta name=\"twitter:label2\" content=\"Dur\u00e9e de lecture estim\u00e9e\" \/>\n\t<meta name=\"twitter:data2\" content=\"4 minutes\" \/>\n<script type=\"application\/ld+json\" class=\"yoast-schema-graph\">{\"@context\":\"https:\/\/schema.org\",\"@graph\":[{\"@type\":\"Article\",\"@id\":\"https:\/\/paju.org\/fr\/les-ethiopiens-ont-ferme-tel-aviv-pour-protester-contre-les-brutalites-policieres\/#article\",\"isPartOf\":{\"@id\":\"https:\/\/paju.org\/fr\/les-ethiopiens-ont-ferme-tel-aviv-pour-protester-contre-les-brutalites-policieres\/\"},\"author\":{\"name\":\"PAJU\",\"@id\":\"https:\/\/paju.org\/fr\/#\/schema\/person\/329c80ae8a3b11562a4f709eaa6ebfc6\"},\"headline\":\"\u00ab QUE CESSE L\u2019OCCUPATION ! \u00bb No. 939\",\"datePublished\":\"2019-02-08T20:49:27+00:00\",\"dateModified\":\"2022-03-02T15:59:03+00:00\",\"mainEntityOfPage\":{\"@id\":\"https:\/\/paju.org\/fr\/les-ethiopiens-ont-ferme-tel-aviv-pour-protester-contre-les-brutalites-policieres\/\"},\"wordCount\":911,\"publisher\":{\"@id\":\"https:\/\/paju.org\/fr\/#organization\"},\"image\":{\"@id\":\"https:\/\/paju.org\/fr\/les-ethiopiens-ont-ferme-tel-aviv-pour-protester-contre-les-brutalites-policieres\/#primaryimage\"},\"thumbnailUrl\":\"http:\/\/paju.org\/wp-content\/uploads\/2019\/02\/939-1-300x169.jpg\",\"articleSection\":[\"Notre bulletin\"],\"inLanguage\":\"fr-FR\"},{\"@type\":\"WebPage\",\"@id\":\"https:\/\/paju.org\/fr\/les-ethiopiens-ont-ferme-tel-aviv-pour-protester-contre-les-brutalites-policieres\/\",\"url\":\"https:\/\/paju.org\/fr\/les-ethiopiens-ont-ferme-tel-aviv-pour-protester-contre-les-brutalites-policieres\/\",\"name\":\"\u00ab QUE CESSE L\u2019OCCUPATION ! \u00bb No. 939 - PAJU\",\"isPartOf\":{\"@id\":\"https:\/\/paju.org\/fr\/#website\"},\"primaryImageOfPage\":{\"@id\":\"https:\/\/paju.org\/fr\/les-ethiopiens-ont-ferme-tel-aviv-pour-protester-contre-les-brutalites-policieres\/#primaryimage\"},\"image\":{\"@id\":\"https:\/\/paju.org\/fr\/les-ethiopiens-ont-ferme-tel-aviv-pour-protester-contre-les-brutalites-policieres\/#primaryimage\"},\"thumbnailUrl\":\"http:\/\/paju.org\/wp-content\/uploads\/2019\/02\/939-1-300x169.jpg\",\"datePublished\":\"2019-02-08T20:49:27+00:00\",\"dateModified\":\"2022-03-02T15:59:03+00:00\",\"breadcrumb\":{\"@id\":\"https:\/\/paju.org\/fr\/les-ethiopiens-ont-ferme-tel-aviv-pour-protester-contre-les-brutalites-policieres\/#breadcrumb\"},\"inLanguage\":\"fr-FR\",\"potentialAction\":[{\"@type\":\"ReadAction\",\"target\":[\"https:\/\/paju.org\/fr\/les-ethiopiens-ont-ferme-tel-aviv-pour-protester-contre-les-brutalites-policieres\/\"]}]},{\"@type\":\"ImageObject\",\"inLanguage\":\"fr-FR\",\"@id\":\"https:\/\/paju.org\/fr\/les-ethiopiens-ont-ferme-tel-aviv-pour-protester-contre-les-brutalites-policieres\/#primaryimage\",\"url\":\"http:\/\/paju.org\/wp-content\/uploads\/2019\/02\/939-1-300x169.jpg\",\"contentUrl\":\"http:\/\/paju.org\/wp-content\/uploads\/2019\/02\/939-1-300x169.jpg\"},{\"@type\":\"BreadcrumbList\",\"@id\":\"https:\/\/paju.org\/fr\/les-ethiopiens-ont-ferme-tel-aviv-pour-protester-contre-les-brutalites-policieres\/#breadcrumb\",\"itemListElement\":[{\"@type\":\"ListItem\",\"position\":1,\"name\":\"Home\",\"item\":\"https:\/\/paju.org\/fr\/\"},{\"@type\":\"ListItem\",\"position\":2,\"name\":\"\u00ab QUE CESSE L\u2019OCCUPATION ! \u00bb No. 939\"}]},{\"@type\":\"WebSite\",\"@id\":\"https:\/\/paju.org\/fr\/#website\",\"url\":\"https:\/\/paju.org\/fr\/\",\"name\":\"PAJU\",\"description\":\"\",\"publisher\":{\"@id\":\"https:\/\/paju.org\/fr\/#organization\"},\"potentialAction\":[{\"@type\":\"SearchAction\",\"target\":{\"@type\":\"EntryPoint\",\"urlTemplate\":\"https:\/\/paju.org\/fr\/?s={search_term_string}\"},\"query-input\":{\"@type\":\"PropertyValueSpecification\",\"valueRequired\":true,\"valueName\":\"search_term_string\"}}],\"inLanguage\":\"fr-FR\"},{\"@type\":\"Organization\",\"@id\":\"https:\/\/paju.org\/fr\/#organization\",\"name\":\"Palestinian and Jewish Unity\",\"url\":\"https:\/\/paju.org\/fr\/\",\"logo\":{\"@type\":\"ImageObject\",\"inLanguage\":\"fr-FR\",\"@id\":\"https:\/\/paju.org\/fr\/#\/schema\/logo\/image\/\",\"url\":\"https:\/\/paju.org\/wp-content\/uploads\/PAJU-Logo.png\",\"contentUrl\":\"https:\/\/paju.org\/wp-content\/uploads\/PAJU-Logo.png\",\"width\":696,\"height\":293,\"caption\":\"Palestinian and Jewish Unity\"},\"image\":{\"@id\":\"https:\/\/paju.org\/fr\/#\/schema\/logo\/image\/\"},\"sameAs\":[\"https:\/\/www.facebook.com\/pajumontreal\",\"https:\/\/www.instagram.com\/pajumontreal\/\"]},{\"@type\":\"Person\",\"@id\":\"https:\/\/paju.org\/fr\/#\/schema\/person\/329c80ae8a3b11562a4f709eaa6ebfc6\",\"name\":\"PAJU\",\"image\":{\"@type\":\"ImageObject\",\"inLanguage\":\"fr-FR\",\"@id\":\"https:\/\/paju.org\/fr\/#\/schema\/person\/image\/\",\"url\":\"https:\/\/secure.gravatar.com\/avatar\/add00ab44460a1b9b8dcff1854bb07dba0ac5e3135473daf39201d280ad20f18?s=96&d=mm&r=g\",\"contentUrl\":\"https:\/\/secure.gravatar.com\/avatar\/add00ab44460a1b9b8dcff1854bb07dba0ac5e3135473daf39201d280ad20f18?s=96&d=mm&r=g\",\"caption\":\"PAJU\"},\"url\":\"https:\/\/paju.org\/fr\/author\/chadi\/\"}]}<\/script>\n<!-- \/ Yoast SEO plugin. -->","yoast_head_json":{"title":"\u00ab QUE CESSE L\u2019OCCUPATION ! \u00bb No. 939 - PAJU","robots":{"index":"index","follow":"follow","max-snippet":"max-snippet:-1","max-image-preview":"max-image-preview:large","max-video-preview":"max-video-preview:-1"},"canonical":"https:\/\/paju.org\/fr\/les-ethiopiens-ont-ferme-tel-aviv-pour-protester-contre-les-brutalites-policieres\/","og_locale":"fr_FR","og_type":"article","og_title":"\u00ab QUE CESSE L\u2019OCCUPATION ! \u00bb No. 939 - PAJU","og_description":"Les Ethiopiens ont ferm\u00e9 Tel Aviv pour protester contre les brutalit\u00e9s polici\u00e8res Amir Alon, Itay Blumenthal| Le 30 janvier dernier une marche a d\u00e9but\u00e9 \u00e0 Ezrieli Junction, pour se rendre [&hellip;]","og_site_name":"PAJU","article_publisher":"https:\/\/www.facebook.com\/pajumontreal","article_published_time":"2019-02-08T20:49:27+00:00","article_modified_time":"2022-03-02T15:59:03+00:00","og_image":[{"width":960,"height":720,"url":"https:\/\/paju.org\/wp-content\/uploads\/2022\/02\/tract-picket.jpg","type":"image\/jpeg"}],"author":"PAJU","twitter_card":"summary_large_image","twitter_misc":{"\u00c9crit par":"PAJU","Dur\u00e9e de lecture estim\u00e9e":"4 minutes"},"schema":{"@context":"https:\/\/schema.org","@graph":[{"@type":"Article","@id":"https:\/\/paju.org\/fr\/les-ethiopiens-ont-ferme-tel-aviv-pour-protester-contre-les-brutalites-policieres\/#article","isPartOf":{"@id":"https:\/\/paju.org\/fr\/les-ethiopiens-ont-ferme-tel-aviv-pour-protester-contre-les-brutalites-policieres\/"},"author":{"name":"PAJU","@id":"https:\/\/paju.org\/fr\/#\/schema\/person\/329c80ae8a3b11562a4f709eaa6ebfc6"},"headline":"\u00ab QUE CESSE L\u2019OCCUPATION ! \u00bb No. 939","datePublished":"2019-02-08T20:49:27+00:00","dateModified":"2022-03-02T15:59:03+00:00","mainEntityOfPage":{"@id":"https:\/\/paju.org\/fr\/les-ethiopiens-ont-ferme-tel-aviv-pour-protester-contre-les-brutalites-policieres\/"},"wordCount":911,"publisher":{"@id":"https:\/\/paju.org\/fr\/#organization"},"image":{"@id":"https:\/\/paju.org\/fr\/les-ethiopiens-ont-ferme-tel-aviv-pour-protester-contre-les-brutalites-policieres\/#primaryimage"},"thumbnailUrl":"http:\/\/paju.org\/wp-content\/uploads\/2019\/02\/939-1-300x169.jpg","articleSection":["Notre bulletin"],"inLanguage":"fr-FR"},{"@type":"WebPage","@id":"https:\/\/paju.org\/fr\/les-ethiopiens-ont-ferme-tel-aviv-pour-protester-contre-les-brutalites-policieres\/","url":"https:\/\/paju.org\/fr\/les-ethiopiens-ont-ferme-tel-aviv-pour-protester-contre-les-brutalites-policieres\/","name":"\u00ab QUE CESSE L\u2019OCCUPATION ! \u00bb No. 939 - PAJU","isPartOf":{"@id":"https:\/\/paju.org\/fr\/#website"},"primaryImageOfPage":{"@id":"https:\/\/paju.org\/fr\/les-ethiopiens-ont-ferme-tel-aviv-pour-protester-contre-les-brutalites-policieres\/#primaryimage"},"image":{"@id":"https:\/\/paju.org\/fr\/les-ethiopiens-ont-ferme-tel-aviv-pour-protester-contre-les-brutalites-policieres\/#primaryimage"},"thumbnailUrl":"http:\/\/paju.org\/wp-content\/uploads\/2019\/02\/939-1-300x169.jpg","datePublished":"2019-02-08T20:49:27+00:00","dateModified":"2022-03-02T15:59:03+00:00","breadcrumb":{"@id":"https:\/\/paju.org\/fr\/les-ethiopiens-ont-ferme-tel-aviv-pour-protester-contre-les-brutalites-policieres\/#breadcrumb"},"inLanguage":"fr-FR","potentialAction":[{"@type":"ReadAction","target":["https:\/\/paju.org\/fr\/les-ethiopiens-ont-ferme-tel-aviv-pour-protester-contre-les-brutalites-policieres\/"]}]},{"@type":"ImageObject","inLanguage":"fr-FR","@id":"https:\/\/paju.org\/fr\/les-ethiopiens-ont-ferme-tel-aviv-pour-protester-contre-les-brutalites-policieres\/#primaryimage","url":"http:\/\/paju.org\/wp-content\/uploads\/2019\/02\/939-1-300x169.jpg","contentUrl":"http:\/\/paju.org\/wp-content\/uploads\/2019\/02\/939-1-300x169.jpg"},{"@type":"BreadcrumbList","@id":"https:\/\/paju.org\/fr\/les-ethiopiens-ont-ferme-tel-aviv-pour-protester-contre-les-brutalites-policieres\/#breadcrumb","itemListElement":[{"@type":"ListItem","position":1,"name":"Home","item":"https:\/\/paju.org\/fr\/"},{"@type":"ListItem","position":2,"name":"\u00ab QUE CESSE L\u2019OCCUPATION ! \u00bb No. 939"}]},{"@type":"WebSite","@id":"https:\/\/paju.org\/fr\/#website","url":"https:\/\/paju.org\/fr\/","name":"PAJU","description":"","publisher":{"@id":"https:\/\/paju.org\/fr\/#organization"},"potentialAction":[{"@type":"SearchAction","target":{"@type":"EntryPoint","urlTemplate":"https:\/\/paju.org\/fr\/?s={search_term_string}"},"query-input":{"@type":"PropertyValueSpecification","valueRequired":true,"valueName":"search_term_string"}}],"inLanguage":"fr-FR"},{"@type":"Organization","@id":"https:\/\/paju.org\/fr\/#organization","name":"Palestinian and Jewish Unity","url":"https:\/\/paju.org\/fr\/","logo":{"@type":"ImageObject","inLanguage":"fr-FR","@id":"https:\/\/paju.org\/fr\/#\/schema\/logo\/image\/","url":"https:\/\/paju.org\/wp-content\/uploads\/PAJU-Logo.png","contentUrl":"https:\/\/paju.org\/wp-content\/uploads\/PAJU-Logo.png","width":696,"height":293,"caption":"Palestinian and Jewish Unity"},"image":{"@id":"https:\/\/paju.org\/fr\/#\/schema\/logo\/image\/"},"sameAs":["https:\/\/www.facebook.com\/pajumontreal","https:\/\/www.instagram.com\/pajumontreal\/"]},{"@type":"Person","@id":"https:\/\/paju.org\/fr\/#\/schema\/person\/329c80ae8a3b11562a4f709eaa6ebfc6","name":"PAJU","image":{"@type":"ImageObject","inLanguage":"fr-FR","@id":"https:\/\/paju.org\/fr\/#\/schema\/person\/image\/","url":"https:\/\/secure.gravatar.com\/avatar\/add00ab44460a1b9b8dcff1854bb07dba0ac5e3135473daf39201d280ad20f18?s=96&d=mm&r=g","contentUrl":"https:\/\/secure.gravatar.com\/avatar\/add00ab44460a1b9b8dcff1854bb07dba0ac5e3135473daf39201d280ad20f18?s=96&d=mm&r=g","caption":"PAJU"},"url":"https:\/\/paju.org\/fr\/author\/chadi\/"}]}},"_links":{"self":[{"href":"https:\/\/paju.org\/fr\/wp-json\/wp\/v2\/posts\/1773","targetHints":{"allow":["GET"]}}],"collection":[{"href":"https:\/\/paju.org\/fr\/wp-json\/wp\/v2\/posts"}],"about":[{"href":"https:\/\/paju.org\/fr\/wp-json\/wp\/v2\/types\/post"}],"author":[{"embeddable":true,"href":"https:\/\/paju.org\/fr\/wp-json\/wp\/v2\/users\/1"}],"replies":[{"embeddable":true,"href":"https:\/\/paju.org\/fr\/wp-json\/wp\/v2\/comments?post=1773"}],"version-history":[{"count":4,"href":"https:\/\/paju.org\/fr\/wp-json\/wp\/v2\/posts\/1773\/revisions"}],"predecessor-version":[{"id":1802,"href":"https:\/\/paju.org\/fr\/wp-json\/wp\/v2\/posts\/1773\/revisions\/1802"}],"wp:attachment":[{"href":"https:\/\/paju.org\/fr\/wp-json\/wp\/v2\/media?parent=1773"}],"wp:term":[{"taxonomy":"category","embeddable":true,"href":"https:\/\/paju.org\/fr\/wp-json\/wp\/v2\/categories?post=1773"},{"taxonomy":"post_tag","embeddable":true,"href":"https:\/\/paju.org\/fr\/wp-json\/wp\/v2\/tags?post=1773"}],"curies":[{"name":"wp","href":"https:\/\/api.w.org\/{rel}","templated":true}]}}