{"id":175,"date":"2018-12-28T19:31:38","date_gmt":"2018-12-28T19:31:38","guid":{"rendered":"http:\/\/paju.org\/?p=175"},"modified":"2022-03-02T15:59:32","modified_gmt":"2022-03-02T15:59:32","slug":"que-cesse-loccupation-no-933","status":"publish","type":"post","link":"https:\/\/paju.org\/fr\/que-cesse-loccupation-no-933\/","title":{"rendered":"\u00ab QUE CESSE L\u2019OCCUPATION ! \u00bb no 933"},"content":{"rendered":"<h3>Cheikh Sayakh ira en \u00a0prison, honte \u00e0 ses juges<img loading=\"lazy\" decoding=\"async\" class=\"size-medium wp-image-158 alignright\" src=\"http:\/\/paju.org\/wp-content\/uploads\/2019\/01\/933-300x200.jpg\" alt=\"\" width=\"300\" height=\"200\" srcset=\"https:\/\/paju.org\/wp-content\/uploads\/2019\/01\/933-300x200.jpg 300w, https:\/\/paju.org\/wp-content\/uploads\/2019\/01\/933.jpg 640w\" sizes=\"(max-width: 300px) 100vw, 300px\" \/><\/h3>\n<p><strong>Amos Gvirtz <\/strong><\/p>\n<p>Cheikh Sayakh est sur le point d&#8217;\u00eatre emprisonn\u00e9 pour dix mois, apr\u00e8s avoir \u00e9t\u00e9 condamn\u00e9 pour entr\u00e9e sur un domaine public en violation de la loi sur les terres de l&#8217;\u00c9tat. Et ici, ce criminel gagne l&#8217;appui des activistes des droits de l&#8217;homme et de la coexistence. Naturellement, on se demande pourquoi nous soutenons une personne qu&#8217;un tribunal isra\u00e9lien consid\u00e8re comme un criminel qui m\u00e9rite une peine de dix mois de prison et une amende de plusieurs dizaines de milliers de shekels. Pour comprendre cela, il faut raconter l&#8217;histoire de ce cas:<\/p>\n<p>En 1905, l\u2019arri\u00e8re-grand-p\u00e8re de Cheikh Sayakh a achet\u00e9 une terre \u00e0 un membre de la tribu Al Uqbi dans la r\u00e9gion d\u2019Al Araqib. En 1914, des membres de sa tribu, Al Turi, y r\u00e9sid\u00e8rent non seulement, mais ils commenc\u00e8rent \u00e0 utiliser un petit terrain pour enterrer leurs morts. En 1952, le gouverneur militaire isra\u00e9lien s\u2019est rendu dans leur village et a dit \u00e0 l\u2019ancien (Sheikh) \u00e0 l\u2019\u00e9poque que l\u2019arm\u00e9e avait l\u2019intention de mener des man\u0153uvres dans la r\u00e9gion et qu\u2019ils devaient partir pour leur propre s\u00e9curit\u00e9. Il a promis qu&#8217;un an et demi plus tard, une fois les man\u0153uvres termin\u00e9es, ils pourraient retourner sur leurs terres. Lorsqu\u2019ils ont voulu y retourner, on leur a dit qu&#8217;ils ne pourraient rentrer que s&#8217;ils louaient les terres \u00e0 l&#8217;\u00c9tat. Ils ont refus\u00e9. C&#8217;\u00e9tait leur propre terre, pourquoi devraient-ils la louer? Apparemment, la Knesset isra\u00e9lienne a adopt\u00e9 la loi de 1953 sur l&#8217;achat de terres, qui stipulait notamment que les terres inutilis\u00e9es au moment de l&#8217;adoption de cette loi deviendraient la propri\u00e9t\u00e9 de l&#8217;\u00c9tat. Ainsi, avec l\u2019aide de l\u2019arm\u00e9e et de la l\u00e9gislation, l\u2019\u00c9tat a vol\u00e9 la terre de Sheikh Sayakh, comme c\u2019\u00e9tait le cas dans de nombreux autres cas. Autant que je sache, les victimes de cette loi ont toujours \u00e9t\u00e9 uniquement des citoyens arabes d&#8217;Isra\u00ebl, jamais des Juifs\u2026<\/p>\n<p>L&#8217;histoire se d\u00e9roule en deux versions: l&#8217;\u00c9tat affirme qu&#8217;\u00e0 la fin des ann\u00e9es 90, Cheikh Sayakh et son peuple ont envahi la r\u00e9gion et fond\u00e9 leur village. Cheikh Sayakh affirme qu&#8217;ils ont toujours maintenu leurs liens et leur utilisation de la terre.<\/p>\n<p>\u00c0 la fin des ann\u00e9es 90, l\u2019\u00c9tat a commenc\u00e9 \u00e0 d\u00e9truire les cultures c\u00e9r\u00e9ali\u00e8res d\u2019Al Araqib et \u00e0 d\u00e9molir des maisons dans le village. En juillet 2010, ils ont d\u00e9moli le village entier pour la premi\u00e8re fois. Depuis lors, l&#8217;\u00c9tat a d\u00e9moli plus de 130 fois la construction l\u00e9g\u00e8re qui \u00e9merge apr\u00e8s chaque d\u00e9molition. Parall\u00e8lement aux d\u00e9molitions, l&#8217;\u00c9tat a intent\u00e9 des poursuites judiciaires contre le cheikh et son peuple. Cela a maintenant entra\u00een\u00e9 une peine de prison et une lourde amende. Tout cela a eu lieu alors que la question de la propri\u00e9t\u00e9 du terrain est encore en cours d\u2019examen devant les tribunaux et n\u2019a pas encore \u00e9t\u00e9 tranch\u00e9e.<\/p>\n<p>L&#8217;\u00c9tat dispose d&#8217;une arm\u00e9e et d&#8217;une force de police et du pouvoir de l\u00e9gif\u00e9rer \u00e0 sa guise. Cependant, il ne peut pas contr\u00f4ler deux questions: la justice et la moralit\u00e9. Lors de chaque proc\u00e8s, ce ne sont pas seulement les accus\u00e9s, mais \u00e9galement les procureurs et les juges qui sont jug\u00e9s. L\u2019accus\u00e9 est jug\u00e9 pour les crimes qu\u2019il a ou n\u2019a pas commis. Le procureur est jug\u00e9 pour ses pr\u00e9tentions et la loi qu&#8217;il d\u00e9fend: que ce soit juste et moral ou non. Les juges sont jug\u00e9s pour leur d\u00e9cision, qu&#8217;elle soit juste et morale ou non. Est-ce qu&#8217;ils respectent des lois injustes ou se l\u00e8vent-ils \u00e0 leur encontre?<\/p>\n<p>Cheikh Sayakh est jug\u00e9 pour ne pas vouloir accepter le vol de ses terres et l&#8217;expulsion des membres de son village de leurs terres par l&#8217;\u00c9tat qui les a expuls\u00e9s de leur propre village en 1952. Il est retourn\u00e9 dans son village et l&#8217;a reconstruit. L&#8217;\u00c9tat vient maintenant et d\u00e9molit le village \u00e0 maintes reprises et tente d&#8217;expulser Cheikh Sayakh et son peuple du village. Il a \u00e9t\u00e9 inculp\u00e9 et condamn\u00e9 maintes fois pour avoir envahi les terres qui lui ont \u00e9t\u00e9 vol\u00e9es. C\u2019est l\u2019\u00c9tat qui est d\u00e9shonor\u00e9 par les poursuites engag\u00e9es contre lui et les juges qui se sont conform\u00e9s aux lois des voleurs, et contre la justice et la moralit\u00e9.<\/p>\n<p><strong>Adapt\u00e9 de<\/strong><strong>\u00a0:<\/strong> <strong><a href=\"http:\/\/www.kibush.co.il\/show_file.asp?num=79241\">http:\/\/www.kibush.co.il\/show_file.asp?num=79241<\/a><\/strong><\/p>\n<p><strong>Voir aussi\u00a0:<\/strong><strong> \u00ab<\/strong>Al-Araqib refuses to surrender after 133rd demolition <strong>\u00bb.<\/strong><\/p>\n<p><strong><a href=\"http:\/\/www.maannews.com\/Content.aspx?id=780965\">http:\/\/www.maannews.com\/Content.aspx?id=780965<\/a><\/strong><\/p>\n<p><strong>DISTRIBU\u00c9 PAR PAJU (PALESTINIENS ET JUIFS UNIS)<\/strong><\/p>\n<p><strong>WWW.PAJUMONTREAL.ORG<\/strong><\/p>\n<p><strong>\u00a0<\/strong><\/p>\n<p><strong>\u00a0<\/strong><\/p>\n<p><strong>\u00a0<\/strong><\/p>\n","protected":false},"excerpt":{"rendered":"<p>Cheikh Sayakh ira en \u00a0prison, honte \u00e0 ses juges Amos Gvirtz Cheikh Sayakh est sur le point d&#8217;\u00eatre emprisonn\u00e9 pour dix mois, apr\u00e8s avoir \u00e9t\u00e9 condamn\u00e9 pour entr\u00e9e sur un [&hellip;]<\/p>\n","protected":false},"author":1,"featured_media":0,"comment_status":"closed","ping_status":"closed","sticky":false,"template":"","format":"standard","meta":{"_acf_changed":false,"_et_pb_use_builder":"","_et_pb_old_content":"","_et_gb_content_width":"","footnotes":""},"categories":[94],"tags":[],"class_list":["post-175","post","type-post","status-publish","format-standard","hentry","category-bulletin-fr"],"acf":[],"yoast_head":"<!-- This site is optimized with the Yoast SEO plugin v25.8 - https:\/\/yoast.com\/wordpress\/plugins\/seo\/ -->\n<title>\u00ab QUE CESSE L\u2019OCCUPATION ! \u00bb no 933 - PAJU<\/title>\n<meta name=\"robots\" content=\"index, follow, max-snippet:-1, max-image-preview:large, max-video-preview:-1\" \/>\n<link rel=\"canonical\" href=\"https:\/\/paju.org\/fr\/que-cesse-loccupation-no-933\/\" \/>\n<meta property=\"og:locale\" content=\"fr_FR\" \/>\n<meta property=\"og:type\" content=\"article\" \/>\n<meta property=\"og:title\" content=\"\u00ab QUE CESSE L\u2019OCCUPATION ! \u00bb no 933 - PAJU\" \/>\n<meta property=\"og:description\" content=\"Cheikh Sayakh ira en \u00a0prison, honte \u00e0 ses juges Amos Gvirtz Cheikh Sayakh est sur le point d&#8217;\u00eatre emprisonn\u00e9 pour dix mois, apr\u00e8s avoir \u00e9t\u00e9 condamn\u00e9 pour entr\u00e9e sur un [&hellip;]\" \/>\n<meta property=\"og:site_name\" content=\"PAJU\" \/>\n<meta property=\"article:publisher\" content=\"https:\/\/www.facebook.com\/pajumontreal\" \/>\n<meta property=\"article:published_time\" content=\"2018-12-28T19:31:38+00:00\" \/>\n<meta property=\"article:modified_time\" content=\"2022-03-02T15:59:32+00:00\" \/>\n<meta property=\"og:image\" content=\"https:\/\/paju.org\/wp-content\/uploads\/2022\/02\/tract-picket.jpg\" \/>\n\t<meta property=\"og:image:width\" content=\"960\" \/>\n\t<meta property=\"og:image:height\" content=\"720\" \/>\n\t<meta property=\"og:image:type\" content=\"image\/jpeg\" \/>\n<meta name=\"author\" content=\"PAJU\" \/>\n<meta name=\"twitter:card\" content=\"summary_large_image\" \/>\n<meta name=\"twitter:label1\" content=\"\u00c9crit par\" \/>\n\t<meta name=\"twitter:data1\" content=\"PAJU\" \/>\n\t<meta name=\"twitter:label2\" content=\"Dur\u00e9e de lecture estim\u00e9e\" \/>\n\t<meta name=\"twitter:data2\" content=\"4 minutes\" \/>\n<script type=\"application\/ld+json\" class=\"yoast-schema-graph\">{\"@context\":\"https:\/\/schema.org\",\"@graph\":[{\"@type\":\"Article\",\"@id\":\"https:\/\/paju.org\/fr\/que-cesse-loccupation-no-933\/#article\",\"isPartOf\":{\"@id\":\"https:\/\/paju.org\/fr\/que-cesse-loccupation-no-933\/\"},\"author\":{\"name\":\"PAJU\",\"@id\":\"https:\/\/paju.org\/fr\/#\/schema\/person\/329c80ae8a3b11562a4f709eaa6ebfc6\"},\"headline\":\"\u00ab QUE CESSE L\u2019OCCUPATION ! \u00bb no 933\",\"datePublished\":\"2018-12-28T19:31:38+00:00\",\"dateModified\":\"2022-03-02T15:59:32+00:00\",\"mainEntityOfPage\":{\"@id\":\"https:\/\/paju.org\/fr\/que-cesse-loccupation-no-933\/\"},\"wordCount\":828,\"publisher\":{\"@id\":\"https:\/\/paju.org\/fr\/#organization\"},\"image\":{\"@id\":\"https:\/\/paju.org\/fr\/que-cesse-loccupation-no-933\/#primaryimage\"},\"thumbnailUrl\":\"http:\/\/paju.org\/wp-content\/uploads\/2019\/01\/933-300x200.jpg\",\"articleSection\":[\"Notre bulletin\"],\"inLanguage\":\"fr-FR\"},{\"@type\":\"WebPage\",\"@id\":\"https:\/\/paju.org\/fr\/que-cesse-loccupation-no-933\/\",\"url\":\"https:\/\/paju.org\/fr\/que-cesse-loccupation-no-933\/\",\"name\":\"\u00ab QUE CESSE L\u2019OCCUPATION ! \u00bb no 933 - PAJU\",\"isPartOf\":{\"@id\":\"https:\/\/paju.org\/fr\/#website\"},\"primaryImageOfPage\":{\"@id\":\"https:\/\/paju.org\/fr\/que-cesse-loccupation-no-933\/#primaryimage\"},\"image\":{\"@id\":\"https:\/\/paju.org\/fr\/que-cesse-loccupation-no-933\/#primaryimage\"},\"thumbnailUrl\":\"http:\/\/paju.org\/wp-content\/uploads\/2019\/01\/933-300x200.jpg\",\"datePublished\":\"2018-12-28T19:31:38+00:00\",\"dateModified\":\"2022-03-02T15:59:32+00:00\",\"breadcrumb\":{\"@id\":\"https:\/\/paju.org\/fr\/que-cesse-loccupation-no-933\/#breadcrumb\"},\"inLanguage\":\"fr-FR\",\"potentialAction\":[{\"@type\":\"ReadAction\",\"target\":[\"https:\/\/paju.org\/fr\/que-cesse-loccupation-no-933\/\"]}]},{\"@type\":\"ImageObject\",\"inLanguage\":\"fr-FR\",\"@id\":\"https:\/\/paju.org\/fr\/que-cesse-loccupation-no-933\/#primaryimage\",\"url\":\"http:\/\/paju.org\/wp-content\/uploads\/2019\/01\/933-300x200.jpg\",\"contentUrl\":\"http:\/\/paju.org\/wp-content\/uploads\/2019\/01\/933-300x200.jpg\"},{\"@type\":\"BreadcrumbList\",\"@id\":\"https:\/\/paju.org\/fr\/que-cesse-loccupation-no-933\/#breadcrumb\",\"itemListElement\":[{\"@type\":\"ListItem\",\"position\":1,\"name\":\"Home\",\"item\":\"https:\/\/paju.org\/fr\/\"},{\"@type\":\"ListItem\",\"position\":2,\"name\":\"\u00ab QUE CESSE L\u2019OCCUPATION ! \u00bb no 933\"}]},{\"@type\":\"WebSite\",\"@id\":\"https:\/\/paju.org\/fr\/#website\",\"url\":\"https:\/\/paju.org\/fr\/\",\"name\":\"PAJU\",\"description\":\"\",\"publisher\":{\"@id\":\"https:\/\/paju.org\/fr\/#organization\"},\"potentialAction\":[{\"@type\":\"SearchAction\",\"target\":{\"@type\":\"EntryPoint\",\"urlTemplate\":\"https:\/\/paju.org\/fr\/?s={search_term_string}\"},\"query-input\":{\"@type\":\"PropertyValueSpecification\",\"valueRequired\":true,\"valueName\":\"search_term_string\"}}],\"inLanguage\":\"fr-FR\"},{\"@type\":\"Organization\",\"@id\":\"https:\/\/paju.org\/fr\/#organization\",\"name\":\"Palestinian and Jewish Unity\",\"url\":\"https:\/\/paju.org\/fr\/\",\"logo\":{\"@type\":\"ImageObject\",\"inLanguage\":\"fr-FR\",\"@id\":\"https:\/\/paju.org\/fr\/#\/schema\/logo\/image\/\",\"url\":\"https:\/\/paju.org\/wp-content\/uploads\/PAJU-Logo.png\",\"contentUrl\":\"https:\/\/paju.org\/wp-content\/uploads\/PAJU-Logo.png\",\"width\":696,\"height\":293,\"caption\":\"Palestinian and Jewish Unity\"},\"image\":{\"@id\":\"https:\/\/paju.org\/fr\/#\/schema\/logo\/image\/\"},\"sameAs\":[\"https:\/\/www.facebook.com\/pajumontreal\",\"https:\/\/www.instagram.com\/pajumontreal\/\"]},{\"@type\":\"Person\",\"@id\":\"https:\/\/paju.org\/fr\/#\/schema\/person\/329c80ae8a3b11562a4f709eaa6ebfc6\",\"name\":\"PAJU\",\"image\":{\"@type\":\"ImageObject\",\"inLanguage\":\"fr-FR\",\"@id\":\"https:\/\/paju.org\/fr\/#\/schema\/person\/image\/\",\"url\":\"https:\/\/secure.gravatar.com\/avatar\/add00ab44460a1b9b8dcff1854bb07dba0ac5e3135473daf39201d280ad20f18?s=96&d=mm&r=g\",\"contentUrl\":\"https:\/\/secure.gravatar.com\/avatar\/add00ab44460a1b9b8dcff1854bb07dba0ac5e3135473daf39201d280ad20f18?s=96&d=mm&r=g\",\"caption\":\"PAJU\"},\"url\":\"https:\/\/paju.org\/fr\/author\/chadi\/\"}]}<\/script>\n<!-- \/ Yoast SEO plugin. -->","yoast_head_json":{"title":"\u00ab QUE CESSE L\u2019OCCUPATION ! \u00bb no 933 - PAJU","robots":{"index":"index","follow":"follow","max-snippet":"max-snippet:-1","max-image-preview":"max-image-preview:large","max-video-preview":"max-video-preview:-1"},"canonical":"https:\/\/paju.org\/fr\/que-cesse-loccupation-no-933\/","og_locale":"fr_FR","og_type":"article","og_title":"\u00ab QUE CESSE L\u2019OCCUPATION ! \u00bb no 933 - PAJU","og_description":"Cheikh Sayakh ira en \u00a0prison, honte \u00e0 ses juges Amos Gvirtz Cheikh Sayakh est sur le point d&#8217;\u00eatre emprisonn\u00e9 pour dix mois, apr\u00e8s avoir \u00e9t\u00e9 condamn\u00e9 pour entr\u00e9e sur un [&hellip;]","og_site_name":"PAJU","article_publisher":"https:\/\/www.facebook.com\/pajumontreal","article_published_time":"2018-12-28T19:31:38+00:00","article_modified_time":"2022-03-02T15:59:32+00:00","og_image":[{"width":960,"height":720,"url":"https:\/\/paju.org\/wp-content\/uploads\/2022\/02\/tract-picket.jpg","type":"image\/jpeg"}],"author":"PAJU","twitter_card":"summary_large_image","twitter_misc":{"\u00c9crit par":"PAJU","Dur\u00e9e de lecture estim\u00e9e":"4 minutes"},"schema":{"@context":"https:\/\/schema.org","@graph":[{"@type":"Article","@id":"https:\/\/paju.org\/fr\/que-cesse-loccupation-no-933\/#article","isPartOf":{"@id":"https:\/\/paju.org\/fr\/que-cesse-loccupation-no-933\/"},"author":{"name":"PAJU","@id":"https:\/\/paju.org\/fr\/#\/schema\/person\/329c80ae8a3b11562a4f709eaa6ebfc6"},"headline":"\u00ab QUE CESSE L\u2019OCCUPATION ! \u00bb no 933","datePublished":"2018-12-28T19:31:38+00:00","dateModified":"2022-03-02T15:59:32+00:00","mainEntityOfPage":{"@id":"https:\/\/paju.org\/fr\/que-cesse-loccupation-no-933\/"},"wordCount":828,"publisher":{"@id":"https:\/\/paju.org\/fr\/#organization"},"image":{"@id":"https:\/\/paju.org\/fr\/que-cesse-loccupation-no-933\/#primaryimage"},"thumbnailUrl":"http:\/\/paju.org\/wp-content\/uploads\/2019\/01\/933-300x200.jpg","articleSection":["Notre bulletin"],"inLanguage":"fr-FR"},{"@type":"WebPage","@id":"https:\/\/paju.org\/fr\/que-cesse-loccupation-no-933\/","url":"https:\/\/paju.org\/fr\/que-cesse-loccupation-no-933\/","name":"\u00ab QUE CESSE L\u2019OCCUPATION ! \u00bb no 933 - PAJU","isPartOf":{"@id":"https:\/\/paju.org\/fr\/#website"},"primaryImageOfPage":{"@id":"https:\/\/paju.org\/fr\/que-cesse-loccupation-no-933\/#primaryimage"},"image":{"@id":"https:\/\/paju.org\/fr\/que-cesse-loccupation-no-933\/#primaryimage"},"thumbnailUrl":"http:\/\/paju.org\/wp-content\/uploads\/2019\/01\/933-300x200.jpg","datePublished":"2018-12-28T19:31:38+00:00","dateModified":"2022-03-02T15:59:32+00:00","breadcrumb":{"@id":"https:\/\/paju.org\/fr\/que-cesse-loccupation-no-933\/#breadcrumb"},"inLanguage":"fr-FR","potentialAction":[{"@type":"ReadAction","target":["https:\/\/paju.org\/fr\/que-cesse-loccupation-no-933\/"]}]},{"@type":"ImageObject","inLanguage":"fr-FR","@id":"https:\/\/paju.org\/fr\/que-cesse-loccupation-no-933\/#primaryimage","url":"http:\/\/paju.org\/wp-content\/uploads\/2019\/01\/933-300x200.jpg","contentUrl":"http:\/\/paju.org\/wp-content\/uploads\/2019\/01\/933-300x200.jpg"},{"@type":"BreadcrumbList","@id":"https:\/\/paju.org\/fr\/que-cesse-loccupation-no-933\/#breadcrumb","itemListElement":[{"@type":"ListItem","position":1,"name":"Home","item":"https:\/\/paju.org\/fr\/"},{"@type":"ListItem","position":2,"name":"\u00ab QUE CESSE L\u2019OCCUPATION ! \u00bb no 933"}]},{"@type":"WebSite","@id":"https:\/\/paju.org\/fr\/#website","url":"https:\/\/paju.org\/fr\/","name":"PAJU","description":"","publisher":{"@id":"https:\/\/paju.org\/fr\/#organization"},"potentialAction":[{"@type":"SearchAction","target":{"@type":"EntryPoint","urlTemplate":"https:\/\/paju.org\/fr\/?s={search_term_string}"},"query-input":{"@type":"PropertyValueSpecification","valueRequired":true,"valueName":"search_term_string"}}],"inLanguage":"fr-FR"},{"@type":"Organization","@id":"https:\/\/paju.org\/fr\/#organization","name":"Palestinian and Jewish Unity","url":"https:\/\/paju.org\/fr\/","logo":{"@type":"ImageObject","inLanguage":"fr-FR","@id":"https:\/\/paju.org\/fr\/#\/schema\/logo\/image\/","url":"https:\/\/paju.org\/wp-content\/uploads\/PAJU-Logo.png","contentUrl":"https:\/\/paju.org\/wp-content\/uploads\/PAJU-Logo.png","width":696,"height":293,"caption":"Palestinian and Jewish Unity"},"image":{"@id":"https:\/\/paju.org\/fr\/#\/schema\/logo\/image\/"},"sameAs":["https:\/\/www.facebook.com\/pajumontreal","https:\/\/www.instagram.com\/pajumontreal\/"]},{"@type":"Person","@id":"https:\/\/paju.org\/fr\/#\/schema\/person\/329c80ae8a3b11562a4f709eaa6ebfc6","name":"PAJU","image":{"@type":"ImageObject","inLanguage":"fr-FR","@id":"https:\/\/paju.org\/fr\/#\/schema\/person\/image\/","url":"https:\/\/secure.gravatar.com\/avatar\/add00ab44460a1b9b8dcff1854bb07dba0ac5e3135473daf39201d280ad20f18?s=96&d=mm&r=g","contentUrl":"https:\/\/secure.gravatar.com\/avatar\/add00ab44460a1b9b8dcff1854bb07dba0ac5e3135473daf39201d280ad20f18?s=96&d=mm&r=g","caption":"PAJU"},"url":"https:\/\/paju.org\/fr\/author\/chadi\/"}]}},"_links":{"self":[{"href":"https:\/\/paju.org\/fr\/wp-json\/wp\/v2\/posts\/175","targetHints":{"allow":["GET"]}}],"collection":[{"href":"https:\/\/paju.org\/fr\/wp-json\/wp\/v2\/posts"}],"about":[{"href":"https:\/\/paju.org\/fr\/wp-json\/wp\/v2\/types\/post"}],"author":[{"embeddable":true,"href":"https:\/\/paju.org\/fr\/wp-json\/wp\/v2\/users\/1"}],"replies":[{"embeddable":true,"href":"https:\/\/paju.org\/fr\/wp-json\/wp\/v2\/comments?post=175"}],"version-history":[{"count":2,"href":"https:\/\/paju.org\/fr\/wp-json\/wp\/v2\/posts\/175\/revisions"}],"predecessor-version":[{"id":181,"href":"https:\/\/paju.org\/fr\/wp-json\/wp\/v2\/posts\/175\/revisions\/181"}],"wp:attachment":[{"href":"https:\/\/paju.org\/fr\/wp-json\/wp\/v2\/media?parent=175"}],"wp:term":[{"taxonomy":"category","embeddable":true,"href":"https:\/\/paju.org\/fr\/wp-json\/wp\/v2\/categories?post=175"},{"taxonomy":"post_tag","embeddable":true,"href":"https:\/\/paju.org\/fr\/wp-json\/wp\/v2\/tags?post=175"}],"curies":[{"name":"wp","href":"https:\/\/api.w.org\/{rel}","templated":true}]}}