{"id":151,"date":"2018-12-21T18:52:32","date_gmt":"2018-12-21T18:52:32","guid":{"rendered":"http:\/\/paju.org\/?p=151"},"modified":"2019-01-31T18:58:41","modified_gmt":"2019-01-31T18:58:41","slug":"end-of-occupation-no-932","status":"publish","type":"post","link":"https:\/\/paju.org\/fr\/end-of-occupation-no-932\/","title":{"rendered":"End of Occupation No 932"},"content":{"rendered":"<h3><img loading=\"lazy\" decoding=\"async\" class=\"size-medium wp-image-70 alignright\" src=\"http:\/\/paju.org\/wp-content\/uploads\/2019\/01\/932-300x300.jpg\" alt=\"\" width=\"300\" height=\"300\" srcset=\"https:\/\/paju.org\/wp-content\/uploads\/2019\/01\/932-300x300.jpg 300w, https:\/\/paju.org\/wp-content\/uploads\/2019\/01\/932-150x150.jpg 150w, https:\/\/paju.org\/wp-content\/uploads\/2019\/01\/932.jpg 325w\" sizes=\"(max-width: 300px) 100vw, 300px\" \/>FREE GEORGES IBRAHIM ABDALLAH!<\/h3>\n<p>Georges Ibrahim Abdallah&nbsp; is a Lebanese revolutionary who has been <strong>imprisoned for 34 years<\/strong> in France. He is now incarcerated in Lannemezan prison. His security sentence was completed in 1999.<\/p>\n<p>This Lebanese national, from a Christian family, originally from Kobayat in northern Lebanon, is now 67 years old. Co-founder in 1979 of the &#8220;Lebanese Revolutionary Armed Fractions&#8221;, a small anti-imperialist Marxist group, who claimed the execution of an American military attache, Charles Ray, in Paris, and of an Israeli diplomat Yacov Barsimentov in Boulogne-Billancourt while Lebanon was invaded by the Israeli army, he was arrested in Lyon on 24 October 1984 and sentenced to life in 1987.<!--more--><\/p>\n<p>During his trial in Lyon in 1987, he was found guilty of complicity in these murders. This former teacher said before his judges: &#8220;I am a fighter not a criminal&#8221;. He added, &#8220;The way I followed was imposed by the human rights abuses against the Palestinians&#8221;. Abdallah was sentenced in 1987 to life imprisonment during a controversial hearing, considered an indelible stain for the French legal system.<\/p>\n<p><strong>The trial suffered many irregularities, first because one of Abdallah&#8217;s lawyers was used to spy on him. As for the so-called evidence against Abdallah, they were fabricated retroactively by the French, American and Israeli intelligence services.<\/strong><\/p>\n<p>The aggressive policies against Lebanon &#8211; European in general and Zionist in particular &#8211; and the way in which France contributed to it gave birth to the &#8220;Abdullah phenomenon&#8221;, as to many others like him.<\/p>\n<p>These policies contributed to what was called &#8220;special operations&#8221; in which most Palestinian organizations were involved with many other national liberation movements. Those falsely labeled as &#8220;terrorists&#8221; acted in accordance with their rights as men. Abdallah&#8217;s case is a case of legitimate national resistance.<\/p>\n<p>Over the years and legal procedures, the United States has systematically opposed any release, even conditional, of Georges Ibrahim Abdallah, claiming that he is &#8220;a danger to the stability of Lebanon&#8221; (?). Each time the U.S. has obtained satisfaction from French authorities.<\/p>\n<p>The latest requirement dates back to April 2014, when the US State Department (under President Barack Obama) intervened with the French government to prevent Abdallah&#8217;s release and return to Lebanon. Needless to say, Prime Minister Manuel Vals and President Fran\u00e7ois Hollande hastened to comply.<\/p>\n<p><strong>Adapted from:<\/strong> <a href=\"http:\/\/www.chroniquepalestine.com\/georges-ibrahim-abdallah-il-est-de-nos-luttes-nous-sommes-de-son-combat\/\">http:\/\/www.chroniquepalestine.com\/georges-ibrahim-abdallah-il-est-de-nos-luttes-nous-sommes-de-son-combat\/<\/a><\/p>\n<p><strong>DISTRIBUTED BY PAJU (PALESTINIAN AND JEWISH UNITY)<\/strong><\/p>\n<p><strong>WWW.PAJUMONTREAL.ORG<\/strong><\/p>\n<p><strong>&nbsp;<\/strong><\/p>\n","protected":false},"excerpt":{"rendered":"<p>FREE GEORGES IBRAHIM ABDALLAH! Georges Ibrahim Abdallah&nbsp; is a Lebanese revolutionary who has been imprisoned for 34 years in France. He is now incarcerated in Lannemezan prison. His security sentence [&hellip;]<\/p>\n","protected":false},"author":1,"featured_media":0,"comment_status":"closed","ping_status":"closed","sticky":false,"template":"","format":"standard","meta":{"_acf_changed":false,"_et_pb_use_builder":"","_et_pb_old_content":"","_et_gb_content_width":"","footnotes":""},"categories":[7],"tags":[],"class_list":["post-151","post","type-post","status-publish","format-standard","hentry","category-non-classifiee"],"acf":[],"yoast_head":"<!-- This site is optimized with the Yoast SEO plugin v25.8 - https:\/\/yoast.com\/wordpress\/plugins\/seo\/ -->\n<title>End of Occupation No 932 - PAJU<\/title>\n<meta name=\"robots\" content=\"index, follow, max-snippet:-1, max-image-preview:large, max-video-preview:-1\" \/>\n<link rel=\"canonical\" href=\"https:\/\/paju.org\/fr\/end-of-occupation-no-932\/\" \/>\n<meta property=\"og:locale\" content=\"fr_FR\" \/>\n<meta property=\"og:type\" content=\"article\" \/>\n<meta property=\"og:title\" content=\"End of Occupation No 932 - PAJU\" \/>\n<meta property=\"og:description\" content=\"FREE GEORGES IBRAHIM ABDALLAH! Georges Ibrahim Abdallah&nbsp; is a Lebanese revolutionary who has been imprisoned for 34 years in France. He is now incarcerated in Lannemezan prison. His security sentence [&hellip;]\" \/>\n<meta property=\"og:site_name\" content=\"PAJU\" \/>\n<meta property=\"article:publisher\" content=\"https:\/\/www.facebook.com\/pajumontreal\" \/>\n<meta property=\"article:published_time\" content=\"2018-12-21T18:52:32+00:00\" \/>\n<meta property=\"article:modified_time\" content=\"2019-01-31T18:58:41+00:00\" \/>\n<meta property=\"og:image\" content=\"https:\/\/paju.org\/wp-content\/uploads\/2022\/02\/tract-picket.jpg\" \/>\n\t<meta property=\"og:image:width\" content=\"960\" \/>\n\t<meta property=\"og:image:height\" content=\"720\" \/>\n\t<meta property=\"og:image:type\" content=\"image\/jpeg\" \/>\n<meta name=\"author\" content=\"PAJU\" \/>\n<meta name=\"twitter:card\" content=\"summary_large_image\" \/>\n<meta name=\"twitter:label1\" content=\"\u00c9crit par\" \/>\n\t<meta name=\"twitter:data1\" content=\"PAJU\" \/>\n\t<meta name=\"twitter:label2\" content=\"Dur\u00e9e de lecture estim\u00e9e\" \/>\n\t<meta name=\"twitter:data2\" content=\"2 minutes\" \/>\n<script type=\"application\/ld+json\" class=\"yoast-schema-graph\">{\"@context\":\"https:\/\/schema.org\",\"@graph\":[{\"@type\":\"Article\",\"@id\":\"https:\/\/paju.org\/fr\/end-of-occupation-no-932\/#article\",\"isPartOf\":{\"@id\":\"https:\/\/paju.org\/fr\/end-of-occupation-no-932\/\"},\"author\":{\"name\":\"PAJU\",\"@id\":\"https:\/\/paju.org\/fr\/#\/schema\/person\/329c80ae8a3b11562a4f709eaa6ebfc6\"},\"headline\":\"End of Occupation No 932\",\"datePublished\":\"2018-12-21T18:52:32+00:00\",\"dateModified\":\"2019-01-31T18:58:41+00:00\",\"mainEntityOfPage\":{\"@id\":\"https:\/\/paju.org\/fr\/end-of-occupation-no-932\/\"},\"wordCount\":396,\"publisher\":{\"@id\":\"https:\/\/paju.org\/fr\/#organization\"},\"image\":{\"@id\":\"https:\/\/paju.org\/fr\/end-of-occupation-no-932\/#primaryimage\"},\"thumbnailUrl\":\"http:\/\/paju.org\/wp-content\/uploads\/2019\/01\/932-300x300.jpg\",\"articleSection\":[\"Non classifi\u00e9(e)\"],\"inLanguage\":\"fr-FR\"},{\"@type\":\"WebPage\",\"@id\":\"https:\/\/paju.org\/fr\/end-of-occupation-no-932\/\",\"url\":\"https:\/\/paju.org\/fr\/end-of-occupation-no-932\/\",\"name\":\"End of Occupation No 932 - PAJU\",\"isPartOf\":{\"@id\":\"https:\/\/paju.org\/fr\/#website\"},\"primaryImageOfPage\":{\"@id\":\"https:\/\/paju.org\/fr\/end-of-occupation-no-932\/#primaryimage\"},\"image\":{\"@id\":\"https:\/\/paju.org\/fr\/end-of-occupation-no-932\/#primaryimage\"},\"thumbnailUrl\":\"http:\/\/paju.org\/wp-content\/uploads\/2019\/01\/932-300x300.jpg\",\"datePublished\":\"2018-12-21T18:52:32+00:00\",\"dateModified\":\"2019-01-31T18:58:41+00:00\",\"breadcrumb\":{\"@id\":\"https:\/\/paju.org\/fr\/end-of-occupation-no-932\/#breadcrumb\"},\"inLanguage\":\"fr-FR\",\"potentialAction\":[{\"@type\":\"ReadAction\",\"target\":[\"https:\/\/paju.org\/fr\/end-of-occupation-no-932\/\"]}]},{\"@type\":\"ImageObject\",\"inLanguage\":\"fr-FR\",\"@id\":\"https:\/\/paju.org\/fr\/end-of-occupation-no-932\/#primaryimage\",\"url\":\"http:\/\/paju.org\/wp-content\/uploads\/2019\/01\/932-300x300.jpg\",\"contentUrl\":\"http:\/\/paju.org\/wp-content\/uploads\/2019\/01\/932-300x300.jpg\"},{\"@type\":\"BreadcrumbList\",\"@id\":\"https:\/\/paju.org\/fr\/end-of-occupation-no-932\/#breadcrumb\",\"itemListElement\":[{\"@type\":\"ListItem\",\"position\":1,\"name\":\"Home\",\"item\":\"https:\/\/paju.org\/fr\/\"},{\"@type\":\"ListItem\",\"position\":2,\"name\":\"End of Occupation No 932\"}]},{\"@type\":\"WebSite\",\"@id\":\"https:\/\/paju.org\/fr\/#website\",\"url\":\"https:\/\/paju.org\/fr\/\",\"name\":\"PAJU\",\"description\":\"\",\"publisher\":{\"@id\":\"https:\/\/paju.org\/fr\/#organization\"},\"potentialAction\":[{\"@type\":\"SearchAction\",\"target\":{\"@type\":\"EntryPoint\",\"urlTemplate\":\"https:\/\/paju.org\/fr\/?s={search_term_string}\"},\"query-input\":{\"@type\":\"PropertyValueSpecification\",\"valueRequired\":true,\"valueName\":\"search_term_string\"}}],\"inLanguage\":\"fr-FR\"},{\"@type\":\"Organization\",\"@id\":\"https:\/\/paju.org\/fr\/#organization\",\"name\":\"Palestinian and Jewish Unity\",\"url\":\"https:\/\/paju.org\/fr\/\",\"logo\":{\"@type\":\"ImageObject\",\"inLanguage\":\"fr-FR\",\"@id\":\"https:\/\/paju.org\/fr\/#\/schema\/logo\/image\/\",\"url\":\"https:\/\/paju.org\/wp-content\/uploads\/PAJU-Logo.png\",\"contentUrl\":\"https:\/\/paju.org\/wp-content\/uploads\/PAJU-Logo.png\",\"width\":696,\"height\":293,\"caption\":\"Palestinian and Jewish Unity\"},\"image\":{\"@id\":\"https:\/\/paju.org\/fr\/#\/schema\/logo\/image\/\"},\"sameAs\":[\"https:\/\/www.facebook.com\/pajumontreal\",\"https:\/\/www.instagram.com\/pajumontreal\/\"]},{\"@type\":\"Person\",\"@id\":\"https:\/\/paju.org\/fr\/#\/schema\/person\/329c80ae8a3b11562a4f709eaa6ebfc6\",\"name\":\"PAJU\",\"image\":{\"@type\":\"ImageObject\",\"inLanguage\":\"fr-FR\",\"@id\":\"https:\/\/paju.org\/fr\/#\/schema\/person\/image\/\",\"url\":\"https:\/\/secure.gravatar.com\/avatar\/add00ab44460a1b9b8dcff1854bb07dba0ac5e3135473daf39201d280ad20f18?s=96&d=mm&r=g\",\"contentUrl\":\"https:\/\/secure.gravatar.com\/avatar\/add00ab44460a1b9b8dcff1854bb07dba0ac5e3135473daf39201d280ad20f18?s=96&d=mm&r=g\",\"caption\":\"PAJU\"},\"url\":\"https:\/\/paju.org\/fr\/author\/chadi\/\"}]}<\/script>\n<!-- \/ Yoast SEO plugin. -->","yoast_head_json":{"title":"End of Occupation No 932 - PAJU","robots":{"index":"index","follow":"follow","max-snippet":"max-snippet:-1","max-image-preview":"max-image-preview:large","max-video-preview":"max-video-preview:-1"},"canonical":"https:\/\/paju.org\/fr\/end-of-occupation-no-932\/","og_locale":"fr_FR","og_type":"article","og_title":"End of Occupation No 932 - PAJU","og_description":"FREE GEORGES IBRAHIM ABDALLAH! Georges Ibrahim Abdallah&nbsp; is a Lebanese revolutionary who has been imprisoned for 34 years in France. He is now incarcerated in Lannemezan prison. His security sentence [&hellip;]","og_site_name":"PAJU","article_publisher":"https:\/\/www.facebook.com\/pajumontreal","article_published_time":"2018-12-21T18:52:32+00:00","article_modified_time":"2019-01-31T18:58:41+00:00","og_image":[{"width":960,"height":720,"url":"https:\/\/paju.org\/wp-content\/uploads\/2022\/02\/tract-picket.jpg","type":"image\/jpeg"}],"author":"PAJU","twitter_card":"summary_large_image","twitter_misc":{"\u00c9crit par":"PAJU","Dur\u00e9e de lecture estim\u00e9e":"2 minutes"},"schema":{"@context":"https:\/\/schema.org","@graph":[{"@type":"Article","@id":"https:\/\/paju.org\/fr\/end-of-occupation-no-932\/#article","isPartOf":{"@id":"https:\/\/paju.org\/fr\/end-of-occupation-no-932\/"},"author":{"name":"PAJU","@id":"https:\/\/paju.org\/fr\/#\/schema\/person\/329c80ae8a3b11562a4f709eaa6ebfc6"},"headline":"End of Occupation No 932","datePublished":"2018-12-21T18:52:32+00:00","dateModified":"2019-01-31T18:58:41+00:00","mainEntityOfPage":{"@id":"https:\/\/paju.org\/fr\/end-of-occupation-no-932\/"},"wordCount":396,"publisher":{"@id":"https:\/\/paju.org\/fr\/#organization"},"image":{"@id":"https:\/\/paju.org\/fr\/end-of-occupation-no-932\/#primaryimage"},"thumbnailUrl":"http:\/\/paju.org\/wp-content\/uploads\/2019\/01\/932-300x300.jpg","articleSection":["Non classifi\u00e9(e)"],"inLanguage":"fr-FR"},{"@type":"WebPage","@id":"https:\/\/paju.org\/fr\/end-of-occupation-no-932\/","url":"https:\/\/paju.org\/fr\/end-of-occupation-no-932\/","name":"End of Occupation No 932 - PAJU","isPartOf":{"@id":"https:\/\/paju.org\/fr\/#website"},"primaryImageOfPage":{"@id":"https:\/\/paju.org\/fr\/end-of-occupation-no-932\/#primaryimage"},"image":{"@id":"https:\/\/paju.org\/fr\/end-of-occupation-no-932\/#primaryimage"},"thumbnailUrl":"http:\/\/paju.org\/wp-content\/uploads\/2019\/01\/932-300x300.jpg","datePublished":"2018-12-21T18:52:32+00:00","dateModified":"2019-01-31T18:58:41+00:00","breadcrumb":{"@id":"https:\/\/paju.org\/fr\/end-of-occupation-no-932\/#breadcrumb"},"inLanguage":"fr-FR","potentialAction":[{"@type":"ReadAction","target":["https:\/\/paju.org\/fr\/end-of-occupation-no-932\/"]}]},{"@type":"ImageObject","inLanguage":"fr-FR","@id":"https:\/\/paju.org\/fr\/end-of-occupation-no-932\/#primaryimage","url":"http:\/\/paju.org\/wp-content\/uploads\/2019\/01\/932-300x300.jpg","contentUrl":"http:\/\/paju.org\/wp-content\/uploads\/2019\/01\/932-300x300.jpg"},{"@type":"BreadcrumbList","@id":"https:\/\/paju.org\/fr\/end-of-occupation-no-932\/#breadcrumb","itemListElement":[{"@type":"ListItem","position":1,"name":"Home","item":"https:\/\/paju.org\/fr\/"},{"@type":"ListItem","position":2,"name":"End of Occupation No 932"}]},{"@type":"WebSite","@id":"https:\/\/paju.org\/fr\/#website","url":"https:\/\/paju.org\/fr\/","name":"PAJU","description":"","publisher":{"@id":"https:\/\/paju.org\/fr\/#organization"},"potentialAction":[{"@type":"SearchAction","target":{"@type":"EntryPoint","urlTemplate":"https:\/\/paju.org\/fr\/?s={search_term_string}"},"query-input":{"@type":"PropertyValueSpecification","valueRequired":true,"valueName":"search_term_string"}}],"inLanguage":"fr-FR"},{"@type":"Organization","@id":"https:\/\/paju.org\/fr\/#organization","name":"Palestinian and Jewish Unity","url":"https:\/\/paju.org\/fr\/","logo":{"@type":"ImageObject","inLanguage":"fr-FR","@id":"https:\/\/paju.org\/fr\/#\/schema\/logo\/image\/","url":"https:\/\/paju.org\/wp-content\/uploads\/PAJU-Logo.png","contentUrl":"https:\/\/paju.org\/wp-content\/uploads\/PAJU-Logo.png","width":696,"height":293,"caption":"Palestinian and Jewish Unity"},"image":{"@id":"https:\/\/paju.org\/fr\/#\/schema\/logo\/image\/"},"sameAs":["https:\/\/www.facebook.com\/pajumontreal","https:\/\/www.instagram.com\/pajumontreal\/"]},{"@type":"Person","@id":"https:\/\/paju.org\/fr\/#\/schema\/person\/329c80ae8a3b11562a4f709eaa6ebfc6","name":"PAJU","image":{"@type":"ImageObject","inLanguage":"fr-FR","@id":"https:\/\/paju.org\/fr\/#\/schema\/person\/image\/","url":"https:\/\/secure.gravatar.com\/avatar\/add00ab44460a1b9b8dcff1854bb07dba0ac5e3135473daf39201d280ad20f18?s=96&d=mm&r=g","contentUrl":"https:\/\/secure.gravatar.com\/avatar\/add00ab44460a1b9b8dcff1854bb07dba0ac5e3135473daf39201d280ad20f18?s=96&d=mm&r=g","caption":"PAJU"},"url":"https:\/\/paju.org\/fr\/author\/chadi\/"}]}},"_links":{"self":[{"href":"https:\/\/paju.org\/fr\/wp-json\/wp\/v2\/posts\/151","targetHints":{"allow":["GET"]}}],"collection":[{"href":"https:\/\/paju.org\/fr\/wp-json\/wp\/v2\/posts"}],"about":[{"href":"https:\/\/paju.org\/fr\/wp-json\/wp\/v2\/types\/post"}],"author":[{"embeddable":true,"href":"https:\/\/paju.org\/fr\/wp-json\/wp\/v2\/users\/1"}],"replies":[{"embeddable":true,"href":"https:\/\/paju.org\/fr\/wp-json\/wp\/v2\/comments?post=151"}],"version-history":[{"count":2,"href":"https:\/\/paju.org\/fr\/wp-json\/wp\/v2\/posts\/151\/revisions"}],"predecessor-version":[{"id":156,"href":"https:\/\/paju.org\/fr\/wp-json\/wp\/v2\/posts\/151\/revisions\/156"}],"wp:attachment":[{"href":"https:\/\/paju.org\/fr\/wp-json\/wp\/v2\/media?parent=151"}],"wp:term":[{"taxonomy":"category","embeddable":true,"href":"https:\/\/paju.org\/fr\/wp-json\/wp\/v2\/categories?post=151"},{"taxonomy":"post_tag","embeddable":true,"href":"https:\/\/paju.org\/fr\/wp-json\/wp\/v2\/tags?post=151"}],"curies":[{"name":"wp","href":"https:\/\/api.w.org\/{rel}","templated":true}]}}