{"id":127,"date":"2019-01-25T16:23:18","date_gmt":"2019-01-25T16:23:18","guid":{"rendered":"http:\/\/paju.org\/?p=127"},"modified":"2019-02-21T18:59:05","modified_gmt":"2019-02-21T18:59:05","slug":"paju-palestinian-and-jewish-unity-937-january-25th-2019","status":"publish","type":"post","link":"https:\/\/paju.org\/fr\/paju-palestinian-and-jewish-unity-937-january-25th-2019\/","title":{"rendered":"\u00ab END OF OCCUPATION! \u00bb No 937"},"content":{"rendered":"<h3>Justin Trudeau\u2019s pack of lies about BDS<img loading=\"lazy\" decoding=\"async\" class=\"size-medium wp-image-123 alignright\" src=\"http:\/\/paju.org\/wp-content\/uploads\/2019\/01\/trudeau-netanyahu-final-815e6-300x157.png\" alt=\"\" width=\"300\" height=\"157\" srcset=\"https:\/\/paju.org\/wp-content\/uploads\/2019\/01\/trudeau-netanyahu-final-815e6-300x157.png 300w, https:\/\/paju.org\/wp-content\/uploads\/2019\/01\/trudeau-netanyahu-final-815e6.png 500w\" sizes=\"(max-width: 300px) 100vw, 300px\" \/><\/h3>\n<p>by&nbsp; Ali Abunimah<\/p>\n<p>I spoke to&nbsp;<em>The Real News<\/em>&nbsp;about Canadian Prime Minister&nbsp;<a href=\"https:\/\/electronicintifada.net\/tags\/justin-trudeau\">Justin Trudeau\u2019s<\/a>&nbsp;renewed&nbsp;<a href=\"https:\/\/www.timesofisrael.com\/trudeau-blasts-bds-movement-as-anti-semitic\/\">attacks and smears<\/a>&nbsp;against the BDS \u2013 boycott, divestment and sanctions \u2013 movement for Palestinians rights.<\/p>\n<p>During a&nbsp;<a href=\"https:\/\/www.youtube.com\/watch?v=rtFT9cD8L5I\">town hall meeting<\/a>&nbsp;at Brock University in Ontario this week, one questioner asked Trudeau to retract his previous smears that the BDS movement is anti-Semitic.<!--more--><\/p>\n<p>Instead, the Liberal Party prime minister doubled down, claiming that the&nbsp;<a href=\"https:\/\/electronicintifada.net\/blogs\/ali-abunimah\/israel-boycott-part-global-anti-racist-struggle\">anti-racist<\/a>&nbsp;BDS movement targets Jews.<\/p>\n<p>Trudeau asserted \u201cthat anti-Semitism has also manifested itself not just as targeting of individuals but it is also targeting a new condemnation, or an anti-Semitism against the very state of Israel.\u201d<\/p>\n<p><strong>Trudeau\u2019s refusal to distinguish between Jews and Judaism on the one hand, and Israel and its state ideology Zionism, on the other, is, I told&nbsp;<em>The Real News<\/em>, itself an anti-Semitic move.<\/strong><\/p>\n<p>The prime minister also repeated the claim that \u201cJewish students still feel unwelcome and uncomfortable on some of our college and university campuses because of BDS-related intimidation\u201d \u2013 a frequent smear by Israel lobby groups aimed at criminalizing Palestine solidarity activism by students.<\/p>\n<p>I told&nbsp;<em>The Real News<\/em>&nbsp;that Trudeau was spouting a pack of lies about the BDS movement and echoing Israeli government talking points.<\/p>\n<p>While he is claiming to defend \u201cCanadian values,\u201d I said that Trudeau is actually smearing Canadians, including&nbsp;<a href=\"https:\/\/ijvcanada.org\/\">Jewish Canadians<\/a>, who fully support Palestinian rights.<\/p>\n<p><strong>Trudeau is taking his cues from Canada\u2019s powerful Israel lobby<\/strong> \u2013 indeed in his answer Trudeau cited as one of his sources his \u201cfriend\u201d&nbsp;<a href=\"https:\/\/electronicintifada.net\/tags\/irwin-cotler\">Irwin Cotler<\/a>, one of Canada\u2019s top pro-Israel propagandists.<\/p>\n<p>However, as opinion surveys show, Trudeau is out of step with a&nbsp;<a href=\"https:\/\/electronicintifada.net\/blogs\/ali-abunimah\/80-percent-canadians-back-israel-boycott-poll-0\">majority of Canadians<\/a>&nbsp;who view BDS tactics as a reasonable way for Palestinians to pursue their rights in the face of the complicity and inaction of the so-called international community.<\/p>\n<p><strong>&nbsp;<\/strong><\/p>\n<p><strong>Adapted from:<\/strong> <a href=\"https:\/\/electronicintifada.net\/blogs\/ali-abunimah\/justin-trudeaus-pack-lies-about-bds\">https:\/\/electronicintifada.net\/blogs\/ali-abunimah\/justin-trudeaus-pack-lies-about-bds<\/a><\/p>\n<p><strong>DISTRIBUTED BY PAJU (PALESTINIAN AND JEWISH UNITY)<\/strong><\/p>\n<p><strong>WWW.PAJUMONTREAL.ORG<\/strong><\/p>\n","protected":false},"excerpt":{"rendered":"<p>Justin Trudeau\u2019s pack of lies about BDS by&nbsp; Ali Abunimah I spoke to&nbsp;The Real News&nbsp;about Canadian Prime Minister&nbsp;Justin Trudeau\u2019s&nbsp;renewed&nbsp;attacks and smears&nbsp;against the BDS \u2013 boycott, divestment and sanctions \u2013 movement [&hellip;]<\/p>\n","protected":false},"author":1,"featured_media":0,"comment_status":"closed","ping_status":"closed","sticky":false,"template":"","format":"standard","meta":{"_acf_changed":false,"_et_pb_use_builder":"","_et_pb_old_content":"","_et_gb_content_width":"","footnotes":""},"categories":[7],"tags":[],"class_list":["post-127","post","type-post","status-publish","format-standard","hentry","category-non-classifiee"],"acf":[],"yoast_head":"<!-- This site is optimized with the Yoast SEO plugin v25.8 - https:\/\/yoast.com\/wordpress\/plugins\/seo\/ -->\n<title>\u00ab END OF OCCUPATION! \u00bb No 937 - PAJU<\/title>\n<meta name=\"robots\" content=\"index, follow, max-snippet:-1, max-image-preview:large, max-video-preview:-1\" \/>\n<link rel=\"canonical\" href=\"https:\/\/paju.org\/fr\/paju-palestinian-and-jewish-unity-937-january-25th-2019\/\" \/>\n<meta property=\"og:locale\" content=\"fr_FR\" \/>\n<meta property=\"og:type\" content=\"article\" \/>\n<meta property=\"og:title\" content=\"\u00ab END OF OCCUPATION! \u00bb No 937 - PAJU\" \/>\n<meta property=\"og:description\" content=\"Justin Trudeau\u2019s pack of lies about BDS by&nbsp; Ali Abunimah I spoke to&nbsp;The Real News&nbsp;about Canadian Prime Minister&nbsp;Justin Trudeau\u2019s&nbsp;renewed&nbsp;attacks and smears&nbsp;against the BDS \u2013 boycott, divestment and sanctions \u2013 movement [&hellip;]\" \/>\n<meta property=\"og:site_name\" content=\"PAJU\" \/>\n<meta property=\"article:publisher\" content=\"https:\/\/www.facebook.com\/pajumontreal\" \/>\n<meta property=\"article:published_time\" content=\"2019-01-25T16:23:18+00:00\" \/>\n<meta property=\"article:modified_time\" content=\"2019-02-21T18:59:05+00:00\" \/>\n<meta property=\"og:image\" content=\"https:\/\/paju.org\/wp-content\/uploads\/2022\/02\/tract-picket.jpg\" \/>\n\t<meta property=\"og:image:width\" content=\"960\" \/>\n\t<meta property=\"og:image:height\" content=\"720\" \/>\n\t<meta property=\"og:image:type\" content=\"image\/jpeg\" \/>\n<meta name=\"author\" content=\"PAJU\" \/>\n<meta name=\"twitter:card\" content=\"summary_large_image\" \/>\n<meta name=\"twitter:label1\" content=\"\u00c9crit par\" \/>\n\t<meta name=\"twitter:data1\" content=\"PAJU\" \/>\n\t<meta name=\"twitter:label2\" content=\"Dur\u00e9e de lecture estim\u00e9e\" \/>\n\t<meta name=\"twitter:data2\" content=\"2 minutes\" \/>\n<script type=\"application\/ld+json\" class=\"yoast-schema-graph\">{\"@context\":\"https:\/\/schema.org\",\"@graph\":[{\"@type\":\"Article\",\"@id\":\"https:\/\/paju.org\/fr\/paju-palestinian-and-jewish-unity-937-january-25th-2019\/#article\",\"isPartOf\":{\"@id\":\"https:\/\/paju.org\/fr\/paju-palestinian-and-jewish-unity-937-january-25th-2019\/\"},\"author\":{\"name\":\"PAJU\",\"@id\":\"https:\/\/paju.org\/fr\/#\/schema\/person\/329c80ae8a3b11562a4f709eaa6ebfc6\"},\"headline\":\"\u00ab END OF OCCUPATION! \u00bb No 937\",\"datePublished\":\"2019-01-25T16:23:18+00:00\",\"dateModified\":\"2019-02-21T18:59:05+00:00\",\"mainEntityOfPage\":{\"@id\":\"https:\/\/paju.org\/fr\/paju-palestinian-and-jewish-unity-937-january-25th-2019\/\"},\"wordCount\":351,\"publisher\":{\"@id\":\"https:\/\/paju.org\/fr\/#organization\"},\"image\":{\"@id\":\"https:\/\/paju.org\/fr\/paju-palestinian-and-jewish-unity-937-january-25th-2019\/#primaryimage\"},\"thumbnailUrl\":\"http:\/\/paju.org\/wp-content\/uploads\/2019\/01\/trudeau-netanyahu-final-815e6-300x157.png\",\"articleSection\":[\"Non classifi\u00e9(e)\"],\"inLanguage\":\"fr-FR\"},{\"@type\":\"WebPage\",\"@id\":\"https:\/\/paju.org\/fr\/paju-palestinian-and-jewish-unity-937-january-25th-2019\/\",\"url\":\"https:\/\/paju.org\/fr\/paju-palestinian-and-jewish-unity-937-january-25th-2019\/\",\"name\":\"\u00ab END OF OCCUPATION! \u00bb No 937 - PAJU\",\"isPartOf\":{\"@id\":\"https:\/\/paju.org\/fr\/#website\"},\"primaryImageOfPage\":{\"@id\":\"https:\/\/paju.org\/fr\/paju-palestinian-and-jewish-unity-937-january-25th-2019\/#primaryimage\"},\"image\":{\"@id\":\"https:\/\/paju.org\/fr\/paju-palestinian-and-jewish-unity-937-january-25th-2019\/#primaryimage\"},\"thumbnailUrl\":\"http:\/\/paju.org\/wp-content\/uploads\/2019\/01\/trudeau-netanyahu-final-815e6-300x157.png\",\"datePublished\":\"2019-01-25T16:23:18+00:00\",\"dateModified\":\"2019-02-21T18:59:05+00:00\",\"breadcrumb\":{\"@id\":\"https:\/\/paju.org\/fr\/paju-palestinian-and-jewish-unity-937-january-25th-2019\/#breadcrumb\"},\"inLanguage\":\"fr-FR\",\"potentialAction\":[{\"@type\":\"ReadAction\",\"target\":[\"https:\/\/paju.org\/fr\/paju-palestinian-and-jewish-unity-937-january-25th-2019\/\"]}]},{\"@type\":\"ImageObject\",\"inLanguage\":\"fr-FR\",\"@id\":\"https:\/\/paju.org\/fr\/paju-palestinian-and-jewish-unity-937-january-25th-2019\/#primaryimage\",\"url\":\"http:\/\/paju.org\/wp-content\/uploads\/2019\/01\/trudeau-netanyahu-final-815e6-300x157.png\",\"contentUrl\":\"http:\/\/paju.org\/wp-content\/uploads\/2019\/01\/trudeau-netanyahu-final-815e6-300x157.png\"},{\"@type\":\"BreadcrumbList\",\"@id\":\"https:\/\/paju.org\/fr\/paju-palestinian-and-jewish-unity-937-january-25th-2019\/#breadcrumb\",\"itemListElement\":[{\"@type\":\"ListItem\",\"position\":1,\"name\":\"Home\",\"item\":\"https:\/\/paju.org\/fr\/\"},{\"@type\":\"ListItem\",\"position\":2,\"name\":\"\u00ab END OF OCCUPATION! \u00bb No 937\"}]},{\"@type\":\"WebSite\",\"@id\":\"https:\/\/paju.org\/fr\/#website\",\"url\":\"https:\/\/paju.org\/fr\/\",\"name\":\"PAJU\",\"description\":\"\",\"publisher\":{\"@id\":\"https:\/\/paju.org\/fr\/#organization\"},\"potentialAction\":[{\"@type\":\"SearchAction\",\"target\":{\"@type\":\"EntryPoint\",\"urlTemplate\":\"https:\/\/paju.org\/fr\/?s={search_term_string}\"},\"query-input\":{\"@type\":\"PropertyValueSpecification\",\"valueRequired\":true,\"valueName\":\"search_term_string\"}}],\"inLanguage\":\"fr-FR\"},{\"@type\":\"Organization\",\"@id\":\"https:\/\/paju.org\/fr\/#organization\",\"name\":\"Palestinian and Jewish Unity\",\"url\":\"https:\/\/paju.org\/fr\/\",\"logo\":{\"@type\":\"ImageObject\",\"inLanguage\":\"fr-FR\",\"@id\":\"https:\/\/paju.org\/fr\/#\/schema\/logo\/image\/\",\"url\":\"https:\/\/paju.org\/wp-content\/uploads\/PAJU-Logo.png\",\"contentUrl\":\"https:\/\/paju.org\/wp-content\/uploads\/PAJU-Logo.png\",\"width\":696,\"height\":293,\"caption\":\"Palestinian and Jewish Unity\"},\"image\":{\"@id\":\"https:\/\/paju.org\/fr\/#\/schema\/logo\/image\/\"},\"sameAs\":[\"https:\/\/www.facebook.com\/pajumontreal\",\"https:\/\/www.instagram.com\/pajumontreal\/\"]},{\"@type\":\"Person\",\"@id\":\"https:\/\/paju.org\/fr\/#\/schema\/person\/329c80ae8a3b11562a4f709eaa6ebfc6\",\"name\":\"PAJU\",\"image\":{\"@type\":\"ImageObject\",\"inLanguage\":\"fr-FR\",\"@id\":\"https:\/\/paju.org\/fr\/#\/schema\/person\/image\/\",\"url\":\"https:\/\/secure.gravatar.com\/avatar\/add00ab44460a1b9b8dcff1854bb07dba0ac5e3135473daf39201d280ad20f18?s=96&d=mm&r=g\",\"contentUrl\":\"https:\/\/secure.gravatar.com\/avatar\/add00ab44460a1b9b8dcff1854bb07dba0ac5e3135473daf39201d280ad20f18?s=96&d=mm&r=g\",\"caption\":\"PAJU\"},\"url\":\"https:\/\/paju.org\/fr\/author\/chadi\/\"}]}<\/script>\n<!-- \/ Yoast SEO plugin. -->","yoast_head_json":{"title":"\u00ab END OF OCCUPATION! \u00bb No 937 - PAJU","robots":{"index":"index","follow":"follow","max-snippet":"max-snippet:-1","max-image-preview":"max-image-preview:large","max-video-preview":"max-video-preview:-1"},"canonical":"https:\/\/paju.org\/fr\/paju-palestinian-and-jewish-unity-937-january-25th-2019\/","og_locale":"fr_FR","og_type":"article","og_title":"\u00ab END OF OCCUPATION! \u00bb No 937 - PAJU","og_description":"Justin Trudeau\u2019s pack of lies about BDS by&nbsp; Ali Abunimah I spoke to&nbsp;The Real News&nbsp;about Canadian Prime Minister&nbsp;Justin Trudeau\u2019s&nbsp;renewed&nbsp;attacks and smears&nbsp;against the BDS \u2013 boycott, divestment and sanctions \u2013 movement [&hellip;]","og_site_name":"PAJU","article_publisher":"https:\/\/www.facebook.com\/pajumontreal","article_published_time":"2019-01-25T16:23:18+00:00","article_modified_time":"2019-02-21T18:59:05+00:00","og_image":[{"width":960,"height":720,"url":"https:\/\/paju.org\/wp-content\/uploads\/2022\/02\/tract-picket.jpg","type":"image\/jpeg"}],"author":"PAJU","twitter_card":"summary_large_image","twitter_misc":{"\u00c9crit par":"PAJU","Dur\u00e9e de lecture estim\u00e9e":"2 minutes"},"schema":{"@context":"https:\/\/schema.org","@graph":[{"@type":"Article","@id":"https:\/\/paju.org\/fr\/paju-palestinian-and-jewish-unity-937-january-25th-2019\/#article","isPartOf":{"@id":"https:\/\/paju.org\/fr\/paju-palestinian-and-jewish-unity-937-january-25th-2019\/"},"author":{"name":"PAJU","@id":"https:\/\/paju.org\/fr\/#\/schema\/person\/329c80ae8a3b11562a4f709eaa6ebfc6"},"headline":"\u00ab END OF OCCUPATION! \u00bb No 937","datePublished":"2019-01-25T16:23:18+00:00","dateModified":"2019-02-21T18:59:05+00:00","mainEntityOfPage":{"@id":"https:\/\/paju.org\/fr\/paju-palestinian-and-jewish-unity-937-january-25th-2019\/"},"wordCount":351,"publisher":{"@id":"https:\/\/paju.org\/fr\/#organization"},"image":{"@id":"https:\/\/paju.org\/fr\/paju-palestinian-and-jewish-unity-937-january-25th-2019\/#primaryimage"},"thumbnailUrl":"http:\/\/paju.org\/wp-content\/uploads\/2019\/01\/trudeau-netanyahu-final-815e6-300x157.png","articleSection":["Non classifi\u00e9(e)"],"inLanguage":"fr-FR"},{"@type":"WebPage","@id":"https:\/\/paju.org\/fr\/paju-palestinian-and-jewish-unity-937-january-25th-2019\/","url":"https:\/\/paju.org\/fr\/paju-palestinian-and-jewish-unity-937-january-25th-2019\/","name":"\u00ab END OF OCCUPATION! \u00bb No 937 - PAJU","isPartOf":{"@id":"https:\/\/paju.org\/fr\/#website"},"primaryImageOfPage":{"@id":"https:\/\/paju.org\/fr\/paju-palestinian-and-jewish-unity-937-january-25th-2019\/#primaryimage"},"image":{"@id":"https:\/\/paju.org\/fr\/paju-palestinian-and-jewish-unity-937-january-25th-2019\/#primaryimage"},"thumbnailUrl":"http:\/\/paju.org\/wp-content\/uploads\/2019\/01\/trudeau-netanyahu-final-815e6-300x157.png","datePublished":"2019-01-25T16:23:18+00:00","dateModified":"2019-02-21T18:59:05+00:00","breadcrumb":{"@id":"https:\/\/paju.org\/fr\/paju-palestinian-and-jewish-unity-937-january-25th-2019\/#breadcrumb"},"inLanguage":"fr-FR","potentialAction":[{"@type":"ReadAction","target":["https:\/\/paju.org\/fr\/paju-palestinian-and-jewish-unity-937-january-25th-2019\/"]}]},{"@type":"ImageObject","inLanguage":"fr-FR","@id":"https:\/\/paju.org\/fr\/paju-palestinian-and-jewish-unity-937-january-25th-2019\/#primaryimage","url":"http:\/\/paju.org\/wp-content\/uploads\/2019\/01\/trudeau-netanyahu-final-815e6-300x157.png","contentUrl":"http:\/\/paju.org\/wp-content\/uploads\/2019\/01\/trudeau-netanyahu-final-815e6-300x157.png"},{"@type":"BreadcrumbList","@id":"https:\/\/paju.org\/fr\/paju-palestinian-and-jewish-unity-937-january-25th-2019\/#breadcrumb","itemListElement":[{"@type":"ListItem","position":1,"name":"Home","item":"https:\/\/paju.org\/fr\/"},{"@type":"ListItem","position":2,"name":"\u00ab END OF OCCUPATION! \u00bb No 937"}]},{"@type":"WebSite","@id":"https:\/\/paju.org\/fr\/#website","url":"https:\/\/paju.org\/fr\/","name":"PAJU","description":"","publisher":{"@id":"https:\/\/paju.org\/fr\/#organization"},"potentialAction":[{"@type":"SearchAction","target":{"@type":"EntryPoint","urlTemplate":"https:\/\/paju.org\/fr\/?s={search_term_string}"},"query-input":{"@type":"PropertyValueSpecification","valueRequired":true,"valueName":"search_term_string"}}],"inLanguage":"fr-FR"},{"@type":"Organization","@id":"https:\/\/paju.org\/fr\/#organization","name":"Palestinian and Jewish Unity","url":"https:\/\/paju.org\/fr\/","logo":{"@type":"ImageObject","inLanguage":"fr-FR","@id":"https:\/\/paju.org\/fr\/#\/schema\/logo\/image\/","url":"https:\/\/paju.org\/wp-content\/uploads\/PAJU-Logo.png","contentUrl":"https:\/\/paju.org\/wp-content\/uploads\/PAJU-Logo.png","width":696,"height":293,"caption":"Palestinian and Jewish Unity"},"image":{"@id":"https:\/\/paju.org\/fr\/#\/schema\/logo\/image\/"},"sameAs":["https:\/\/www.facebook.com\/pajumontreal","https:\/\/www.instagram.com\/pajumontreal\/"]},{"@type":"Person","@id":"https:\/\/paju.org\/fr\/#\/schema\/person\/329c80ae8a3b11562a4f709eaa6ebfc6","name":"PAJU","image":{"@type":"ImageObject","inLanguage":"fr-FR","@id":"https:\/\/paju.org\/fr\/#\/schema\/person\/image\/","url":"https:\/\/secure.gravatar.com\/avatar\/add00ab44460a1b9b8dcff1854bb07dba0ac5e3135473daf39201d280ad20f18?s=96&d=mm&r=g","contentUrl":"https:\/\/secure.gravatar.com\/avatar\/add00ab44460a1b9b8dcff1854bb07dba0ac5e3135473daf39201d280ad20f18?s=96&d=mm&r=g","caption":"PAJU"},"url":"https:\/\/paju.org\/fr\/author\/chadi\/"}]}},"_links":{"self":[{"href":"https:\/\/paju.org\/fr\/wp-json\/wp\/v2\/posts\/127","targetHints":{"allow":["GET"]}}],"collection":[{"href":"https:\/\/paju.org\/fr\/wp-json\/wp\/v2\/posts"}],"about":[{"href":"https:\/\/paju.org\/fr\/wp-json\/wp\/v2\/types\/post"}],"author":[{"embeddable":true,"href":"https:\/\/paju.org\/fr\/wp-json\/wp\/v2\/users\/1"}],"replies":[{"embeddable":true,"href":"https:\/\/paju.org\/fr\/wp-json\/wp\/v2\/comments?post=127"}],"version-history":[{"count":5,"href":"https:\/\/paju.org\/fr\/wp-json\/wp\/v2\/posts\/127\/revisions"}],"predecessor-version":[{"id":1830,"href":"https:\/\/paju.org\/fr\/wp-json\/wp\/v2\/posts\/127\/revisions\/1830"}],"wp:attachment":[{"href":"https:\/\/paju.org\/fr\/wp-json\/wp\/v2\/media?parent=127"}],"wp:term":[{"taxonomy":"category","embeddable":true,"href":"https:\/\/paju.org\/fr\/wp-json\/wp\/v2\/categories?post=127"},{"taxonomy":"post_tag","embeddable":true,"href":"https:\/\/paju.org\/fr\/wp-json\/wp\/v2\/tags?post=127"}],"curies":[{"name":"wp","href":"https:\/\/api.w.org\/{rel}","templated":true}]}}